{"id":984,"date":"2021-08-31T09:53:12","date_gmt":"2021-08-31T14:53:12","guid":{"rendered":"https:\/\/www.bbmnoticias.com\/labravaradiofm\/?p=984"},"modified":"2021-08-31T09:53:14","modified_gmt":"2021-08-31T14:53:14","slug":"muere-una-persona-que-arrastro-el-rio-con-todo-y-su-vehiculo","status":"publish","type":"post","link":"https:\/\/www.bbmnoticias.com\/labravaradiofm\/2021\/08\/31\/muere-una-persona-que-arrastro-el-rio-con-todo-y-su-vehiculo\/","title":{"rendered":"Muere una persona que arrastr\u00f3 el r\u00edo con todo y su veh\u00edculo"},"content":{"rendered":"<div style=\"margin-top: 0px; margin-bottom: 0px;\" class=\"sharethis-inline-share-buttons\" ><\/div>\n<p>OAXACA, Oax. 31 de agosto de 2021.- Una persona muri\u00f3 cuando la corriente de un r\u00edo lo arrastr\u00f3 con todo y su veh\u00edculo en el Valle Central. <\/p>\n\n\n\n<p>Vecinos de San Lorenzo Cacaotepec reportaron que debido a las intensas lluvias, la fuerte corriente del r\u00edo San Lucas arrastr\u00f3 un veh\u00edculo cuando el conductor intentaba atravesarlo. <\/p>\n\n\n\n<p>Sin embargo, fueron arrastrados por varios metros sin que pudieran hacer algo para ayudar a esta persona. <\/p>\n\n\n\n<p>Elementos del cuerpo de Bomberos llegaron m\u00e1s tarde al paraje Loma Cuache para rescatar el cad\u00e1ver de esta persona de unos 40 a\u00f1os de edad aproximadamente de quien hasta el momento se desconoce su identidad.<\/p>\n","protected":false},"excerpt":{"rendered":"<p>OAXACA, Oax. 31 de agosto de 2021.- Una persona muri\u00f3 cuando la corriente de un r\u00edo lo arrastr\u00f3 con todo y su veh\u00edculo en el Valle Central. Vecinos de San Lorenzo Cacaotepec reportaron que debido a las intensas lluvias, la fuerte corriente del r\u00edo San Lucas arrastr\u00f3 un veh\u00edculo cuando el conductor intentaba atravesarlo. Sin [&hellip;]<\/p>\n","protected":false},"author":5,"featured_media":986,"comment_status":"closed","ping_status":"closed","sticky":false,"template":"","format":"standard","meta":{"footnotes":""},"categories":[20],"tags":[],"class_list":{"0":"post-984","1":"post","2":"type-post","3":"status-publish","4":"format-standard","5":"has-post-thumbnail","7":"category-policiaca"},"yoast_head":"<!-- This site is optimized with the Yoast SEO plugin v27.4 - https:\/\/yoast.com\/product\/yoast-seo-wordpress\/ -->\n<title>Muere una persona que arrastr\u00f3 el r\u00edo con todo y su veh\u00edculo - LA BRAVA RADIO<\/title>\n<meta name=\"robots\" content=\"index, follow, max-snippet:-1, max-image-preview:large, max-video-preview:-1\" \/>\n<link rel=\"canonical\" href=\"https:\/\/www.bbmnoticias.com\/labravaradiofm\/2021\/08\/31\/muere-una-persona-que-arrastro-el-rio-con-todo-y-su-vehiculo\/\" \/>\n<meta property=\"og:locale\" content=\"es_MX\" \/>\n<meta property=\"og:type\" content=\"article\" \/>\n<meta property=\"og:title\" content=\"Muere una persona que arrastr\u00f3 el r\u00edo con todo y su veh\u00edculo - LA BRAVA RADIO\" \/>\n<meta property=\"og:description\" content=\"OAXACA, Oax. 31 de agosto de 2021.- Una persona muri\u00f3 cuando la corriente de un r\u00edo lo arrastr\u00f3 con todo y su veh\u00edculo en el Valle Central. Vecinos de San Lorenzo Cacaotepec reportaron que debido a las intensas lluvias, la fuerte corriente del r\u00edo San Lucas arrastr\u00f3 un veh\u00edculo cuando el conductor intentaba atravesarlo. Sin [&hellip;]\" \/>\n<meta property=\"og:url\" content=\"https:\/\/www.bbmnoticias.com\/labravaradiofm\/2021\/08\/31\/muere-una-persona-que-arrastro-el-rio-con-todo-y-su-vehiculo\/\" \/>\n<meta property=\"og:site_name\" content=\"LA BRAVA RADIO\" \/>\n<meta property=\"article:published_time\" content=\"2021-08-31T14:53:12+00:00\" \/>\n<meta property=\"article:modified_time\" content=\"2021-08-31T14:53:14+00:00\" \/>\n<meta property=\"og:image\" content=\"https:\/\/www.bbmnoticias.com\/labravaradiofm\/wp-content\/uploads\/sites\/5\/2021\/08\/policiaca31082021-20.jpg\" \/>\n\t<meta property=\"og:image:width\" content=\"1160\" \/>\n\t<meta property=\"og:image:height\" content=\"700\" \/>\n\t<meta property=\"og:image:type\" content=\"image\/jpeg\" \/>\n<meta name=\"author\" content=\"Quadratin\" \/>\n<meta name=\"twitter:card\" content=\"summary_large_image\" \/>\n<meta name=\"twitter:label1\" content=\"Escrito por\" \/>\n\t<meta name=\"twitter:data1\" content=\"Quadratin\" \/>\n\t<meta name=\"twitter:label2\" content=\"Tiempo de lectura\" \/>\n\t<meta name=\"twitter:data2\" content=\"1 minuto\" \/>\n<script type=\"application\/ld+json\" class=\"yoast-schema-graph\">{\"@context\":\"https:\\\/\\\/schema.org\",\"@graph\":[{\"@type\":\"Article\",\"@id\":\"https:\\\/\\\/www.bbmnoticias.com\\\/labravaradiofm\\\/2021\\\/08\\\/31\\\/muere-una-persona-que-arrastro-el-rio-con-todo-y-su-vehiculo\\\/#article\",\"isPartOf\":{\"@id\":\"https:\\\/\\\/www.bbmnoticias.com\\\/labravaradiofm\\\/2021\\\/08\\\/31\\\/muere-una-persona-que-arrastro-el-rio-con-todo-y-su-vehiculo\\\/\"},\"author\":{\"name\":\"Quadratin\",\"@id\":\"https:\\\/\\\/www.bbmnoticias.com\\\/labravaradiofm\\\/#\\\/schema\\\/person\\\/c316b6f6c03640cce5d9482ba5a8e5c2\"},\"headline\":\"Muere una persona que arrastr\u00f3 el r\u00edo con todo y su veh\u00edculo\",\"datePublished\":\"2021-08-31T14:53:12+00:00\",\"dateModified\":\"2021-08-31T14:53:14+00:00\",\"mainEntityOfPage\":{\"@id\":\"https:\\\/\\\/www.bbmnoticias.com\\\/labravaradiofm\\\/2021\\\/08\\\/31\\\/muere-una-persona-que-arrastro-el-rio-con-todo-y-su-vehiculo\\\/\"},\"wordCount\":125,\"image\":{\"@id\":\"https:\\\/\\\/www.bbmnoticias.com\\\/labravaradiofm\\\/2021\\\/08\\\/31\\\/muere-una-persona-que-arrastro-el-rio-con-todo-y-su-vehiculo\\\/#primaryimage\"},\"thumbnailUrl\":\"https:\\\/\\\/www.bbmnoticias.com\\\/labravaradiofm\\\/wp-content\\\/uploads\\\/sites\\\/5\\\/2021\\\/08\\\/policiaca31082021-20.jpg\",\"articleSection\":[\"POLICIACA\"],\"inLanguage\":\"es\"},{\"@type\":\"WebPage\",\"@id\":\"https:\\\/\\\/www.bbmnoticias.com\\\/labravaradiofm\\\/2021\\\/08\\\/31\\\/muere-una-persona-que-arrastro-el-rio-con-todo-y-su-vehiculo\\\/\",\"url\":\"https:\\\/\\\/www.bbmnoticias.com\\\/labravaradiofm\\\/2021\\\/08\\\/31\\\/muere-una-persona-que-arrastro-el-rio-con-todo-y-su-vehiculo\\\/\",\"name\":\"Muere una persona que arrastr\u00f3 el r\u00edo con todo y su veh\u00edculo - LA BRAVA RADIO\",\"isPartOf\":{\"@id\":\"https:\\\/\\\/www.bbmnoticias.com\\\/labravaradiofm\\\/#website\"},\"primaryImageOfPage\":{\"@id\":\"https:\\\/\\\/www.bbmnoticias.com\\\/labravaradiofm\\\/2021\\\/08\\\/31\\\/muere-una-persona-que-arrastro-el-rio-con-todo-y-su-vehiculo\\\/#primaryimage\"},\"image\":{\"@id\":\"https:\\\/\\\/www.bbmnoticias.com\\\/labravaradiofm\\\/2021\\\/08\\\/31\\\/muere-una-persona-que-arrastro-el-rio-con-todo-y-su-vehiculo\\\/#primaryimage\"},\"thumbnailUrl\":\"https:\\\/\\\/www.bbmnoticias.com\\\/labravaradiofm\\\/wp-content\\\/uploads\\\/sites\\\/5\\\/2021\\\/08\\\/policiaca31082021-20.jpg\",\"datePublished\":\"2021-08-31T14:53:12+00:00\",\"dateModified\":\"2021-08-31T14:53:14+00:00\",\"author\":{\"@id\":\"https:\\\/\\\/www.bbmnoticias.com\\\/labravaradiofm\\\/#\\\/schema\\\/person\\\/c316b6f6c03640cce5d9482ba5a8e5c2\"},\"breadcrumb\":{\"@id\":\"https:\\\/\\\/www.bbmnoticias.com\\\/labravaradiofm\\\/2021\\\/08\\\/31\\\/muere-una-persona-que-arrastro-el-rio-con-todo-y-su-vehiculo\\\/#breadcrumb\"},\"inLanguage\":\"es\",\"potentialAction\":[{\"@type\":\"ReadAction\",\"target\":[\"https:\\\/\\\/www.bbmnoticias.com\\\/labravaradiofm\\\/2021\\\/08\\\/31\\\/muere-una-persona-que-arrastro-el-rio-con-todo-y-su-vehiculo\\\/\"]}]},{\"@type\":\"ImageObject\",\"inLanguage\":\"es\",\"@id\":\"https:\\\/\\\/www.bbmnoticias.com\\\/labravaradiofm\\\/2021\\\/08\\\/31\\\/muere-una-persona-que-arrastro-el-rio-con-todo-y-su-vehiculo\\\/#primaryimage\",\"url\":\"https:\\\/\\\/www.bbmnoticias.com\\\/labravaradiofm\\\/wp-content\\\/uploads\\\/sites\\\/5\\\/2021\\\/08\\\/policiaca31082021-20.jpg\",\"contentUrl\":\"https:\\\/\\\/www.bbmnoticias.com\\\/labravaradiofm\\\/wp-content\\\/uploads\\\/sites\\\/5\\\/2021\\\/08\\\/policiaca31082021-20.jpg\",\"width\":1160,\"height\":700},{\"@type\":\"BreadcrumbList\",\"@id\":\"https:\\\/\\\/www.bbmnoticias.com\\\/labravaradiofm\\\/2021\\\/08\\\/31\\\/muere-una-persona-que-arrastro-el-rio-con-todo-y-su-vehiculo\\\/#breadcrumb\",\"itemListElement\":[{\"@type\":\"ListItem\",\"position\":1,\"name\":\"Inicio\",\"item\":\"https:\\\/\\\/www.bbmnoticias.com\\\/labravaradiofm\\\/\"},{\"@type\":\"ListItem\",\"position\":2,\"name\":\"Muere una persona que arrastr\u00f3 el r\u00edo con todo y su veh\u00edculo\"}]},{\"@type\":\"WebSite\",\"@id\":\"https:\\\/\\\/www.bbmnoticias.com\\\/labravaradiofm\\\/#website\",\"url\":\"https:\\\/\\\/www.bbmnoticias.com\\\/labravaradiofm\\\/\",\"name\":\"LA BRAVA RADIO\",\"description\":\"Empresa productora de medios, Radiodifusi\u00f3n, Noticias, tendencias y todo lo que necesitas saber de la pol\u00edtica mexicana e internacional; entretenimiento, espect\u00e1culos, salud y mucho m\u00e1s.\",\"potentialAction\":[{\"@type\":\"SearchAction\",\"target\":{\"@type\":\"EntryPoint\",\"urlTemplate\":\"https:\\\/\\\/www.bbmnoticias.com\\\/labravaradiofm\\\/?s={search_term_string}\"},\"query-input\":{\"@type\":\"PropertyValueSpecification\",\"valueRequired\":true,\"valueName\":\"search_term_string\"}}],\"inLanguage\":\"es\"},{\"@type\":\"Person\",\"@id\":\"https:\\\/\\\/www.bbmnoticias.com\\\/labravaradiofm\\\/#\\\/schema\\\/person\\\/c316b6f6c03640cce5d9482ba5a8e5c2\",\"name\":\"Quadratin\",\"image\":{\"@type\":\"ImageObject\",\"inLanguage\":\"es\",\"@id\":\"https:\\\/\\\/secure.gravatar.com\\\/avatar\\\/34008d7d72488432d6a74f81e839efc9f754b118786ca32cf39d9d5508a68f63?s=96&d=mm&r=g\",\"url\":\"https:\\\/\\\/secure.gravatar.com\\\/avatar\\\/34008d7d72488432d6a74f81e839efc9f754b118786ca32cf39d9d5508a68f63?s=96&d=mm&r=g\",\"contentUrl\":\"https:\\\/\\\/secure.gravatar.com\\\/avatar\\\/34008d7d72488432d6a74f81e839efc9f754b118786ca32cf39d9d5508a68f63?s=96&d=mm&r=g\",\"caption\":\"Quadratin\"},\"url\":\"https:\\\/\\\/www.bbmnoticias.com\\\/labravaradiofm\\\/author\\\/quadratin\\\/\"}]}<\/script>\n<!-- \/ Yoast SEO plugin. -->","yoast_head_json":{"title":"Muere una persona que arrastr\u00f3 el r\u00edo con todo y su veh\u00edculo - LA BRAVA RADIO","robots":{"index":"index","follow":"follow","max-snippet":"max-snippet:-1","max-image-preview":"max-image-preview:large","max-video-preview":"max-video-preview:-1"},"canonical":"https:\/\/www.bbmnoticias.com\/labravaradiofm\/2021\/08\/31\/muere-una-persona-que-arrastro-el-rio-con-todo-y-su-vehiculo\/","og_locale":"es_MX","og_type":"article","og_title":"Muere una persona que arrastr\u00f3 el r\u00edo con todo y su veh\u00edculo - LA BRAVA RADIO","og_description":"OAXACA, Oax. 31 de agosto de 2021.- Una persona muri\u00f3 cuando la corriente de un r\u00edo lo arrastr\u00f3 con todo y su veh\u00edculo en el Valle Central. Vecinos de San Lorenzo Cacaotepec reportaron que debido a las intensas lluvias, la fuerte corriente del r\u00edo San Lucas arrastr\u00f3 un veh\u00edculo cuando el conductor intentaba atravesarlo. Sin [&hellip;]","og_url":"https:\/\/www.bbmnoticias.com\/labravaradiofm\/2021\/08\/31\/muere-una-persona-que-arrastro-el-rio-con-todo-y-su-vehiculo\/","og_site_name":"LA BRAVA RADIO","article_published_time":"2021-08-31T14:53:12+00:00","article_modified_time":"2021-08-31T14:53:14+00:00","og_image":[{"width":1160,"height":700,"url":"https:\/\/www.bbmnoticias.com\/labravaradiofm\/wp-content\/uploads\/sites\/5\/2021\/08\/policiaca31082021-20.jpg","type":"image\/jpeg"}],"author":"Quadratin","twitter_card":"summary_large_image","twitter_misc":{"Escrito por":"Quadratin","Tiempo de lectura":"1 minuto"},"schema":{"@context":"https:\/\/schema.org","@graph":[{"@type":"Article","@id":"https:\/\/www.bbmnoticias.com\/labravaradiofm\/2021\/08\/31\/muere-una-persona-que-arrastro-el-rio-con-todo-y-su-vehiculo\/#article","isPartOf":{"@id":"https:\/\/www.bbmnoticias.com\/labravaradiofm\/2021\/08\/31\/muere-una-persona-que-arrastro-el-rio-con-todo-y-su-vehiculo\/"},"author":{"name":"Quadratin","@id":"https:\/\/www.bbmnoticias.com\/labravaradiofm\/#\/schema\/person\/c316b6f6c03640cce5d9482ba5a8e5c2"},"headline":"Muere una persona que arrastr\u00f3 el r\u00edo con todo y su veh\u00edculo","datePublished":"2021-08-31T14:53:12+00:00","dateModified":"2021-08-31T14:53:14+00:00","mainEntityOfPage":{"@id":"https:\/\/www.bbmnoticias.com\/labravaradiofm\/2021\/08\/31\/muere-una-persona-que-arrastro-el-rio-con-todo-y-su-vehiculo\/"},"wordCount":125,"image":{"@id":"https:\/\/www.bbmnoticias.com\/labravaradiofm\/2021\/08\/31\/muere-una-persona-que-arrastro-el-rio-con-todo-y-su-vehiculo\/#primaryimage"},"thumbnailUrl":"https:\/\/www.bbmnoticias.com\/labravaradiofm\/wp-content\/uploads\/sites\/5\/2021\/08\/policiaca31082021-20.jpg","articleSection":["POLICIACA"],"inLanguage":"es"},{"@type":"WebPage","@id":"https:\/\/www.bbmnoticias.com\/labravaradiofm\/2021\/08\/31\/muere-una-persona-que-arrastro-el-rio-con-todo-y-su-vehiculo\/","url":"https:\/\/www.bbmnoticias.com\/labravaradiofm\/2021\/08\/31\/muere-una-persona-que-arrastro-el-rio-con-todo-y-su-vehiculo\/","name":"Muere una persona que arrastr\u00f3 el r\u00edo con todo y su veh\u00edculo - LA BRAVA RADIO","isPartOf":{"@id":"https:\/\/www.bbmnoticias.com\/labravaradiofm\/#website"},"primaryImageOfPage":{"@id":"https:\/\/www.bbmnoticias.com\/labravaradiofm\/2021\/08\/31\/muere-una-persona-que-arrastro-el-rio-con-todo-y-su-vehiculo\/#primaryimage"},"image":{"@id":"https:\/\/www.bbmnoticias.com\/labravaradiofm\/2021\/08\/31\/muere-una-persona-que-arrastro-el-rio-con-todo-y-su-vehiculo\/#primaryimage"},"thumbnailUrl":"https:\/\/www.bbmnoticias.com\/labravaradiofm\/wp-content\/uploads\/sites\/5\/2021\/08\/policiaca31082021-20.jpg","datePublished":"2021-08-31T14:53:12+00:00","dateModified":"2021-08-31T14:53:14+00:00","author":{"@id":"https:\/\/www.bbmnoticias.com\/labravaradiofm\/#\/schema\/person\/c316b6f6c03640cce5d9482ba5a8e5c2"},"breadcrumb":{"@id":"https:\/\/www.bbmnoticias.com\/labravaradiofm\/2021\/08\/31\/muere-una-persona-que-arrastro-el-rio-con-todo-y-su-vehiculo\/#breadcrumb"},"inLanguage":"es","potentialAction":[{"@type":"ReadAction","target":["https:\/\/www.bbmnoticias.com\/labravaradiofm\/2021\/08\/31\/muere-una-persona-que-arrastro-el-rio-con-todo-y-su-vehiculo\/"]}]},{"@type":"ImageObject","inLanguage":"es","@id":"https:\/\/www.bbmnoticias.com\/labravaradiofm\/2021\/08\/31\/muere-una-persona-que-arrastro-el-rio-con-todo-y-su-vehiculo\/#primaryimage","url":"https:\/\/www.bbmnoticias.com\/labravaradiofm\/wp-content\/uploads\/sites\/5\/2021\/08\/policiaca31082021-20.jpg","contentUrl":"https:\/\/www.bbmnoticias.com\/labravaradiofm\/wp-content\/uploads\/sites\/5\/2021\/08\/policiaca31082021-20.jpg","width":1160,"height":700},{"@type":"BreadcrumbList","@id":"https:\/\/www.bbmnoticias.com\/labravaradiofm\/2021\/08\/31\/muere-una-persona-que-arrastro-el-rio-con-todo-y-su-vehiculo\/#breadcrumb","itemListElement":[{"@type":"ListItem","position":1,"name":"Inicio","item":"https:\/\/www.bbmnoticias.com\/labravaradiofm\/"},{"@type":"ListItem","position":2,"name":"Muere una persona que arrastr\u00f3 el r\u00edo con todo y su veh\u00edculo"}]},{"@type":"WebSite","@id":"https:\/\/www.bbmnoticias.com\/labravaradiofm\/#website","url":"https:\/\/www.bbmnoticias.com\/labravaradiofm\/","name":"LA BRAVA RADIO","description":"Empresa productora de medios, Radiodifusi\u00f3n, Noticias, tendencias y todo lo que necesitas saber de la pol\u00edtica mexicana e internacional; entretenimiento, espect\u00e1culos, salud y mucho m\u00e1s.","potentialAction":[{"@type":"SearchAction","target":{"@type":"EntryPoint","urlTemplate":"https:\/\/www.bbmnoticias.com\/labravaradiofm\/?s={search_term_string}"},"query-input":{"@type":"PropertyValueSpecification","valueRequired":true,"valueName":"search_term_string"}}],"inLanguage":"es"},{"@type":"Person","@id":"https:\/\/www.bbmnoticias.com\/labravaradiofm\/#\/schema\/person\/c316b6f6c03640cce5d9482ba5a8e5c2","name":"Quadratin","image":{"@type":"ImageObject","inLanguage":"es","@id":"https:\/\/secure.gravatar.com\/avatar\/34008d7d72488432d6a74f81e839efc9f754b118786ca32cf39d9d5508a68f63?s=96&d=mm&r=g","url":"https:\/\/secure.gravatar.com\/avatar\/34008d7d72488432d6a74f81e839efc9f754b118786ca32cf39d9d5508a68f63?s=96&d=mm&r=g","contentUrl":"https:\/\/secure.gravatar.com\/avatar\/34008d7d72488432d6a74f81e839efc9f754b118786ca32cf39d9d5508a68f63?s=96&d=mm&r=g","caption":"Quadratin"},"url":"https:\/\/www.bbmnoticias.com\/labravaradiofm\/author\/quadratin\/"}]}},"_links":{"self":[{"href":"https:\/\/www.bbmnoticias.com\/labravaradiofm\/wp-json\/wp\/v2\/posts\/984","targetHints":{"allow":["GET"]}}],"collection":[{"href":"https:\/\/www.bbmnoticias.com\/labravaradiofm\/wp-json\/wp\/v2\/posts"}],"about":[{"href":"https:\/\/www.bbmnoticias.com\/labravaradiofm\/wp-json\/wp\/v2\/types\/post"}],"author":[{"embeddable":true,"href":"https:\/\/www.bbmnoticias.com\/labravaradiofm\/wp-json\/wp\/v2\/users\/5"}],"replies":[{"embeddable":true,"href":"https:\/\/www.bbmnoticias.com\/labravaradiofm\/wp-json\/wp\/v2\/comments?post=984"}],"version-history":[{"count":0,"href":"https:\/\/www.bbmnoticias.com\/labravaradiofm\/wp-json\/wp\/v2\/posts\/984\/revisions"}],"wp:featuredmedia":[{"embeddable":true,"href":"https:\/\/www.bbmnoticias.com\/labravaradiofm\/wp-json\/wp\/v2\/media\/986"}],"wp:attachment":[{"href":"https:\/\/www.bbmnoticias.com\/labravaradiofm\/wp-json\/wp\/v2\/media?parent=984"}],"wp:term":[{"taxonomy":"category","embeddable":true,"href":"https:\/\/www.bbmnoticias.com\/labravaradiofm\/wp-json\/wp\/v2\/categories?post=984"},{"taxonomy":"post_tag","embeddable":true,"href":"https:\/\/www.bbmnoticias.com\/labravaradiofm\/wp-json\/wp\/v2\/tags?post=984"}],"curies":[{"name":"wp","href":"https:\/\/api.w.org\/{rel}","templated":true}]}}