{"id":9455,"date":"2022-02-09T09:20:37","date_gmt":"2022-02-09T15:20:37","guid":{"rendered":"https:\/\/www.bbmnoticias.com\/labravaradiofm\/?p=9455"},"modified":"2022-02-09T09:20:38","modified_gmt":"2022-02-09T15:20:38","slug":"arrebatan-bastion-a-cjng-en-aguililla-arriban-militares-y-guardias-nacionales","status":"publish","type":"post","link":"https:\/\/www.bbmnoticias.com\/labravaradiofm\/2022\/02\/09\/arrebatan-bastion-a-cjng-en-aguililla-arriban-militares-y-guardias-nacionales\/","title":{"rendered":"Arrebatan basti\u00f3n a CJNG en Aguililla; arriban militares y guardias nacionales"},"content":{"rendered":"<div style=\"margin-top: 0px; margin-bottom: 0px;\" class=\"sharethis-inline-share-buttons\" ><\/div>\n<p>El Ej\u00e9rcito y la Guardia Nacional tomaron el control de la seguridad de este municipio, \u2014tierra del l\u00edder del C\u00e1rtel Jalisco Nueva Generaci\u00f3n (CJNG), Nemesio Oseguera Cervantes, <em>El Mencho<\/em>\u2014 la madrugada de ayer, luego de la inexistencia de polic\u00edas municipales.<\/p>\n\n\n\n<p>En esta demarcaci\u00f3n, el CJNG era considerado hegem\u00f3nico, y por tanto, un basti\u00f3n de ese grupo criminal,&nbsp; porque desde hace dos a\u00f1os controlaba las actividades delictivas, particularmente el narcotr\u00e1fico y la operaci\u00f3n ilegal de minas.<\/p>\n\n\n\n<p>Tambi\u00e9n en Aguililla nacieron los hermanos Gonz\u00e1lez Valencia, <em>Los Cuinis<\/em>, operadores financieros de la organizaci\u00f3n criminal, incluida Rosalinda Gonz\u00e1lez Valencia, esposa de <em>El Mencho<\/em>, quien est\u00e1 presa por la presunta complicidad en actividades ilegales ligadas al grupo delictivo encabezado por su marido.<\/p>\n\n\n\n<p>De acuerdo con habitantes consultados por este diario, los uniformados llegaron ayer a las 4:00 horas, hasta el cuartel militar instalado en la orilla del pueblo; una hora despu\u00e9s avanzaron en camionetas hasta la plaza principal, apoyados con dos helic\u00f3pteros de la Fuerza A\u00e9rea Mexicana.<\/p>\n\n\n\n<p>Las aeronaves oficiales recorrieron durante una hora todo el lugar, mientras que en m\u00e1s de 40 unidades guardias nacionales y militares patrullaban las calles. Lugare\u00f1os dijeron sentir un respiro tras vivir agobiados durante cuatro a\u00f1os por la acci\u00f3n del crimen organizado.<\/p>\n\n\n\n<p>Por su parte, Gilberto Vergara, p\u00e1rroco de Aguililla, ve el ingreso de las Fuerzas Armadas como un acto de autoridad.<\/p>\n\n\n\n<figure class=\"wp-block-pullquote\"><blockquote><p>\u201cEl gobierno puede entrar porque es donde debe estar, donde debe tomar control; es un lugar donde tiene jurisdicci\u00f3n, y si viene y est\u00e1 de manera equitativa, de una manera muy bien pensada, como parte de una estrategia para combatir los problemas que nos aquejan, bienvenidos\u201d.<\/p><\/blockquote><\/figure>\n\n\n\n<p>\u201cNo tenemos ninguna oposici\u00f3n contra las acciones que el gobierno federal o las Fuerzas Armadas dispongan para nuestra regi\u00f3n, al contrario, estamos buscando la manera en que se ayude a que los problemas que nos aquejan se resuelvan\u201d, abund\u00f3 Vergara, representante de la Iglesia cat\u00f3lica en el proceso de pacificaci\u00f3n en Tierra Caliente.<\/p>\n\n\n\n<p>Para el prelado, existe, sin embargo, el temor de que \u201cel gobierno entre y detr\u00e1s de s\u00ed deje las puertas abiertas para que despu\u00e9s otras personas entren y tomen control de una tierra que quede desprotegida, porque aqu\u00ed la lucha es entre los c\u00e1rteles\u201d.<\/p>\n\n\n\n<p>Lo anterior, debido a que en otra ocasi\u00f3n arribaron autoridades y tras retirarse llegaron grupos criminales a disputar la zona.<\/p>\n\n\n\n<p>Con la llegada del contingente castrense tambi\u00e9n se disolvi\u00f3 el plant\u00f3n que durante meses mantuvieron hombres y mujeres frente al cuartel militar. La ciudan\u00eda considera innecesario el movimiento ante el arribo numeroso de fuerzas federales.<\/p>\n\n\n\n<p>Entre 2018 y 2020, Aguililla estuvo sometida por integrantes del grupo delictivo Los Viagra, el cual fue se\u00f1alado por secuestrar, extorsionar y controlar todas las actividades delictivas, sin pasar por alto homicidios contra quienes se opusieran a las reglas impuestas por esa c\u00e9lula criminal.<\/p>\n\n\n\n<p>A mediados de 2020, Los Viagra fueron expulsados por c\u00e9lulas del CJNG; \u00e9stos \u00faltimos convirtieron a Aguililla en un basti\u00f3n; y durante m\u00e1s de a\u00f1o y medio los aguilillenses vivieron la peor crisis de inseguridad, porque ambos grupos rivales dejaron a la poblaci\u00f3n en medio de su guerra.<\/p>\n\n\n\n<p>Aguililla estuvo incomunicado durante m\u00e1s de un a\u00f1o; aproximadamente 2 mil familias abandonaron el municipio y huyeron a la frontera norte para solicitar asilo pol\u00edtico al gobierno estadunidense.<\/p>\n\n\n\n<p>La madrugada de ayer, el Ej\u00e9rcito y la Guardia Nacional arrebataron su basti\u00f3n al CJNG; los militares tripulan veh\u00edculos blindados y artillados; llegaron a trav\u00e9s de brechas, caminos y carreteras donde ejerc\u00eda su control el crimen organizado.<\/p>\n\n\n\n<p><strong>El dato<\/strong><\/p>\n\n\n\n<h3 class=\"wp-block-heading\" id=\"cuna-de-el-mencho\"><strong>Cuna de <\/strong><strong><em>El Mencho<\/em><\/strong><\/h3>\n\n\n\n<ul class=\"wp-block-list\"><li>Nemesio Rub\u00e9n Oseguera Cervantes, alias<em> El Mencho<\/em>, naci\u00f3 en Aguililla, Michoac\u00e1n, 17 de julio de 1966.<\/li><li>Rosalinda Gonz\u00e1lez Valencia, esposa de <em>El Mencho<\/em>, tambi\u00e9n es originaria de ese lugar.<\/li><\/ul>\n","protected":false},"excerpt":{"rendered":"<p>El Ej\u00e9rcito y la Guardia Nacional tomaron el control de la seguridad de este municipio, \u2014tierra del l\u00edder del C\u00e1rtel Jalisco Nueva Generaci\u00f3n (CJNG), Nemesio Oseguera Cervantes, El Mencho\u2014 la madrugada de ayer, luego de la inexistencia de polic\u00edas municipales. En esta demarcaci\u00f3n, el CJNG era considerado hegem\u00f3nico, y por tanto, un basti\u00f3n de ese [&hellip;]<\/p>\n","protected":false},"author":8,"featured_media":9456,"comment_status":"closed","ping_status":"closed","sticky":false,"template":"","format":"standard","meta":{"footnotes":""},"categories":[2],"tags":[],"class_list":{"0":"post-9455","1":"post","2":"type-post","3":"status-publish","4":"format-standard","5":"has-post-thumbnail","7":"category-oaxaca"},"yoast_head":"<!-- This site is optimized with the Yoast SEO plugin v27.4 - https:\/\/yoast.com\/product\/yoast-seo-wordpress\/ -->\n<title>Arrebatan basti\u00f3n a CJNG en Aguililla; arriban militares y guardias nacionales - LA BRAVA RADIO<\/title>\n<meta name=\"robots\" content=\"index, follow, max-snippet:-1, max-image-preview:large, max-video-preview:-1\" \/>\n<link rel=\"canonical\" href=\"https:\/\/www.bbmnoticias.com\/labravaradiofm\/2022\/02\/09\/arrebatan-bastion-a-cjng-en-aguililla-arriban-militares-y-guardias-nacionales\/\" \/>\n<meta property=\"og:locale\" content=\"es_MX\" \/>\n<meta property=\"og:type\" content=\"article\" \/>\n<meta property=\"og:title\" content=\"Arrebatan basti\u00f3n a CJNG en Aguililla; arriban militares y guardias nacionales - LA BRAVA RADIO\" \/>\n<meta property=\"og:description\" content=\"El Ej\u00e9rcito y la Guardia Nacional tomaron el control de la seguridad de este municipio, \u2014tierra del l\u00edder del C\u00e1rtel Jalisco Nueva Generaci\u00f3n (CJNG), Nemesio Oseguera Cervantes, El Mencho\u2014 la madrugada de ayer, luego de la inexistencia de polic\u00edas municipales. En esta demarcaci\u00f3n, el CJNG era considerado hegem\u00f3nico, y por tanto, un basti\u00f3n de ese [&hellip;]\" \/>\n<meta property=\"og:url\" content=\"https:\/\/www.bbmnoticias.com\/labravaradiofm\/2022\/02\/09\/arrebatan-bastion-a-cjng-en-aguililla-arriban-militares-y-guardias-nacionales\/\" \/>\n<meta property=\"og:site_name\" content=\"LA BRAVA RADIO\" \/>\n<meta property=\"article:published_time\" content=\"2022-02-09T15:20:37+00:00\" \/>\n<meta property=\"article:modified_time\" content=\"2022-02-09T15:20:38+00:00\" \/>\n<meta property=\"og:image\" content=\"https:\/\/www.bbmnoticias.com\/labravaradiofm\/wp-content\/uploads\/sites\/5\/2022\/02\/aguililla.jpg\" \/>\n\t<meta property=\"og:image:width\" content=\"800\" \/>\n\t<meta property=\"og:image:height\" content=\"600\" \/>\n\t<meta property=\"og:image:type\" content=\"image\/jpeg\" \/>\n<meta name=\"author\" content=\"Exc\u00e9lsior\" \/>\n<meta name=\"twitter:card\" content=\"summary_large_image\" \/>\n<meta name=\"twitter:label1\" content=\"Escrito por\" \/>\n\t<meta name=\"twitter:data1\" content=\"Exc\u00e9lsior\" \/>\n\t<meta name=\"twitter:label2\" content=\"Tiempo de lectura\" \/>\n\t<meta name=\"twitter:data2\" content=\"3 minutos\" \/>\n<script type=\"application\/ld+json\" class=\"yoast-schema-graph\">{\"@context\":\"https:\\\/\\\/schema.org\",\"@graph\":[{\"@type\":\"Article\",\"@id\":\"https:\\\/\\\/www.bbmnoticias.com\\\/labravaradiofm\\\/2022\\\/02\\\/09\\\/arrebatan-bastion-a-cjng-en-aguililla-arriban-militares-y-guardias-nacionales\\\/#article\",\"isPartOf\":{\"@id\":\"https:\\\/\\\/www.bbmnoticias.com\\\/labravaradiofm\\\/2022\\\/02\\\/09\\\/arrebatan-bastion-a-cjng-en-aguililla-arriban-militares-y-guardias-nacionales\\\/\"},\"author\":{\"name\":\"Exc\u00e9lsior\",\"@id\":\"https:\\\/\\\/www.bbmnoticias.com\\\/labravaradiofm\\\/#\\\/schema\\\/person\\\/279575048ab2ce30543ef887b4b9095f\"},\"headline\":\"Arrebatan basti\u00f3n a CJNG en Aguililla; arriban militares y guardias nacionales\",\"datePublished\":\"2022-02-09T15:20:37+00:00\",\"dateModified\":\"2022-02-09T15:20:38+00:00\",\"mainEntityOfPage\":{\"@id\":\"https:\\\/\\\/www.bbmnoticias.com\\\/labravaradiofm\\\/2022\\\/02\\\/09\\\/arrebatan-bastion-a-cjng-en-aguililla-arriban-militares-y-guardias-nacionales\\\/\"},\"wordCount\":672,\"image\":{\"@id\":\"https:\\\/\\\/www.bbmnoticias.com\\\/labravaradiofm\\\/2022\\\/02\\\/09\\\/arrebatan-bastion-a-cjng-en-aguililla-arriban-militares-y-guardias-nacionales\\\/#primaryimage\"},\"thumbnailUrl\":\"https:\\\/\\\/www.bbmnoticias.com\\\/labravaradiofm\\\/wp-content\\\/uploads\\\/sites\\\/5\\\/2022\\\/02\\\/aguililla.jpg\",\"articleSection\":[\"LOCAL\"],\"inLanguage\":\"es\"},{\"@type\":\"WebPage\",\"@id\":\"https:\\\/\\\/www.bbmnoticias.com\\\/labravaradiofm\\\/2022\\\/02\\\/09\\\/arrebatan-bastion-a-cjng-en-aguililla-arriban-militares-y-guardias-nacionales\\\/\",\"url\":\"https:\\\/\\\/www.bbmnoticias.com\\\/labravaradiofm\\\/2022\\\/02\\\/09\\\/arrebatan-bastion-a-cjng-en-aguililla-arriban-militares-y-guardias-nacionales\\\/\",\"name\":\"Arrebatan basti\u00f3n a CJNG en Aguililla; arriban militares y guardias nacionales - LA BRAVA RADIO\",\"isPartOf\":{\"@id\":\"https:\\\/\\\/www.bbmnoticias.com\\\/labravaradiofm\\\/#website\"},\"primaryImageOfPage\":{\"@id\":\"https:\\\/\\\/www.bbmnoticias.com\\\/labravaradiofm\\\/2022\\\/02\\\/09\\\/arrebatan-bastion-a-cjng-en-aguililla-arriban-militares-y-guardias-nacionales\\\/#primaryimage\"},\"image\":{\"@id\":\"https:\\\/\\\/www.bbmnoticias.com\\\/labravaradiofm\\\/2022\\\/02\\\/09\\\/arrebatan-bastion-a-cjng-en-aguililla-arriban-militares-y-guardias-nacionales\\\/#primaryimage\"},\"thumbnailUrl\":\"https:\\\/\\\/www.bbmnoticias.com\\\/labravaradiofm\\\/wp-content\\\/uploads\\\/sites\\\/5\\\/2022\\\/02\\\/aguililla.jpg\",\"datePublished\":\"2022-02-09T15:20:37+00:00\",\"dateModified\":\"2022-02-09T15:20:38+00:00\",\"author\":{\"@id\":\"https:\\\/\\\/www.bbmnoticias.com\\\/labravaradiofm\\\/#\\\/schema\\\/person\\\/279575048ab2ce30543ef887b4b9095f\"},\"breadcrumb\":{\"@id\":\"https:\\\/\\\/www.bbmnoticias.com\\\/labravaradiofm\\\/2022\\\/02\\\/09\\\/arrebatan-bastion-a-cjng-en-aguililla-arriban-militares-y-guardias-nacionales\\\/#breadcrumb\"},\"inLanguage\":\"es\",\"potentialAction\":[{\"@type\":\"ReadAction\",\"target\":[\"https:\\\/\\\/www.bbmnoticias.com\\\/labravaradiofm\\\/2022\\\/02\\\/09\\\/arrebatan-bastion-a-cjng-en-aguililla-arriban-militares-y-guardias-nacionales\\\/\"]}]},{\"@type\":\"ImageObject\",\"inLanguage\":\"es\",\"@id\":\"https:\\\/\\\/www.bbmnoticias.com\\\/labravaradiofm\\\/2022\\\/02\\\/09\\\/arrebatan-bastion-a-cjng-en-aguililla-arriban-militares-y-guardias-nacionales\\\/#primaryimage\",\"url\":\"https:\\\/\\\/www.bbmnoticias.com\\\/labravaradiofm\\\/wp-content\\\/uploads\\\/sites\\\/5\\\/2022\\\/02\\\/aguililla.jpg\",\"contentUrl\":\"https:\\\/\\\/www.bbmnoticias.com\\\/labravaradiofm\\\/wp-content\\\/uploads\\\/sites\\\/5\\\/2022\\\/02\\\/aguililla.jpg\",\"width\":800,\"height\":600},{\"@type\":\"BreadcrumbList\",\"@id\":\"https:\\\/\\\/www.bbmnoticias.com\\\/labravaradiofm\\\/2022\\\/02\\\/09\\\/arrebatan-bastion-a-cjng-en-aguililla-arriban-militares-y-guardias-nacionales\\\/#breadcrumb\",\"itemListElement\":[{\"@type\":\"ListItem\",\"position\":1,\"name\":\"Inicio\",\"item\":\"https:\\\/\\\/www.bbmnoticias.com\\\/labravaradiofm\\\/\"},{\"@type\":\"ListItem\",\"position\":2,\"name\":\"Arrebatan basti\u00f3n a CJNG en Aguililla; arriban militares y guardias nacionales\"}]},{\"@type\":\"WebSite\",\"@id\":\"https:\\\/\\\/www.bbmnoticias.com\\\/labravaradiofm\\\/#website\",\"url\":\"https:\\\/\\\/www.bbmnoticias.com\\\/labravaradiofm\\\/\",\"name\":\"LA BRAVA RADIO\",\"description\":\"Empresa productora de medios, Radiodifusi\u00f3n, Noticias, tendencias y todo lo que necesitas saber de la pol\u00edtica mexicana e internacional; entretenimiento, espect\u00e1culos, salud y mucho m\u00e1s.\",\"potentialAction\":[{\"@type\":\"SearchAction\",\"target\":{\"@type\":\"EntryPoint\",\"urlTemplate\":\"https:\\\/\\\/www.bbmnoticias.com\\\/labravaradiofm\\\/?s={search_term_string}\"},\"query-input\":{\"@type\":\"PropertyValueSpecification\",\"valueRequired\":true,\"valueName\":\"search_term_string\"}}],\"inLanguage\":\"es\"},{\"@type\":\"Person\",\"@id\":\"https:\\\/\\\/www.bbmnoticias.com\\\/labravaradiofm\\\/#\\\/schema\\\/person\\\/279575048ab2ce30543ef887b4b9095f\",\"name\":\"Exc\u00e9lsior\",\"image\":{\"@type\":\"ImageObject\",\"inLanguage\":\"es\",\"@id\":\"https:\\\/\\\/secure.gravatar.com\\\/avatar\\\/497265c4dbe1cd0e2f3f1b19aba0f5779c7f95d09e139a5b83c1ecd47b4e780d?s=96&d=mm&r=g\",\"url\":\"https:\\\/\\\/secure.gravatar.com\\\/avatar\\\/497265c4dbe1cd0e2f3f1b19aba0f5779c7f95d09e139a5b83c1ecd47b4e780d?s=96&d=mm&r=g\",\"contentUrl\":\"https:\\\/\\\/secure.gravatar.com\\\/avatar\\\/497265c4dbe1cd0e2f3f1b19aba0f5779c7f95d09e139a5b83c1ecd47b4e780d?s=96&d=mm&r=g\",\"caption\":\"Exc\u00e9lsior\"},\"url\":\"https:\\\/\\\/www.bbmnoticias.com\\\/labravaradiofm\\\/author\\\/excelsior\\\/\"}]}<\/script>\n<!-- \/ Yoast SEO plugin. -->","yoast_head_json":{"title":"Arrebatan basti\u00f3n a CJNG en Aguililla; arriban militares y guardias nacionales - LA BRAVA RADIO","robots":{"index":"index","follow":"follow","max-snippet":"max-snippet:-1","max-image-preview":"max-image-preview:large","max-video-preview":"max-video-preview:-1"},"canonical":"https:\/\/www.bbmnoticias.com\/labravaradiofm\/2022\/02\/09\/arrebatan-bastion-a-cjng-en-aguililla-arriban-militares-y-guardias-nacionales\/","og_locale":"es_MX","og_type":"article","og_title":"Arrebatan basti\u00f3n a CJNG en Aguililla; arriban militares y guardias nacionales - LA BRAVA RADIO","og_description":"El Ej\u00e9rcito y la Guardia Nacional tomaron el control de la seguridad de este municipio, \u2014tierra del l\u00edder del C\u00e1rtel Jalisco Nueva Generaci\u00f3n (CJNG), Nemesio Oseguera Cervantes, El Mencho\u2014 la madrugada de ayer, luego de la inexistencia de polic\u00edas municipales. En esta demarcaci\u00f3n, el CJNG era considerado hegem\u00f3nico, y por tanto, un basti\u00f3n de ese [&hellip;]","og_url":"https:\/\/www.bbmnoticias.com\/labravaradiofm\/2022\/02\/09\/arrebatan-bastion-a-cjng-en-aguililla-arriban-militares-y-guardias-nacionales\/","og_site_name":"LA BRAVA RADIO","article_published_time":"2022-02-09T15:20:37+00:00","article_modified_time":"2022-02-09T15:20:38+00:00","og_image":[{"width":800,"height":600,"url":"https:\/\/www.bbmnoticias.com\/labravaradiofm\/wp-content\/uploads\/sites\/5\/2022\/02\/aguililla.jpg","type":"image\/jpeg"}],"author":"Exc\u00e9lsior","twitter_card":"summary_large_image","twitter_misc":{"Escrito por":"Exc\u00e9lsior","Tiempo de lectura":"3 minutos"},"schema":{"@context":"https:\/\/schema.org","@graph":[{"@type":"Article","@id":"https:\/\/www.bbmnoticias.com\/labravaradiofm\/2022\/02\/09\/arrebatan-bastion-a-cjng-en-aguililla-arriban-militares-y-guardias-nacionales\/#article","isPartOf":{"@id":"https:\/\/www.bbmnoticias.com\/labravaradiofm\/2022\/02\/09\/arrebatan-bastion-a-cjng-en-aguililla-arriban-militares-y-guardias-nacionales\/"},"author":{"name":"Exc\u00e9lsior","@id":"https:\/\/www.bbmnoticias.com\/labravaradiofm\/#\/schema\/person\/279575048ab2ce30543ef887b4b9095f"},"headline":"Arrebatan basti\u00f3n a CJNG en Aguililla; arriban militares y guardias nacionales","datePublished":"2022-02-09T15:20:37+00:00","dateModified":"2022-02-09T15:20:38+00:00","mainEntityOfPage":{"@id":"https:\/\/www.bbmnoticias.com\/labravaradiofm\/2022\/02\/09\/arrebatan-bastion-a-cjng-en-aguililla-arriban-militares-y-guardias-nacionales\/"},"wordCount":672,"image":{"@id":"https:\/\/www.bbmnoticias.com\/labravaradiofm\/2022\/02\/09\/arrebatan-bastion-a-cjng-en-aguililla-arriban-militares-y-guardias-nacionales\/#primaryimage"},"thumbnailUrl":"https:\/\/www.bbmnoticias.com\/labravaradiofm\/wp-content\/uploads\/sites\/5\/2022\/02\/aguililla.jpg","articleSection":["LOCAL"],"inLanguage":"es"},{"@type":"WebPage","@id":"https:\/\/www.bbmnoticias.com\/labravaradiofm\/2022\/02\/09\/arrebatan-bastion-a-cjng-en-aguililla-arriban-militares-y-guardias-nacionales\/","url":"https:\/\/www.bbmnoticias.com\/labravaradiofm\/2022\/02\/09\/arrebatan-bastion-a-cjng-en-aguililla-arriban-militares-y-guardias-nacionales\/","name":"Arrebatan basti\u00f3n a CJNG en Aguililla; arriban militares y guardias nacionales - LA BRAVA RADIO","isPartOf":{"@id":"https:\/\/www.bbmnoticias.com\/labravaradiofm\/#website"},"primaryImageOfPage":{"@id":"https:\/\/www.bbmnoticias.com\/labravaradiofm\/2022\/02\/09\/arrebatan-bastion-a-cjng-en-aguililla-arriban-militares-y-guardias-nacionales\/#primaryimage"},"image":{"@id":"https:\/\/www.bbmnoticias.com\/labravaradiofm\/2022\/02\/09\/arrebatan-bastion-a-cjng-en-aguililla-arriban-militares-y-guardias-nacionales\/#primaryimage"},"thumbnailUrl":"https:\/\/www.bbmnoticias.com\/labravaradiofm\/wp-content\/uploads\/sites\/5\/2022\/02\/aguililla.jpg","datePublished":"2022-02-09T15:20:37+00:00","dateModified":"2022-02-09T15:20:38+00:00","author":{"@id":"https:\/\/www.bbmnoticias.com\/labravaradiofm\/#\/schema\/person\/279575048ab2ce30543ef887b4b9095f"},"breadcrumb":{"@id":"https:\/\/www.bbmnoticias.com\/labravaradiofm\/2022\/02\/09\/arrebatan-bastion-a-cjng-en-aguililla-arriban-militares-y-guardias-nacionales\/#breadcrumb"},"inLanguage":"es","potentialAction":[{"@type":"ReadAction","target":["https:\/\/www.bbmnoticias.com\/labravaradiofm\/2022\/02\/09\/arrebatan-bastion-a-cjng-en-aguililla-arriban-militares-y-guardias-nacionales\/"]}]},{"@type":"ImageObject","inLanguage":"es","@id":"https:\/\/www.bbmnoticias.com\/labravaradiofm\/2022\/02\/09\/arrebatan-bastion-a-cjng-en-aguililla-arriban-militares-y-guardias-nacionales\/#primaryimage","url":"https:\/\/www.bbmnoticias.com\/labravaradiofm\/wp-content\/uploads\/sites\/5\/2022\/02\/aguililla.jpg","contentUrl":"https:\/\/www.bbmnoticias.com\/labravaradiofm\/wp-content\/uploads\/sites\/5\/2022\/02\/aguililla.jpg","width":800,"height":600},{"@type":"BreadcrumbList","@id":"https:\/\/www.bbmnoticias.com\/labravaradiofm\/2022\/02\/09\/arrebatan-bastion-a-cjng-en-aguililla-arriban-militares-y-guardias-nacionales\/#breadcrumb","itemListElement":[{"@type":"ListItem","position":1,"name":"Inicio","item":"https:\/\/www.bbmnoticias.com\/labravaradiofm\/"},{"@type":"ListItem","position":2,"name":"Arrebatan basti\u00f3n a CJNG en Aguililla; arriban militares y guardias nacionales"}]},{"@type":"WebSite","@id":"https:\/\/www.bbmnoticias.com\/labravaradiofm\/#website","url":"https:\/\/www.bbmnoticias.com\/labravaradiofm\/","name":"LA BRAVA RADIO","description":"Empresa productora de medios, Radiodifusi\u00f3n, Noticias, tendencias y todo lo que necesitas saber de la pol\u00edtica mexicana e internacional; entretenimiento, espect\u00e1culos, salud y mucho m\u00e1s.","potentialAction":[{"@type":"SearchAction","target":{"@type":"EntryPoint","urlTemplate":"https:\/\/www.bbmnoticias.com\/labravaradiofm\/?s={search_term_string}"},"query-input":{"@type":"PropertyValueSpecification","valueRequired":true,"valueName":"search_term_string"}}],"inLanguage":"es"},{"@type":"Person","@id":"https:\/\/www.bbmnoticias.com\/labravaradiofm\/#\/schema\/person\/279575048ab2ce30543ef887b4b9095f","name":"Exc\u00e9lsior","image":{"@type":"ImageObject","inLanguage":"es","@id":"https:\/\/secure.gravatar.com\/avatar\/497265c4dbe1cd0e2f3f1b19aba0f5779c7f95d09e139a5b83c1ecd47b4e780d?s=96&d=mm&r=g","url":"https:\/\/secure.gravatar.com\/avatar\/497265c4dbe1cd0e2f3f1b19aba0f5779c7f95d09e139a5b83c1ecd47b4e780d?s=96&d=mm&r=g","contentUrl":"https:\/\/secure.gravatar.com\/avatar\/497265c4dbe1cd0e2f3f1b19aba0f5779c7f95d09e139a5b83c1ecd47b4e780d?s=96&d=mm&r=g","caption":"Exc\u00e9lsior"},"url":"https:\/\/www.bbmnoticias.com\/labravaradiofm\/author\/excelsior\/"}]}},"_links":{"self":[{"href":"https:\/\/www.bbmnoticias.com\/labravaradiofm\/wp-json\/wp\/v2\/posts\/9455","targetHints":{"allow":["GET"]}}],"collection":[{"href":"https:\/\/www.bbmnoticias.com\/labravaradiofm\/wp-json\/wp\/v2\/posts"}],"about":[{"href":"https:\/\/www.bbmnoticias.com\/labravaradiofm\/wp-json\/wp\/v2\/types\/post"}],"author":[{"embeddable":true,"href":"https:\/\/www.bbmnoticias.com\/labravaradiofm\/wp-json\/wp\/v2\/users\/8"}],"replies":[{"embeddable":true,"href":"https:\/\/www.bbmnoticias.com\/labravaradiofm\/wp-json\/wp\/v2\/comments?post=9455"}],"version-history":[{"count":0,"href":"https:\/\/www.bbmnoticias.com\/labravaradiofm\/wp-json\/wp\/v2\/posts\/9455\/revisions"}],"wp:featuredmedia":[{"embeddable":true,"href":"https:\/\/www.bbmnoticias.com\/labravaradiofm\/wp-json\/wp\/v2\/media\/9456"}],"wp:attachment":[{"href":"https:\/\/www.bbmnoticias.com\/labravaradiofm\/wp-json\/wp\/v2\/media?parent=9455"}],"wp:term":[{"taxonomy":"category","embeddable":true,"href":"https:\/\/www.bbmnoticias.com\/labravaradiofm\/wp-json\/wp\/v2\/categories?post=9455"},{"taxonomy":"post_tag","embeddable":true,"href":"https:\/\/www.bbmnoticias.com\/labravaradiofm\/wp-json\/wp\/v2\/tags?post=9455"}],"curies":[{"name":"wp","href":"https:\/\/api.w.org\/{rel}","templated":true}]}}