{"id":9452,"date":"2022-02-09T09:12:02","date_gmt":"2022-02-09T15:12:02","guid":{"rendered":"https:\/\/www.bbmnoticias.com\/labravaradiofm\/?p=9452"},"modified":"2022-02-09T09:12:04","modified_gmt":"2022-02-09T15:12:04","slug":"cuesta-de-enero-2022-a-tasa-anual-la-mas-elevada-en-21-anos-inegi","status":"publish","type":"post","link":"https:\/\/www.bbmnoticias.com\/labravaradiofm\/2022\/02\/09\/cuesta-de-enero-2022-a-tasa-anual-la-mas-elevada-en-21-anos-inegi\/","title":{"rendered":"Cuesta de enero 2022, a tasa anual la m\u00e1s elevada en 21 a\u00f1os: Inegi"},"content":{"rendered":"<div style=\"margin-top: 0px; margin-bottom: 0px;\" class=\"sharethis-inline-share-buttons\" ><\/div>\n<p>La <strong>inflaci\u00f3n <\/strong>en el primer mes del a\u00f1o <strong>registr\u00f3 su increment\u00f3 anual m\u00e1s elevado para dicho periodo en 21 a\u00f1os<\/strong>, impulsada por el alza en los precios de productos alimenticios como el lim\u00f3n, cebolla, aguacate y carne de res; adem\u00e1s de <strong>energ\u00e9ticos <\/strong>como el gas dom\u00e9stico natural y las gasolinas, entre otros bienes.\u00a0<\/p>\n\n\n\n<p>El<strong> \u00cdndice Nacional de Precios al Consumidor<\/strong> registr\u00f3 un alza de 0.59% en enero de 2022 respecto al mes inmediato anterior, as\u00ed como una <strong>inflaci\u00f3n <\/strong>anual de 7.07%, la cifra m\u00e1s alta para el primer mes del a\u00f1o desde enero de 2001, cuando registr\u00f3 una tasa de 8.11%, de acuerdo con los datos publicados por el <strong>Inegi<\/strong>.\u00a0<\/p>\n\n\n\n<p>Entre las<strong> frutas y verduras cuyos precios <\/strong>reportaron las mayores alzas en enero pasado, destacan: el lim\u00f3n con un incremento anual de 182.7%; la cebolla, 71.95%; aguacate, 61.78%; y la calabacita, 31.75%. Otros productos agropecuarios con aumentos importantes son: la carne de res con un aumento anual de 16.68%; camar\u00f3n, 13.77%; otros mariscos, 14.50%; carne de cerdo, 13.09%; y el pollo, 10.48%.\u00a0<\/p>\n\n\n\n<p>En el grupo de energ\u00e9ticos, los bienes cuyos <strong>precios que reportaron los mayores incrementos<\/strong> en el primer mes del a\u00f1o se encuentran: el gas dom\u00e9stico natural con un alza de 27.59% respecto al mismo periodo del a\u00f1o anterior; as\u00ed como las gasolinas de alto y bajo octanaje con aumentos de 17.37% y 9.27% respectivamente.&nbsp;<\/p>\n\n\n\n<p>En t\u00e9rminos de mercanc\u00edas, las que registraron los mayores aumentos en sus precios fueron: productos para reparaci\u00f3n menor de la vivienda con un incremento anual de 16.42%; harina de trigo, 15.15%; y pan dulce, 12.38%. Por el lado de los servicios destacan: loncher\u00edas, fondas, torter\u00edas y taquer\u00edas con un alza de 9.32%, as\u00ed como restaurantes y similares, 7.59%.<\/p>\n\n\n\n<p>El \u00edndice de precios subyacente, que incluye los bienes y servicios cuyos precios son menos vol\u00e1tiles, present\u00f3 un aumento mensual de 0.62% y anual de 6.21%. Por su parte, el \u00edndice de precios no subyacente avanz\u00f3 0.52% mensual y 9.68% anual.\u00a0<\/p>\n\n\n\n<p>El<strong> \u00edndice de precios de la canasta de consumo m\u00ednimo <\/strong>que incluye 176 productos y servicios b\u00e1sicos para una persona present\u00f3 un aumento de 0.76% mensual en enero de 2022 y de 7.67% anual, la mayor para el primer mes del a\u00f1o desde 2020, desde que inici\u00f3 su registro para dicho lapso.<\/p>\n","protected":false},"excerpt":{"rendered":"<p>La inflaci\u00f3n en el primer mes del a\u00f1o registr\u00f3 su increment\u00f3 anual m\u00e1s elevado para dicho periodo en 21 a\u00f1os, impulsada por el alza en los precios de productos alimenticios como el lim\u00f3n, cebolla, aguacate y carne de res; adem\u00e1s de energ\u00e9ticos como el gas dom\u00e9stico natural y las gasolinas, entre otros bienes.\u00a0 El \u00cdndice [&hellip;]<\/p>\n","protected":false},"author":10,"featured_media":9453,"comment_status":"closed","ping_status":"closed","sticky":false,"template":"","format":"standard","meta":{"footnotes":""},"categories":[19],"tags":[],"class_list":{"0":"post-9452","1":"post","2":"type-post","3":"status-publish","4":"format-standard","5":"has-post-thumbnail","7":"category-nacional"},"yoast_head":"<!-- This site is optimized with the Yoast SEO plugin v27.4 - https:\/\/yoast.com\/product\/yoast-seo-wordpress\/ -->\n<title>Cuesta de enero 2022, a tasa anual la m\u00e1s elevada en 21 a\u00f1os: Inegi - LA BRAVA RADIO<\/title>\n<meta name=\"robots\" content=\"index, follow, max-snippet:-1, max-image-preview:large, max-video-preview:-1\" \/>\n<link rel=\"canonical\" href=\"https:\/\/www.bbmnoticias.com\/labravaradiofm\/2022\/02\/09\/cuesta-de-enero-2022-a-tasa-anual-la-mas-elevada-en-21-anos-inegi\/\" \/>\n<meta property=\"og:locale\" content=\"es_MX\" \/>\n<meta property=\"og:type\" content=\"article\" \/>\n<meta property=\"og:title\" content=\"Cuesta de enero 2022, a tasa anual la m\u00e1s elevada en 21 a\u00f1os: Inegi - LA BRAVA RADIO\" \/>\n<meta property=\"og:description\" content=\"La inflaci\u00f3n en el primer mes del a\u00f1o registr\u00f3 su increment\u00f3 anual m\u00e1s elevado para dicho periodo en 21 a\u00f1os, impulsada por el alza en los precios de productos alimenticios como el lim\u00f3n, cebolla, aguacate y carne de res; adem\u00e1s de energ\u00e9ticos como el gas dom\u00e9stico natural y las gasolinas, entre otros bienes.\u00a0 El \u00cdndice [&hellip;]\" \/>\n<meta property=\"og:url\" content=\"https:\/\/www.bbmnoticias.com\/labravaradiofm\/2022\/02\/09\/cuesta-de-enero-2022-a-tasa-anual-la-mas-elevada-en-21-anos-inegi\/\" \/>\n<meta property=\"og:site_name\" content=\"LA BRAVA RADIO\" \/>\n<meta property=\"article:published_time\" content=\"2022-02-09T15:12:02+00:00\" \/>\n<meta property=\"article:modified_time\" content=\"2022-02-09T15:12:04+00:00\" \/>\n<meta property=\"og:image\" content=\"https:\/\/www.bbmnoticias.com\/labravaradiofm\/wp-content\/uploads\/sites\/5\/2022\/02\/deducciones.webp\" \/>\n\t<meta property=\"og:image:width\" content=\"1201\" \/>\n\t<meta property=\"og:image:height\" content=\"740\" \/>\n\t<meta property=\"og:image:type\" content=\"image\/webp\" \/>\n<meta name=\"author\" content=\"El Universal\" \/>\n<meta name=\"twitter:card\" content=\"summary_large_image\" \/>\n<meta name=\"twitter:label1\" content=\"Escrito por\" \/>\n\t<meta name=\"twitter:data1\" content=\"El Universal\" \/>\n\t<meta name=\"twitter:label2\" content=\"Tiempo de lectura\" \/>\n\t<meta name=\"twitter:data2\" content=\"2 minutos\" \/>\n<script type=\"application\/ld+json\" class=\"yoast-schema-graph\">{\"@context\":\"https:\\\/\\\/schema.org\",\"@graph\":[{\"@type\":\"Article\",\"@id\":\"https:\\\/\\\/www.bbmnoticias.com\\\/labravaradiofm\\\/2022\\\/02\\\/09\\\/cuesta-de-enero-2022-a-tasa-anual-la-mas-elevada-en-21-anos-inegi\\\/#article\",\"isPartOf\":{\"@id\":\"https:\\\/\\\/www.bbmnoticias.com\\\/labravaradiofm\\\/2022\\\/02\\\/09\\\/cuesta-de-enero-2022-a-tasa-anual-la-mas-elevada-en-21-anos-inegi\\\/\"},\"author\":{\"name\":\"El Universal\",\"@id\":\"https:\\\/\\\/www.bbmnoticias.com\\\/labravaradiofm\\\/#\\\/schema\\\/person\\\/9d7a6a319e0df750bc43fc190d0b889b\"},\"headline\":\"Cuesta de enero 2022, a tasa anual la m\u00e1s elevada en 21 a\u00f1os: Inegi\",\"datePublished\":\"2022-02-09T15:12:02+00:00\",\"dateModified\":\"2022-02-09T15:12:04+00:00\",\"mainEntityOfPage\":{\"@id\":\"https:\\\/\\\/www.bbmnoticias.com\\\/labravaradiofm\\\/2022\\\/02\\\/09\\\/cuesta-de-enero-2022-a-tasa-anual-la-mas-elevada-en-21-anos-inegi\\\/\"},\"wordCount\":387,\"image\":{\"@id\":\"https:\\\/\\\/www.bbmnoticias.com\\\/labravaradiofm\\\/2022\\\/02\\\/09\\\/cuesta-de-enero-2022-a-tasa-anual-la-mas-elevada-en-21-anos-inegi\\\/#primaryimage\"},\"thumbnailUrl\":\"https:\\\/\\\/www.bbmnoticias.com\\\/labravaradiofm\\\/wp-content\\\/uploads\\\/sites\\\/5\\\/2022\\\/02\\\/deducciones.webp\",\"articleSection\":[\"NACIONAL\"],\"inLanguage\":\"es\"},{\"@type\":\"WebPage\",\"@id\":\"https:\\\/\\\/www.bbmnoticias.com\\\/labravaradiofm\\\/2022\\\/02\\\/09\\\/cuesta-de-enero-2022-a-tasa-anual-la-mas-elevada-en-21-anos-inegi\\\/\",\"url\":\"https:\\\/\\\/www.bbmnoticias.com\\\/labravaradiofm\\\/2022\\\/02\\\/09\\\/cuesta-de-enero-2022-a-tasa-anual-la-mas-elevada-en-21-anos-inegi\\\/\",\"name\":\"Cuesta de enero 2022, a tasa anual la m\u00e1s elevada en 21 a\u00f1os: Inegi - LA BRAVA RADIO\",\"isPartOf\":{\"@id\":\"https:\\\/\\\/www.bbmnoticias.com\\\/labravaradiofm\\\/#website\"},\"primaryImageOfPage\":{\"@id\":\"https:\\\/\\\/www.bbmnoticias.com\\\/labravaradiofm\\\/2022\\\/02\\\/09\\\/cuesta-de-enero-2022-a-tasa-anual-la-mas-elevada-en-21-anos-inegi\\\/#primaryimage\"},\"image\":{\"@id\":\"https:\\\/\\\/www.bbmnoticias.com\\\/labravaradiofm\\\/2022\\\/02\\\/09\\\/cuesta-de-enero-2022-a-tasa-anual-la-mas-elevada-en-21-anos-inegi\\\/#primaryimage\"},\"thumbnailUrl\":\"https:\\\/\\\/www.bbmnoticias.com\\\/labravaradiofm\\\/wp-content\\\/uploads\\\/sites\\\/5\\\/2022\\\/02\\\/deducciones.webp\",\"datePublished\":\"2022-02-09T15:12:02+00:00\",\"dateModified\":\"2022-02-09T15:12:04+00:00\",\"author\":{\"@id\":\"https:\\\/\\\/www.bbmnoticias.com\\\/labravaradiofm\\\/#\\\/schema\\\/person\\\/9d7a6a319e0df750bc43fc190d0b889b\"},\"breadcrumb\":{\"@id\":\"https:\\\/\\\/www.bbmnoticias.com\\\/labravaradiofm\\\/2022\\\/02\\\/09\\\/cuesta-de-enero-2022-a-tasa-anual-la-mas-elevada-en-21-anos-inegi\\\/#breadcrumb\"},\"inLanguage\":\"es\",\"potentialAction\":[{\"@type\":\"ReadAction\",\"target\":[\"https:\\\/\\\/www.bbmnoticias.com\\\/labravaradiofm\\\/2022\\\/02\\\/09\\\/cuesta-de-enero-2022-a-tasa-anual-la-mas-elevada-en-21-anos-inegi\\\/\"]}]},{\"@type\":\"ImageObject\",\"inLanguage\":\"es\",\"@id\":\"https:\\\/\\\/www.bbmnoticias.com\\\/labravaradiofm\\\/2022\\\/02\\\/09\\\/cuesta-de-enero-2022-a-tasa-anual-la-mas-elevada-en-21-anos-inegi\\\/#primaryimage\",\"url\":\"https:\\\/\\\/www.bbmnoticias.com\\\/labravaradiofm\\\/wp-content\\\/uploads\\\/sites\\\/5\\\/2022\\\/02\\\/deducciones.webp\",\"contentUrl\":\"https:\\\/\\\/www.bbmnoticias.com\\\/labravaradiofm\\\/wp-content\\\/uploads\\\/sites\\\/5\\\/2022\\\/02\\\/deducciones.webp\",\"width\":1201,\"height\":740},{\"@type\":\"BreadcrumbList\",\"@id\":\"https:\\\/\\\/www.bbmnoticias.com\\\/labravaradiofm\\\/2022\\\/02\\\/09\\\/cuesta-de-enero-2022-a-tasa-anual-la-mas-elevada-en-21-anos-inegi\\\/#breadcrumb\",\"itemListElement\":[{\"@type\":\"ListItem\",\"position\":1,\"name\":\"Inicio\",\"item\":\"https:\\\/\\\/www.bbmnoticias.com\\\/labravaradiofm\\\/\"},{\"@type\":\"ListItem\",\"position\":2,\"name\":\"Cuesta de enero 2022, a tasa anual la m\u00e1s elevada en 21 a\u00f1os: Inegi\"}]},{\"@type\":\"WebSite\",\"@id\":\"https:\\\/\\\/www.bbmnoticias.com\\\/labravaradiofm\\\/#website\",\"url\":\"https:\\\/\\\/www.bbmnoticias.com\\\/labravaradiofm\\\/\",\"name\":\"LA BRAVA RADIO\",\"description\":\"Empresa productora de medios, Radiodifusi\u00f3n, Noticias, tendencias y todo lo que necesitas saber de la pol\u00edtica mexicana e internacional; entretenimiento, espect\u00e1culos, salud y mucho m\u00e1s.\",\"potentialAction\":[{\"@type\":\"SearchAction\",\"target\":{\"@type\":\"EntryPoint\",\"urlTemplate\":\"https:\\\/\\\/www.bbmnoticias.com\\\/labravaradiofm\\\/?s={search_term_string}\"},\"query-input\":{\"@type\":\"PropertyValueSpecification\",\"valueRequired\":true,\"valueName\":\"search_term_string\"}}],\"inLanguage\":\"es\"},{\"@type\":\"Person\",\"@id\":\"https:\\\/\\\/www.bbmnoticias.com\\\/labravaradiofm\\\/#\\\/schema\\\/person\\\/9d7a6a319e0df750bc43fc190d0b889b\",\"name\":\"El Universal\",\"image\":{\"@type\":\"ImageObject\",\"inLanguage\":\"es\",\"@id\":\"https:\\\/\\\/secure.gravatar.com\\\/avatar\\\/71c770e6e00bd7cb8183e56d1c59f81601544fbe41d802d7c17d05c9e25f7d06?s=96&d=mm&r=g\",\"url\":\"https:\\\/\\\/secure.gravatar.com\\\/avatar\\\/71c770e6e00bd7cb8183e56d1c59f81601544fbe41d802d7c17d05c9e25f7d06?s=96&d=mm&r=g\",\"contentUrl\":\"https:\\\/\\\/secure.gravatar.com\\\/avatar\\\/71c770e6e00bd7cb8183e56d1c59f81601544fbe41d802d7c17d05c9e25f7d06?s=96&d=mm&r=g\",\"caption\":\"El Universal\"},\"url\":\"https:\\\/\\\/www.bbmnoticias.com\\\/labravaradiofm\\\/author\\\/eluniversal\\\/\"}]}<\/script>\n<!-- \/ Yoast SEO plugin. -->","yoast_head_json":{"title":"Cuesta de enero 2022, a tasa anual la m\u00e1s elevada en 21 a\u00f1os: Inegi - LA BRAVA RADIO","robots":{"index":"index","follow":"follow","max-snippet":"max-snippet:-1","max-image-preview":"max-image-preview:large","max-video-preview":"max-video-preview:-1"},"canonical":"https:\/\/www.bbmnoticias.com\/labravaradiofm\/2022\/02\/09\/cuesta-de-enero-2022-a-tasa-anual-la-mas-elevada-en-21-anos-inegi\/","og_locale":"es_MX","og_type":"article","og_title":"Cuesta de enero 2022, a tasa anual la m\u00e1s elevada en 21 a\u00f1os: Inegi - LA BRAVA RADIO","og_description":"La inflaci\u00f3n en el primer mes del a\u00f1o registr\u00f3 su increment\u00f3 anual m\u00e1s elevado para dicho periodo en 21 a\u00f1os, impulsada por el alza en los precios de productos alimenticios como el lim\u00f3n, cebolla, aguacate y carne de res; adem\u00e1s de energ\u00e9ticos como el gas dom\u00e9stico natural y las gasolinas, entre otros bienes.\u00a0 El \u00cdndice [&hellip;]","og_url":"https:\/\/www.bbmnoticias.com\/labravaradiofm\/2022\/02\/09\/cuesta-de-enero-2022-a-tasa-anual-la-mas-elevada-en-21-anos-inegi\/","og_site_name":"LA BRAVA RADIO","article_published_time":"2022-02-09T15:12:02+00:00","article_modified_time":"2022-02-09T15:12:04+00:00","og_image":[{"width":1201,"height":740,"url":"https:\/\/www.bbmnoticias.com\/labravaradiofm\/wp-content\/uploads\/sites\/5\/2022\/02\/deducciones.webp","type":"image\/webp"}],"author":"El Universal","twitter_card":"summary_large_image","twitter_misc":{"Escrito por":"El Universal","Tiempo de lectura":"2 minutos"},"schema":{"@context":"https:\/\/schema.org","@graph":[{"@type":"Article","@id":"https:\/\/www.bbmnoticias.com\/labravaradiofm\/2022\/02\/09\/cuesta-de-enero-2022-a-tasa-anual-la-mas-elevada-en-21-anos-inegi\/#article","isPartOf":{"@id":"https:\/\/www.bbmnoticias.com\/labravaradiofm\/2022\/02\/09\/cuesta-de-enero-2022-a-tasa-anual-la-mas-elevada-en-21-anos-inegi\/"},"author":{"name":"El Universal","@id":"https:\/\/www.bbmnoticias.com\/labravaradiofm\/#\/schema\/person\/9d7a6a319e0df750bc43fc190d0b889b"},"headline":"Cuesta de enero 2022, a tasa anual la m\u00e1s elevada en 21 a\u00f1os: Inegi","datePublished":"2022-02-09T15:12:02+00:00","dateModified":"2022-02-09T15:12:04+00:00","mainEntityOfPage":{"@id":"https:\/\/www.bbmnoticias.com\/labravaradiofm\/2022\/02\/09\/cuesta-de-enero-2022-a-tasa-anual-la-mas-elevada-en-21-anos-inegi\/"},"wordCount":387,"image":{"@id":"https:\/\/www.bbmnoticias.com\/labravaradiofm\/2022\/02\/09\/cuesta-de-enero-2022-a-tasa-anual-la-mas-elevada-en-21-anos-inegi\/#primaryimage"},"thumbnailUrl":"https:\/\/www.bbmnoticias.com\/labravaradiofm\/wp-content\/uploads\/sites\/5\/2022\/02\/deducciones.webp","articleSection":["NACIONAL"],"inLanguage":"es"},{"@type":"WebPage","@id":"https:\/\/www.bbmnoticias.com\/labravaradiofm\/2022\/02\/09\/cuesta-de-enero-2022-a-tasa-anual-la-mas-elevada-en-21-anos-inegi\/","url":"https:\/\/www.bbmnoticias.com\/labravaradiofm\/2022\/02\/09\/cuesta-de-enero-2022-a-tasa-anual-la-mas-elevada-en-21-anos-inegi\/","name":"Cuesta de enero 2022, a tasa anual la m\u00e1s elevada en 21 a\u00f1os: Inegi - LA BRAVA RADIO","isPartOf":{"@id":"https:\/\/www.bbmnoticias.com\/labravaradiofm\/#website"},"primaryImageOfPage":{"@id":"https:\/\/www.bbmnoticias.com\/labravaradiofm\/2022\/02\/09\/cuesta-de-enero-2022-a-tasa-anual-la-mas-elevada-en-21-anos-inegi\/#primaryimage"},"image":{"@id":"https:\/\/www.bbmnoticias.com\/labravaradiofm\/2022\/02\/09\/cuesta-de-enero-2022-a-tasa-anual-la-mas-elevada-en-21-anos-inegi\/#primaryimage"},"thumbnailUrl":"https:\/\/www.bbmnoticias.com\/labravaradiofm\/wp-content\/uploads\/sites\/5\/2022\/02\/deducciones.webp","datePublished":"2022-02-09T15:12:02+00:00","dateModified":"2022-02-09T15:12:04+00:00","author":{"@id":"https:\/\/www.bbmnoticias.com\/labravaradiofm\/#\/schema\/person\/9d7a6a319e0df750bc43fc190d0b889b"},"breadcrumb":{"@id":"https:\/\/www.bbmnoticias.com\/labravaradiofm\/2022\/02\/09\/cuesta-de-enero-2022-a-tasa-anual-la-mas-elevada-en-21-anos-inegi\/#breadcrumb"},"inLanguage":"es","potentialAction":[{"@type":"ReadAction","target":["https:\/\/www.bbmnoticias.com\/labravaradiofm\/2022\/02\/09\/cuesta-de-enero-2022-a-tasa-anual-la-mas-elevada-en-21-anos-inegi\/"]}]},{"@type":"ImageObject","inLanguage":"es","@id":"https:\/\/www.bbmnoticias.com\/labravaradiofm\/2022\/02\/09\/cuesta-de-enero-2022-a-tasa-anual-la-mas-elevada-en-21-anos-inegi\/#primaryimage","url":"https:\/\/www.bbmnoticias.com\/labravaradiofm\/wp-content\/uploads\/sites\/5\/2022\/02\/deducciones.webp","contentUrl":"https:\/\/www.bbmnoticias.com\/labravaradiofm\/wp-content\/uploads\/sites\/5\/2022\/02\/deducciones.webp","width":1201,"height":740},{"@type":"BreadcrumbList","@id":"https:\/\/www.bbmnoticias.com\/labravaradiofm\/2022\/02\/09\/cuesta-de-enero-2022-a-tasa-anual-la-mas-elevada-en-21-anos-inegi\/#breadcrumb","itemListElement":[{"@type":"ListItem","position":1,"name":"Inicio","item":"https:\/\/www.bbmnoticias.com\/labravaradiofm\/"},{"@type":"ListItem","position":2,"name":"Cuesta de enero 2022, a tasa anual la m\u00e1s elevada en 21 a\u00f1os: Inegi"}]},{"@type":"WebSite","@id":"https:\/\/www.bbmnoticias.com\/labravaradiofm\/#website","url":"https:\/\/www.bbmnoticias.com\/labravaradiofm\/","name":"LA BRAVA RADIO","description":"Empresa productora de medios, Radiodifusi\u00f3n, Noticias, tendencias y todo lo que necesitas saber de la pol\u00edtica mexicana e internacional; entretenimiento, espect\u00e1culos, salud y mucho m\u00e1s.","potentialAction":[{"@type":"SearchAction","target":{"@type":"EntryPoint","urlTemplate":"https:\/\/www.bbmnoticias.com\/labravaradiofm\/?s={search_term_string}"},"query-input":{"@type":"PropertyValueSpecification","valueRequired":true,"valueName":"search_term_string"}}],"inLanguage":"es"},{"@type":"Person","@id":"https:\/\/www.bbmnoticias.com\/labravaradiofm\/#\/schema\/person\/9d7a6a319e0df750bc43fc190d0b889b","name":"El Universal","image":{"@type":"ImageObject","inLanguage":"es","@id":"https:\/\/secure.gravatar.com\/avatar\/71c770e6e00bd7cb8183e56d1c59f81601544fbe41d802d7c17d05c9e25f7d06?s=96&d=mm&r=g","url":"https:\/\/secure.gravatar.com\/avatar\/71c770e6e00bd7cb8183e56d1c59f81601544fbe41d802d7c17d05c9e25f7d06?s=96&d=mm&r=g","contentUrl":"https:\/\/secure.gravatar.com\/avatar\/71c770e6e00bd7cb8183e56d1c59f81601544fbe41d802d7c17d05c9e25f7d06?s=96&d=mm&r=g","caption":"El Universal"},"url":"https:\/\/www.bbmnoticias.com\/labravaradiofm\/author\/eluniversal\/"}]}},"_links":{"self":[{"href":"https:\/\/www.bbmnoticias.com\/labravaradiofm\/wp-json\/wp\/v2\/posts\/9452","targetHints":{"allow":["GET"]}}],"collection":[{"href":"https:\/\/www.bbmnoticias.com\/labravaradiofm\/wp-json\/wp\/v2\/posts"}],"about":[{"href":"https:\/\/www.bbmnoticias.com\/labravaradiofm\/wp-json\/wp\/v2\/types\/post"}],"author":[{"embeddable":true,"href":"https:\/\/www.bbmnoticias.com\/labravaradiofm\/wp-json\/wp\/v2\/users\/10"}],"replies":[{"embeddable":true,"href":"https:\/\/www.bbmnoticias.com\/labravaradiofm\/wp-json\/wp\/v2\/comments?post=9452"}],"version-history":[{"count":0,"href":"https:\/\/www.bbmnoticias.com\/labravaradiofm\/wp-json\/wp\/v2\/posts\/9452\/revisions"}],"wp:featuredmedia":[{"embeddable":true,"href":"https:\/\/www.bbmnoticias.com\/labravaradiofm\/wp-json\/wp\/v2\/media\/9453"}],"wp:attachment":[{"href":"https:\/\/www.bbmnoticias.com\/labravaradiofm\/wp-json\/wp\/v2\/media?parent=9452"}],"wp:term":[{"taxonomy":"category","embeddable":true,"href":"https:\/\/www.bbmnoticias.com\/labravaradiofm\/wp-json\/wp\/v2\/categories?post=9452"},{"taxonomy":"post_tag","embeddable":true,"href":"https:\/\/www.bbmnoticias.com\/labravaradiofm\/wp-json\/wp\/v2\/tags?post=9452"}],"curies":[{"name":"wp","href":"https:\/\/api.w.org\/{rel}","templated":true}]}}