{"id":9448,"date":"2022-02-09T08:55:16","date_gmt":"2022-02-09T14:55:16","guid":{"rendered":"https:\/\/www.bbmnoticias.com\/labravaradiofm\/?p=9448"},"modified":"2022-02-09T08:58:26","modified_gmt":"2022-02-09T14:58:26","slug":"disminuyen-en-una-semana-un-35-de-casos-activos-de-covid-19-sso","status":"publish","type":"post","link":"https:\/\/www.bbmnoticias.com\/labravaradiofm\/2022\/02\/09\/disminuyen-en-una-semana-un-35-de-casos-activos-de-covid-19-sso\/","title":{"rendered":"Disminuyen en una semana un 35% de casos activos de Covid 19: SSO"},"content":{"rendered":"<div style=\"margin-top: 0px; margin-bottom: 0px;\" class=\"sharethis-inline-share-buttons\" ><\/div>\n<p>OAXACA, Oax., 8 de febrero de 2022.-&nbsp;Al corte de este martes, los Servicios de Salud de Oaxaca (SSO) han registrado de acuerdo al comunicado t\u00e9cnico diario, una ligera disminuci\u00f3n de casos activos de COVID-19, al pasar el 1 de febrero de 6 mil 425 a 4 mil 178 en 176 municipios este d\u00eda, lo que representa un 35%.<\/p>\n\n\n\n<p>Refiere un comunicado que, sin embargo, la dependencia record\u00f3 que el riesgo de contagio es medio de acuerdo al sem\u00e1foro epid\u00e9mico vigente, por lo que la poblaci\u00f3n no debe confiarse ni relajar las medidas sanitarias, como son: usar de forma correcta el cubrebocas en espacios p\u00fablicos y cerrados, mantener la sana distancia de 1.5 metros entre personas y lavar las manos con agua y jab\u00f3n, adem\u00e1s de vacunarse cuando corresponda.<\/p>\n\n\n\n<p>Adem\u00e1s, los SSO exhortaron a las personas a abrigar a los menores de cinco a\u00f1os y adultos mayores de 60, evitar los cambios bruscos de temperatura, as\u00ed como consumir frutas y verduras ricas en vitamina A y C, esto para prevenir las infecciones respiratorias agudas debido al descenso de la temperatura.<\/p>\n\n\n\n<p>Este d\u00eda se contabilizaron 280 casos nuevos de COVID-19 y seis defunciones que hacen un acumulado de 106 mil 239 casos confirmados y 5 mil 811 muertes (3 mil 708 han sido hombres y 2 mil 103 mujeres), 96 mil 250 se han recuperado de la enfermedad y hay seis mil 354 casos sospechosos.<\/p>\n\n\n\n<p>Por Jurisdicci\u00f3n Sanitaria, Valles Centrales contabiliza 63 mil 887 casos confirmados y dos mil 580 decesos, Istmo 15 mil 179 casos confirmados y mil 236 muertes, Mixteca ocho mil 06 casos confirmados y 592 defunciones, Tuxtepec ocho mil 219 casos confirmados y 585 decesos, Costa siete mil 476 casos confirmados y 487 personas perdieron la vida, Sierra tres mil 472 casos confirmados y 331 decesos.<\/p>\n\n\n\n<p>Los 280 casos nuevos se distribuyen en 58 municipios, siendo los m\u00e1s afectados: Oaxaca de Ju\u00e1rez con 88, Salina Cruz 17, Santa Cruz Xoxocotl\u00e1n 13, Santa Catarina Juquila y Santo Domingo Tehuantepec 11 cada uno, Ocotl\u00e1n de Morelos y Santa Luc\u00eda del Camino nueve cada uno, Magadalena Apasco y Santa Mar\u00eda Atzompa ocho cada uno, la Heroica Ciudad de Juchit\u00e1n de Zaragoza, San Agust\u00edn de las Juntas y San Antonio de la Cal siete cada uno, el resto de seis a un solo caso.<\/p>\n\n\n\n<p>Este martes, se cuantificaron 8 mil 652 trabajadores de este Sector que se han contagiado por COVID-19, de los cuales 2 mil 423 son de la rama m\u00e9dica, 3 mil 174 de enfermer\u00eda y 3 mil 055 de otras \u00e1reas afines.<\/p>\n\n\n\n<p>La instituci\u00f3n detalla que se registraron 10 nuevos hospitalizados de un total de 162 que est\u00e1n recibiendo atenci\u00f3n m\u00e9dica, hay 256 camas disponibles de 418 destinadas para la emergencia sanitaria, siete hospitales est\u00e1n al 100% de su ocupaci\u00f3n y la red global es del 38.8%.<\/p>\n\n\n\n<p>La Jurisdicci\u00f3n Sanitaria de Valles Centrales, registra un porcentaje de camas ocupadas del 50%, seguido de la Mixteca con 37.5%, Tuxtepec con 31.8%, Istmo 29.8% y Costa 29.1%.<\/p>\n","protected":false},"excerpt":{"rendered":"<p>OAXACA, Oax., 8 de febrero de 2022.-&nbsp;Al corte de este martes, los Servicios de Salud de Oaxaca (SSO) han registrado de acuerdo al comunicado t\u00e9cnico diario, una ligera disminuci\u00f3n de casos activos de COVID-19, al pasar el 1 de febrero de 6 mil 425 a 4 mil 178 en 176 municipios este d\u00eda, lo que [&hellip;]<\/p>\n","protected":false},"author":2,"featured_media":9449,"comment_status":"closed","ping_status":"closed","sticky":false,"template":"","format":"standard","meta":{"footnotes":""},"categories":[1],"tags":[],"class_list":{"0":"post-9448","1":"post","2":"type-post","3":"status-publish","4":"format-standard","5":"has-post-thumbnail","7":"category-sin-categoria"},"yoast_head":"<!-- This site is optimized with the Yoast SEO plugin v27.4 - https:\/\/yoast.com\/product\/yoast-seo-wordpress\/ -->\n<title>Disminuyen en una semana un 35% de casos activos de Covid 19: SSO - LA BRAVA RADIO<\/title>\n<meta name=\"robots\" content=\"index, follow, max-snippet:-1, max-image-preview:large, max-video-preview:-1\" \/>\n<link rel=\"canonical\" href=\"https:\/\/www.bbmnoticias.com\/labravaradiofm\/2022\/02\/09\/disminuyen-en-una-semana-un-35-de-casos-activos-de-covid-19-sso\/\" \/>\n<meta property=\"og:locale\" content=\"es_MX\" \/>\n<meta property=\"og:type\" content=\"article\" \/>\n<meta property=\"og:title\" content=\"Disminuyen en una semana un 35% de casos activos de Covid 19: SSO - LA BRAVA RADIO\" \/>\n<meta property=\"og:description\" content=\"OAXACA, Oax., 8 de febrero de 2022.-&nbsp;Al corte de este martes, los Servicios de Salud de Oaxaca (SSO) han registrado de acuerdo al comunicado t\u00e9cnico diario, una ligera disminuci\u00f3n de casos activos de COVID-19, al pasar el 1 de febrero de 6 mil 425 a 4 mil 178 en 176 municipios este d\u00eda, lo que [&hellip;]\" \/>\n<meta property=\"og:url\" content=\"https:\/\/www.bbmnoticias.com\/labravaradiofm\/2022\/02\/09\/disminuyen-en-una-semana-un-35-de-casos-activos-de-covid-19-sso\/\" \/>\n<meta property=\"og:site_name\" content=\"LA BRAVA RADIO\" \/>\n<meta property=\"article:published_time\" content=\"2022-02-09T14:55:16+00:00\" \/>\n<meta property=\"article:modified_time\" content=\"2022-02-09T14:58:26+00:00\" \/>\n<meta property=\"og:image\" content=\"https:\/\/www.bbmnoticias.com\/labravaradiofm\/wp-content\/uploads\/sites\/5\/2022\/02\/casos-covid.jpg\" \/>\n\t<meta property=\"og:image:width\" content=\"720\" \/>\n\t<meta property=\"og:image:height\" content=\"405\" \/>\n\t<meta property=\"og:image:type\" content=\"image\/jpeg\" \/>\n<meta name=\"author\" content=\"Staff\" \/>\n<meta name=\"twitter:card\" content=\"summary_large_image\" \/>\n<meta name=\"twitter:label1\" content=\"Escrito por\" \/>\n\t<meta name=\"twitter:data1\" content=\"Staff\" \/>\n\t<meta name=\"twitter:label2\" content=\"Tiempo de lectura\" \/>\n\t<meta name=\"twitter:data2\" content=\"3 minutos\" \/>\n<script type=\"application\/ld+json\" class=\"yoast-schema-graph\">{\"@context\":\"https:\\\/\\\/schema.org\",\"@graph\":[{\"@type\":\"Article\",\"@id\":\"https:\\\/\\\/www.bbmnoticias.com\\\/labravaradiofm\\\/2022\\\/02\\\/09\\\/disminuyen-en-una-semana-un-35-de-casos-activos-de-covid-19-sso\\\/#article\",\"isPartOf\":{\"@id\":\"https:\\\/\\\/www.bbmnoticias.com\\\/labravaradiofm\\\/2022\\\/02\\\/09\\\/disminuyen-en-una-semana-un-35-de-casos-activos-de-covid-19-sso\\\/\"},\"author\":{\"name\":\"Staff\",\"@id\":\"https:\\\/\\\/www.bbmnoticias.com\\\/labravaradiofm\\\/#\\\/schema\\\/person\\\/34b139c617a70ea5bef5678bffe4dd7b\"},\"headline\":\"Disminuyen en una semana un 35% de casos activos de Covid 19: SSO\",\"datePublished\":\"2022-02-09T14:55:16+00:00\",\"dateModified\":\"2022-02-09T14:58:26+00:00\",\"mainEntityOfPage\":{\"@id\":\"https:\\\/\\\/www.bbmnoticias.com\\\/labravaradiofm\\\/2022\\\/02\\\/09\\\/disminuyen-en-una-semana-un-35-de-casos-activos-de-covid-19-sso\\\/\"},\"wordCount\":478,\"image\":{\"@id\":\"https:\\\/\\\/www.bbmnoticias.com\\\/labravaradiofm\\\/2022\\\/02\\\/09\\\/disminuyen-en-una-semana-un-35-de-casos-activos-de-covid-19-sso\\\/#primaryimage\"},\"thumbnailUrl\":\"https:\\\/\\\/www.bbmnoticias.com\\\/labravaradiofm\\\/wp-content\\\/uploads\\\/sites\\\/5\\\/2022\\\/02\\\/casos-covid.jpg\",\"inLanguage\":\"es\"},{\"@type\":\"WebPage\",\"@id\":\"https:\\\/\\\/www.bbmnoticias.com\\\/labravaradiofm\\\/2022\\\/02\\\/09\\\/disminuyen-en-una-semana-un-35-de-casos-activos-de-covid-19-sso\\\/\",\"url\":\"https:\\\/\\\/www.bbmnoticias.com\\\/labravaradiofm\\\/2022\\\/02\\\/09\\\/disminuyen-en-una-semana-un-35-de-casos-activos-de-covid-19-sso\\\/\",\"name\":\"Disminuyen en una semana un 35% de casos activos de Covid 19: SSO - LA BRAVA RADIO\",\"isPartOf\":{\"@id\":\"https:\\\/\\\/www.bbmnoticias.com\\\/labravaradiofm\\\/#website\"},\"primaryImageOfPage\":{\"@id\":\"https:\\\/\\\/www.bbmnoticias.com\\\/labravaradiofm\\\/2022\\\/02\\\/09\\\/disminuyen-en-una-semana-un-35-de-casos-activos-de-covid-19-sso\\\/#primaryimage\"},\"image\":{\"@id\":\"https:\\\/\\\/www.bbmnoticias.com\\\/labravaradiofm\\\/2022\\\/02\\\/09\\\/disminuyen-en-una-semana-un-35-de-casos-activos-de-covid-19-sso\\\/#primaryimage\"},\"thumbnailUrl\":\"https:\\\/\\\/www.bbmnoticias.com\\\/labravaradiofm\\\/wp-content\\\/uploads\\\/sites\\\/5\\\/2022\\\/02\\\/casos-covid.jpg\",\"datePublished\":\"2022-02-09T14:55:16+00:00\",\"dateModified\":\"2022-02-09T14:58:26+00:00\",\"author\":{\"@id\":\"https:\\\/\\\/www.bbmnoticias.com\\\/labravaradiofm\\\/#\\\/schema\\\/person\\\/34b139c617a70ea5bef5678bffe4dd7b\"},\"breadcrumb\":{\"@id\":\"https:\\\/\\\/www.bbmnoticias.com\\\/labravaradiofm\\\/2022\\\/02\\\/09\\\/disminuyen-en-una-semana-un-35-de-casos-activos-de-covid-19-sso\\\/#breadcrumb\"},\"inLanguage\":\"es\",\"potentialAction\":[{\"@type\":\"ReadAction\",\"target\":[\"https:\\\/\\\/www.bbmnoticias.com\\\/labravaradiofm\\\/2022\\\/02\\\/09\\\/disminuyen-en-una-semana-un-35-de-casos-activos-de-covid-19-sso\\\/\"]}]},{\"@type\":\"ImageObject\",\"inLanguage\":\"es\",\"@id\":\"https:\\\/\\\/www.bbmnoticias.com\\\/labravaradiofm\\\/2022\\\/02\\\/09\\\/disminuyen-en-una-semana-un-35-de-casos-activos-de-covid-19-sso\\\/#primaryimage\",\"url\":\"https:\\\/\\\/www.bbmnoticias.com\\\/labravaradiofm\\\/wp-content\\\/uploads\\\/sites\\\/5\\\/2022\\\/02\\\/casos-covid.jpg\",\"contentUrl\":\"https:\\\/\\\/www.bbmnoticias.com\\\/labravaradiofm\\\/wp-content\\\/uploads\\\/sites\\\/5\\\/2022\\\/02\\\/casos-covid.jpg\",\"width\":720,\"height\":405},{\"@type\":\"BreadcrumbList\",\"@id\":\"https:\\\/\\\/www.bbmnoticias.com\\\/labravaradiofm\\\/2022\\\/02\\\/09\\\/disminuyen-en-una-semana-un-35-de-casos-activos-de-covid-19-sso\\\/#breadcrumb\",\"itemListElement\":[{\"@type\":\"ListItem\",\"position\":1,\"name\":\"Inicio\",\"item\":\"https:\\\/\\\/www.bbmnoticias.com\\\/labravaradiofm\\\/\"},{\"@type\":\"ListItem\",\"position\":2,\"name\":\"Disminuyen en una semana un 35% de casos activos de Covid 19: SSO\"}]},{\"@type\":\"WebSite\",\"@id\":\"https:\\\/\\\/www.bbmnoticias.com\\\/labravaradiofm\\\/#website\",\"url\":\"https:\\\/\\\/www.bbmnoticias.com\\\/labravaradiofm\\\/\",\"name\":\"LA BRAVA RADIO\",\"description\":\"Empresa productora de medios, Radiodifusi\u00f3n, Noticias, tendencias y todo lo que necesitas saber de la pol\u00edtica mexicana e internacional; entretenimiento, espect\u00e1culos, salud y mucho m\u00e1s.\",\"potentialAction\":[{\"@type\":\"SearchAction\",\"target\":{\"@type\":\"EntryPoint\",\"urlTemplate\":\"https:\\\/\\\/www.bbmnoticias.com\\\/labravaradiofm\\\/?s={search_term_string}\"},\"query-input\":{\"@type\":\"PropertyValueSpecification\",\"valueRequired\":true,\"valueName\":\"search_term_string\"}}],\"inLanguage\":\"es\"},{\"@type\":\"Person\",\"@id\":\"https:\\\/\\\/www.bbmnoticias.com\\\/labravaradiofm\\\/#\\\/schema\\\/person\\\/34b139c617a70ea5bef5678bffe4dd7b\",\"name\":\"Staff\",\"image\":{\"@type\":\"ImageObject\",\"inLanguage\":\"es\",\"@id\":\"https:\\\/\\\/secure.gravatar.com\\\/avatar\\\/fdd21ad66fd8b98c407f9dee5b5e588cfe7f0d8579ec20fa6527cd59bab7f0f0?s=96&d=mm&r=g\",\"url\":\"https:\\\/\\\/secure.gravatar.com\\\/avatar\\\/fdd21ad66fd8b98c407f9dee5b5e588cfe7f0d8579ec20fa6527cd59bab7f0f0?s=96&d=mm&r=g\",\"contentUrl\":\"https:\\\/\\\/secure.gravatar.com\\\/avatar\\\/fdd21ad66fd8b98c407f9dee5b5e588cfe7f0d8579ec20fa6527cd59bab7f0f0?s=96&d=mm&r=g\",\"caption\":\"Staff\"},\"url\":\"https:\\\/\\\/www.bbmnoticias.com\\\/labravaradiofm\\\/author\\\/redaccion\\\/\"}]}<\/script>\n<!-- \/ Yoast SEO plugin. -->","yoast_head_json":{"title":"Disminuyen en una semana un 35% de casos activos de Covid 19: SSO - LA BRAVA RADIO","robots":{"index":"index","follow":"follow","max-snippet":"max-snippet:-1","max-image-preview":"max-image-preview:large","max-video-preview":"max-video-preview:-1"},"canonical":"https:\/\/www.bbmnoticias.com\/labravaradiofm\/2022\/02\/09\/disminuyen-en-una-semana-un-35-de-casos-activos-de-covid-19-sso\/","og_locale":"es_MX","og_type":"article","og_title":"Disminuyen en una semana un 35% de casos activos de Covid 19: SSO - LA BRAVA RADIO","og_description":"OAXACA, Oax., 8 de febrero de 2022.-&nbsp;Al corte de este martes, los Servicios de Salud de Oaxaca (SSO) han registrado de acuerdo al comunicado t\u00e9cnico diario, una ligera disminuci\u00f3n de casos activos de COVID-19, al pasar el 1 de febrero de 6 mil 425 a 4 mil 178 en 176 municipios este d\u00eda, lo que [&hellip;]","og_url":"https:\/\/www.bbmnoticias.com\/labravaradiofm\/2022\/02\/09\/disminuyen-en-una-semana-un-35-de-casos-activos-de-covid-19-sso\/","og_site_name":"LA BRAVA RADIO","article_published_time":"2022-02-09T14:55:16+00:00","article_modified_time":"2022-02-09T14:58:26+00:00","og_image":[{"width":720,"height":405,"url":"https:\/\/www.bbmnoticias.com\/labravaradiofm\/wp-content\/uploads\/sites\/5\/2022\/02\/casos-covid.jpg","type":"image\/jpeg"}],"author":"Staff","twitter_card":"summary_large_image","twitter_misc":{"Escrito por":"Staff","Tiempo de lectura":"3 minutos"},"schema":{"@context":"https:\/\/schema.org","@graph":[{"@type":"Article","@id":"https:\/\/www.bbmnoticias.com\/labravaradiofm\/2022\/02\/09\/disminuyen-en-una-semana-un-35-de-casos-activos-de-covid-19-sso\/#article","isPartOf":{"@id":"https:\/\/www.bbmnoticias.com\/labravaradiofm\/2022\/02\/09\/disminuyen-en-una-semana-un-35-de-casos-activos-de-covid-19-sso\/"},"author":{"name":"Staff","@id":"https:\/\/www.bbmnoticias.com\/labravaradiofm\/#\/schema\/person\/34b139c617a70ea5bef5678bffe4dd7b"},"headline":"Disminuyen en una semana un 35% de casos activos de Covid 19: SSO","datePublished":"2022-02-09T14:55:16+00:00","dateModified":"2022-02-09T14:58:26+00:00","mainEntityOfPage":{"@id":"https:\/\/www.bbmnoticias.com\/labravaradiofm\/2022\/02\/09\/disminuyen-en-una-semana-un-35-de-casos-activos-de-covid-19-sso\/"},"wordCount":478,"image":{"@id":"https:\/\/www.bbmnoticias.com\/labravaradiofm\/2022\/02\/09\/disminuyen-en-una-semana-un-35-de-casos-activos-de-covid-19-sso\/#primaryimage"},"thumbnailUrl":"https:\/\/www.bbmnoticias.com\/labravaradiofm\/wp-content\/uploads\/sites\/5\/2022\/02\/casos-covid.jpg","inLanguage":"es"},{"@type":"WebPage","@id":"https:\/\/www.bbmnoticias.com\/labravaradiofm\/2022\/02\/09\/disminuyen-en-una-semana-un-35-de-casos-activos-de-covid-19-sso\/","url":"https:\/\/www.bbmnoticias.com\/labravaradiofm\/2022\/02\/09\/disminuyen-en-una-semana-un-35-de-casos-activos-de-covid-19-sso\/","name":"Disminuyen en una semana un 35% de casos activos de Covid 19: SSO - LA BRAVA RADIO","isPartOf":{"@id":"https:\/\/www.bbmnoticias.com\/labravaradiofm\/#website"},"primaryImageOfPage":{"@id":"https:\/\/www.bbmnoticias.com\/labravaradiofm\/2022\/02\/09\/disminuyen-en-una-semana-un-35-de-casos-activos-de-covid-19-sso\/#primaryimage"},"image":{"@id":"https:\/\/www.bbmnoticias.com\/labravaradiofm\/2022\/02\/09\/disminuyen-en-una-semana-un-35-de-casos-activos-de-covid-19-sso\/#primaryimage"},"thumbnailUrl":"https:\/\/www.bbmnoticias.com\/labravaradiofm\/wp-content\/uploads\/sites\/5\/2022\/02\/casos-covid.jpg","datePublished":"2022-02-09T14:55:16+00:00","dateModified":"2022-02-09T14:58:26+00:00","author":{"@id":"https:\/\/www.bbmnoticias.com\/labravaradiofm\/#\/schema\/person\/34b139c617a70ea5bef5678bffe4dd7b"},"breadcrumb":{"@id":"https:\/\/www.bbmnoticias.com\/labravaradiofm\/2022\/02\/09\/disminuyen-en-una-semana-un-35-de-casos-activos-de-covid-19-sso\/#breadcrumb"},"inLanguage":"es","potentialAction":[{"@type":"ReadAction","target":["https:\/\/www.bbmnoticias.com\/labravaradiofm\/2022\/02\/09\/disminuyen-en-una-semana-un-35-de-casos-activos-de-covid-19-sso\/"]}]},{"@type":"ImageObject","inLanguage":"es","@id":"https:\/\/www.bbmnoticias.com\/labravaradiofm\/2022\/02\/09\/disminuyen-en-una-semana-un-35-de-casos-activos-de-covid-19-sso\/#primaryimage","url":"https:\/\/www.bbmnoticias.com\/labravaradiofm\/wp-content\/uploads\/sites\/5\/2022\/02\/casos-covid.jpg","contentUrl":"https:\/\/www.bbmnoticias.com\/labravaradiofm\/wp-content\/uploads\/sites\/5\/2022\/02\/casos-covid.jpg","width":720,"height":405},{"@type":"BreadcrumbList","@id":"https:\/\/www.bbmnoticias.com\/labravaradiofm\/2022\/02\/09\/disminuyen-en-una-semana-un-35-de-casos-activos-de-covid-19-sso\/#breadcrumb","itemListElement":[{"@type":"ListItem","position":1,"name":"Inicio","item":"https:\/\/www.bbmnoticias.com\/labravaradiofm\/"},{"@type":"ListItem","position":2,"name":"Disminuyen en una semana un 35% de casos activos de Covid 19: SSO"}]},{"@type":"WebSite","@id":"https:\/\/www.bbmnoticias.com\/labravaradiofm\/#website","url":"https:\/\/www.bbmnoticias.com\/labravaradiofm\/","name":"LA BRAVA RADIO","description":"Empresa productora de medios, Radiodifusi\u00f3n, Noticias, tendencias y todo lo que necesitas saber de la pol\u00edtica mexicana e internacional; entretenimiento, espect\u00e1culos, salud y mucho m\u00e1s.","potentialAction":[{"@type":"SearchAction","target":{"@type":"EntryPoint","urlTemplate":"https:\/\/www.bbmnoticias.com\/labravaradiofm\/?s={search_term_string}"},"query-input":{"@type":"PropertyValueSpecification","valueRequired":true,"valueName":"search_term_string"}}],"inLanguage":"es"},{"@type":"Person","@id":"https:\/\/www.bbmnoticias.com\/labravaradiofm\/#\/schema\/person\/34b139c617a70ea5bef5678bffe4dd7b","name":"Staff","image":{"@type":"ImageObject","inLanguage":"es","@id":"https:\/\/secure.gravatar.com\/avatar\/fdd21ad66fd8b98c407f9dee5b5e588cfe7f0d8579ec20fa6527cd59bab7f0f0?s=96&d=mm&r=g","url":"https:\/\/secure.gravatar.com\/avatar\/fdd21ad66fd8b98c407f9dee5b5e588cfe7f0d8579ec20fa6527cd59bab7f0f0?s=96&d=mm&r=g","contentUrl":"https:\/\/secure.gravatar.com\/avatar\/fdd21ad66fd8b98c407f9dee5b5e588cfe7f0d8579ec20fa6527cd59bab7f0f0?s=96&d=mm&r=g","caption":"Staff"},"url":"https:\/\/www.bbmnoticias.com\/labravaradiofm\/author\/redaccion\/"}]}},"_links":{"self":[{"href":"https:\/\/www.bbmnoticias.com\/labravaradiofm\/wp-json\/wp\/v2\/posts\/9448","targetHints":{"allow":["GET"]}}],"collection":[{"href":"https:\/\/www.bbmnoticias.com\/labravaradiofm\/wp-json\/wp\/v2\/posts"}],"about":[{"href":"https:\/\/www.bbmnoticias.com\/labravaradiofm\/wp-json\/wp\/v2\/types\/post"}],"author":[{"embeddable":true,"href":"https:\/\/www.bbmnoticias.com\/labravaradiofm\/wp-json\/wp\/v2\/users\/2"}],"replies":[{"embeddable":true,"href":"https:\/\/www.bbmnoticias.com\/labravaradiofm\/wp-json\/wp\/v2\/comments?post=9448"}],"version-history":[{"count":0,"href":"https:\/\/www.bbmnoticias.com\/labravaradiofm\/wp-json\/wp\/v2\/posts\/9448\/revisions"}],"wp:featuredmedia":[{"embeddable":true,"href":"https:\/\/www.bbmnoticias.com\/labravaradiofm\/wp-json\/wp\/v2\/media\/9449"}],"wp:attachment":[{"href":"https:\/\/www.bbmnoticias.com\/labravaradiofm\/wp-json\/wp\/v2\/media?parent=9448"}],"wp:term":[{"taxonomy":"category","embeddable":true,"href":"https:\/\/www.bbmnoticias.com\/labravaradiofm\/wp-json\/wp\/v2\/categories?post=9448"},{"taxonomy":"post_tag","embeddable":true,"href":"https:\/\/www.bbmnoticias.com\/labravaradiofm\/wp-json\/wp\/v2\/tags?post=9448"}],"curies":[{"name":"wp","href":"https:\/\/api.w.org\/{rel}","templated":true}]}}