{"id":9292,"date":"2022-02-03T12:21:14","date_gmt":"2022-02-03T18:21:14","guid":{"rendered":"https:\/\/www.bbmnoticias.com\/labravaradiofm\/?p=9292"},"modified":"2022-02-03T12:21:16","modified_gmt":"2022-02-03T18:21:16","slug":"con-implementacion-de-oncocrean-del-imss-se-incrementa-expectativa-de-vida-para-pacientes-pediatricos-oncologicos","status":"publish","type":"post","link":"https:\/\/www.bbmnoticias.com\/labravaradiofm\/2022\/02\/03\/con-implementacion-de-oncocrean-del-imss-se-incrementa-expectativa-de-vida-para-pacientes-pediatricos-oncologicos\/","title":{"rendered":"Con implementaci\u00f3n de ONCOCREAN del IMSS se incrementa expectativa de vida para pacientes pedi\u00e1tricos oncol\u00f3gicos"},"content":{"rendered":"<div style=\"margin-top: 0px; margin-bottom: 0px;\" class=\"sharethis-inline-share-buttons\" ><\/div>\n<p>A un a\u00f1o de la creaci\u00f3n de la Coordinaci\u00f3n Nacional de Oncolog\u00eda del Instituto Mexicano del Seguro Social (IMSS) y con la implementaci\u00f3n de 35 Centros de Referencia Estatal para la Atenci\u00f3n del Ni\u00f1o y de la Ni\u00f1a con C\u00e1ncer (ONCOCREAN) a nivel nacional, se ha logrado que la expectativa de vida de los pacientes pedi\u00e1tricos oncol\u00f3gicos integrados a estos servicios sea del 60 por ciento, cuando anteriormente era de 46 por ciento.<\/p>\n\n\n\n<p>El doctor Enrique L\u00f3pez Aguilar, coordinador de Atenci\u00f3n Oncol\u00f3gica, asegur\u00f3 que esta estrategia permitir\u00e1 que en dos o tres a\u00f1os se llegue alrededor del 70 por ciento gracias al continuo mejoramiento del servicio, la atenci\u00f3n oportuna y de calidad a trav\u00e9s de los Centros de Referencia Estatal, donde se otorgan las mismas posibilidades de curaci\u00f3n con tratamientos homologados e innovadores.<\/p>\n\n\n\n<p>En el marco del D\u00eda Mundial contra el C\u00e1ncer, que se conmemora el 4 de febrero, subray\u00f3 que el Seguro Social est\u00e1 a la vanguardia en el procedimiento de casi tres mil menores con enfermedades oncol\u00f3gicas, a trav\u00e9s de medicina de especialidad en displasias de menor complejidad, complicaciones, diagn\u00f3stico oportuno y referencia inmediata a Unidades M\u00e9dicas de Alta Especialidad (UMAE) en casos relevantes.<\/p>\n\n\n\n<p>L\u00f3pez Aguilar explic\u00f3 que en el IMSS adem\u00e1s de atender la pandemia por COVID-19, por instrucciones del director general del Seguro Social, Maestro Zo\u00e9 Robledo, se fortalecieron los servicios para atender el c\u00e1ncer infantil, para ello se elabor\u00f3 un registro de pacientes pedi\u00e1tricos oncol\u00f3gicos a trav\u00e9s de una plataforma digital, en donde se brinda un seguimiento oportuno y eficaz a los tratamientos.<\/p>\n\n\n\n<p>Resalt\u00f3 que dentro de esta estrategia se llevan a cabo reuniones entre autoridades del Instituto con las madres y los padres de menores con c\u00e1ncer, a fin de buscar mejoras, atender dudas sobre los servicios y otorgar soluciones. Adem\u00e1s, cada viernes se efect\u00faa un encuentro de telemedicina donde participan los 35 expertos de los Centros de Referencia para revisar casos de alta complejidad.<\/p>\n\n\n\n<p>En ese sentido, el especialista en oncolog\u00eda pedi\u00e1trica del Seguro Social expres\u00f3 que los ONCOCREAN se distribuyen en todas las entidades federativas del pa\u00eds, aunque por su extensi\u00f3n territorial funcionan dos en Chihuahua (Chihuahua capital y Ciudad Ju\u00e1rez), dos en Sonora (Hermosillo y Ciudad Obreg\u00f3n) y un par m\u00e1s en Veracruz (Puerto de Veracruz y Coatzacoalcos).<\/p>\n\n\n\n<p>El doctor Enrique L\u00f3pez manifest\u00f3 que para la puesta en marcha de estos centros no se requiri\u00f3 dinero, sino una redistribuci\u00f3n de personal y de espacios que en algunos casos estaban subutilizados. \u201cLos Centros de Referencia concentran servicios de pediatras, hemat\u00f3logos, onc\u00f3logos, intensivistas y personal de enfermer\u00eda, entre otros especialistas\u201d.<\/p>\n\n\n\n<p>Adem\u00e1s, coment\u00f3 que los especialistas que forman parte de los ONCOCREAN se capacitan constantemente en el manejo de accesos vasculares, con la finalidad de evitar infecciones que en un menor en situaci\u00f3n vulnerable pueden tener consecuencias fatales.<\/p>\n","protected":false},"excerpt":{"rendered":"<p>A un a\u00f1o de la creaci\u00f3n de la Coordinaci\u00f3n Nacional de Oncolog\u00eda del Instituto Mexicano del Seguro Social (IMSS) y con la implementaci\u00f3n de 35 Centros de Referencia Estatal para la Atenci\u00f3n del Ni\u00f1o y de la Ni\u00f1a con C\u00e1ncer (ONCOCREAN) a nivel nacional, se ha logrado que la expectativa de vida de los pacientes [&hellip;]<\/p>\n","protected":false},"author":2,"featured_media":9293,"comment_status":"closed","ping_status":"closed","sticky":false,"template":"","format":"standard","meta":{"footnotes":""},"categories":[19],"tags":[],"class_list":{"0":"post-9292","1":"post","2":"type-post","3":"status-publish","4":"format-standard","5":"has-post-thumbnail","7":"category-nacional"},"yoast_head":"<!-- This site is optimized with the Yoast SEO plugin v27.4 - https:\/\/yoast.com\/product\/yoast-seo-wordpress\/ -->\n<title>Con implementaci\u00f3n de ONCOCREAN del IMSS se incrementa expectativa de vida para pacientes pedi\u00e1tricos oncol\u00f3gicos - LA BRAVA RADIO<\/title>\n<meta name=\"robots\" content=\"index, follow, max-snippet:-1, max-image-preview:large, max-video-preview:-1\" \/>\n<link rel=\"canonical\" href=\"https:\/\/www.bbmnoticias.com\/labravaradiofm\/2022\/02\/03\/con-implementacion-de-oncocrean-del-imss-se-incrementa-expectativa-de-vida-para-pacientes-pediatricos-oncologicos\/\" \/>\n<meta property=\"og:locale\" content=\"es_MX\" \/>\n<meta property=\"og:type\" content=\"article\" \/>\n<meta property=\"og:title\" content=\"Con implementaci\u00f3n de ONCOCREAN del IMSS se incrementa expectativa de vida para pacientes pedi\u00e1tricos oncol\u00f3gicos - LA BRAVA RADIO\" \/>\n<meta property=\"og:description\" content=\"A un a\u00f1o de la creaci\u00f3n de la Coordinaci\u00f3n Nacional de Oncolog\u00eda del Instituto Mexicano del Seguro Social (IMSS) y con la implementaci\u00f3n de 35 Centros de Referencia Estatal para la Atenci\u00f3n del Ni\u00f1o y de la Ni\u00f1a con C\u00e1ncer (ONCOCREAN) a nivel nacional, se ha logrado que la expectativa de vida de los pacientes [&hellip;]\" \/>\n<meta property=\"og:url\" content=\"https:\/\/www.bbmnoticias.com\/labravaradiofm\/2022\/02\/03\/con-implementacion-de-oncocrean-del-imss-se-incrementa-expectativa-de-vida-para-pacientes-pediatricos-oncologicos\/\" \/>\n<meta property=\"og:site_name\" content=\"LA BRAVA RADIO\" \/>\n<meta property=\"article:published_time\" content=\"2022-02-03T18:21:14+00:00\" \/>\n<meta property=\"article:modified_time\" content=\"2022-02-03T18:21:16+00:00\" \/>\n<meta property=\"og:image\" content=\"https:\/\/www.bbmnoticias.com\/labravaradiofm\/wp-content\/uploads\/sites\/5\/2022\/02\/imss-oncocrean.jpg\" \/>\n\t<meta property=\"og:image:width\" content=\"1280\" \/>\n\t<meta property=\"og:image:height\" content=\"853\" \/>\n\t<meta property=\"og:image:type\" content=\"image\/jpeg\" \/>\n<meta name=\"author\" content=\"Staff\" \/>\n<meta name=\"twitter:card\" content=\"summary_large_image\" \/>\n<meta name=\"twitter:label1\" content=\"Escrito por\" \/>\n\t<meta name=\"twitter:data1\" content=\"Staff\" \/>\n\t<meta name=\"twitter:label2\" content=\"Tiempo de lectura\" \/>\n\t<meta name=\"twitter:data2\" content=\"3 minutos\" \/>\n<script type=\"application\/ld+json\" class=\"yoast-schema-graph\">{\"@context\":\"https:\\\/\\\/schema.org\",\"@graph\":[{\"@type\":\"Article\",\"@id\":\"https:\\\/\\\/www.bbmnoticias.com\\\/labravaradiofm\\\/2022\\\/02\\\/03\\\/con-implementacion-de-oncocrean-del-imss-se-incrementa-expectativa-de-vida-para-pacientes-pediatricos-oncologicos\\\/#article\",\"isPartOf\":{\"@id\":\"https:\\\/\\\/www.bbmnoticias.com\\\/labravaradiofm\\\/2022\\\/02\\\/03\\\/con-implementacion-de-oncocrean-del-imss-se-incrementa-expectativa-de-vida-para-pacientes-pediatricos-oncologicos\\\/\"},\"author\":{\"name\":\"Staff\",\"@id\":\"https:\\\/\\\/www.bbmnoticias.com\\\/labravaradiofm\\\/#\\\/schema\\\/person\\\/34b139c617a70ea5bef5678bffe4dd7b\"},\"headline\":\"Con implementaci\u00f3n de ONCOCREAN del IMSS se incrementa expectativa de vida para pacientes pedi\u00e1tricos oncol\u00f3gicos\",\"datePublished\":\"2022-02-03T18:21:14+00:00\",\"dateModified\":\"2022-02-03T18:21:16+00:00\",\"mainEntityOfPage\":{\"@id\":\"https:\\\/\\\/www.bbmnoticias.com\\\/labravaradiofm\\\/2022\\\/02\\\/03\\\/con-implementacion-de-oncocrean-del-imss-se-incrementa-expectativa-de-vida-para-pacientes-pediatricos-oncologicos\\\/\"},\"wordCount\":523,\"image\":{\"@id\":\"https:\\\/\\\/www.bbmnoticias.com\\\/labravaradiofm\\\/2022\\\/02\\\/03\\\/con-implementacion-de-oncocrean-del-imss-se-incrementa-expectativa-de-vida-para-pacientes-pediatricos-oncologicos\\\/#primaryimage\"},\"thumbnailUrl\":\"https:\\\/\\\/www.bbmnoticias.com\\\/labravaradiofm\\\/wp-content\\\/uploads\\\/sites\\\/5\\\/2022\\\/02\\\/imss-oncocrean.jpg\",\"articleSection\":[\"NACIONAL\"],\"inLanguage\":\"es\"},{\"@type\":\"WebPage\",\"@id\":\"https:\\\/\\\/www.bbmnoticias.com\\\/labravaradiofm\\\/2022\\\/02\\\/03\\\/con-implementacion-de-oncocrean-del-imss-se-incrementa-expectativa-de-vida-para-pacientes-pediatricos-oncologicos\\\/\",\"url\":\"https:\\\/\\\/www.bbmnoticias.com\\\/labravaradiofm\\\/2022\\\/02\\\/03\\\/con-implementacion-de-oncocrean-del-imss-se-incrementa-expectativa-de-vida-para-pacientes-pediatricos-oncologicos\\\/\",\"name\":\"Con implementaci\u00f3n de ONCOCREAN del IMSS se incrementa expectativa de vida para pacientes pedi\u00e1tricos oncol\u00f3gicos - LA BRAVA RADIO\",\"isPartOf\":{\"@id\":\"https:\\\/\\\/www.bbmnoticias.com\\\/labravaradiofm\\\/#website\"},\"primaryImageOfPage\":{\"@id\":\"https:\\\/\\\/www.bbmnoticias.com\\\/labravaradiofm\\\/2022\\\/02\\\/03\\\/con-implementacion-de-oncocrean-del-imss-se-incrementa-expectativa-de-vida-para-pacientes-pediatricos-oncologicos\\\/#primaryimage\"},\"image\":{\"@id\":\"https:\\\/\\\/www.bbmnoticias.com\\\/labravaradiofm\\\/2022\\\/02\\\/03\\\/con-implementacion-de-oncocrean-del-imss-se-incrementa-expectativa-de-vida-para-pacientes-pediatricos-oncologicos\\\/#primaryimage\"},\"thumbnailUrl\":\"https:\\\/\\\/www.bbmnoticias.com\\\/labravaradiofm\\\/wp-content\\\/uploads\\\/sites\\\/5\\\/2022\\\/02\\\/imss-oncocrean.jpg\",\"datePublished\":\"2022-02-03T18:21:14+00:00\",\"dateModified\":\"2022-02-03T18:21:16+00:00\",\"author\":{\"@id\":\"https:\\\/\\\/www.bbmnoticias.com\\\/labravaradiofm\\\/#\\\/schema\\\/person\\\/34b139c617a70ea5bef5678bffe4dd7b\"},\"breadcrumb\":{\"@id\":\"https:\\\/\\\/www.bbmnoticias.com\\\/labravaradiofm\\\/2022\\\/02\\\/03\\\/con-implementacion-de-oncocrean-del-imss-se-incrementa-expectativa-de-vida-para-pacientes-pediatricos-oncologicos\\\/#breadcrumb\"},\"inLanguage\":\"es\",\"potentialAction\":[{\"@type\":\"ReadAction\",\"target\":[\"https:\\\/\\\/www.bbmnoticias.com\\\/labravaradiofm\\\/2022\\\/02\\\/03\\\/con-implementacion-de-oncocrean-del-imss-se-incrementa-expectativa-de-vida-para-pacientes-pediatricos-oncologicos\\\/\"]}]},{\"@type\":\"ImageObject\",\"inLanguage\":\"es\",\"@id\":\"https:\\\/\\\/www.bbmnoticias.com\\\/labravaradiofm\\\/2022\\\/02\\\/03\\\/con-implementacion-de-oncocrean-del-imss-se-incrementa-expectativa-de-vida-para-pacientes-pediatricos-oncologicos\\\/#primaryimage\",\"url\":\"https:\\\/\\\/www.bbmnoticias.com\\\/labravaradiofm\\\/wp-content\\\/uploads\\\/sites\\\/5\\\/2022\\\/02\\\/imss-oncocrean.jpg\",\"contentUrl\":\"https:\\\/\\\/www.bbmnoticias.com\\\/labravaradiofm\\\/wp-content\\\/uploads\\\/sites\\\/5\\\/2022\\\/02\\\/imss-oncocrean.jpg\",\"width\":1280,\"height\":853},{\"@type\":\"BreadcrumbList\",\"@id\":\"https:\\\/\\\/www.bbmnoticias.com\\\/labravaradiofm\\\/2022\\\/02\\\/03\\\/con-implementacion-de-oncocrean-del-imss-se-incrementa-expectativa-de-vida-para-pacientes-pediatricos-oncologicos\\\/#breadcrumb\",\"itemListElement\":[{\"@type\":\"ListItem\",\"position\":1,\"name\":\"Inicio\",\"item\":\"https:\\\/\\\/www.bbmnoticias.com\\\/labravaradiofm\\\/\"},{\"@type\":\"ListItem\",\"position\":2,\"name\":\"Con implementaci\u00f3n de ONCOCREAN del IMSS se incrementa expectativa de vida para pacientes pedi\u00e1tricos oncol\u00f3gicos\"}]},{\"@type\":\"WebSite\",\"@id\":\"https:\\\/\\\/www.bbmnoticias.com\\\/labravaradiofm\\\/#website\",\"url\":\"https:\\\/\\\/www.bbmnoticias.com\\\/labravaradiofm\\\/\",\"name\":\"LA BRAVA RADIO\",\"description\":\"Empresa productora de medios, Radiodifusi\u00f3n, Noticias, tendencias y todo lo que necesitas saber de la pol\u00edtica mexicana e internacional; entretenimiento, espect\u00e1culos, salud y mucho m\u00e1s.\",\"potentialAction\":[{\"@type\":\"SearchAction\",\"target\":{\"@type\":\"EntryPoint\",\"urlTemplate\":\"https:\\\/\\\/www.bbmnoticias.com\\\/labravaradiofm\\\/?s={search_term_string}\"},\"query-input\":{\"@type\":\"PropertyValueSpecification\",\"valueRequired\":true,\"valueName\":\"search_term_string\"}}],\"inLanguage\":\"es\"},{\"@type\":\"Person\",\"@id\":\"https:\\\/\\\/www.bbmnoticias.com\\\/labravaradiofm\\\/#\\\/schema\\\/person\\\/34b139c617a70ea5bef5678bffe4dd7b\",\"name\":\"Staff\",\"image\":{\"@type\":\"ImageObject\",\"inLanguage\":\"es\",\"@id\":\"https:\\\/\\\/secure.gravatar.com\\\/avatar\\\/fdd21ad66fd8b98c407f9dee5b5e588cfe7f0d8579ec20fa6527cd59bab7f0f0?s=96&d=mm&r=g\",\"url\":\"https:\\\/\\\/secure.gravatar.com\\\/avatar\\\/fdd21ad66fd8b98c407f9dee5b5e588cfe7f0d8579ec20fa6527cd59bab7f0f0?s=96&d=mm&r=g\",\"contentUrl\":\"https:\\\/\\\/secure.gravatar.com\\\/avatar\\\/fdd21ad66fd8b98c407f9dee5b5e588cfe7f0d8579ec20fa6527cd59bab7f0f0?s=96&d=mm&r=g\",\"caption\":\"Staff\"},\"url\":\"https:\\\/\\\/www.bbmnoticias.com\\\/labravaradiofm\\\/author\\\/redaccion\\\/\"}]}<\/script>\n<!-- \/ Yoast SEO plugin. -->","yoast_head_json":{"title":"Con implementaci\u00f3n de ONCOCREAN del IMSS se incrementa expectativa de vida para pacientes pedi\u00e1tricos oncol\u00f3gicos - LA BRAVA RADIO","robots":{"index":"index","follow":"follow","max-snippet":"max-snippet:-1","max-image-preview":"max-image-preview:large","max-video-preview":"max-video-preview:-1"},"canonical":"https:\/\/www.bbmnoticias.com\/labravaradiofm\/2022\/02\/03\/con-implementacion-de-oncocrean-del-imss-se-incrementa-expectativa-de-vida-para-pacientes-pediatricos-oncologicos\/","og_locale":"es_MX","og_type":"article","og_title":"Con implementaci\u00f3n de ONCOCREAN del IMSS se incrementa expectativa de vida para pacientes pedi\u00e1tricos oncol\u00f3gicos - LA BRAVA RADIO","og_description":"A un a\u00f1o de la creaci\u00f3n de la Coordinaci\u00f3n Nacional de Oncolog\u00eda del Instituto Mexicano del Seguro Social (IMSS) y con la implementaci\u00f3n de 35 Centros de Referencia Estatal para la Atenci\u00f3n del Ni\u00f1o y de la Ni\u00f1a con C\u00e1ncer (ONCOCREAN) a nivel nacional, se ha logrado que la expectativa de vida de los pacientes [&hellip;]","og_url":"https:\/\/www.bbmnoticias.com\/labravaradiofm\/2022\/02\/03\/con-implementacion-de-oncocrean-del-imss-se-incrementa-expectativa-de-vida-para-pacientes-pediatricos-oncologicos\/","og_site_name":"LA BRAVA RADIO","article_published_time":"2022-02-03T18:21:14+00:00","article_modified_time":"2022-02-03T18:21:16+00:00","og_image":[{"width":1280,"height":853,"url":"https:\/\/www.bbmnoticias.com\/labravaradiofm\/wp-content\/uploads\/sites\/5\/2022\/02\/imss-oncocrean.jpg","type":"image\/jpeg"}],"author":"Staff","twitter_card":"summary_large_image","twitter_misc":{"Escrito por":"Staff","Tiempo de lectura":"3 minutos"},"schema":{"@context":"https:\/\/schema.org","@graph":[{"@type":"Article","@id":"https:\/\/www.bbmnoticias.com\/labravaradiofm\/2022\/02\/03\/con-implementacion-de-oncocrean-del-imss-se-incrementa-expectativa-de-vida-para-pacientes-pediatricos-oncologicos\/#article","isPartOf":{"@id":"https:\/\/www.bbmnoticias.com\/labravaradiofm\/2022\/02\/03\/con-implementacion-de-oncocrean-del-imss-se-incrementa-expectativa-de-vida-para-pacientes-pediatricos-oncologicos\/"},"author":{"name":"Staff","@id":"https:\/\/www.bbmnoticias.com\/labravaradiofm\/#\/schema\/person\/34b139c617a70ea5bef5678bffe4dd7b"},"headline":"Con implementaci\u00f3n de ONCOCREAN del IMSS se incrementa expectativa de vida para pacientes pedi\u00e1tricos oncol\u00f3gicos","datePublished":"2022-02-03T18:21:14+00:00","dateModified":"2022-02-03T18:21:16+00:00","mainEntityOfPage":{"@id":"https:\/\/www.bbmnoticias.com\/labravaradiofm\/2022\/02\/03\/con-implementacion-de-oncocrean-del-imss-se-incrementa-expectativa-de-vida-para-pacientes-pediatricos-oncologicos\/"},"wordCount":523,"image":{"@id":"https:\/\/www.bbmnoticias.com\/labravaradiofm\/2022\/02\/03\/con-implementacion-de-oncocrean-del-imss-se-incrementa-expectativa-de-vida-para-pacientes-pediatricos-oncologicos\/#primaryimage"},"thumbnailUrl":"https:\/\/www.bbmnoticias.com\/labravaradiofm\/wp-content\/uploads\/sites\/5\/2022\/02\/imss-oncocrean.jpg","articleSection":["NACIONAL"],"inLanguage":"es"},{"@type":"WebPage","@id":"https:\/\/www.bbmnoticias.com\/labravaradiofm\/2022\/02\/03\/con-implementacion-de-oncocrean-del-imss-se-incrementa-expectativa-de-vida-para-pacientes-pediatricos-oncologicos\/","url":"https:\/\/www.bbmnoticias.com\/labravaradiofm\/2022\/02\/03\/con-implementacion-de-oncocrean-del-imss-se-incrementa-expectativa-de-vida-para-pacientes-pediatricos-oncologicos\/","name":"Con implementaci\u00f3n de ONCOCREAN del IMSS se incrementa expectativa de vida para pacientes pedi\u00e1tricos oncol\u00f3gicos - LA BRAVA RADIO","isPartOf":{"@id":"https:\/\/www.bbmnoticias.com\/labravaradiofm\/#website"},"primaryImageOfPage":{"@id":"https:\/\/www.bbmnoticias.com\/labravaradiofm\/2022\/02\/03\/con-implementacion-de-oncocrean-del-imss-se-incrementa-expectativa-de-vida-para-pacientes-pediatricos-oncologicos\/#primaryimage"},"image":{"@id":"https:\/\/www.bbmnoticias.com\/labravaradiofm\/2022\/02\/03\/con-implementacion-de-oncocrean-del-imss-se-incrementa-expectativa-de-vida-para-pacientes-pediatricos-oncologicos\/#primaryimage"},"thumbnailUrl":"https:\/\/www.bbmnoticias.com\/labravaradiofm\/wp-content\/uploads\/sites\/5\/2022\/02\/imss-oncocrean.jpg","datePublished":"2022-02-03T18:21:14+00:00","dateModified":"2022-02-03T18:21:16+00:00","author":{"@id":"https:\/\/www.bbmnoticias.com\/labravaradiofm\/#\/schema\/person\/34b139c617a70ea5bef5678bffe4dd7b"},"breadcrumb":{"@id":"https:\/\/www.bbmnoticias.com\/labravaradiofm\/2022\/02\/03\/con-implementacion-de-oncocrean-del-imss-se-incrementa-expectativa-de-vida-para-pacientes-pediatricos-oncologicos\/#breadcrumb"},"inLanguage":"es","potentialAction":[{"@type":"ReadAction","target":["https:\/\/www.bbmnoticias.com\/labravaradiofm\/2022\/02\/03\/con-implementacion-de-oncocrean-del-imss-se-incrementa-expectativa-de-vida-para-pacientes-pediatricos-oncologicos\/"]}]},{"@type":"ImageObject","inLanguage":"es","@id":"https:\/\/www.bbmnoticias.com\/labravaradiofm\/2022\/02\/03\/con-implementacion-de-oncocrean-del-imss-se-incrementa-expectativa-de-vida-para-pacientes-pediatricos-oncologicos\/#primaryimage","url":"https:\/\/www.bbmnoticias.com\/labravaradiofm\/wp-content\/uploads\/sites\/5\/2022\/02\/imss-oncocrean.jpg","contentUrl":"https:\/\/www.bbmnoticias.com\/labravaradiofm\/wp-content\/uploads\/sites\/5\/2022\/02\/imss-oncocrean.jpg","width":1280,"height":853},{"@type":"BreadcrumbList","@id":"https:\/\/www.bbmnoticias.com\/labravaradiofm\/2022\/02\/03\/con-implementacion-de-oncocrean-del-imss-se-incrementa-expectativa-de-vida-para-pacientes-pediatricos-oncologicos\/#breadcrumb","itemListElement":[{"@type":"ListItem","position":1,"name":"Inicio","item":"https:\/\/www.bbmnoticias.com\/labravaradiofm\/"},{"@type":"ListItem","position":2,"name":"Con implementaci\u00f3n de ONCOCREAN del IMSS se incrementa expectativa de vida para pacientes pedi\u00e1tricos oncol\u00f3gicos"}]},{"@type":"WebSite","@id":"https:\/\/www.bbmnoticias.com\/labravaradiofm\/#website","url":"https:\/\/www.bbmnoticias.com\/labravaradiofm\/","name":"LA BRAVA RADIO","description":"Empresa productora de medios, Radiodifusi\u00f3n, Noticias, tendencias y todo lo que necesitas saber de la pol\u00edtica mexicana e internacional; entretenimiento, espect\u00e1culos, salud y mucho m\u00e1s.","potentialAction":[{"@type":"SearchAction","target":{"@type":"EntryPoint","urlTemplate":"https:\/\/www.bbmnoticias.com\/labravaradiofm\/?s={search_term_string}"},"query-input":{"@type":"PropertyValueSpecification","valueRequired":true,"valueName":"search_term_string"}}],"inLanguage":"es"},{"@type":"Person","@id":"https:\/\/www.bbmnoticias.com\/labravaradiofm\/#\/schema\/person\/34b139c617a70ea5bef5678bffe4dd7b","name":"Staff","image":{"@type":"ImageObject","inLanguage":"es","@id":"https:\/\/secure.gravatar.com\/avatar\/fdd21ad66fd8b98c407f9dee5b5e588cfe7f0d8579ec20fa6527cd59bab7f0f0?s=96&d=mm&r=g","url":"https:\/\/secure.gravatar.com\/avatar\/fdd21ad66fd8b98c407f9dee5b5e588cfe7f0d8579ec20fa6527cd59bab7f0f0?s=96&d=mm&r=g","contentUrl":"https:\/\/secure.gravatar.com\/avatar\/fdd21ad66fd8b98c407f9dee5b5e588cfe7f0d8579ec20fa6527cd59bab7f0f0?s=96&d=mm&r=g","caption":"Staff"},"url":"https:\/\/www.bbmnoticias.com\/labravaradiofm\/author\/redaccion\/"}]}},"_links":{"self":[{"href":"https:\/\/www.bbmnoticias.com\/labravaradiofm\/wp-json\/wp\/v2\/posts\/9292","targetHints":{"allow":["GET"]}}],"collection":[{"href":"https:\/\/www.bbmnoticias.com\/labravaradiofm\/wp-json\/wp\/v2\/posts"}],"about":[{"href":"https:\/\/www.bbmnoticias.com\/labravaradiofm\/wp-json\/wp\/v2\/types\/post"}],"author":[{"embeddable":true,"href":"https:\/\/www.bbmnoticias.com\/labravaradiofm\/wp-json\/wp\/v2\/users\/2"}],"replies":[{"embeddable":true,"href":"https:\/\/www.bbmnoticias.com\/labravaradiofm\/wp-json\/wp\/v2\/comments?post=9292"}],"version-history":[{"count":0,"href":"https:\/\/www.bbmnoticias.com\/labravaradiofm\/wp-json\/wp\/v2\/posts\/9292\/revisions"}],"wp:featuredmedia":[{"embeddable":true,"href":"https:\/\/www.bbmnoticias.com\/labravaradiofm\/wp-json\/wp\/v2\/media\/9293"}],"wp:attachment":[{"href":"https:\/\/www.bbmnoticias.com\/labravaradiofm\/wp-json\/wp\/v2\/media?parent=9292"}],"wp:term":[{"taxonomy":"category","embeddable":true,"href":"https:\/\/www.bbmnoticias.com\/labravaradiofm\/wp-json\/wp\/v2\/categories?post=9292"},{"taxonomy":"post_tag","embeddable":true,"href":"https:\/\/www.bbmnoticias.com\/labravaradiofm\/wp-json\/wp\/v2\/tags?post=9292"}],"curies":[{"name":"wp","href":"https:\/\/api.w.org\/{rel}","templated":true}]}}