{"id":9270,"date":"2022-02-02T14:25:49","date_gmt":"2022-02-02T20:25:49","guid":{"rendered":"https:\/\/www.bbmnoticias.com\/labravaradiofm\/?p=9270"},"modified":"2022-02-02T14:25:50","modified_gmt":"2022-02-02T20:25:50","slug":"gobierno-federal-controla-seguridad-en-el-corredor-interoceanico-murat","status":"publish","type":"post","link":"https:\/\/www.bbmnoticias.com\/labravaradiofm\/2022\/02\/02\/gobierno-federal-controla-seguridad-en-el-corredor-interoceanico-murat\/","title":{"rendered":"Gobierno federal controla seguridad en el Corredor Interoce\u00e1nico: Murat"},"content":{"rendered":"<div style=\"margin-top: 0px; margin-bottom: 0px;\" class=\"sharethis-inline-share-buttons\" ><\/div>\n<p>OAXACA, Oax. 2 de febrero de 2022.- El gobernador de Oaxaca, Alejandro Murat Hinojosa inform\u00f3 que el gobierno federal asumi\u00f3 el control de la seguridad p\u00fablica en el Corredor Interoce\u00e1nico en el Istmo de Tehuantepec con la llegada de elementos de la Marina.<\/p>\n\n\n\n<p>En entrevista colectiva despu\u00e9s de inaugurar la reconstrucci\u00f3n de la zona de artesan\u00edas de la Central de Abasto, dijo que \u201cnos debe dar certeza a los oaxaque\u00f1os que estamos &nbsp;en buenas manos con la llegada de la Secretar\u00eda de Marina para resguardar la zona\u201d.<\/p>\n\n\n\n<p>Manifest\u00f3 que siempre estar\u00e1 agradecido con la Secretar\u00eda de Marina por su gran capacidad para generar paz y frenar a quienes quieren lastimar a Oaxaca.<\/p>\n\n\n\n<p>\u201cSeguiremos trabajando con el presidente de M\u00e9xico, Andr\u00e9s Manuel L\u00f3pez Obrador para consolidar el proyecto del Istmo de Tehuantepec\u201d.<\/p>\n\n\n\n<p>Sobre la veda electoral que inicia este jueves 3 de febrero por el proceso de revocaci\u00f3n de mandato del ejecutivo federal, dijo \u201cnosotros trabajamos apegados a la ley, no necesitamos una veda electoral\u201d.<\/p>\n\n\n\n<p>Al contrario, a\u00f1adi\u00f3 \u201clo que creo es que se necesita una reforma a la Ley Electoral de M\u00e9xico, me parece que la ley que se tiene hoy es rudimentaria y que limita los derechos pol\u00edticos de todos\u201d.<\/p>\n\n\n\n<p>Murat Hinojosa destac\u00f3 que la tarea de gobierno se hace todos los d\u00edas y no se va a llevar m\u00e1s o menos porque hay veda electoral.<\/p>\n\n\n\n<p>\u201cYo lo que les dir\u00eda es que pronto estar\u00e9 haciendo una propuesta para que haya una reforma electoral de fondo\u201d.<\/p>\n","protected":false},"excerpt":{"rendered":"<p>OAXACA, Oax. 2 de febrero de 2022.- El gobernador de Oaxaca, Alejandro Murat Hinojosa inform\u00f3 que el gobierno federal asumi\u00f3 el control de la seguridad p\u00fablica en el Corredor Interoce\u00e1nico en el Istmo de Tehuantepec con la llegada de elementos de la Marina. En entrevista colectiva despu\u00e9s de inaugurar la reconstrucci\u00f3n de la zona de [&hellip;]<\/p>\n","protected":false},"author":5,"featured_media":9271,"comment_status":"closed","ping_status":"closed","sticky":false,"template":"","format":"standard","meta":{"footnotes":""},"categories":[1],"tags":[],"class_list":{"0":"post-9270","1":"post","2":"type-post","3":"status-publish","4":"format-standard","5":"has-post-thumbnail","7":"category-sin-categoria"},"yoast_head":"<!-- This site is optimized with the Yoast SEO plugin v27.4 - https:\/\/yoast.com\/product\/yoast-seo-wordpress\/ -->\n<title>Gobierno federal controla seguridad en el Corredor Interoce\u00e1nico: Murat - LA BRAVA RADIO<\/title>\n<meta name=\"robots\" content=\"index, follow, max-snippet:-1, max-image-preview:large, max-video-preview:-1\" \/>\n<link rel=\"canonical\" href=\"https:\/\/www.bbmnoticias.com\/labravaradiofm\/2022\/02\/02\/gobierno-federal-controla-seguridad-en-el-corredor-interoceanico-murat\/\" \/>\n<meta property=\"og:locale\" content=\"es_MX\" \/>\n<meta property=\"og:type\" content=\"article\" \/>\n<meta property=\"og:title\" content=\"Gobierno federal controla seguridad en el Corredor Interoce\u00e1nico: Murat - LA BRAVA RADIO\" \/>\n<meta property=\"og:description\" content=\"OAXACA, Oax. 2 de febrero de 2022.- El gobernador de Oaxaca, Alejandro Murat Hinojosa inform\u00f3 que el gobierno federal asumi\u00f3 el control de la seguridad p\u00fablica en el Corredor Interoce\u00e1nico en el Istmo de Tehuantepec con la llegada de elementos de la Marina. En entrevista colectiva despu\u00e9s de inaugurar la reconstrucci\u00f3n de la zona de [&hellip;]\" \/>\n<meta property=\"og:url\" content=\"https:\/\/www.bbmnoticias.com\/labravaradiofm\/2022\/02\/02\/gobierno-federal-controla-seguridad-en-el-corredor-interoceanico-murat\/\" \/>\n<meta property=\"og:site_name\" content=\"LA BRAVA RADIO\" \/>\n<meta property=\"article:published_time\" content=\"2022-02-02T20:25:49+00:00\" \/>\n<meta property=\"article:modified_time\" content=\"2022-02-02T20:25:50+00:00\" \/>\n<meta property=\"og:image\" content=\"https:\/\/www.bbmnoticias.com\/labravaradiofm\/wp-content\/uploads\/sites\/5\/2022\/02\/alejandro-murat.jpeg\" \/>\n\t<meta property=\"og:image:width\" content=\"1280\" \/>\n\t<meta property=\"og:image:height\" content=\"853\" \/>\n\t<meta property=\"og:image:type\" content=\"image\/jpeg\" \/>\n<meta name=\"author\" content=\"Quadratin\" \/>\n<meta name=\"twitter:card\" content=\"summary_large_image\" \/>\n<meta name=\"twitter:label1\" content=\"Escrito por\" \/>\n\t<meta name=\"twitter:data1\" content=\"Quadratin\" \/>\n\t<meta name=\"twitter:label2\" content=\"Tiempo de lectura\" \/>\n\t<meta name=\"twitter:data2\" content=\"2 minutos\" \/>\n<script type=\"application\/ld+json\" class=\"yoast-schema-graph\">{\"@context\":\"https:\\\/\\\/schema.org\",\"@graph\":[{\"@type\":\"Article\",\"@id\":\"https:\\\/\\\/www.bbmnoticias.com\\\/labravaradiofm\\\/2022\\\/02\\\/02\\\/gobierno-federal-controla-seguridad-en-el-corredor-interoceanico-murat\\\/#article\",\"isPartOf\":{\"@id\":\"https:\\\/\\\/www.bbmnoticias.com\\\/labravaradiofm\\\/2022\\\/02\\\/02\\\/gobierno-federal-controla-seguridad-en-el-corredor-interoceanico-murat\\\/\"},\"author\":{\"name\":\"Quadratin\",\"@id\":\"https:\\\/\\\/www.bbmnoticias.com\\\/labravaradiofm\\\/#\\\/schema\\\/person\\\/c316b6f6c03640cce5d9482ba5a8e5c2\"},\"headline\":\"Gobierno federal controla seguridad en el Corredor Interoce\u00e1nico: Murat\",\"datePublished\":\"2022-02-02T20:25:49+00:00\",\"dateModified\":\"2022-02-02T20:25:50+00:00\",\"mainEntityOfPage\":{\"@id\":\"https:\\\/\\\/www.bbmnoticias.com\\\/labravaradiofm\\\/2022\\\/02\\\/02\\\/gobierno-federal-controla-seguridad-en-el-corredor-interoceanico-murat\\\/\"},\"wordCount\":274,\"image\":{\"@id\":\"https:\\\/\\\/www.bbmnoticias.com\\\/labravaradiofm\\\/2022\\\/02\\\/02\\\/gobierno-federal-controla-seguridad-en-el-corredor-interoceanico-murat\\\/#primaryimage\"},\"thumbnailUrl\":\"https:\\\/\\\/www.bbmnoticias.com\\\/labravaradiofm\\\/wp-content\\\/uploads\\\/sites\\\/5\\\/2022\\\/02\\\/alejandro-murat.jpeg\",\"inLanguage\":\"es\"},{\"@type\":\"WebPage\",\"@id\":\"https:\\\/\\\/www.bbmnoticias.com\\\/labravaradiofm\\\/2022\\\/02\\\/02\\\/gobierno-federal-controla-seguridad-en-el-corredor-interoceanico-murat\\\/\",\"url\":\"https:\\\/\\\/www.bbmnoticias.com\\\/labravaradiofm\\\/2022\\\/02\\\/02\\\/gobierno-federal-controla-seguridad-en-el-corredor-interoceanico-murat\\\/\",\"name\":\"Gobierno federal controla seguridad en el Corredor Interoce\u00e1nico: Murat - LA BRAVA RADIO\",\"isPartOf\":{\"@id\":\"https:\\\/\\\/www.bbmnoticias.com\\\/labravaradiofm\\\/#website\"},\"primaryImageOfPage\":{\"@id\":\"https:\\\/\\\/www.bbmnoticias.com\\\/labravaradiofm\\\/2022\\\/02\\\/02\\\/gobierno-federal-controla-seguridad-en-el-corredor-interoceanico-murat\\\/#primaryimage\"},\"image\":{\"@id\":\"https:\\\/\\\/www.bbmnoticias.com\\\/labravaradiofm\\\/2022\\\/02\\\/02\\\/gobierno-federal-controla-seguridad-en-el-corredor-interoceanico-murat\\\/#primaryimage\"},\"thumbnailUrl\":\"https:\\\/\\\/www.bbmnoticias.com\\\/labravaradiofm\\\/wp-content\\\/uploads\\\/sites\\\/5\\\/2022\\\/02\\\/alejandro-murat.jpeg\",\"datePublished\":\"2022-02-02T20:25:49+00:00\",\"dateModified\":\"2022-02-02T20:25:50+00:00\",\"author\":{\"@id\":\"https:\\\/\\\/www.bbmnoticias.com\\\/labravaradiofm\\\/#\\\/schema\\\/person\\\/c316b6f6c03640cce5d9482ba5a8e5c2\"},\"breadcrumb\":{\"@id\":\"https:\\\/\\\/www.bbmnoticias.com\\\/labravaradiofm\\\/2022\\\/02\\\/02\\\/gobierno-federal-controla-seguridad-en-el-corredor-interoceanico-murat\\\/#breadcrumb\"},\"inLanguage\":\"es\",\"potentialAction\":[{\"@type\":\"ReadAction\",\"target\":[\"https:\\\/\\\/www.bbmnoticias.com\\\/labravaradiofm\\\/2022\\\/02\\\/02\\\/gobierno-federal-controla-seguridad-en-el-corredor-interoceanico-murat\\\/\"]}]},{\"@type\":\"ImageObject\",\"inLanguage\":\"es\",\"@id\":\"https:\\\/\\\/www.bbmnoticias.com\\\/labravaradiofm\\\/2022\\\/02\\\/02\\\/gobierno-federal-controla-seguridad-en-el-corredor-interoceanico-murat\\\/#primaryimage\",\"url\":\"https:\\\/\\\/www.bbmnoticias.com\\\/labravaradiofm\\\/wp-content\\\/uploads\\\/sites\\\/5\\\/2022\\\/02\\\/alejandro-murat.jpeg\",\"contentUrl\":\"https:\\\/\\\/www.bbmnoticias.com\\\/labravaradiofm\\\/wp-content\\\/uploads\\\/sites\\\/5\\\/2022\\\/02\\\/alejandro-murat.jpeg\",\"width\":1280,\"height\":853},{\"@type\":\"BreadcrumbList\",\"@id\":\"https:\\\/\\\/www.bbmnoticias.com\\\/labravaradiofm\\\/2022\\\/02\\\/02\\\/gobierno-federal-controla-seguridad-en-el-corredor-interoceanico-murat\\\/#breadcrumb\",\"itemListElement\":[{\"@type\":\"ListItem\",\"position\":1,\"name\":\"Inicio\",\"item\":\"https:\\\/\\\/www.bbmnoticias.com\\\/labravaradiofm\\\/\"},{\"@type\":\"ListItem\",\"position\":2,\"name\":\"Gobierno federal controla seguridad en el Corredor Interoce\u00e1nico: Murat\"}]},{\"@type\":\"WebSite\",\"@id\":\"https:\\\/\\\/www.bbmnoticias.com\\\/labravaradiofm\\\/#website\",\"url\":\"https:\\\/\\\/www.bbmnoticias.com\\\/labravaradiofm\\\/\",\"name\":\"LA BRAVA RADIO\",\"description\":\"Empresa productora de medios, Radiodifusi\u00f3n, Noticias, tendencias y todo lo que necesitas saber de la pol\u00edtica mexicana e internacional; entretenimiento, espect\u00e1culos, salud y mucho m\u00e1s.\",\"potentialAction\":[{\"@type\":\"SearchAction\",\"target\":{\"@type\":\"EntryPoint\",\"urlTemplate\":\"https:\\\/\\\/www.bbmnoticias.com\\\/labravaradiofm\\\/?s={search_term_string}\"},\"query-input\":{\"@type\":\"PropertyValueSpecification\",\"valueRequired\":true,\"valueName\":\"search_term_string\"}}],\"inLanguage\":\"es\"},{\"@type\":\"Person\",\"@id\":\"https:\\\/\\\/www.bbmnoticias.com\\\/labravaradiofm\\\/#\\\/schema\\\/person\\\/c316b6f6c03640cce5d9482ba5a8e5c2\",\"name\":\"Quadratin\",\"image\":{\"@type\":\"ImageObject\",\"inLanguage\":\"es\",\"@id\":\"https:\\\/\\\/secure.gravatar.com\\\/avatar\\\/34008d7d72488432d6a74f81e839efc9f754b118786ca32cf39d9d5508a68f63?s=96&d=mm&r=g\",\"url\":\"https:\\\/\\\/secure.gravatar.com\\\/avatar\\\/34008d7d72488432d6a74f81e839efc9f754b118786ca32cf39d9d5508a68f63?s=96&d=mm&r=g\",\"contentUrl\":\"https:\\\/\\\/secure.gravatar.com\\\/avatar\\\/34008d7d72488432d6a74f81e839efc9f754b118786ca32cf39d9d5508a68f63?s=96&d=mm&r=g\",\"caption\":\"Quadratin\"},\"url\":\"https:\\\/\\\/www.bbmnoticias.com\\\/labravaradiofm\\\/author\\\/quadratin\\\/\"}]}<\/script>\n<!-- \/ Yoast SEO plugin. -->","yoast_head_json":{"title":"Gobierno federal controla seguridad en el Corredor Interoce\u00e1nico: Murat - LA BRAVA RADIO","robots":{"index":"index","follow":"follow","max-snippet":"max-snippet:-1","max-image-preview":"max-image-preview:large","max-video-preview":"max-video-preview:-1"},"canonical":"https:\/\/www.bbmnoticias.com\/labravaradiofm\/2022\/02\/02\/gobierno-federal-controla-seguridad-en-el-corredor-interoceanico-murat\/","og_locale":"es_MX","og_type":"article","og_title":"Gobierno federal controla seguridad en el Corredor Interoce\u00e1nico: Murat - LA BRAVA RADIO","og_description":"OAXACA, Oax. 2 de febrero de 2022.- El gobernador de Oaxaca, Alejandro Murat Hinojosa inform\u00f3 que el gobierno federal asumi\u00f3 el control de la seguridad p\u00fablica en el Corredor Interoce\u00e1nico en el Istmo de Tehuantepec con la llegada de elementos de la Marina. En entrevista colectiva despu\u00e9s de inaugurar la reconstrucci\u00f3n de la zona de [&hellip;]","og_url":"https:\/\/www.bbmnoticias.com\/labravaradiofm\/2022\/02\/02\/gobierno-federal-controla-seguridad-en-el-corredor-interoceanico-murat\/","og_site_name":"LA BRAVA RADIO","article_published_time":"2022-02-02T20:25:49+00:00","article_modified_time":"2022-02-02T20:25:50+00:00","og_image":[{"width":1280,"height":853,"url":"https:\/\/www.bbmnoticias.com\/labravaradiofm\/wp-content\/uploads\/sites\/5\/2022\/02\/alejandro-murat.jpeg","type":"image\/jpeg"}],"author":"Quadratin","twitter_card":"summary_large_image","twitter_misc":{"Escrito por":"Quadratin","Tiempo de lectura":"2 minutos"},"schema":{"@context":"https:\/\/schema.org","@graph":[{"@type":"Article","@id":"https:\/\/www.bbmnoticias.com\/labravaradiofm\/2022\/02\/02\/gobierno-federal-controla-seguridad-en-el-corredor-interoceanico-murat\/#article","isPartOf":{"@id":"https:\/\/www.bbmnoticias.com\/labravaradiofm\/2022\/02\/02\/gobierno-federal-controla-seguridad-en-el-corredor-interoceanico-murat\/"},"author":{"name":"Quadratin","@id":"https:\/\/www.bbmnoticias.com\/labravaradiofm\/#\/schema\/person\/c316b6f6c03640cce5d9482ba5a8e5c2"},"headline":"Gobierno federal controla seguridad en el Corredor Interoce\u00e1nico: Murat","datePublished":"2022-02-02T20:25:49+00:00","dateModified":"2022-02-02T20:25:50+00:00","mainEntityOfPage":{"@id":"https:\/\/www.bbmnoticias.com\/labravaradiofm\/2022\/02\/02\/gobierno-federal-controla-seguridad-en-el-corredor-interoceanico-murat\/"},"wordCount":274,"image":{"@id":"https:\/\/www.bbmnoticias.com\/labravaradiofm\/2022\/02\/02\/gobierno-federal-controla-seguridad-en-el-corredor-interoceanico-murat\/#primaryimage"},"thumbnailUrl":"https:\/\/www.bbmnoticias.com\/labravaradiofm\/wp-content\/uploads\/sites\/5\/2022\/02\/alejandro-murat.jpeg","inLanguage":"es"},{"@type":"WebPage","@id":"https:\/\/www.bbmnoticias.com\/labravaradiofm\/2022\/02\/02\/gobierno-federal-controla-seguridad-en-el-corredor-interoceanico-murat\/","url":"https:\/\/www.bbmnoticias.com\/labravaradiofm\/2022\/02\/02\/gobierno-federal-controla-seguridad-en-el-corredor-interoceanico-murat\/","name":"Gobierno federal controla seguridad en el Corredor Interoce\u00e1nico: Murat - LA BRAVA RADIO","isPartOf":{"@id":"https:\/\/www.bbmnoticias.com\/labravaradiofm\/#website"},"primaryImageOfPage":{"@id":"https:\/\/www.bbmnoticias.com\/labravaradiofm\/2022\/02\/02\/gobierno-federal-controla-seguridad-en-el-corredor-interoceanico-murat\/#primaryimage"},"image":{"@id":"https:\/\/www.bbmnoticias.com\/labravaradiofm\/2022\/02\/02\/gobierno-federal-controla-seguridad-en-el-corredor-interoceanico-murat\/#primaryimage"},"thumbnailUrl":"https:\/\/www.bbmnoticias.com\/labravaradiofm\/wp-content\/uploads\/sites\/5\/2022\/02\/alejandro-murat.jpeg","datePublished":"2022-02-02T20:25:49+00:00","dateModified":"2022-02-02T20:25:50+00:00","author":{"@id":"https:\/\/www.bbmnoticias.com\/labravaradiofm\/#\/schema\/person\/c316b6f6c03640cce5d9482ba5a8e5c2"},"breadcrumb":{"@id":"https:\/\/www.bbmnoticias.com\/labravaradiofm\/2022\/02\/02\/gobierno-federal-controla-seguridad-en-el-corredor-interoceanico-murat\/#breadcrumb"},"inLanguage":"es","potentialAction":[{"@type":"ReadAction","target":["https:\/\/www.bbmnoticias.com\/labravaradiofm\/2022\/02\/02\/gobierno-federal-controla-seguridad-en-el-corredor-interoceanico-murat\/"]}]},{"@type":"ImageObject","inLanguage":"es","@id":"https:\/\/www.bbmnoticias.com\/labravaradiofm\/2022\/02\/02\/gobierno-federal-controla-seguridad-en-el-corredor-interoceanico-murat\/#primaryimage","url":"https:\/\/www.bbmnoticias.com\/labravaradiofm\/wp-content\/uploads\/sites\/5\/2022\/02\/alejandro-murat.jpeg","contentUrl":"https:\/\/www.bbmnoticias.com\/labravaradiofm\/wp-content\/uploads\/sites\/5\/2022\/02\/alejandro-murat.jpeg","width":1280,"height":853},{"@type":"BreadcrumbList","@id":"https:\/\/www.bbmnoticias.com\/labravaradiofm\/2022\/02\/02\/gobierno-federal-controla-seguridad-en-el-corredor-interoceanico-murat\/#breadcrumb","itemListElement":[{"@type":"ListItem","position":1,"name":"Inicio","item":"https:\/\/www.bbmnoticias.com\/labravaradiofm\/"},{"@type":"ListItem","position":2,"name":"Gobierno federal controla seguridad en el Corredor Interoce\u00e1nico: Murat"}]},{"@type":"WebSite","@id":"https:\/\/www.bbmnoticias.com\/labravaradiofm\/#website","url":"https:\/\/www.bbmnoticias.com\/labravaradiofm\/","name":"LA BRAVA RADIO","description":"Empresa productora de medios, Radiodifusi\u00f3n, Noticias, tendencias y todo lo que necesitas saber de la pol\u00edtica mexicana e internacional; entretenimiento, espect\u00e1culos, salud y mucho m\u00e1s.","potentialAction":[{"@type":"SearchAction","target":{"@type":"EntryPoint","urlTemplate":"https:\/\/www.bbmnoticias.com\/labravaradiofm\/?s={search_term_string}"},"query-input":{"@type":"PropertyValueSpecification","valueRequired":true,"valueName":"search_term_string"}}],"inLanguage":"es"},{"@type":"Person","@id":"https:\/\/www.bbmnoticias.com\/labravaradiofm\/#\/schema\/person\/c316b6f6c03640cce5d9482ba5a8e5c2","name":"Quadratin","image":{"@type":"ImageObject","inLanguage":"es","@id":"https:\/\/secure.gravatar.com\/avatar\/34008d7d72488432d6a74f81e839efc9f754b118786ca32cf39d9d5508a68f63?s=96&d=mm&r=g","url":"https:\/\/secure.gravatar.com\/avatar\/34008d7d72488432d6a74f81e839efc9f754b118786ca32cf39d9d5508a68f63?s=96&d=mm&r=g","contentUrl":"https:\/\/secure.gravatar.com\/avatar\/34008d7d72488432d6a74f81e839efc9f754b118786ca32cf39d9d5508a68f63?s=96&d=mm&r=g","caption":"Quadratin"},"url":"https:\/\/www.bbmnoticias.com\/labravaradiofm\/author\/quadratin\/"}]}},"_links":{"self":[{"href":"https:\/\/www.bbmnoticias.com\/labravaradiofm\/wp-json\/wp\/v2\/posts\/9270","targetHints":{"allow":["GET"]}}],"collection":[{"href":"https:\/\/www.bbmnoticias.com\/labravaradiofm\/wp-json\/wp\/v2\/posts"}],"about":[{"href":"https:\/\/www.bbmnoticias.com\/labravaradiofm\/wp-json\/wp\/v2\/types\/post"}],"author":[{"embeddable":true,"href":"https:\/\/www.bbmnoticias.com\/labravaradiofm\/wp-json\/wp\/v2\/users\/5"}],"replies":[{"embeddable":true,"href":"https:\/\/www.bbmnoticias.com\/labravaradiofm\/wp-json\/wp\/v2\/comments?post=9270"}],"version-history":[{"count":0,"href":"https:\/\/www.bbmnoticias.com\/labravaradiofm\/wp-json\/wp\/v2\/posts\/9270\/revisions"}],"wp:featuredmedia":[{"embeddable":true,"href":"https:\/\/www.bbmnoticias.com\/labravaradiofm\/wp-json\/wp\/v2\/media\/9271"}],"wp:attachment":[{"href":"https:\/\/www.bbmnoticias.com\/labravaradiofm\/wp-json\/wp\/v2\/media?parent=9270"}],"wp:term":[{"taxonomy":"category","embeddable":true,"href":"https:\/\/www.bbmnoticias.com\/labravaradiofm\/wp-json\/wp\/v2\/categories?post=9270"},{"taxonomy":"post_tag","embeddable":true,"href":"https:\/\/www.bbmnoticias.com\/labravaradiofm\/wp-json\/wp\/v2\/tags?post=9270"}],"curies":[{"name":"wp","href":"https:\/\/api.w.org\/{rel}","templated":true}]}}