{"id":9256,"date":"2022-02-02T09:55:32","date_gmt":"2022-02-02T15:55:32","guid":{"rendered":"https:\/\/www.bbmnoticias.com\/labravaradiofm\/?p=9256"},"modified":"2022-02-02T09:55:33","modified_gmt":"2022-02-02T15:55:33","slug":"empleadores-mantienen-optimismo-por-recuperacion-economica-en-2022-encuesta-infonavit","status":"publish","type":"post","link":"https:\/\/www.bbmnoticias.com\/labravaradiofm\/2022\/02\/02\/empleadores-mantienen-optimismo-por-recuperacion-economica-en-2022-encuesta-infonavit\/","title":{"rendered":"Empleadores mantienen optimismo por recuperaci\u00f3n econ\u00f3mica en 2022: Encuesta INFONAVIT"},"content":{"rendered":"<div style=\"margin-top: 0px; margin-bottom: 0px;\" class=\"sharethis-inline-share-buttons\" ><\/div>\n<p>El Instituto del Fondo Nacional de la Vivienda para los Trabajadores (Infonavit) public\u00f3 la Encuesta de Desempe\u00f1o y Prospectiva Nacional de Empresas en M\u00e9xico correspondiente al cuarto trimestre de 2021, en la que siete de cada 10 empresas consideraron que su situaci\u00f3n econ\u00f3mica regresar\u00e1 en menos de un a\u00f1o al estatus que ten\u00edan antes de la emergencia sanitaria por Covid-19.&nbsp;<\/p>\n\n\n\n<p>De acuerdo con el documento, de las m\u00e1s de 2 mil empresas encuestadas, 81.9% esperan que sus ingresos aumenten o se estabilicen en los pr\u00f3ximos seis meses. Asimismo, el 88.8% de las empresas report\u00f3 que considera que la situaci\u00f3n general para su sector ser\u00e1 buena o muy buena.&nbsp;<\/p>\n\n\n\n<p>En l\u00ednea con estas expectativas, 90.6% de las empresas consider\u00f3 que mantendr\u00e1 o incrementar\u00e1 el n\u00famero de empleos en este a\u00f1o, mientras que 49.2% de los encuestados report\u00f3 haber contratado trabajadores en el trimestre anterior, el porcentaje m\u00e1s alto desde que se inici\u00f3 el levantamiento de la encuesta, en el primer trimestre de 2021.&nbsp;&nbsp;<\/p>\n\n\n\n<figure class=\"wp-block-image size-full\"><img loading=\"lazy\" decoding=\"async\" width=\"480\" height=\"288\" src=\"https:\/\/www.bbmnoticias.com\/labravaradiofm\/wp-content\/uploads\/sites\/5\/2022\/02\/image.png\" alt=\"\" class=\"wp-image-9257\" srcset=\"https:\/\/www.bbmnoticias.com\/labravaradiofm\/wp-content\/uploads\/sites\/5\/2022\/02\/image.png 480w, https:\/\/www.bbmnoticias.com\/labravaradiofm\/wp-content\/uploads\/sites\/5\/2022\/02\/image-300x180.png 300w\" sizes=\"auto, (max-width: 480px) 100vw, 480px\" \/><\/figure>\n\n\n\n<p>Asimismo, se observ\u00f3 una reducci\u00f3n en el impacto generado por las medidas de confinamiento, una reducci\u00f3n en el n\u00famero de empresas que han experimentado paros t\u00e9cnicos, una menor preocupaci\u00f3n por la falta de liquidez y una recuperaci\u00f3n en el financiamiento.&nbsp;&nbsp;&nbsp;&nbsp;<\/p>\n\n\n\n<p>Como parte de la recuperaci\u00f3n econ\u00f3mica observada, la encuesta reflej\u00f3 un mayor optimismo de los empresarios para la econom\u00eda del pa\u00eds; 43.2% de ellos se\u00f1alaron que la econom\u00eda nacional alcanzar\u00e1 la situaci\u00f3n que ten\u00eda antes de la emergencia sanitaria antes de un a\u00f1o, el mayor porcentaje desde el inicio de esta medici\u00f3n.&nbsp;&nbsp;&nbsp;&nbsp;&nbsp;&nbsp;<\/p>\n\n\n\n<p>Para la elaboraci\u00f3n de esta encuesta, levantada entre del 12 de octubre al 3 de diciembre de 2021, se entrevistaron a 2,089 empresas con trabajadores que cotizan al Infonavit; siendo una muestra representativa de las casi 968 mil empresas que realizan aportaciones para la Subcuenta de Vivienda.&nbsp;&nbsp;<\/p>\n\n\n\n<p><strong>Conoce todo lo que necesitas saber sobre cr\u00e9ditos, tr\u00e1mites y servicios del Infonavit, de manera sencilla y clara en infonavitfacil.mx.&nbsp;&nbsp;&nbsp;<\/strong>&nbsp;<\/p>\n\n\n\n<p><strong>Infonavit es una instituci\u00f3n de solidaridad, servicio y seguridad social del Estado, que tiene como objetivo otorgar cr\u00e9dito barato y suficiente para que las y los trabajadores del sector formal puedan acceder a una vivienda adecuada y formar un patrimonio. Asimismo, es la hipotecaria m\u00e1s grande en Am\u00e9rica Latina y la cuarta en el mundo, desde su creaci\u00f3n en 1972 a la fecha, el organismo ha colocado m\u00e1s de 11.6 millones de cr\u00e9ditos en M\u00e9xico.<\/strong>&nbsp;<\/p>\n","protected":false},"excerpt":{"rendered":"<p>El Instituto del Fondo Nacional de la Vivienda para los Trabajadores (Infonavit) public\u00f3 la Encuesta de Desempe\u00f1o y Prospectiva Nacional de Empresas en M\u00e9xico correspondiente al cuarto trimestre de 2021, en la que siete de cada 10 empresas consideraron que su situaci\u00f3n econ\u00f3mica regresar\u00e1 en menos de un a\u00f1o al estatus que ten\u00edan antes de [&hellip;]<\/p>\n","protected":false},"author":2,"featured_media":8595,"comment_status":"closed","ping_status":"closed","sticky":false,"template":"","format":"standard","meta":{"footnotes":""},"categories":[19],"tags":[],"class_list":{"0":"post-9256","1":"post","2":"type-post","3":"status-publish","4":"format-standard","5":"has-post-thumbnail","7":"category-nacional"},"yoast_head":"<!-- This site is optimized with the Yoast SEO plugin v27.4 - https:\/\/yoast.com\/product\/yoast-seo-wordpress\/ -->\n<title>Empleadores mantienen optimismo por recuperaci\u00f3n econ\u00f3mica en 2022: Encuesta INFONAVIT - LA BRAVA RADIO<\/title>\n<meta name=\"robots\" content=\"index, follow, max-snippet:-1, max-image-preview:large, max-video-preview:-1\" \/>\n<link rel=\"canonical\" href=\"https:\/\/www.bbmnoticias.com\/labravaradiofm\/2022\/02\/02\/empleadores-mantienen-optimismo-por-recuperacion-economica-en-2022-encuesta-infonavit\/\" \/>\n<meta property=\"og:locale\" content=\"es_MX\" \/>\n<meta property=\"og:type\" content=\"article\" \/>\n<meta property=\"og:title\" content=\"Empleadores mantienen optimismo por recuperaci\u00f3n econ\u00f3mica en 2022: Encuesta INFONAVIT - LA BRAVA RADIO\" \/>\n<meta property=\"og:description\" content=\"El Instituto del Fondo Nacional de la Vivienda para los Trabajadores (Infonavit) public\u00f3 la Encuesta de Desempe\u00f1o y Prospectiva Nacional de Empresas en M\u00e9xico correspondiente al cuarto trimestre de 2021, en la que siete de cada 10 empresas consideraron que su situaci\u00f3n econ\u00f3mica regresar\u00e1 en menos de un a\u00f1o al estatus que ten\u00edan antes de [&hellip;]\" \/>\n<meta property=\"og:url\" content=\"https:\/\/www.bbmnoticias.com\/labravaradiofm\/2022\/02\/02\/empleadores-mantienen-optimismo-por-recuperacion-economica-en-2022-encuesta-infonavit\/\" \/>\n<meta property=\"og:site_name\" content=\"LA BRAVA RADIO\" \/>\n<meta property=\"article:published_time\" content=\"2022-02-02T15:55:32+00:00\" \/>\n<meta property=\"article:modified_time\" content=\"2022-02-02T15:55:33+00:00\" \/>\n<meta property=\"og:image\" content=\"https:\/\/www.bbmnoticias.com\/labravaradiofm\/wp-content\/uploads\/sites\/5\/2022\/01\/infonavit-seguros.jpg\" \/>\n\t<meta property=\"og:image:width\" content=\"1800\" \/>\n\t<meta property=\"og:image:height\" content=\"1052\" \/>\n\t<meta property=\"og:image:type\" content=\"image\/jpeg\" \/>\n<meta name=\"author\" content=\"Staff\" \/>\n<meta name=\"twitter:card\" content=\"summary_large_image\" \/>\n<meta name=\"twitter:label1\" content=\"Escrito por\" \/>\n\t<meta name=\"twitter:data1\" content=\"Staff\" \/>\n\t<meta name=\"twitter:label2\" content=\"Tiempo de lectura\" \/>\n\t<meta name=\"twitter:data2\" content=\"3 minutos\" \/>\n<script type=\"application\/ld+json\" class=\"yoast-schema-graph\">{\"@context\":\"https:\\\/\\\/schema.org\",\"@graph\":[{\"@type\":\"Article\",\"@id\":\"https:\\\/\\\/www.bbmnoticias.com\\\/labravaradiofm\\\/2022\\\/02\\\/02\\\/empleadores-mantienen-optimismo-por-recuperacion-economica-en-2022-encuesta-infonavit\\\/#article\",\"isPartOf\":{\"@id\":\"https:\\\/\\\/www.bbmnoticias.com\\\/labravaradiofm\\\/2022\\\/02\\\/02\\\/empleadores-mantienen-optimismo-por-recuperacion-economica-en-2022-encuesta-infonavit\\\/\"},\"author\":{\"name\":\"Staff\",\"@id\":\"https:\\\/\\\/www.bbmnoticias.com\\\/labravaradiofm\\\/#\\\/schema\\\/person\\\/68a9e9036ef3c5b55aeb2b71dc8bab45\"},\"headline\":\"Empleadores mantienen optimismo por recuperaci\u00f3n econ\u00f3mica en 2022: Encuesta INFONAVIT\",\"datePublished\":\"2022-02-02T15:55:32+00:00\",\"dateModified\":\"2022-02-02T15:55:33+00:00\",\"mainEntityOfPage\":{\"@id\":\"https:\\\/\\\/www.bbmnoticias.com\\\/labravaradiofm\\\/2022\\\/02\\\/02\\\/empleadores-mantienen-optimismo-por-recuperacion-economica-en-2022-encuesta-infonavit\\\/\"},\"wordCount\":453,\"image\":{\"@id\":\"https:\\\/\\\/www.bbmnoticias.com\\\/labravaradiofm\\\/2022\\\/02\\\/02\\\/empleadores-mantienen-optimismo-por-recuperacion-economica-en-2022-encuesta-infonavit\\\/#primaryimage\"},\"thumbnailUrl\":\"https:\\\/\\\/www.bbmnoticias.com\\\/labravaradiofm\\\/wp-content\\\/uploads\\\/sites\\\/5\\\/2022\\\/01\\\/infonavit-seguros.jpg\",\"articleSection\":[\"NACIONAL\"],\"inLanguage\":\"es\"},{\"@type\":\"WebPage\",\"@id\":\"https:\\\/\\\/www.bbmnoticias.com\\\/labravaradiofm\\\/2022\\\/02\\\/02\\\/empleadores-mantienen-optimismo-por-recuperacion-economica-en-2022-encuesta-infonavit\\\/\",\"url\":\"https:\\\/\\\/www.bbmnoticias.com\\\/labravaradiofm\\\/2022\\\/02\\\/02\\\/empleadores-mantienen-optimismo-por-recuperacion-economica-en-2022-encuesta-infonavit\\\/\",\"name\":\"Empleadores mantienen optimismo por recuperaci\u00f3n econ\u00f3mica en 2022: Encuesta INFONAVIT - LA BRAVA RADIO\",\"isPartOf\":{\"@id\":\"https:\\\/\\\/www.bbmnoticias.com\\\/labravaradiofm\\\/#website\"},\"primaryImageOfPage\":{\"@id\":\"https:\\\/\\\/www.bbmnoticias.com\\\/labravaradiofm\\\/2022\\\/02\\\/02\\\/empleadores-mantienen-optimismo-por-recuperacion-economica-en-2022-encuesta-infonavit\\\/#primaryimage\"},\"image\":{\"@id\":\"https:\\\/\\\/www.bbmnoticias.com\\\/labravaradiofm\\\/2022\\\/02\\\/02\\\/empleadores-mantienen-optimismo-por-recuperacion-economica-en-2022-encuesta-infonavit\\\/#primaryimage\"},\"thumbnailUrl\":\"https:\\\/\\\/www.bbmnoticias.com\\\/labravaradiofm\\\/wp-content\\\/uploads\\\/sites\\\/5\\\/2022\\\/01\\\/infonavit-seguros.jpg\",\"datePublished\":\"2022-02-02T15:55:32+00:00\",\"dateModified\":\"2022-02-02T15:55:33+00:00\",\"author\":{\"@id\":\"https:\\\/\\\/www.bbmnoticias.com\\\/labravaradiofm\\\/#\\\/schema\\\/person\\\/68a9e9036ef3c5b55aeb2b71dc8bab45\"},\"breadcrumb\":{\"@id\":\"https:\\\/\\\/www.bbmnoticias.com\\\/labravaradiofm\\\/2022\\\/02\\\/02\\\/empleadores-mantienen-optimismo-por-recuperacion-economica-en-2022-encuesta-infonavit\\\/#breadcrumb\"},\"inLanguage\":\"es\",\"potentialAction\":[{\"@type\":\"ReadAction\",\"target\":[\"https:\\\/\\\/www.bbmnoticias.com\\\/labravaradiofm\\\/2022\\\/02\\\/02\\\/empleadores-mantienen-optimismo-por-recuperacion-economica-en-2022-encuesta-infonavit\\\/\"]}]},{\"@type\":\"ImageObject\",\"inLanguage\":\"es\",\"@id\":\"https:\\\/\\\/www.bbmnoticias.com\\\/labravaradiofm\\\/2022\\\/02\\\/02\\\/empleadores-mantienen-optimismo-por-recuperacion-economica-en-2022-encuesta-infonavit\\\/#primaryimage\",\"url\":\"https:\\\/\\\/www.bbmnoticias.com\\\/labravaradiofm\\\/wp-content\\\/uploads\\\/sites\\\/5\\\/2022\\\/01\\\/infonavit-seguros.jpg\",\"contentUrl\":\"https:\\\/\\\/www.bbmnoticias.com\\\/labravaradiofm\\\/wp-content\\\/uploads\\\/sites\\\/5\\\/2022\\\/01\\\/infonavit-seguros.jpg\",\"width\":1800,\"height\":1052},{\"@type\":\"BreadcrumbList\",\"@id\":\"https:\\\/\\\/www.bbmnoticias.com\\\/labravaradiofm\\\/2022\\\/02\\\/02\\\/empleadores-mantienen-optimismo-por-recuperacion-economica-en-2022-encuesta-infonavit\\\/#breadcrumb\",\"itemListElement\":[{\"@type\":\"ListItem\",\"position\":1,\"name\":\"Inicio\",\"item\":\"https:\\\/\\\/www.bbmnoticias.com\\\/labravaradiofm\\\/\"},{\"@type\":\"ListItem\",\"position\":2,\"name\":\"Empleadores mantienen optimismo por recuperaci\u00f3n econ\u00f3mica en 2022: Encuesta INFONAVIT\"}]},{\"@type\":\"WebSite\",\"@id\":\"https:\\\/\\\/www.bbmnoticias.com\\\/labravaradiofm\\\/#website\",\"url\":\"https:\\\/\\\/www.bbmnoticias.com\\\/labravaradiofm\\\/\",\"name\":\"LA BRAVA RADIO\",\"description\":\"Empresa productora de medios, Radiodifusi\u00f3n, Noticias, tendencias y todo lo que necesitas saber de la pol\u00edtica mexicana e internacional; entretenimiento, espect\u00e1culos, salud y mucho m\u00e1s.\",\"potentialAction\":[{\"@type\":\"SearchAction\",\"target\":{\"@type\":\"EntryPoint\",\"urlTemplate\":\"https:\\\/\\\/www.bbmnoticias.com\\\/labravaradiofm\\\/?s={search_term_string}\"},\"query-input\":{\"@type\":\"PropertyValueSpecification\",\"valueRequired\":true,\"valueName\":\"search_term_string\"}}],\"inLanguage\":\"es\"},{\"@type\":\"Person\",\"@id\":\"https:\\\/\\\/www.bbmnoticias.com\\\/labravaradiofm\\\/#\\\/schema\\\/person\\\/68a9e9036ef3c5b55aeb2b71dc8bab45\",\"name\":\"Staff\",\"image\":{\"@type\":\"ImageObject\",\"inLanguage\":\"es\",\"@id\":\"https:\\\/\\\/secure.gravatar.com\\\/avatar\\\/fdd21ad66fd8b98c407f9dee5b5e588cfe7f0d8579ec20fa6527cd59bab7f0f0?s=96&d=mm&r=g\",\"url\":\"https:\\\/\\\/secure.gravatar.com\\\/avatar\\\/fdd21ad66fd8b98c407f9dee5b5e588cfe7f0d8579ec20fa6527cd59bab7f0f0?s=96&d=mm&r=g\",\"contentUrl\":\"https:\\\/\\\/secure.gravatar.com\\\/avatar\\\/fdd21ad66fd8b98c407f9dee5b5e588cfe7f0d8579ec20fa6527cd59bab7f0f0?s=96&d=mm&r=g\",\"caption\":\"Staff\"},\"url\":\"https:\\\/\\\/www.bbmnoticias.com\\\/labravaradiofm\\\/author\\\/redaccion\\\/\"}]}<\/script>\n<!-- \/ Yoast SEO plugin. -->","yoast_head_json":{"title":"Empleadores mantienen optimismo por recuperaci\u00f3n econ\u00f3mica en 2022: Encuesta INFONAVIT - LA BRAVA RADIO","robots":{"index":"index","follow":"follow","max-snippet":"max-snippet:-1","max-image-preview":"max-image-preview:large","max-video-preview":"max-video-preview:-1"},"canonical":"https:\/\/www.bbmnoticias.com\/labravaradiofm\/2022\/02\/02\/empleadores-mantienen-optimismo-por-recuperacion-economica-en-2022-encuesta-infonavit\/","og_locale":"es_MX","og_type":"article","og_title":"Empleadores mantienen optimismo por recuperaci\u00f3n econ\u00f3mica en 2022: Encuesta INFONAVIT - LA BRAVA RADIO","og_description":"El Instituto del Fondo Nacional de la Vivienda para los Trabajadores (Infonavit) public\u00f3 la Encuesta de Desempe\u00f1o y Prospectiva Nacional de Empresas en M\u00e9xico correspondiente al cuarto trimestre de 2021, en la que siete de cada 10 empresas consideraron que su situaci\u00f3n econ\u00f3mica regresar\u00e1 en menos de un a\u00f1o al estatus que ten\u00edan antes de [&hellip;]","og_url":"https:\/\/www.bbmnoticias.com\/labravaradiofm\/2022\/02\/02\/empleadores-mantienen-optimismo-por-recuperacion-economica-en-2022-encuesta-infonavit\/","og_site_name":"LA BRAVA RADIO","article_published_time":"2022-02-02T15:55:32+00:00","article_modified_time":"2022-02-02T15:55:33+00:00","og_image":[{"width":1800,"height":1052,"url":"https:\/\/www.bbmnoticias.com\/labravaradiofm\/wp-content\/uploads\/sites\/5\/2022\/01\/infonavit-seguros.jpg","type":"image\/jpeg"}],"author":"Staff","twitter_card":"summary_large_image","twitter_misc":{"Escrito por":"Staff","Tiempo de lectura":"3 minutos"},"schema":{"@context":"https:\/\/schema.org","@graph":[{"@type":"Article","@id":"https:\/\/www.bbmnoticias.com\/labravaradiofm\/2022\/02\/02\/empleadores-mantienen-optimismo-por-recuperacion-economica-en-2022-encuesta-infonavit\/#article","isPartOf":{"@id":"https:\/\/www.bbmnoticias.com\/labravaradiofm\/2022\/02\/02\/empleadores-mantienen-optimismo-por-recuperacion-economica-en-2022-encuesta-infonavit\/"},"author":{"name":"Staff","@id":"https:\/\/www.bbmnoticias.com\/labravaradiofm\/#\/schema\/person\/68a9e9036ef3c5b55aeb2b71dc8bab45"},"headline":"Empleadores mantienen optimismo por recuperaci\u00f3n econ\u00f3mica en 2022: Encuesta INFONAVIT","datePublished":"2022-02-02T15:55:32+00:00","dateModified":"2022-02-02T15:55:33+00:00","mainEntityOfPage":{"@id":"https:\/\/www.bbmnoticias.com\/labravaradiofm\/2022\/02\/02\/empleadores-mantienen-optimismo-por-recuperacion-economica-en-2022-encuesta-infonavit\/"},"wordCount":453,"image":{"@id":"https:\/\/www.bbmnoticias.com\/labravaradiofm\/2022\/02\/02\/empleadores-mantienen-optimismo-por-recuperacion-economica-en-2022-encuesta-infonavit\/#primaryimage"},"thumbnailUrl":"https:\/\/www.bbmnoticias.com\/labravaradiofm\/wp-content\/uploads\/sites\/5\/2022\/01\/infonavit-seguros.jpg","articleSection":["NACIONAL"],"inLanguage":"es"},{"@type":"WebPage","@id":"https:\/\/www.bbmnoticias.com\/labravaradiofm\/2022\/02\/02\/empleadores-mantienen-optimismo-por-recuperacion-economica-en-2022-encuesta-infonavit\/","url":"https:\/\/www.bbmnoticias.com\/labravaradiofm\/2022\/02\/02\/empleadores-mantienen-optimismo-por-recuperacion-economica-en-2022-encuesta-infonavit\/","name":"Empleadores mantienen optimismo por recuperaci\u00f3n econ\u00f3mica en 2022: Encuesta INFONAVIT - LA BRAVA RADIO","isPartOf":{"@id":"https:\/\/www.bbmnoticias.com\/labravaradiofm\/#website"},"primaryImageOfPage":{"@id":"https:\/\/www.bbmnoticias.com\/labravaradiofm\/2022\/02\/02\/empleadores-mantienen-optimismo-por-recuperacion-economica-en-2022-encuesta-infonavit\/#primaryimage"},"image":{"@id":"https:\/\/www.bbmnoticias.com\/labravaradiofm\/2022\/02\/02\/empleadores-mantienen-optimismo-por-recuperacion-economica-en-2022-encuesta-infonavit\/#primaryimage"},"thumbnailUrl":"https:\/\/www.bbmnoticias.com\/labravaradiofm\/wp-content\/uploads\/sites\/5\/2022\/01\/infonavit-seguros.jpg","datePublished":"2022-02-02T15:55:32+00:00","dateModified":"2022-02-02T15:55:33+00:00","author":{"@id":"https:\/\/www.bbmnoticias.com\/labravaradiofm\/#\/schema\/person\/68a9e9036ef3c5b55aeb2b71dc8bab45"},"breadcrumb":{"@id":"https:\/\/www.bbmnoticias.com\/labravaradiofm\/2022\/02\/02\/empleadores-mantienen-optimismo-por-recuperacion-economica-en-2022-encuesta-infonavit\/#breadcrumb"},"inLanguage":"es","potentialAction":[{"@type":"ReadAction","target":["https:\/\/www.bbmnoticias.com\/labravaradiofm\/2022\/02\/02\/empleadores-mantienen-optimismo-por-recuperacion-economica-en-2022-encuesta-infonavit\/"]}]},{"@type":"ImageObject","inLanguage":"es","@id":"https:\/\/www.bbmnoticias.com\/labravaradiofm\/2022\/02\/02\/empleadores-mantienen-optimismo-por-recuperacion-economica-en-2022-encuesta-infonavit\/#primaryimage","url":"https:\/\/www.bbmnoticias.com\/labravaradiofm\/wp-content\/uploads\/sites\/5\/2022\/01\/infonavit-seguros.jpg","contentUrl":"https:\/\/www.bbmnoticias.com\/labravaradiofm\/wp-content\/uploads\/sites\/5\/2022\/01\/infonavit-seguros.jpg","width":1800,"height":1052},{"@type":"BreadcrumbList","@id":"https:\/\/www.bbmnoticias.com\/labravaradiofm\/2022\/02\/02\/empleadores-mantienen-optimismo-por-recuperacion-economica-en-2022-encuesta-infonavit\/#breadcrumb","itemListElement":[{"@type":"ListItem","position":1,"name":"Inicio","item":"https:\/\/www.bbmnoticias.com\/labravaradiofm\/"},{"@type":"ListItem","position":2,"name":"Empleadores mantienen optimismo por recuperaci\u00f3n econ\u00f3mica en 2022: Encuesta INFONAVIT"}]},{"@type":"WebSite","@id":"https:\/\/www.bbmnoticias.com\/labravaradiofm\/#website","url":"https:\/\/www.bbmnoticias.com\/labravaradiofm\/","name":"LA BRAVA RADIO","description":"Empresa productora de medios, Radiodifusi\u00f3n, Noticias, tendencias y todo lo que necesitas saber de la pol\u00edtica mexicana e internacional; entretenimiento, espect\u00e1culos, salud y mucho m\u00e1s.","potentialAction":[{"@type":"SearchAction","target":{"@type":"EntryPoint","urlTemplate":"https:\/\/www.bbmnoticias.com\/labravaradiofm\/?s={search_term_string}"},"query-input":{"@type":"PropertyValueSpecification","valueRequired":true,"valueName":"search_term_string"}}],"inLanguage":"es"},{"@type":"Person","@id":"https:\/\/www.bbmnoticias.com\/labravaradiofm\/#\/schema\/person\/68a9e9036ef3c5b55aeb2b71dc8bab45","name":"Staff","image":{"@type":"ImageObject","inLanguage":"es","@id":"https:\/\/secure.gravatar.com\/avatar\/fdd21ad66fd8b98c407f9dee5b5e588cfe7f0d8579ec20fa6527cd59bab7f0f0?s=96&d=mm&r=g","url":"https:\/\/secure.gravatar.com\/avatar\/fdd21ad66fd8b98c407f9dee5b5e588cfe7f0d8579ec20fa6527cd59bab7f0f0?s=96&d=mm&r=g","contentUrl":"https:\/\/secure.gravatar.com\/avatar\/fdd21ad66fd8b98c407f9dee5b5e588cfe7f0d8579ec20fa6527cd59bab7f0f0?s=96&d=mm&r=g","caption":"Staff"},"url":"https:\/\/www.bbmnoticias.com\/labravaradiofm\/author\/redaccion\/"}]}},"_links":{"self":[{"href":"https:\/\/www.bbmnoticias.com\/labravaradiofm\/wp-json\/wp\/v2\/posts\/9256","targetHints":{"allow":["GET"]}}],"collection":[{"href":"https:\/\/www.bbmnoticias.com\/labravaradiofm\/wp-json\/wp\/v2\/posts"}],"about":[{"href":"https:\/\/www.bbmnoticias.com\/labravaradiofm\/wp-json\/wp\/v2\/types\/post"}],"author":[{"embeddable":true,"href":"https:\/\/www.bbmnoticias.com\/labravaradiofm\/wp-json\/wp\/v2\/users\/2"}],"replies":[{"embeddable":true,"href":"https:\/\/www.bbmnoticias.com\/labravaradiofm\/wp-json\/wp\/v2\/comments?post=9256"}],"version-history":[{"count":0,"href":"https:\/\/www.bbmnoticias.com\/labravaradiofm\/wp-json\/wp\/v2\/posts\/9256\/revisions"}],"wp:featuredmedia":[{"embeddable":true,"href":"https:\/\/www.bbmnoticias.com\/labravaradiofm\/wp-json\/wp\/v2\/media\/8595"}],"wp:attachment":[{"href":"https:\/\/www.bbmnoticias.com\/labravaradiofm\/wp-json\/wp\/v2\/media?parent=9256"}],"wp:term":[{"taxonomy":"category","embeddable":true,"href":"https:\/\/www.bbmnoticias.com\/labravaradiofm\/wp-json\/wp\/v2\/categories?post=9256"},{"taxonomy":"post_tag","embeddable":true,"href":"https:\/\/www.bbmnoticias.com\/labravaradiofm\/wp-json\/wp\/v2\/tags?post=9256"}],"curies":[{"name":"wp","href":"https:\/\/api.w.org\/{rel}","templated":true}]}}