{"id":9253,"date":"2022-02-02T09:46:53","date_gmt":"2022-02-02T15:46:53","guid":{"rendered":"https:\/\/www.bbmnoticias.com\/labravaradiofm\/?p=9253"},"modified":"2022-02-02T10:00:42","modified_gmt":"2022-02-02T16:00:42","slug":"la-region-de-la-costa-recibe-apoyos-por-parte-del-dif-estatal-oaxaca","status":"publish","type":"post","link":"https:\/\/www.bbmnoticias.com\/labravaradiofm\/2022\/02\/02\/la-region-de-la-costa-recibe-apoyos-por-parte-del-dif-estatal-oaxaca\/","title":{"rendered":"La regi\u00f3n de la Costa recibe apoyos por parte del DIF Estatal Oaxaca"},"content":{"rendered":"<div style=\"margin-top: 0px; margin-bottom: 0px;\" class=\"sharethis-inline-share-buttons\" ><\/div>\n<p><strong>San Pedro Pochutla, Oax.&nbsp; 2 de febrero de 2022.-<\/strong> Con el objetivo de reconocer el trabajo de cada uno de los sectores que conforman la regi\u00f3n de la Costa Oaxaque\u00f1a, la presidenta honoraria del Sistema para el Desarrollo Integral de la Familia (DIF) Oaxaca, Ivette Mor\u00e1n de Murat, en compa\u00f1\u00eda del director general de esta instituci\u00f3n, Christian Holm Rodr\u00edguez, arrancaron el segundo d\u00eda de actividades, en el cual, inauguraron la Unidad B\u00e1sica de Rehabilitaci\u00f3n, en Santa Mar\u00eda Colotepec, misma que beneficiar\u00e1&nbsp; a habitantes de este municipio y localidades aleda\u00f1as.<\/p>\n\n\n\n<p>\u201cEstoy muy feliz de inaugurar y entregar este compromiso que ten\u00edamos con todos ustedes; una obra m\u00e1s que va a beneficiar a las personas con discapacidad no solo de aqu\u00ed, sino tambi\u00e9n de comunidades cercanas; empe\u00f1amos nuestra palabra y aqu\u00ed est\u00e1, un compromiso cumplido, tal como lo ha instruido mi esposo, el gobernador Alejandro Murat Hinojosa\u201d, finaliz\u00f3 Mor\u00e1n de Murat.<\/p>\n\n\n\n<p>Despu\u00e9s, la presidenta honoraria del Sistema DIF Oaxaca, visit\u00f3&nbsp; San Isidro del Palmar en Santa Mar\u00eda Tonameca, para acercar los servicios m\u00e9dicos&nbsp; gratuitos de las unidades m\u00f3viles del DIF Oaxaca, adem\u00e1s de entregar aparatos funcionales, sillas de ruedas y bastones a personas en vulnerabilidad.&nbsp;<\/p>\n\n\n\n<p>En dicho municipio, pero, en la localidad de la Florida, Ivette Mor\u00e1n de Murat visit\u00f3 la f\u00e1brica de chocolate artesanal \u201cSabrosolate\u201d donde conoci\u00f3 el proceso de cultivo, producci\u00f3n y comercializaci\u00f3n de cada uno de los productos de esta marca local.<\/p>\n\n\n\n<p>Durante su recorrido por la regi\u00f3n, la Presidenta Honoraria y el Director General del Sistema DIF Oaxaca, visitaron y entregaron apoyos a pescadores de la playa principal de Puerto \u00c1ngel, en San Pedro Pochutla, perteneciente a la regi\u00f3n de la Costa.<\/p>\n\n\n\n<p>\u201cMe siento muy contenta de estar nuevamente aqu\u00ed, no es la primera vez ni la segunda; estamos cumpliendo compromisos y haciendo entrega de diversos apoyos para el beneficio de cada uno de ustedes y sus familias. Aparte de esta entrega, quiero reconocer el gran trabajo que ustedes realizan diariamente, porque gracias a ello, son pieza fundamental en la nutrici\u00f3n de nuestras familias oaxaque\u00f1as, y con esto, disfrutamos de todos esos productos frescos que el mar ofrece, por ello, mi reconocimiento a su gran labor\u201d, se\u00f1al\u00f3 Ivette Mor\u00e1n de Murat.<\/p>\n\n\n\n<p>En dicho encuentro, las y los pescadores recibieron de manos de la presidenta honoraria, y del director general del Sistema Estatal DIF Oaxaca: hieleras, chalecos salvavidas, taras, kits de limpieza, higiene personal y de salud, con productos de la empresa Gennoma Lab, entre otros apoyos m\u00e1s.<\/p>\n","protected":false},"excerpt":{"rendered":"<p>San Pedro Pochutla, Oax.&nbsp; 2 de febrero de 2022.- Con el objetivo de reconocer el trabajo de cada uno de los sectores que conforman la regi\u00f3n de la Costa Oaxaque\u00f1a, la presidenta honoraria del Sistema para el Desarrollo Integral de la Familia (DIF) Oaxaca, Ivette Mor\u00e1n de Murat, en compa\u00f1\u00eda del director general de esta [&hellip;]<\/p>\n","protected":false},"author":2,"featured_media":9254,"comment_status":"closed","ping_status":"closed","sticky":false,"template":"","format":"standard","meta":{"footnotes":""},"categories":[2],"tags":[],"class_list":{"0":"post-9253","1":"post","2":"type-post","3":"status-publish","4":"format-standard","5":"has-post-thumbnail","7":"category-oaxaca"},"yoast_head":"<!-- This site is optimized with the Yoast SEO plugin v27.4 - https:\/\/yoast.com\/product\/yoast-seo-wordpress\/ -->\n<title>La regi\u00f3n de la Costa recibe apoyos por parte del DIF Estatal Oaxaca - LA BRAVA RADIO<\/title>\n<meta name=\"robots\" content=\"index, follow, max-snippet:-1, max-image-preview:large, max-video-preview:-1\" \/>\n<link rel=\"canonical\" href=\"https:\/\/www.bbmnoticias.com\/labravaradiofm\/2022\/02\/02\/la-region-de-la-costa-recibe-apoyos-por-parte-del-dif-estatal-oaxaca\/\" \/>\n<meta property=\"og:locale\" content=\"es_MX\" \/>\n<meta property=\"og:type\" content=\"article\" \/>\n<meta property=\"og:title\" content=\"La regi\u00f3n de la Costa recibe apoyos por parte del DIF Estatal Oaxaca - LA BRAVA RADIO\" \/>\n<meta property=\"og:description\" content=\"San Pedro Pochutla, Oax.&nbsp; 2 de febrero de 2022.- Con el objetivo de reconocer el trabajo de cada uno de los sectores que conforman la regi\u00f3n de la Costa Oaxaque\u00f1a, la presidenta honoraria del Sistema para el Desarrollo Integral de la Familia (DIF) Oaxaca, Ivette Mor\u00e1n de Murat, en compa\u00f1\u00eda del director general de esta [&hellip;]\" \/>\n<meta property=\"og:url\" content=\"https:\/\/www.bbmnoticias.com\/labravaradiofm\/2022\/02\/02\/la-region-de-la-costa-recibe-apoyos-por-parte-del-dif-estatal-oaxaca\/\" \/>\n<meta property=\"og:site_name\" content=\"LA BRAVA RADIO\" \/>\n<meta property=\"article:published_time\" content=\"2022-02-02T15:46:53+00:00\" \/>\n<meta property=\"article:modified_time\" content=\"2022-02-02T16:00:42+00:00\" \/>\n<meta property=\"og:image\" content=\"https:\/\/www.bbmnoticias.com\/labravaradiofm\/wp-content\/uploads\/sites\/5\/2022\/02\/apoyos-costa.jpeg\" \/>\n\t<meta property=\"og:image:width\" content=\"1024\" \/>\n\t<meta property=\"og:image:height\" content=\"683\" \/>\n\t<meta property=\"og:image:type\" content=\"image\/jpeg\" \/>\n<meta name=\"author\" content=\"Staff\" \/>\n<meta name=\"twitter:card\" content=\"summary_large_image\" \/>\n<meta name=\"twitter:label1\" content=\"Escrito por\" \/>\n\t<meta name=\"twitter:data1\" content=\"Staff\" \/>\n\t<meta name=\"twitter:label2\" content=\"Tiempo de lectura\" \/>\n\t<meta name=\"twitter:data2\" content=\"2 minutos\" \/>\n<script type=\"application\/ld+json\" class=\"yoast-schema-graph\">{\"@context\":\"https:\\\/\\\/schema.org\",\"@graph\":[{\"@type\":\"Article\",\"@id\":\"https:\\\/\\\/www.bbmnoticias.com\\\/labravaradiofm\\\/2022\\\/02\\\/02\\\/la-region-de-la-costa-recibe-apoyos-por-parte-del-dif-estatal-oaxaca\\\/#article\",\"isPartOf\":{\"@id\":\"https:\\\/\\\/www.bbmnoticias.com\\\/labravaradiofm\\\/2022\\\/02\\\/02\\\/la-region-de-la-costa-recibe-apoyos-por-parte-del-dif-estatal-oaxaca\\\/\"},\"author\":{\"name\":\"Staff\",\"@id\":\"https:\\\/\\\/www.bbmnoticias.com\\\/labravaradiofm\\\/#\\\/schema\\\/person\\\/68a9e9036ef3c5b55aeb2b71dc8bab45\"},\"headline\":\"La regi\u00f3n de la Costa recibe apoyos por parte del DIF Estatal Oaxaca\",\"datePublished\":\"2022-02-02T15:46:53+00:00\",\"dateModified\":\"2022-02-02T16:00:42+00:00\",\"mainEntityOfPage\":{\"@id\":\"https:\\\/\\\/www.bbmnoticias.com\\\/labravaradiofm\\\/2022\\\/02\\\/02\\\/la-region-de-la-costa-recibe-apoyos-por-parte-del-dif-estatal-oaxaca\\\/\"},\"wordCount\":459,\"image\":{\"@id\":\"https:\\\/\\\/www.bbmnoticias.com\\\/labravaradiofm\\\/2022\\\/02\\\/02\\\/la-region-de-la-costa-recibe-apoyos-por-parte-del-dif-estatal-oaxaca\\\/#primaryimage\"},\"thumbnailUrl\":\"https:\\\/\\\/www.bbmnoticias.com\\\/labravaradiofm\\\/wp-content\\\/uploads\\\/sites\\\/5\\\/2022\\\/02\\\/apoyos-costa.jpeg\",\"articleSection\":[\"LOCAL\"],\"inLanguage\":\"es\"},{\"@type\":\"WebPage\",\"@id\":\"https:\\\/\\\/www.bbmnoticias.com\\\/labravaradiofm\\\/2022\\\/02\\\/02\\\/la-region-de-la-costa-recibe-apoyos-por-parte-del-dif-estatal-oaxaca\\\/\",\"url\":\"https:\\\/\\\/www.bbmnoticias.com\\\/labravaradiofm\\\/2022\\\/02\\\/02\\\/la-region-de-la-costa-recibe-apoyos-por-parte-del-dif-estatal-oaxaca\\\/\",\"name\":\"La regi\u00f3n de la Costa recibe apoyos por parte del DIF Estatal Oaxaca - LA BRAVA RADIO\",\"isPartOf\":{\"@id\":\"https:\\\/\\\/www.bbmnoticias.com\\\/labravaradiofm\\\/#website\"},\"primaryImageOfPage\":{\"@id\":\"https:\\\/\\\/www.bbmnoticias.com\\\/labravaradiofm\\\/2022\\\/02\\\/02\\\/la-region-de-la-costa-recibe-apoyos-por-parte-del-dif-estatal-oaxaca\\\/#primaryimage\"},\"image\":{\"@id\":\"https:\\\/\\\/www.bbmnoticias.com\\\/labravaradiofm\\\/2022\\\/02\\\/02\\\/la-region-de-la-costa-recibe-apoyos-por-parte-del-dif-estatal-oaxaca\\\/#primaryimage\"},\"thumbnailUrl\":\"https:\\\/\\\/www.bbmnoticias.com\\\/labravaradiofm\\\/wp-content\\\/uploads\\\/sites\\\/5\\\/2022\\\/02\\\/apoyos-costa.jpeg\",\"datePublished\":\"2022-02-02T15:46:53+00:00\",\"dateModified\":\"2022-02-02T16:00:42+00:00\",\"author\":{\"@id\":\"https:\\\/\\\/www.bbmnoticias.com\\\/labravaradiofm\\\/#\\\/schema\\\/person\\\/68a9e9036ef3c5b55aeb2b71dc8bab45\"},\"breadcrumb\":{\"@id\":\"https:\\\/\\\/www.bbmnoticias.com\\\/labravaradiofm\\\/2022\\\/02\\\/02\\\/la-region-de-la-costa-recibe-apoyos-por-parte-del-dif-estatal-oaxaca\\\/#breadcrumb\"},\"inLanguage\":\"es\",\"potentialAction\":[{\"@type\":\"ReadAction\",\"target\":[\"https:\\\/\\\/www.bbmnoticias.com\\\/labravaradiofm\\\/2022\\\/02\\\/02\\\/la-region-de-la-costa-recibe-apoyos-por-parte-del-dif-estatal-oaxaca\\\/\"]}]},{\"@type\":\"ImageObject\",\"inLanguage\":\"es\",\"@id\":\"https:\\\/\\\/www.bbmnoticias.com\\\/labravaradiofm\\\/2022\\\/02\\\/02\\\/la-region-de-la-costa-recibe-apoyos-por-parte-del-dif-estatal-oaxaca\\\/#primaryimage\",\"url\":\"https:\\\/\\\/www.bbmnoticias.com\\\/labravaradiofm\\\/wp-content\\\/uploads\\\/sites\\\/5\\\/2022\\\/02\\\/apoyos-costa.jpeg\",\"contentUrl\":\"https:\\\/\\\/www.bbmnoticias.com\\\/labravaradiofm\\\/wp-content\\\/uploads\\\/sites\\\/5\\\/2022\\\/02\\\/apoyos-costa.jpeg\",\"width\":1024,\"height\":683},{\"@type\":\"BreadcrumbList\",\"@id\":\"https:\\\/\\\/www.bbmnoticias.com\\\/labravaradiofm\\\/2022\\\/02\\\/02\\\/la-region-de-la-costa-recibe-apoyos-por-parte-del-dif-estatal-oaxaca\\\/#breadcrumb\",\"itemListElement\":[{\"@type\":\"ListItem\",\"position\":1,\"name\":\"Inicio\",\"item\":\"https:\\\/\\\/www.bbmnoticias.com\\\/labravaradiofm\\\/\"},{\"@type\":\"ListItem\",\"position\":2,\"name\":\"La regi\u00f3n de la Costa recibe apoyos por parte del DIF Estatal Oaxaca\"}]},{\"@type\":\"WebSite\",\"@id\":\"https:\\\/\\\/www.bbmnoticias.com\\\/labravaradiofm\\\/#website\",\"url\":\"https:\\\/\\\/www.bbmnoticias.com\\\/labravaradiofm\\\/\",\"name\":\"LA BRAVA RADIO\",\"description\":\"Empresa productora de medios, Radiodifusi\u00f3n, Noticias, tendencias y todo lo que necesitas saber de la pol\u00edtica mexicana e internacional; entretenimiento, espect\u00e1culos, salud y mucho m\u00e1s.\",\"potentialAction\":[{\"@type\":\"SearchAction\",\"target\":{\"@type\":\"EntryPoint\",\"urlTemplate\":\"https:\\\/\\\/www.bbmnoticias.com\\\/labravaradiofm\\\/?s={search_term_string}\"},\"query-input\":{\"@type\":\"PropertyValueSpecification\",\"valueRequired\":true,\"valueName\":\"search_term_string\"}}],\"inLanguage\":\"es\"},{\"@type\":\"Person\",\"@id\":\"https:\\\/\\\/www.bbmnoticias.com\\\/labravaradiofm\\\/#\\\/schema\\\/person\\\/68a9e9036ef3c5b55aeb2b71dc8bab45\",\"name\":\"Staff\",\"image\":{\"@type\":\"ImageObject\",\"inLanguage\":\"es\",\"@id\":\"https:\\\/\\\/secure.gravatar.com\\\/avatar\\\/fdd21ad66fd8b98c407f9dee5b5e588cfe7f0d8579ec20fa6527cd59bab7f0f0?s=96&d=mm&r=g\",\"url\":\"https:\\\/\\\/secure.gravatar.com\\\/avatar\\\/fdd21ad66fd8b98c407f9dee5b5e588cfe7f0d8579ec20fa6527cd59bab7f0f0?s=96&d=mm&r=g\",\"contentUrl\":\"https:\\\/\\\/secure.gravatar.com\\\/avatar\\\/fdd21ad66fd8b98c407f9dee5b5e588cfe7f0d8579ec20fa6527cd59bab7f0f0?s=96&d=mm&r=g\",\"caption\":\"Staff\"},\"url\":\"https:\\\/\\\/www.bbmnoticias.com\\\/labravaradiofm\\\/author\\\/redaccion\\\/\"}]}<\/script>\n<!-- \/ Yoast SEO plugin. -->","yoast_head_json":{"title":"La regi\u00f3n de la Costa recibe apoyos por parte del DIF Estatal Oaxaca - LA BRAVA RADIO","robots":{"index":"index","follow":"follow","max-snippet":"max-snippet:-1","max-image-preview":"max-image-preview:large","max-video-preview":"max-video-preview:-1"},"canonical":"https:\/\/www.bbmnoticias.com\/labravaradiofm\/2022\/02\/02\/la-region-de-la-costa-recibe-apoyos-por-parte-del-dif-estatal-oaxaca\/","og_locale":"es_MX","og_type":"article","og_title":"La regi\u00f3n de la Costa recibe apoyos por parte del DIF Estatal Oaxaca - LA BRAVA RADIO","og_description":"San Pedro Pochutla, Oax.&nbsp; 2 de febrero de 2022.- Con el objetivo de reconocer el trabajo de cada uno de los sectores que conforman la regi\u00f3n de la Costa Oaxaque\u00f1a, la presidenta honoraria del Sistema para el Desarrollo Integral de la Familia (DIF) Oaxaca, Ivette Mor\u00e1n de Murat, en compa\u00f1\u00eda del director general de esta [&hellip;]","og_url":"https:\/\/www.bbmnoticias.com\/labravaradiofm\/2022\/02\/02\/la-region-de-la-costa-recibe-apoyos-por-parte-del-dif-estatal-oaxaca\/","og_site_name":"LA BRAVA RADIO","article_published_time":"2022-02-02T15:46:53+00:00","article_modified_time":"2022-02-02T16:00:42+00:00","og_image":[{"width":1024,"height":683,"url":"https:\/\/www.bbmnoticias.com\/labravaradiofm\/wp-content\/uploads\/sites\/5\/2022\/02\/apoyos-costa.jpeg","type":"image\/jpeg"}],"author":"Staff","twitter_card":"summary_large_image","twitter_misc":{"Escrito por":"Staff","Tiempo de lectura":"2 minutos"},"schema":{"@context":"https:\/\/schema.org","@graph":[{"@type":"Article","@id":"https:\/\/www.bbmnoticias.com\/labravaradiofm\/2022\/02\/02\/la-region-de-la-costa-recibe-apoyos-por-parte-del-dif-estatal-oaxaca\/#article","isPartOf":{"@id":"https:\/\/www.bbmnoticias.com\/labravaradiofm\/2022\/02\/02\/la-region-de-la-costa-recibe-apoyos-por-parte-del-dif-estatal-oaxaca\/"},"author":{"name":"Staff","@id":"https:\/\/www.bbmnoticias.com\/labravaradiofm\/#\/schema\/person\/68a9e9036ef3c5b55aeb2b71dc8bab45"},"headline":"La regi\u00f3n de la Costa recibe apoyos por parte del DIF Estatal Oaxaca","datePublished":"2022-02-02T15:46:53+00:00","dateModified":"2022-02-02T16:00:42+00:00","mainEntityOfPage":{"@id":"https:\/\/www.bbmnoticias.com\/labravaradiofm\/2022\/02\/02\/la-region-de-la-costa-recibe-apoyos-por-parte-del-dif-estatal-oaxaca\/"},"wordCount":459,"image":{"@id":"https:\/\/www.bbmnoticias.com\/labravaradiofm\/2022\/02\/02\/la-region-de-la-costa-recibe-apoyos-por-parte-del-dif-estatal-oaxaca\/#primaryimage"},"thumbnailUrl":"https:\/\/www.bbmnoticias.com\/labravaradiofm\/wp-content\/uploads\/sites\/5\/2022\/02\/apoyos-costa.jpeg","articleSection":["LOCAL"],"inLanguage":"es"},{"@type":"WebPage","@id":"https:\/\/www.bbmnoticias.com\/labravaradiofm\/2022\/02\/02\/la-region-de-la-costa-recibe-apoyos-por-parte-del-dif-estatal-oaxaca\/","url":"https:\/\/www.bbmnoticias.com\/labravaradiofm\/2022\/02\/02\/la-region-de-la-costa-recibe-apoyos-por-parte-del-dif-estatal-oaxaca\/","name":"La regi\u00f3n de la Costa recibe apoyos por parte del DIF Estatal Oaxaca - LA BRAVA RADIO","isPartOf":{"@id":"https:\/\/www.bbmnoticias.com\/labravaradiofm\/#website"},"primaryImageOfPage":{"@id":"https:\/\/www.bbmnoticias.com\/labravaradiofm\/2022\/02\/02\/la-region-de-la-costa-recibe-apoyos-por-parte-del-dif-estatal-oaxaca\/#primaryimage"},"image":{"@id":"https:\/\/www.bbmnoticias.com\/labravaradiofm\/2022\/02\/02\/la-region-de-la-costa-recibe-apoyos-por-parte-del-dif-estatal-oaxaca\/#primaryimage"},"thumbnailUrl":"https:\/\/www.bbmnoticias.com\/labravaradiofm\/wp-content\/uploads\/sites\/5\/2022\/02\/apoyos-costa.jpeg","datePublished":"2022-02-02T15:46:53+00:00","dateModified":"2022-02-02T16:00:42+00:00","author":{"@id":"https:\/\/www.bbmnoticias.com\/labravaradiofm\/#\/schema\/person\/68a9e9036ef3c5b55aeb2b71dc8bab45"},"breadcrumb":{"@id":"https:\/\/www.bbmnoticias.com\/labravaradiofm\/2022\/02\/02\/la-region-de-la-costa-recibe-apoyos-por-parte-del-dif-estatal-oaxaca\/#breadcrumb"},"inLanguage":"es","potentialAction":[{"@type":"ReadAction","target":["https:\/\/www.bbmnoticias.com\/labravaradiofm\/2022\/02\/02\/la-region-de-la-costa-recibe-apoyos-por-parte-del-dif-estatal-oaxaca\/"]}]},{"@type":"ImageObject","inLanguage":"es","@id":"https:\/\/www.bbmnoticias.com\/labravaradiofm\/2022\/02\/02\/la-region-de-la-costa-recibe-apoyos-por-parte-del-dif-estatal-oaxaca\/#primaryimage","url":"https:\/\/www.bbmnoticias.com\/labravaradiofm\/wp-content\/uploads\/sites\/5\/2022\/02\/apoyos-costa.jpeg","contentUrl":"https:\/\/www.bbmnoticias.com\/labravaradiofm\/wp-content\/uploads\/sites\/5\/2022\/02\/apoyos-costa.jpeg","width":1024,"height":683},{"@type":"BreadcrumbList","@id":"https:\/\/www.bbmnoticias.com\/labravaradiofm\/2022\/02\/02\/la-region-de-la-costa-recibe-apoyos-por-parte-del-dif-estatal-oaxaca\/#breadcrumb","itemListElement":[{"@type":"ListItem","position":1,"name":"Inicio","item":"https:\/\/www.bbmnoticias.com\/labravaradiofm\/"},{"@type":"ListItem","position":2,"name":"La regi\u00f3n de la Costa recibe apoyos por parte del DIF Estatal Oaxaca"}]},{"@type":"WebSite","@id":"https:\/\/www.bbmnoticias.com\/labravaradiofm\/#website","url":"https:\/\/www.bbmnoticias.com\/labravaradiofm\/","name":"LA BRAVA RADIO","description":"Empresa productora de medios, Radiodifusi\u00f3n, Noticias, tendencias y todo lo que necesitas saber de la pol\u00edtica mexicana e internacional; entretenimiento, espect\u00e1culos, salud y mucho m\u00e1s.","potentialAction":[{"@type":"SearchAction","target":{"@type":"EntryPoint","urlTemplate":"https:\/\/www.bbmnoticias.com\/labravaradiofm\/?s={search_term_string}"},"query-input":{"@type":"PropertyValueSpecification","valueRequired":true,"valueName":"search_term_string"}}],"inLanguage":"es"},{"@type":"Person","@id":"https:\/\/www.bbmnoticias.com\/labravaradiofm\/#\/schema\/person\/68a9e9036ef3c5b55aeb2b71dc8bab45","name":"Staff","image":{"@type":"ImageObject","inLanguage":"es","@id":"https:\/\/secure.gravatar.com\/avatar\/fdd21ad66fd8b98c407f9dee5b5e588cfe7f0d8579ec20fa6527cd59bab7f0f0?s=96&d=mm&r=g","url":"https:\/\/secure.gravatar.com\/avatar\/fdd21ad66fd8b98c407f9dee5b5e588cfe7f0d8579ec20fa6527cd59bab7f0f0?s=96&d=mm&r=g","contentUrl":"https:\/\/secure.gravatar.com\/avatar\/fdd21ad66fd8b98c407f9dee5b5e588cfe7f0d8579ec20fa6527cd59bab7f0f0?s=96&d=mm&r=g","caption":"Staff"},"url":"https:\/\/www.bbmnoticias.com\/labravaradiofm\/author\/redaccion\/"}]}},"_links":{"self":[{"href":"https:\/\/www.bbmnoticias.com\/labravaradiofm\/wp-json\/wp\/v2\/posts\/9253","targetHints":{"allow":["GET"]}}],"collection":[{"href":"https:\/\/www.bbmnoticias.com\/labravaradiofm\/wp-json\/wp\/v2\/posts"}],"about":[{"href":"https:\/\/www.bbmnoticias.com\/labravaradiofm\/wp-json\/wp\/v2\/types\/post"}],"author":[{"embeddable":true,"href":"https:\/\/www.bbmnoticias.com\/labravaradiofm\/wp-json\/wp\/v2\/users\/2"}],"replies":[{"embeddable":true,"href":"https:\/\/www.bbmnoticias.com\/labravaradiofm\/wp-json\/wp\/v2\/comments?post=9253"}],"version-history":[{"count":0,"href":"https:\/\/www.bbmnoticias.com\/labravaradiofm\/wp-json\/wp\/v2\/posts\/9253\/revisions"}],"wp:featuredmedia":[{"embeddable":true,"href":"https:\/\/www.bbmnoticias.com\/labravaradiofm\/wp-json\/wp\/v2\/media\/9254"}],"wp:attachment":[{"href":"https:\/\/www.bbmnoticias.com\/labravaradiofm\/wp-json\/wp\/v2\/media?parent=9253"}],"wp:term":[{"taxonomy":"category","embeddable":true,"href":"https:\/\/www.bbmnoticias.com\/labravaradiofm\/wp-json\/wp\/v2\/categories?post=9253"},{"taxonomy":"post_tag","embeddable":true,"href":"https:\/\/www.bbmnoticias.com\/labravaradiofm\/wp-json\/wp\/v2\/tags?post=9253"}],"curies":[{"name":"wp","href":"https:\/\/api.w.org\/{rel}","templated":true}]}}