{"id":9227,"date":"2022-02-01T19:59:07","date_gmt":"2022-02-02T01:59:07","guid":{"rendered":"https:\/\/www.bbmnoticias.com\/labravaradiofm\/?p=9227"},"modified":"2022-02-01T19:59:09","modified_gmt":"2022-02-02T01:59:09","slug":"mexico-registra-mas-de-800-muertes-por-covid-en-24-horas-y-43-mil-99-contagios","status":"publish","type":"post","link":"https:\/\/www.bbmnoticias.com\/labravaradiofm\/2022\/02\/01\/mexico-registra-mas-de-800-muertes-por-covid-en-24-horas-y-43-mil-99-contagios\/","title":{"rendered":"M\u00e9xico registra m\u00e1s de 800 muertes por covid en 24 horas y 43 mil 99 contagios"},"content":{"rendered":"<div style=\"margin-top: 0px; margin-bottom: 0px;\" class=\"sharethis-inline-share-buttons\" ><\/div>\n<p>M\u00e9xico llega al mes de febrero con el reporte de 829 fallecimientos y 43 mil 099 nuevos contagios de covid-19 en un d\u00eda.<\/p>\n\n\n\n<p>Por tanto, las defunciones aumentaron a 306 mil 920 y la cifra acumulada de casos se elev\u00f3 a 4 millones 985 mil 689.<\/p>\n\n\n\n<p>El n\u00famero de personas que han presentado s\u00edntomas de coronavirus en los \u00faltimos 14 d\u00edas son 223 mil 958. La curva epidemiol\u00f3gica se ubic\u00f3 en -28 %, inform\u00f3 la Secretar\u00eda de Salud.<\/p>\n\n\n\n<p>La ocupaci\u00f3n nacional hospitalaria en camas generales se redujo a 45% y en camas de terapia intensiva aument\u00f3 a 30%.<\/p>\n\n\n\n<p>Los pacientes que se han recuperado de la enfermedad son cuatro millones 120 mil 623.<\/p>\n\n\n\n<figure class=\"wp-block-embed is-type-rich is-provider-twitter wp-block-embed-twitter\"><div class=\"wp-block-embed__wrapper\">\n<blockquote class=\"twitter-tweet\" data-width=\"550\" data-dnt=\"true\"><p lang=\"es\" dir=\"ltr\"><a href=\"https:\/\/twitter.com\/hashtag\/%C3%9ALTIMAHORA?src=hash&amp;ref_src=twsrc%5Etfw\">#\u00daLTIMAHORA<\/a> En las \u00faltimas 24 horas, M\u00e9xico registr\u00f3 43 mil 99 casos nuevos y 829 muertes por <a href=\"https:\/\/twitter.com\/hashtag\/COVID19?src=hash&amp;ref_src=twsrc%5Etfw\">#COVID19<\/a>, para un total de 306 mil 920 fallecidos, inform\u00f3 la Secretar\u00eda de Salud <a href=\"https:\/\/twitter.com\/SSalud_mx?ref_src=twsrc%5Etfw\">@SSalud_mx<\/a>. <a href=\"https:\/\/t.co\/W0qIjwHwsL\">pic.twitter.com\/W0qIjwHwsL<\/a><\/p>&mdash; Ciro G\u00f3mez Leyva (@CiroGomezL) <a href=\"https:\/\/twitter.com\/CiroGomezL\/status\/1488671136456101889?ref_src=twsrc%5Etfw\">February 2, 2022<\/a><\/blockquote><script async src=\"https:\/\/platform.twitter.com\/widgets.js\" charset=\"utf-8\"><\/script>\n<\/div><\/figure>\n\n\n\n<p><strong>VACUNACI\u00d3N CONTRA COVID-19<\/strong><\/p>\n\n\n\n<p>Actualmente, 77 millones 242 mil 259 personas ya tienen el esquema completo de vacunaci\u00f3n. Mientras que 6 millones 409 mil 007 son quienes recibieron un\u00a0 nuevo esquema.<\/p>\n\n\n\n<p>Lo anterior sum\u00f3 83 millones 651 mil 266 mexicanos inmunizados con una o dos dosis, lo que equivale al 89 % del total de la poblaci\u00f3n adulta.<\/p>\n\n\n\n<figure class=\"wp-block-embed is-type-rich is-provider-twitter wp-block-embed-twitter\"><div class=\"wp-block-embed__wrapper\">\n<blockquote class=\"twitter-tweet\" data-width=\"550\" data-dnt=\"true\"><p lang=\"pt\" dir=\"ltr\">Comunicado T\u00e9cnico Diario <a href=\"https:\/\/twitter.com\/hashtag\/COVID19?src=hash&amp;ref_src=twsrc%5Etfw\">#COVID19<\/a> | 1\u00b0 de febrero de 2022<br><br>\u27a1\ufe0f <a href=\"https:\/\/t.co\/tkaetpzE9J\">https:\/\/t.co\/tkaetpzE9J<\/a> <a href=\"https:\/\/t.co\/KlejToeUmh\">pic.twitter.com\/KlejToeUmh<\/a><\/p>&mdash; SALUD M\u00e9xico (@SSalud_mx) <a href=\"https:\/\/twitter.com\/SSalud_mx\/status\/1488672205521268736?ref_src=twsrc%5Etfw\">February 2, 2022<\/a><\/blockquote><script async src=\"https:\/\/platform.twitter.com\/widgets.js\" charset=\"utf-8\"><\/script>\n<\/div><\/figure>\n","protected":false},"excerpt":{"rendered":"<p>M\u00e9xico llega al mes de febrero con el reporte de 829 fallecimientos y 43 mil 099 nuevos contagios de covid-19 en un d\u00eda. Por tanto, las defunciones aumentaron a 306 mil 920 y la cifra acumulada de casos se elev\u00f3 a 4 millones 985 mil 689. El n\u00famero de personas que han presentado s\u00edntomas de [&hellip;]<\/p>\n","protected":false},"author":2,"featured_media":9228,"comment_status":"closed","ping_status":"closed","sticky":false,"template":"","format":"standard","meta":{"footnotes":""},"categories":[19],"tags":[],"class_list":{"0":"post-9227","1":"post","2":"type-post","3":"status-publish","4":"format-standard","5":"has-post-thumbnail","7":"category-nacional"},"yoast_head":"<!-- This site is optimized with the Yoast SEO plugin v27.4 - https:\/\/yoast.com\/product\/yoast-seo-wordpress\/ -->\n<title>M\u00e9xico registra m\u00e1s de 800 muertes por covid en 24 horas y 43 mil 99 contagios - LA BRAVA RADIO<\/title>\n<meta name=\"robots\" content=\"index, follow, max-snippet:-1, max-image-preview:large, max-video-preview:-1\" \/>\n<link rel=\"canonical\" href=\"https:\/\/www.bbmnoticias.com\/labravaradiofm\/2022\/02\/01\/mexico-registra-mas-de-800-muertes-por-covid-en-24-horas-y-43-mil-99-contagios\/\" \/>\n<meta property=\"og:locale\" content=\"es_MX\" \/>\n<meta property=\"og:type\" content=\"article\" \/>\n<meta property=\"og:title\" content=\"M\u00e9xico registra m\u00e1s de 800 muertes por covid en 24 horas y 43 mil 99 contagios - LA BRAVA RADIO\" \/>\n<meta property=\"og:description\" content=\"M\u00e9xico llega al mes de febrero con el reporte de 829 fallecimientos y 43 mil 099 nuevos contagios de covid-19 en un d\u00eda. Por tanto, las defunciones aumentaron a 306 mil 920 y la cifra acumulada de casos se elev\u00f3 a 4 millones 985 mil 689. El n\u00famero de personas que han presentado s\u00edntomas de [&hellip;]\" \/>\n<meta property=\"og:url\" content=\"https:\/\/www.bbmnoticias.com\/labravaradiofm\/2022\/02\/01\/mexico-registra-mas-de-800-muertes-por-covid-en-24-horas-y-43-mil-99-contagios\/\" \/>\n<meta property=\"og:site_name\" content=\"LA BRAVA RADIO\" \/>\n<meta property=\"article:published_time\" content=\"2022-02-02T01:59:07+00:00\" \/>\n<meta property=\"article:modified_time\" content=\"2022-02-02T01:59:09+00:00\" \/>\n<meta property=\"og:image\" content=\"https:\/\/www.bbmnoticias.com\/labravaradiofm\/wp-content\/uploads\/sites\/5\/2022\/02\/pruebas_covid_imss.webp\" \/>\n\t<meta property=\"og:image:width\" content=\"1201\" \/>\n\t<meta property=\"og:image:height\" content=\"740\" \/>\n\t<meta property=\"og:image:type\" content=\"image\/webp\" \/>\n<meta name=\"author\" content=\"Staff\" \/>\n<meta name=\"twitter:card\" content=\"summary_large_image\" \/>\n<meta name=\"twitter:label1\" content=\"Escrito por\" \/>\n\t<meta name=\"twitter:data1\" content=\"Staff\" \/>\n\t<meta name=\"twitter:label2\" content=\"Tiempo de lectura\" \/>\n\t<meta name=\"twitter:data2\" content=\"1 minuto\" \/>\n<script type=\"application\/ld+json\" class=\"yoast-schema-graph\">{\"@context\":\"https:\\\/\\\/schema.org\",\"@graph\":[{\"@type\":\"Article\",\"@id\":\"https:\\\/\\\/www.bbmnoticias.com\\\/labravaradiofm\\\/2022\\\/02\\\/01\\\/mexico-registra-mas-de-800-muertes-por-covid-en-24-horas-y-43-mil-99-contagios\\\/#article\",\"isPartOf\":{\"@id\":\"https:\\\/\\\/www.bbmnoticias.com\\\/labravaradiofm\\\/2022\\\/02\\\/01\\\/mexico-registra-mas-de-800-muertes-por-covid-en-24-horas-y-43-mil-99-contagios\\\/\"},\"author\":{\"name\":\"Staff\",\"@id\":\"https:\\\/\\\/www.bbmnoticias.com\\\/labravaradiofm\\\/#\\\/schema\\\/person\\\/34b139c617a70ea5bef5678bffe4dd7b\"},\"headline\":\"M\u00e9xico registra m\u00e1s de 800 muertes por covid en 24 horas y 43 mil 99 contagios\",\"datePublished\":\"2022-02-02T01:59:07+00:00\",\"dateModified\":\"2022-02-02T01:59:09+00:00\",\"mainEntityOfPage\":{\"@id\":\"https:\\\/\\\/www.bbmnoticias.com\\\/labravaradiofm\\\/2022\\\/02\\\/01\\\/mexico-registra-mas-de-800-muertes-por-covid-en-24-horas-y-43-mil-99-contagios\\\/\"},\"wordCount\":179,\"image\":{\"@id\":\"https:\\\/\\\/www.bbmnoticias.com\\\/labravaradiofm\\\/2022\\\/02\\\/01\\\/mexico-registra-mas-de-800-muertes-por-covid-en-24-horas-y-43-mil-99-contagios\\\/#primaryimage\"},\"thumbnailUrl\":\"https:\\\/\\\/www.bbmnoticias.com\\\/labravaradiofm\\\/wp-content\\\/uploads\\\/sites\\\/5\\\/2022\\\/02\\\/pruebas_covid_imss.webp\",\"articleSection\":[\"NACIONAL\"],\"inLanguage\":\"es\"},{\"@type\":\"WebPage\",\"@id\":\"https:\\\/\\\/www.bbmnoticias.com\\\/labravaradiofm\\\/2022\\\/02\\\/01\\\/mexico-registra-mas-de-800-muertes-por-covid-en-24-horas-y-43-mil-99-contagios\\\/\",\"url\":\"https:\\\/\\\/www.bbmnoticias.com\\\/labravaradiofm\\\/2022\\\/02\\\/01\\\/mexico-registra-mas-de-800-muertes-por-covid-en-24-horas-y-43-mil-99-contagios\\\/\",\"name\":\"M\u00e9xico registra m\u00e1s de 800 muertes por covid en 24 horas y 43 mil 99 contagios - LA BRAVA RADIO\",\"isPartOf\":{\"@id\":\"https:\\\/\\\/www.bbmnoticias.com\\\/labravaradiofm\\\/#website\"},\"primaryImageOfPage\":{\"@id\":\"https:\\\/\\\/www.bbmnoticias.com\\\/labravaradiofm\\\/2022\\\/02\\\/01\\\/mexico-registra-mas-de-800-muertes-por-covid-en-24-horas-y-43-mil-99-contagios\\\/#primaryimage\"},\"image\":{\"@id\":\"https:\\\/\\\/www.bbmnoticias.com\\\/labravaradiofm\\\/2022\\\/02\\\/01\\\/mexico-registra-mas-de-800-muertes-por-covid-en-24-horas-y-43-mil-99-contagios\\\/#primaryimage\"},\"thumbnailUrl\":\"https:\\\/\\\/www.bbmnoticias.com\\\/labravaradiofm\\\/wp-content\\\/uploads\\\/sites\\\/5\\\/2022\\\/02\\\/pruebas_covid_imss.webp\",\"datePublished\":\"2022-02-02T01:59:07+00:00\",\"dateModified\":\"2022-02-02T01:59:09+00:00\",\"author\":{\"@id\":\"https:\\\/\\\/www.bbmnoticias.com\\\/labravaradiofm\\\/#\\\/schema\\\/person\\\/34b139c617a70ea5bef5678bffe4dd7b\"},\"breadcrumb\":{\"@id\":\"https:\\\/\\\/www.bbmnoticias.com\\\/labravaradiofm\\\/2022\\\/02\\\/01\\\/mexico-registra-mas-de-800-muertes-por-covid-en-24-horas-y-43-mil-99-contagios\\\/#breadcrumb\"},\"inLanguage\":\"es\",\"potentialAction\":[{\"@type\":\"ReadAction\",\"target\":[\"https:\\\/\\\/www.bbmnoticias.com\\\/labravaradiofm\\\/2022\\\/02\\\/01\\\/mexico-registra-mas-de-800-muertes-por-covid-en-24-horas-y-43-mil-99-contagios\\\/\"]}]},{\"@type\":\"ImageObject\",\"inLanguage\":\"es\",\"@id\":\"https:\\\/\\\/www.bbmnoticias.com\\\/labravaradiofm\\\/2022\\\/02\\\/01\\\/mexico-registra-mas-de-800-muertes-por-covid-en-24-horas-y-43-mil-99-contagios\\\/#primaryimage\",\"url\":\"https:\\\/\\\/www.bbmnoticias.com\\\/labravaradiofm\\\/wp-content\\\/uploads\\\/sites\\\/5\\\/2022\\\/02\\\/pruebas_covid_imss.webp\",\"contentUrl\":\"https:\\\/\\\/www.bbmnoticias.com\\\/labravaradiofm\\\/wp-content\\\/uploads\\\/sites\\\/5\\\/2022\\\/02\\\/pruebas_covid_imss.webp\",\"width\":1201,\"height\":740},{\"@type\":\"BreadcrumbList\",\"@id\":\"https:\\\/\\\/www.bbmnoticias.com\\\/labravaradiofm\\\/2022\\\/02\\\/01\\\/mexico-registra-mas-de-800-muertes-por-covid-en-24-horas-y-43-mil-99-contagios\\\/#breadcrumb\",\"itemListElement\":[{\"@type\":\"ListItem\",\"position\":1,\"name\":\"Inicio\",\"item\":\"https:\\\/\\\/www.bbmnoticias.com\\\/labravaradiofm\\\/\"},{\"@type\":\"ListItem\",\"position\":2,\"name\":\"M\u00e9xico registra m\u00e1s de 800 muertes por covid en 24 horas y 43 mil 99 contagios\"}]},{\"@type\":\"WebSite\",\"@id\":\"https:\\\/\\\/www.bbmnoticias.com\\\/labravaradiofm\\\/#website\",\"url\":\"https:\\\/\\\/www.bbmnoticias.com\\\/labravaradiofm\\\/\",\"name\":\"LA BRAVA RADIO\",\"description\":\"Empresa productora de medios, Radiodifusi\u00f3n, Noticias, tendencias y todo lo que necesitas saber de la pol\u00edtica mexicana e internacional; entretenimiento, espect\u00e1culos, salud y mucho m\u00e1s.\",\"potentialAction\":[{\"@type\":\"SearchAction\",\"target\":{\"@type\":\"EntryPoint\",\"urlTemplate\":\"https:\\\/\\\/www.bbmnoticias.com\\\/labravaradiofm\\\/?s={search_term_string}\"},\"query-input\":{\"@type\":\"PropertyValueSpecification\",\"valueRequired\":true,\"valueName\":\"search_term_string\"}}],\"inLanguage\":\"es\"},{\"@type\":\"Person\",\"@id\":\"https:\\\/\\\/www.bbmnoticias.com\\\/labravaradiofm\\\/#\\\/schema\\\/person\\\/34b139c617a70ea5bef5678bffe4dd7b\",\"name\":\"Staff\",\"image\":{\"@type\":\"ImageObject\",\"inLanguage\":\"es\",\"@id\":\"https:\\\/\\\/secure.gravatar.com\\\/avatar\\\/fdd21ad66fd8b98c407f9dee5b5e588cfe7f0d8579ec20fa6527cd59bab7f0f0?s=96&d=mm&r=g\",\"url\":\"https:\\\/\\\/secure.gravatar.com\\\/avatar\\\/fdd21ad66fd8b98c407f9dee5b5e588cfe7f0d8579ec20fa6527cd59bab7f0f0?s=96&d=mm&r=g\",\"contentUrl\":\"https:\\\/\\\/secure.gravatar.com\\\/avatar\\\/fdd21ad66fd8b98c407f9dee5b5e588cfe7f0d8579ec20fa6527cd59bab7f0f0?s=96&d=mm&r=g\",\"caption\":\"Staff\"},\"url\":\"https:\\\/\\\/www.bbmnoticias.com\\\/labravaradiofm\\\/author\\\/redaccion\\\/\"}]}<\/script>\n<!-- \/ Yoast SEO plugin. -->","yoast_head_json":{"title":"M\u00e9xico registra m\u00e1s de 800 muertes por covid en 24 horas y 43 mil 99 contagios - LA BRAVA RADIO","robots":{"index":"index","follow":"follow","max-snippet":"max-snippet:-1","max-image-preview":"max-image-preview:large","max-video-preview":"max-video-preview:-1"},"canonical":"https:\/\/www.bbmnoticias.com\/labravaradiofm\/2022\/02\/01\/mexico-registra-mas-de-800-muertes-por-covid-en-24-horas-y-43-mil-99-contagios\/","og_locale":"es_MX","og_type":"article","og_title":"M\u00e9xico registra m\u00e1s de 800 muertes por covid en 24 horas y 43 mil 99 contagios - LA BRAVA RADIO","og_description":"M\u00e9xico llega al mes de febrero con el reporte de 829 fallecimientos y 43 mil 099 nuevos contagios de covid-19 en un d\u00eda. Por tanto, las defunciones aumentaron a 306 mil 920 y la cifra acumulada de casos se elev\u00f3 a 4 millones 985 mil 689. El n\u00famero de personas que han presentado s\u00edntomas de [&hellip;]","og_url":"https:\/\/www.bbmnoticias.com\/labravaradiofm\/2022\/02\/01\/mexico-registra-mas-de-800-muertes-por-covid-en-24-horas-y-43-mil-99-contagios\/","og_site_name":"LA BRAVA RADIO","article_published_time":"2022-02-02T01:59:07+00:00","article_modified_time":"2022-02-02T01:59:09+00:00","og_image":[{"width":1201,"height":740,"url":"https:\/\/www.bbmnoticias.com\/labravaradiofm\/wp-content\/uploads\/sites\/5\/2022\/02\/pruebas_covid_imss.webp","type":"image\/webp"}],"author":"Staff","twitter_card":"summary_large_image","twitter_misc":{"Escrito por":"Staff","Tiempo de lectura":"1 minuto"},"schema":{"@context":"https:\/\/schema.org","@graph":[{"@type":"Article","@id":"https:\/\/www.bbmnoticias.com\/labravaradiofm\/2022\/02\/01\/mexico-registra-mas-de-800-muertes-por-covid-en-24-horas-y-43-mil-99-contagios\/#article","isPartOf":{"@id":"https:\/\/www.bbmnoticias.com\/labravaradiofm\/2022\/02\/01\/mexico-registra-mas-de-800-muertes-por-covid-en-24-horas-y-43-mil-99-contagios\/"},"author":{"name":"Staff","@id":"https:\/\/www.bbmnoticias.com\/labravaradiofm\/#\/schema\/person\/34b139c617a70ea5bef5678bffe4dd7b"},"headline":"M\u00e9xico registra m\u00e1s de 800 muertes por covid en 24 horas y 43 mil 99 contagios","datePublished":"2022-02-02T01:59:07+00:00","dateModified":"2022-02-02T01:59:09+00:00","mainEntityOfPage":{"@id":"https:\/\/www.bbmnoticias.com\/labravaradiofm\/2022\/02\/01\/mexico-registra-mas-de-800-muertes-por-covid-en-24-horas-y-43-mil-99-contagios\/"},"wordCount":179,"image":{"@id":"https:\/\/www.bbmnoticias.com\/labravaradiofm\/2022\/02\/01\/mexico-registra-mas-de-800-muertes-por-covid-en-24-horas-y-43-mil-99-contagios\/#primaryimage"},"thumbnailUrl":"https:\/\/www.bbmnoticias.com\/labravaradiofm\/wp-content\/uploads\/sites\/5\/2022\/02\/pruebas_covid_imss.webp","articleSection":["NACIONAL"],"inLanguage":"es"},{"@type":"WebPage","@id":"https:\/\/www.bbmnoticias.com\/labravaradiofm\/2022\/02\/01\/mexico-registra-mas-de-800-muertes-por-covid-en-24-horas-y-43-mil-99-contagios\/","url":"https:\/\/www.bbmnoticias.com\/labravaradiofm\/2022\/02\/01\/mexico-registra-mas-de-800-muertes-por-covid-en-24-horas-y-43-mil-99-contagios\/","name":"M\u00e9xico registra m\u00e1s de 800 muertes por covid en 24 horas y 43 mil 99 contagios - LA BRAVA RADIO","isPartOf":{"@id":"https:\/\/www.bbmnoticias.com\/labravaradiofm\/#website"},"primaryImageOfPage":{"@id":"https:\/\/www.bbmnoticias.com\/labravaradiofm\/2022\/02\/01\/mexico-registra-mas-de-800-muertes-por-covid-en-24-horas-y-43-mil-99-contagios\/#primaryimage"},"image":{"@id":"https:\/\/www.bbmnoticias.com\/labravaradiofm\/2022\/02\/01\/mexico-registra-mas-de-800-muertes-por-covid-en-24-horas-y-43-mil-99-contagios\/#primaryimage"},"thumbnailUrl":"https:\/\/www.bbmnoticias.com\/labravaradiofm\/wp-content\/uploads\/sites\/5\/2022\/02\/pruebas_covid_imss.webp","datePublished":"2022-02-02T01:59:07+00:00","dateModified":"2022-02-02T01:59:09+00:00","author":{"@id":"https:\/\/www.bbmnoticias.com\/labravaradiofm\/#\/schema\/person\/34b139c617a70ea5bef5678bffe4dd7b"},"breadcrumb":{"@id":"https:\/\/www.bbmnoticias.com\/labravaradiofm\/2022\/02\/01\/mexico-registra-mas-de-800-muertes-por-covid-en-24-horas-y-43-mil-99-contagios\/#breadcrumb"},"inLanguage":"es","potentialAction":[{"@type":"ReadAction","target":["https:\/\/www.bbmnoticias.com\/labravaradiofm\/2022\/02\/01\/mexico-registra-mas-de-800-muertes-por-covid-en-24-horas-y-43-mil-99-contagios\/"]}]},{"@type":"ImageObject","inLanguage":"es","@id":"https:\/\/www.bbmnoticias.com\/labravaradiofm\/2022\/02\/01\/mexico-registra-mas-de-800-muertes-por-covid-en-24-horas-y-43-mil-99-contagios\/#primaryimage","url":"https:\/\/www.bbmnoticias.com\/labravaradiofm\/wp-content\/uploads\/sites\/5\/2022\/02\/pruebas_covid_imss.webp","contentUrl":"https:\/\/www.bbmnoticias.com\/labravaradiofm\/wp-content\/uploads\/sites\/5\/2022\/02\/pruebas_covid_imss.webp","width":1201,"height":740},{"@type":"BreadcrumbList","@id":"https:\/\/www.bbmnoticias.com\/labravaradiofm\/2022\/02\/01\/mexico-registra-mas-de-800-muertes-por-covid-en-24-horas-y-43-mil-99-contagios\/#breadcrumb","itemListElement":[{"@type":"ListItem","position":1,"name":"Inicio","item":"https:\/\/www.bbmnoticias.com\/labravaradiofm\/"},{"@type":"ListItem","position":2,"name":"M\u00e9xico registra m\u00e1s de 800 muertes por covid en 24 horas y 43 mil 99 contagios"}]},{"@type":"WebSite","@id":"https:\/\/www.bbmnoticias.com\/labravaradiofm\/#website","url":"https:\/\/www.bbmnoticias.com\/labravaradiofm\/","name":"LA BRAVA RADIO","description":"Empresa productora de medios, Radiodifusi\u00f3n, Noticias, tendencias y todo lo que necesitas saber de la pol\u00edtica mexicana e internacional; entretenimiento, espect\u00e1culos, salud y mucho m\u00e1s.","potentialAction":[{"@type":"SearchAction","target":{"@type":"EntryPoint","urlTemplate":"https:\/\/www.bbmnoticias.com\/labravaradiofm\/?s={search_term_string}"},"query-input":{"@type":"PropertyValueSpecification","valueRequired":true,"valueName":"search_term_string"}}],"inLanguage":"es"},{"@type":"Person","@id":"https:\/\/www.bbmnoticias.com\/labravaradiofm\/#\/schema\/person\/34b139c617a70ea5bef5678bffe4dd7b","name":"Staff","image":{"@type":"ImageObject","inLanguage":"es","@id":"https:\/\/secure.gravatar.com\/avatar\/fdd21ad66fd8b98c407f9dee5b5e588cfe7f0d8579ec20fa6527cd59bab7f0f0?s=96&d=mm&r=g","url":"https:\/\/secure.gravatar.com\/avatar\/fdd21ad66fd8b98c407f9dee5b5e588cfe7f0d8579ec20fa6527cd59bab7f0f0?s=96&d=mm&r=g","contentUrl":"https:\/\/secure.gravatar.com\/avatar\/fdd21ad66fd8b98c407f9dee5b5e588cfe7f0d8579ec20fa6527cd59bab7f0f0?s=96&d=mm&r=g","caption":"Staff"},"url":"https:\/\/www.bbmnoticias.com\/labravaradiofm\/author\/redaccion\/"}]}},"_links":{"self":[{"href":"https:\/\/www.bbmnoticias.com\/labravaradiofm\/wp-json\/wp\/v2\/posts\/9227","targetHints":{"allow":["GET"]}}],"collection":[{"href":"https:\/\/www.bbmnoticias.com\/labravaradiofm\/wp-json\/wp\/v2\/posts"}],"about":[{"href":"https:\/\/www.bbmnoticias.com\/labravaradiofm\/wp-json\/wp\/v2\/types\/post"}],"author":[{"embeddable":true,"href":"https:\/\/www.bbmnoticias.com\/labravaradiofm\/wp-json\/wp\/v2\/users\/2"}],"replies":[{"embeddable":true,"href":"https:\/\/www.bbmnoticias.com\/labravaradiofm\/wp-json\/wp\/v2\/comments?post=9227"}],"version-history":[{"count":0,"href":"https:\/\/www.bbmnoticias.com\/labravaradiofm\/wp-json\/wp\/v2\/posts\/9227\/revisions"}],"wp:featuredmedia":[{"embeddable":true,"href":"https:\/\/www.bbmnoticias.com\/labravaradiofm\/wp-json\/wp\/v2\/media\/9228"}],"wp:attachment":[{"href":"https:\/\/www.bbmnoticias.com\/labravaradiofm\/wp-json\/wp\/v2\/media?parent=9227"}],"wp:term":[{"taxonomy":"category","embeddable":true,"href":"https:\/\/www.bbmnoticias.com\/labravaradiofm\/wp-json\/wp\/v2\/categories?post=9227"},{"taxonomy":"post_tag","embeddable":true,"href":"https:\/\/www.bbmnoticias.com\/labravaradiofm\/wp-json\/wp\/v2\/tags?post=9227"}],"curies":[{"name":"wp","href":"https:\/\/api.w.org\/{rel}","templated":true}]}}