{"id":9162,"date":"2022-01-31T14:51:45","date_gmt":"2022-01-31T20:51:45","guid":{"rendered":"https:\/\/www.bbmnoticias.com\/labravaradiofm\/?p=9162"},"modified":"2022-01-31T14:52:18","modified_gmt":"2022-01-31T20:52:18","slug":"por-alta-demanda-amplian-plazo-para-tramites-de-credencial-en-el-ine","status":"publish","type":"post","link":"https:\/\/www.bbmnoticias.com\/labravaradiofm\/2022\/01\/31\/por-alta-demanda-amplian-plazo-para-tramites-de-credencial-en-el-ine\/","title":{"rendered":"Por alta demanda, ampl\u00edan plazo para tr\u00e1mites de credencial en el INE"},"content":{"rendered":"<div style=\"margin-top: 0px; margin-bottom: 0px;\" class=\"sharethis-inline-share-buttons\" ><\/div>\n<p>OAXACA, Oax. 31 de enero de 2022.- Un gran n\u00famero de personas abarrot\u00f3 el m\u00f3dulo de Instituto Nacional Electoral (INE) debido al cierre oficial de la Campa\u00f1a especial de credencializaci\u00f3n, para incorporarse a lista nominal, renovaci\u00f3n y cambio de domicilio.<\/p>\n\n\n\n<p>Sin embargo, ante la gran demanda ampliaron el plazo hasta el jueves 3 de febrero.<\/p>\n\n\n\n<p id=\"la-vocal-ejecutiva-del-registro-federal-de-electorales-de-la-junta-local-distrital-08-sandra-de-jesus-sanchez-explico-que-solamente-quienes-acudan-este-lunes-al-modulo-y-no-alcancen-a-realizar-el-tramite-podran-hacerlo-durante-los-proximos-tres-dias\">La Vocal ejecutiva del Registro Federal de Electorales de la Junta local distrital 08, Sandra de Jes\u00fas S\u00e1nchez explic\u00f3 que solamente quienes acudan este lunes al m\u00f3dulo y no alcancen a realizar el tr\u00e1mite podr\u00e1n hacerlo durante los pr\u00f3ximos tres d\u00edas.<\/p>\n","protected":false},"excerpt":{"rendered":"<p>OAXACA, Oax. 31 de enero de 2022.- Un gran n\u00famero de personas abarrot\u00f3 el m\u00f3dulo de Instituto Nacional Electoral (INE) debido al cierre oficial de la Campa\u00f1a especial de credencializaci\u00f3n, para incorporarse a lista nominal, renovaci\u00f3n y cambio de domicilio. Sin embargo, ante la gran demanda ampliaron el plazo hasta el jueves 3 de febrero. [&hellip;]<\/p>\n","protected":false},"author":5,"featured_media":9163,"comment_status":"closed","ping_status":"closed","sticky":false,"template":"","format":"standard","meta":{"footnotes":""},"categories":[1],"tags":[],"class_list":{"0":"post-9162","1":"post","2":"type-post","3":"status-publish","4":"format-standard","5":"has-post-thumbnail","7":"category-sin-categoria"},"yoast_head":"<!-- This site is optimized with the Yoast SEO plugin v27.4 - https:\/\/yoast.com\/product\/yoast-seo-wordpress\/ -->\n<title>Por alta demanda, ampl\u00edan plazo para tr\u00e1mites de credencial en el INE - LA BRAVA RADIO<\/title>\n<meta name=\"robots\" content=\"index, follow, max-snippet:-1, max-image-preview:large, max-video-preview:-1\" \/>\n<link rel=\"canonical\" href=\"https:\/\/www.bbmnoticias.com\/labravaradiofm\/2022\/01\/31\/por-alta-demanda-amplian-plazo-para-tramites-de-credencial-en-el-ine\/\" \/>\n<meta property=\"og:locale\" content=\"es_MX\" \/>\n<meta property=\"og:type\" content=\"article\" \/>\n<meta property=\"og:title\" content=\"Por alta demanda, ampl\u00edan plazo para tr\u00e1mites de credencial en el INE - LA BRAVA RADIO\" \/>\n<meta property=\"og:description\" content=\"OAXACA, Oax. 31 de enero de 2022.- Un gran n\u00famero de personas abarrot\u00f3 el m\u00f3dulo de Instituto Nacional Electoral (INE) debido al cierre oficial de la Campa\u00f1a especial de credencializaci\u00f3n, para incorporarse a lista nominal, renovaci\u00f3n y cambio de domicilio. Sin embargo, ante la gran demanda ampliaron el plazo hasta el jueves 3 de febrero. [&hellip;]\" \/>\n<meta property=\"og:url\" content=\"https:\/\/www.bbmnoticias.com\/labravaradiofm\/2022\/01\/31\/por-alta-demanda-amplian-plazo-para-tramites-de-credencial-en-el-ine\/\" \/>\n<meta property=\"og:site_name\" content=\"LA BRAVA RADIO\" \/>\n<meta property=\"article:published_time\" content=\"2022-01-31T20:51:45+00:00\" \/>\n<meta property=\"article:modified_time\" content=\"2022-01-31T20:52:18+00:00\" \/>\n<meta property=\"og:image\" content=\"https:\/\/www.bbmnoticias.com\/labravaradiofm\/wp-content\/uploads\/sites\/5\/2022\/01\/ine-oaxaca.jpg\" \/>\n\t<meta property=\"og:image:width\" content=\"964\" \/>\n\t<meta property=\"og:image:height\" content=\"542\" \/>\n\t<meta property=\"og:image:type\" content=\"image\/jpeg\" \/>\n<meta name=\"author\" content=\"Quadratin\" \/>\n<meta name=\"twitter:card\" content=\"summary_large_image\" \/>\n<meta name=\"twitter:label1\" content=\"Escrito por\" \/>\n\t<meta name=\"twitter:data1\" content=\"Quadratin\" \/>\n\t<meta name=\"twitter:label2\" content=\"Tiempo de lectura\" \/>\n\t<meta name=\"twitter:data2\" content=\"1 minuto\" \/>\n<script type=\"application\/ld+json\" class=\"yoast-schema-graph\">{\"@context\":\"https:\\\/\\\/schema.org\",\"@graph\":[{\"@type\":\"Article\",\"@id\":\"https:\\\/\\\/www.bbmnoticias.com\\\/labravaradiofm\\\/2022\\\/01\\\/31\\\/por-alta-demanda-amplian-plazo-para-tramites-de-credencial-en-el-ine\\\/#article\",\"isPartOf\":{\"@id\":\"https:\\\/\\\/www.bbmnoticias.com\\\/labravaradiofm\\\/2022\\\/01\\\/31\\\/por-alta-demanda-amplian-plazo-para-tramites-de-credencial-en-el-ine\\\/\"},\"author\":{\"name\":\"Quadratin\",\"@id\":\"https:\\\/\\\/www.bbmnoticias.com\\\/labravaradiofm\\\/#\\\/schema\\\/person\\\/c316b6f6c03640cce5d9482ba5a8e5c2\"},\"headline\":\"Por alta demanda, ampl\u00edan plazo para tr\u00e1mites de credencial en el INE\",\"datePublished\":\"2022-01-31T20:51:45+00:00\",\"dateModified\":\"2022-01-31T20:52:18+00:00\",\"mainEntityOfPage\":{\"@id\":\"https:\\\/\\\/www.bbmnoticias.com\\\/labravaradiofm\\\/2022\\\/01\\\/31\\\/por-alta-demanda-amplian-plazo-para-tramites-de-credencial-en-el-ine\\\/\"},\"wordCount\":119,\"image\":{\"@id\":\"https:\\\/\\\/www.bbmnoticias.com\\\/labravaradiofm\\\/2022\\\/01\\\/31\\\/por-alta-demanda-amplian-plazo-para-tramites-de-credencial-en-el-ine\\\/#primaryimage\"},\"thumbnailUrl\":\"https:\\\/\\\/www.bbmnoticias.com\\\/labravaradiofm\\\/wp-content\\\/uploads\\\/sites\\\/5\\\/2022\\\/01\\\/ine-oaxaca.jpg\",\"inLanguage\":\"es\"},{\"@type\":\"WebPage\",\"@id\":\"https:\\\/\\\/www.bbmnoticias.com\\\/labravaradiofm\\\/2022\\\/01\\\/31\\\/por-alta-demanda-amplian-plazo-para-tramites-de-credencial-en-el-ine\\\/\",\"url\":\"https:\\\/\\\/www.bbmnoticias.com\\\/labravaradiofm\\\/2022\\\/01\\\/31\\\/por-alta-demanda-amplian-plazo-para-tramites-de-credencial-en-el-ine\\\/\",\"name\":\"Por alta demanda, ampl\u00edan plazo para tr\u00e1mites de credencial en el INE - LA BRAVA RADIO\",\"isPartOf\":{\"@id\":\"https:\\\/\\\/www.bbmnoticias.com\\\/labravaradiofm\\\/#website\"},\"primaryImageOfPage\":{\"@id\":\"https:\\\/\\\/www.bbmnoticias.com\\\/labravaradiofm\\\/2022\\\/01\\\/31\\\/por-alta-demanda-amplian-plazo-para-tramites-de-credencial-en-el-ine\\\/#primaryimage\"},\"image\":{\"@id\":\"https:\\\/\\\/www.bbmnoticias.com\\\/labravaradiofm\\\/2022\\\/01\\\/31\\\/por-alta-demanda-amplian-plazo-para-tramites-de-credencial-en-el-ine\\\/#primaryimage\"},\"thumbnailUrl\":\"https:\\\/\\\/www.bbmnoticias.com\\\/labravaradiofm\\\/wp-content\\\/uploads\\\/sites\\\/5\\\/2022\\\/01\\\/ine-oaxaca.jpg\",\"datePublished\":\"2022-01-31T20:51:45+00:00\",\"dateModified\":\"2022-01-31T20:52:18+00:00\",\"author\":{\"@id\":\"https:\\\/\\\/www.bbmnoticias.com\\\/labravaradiofm\\\/#\\\/schema\\\/person\\\/c316b6f6c03640cce5d9482ba5a8e5c2\"},\"breadcrumb\":{\"@id\":\"https:\\\/\\\/www.bbmnoticias.com\\\/labravaradiofm\\\/2022\\\/01\\\/31\\\/por-alta-demanda-amplian-plazo-para-tramites-de-credencial-en-el-ine\\\/#breadcrumb\"},\"inLanguage\":\"es\",\"potentialAction\":[{\"@type\":\"ReadAction\",\"target\":[\"https:\\\/\\\/www.bbmnoticias.com\\\/labravaradiofm\\\/2022\\\/01\\\/31\\\/por-alta-demanda-amplian-plazo-para-tramites-de-credencial-en-el-ine\\\/\"]}]},{\"@type\":\"ImageObject\",\"inLanguage\":\"es\",\"@id\":\"https:\\\/\\\/www.bbmnoticias.com\\\/labravaradiofm\\\/2022\\\/01\\\/31\\\/por-alta-demanda-amplian-plazo-para-tramites-de-credencial-en-el-ine\\\/#primaryimage\",\"url\":\"https:\\\/\\\/www.bbmnoticias.com\\\/labravaradiofm\\\/wp-content\\\/uploads\\\/sites\\\/5\\\/2022\\\/01\\\/ine-oaxaca.jpg\",\"contentUrl\":\"https:\\\/\\\/www.bbmnoticias.com\\\/labravaradiofm\\\/wp-content\\\/uploads\\\/sites\\\/5\\\/2022\\\/01\\\/ine-oaxaca.jpg\",\"width\":964,\"height\":542},{\"@type\":\"BreadcrumbList\",\"@id\":\"https:\\\/\\\/www.bbmnoticias.com\\\/labravaradiofm\\\/2022\\\/01\\\/31\\\/por-alta-demanda-amplian-plazo-para-tramites-de-credencial-en-el-ine\\\/#breadcrumb\",\"itemListElement\":[{\"@type\":\"ListItem\",\"position\":1,\"name\":\"Inicio\",\"item\":\"https:\\\/\\\/www.bbmnoticias.com\\\/labravaradiofm\\\/\"},{\"@type\":\"ListItem\",\"position\":2,\"name\":\"Por alta demanda, ampl\u00edan plazo para tr\u00e1mites de credencial en el INE\"}]},{\"@type\":\"WebSite\",\"@id\":\"https:\\\/\\\/www.bbmnoticias.com\\\/labravaradiofm\\\/#website\",\"url\":\"https:\\\/\\\/www.bbmnoticias.com\\\/labravaradiofm\\\/\",\"name\":\"LA BRAVA RADIO\",\"description\":\"Empresa productora de medios, Radiodifusi\u00f3n, Noticias, tendencias y todo lo que necesitas saber de la pol\u00edtica mexicana e internacional; entretenimiento, espect\u00e1culos, salud y mucho m\u00e1s.\",\"potentialAction\":[{\"@type\":\"SearchAction\",\"target\":{\"@type\":\"EntryPoint\",\"urlTemplate\":\"https:\\\/\\\/www.bbmnoticias.com\\\/labravaradiofm\\\/?s={search_term_string}\"},\"query-input\":{\"@type\":\"PropertyValueSpecification\",\"valueRequired\":true,\"valueName\":\"search_term_string\"}}],\"inLanguage\":\"es\"},{\"@type\":\"Person\",\"@id\":\"https:\\\/\\\/www.bbmnoticias.com\\\/labravaradiofm\\\/#\\\/schema\\\/person\\\/c316b6f6c03640cce5d9482ba5a8e5c2\",\"name\":\"Quadratin\",\"image\":{\"@type\":\"ImageObject\",\"inLanguage\":\"es\",\"@id\":\"https:\\\/\\\/secure.gravatar.com\\\/avatar\\\/34008d7d72488432d6a74f81e839efc9f754b118786ca32cf39d9d5508a68f63?s=96&d=mm&r=g\",\"url\":\"https:\\\/\\\/secure.gravatar.com\\\/avatar\\\/34008d7d72488432d6a74f81e839efc9f754b118786ca32cf39d9d5508a68f63?s=96&d=mm&r=g\",\"contentUrl\":\"https:\\\/\\\/secure.gravatar.com\\\/avatar\\\/34008d7d72488432d6a74f81e839efc9f754b118786ca32cf39d9d5508a68f63?s=96&d=mm&r=g\",\"caption\":\"Quadratin\"},\"url\":\"https:\\\/\\\/www.bbmnoticias.com\\\/labravaradiofm\\\/author\\\/quadratin\\\/\"}]}<\/script>\n<!-- \/ Yoast SEO plugin. -->","yoast_head_json":{"title":"Por alta demanda, ampl\u00edan plazo para tr\u00e1mites de credencial en el INE - LA BRAVA RADIO","robots":{"index":"index","follow":"follow","max-snippet":"max-snippet:-1","max-image-preview":"max-image-preview:large","max-video-preview":"max-video-preview:-1"},"canonical":"https:\/\/www.bbmnoticias.com\/labravaradiofm\/2022\/01\/31\/por-alta-demanda-amplian-plazo-para-tramites-de-credencial-en-el-ine\/","og_locale":"es_MX","og_type":"article","og_title":"Por alta demanda, ampl\u00edan plazo para tr\u00e1mites de credencial en el INE - LA BRAVA RADIO","og_description":"OAXACA, Oax. 31 de enero de 2022.- Un gran n\u00famero de personas abarrot\u00f3 el m\u00f3dulo de Instituto Nacional Electoral (INE) debido al cierre oficial de la Campa\u00f1a especial de credencializaci\u00f3n, para incorporarse a lista nominal, renovaci\u00f3n y cambio de domicilio. Sin embargo, ante la gran demanda ampliaron el plazo hasta el jueves 3 de febrero. [&hellip;]","og_url":"https:\/\/www.bbmnoticias.com\/labravaradiofm\/2022\/01\/31\/por-alta-demanda-amplian-plazo-para-tramites-de-credencial-en-el-ine\/","og_site_name":"LA BRAVA RADIO","article_published_time":"2022-01-31T20:51:45+00:00","article_modified_time":"2022-01-31T20:52:18+00:00","og_image":[{"width":964,"height":542,"url":"https:\/\/www.bbmnoticias.com\/labravaradiofm\/wp-content\/uploads\/sites\/5\/2022\/01\/ine-oaxaca.jpg","type":"image\/jpeg"}],"author":"Quadratin","twitter_card":"summary_large_image","twitter_misc":{"Escrito por":"Quadratin","Tiempo de lectura":"1 minuto"},"schema":{"@context":"https:\/\/schema.org","@graph":[{"@type":"Article","@id":"https:\/\/www.bbmnoticias.com\/labravaradiofm\/2022\/01\/31\/por-alta-demanda-amplian-plazo-para-tramites-de-credencial-en-el-ine\/#article","isPartOf":{"@id":"https:\/\/www.bbmnoticias.com\/labravaradiofm\/2022\/01\/31\/por-alta-demanda-amplian-plazo-para-tramites-de-credencial-en-el-ine\/"},"author":{"name":"Quadratin","@id":"https:\/\/www.bbmnoticias.com\/labravaradiofm\/#\/schema\/person\/c316b6f6c03640cce5d9482ba5a8e5c2"},"headline":"Por alta demanda, ampl\u00edan plazo para tr\u00e1mites de credencial en el INE","datePublished":"2022-01-31T20:51:45+00:00","dateModified":"2022-01-31T20:52:18+00:00","mainEntityOfPage":{"@id":"https:\/\/www.bbmnoticias.com\/labravaradiofm\/2022\/01\/31\/por-alta-demanda-amplian-plazo-para-tramites-de-credencial-en-el-ine\/"},"wordCount":119,"image":{"@id":"https:\/\/www.bbmnoticias.com\/labravaradiofm\/2022\/01\/31\/por-alta-demanda-amplian-plazo-para-tramites-de-credencial-en-el-ine\/#primaryimage"},"thumbnailUrl":"https:\/\/www.bbmnoticias.com\/labravaradiofm\/wp-content\/uploads\/sites\/5\/2022\/01\/ine-oaxaca.jpg","inLanguage":"es"},{"@type":"WebPage","@id":"https:\/\/www.bbmnoticias.com\/labravaradiofm\/2022\/01\/31\/por-alta-demanda-amplian-plazo-para-tramites-de-credencial-en-el-ine\/","url":"https:\/\/www.bbmnoticias.com\/labravaradiofm\/2022\/01\/31\/por-alta-demanda-amplian-plazo-para-tramites-de-credencial-en-el-ine\/","name":"Por alta demanda, ampl\u00edan plazo para tr\u00e1mites de credencial en el INE - LA BRAVA RADIO","isPartOf":{"@id":"https:\/\/www.bbmnoticias.com\/labravaradiofm\/#website"},"primaryImageOfPage":{"@id":"https:\/\/www.bbmnoticias.com\/labravaradiofm\/2022\/01\/31\/por-alta-demanda-amplian-plazo-para-tramites-de-credencial-en-el-ine\/#primaryimage"},"image":{"@id":"https:\/\/www.bbmnoticias.com\/labravaradiofm\/2022\/01\/31\/por-alta-demanda-amplian-plazo-para-tramites-de-credencial-en-el-ine\/#primaryimage"},"thumbnailUrl":"https:\/\/www.bbmnoticias.com\/labravaradiofm\/wp-content\/uploads\/sites\/5\/2022\/01\/ine-oaxaca.jpg","datePublished":"2022-01-31T20:51:45+00:00","dateModified":"2022-01-31T20:52:18+00:00","author":{"@id":"https:\/\/www.bbmnoticias.com\/labravaradiofm\/#\/schema\/person\/c316b6f6c03640cce5d9482ba5a8e5c2"},"breadcrumb":{"@id":"https:\/\/www.bbmnoticias.com\/labravaradiofm\/2022\/01\/31\/por-alta-demanda-amplian-plazo-para-tramites-de-credencial-en-el-ine\/#breadcrumb"},"inLanguage":"es","potentialAction":[{"@type":"ReadAction","target":["https:\/\/www.bbmnoticias.com\/labravaradiofm\/2022\/01\/31\/por-alta-demanda-amplian-plazo-para-tramites-de-credencial-en-el-ine\/"]}]},{"@type":"ImageObject","inLanguage":"es","@id":"https:\/\/www.bbmnoticias.com\/labravaradiofm\/2022\/01\/31\/por-alta-demanda-amplian-plazo-para-tramites-de-credencial-en-el-ine\/#primaryimage","url":"https:\/\/www.bbmnoticias.com\/labravaradiofm\/wp-content\/uploads\/sites\/5\/2022\/01\/ine-oaxaca.jpg","contentUrl":"https:\/\/www.bbmnoticias.com\/labravaradiofm\/wp-content\/uploads\/sites\/5\/2022\/01\/ine-oaxaca.jpg","width":964,"height":542},{"@type":"BreadcrumbList","@id":"https:\/\/www.bbmnoticias.com\/labravaradiofm\/2022\/01\/31\/por-alta-demanda-amplian-plazo-para-tramites-de-credencial-en-el-ine\/#breadcrumb","itemListElement":[{"@type":"ListItem","position":1,"name":"Inicio","item":"https:\/\/www.bbmnoticias.com\/labravaradiofm\/"},{"@type":"ListItem","position":2,"name":"Por alta demanda, ampl\u00edan plazo para tr\u00e1mites de credencial en el INE"}]},{"@type":"WebSite","@id":"https:\/\/www.bbmnoticias.com\/labravaradiofm\/#website","url":"https:\/\/www.bbmnoticias.com\/labravaradiofm\/","name":"LA BRAVA RADIO","description":"Empresa productora de medios, Radiodifusi\u00f3n, Noticias, tendencias y todo lo que necesitas saber de la pol\u00edtica mexicana e internacional; entretenimiento, espect\u00e1culos, salud y mucho m\u00e1s.","potentialAction":[{"@type":"SearchAction","target":{"@type":"EntryPoint","urlTemplate":"https:\/\/www.bbmnoticias.com\/labravaradiofm\/?s={search_term_string}"},"query-input":{"@type":"PropertyValueSpecification","valueRequired":true,"valueName":"search_term_string"}}],"inLanguage":"es"},{"@type":"Person","@id":"https:\/\/www.bbmnoticias.com\/labravaradiofm\/#\/schema\/person\/c316b6f6c03640cce5d9482ba5a8e5c2","name":"Quadratin","image":{"@type":"ImageObject","inLanguage":"es","@id":"https:\/\/secure.gravatar.com\/avatar\/34008d7d72488432d6a74f81e839efc9f754b118786ca32cf39d9d5508a68f63?s=96&d=mm&r=g","url":"https:\/\/secure.gravatar.com\/avatar\/34008d7d72488432d6a74f81e839efc9f754b118786ca32cf39d9d5508a68f63?s=96&d=mm&r=g","contentUrl":"https:\/\/secure.gravatar.com\/avatar\/34008d7d72488432d6a74f81e839efc9f754b118786ca32cf39d9d5508a68f63?s=96&d=mm&r=g","caption":"Quadratin"},"url":"https:\/\/www.bbmnoticias.com\/labravaradiofm\/author\/quadratin\/"}]}},"_links":{"self":[{"href":"https:\/\/www.bbmnoticias.com\/labravaradiofm\/wp-json\/wp\/v2\/posts\/9162","targetHints":{"allow":["GET"]}}],"collection":[{"href":"https:\/\/www.bbmnoticias.com\/labravaradiofm\/wp-json\/wp\/v2\/posts"}],"about":[{"href":"https:\/\/www.bbmnoticias.com\/labravaradiofm\/wp-json\/wp\/v2\/types\/post"}],"author":[{"embeddable":true,"href":"https:\/\/www.bbmnoticias.com\/labravaradiofm\/wp-json\/wp\/v2\/users\/5"}],"replies":[{"embeddable":true,"href":"https:\/\/www.bbmnoticias.com\/labravaradiofm\/wp-json\/wp\/v2\/comments?post=9162"}],"version-history":[{"count":0,"href":"https:\/\/www.bbmnoticias.com\/labravaradiofm\/wp-json\/wp\/v2\/posts\/9162\/revisions"}],"wp:featuredmedia":[{"embeddable":true,"href":"https:\/\/www.bbmnoticias.com\/labravaradiofm\/wp-json\/wp\/v2\/media\/9163"}],"wp:attachment":[{"href":"https:\/\/www.bbmnoticias.com\/labravaradiofm\/wp-json\/wp\/v2\/media?parent=9162"}],"wp:term":[{"taxonomy":"category","embeddable":true,"href":"https:\/\/www.bbmnoticias.com\/labravaradiofm\/wp-json\/wp\/v2\/categories?post=9162"},{"taxonomy":"post_tag","embeddable":true,"href":"https:\/\/www.bbmnoticias.com\/labravaradiofm\/wp-json\/wp\/v2\/tags?post=9162"}],"curies":[{"name":"wp","href":"https:\/\/api.w.org\/{rel}","templated":true}]}}