{"id":9104,"date":"2022-01-28T11:54:38","date_gmt":"2022-01-28T17:54:38","guid":{"rendered":"https:\/\/www.bbmnoticias.com\/labravaradiofm\/?p=9104"},"modified":"2022-01-28T11:54:40","modified_gmt":"2022-01-28T17:54:40","slug":"abarrotan-jovenes-modulos-de-vacunacion-anticovid","status":"publish","type":"post","link":"https:\/\/www.bbmnoticias.com\/labravaradiofm\/2022\/01\/28\/abarrotan-jovenes-modulos-de-vacunacion-anticovid\/","title":{"rendered":"Abarrotan j\u00f3venes m\u00f3dulos de vacunaci\u00f3n anticovid"},"content":{"rendered":"<div style=\"margin-top: 0px; margin-bottom: 0px;\" class=\"sharethis-inline-share-buttons\" ><\/div>\n<p>OAXACA, Oax. 28 de enero de 2022.- Una gran cantidad de j\u00f3venes abarrotaron las tres sedes de vacunaci\u00f3n anticovid destinadas al municipio de Oaxaca de Ju\u00e1rez para esta jornada de menores de edad.<\/p>\n\n\n\n<p>En el Instituto Tecnol\u00f3gico de Oaxaca, la zona militar de Ixcotel y el Gimnasio Universitario de la UABJO hay unas largas filas en espera de ingresar a los m\u00f3dulos.<\/p>\n\n\n\n<p>La jornada de este viernes contempla primera y segunda dosis a menores de 12 a 14 a\u00f1os con alguna comorbilidad, primera y segunda tambi\u00e9n a j\u00f3venes de 15 a 17 a\u00f1os sin ninguna comorbilidad as\u00ed como segundas dosis a mayores de 18 a\u00f1os con vacunas Pfizer.<\/p>\n\n\n\n<p>Asimismo, solo segundas dosis con el biol\u00f3gico Sinovac.<\/p>\n\n\n\n<p>Sin embargo, a pesar de las denuncias realizadas contin\u00faa la venta de espacios en las filas e incluso que los Servidores de la Naci\u00f3n est\u00e1 dando trato preferencial a familiares y amistades en el m\u00f3dulo de Ciudad Universitaria.<\/p>\n\n\n\n<p>Asimismo, en el m\u00f3dulo de la zona militar de Ixcotel no hay vigilancia policiaca a pesar de que este jueves denunciaron el robo de varias bater\u00edas de veh\u00edculos de personas que acudieron a vacunarse.<\/p>\n","protected":false},"excerpt":{"rendered":"<p>OAXACA, Oax. 28 de enero de 2022.- Una gran cantidad de j\u00f3venes abarrotaron las tres sedes de vacunaci\u00f3n anticovid destinadas al municipio de Oaxaca de Ju\u00e1rez para esta jornada de menores de edad. En el Instituto Tecnol\u00f3gico de Oaxaca, la zona militar de Ixcotel y el Gimnasio Universitario de la UABJO hay unas largas filas [&hellip;]<\/p>\n","protected":false},"author":5,"featured_media":9105,"comment_status":"closed","ping_status":"closed","sticky":false,"template":"","format":"standard","meta":{"footnotes":""},"categories":[2],"tags":[],"class_list":{"0":"post-9104","1":"post","2":"type-post","3":"status-publish","4":"format-standard","5":"has-post-thumbnail","7":"category-oaxaca"},"yoast_head":"<!-- This site is optimized with the Yoast SEO plugin v27.4 - https:\/\/yoast.com\/product\/yoast-seo-wordpress\/ -->\n<title>Abarrotan j\u00f3venes m\u00f3dulos de vacunaci\u00f3n anticovid - LA BRAVA RADIO<\/title>\n<meta name=\"robots\" content=\"index, follow, max-snippet:-1, max-image-preview:large, max-video-preview:-1\" \/>\n<link rel=\"canonical\" href=\"https:\/\/www.bbmnoticias.com\/labravaradiofm\/2022\/01\/28\/abarrotan-jovenes-modulos-de-vacunacion-anticovid\/\" \/>\n<meta property=\"og:locale\" content=\"es_MX\" \/>\n<meta property=\"og:type\" content=\"article\" \/>\n<meta property=\"og:title\" content=\"Abarrotan j\u00f3venes m\u00f3dulos de vacunaci\u00f3n anticovid - LA BRAVA RADIO\" \/>\n<meta property=\"og:description\" content=\"OAXACA, Oax. 28 de enero de 2022.- Una gran cantidad de j\u00f3venes abarrotaron las tres sedes de vacunaci\u00f3n anticovid destinadas al municipio de Oaxaca de Ju\u00e1rez para esta jornada de menores de edad. En el Instituto Tecnol\u00f3gico de Oaxaca, la zona militar de Ixcotel y el Gimnasio Universitario de la UABJO hay unas largas filas [&hellip;]\" \/>\n<meta property=\"og:url\" content=\"https:\/\/www.bbmnoticias.com\/labravaradiofm\/2022\/01\/28\/abarrotan-jovenes-modulos-de-vacunacion-anticovid\/\" \/>\n<meta property=\"og:site_name\" content=\"LA BRAVA RADIO\" \/>\n<meta property=\"article:published_time\" content=\"2022-01-28T17:54:38+00:00\" \/>\n<meta property=\"article:modified_time\" content=\"2022-01-28T17:54:40+00:00\" \/>\n<meta property=\"og:image\" content=\"https:\/\/www.bbmnoticias.com\/labravaradiofm\/wp-content\/uploads\/sites\/5\/2022\/01\/vacuna-jovenes.jpg\" \/>\n\t<meta property=\"og:image:width\" content=\"1599\" \/>\n\t<meta property=\"og:image:height\" content=\"899\" \/>\n\t<meta property=\"og:image:type\" content=\"image\/jpeg\" \/>\n<meta name=\"author\" content=\"Quadratin\" \/>\n<meta name=\"twitter:card\" content=\"summary_large_image\" \/>\n<meta name=\"twitter:label1\" content=\"Escrito por\" \/>\n\t<meta name=\"twitter:data1\" content=\"Quadratin\" \/>\n\t<meta name=\"twitter:label2\" content=\"Tiempo de lectura\" \/>\n\t<meta name=\"twitter:data2\" content=\"1 minuto\" \/>\n<script type=\"application\/ld+json\" class=\"yoast-schema-graph\">{\"@context\":\"https:\\\/\\\/schema.org\",\"@graph\":[{\"@type\":\"Article\",\"@id\":\"https:\\\/\\\/www.bbmnoticias.com\\\/labravaradiofm\\\/2022\\\/01\\\/28\\\/abarrotan-jovenes-modulos-de-vacunacion-anticovid\\\/#article\",\"isPartOf\":{\"@id\":\"https:\\\/\\\/www.bbmnoticias.com\\\/labravaradiofm\\\/2022\\\/01\\\/28\\\/abarrotan-jovenes-modulos-de-vacunacion-anticovid\\\/\"},\"author\":{\"name\":\"Quadratin\",\"@id\":\"https:\\\/\\\/www.bbmnoticias.com\\\/labravaradiofm\\\/#\\\/schema\\\/person\\\/b7ad4658f4970d61499e84f6fe178160\"},\"headline\":\"Abarrotan j\u00f3venes m\u00f3dulos de vacunaci\u00f3n anticovid\",\"datePublished\":\"2022-01-28T17:54:38+00:00\",\"dateModified\":\"2022-01-28T17:54:40+00:00\",\"mainEntityOfPage\":{\"@id\":\"https:\\\/\\\/www.bbmnoticias.com\\\/labravaradiofm\\\/2022\\\/01\\\/28\\\/abarrotan-jovenes-modulos-de-vacunacion-anticovid\\\/\"},\"wordCount\":208,\"image\":{\"@id\":\"https:\\\/\\\/www.bbmnoticias.com\\\/labravaradiofm\\\/2022\\\/01\\\/28\\\/abarrotan-jovenes-modulos-de-vacunacion-anticovid\\\/#primaryimage\"},\"thumbnailUrl\":\"https:\\\/\\\/www.bbmnoticias.com\\\/labravaradiofm\\\/wp-content\\\/uploads\\\/sites\\\/5\\\/2022\\\/01\\\/vacuna-jovenes.jpg\",\"articleSection\":[\"LOCAL\"],\"inLanguage\":\"es\"},{\"@type\":\"WebPage\",\"@id\":\"https:\\\/\\\/www.bbmnoticias.com\\\/labravaradiofm\\\/2022\\\/01\\\/28\\\/abarrotan-jovenes-modulos-de-vacunacion-anticovid\\\/\",\"url\":\"https:\\\/\\\/www.bbmnoticias.com\\\/labravaradiofm\\\/2022\\\/01\\\/28\\\/abarrotan-jovenes-modulos-de-vacunacion-anticovid\\\/\",\"name\":\"Abarrotan j\u00f3venes m\u00f3dulos de vacunaci\u00f3n anticovid - LA BRAVA RADIO\",\"isPartOf\":{\"@id\":\"https:\\\/\\\/www.bbmnoticias.com\\\/labravaradiofm\\\/#website\"},\"primaryImageOfPage\":{\"@id\":\"https:\\\/\\\/www.bbmnoticias.com\\\/labravaradiofm\\\/2022\\\/01\\\/28\\\/abarrotan-jovenes-modulos-de-vacunacion-anticovid\\\/#primaryimage\"},\"image\":{\"@id\":\"https:\\\/\\\/www.bbmnoticias.com\\\/labravaradiofm\\\/2022\\\/01\\\/28\\\/abarrotan-jovenes-modulos-de-vacunacion-anticovid\\\/#primaryimage\"},\"thumbnailUrl\":\"https:\\\/\\\/www.bbmnoticias.com\\\/labravaradiofm\\\/wp-content\\\/uploads\\\/sites\\\/5\\\/2022\\\/01\\\/vacuna-jovenes.jpg\",\"datePublished\":\"2022-01-28T17:54:38+00:00\",\"dateModified\":\"2022-01-28T17:54:40+00:00\",\"author\":{\"@id\":\"https:\\\/\\\/www.bbmnoticias.com\\\/labravaradiofm\\\/#\\\/schema\\\/person\\\/b7ad4658f4970d61499e84f6fe178160\"},\"breadcrumb\":{\"@id\":\"https:\\\/\\\/www.bbmnoticias.com\\\/labravaradiofm\\\/2022\\\/01\\\/28\\\/abarrotan-jovenes-modulos-de-vacunacion-anticovid\\\/#breadcrumb\"},\"inLanguage\":\"es\",\"potentialAction\":[{\"@type\":\"ReadAction\",\"target\":[\"https:\\\/\\\/www.bbmnoticias.com\\\/labravaradiofm\\\/2022\\\/01\\\/28\\\/abarrotan-jovenes-modulos-de-vacunacion-anticovid\\\/\"]}]},{\"@type\":\"ImageObject\",\"inLanguage\":\"es\",\"@id\":\"https:\\\/\\\/www.bbmnoticias.com\\\/labravaradiofm\\\/2022\\\/01\\\/28\\\/abarrotan-jovenes-modulos-de-vacunacion-anticovid\\\/#primaryimage\",\"url\":\"https:\\\/\\\/www.bbmnoticias.com\\\/labravaradiofm\\\/wp-content\\\/uploads\\\/sites\\\/5\\\/2022\\\/01\\\/vacuna-jovenes.jpg\",\"contentUrl\":\"https:\\\/\\\/www.bbmnoticias.com\\\/labravaradiofm\\\/wp-content\\\/uploads\\\/sites\\\/5\\\/2022\\\/01\\\/vacuna-jovenes.jpg\",\"width\":1599,\"height\":899},{\"@type\":\"BreadcrumbList\",\"@id\":\"https:\\\/\\\/www.bbmnoticias.com\\\/labravaradiofm\\\/2022\\\/01\\\/28\\\/abarrotan-jovenes-modulos-de-vacunacion-anticovid\\\/#breadcrumb\",\"itemListElement\":[{\"@type\":\"ListItem\",\"position\":1,\"name\":\"Inicio\",\"item\":\"https:\\\/\\\/www.bbmnoticias.com\\\/labravaradiofm\\\/\"},{\"@type\":\"ListItem\",\"position\":2,\"name\":\"Abarrotan j\u00f3venes m\u00f3dulos de vacunaci\u00f3n anticovid\"}]},{\"@type\":\"WebSite\",\"@id\":\"https:\\\/\\\/www.bbmnoticias.com\\\/labravaradiofm\\\/#website\",\"url\":\"https:\\\/\\\/www.bbmnoticias.com\\\/labravaradiofm\\\/\",\"name\":\"LA BRAVA RADIO\",\"description\":\"Empresa productora de medios, Radiodifusi\u00f3n, Noticias, tendencias y todo lo que necesitas saber de la pol\u00edtica mexicana e internacional; entretenimiento, espect\u00e1culos, salud y mucho m\u00e1s.\",\"potentialAction\":[{\"@type\":\"SearchAction\",\"target\":{\"@type\":\"EntryPoint\",\"urlTemplate\":\"https:\\\/\\\/www.bbmnoticias.com\\\/labravaradiofm\\\/?s={search_term_string}\"},\"query-input\":{\"@type\":\"PropertyValueSpecification\",\"valueRequired\":true,\"valueName\":\"search_term_string\"}}],\"inLanguage\":\"es\"},{\"@type\":\"Person\",\"@id\":\"https:\\\/\\\/www.bbmnoticias.com\\\/labravaradiofm\\\/#\\\/schema\\\/person\\\/b7ad4658f4970d61499e84f6fe178160\",\"name\":\"Quadratin\",\"image\":{\"@type\":\"ImageObject\",\"inLanguage\":\"es\",\"@id\":\"https:\\\/\\\/secure.gravatar.com\\\/avatar\\\/34008d7d72488432d6a74f81e839efc9f754b118786ca32cf39d9d5508a68f63?s=96&d=mm&r=g\",\"url\":\"https:\\\/\\\/secure.gravatar.com\\\/avatar\\\/34008d7d72488432d6a74f81e839efc9f754b118786ca32cf39d9d5508a68f63?s=96&d=mm&r=g\",\"contentUrl\":\"https:\\\/\\\/secure.gravatar.com\\\/avatar\\\/34008d7d72488432d6a74f81e839efc9f754b118786ca32cf39d9d5508a68f63?s=96&d=mm&r=g\",\"caption\":\"Quadratin\"},\"url\":\"https:\\\/\\\/www.bbmnoticias.com\\\/labravaradiofm\\\/author\\\/quadratin\\\/\"}]}<\/script>\n<!-- \/ Yoast SEO plugin. -->","yoast_head_json":{"title":"Abarrotan j\u00f3venes m\u00f3dulos de vacunaci\u00f3n anticovid - LA BRAVA RADIO","robots":{"index":"index","follow":"follow","max-snippet":"max-snippet:-1","max-image-preview":"max-image-preview:large","max-video-preview":"max-video-preview:-1"},"canonical":"https:\/\/www.bbmnoticias.com\/labravaradiofm\/2022\/01\/28\/abarrotan-jovenes-modulos-de-vacunacion-anticovid\/","og_locale":"es_MX","og_type":"article","og_title":"Abarrotan j\u00f3venes m\u00f3dulos de vacunaci\u00f3n anticovid - LA BRAVA RADIO","og_description":"OAXACA, Oax. 28 de enero de 2022.- Una gran cantidad de j\u00f3venes abarrotaron las tres sedes de vacunaci\u00f3n anticovid destinadas al municipio de Oaxaca de Ju\u00e1rez para esta jornada de menores de edad. En el Instituto Tecnol\u00f3gico de Oaxaca, la zona militar de Ixcotel y el Gimnasio Universitario de la UABJO hay unas largas filas [&hellip;]","og_url":"https:\/\/www.bbmnoticias.com\/labravaradiofm\/2022\/01\/28\/abarrotan-jovenes-modulos-de-vacunacion-anticovid\/","og_site_name":"LA BRAVA RADIO","article_published_time":"2022-01-28T17:54:38+00:00","article_modified_time":"2022-01-28T17:54:40+00:00","og_image":[{"width":1599,"height":899,"url":"https:\/\/www.bbmnoticias.com\/labravaradiofm\/wp-content\/uploads\/sites\/5\/2022\/01\/vacuna-jovenes.jpg","type":"image\/jpeg"}],"author":"Quadratin","twitter_card":"summary_large_image","twitter_misc":{"Escrito por":"Quadratin","Tiempo de lectura":"1 minuto"},"schema":{"@context":"https:\/\/schema.org","@graph":[{"@type":"Article","@id":"https:\/\/www.bbmnoticias.com\/labravaradiofm\/2022\/01\/28\/abarrotan-jovenes-modulos-de-vacunacion-anticovid\/#article","isPartOf":{"@id":"https:\/\/www.bbmnoticias.com\/labravaradiofm\/2022\/01\/28\/abarrotan-jovenes-modulos-de-vacunacion-anticovid\/"},"author":{"name":"Quadratin","@id":"https:\/\/www.bbmnoticias.com\/labravaradiofm\/#\/schema\/person\/b7ad4658f4970d61499e84f6fe178160"},"headline":"Abarrotan j\u00f3venes m\u00f3dulos de vacunaci\u00f3n anticovid","datePublished":"2022-01-28T17:54:38+00:00","dateModified":"2022-01-28T17:54:40+00:00","mainEntityOfPage":{"@id":"https:\/\/www.bbmnoticias.com\/labravaradiofm\/2022\/01\/28\/abarrotan-jovenes-modulos-de-vacunacion-anticovid\/"},"wordCount":208,"image":{"@id":"https:\/\/www.bbmnoticias.com\/labravaradiofm\/2022\/01\/28\/abarrotan-jovenes-modulos-de-vacunacion-anticovid\/#primaryimage"},"thumbnailUrl":"https:\/\/www.bbmnoticias.com\/labravaradiofm\/wp-content\/uploads\/sites\/5\/2022\/01\/vacuna-jovenes.jpg","articleSection":["LOCAL"],"inLanguage":"es"},{"@type":"WebPage","@id":"https:\/\/www.bbmnoticias.com\/labravaradiofm\/2022\/01\/28\/abarrotan-jovenes-modulos-de-vacunacion-anticovid\/","url":"https:\/\/www.bbmnoticias.com\/labravaradiofm\/2022\/01\/28\/abarrotan-jovenes-modulos-de-vacunacion-anticovid\/","name":"Abarrotan j\u00f3venes m\u00f3dulos de vacunaci\u00f3n anticovid - LA BRAVA RADIO","isPartOf":{"@id":"https:\/\/www.bbmnoticias.com\/labravaradiofm\/#website"},"primaryImageOfPage":{"@id":"https:\/\/www.bbmnoticias.com\/labravaradiofm\/2022\/01\/28\/abarrotan-jovenes-modulos-de-vacunacion-anticovid\/#primaryimage"},"image":{"@id":"https:\/\/www.bbmnoticias.com\/labravaradiofm\/2022\/01\/28\/abarrotan-jovenes-modulos-de-vacunacion-anticovid\/#primaryimage"},"thumbnailUrl":"https:\/\/www.bbmnoticias.com\/labravaradiofm\/wp-content\/uploads\/sites\/5\/2022\/01\/vacuna-jovenes.jpg","datePublished":"2022-01-28T17:54:38+00:00","dateModified":"2022-01-28T17:54:40+00:00","author":{"@id":"https:\/\/www.bbmnoticias.com\/labravaradiofm\/#\/schema\/person\/b7ad4658f4970d61499e84f6fe178160"},"breadcrumb":{"@id":"https:\/\/www.bbmnoticias.com\/labravaradiofm\/2022\/01\/28\/abarrotan-jovenes-modulos-de-vacunacion-anticovid\/#breadcrumb"},"inLanguage":"es","potentialAction":[{"@type":"ReadAction","target":["https:\/\/www.bbmnoticias.com\/labravaradiofm\/2022\/01\/28\/abarrotan-jovenes-modulos-de-vacunacion-anticovid\/"]}]},{"@type":"ImageObject","inLanguage":"es","@id":"https:\/\/www.bbmnoticias.com\/labravaradiofm\/2022\/01\/28\/abarrotan-jovenes-modulos-de-vacunacion-anticovid\/#primaryimage","url":"https:\/\/www.bbmnoticias.com\/labravaradiofm\/wp-content\/uploads\/sites\/5\/2022\/01\/vacuna-jovenes.jpg","contentUrl":"https:\/\/www.bbmnoticias.com\/labravaradiofm\/wp-content\/uploads\/sites\/5\/2022\/01\/vacuna-jovenes.jpg","width":1599,"height":899},{"@type":"BreadcrumbList","@id":"https:\/\/www.bbmnoticias.com\/labravaradiofm\/2022\/01\/28\/abarrotan-jovenes-modulos-de-vacunacion-anticovid\/#breadcrumb","itemListElement":[{"@type":"ListItem","position":1,"name":"Inicio","item":"https:\/\/www.bbmnoticias.com\/labravaradiofm\/"},{"@type":"ListItem","position":2,"name":"Abarrotan j\u00f3venes m\u00f3dulos de vacunaci\u00f3n anticovid"}]},{"@type":"WebSite","@id":"https:\/\/www.bbmnoticias.com\/labravaradiofm\/#website","url":"https:\/\/www.bbmnoticias.com\/labravaradiofm\/","name":"LA BRAVA RADIO","description":"Empresa productora de medios, Radiodifusi\u00f3n, Noticias, tendencias y todo lo que necesitas saber de la pol\u00edtica mexicana e internacional; entretenimiento, espect\u00e1culos, salud y mucho m\u00e1s.","potentialAction":[{"@type":"SearchAction","target":{"@type":"EntryPoint","urlTemplate":"https:\/\/www.bbmnoticias.com\/labravaradiofm\/?s={search_term_string}"},"query-input":{"@type":"PropertyValueSpecification","valueRequired":true,"valueName":"search_term_string"}}],"inLanguage":"es"},{"@type":"Person","@id":"https:\/\/www.bbmnoticias.com\/labravaradiofm\/#\/schema\/person\/b7ad4658f4970d61499e84f6fe178160","name":"Quadratin","image":{"@type":"ImageObject","inLanguage":"es","@id":"https:\/\/secure.gravatar.com\/avatar\/34008d7d72488432d6a74f81e839efc9f754b118786ca32cf39d9d5508a68f63?s=96&d=mm&r=g","url":"https:\/\/secure.gravatar.com\/avatar\/34008d7d72488432d6a74f81e839efc9f754b118786ca32cf39d9d5508a68f63?s=96&d=mm&r=g","contentUrl":"https:\/\/secure.gravatar.com\/avatar\/34008d7d72488432d6a74f81e839efc9f754b118786ca32cf39d9d5508a68f63?s=96&d=mm&r=g","caption":"Quadratin"},"url":"https:\/\/www.bbmnoticias.com\/labravaradiofm\/author\/quadratin\/"}]}},"_links":{"self":[{"href":"https:\/\/www.bbmnoticias.com\/labravaradiofm\/wp-json\/wp\/v2\/posts\/9104","targetHints":{"allow":["GET"]}}],"collection":[{"href":"https:\/\/www.bbmnoticias.com\/labravaradiofm\/wp-json\/wp\/v2\/posts"}],"about":[{"href":"https:\/\/www.bbmnoticias.com\/labravaradiofm\/wp-json\/wp\/v2\/types\/post"}],"author":[{"embeddable":true,"href":"https:\/\/www.bbmnoticias.com\/labravaradiofm\/wp-json\/wp\/v2\/users\/5"}],"replies":[{"embeddable":true,"href":"https:\/\/www.bbmnoticias.com\/labravaradiofm\/wp-json\/wp\/v2\/comments?post=9104"}],"version-history":[{"count":0,"href":"https:\/\/www.bbmnoticias.com\/labravaradiofm\/wp-json\/wp\/v2\/posts\/9104\/revisions"}],"wp:featuredmedia":[{"embeddable":true,"href":"https:\/\/www.bbmnoticias.com\/labravaradiofm\/wp-json\/wp\/v2\/media\/9105"}],"wp:attachment":[{"href":"https:\/\/www.bbmnoticias.com\/labravaradiofm\/wp-json\/wp\/v2\/media?parent=9104"}],"wp:term":[{"taxonomy":"category","embeddable":true,"href":"https:\/\/www.bbmnoticias.com\/labravaradiofm\/wp-json\/wp\/v2\/categories?post=9104"},{"taxonomy":"post_tag","embeddable":true,"href":"https:\/\/www.bbmnoticias.com\/labravaradiofm\/wp-json\/wp\/v2\/tags?post=9104"}],"curies":[{"name":"wp","href":"https:\/\/api.w.org\/{rel}","templated":true}]}}