{"id":9097,"date":"2022-01-28T10:45:07","date_gmt":"2022-01-28T16:45:07","guid":{"rendered":"https:\/\/www.bbmnoticias.com\/labravaradiofm\/?p=9097"},"modified":"2022-01-28T10:45:09","modified_gmt":"2022-01-28T16:45:09","slug":"temperaturas-descenderan-en-forma-moderada-posibles-cambios-extraordinarios-en-la-mixteca-sierra-norte-y-sierra-sur-cepco","status":"publish","type":"post","link":"https:\/\/www.bbmnoticias.com\/labravaradiofm\/2022\/01\/28\/temperaturas-descenderan-en-forma-moderada-posibles-cambios-extraordinarios-en-la-mixteca-sierra-norte-y-sierra-sur-cepco\/","title":{"rendered":"Temperaturas descender\u00e1n en forma moderada, posibles cambios extraordinarios en la Mixteca, Sierra Norte y Sierra Sur: CEPCO"},"content":{"rendered":"<div style=\"margin-top: 0px; margin-bottom: 0px;\" class=\"sharethis-inline-share-buttons\" ><\/div>\n<p><strong>Oaxaca de Ju\u00e1rez, Oax. 28 de enero de 2022<\/strong>: El Frente Fr\u00edo No.26 se desplazar\u00e1 r\u00e1pidamente hacia el sureste y durante la tarde-noche de hoy, dejar\u00e1 sentir sus efectos en algunas regiones del estado, originando lluvias, lloviznas y nieblas en la Cuenca del Papaloapan, Sierra Norte, Ca\u00f1ada y norte del Istmo.<\/p>\n\n\n\n<p>Es impulsado por una intensa masa de origen \u00e1rtico, que, al comenzar a invadir el noreste, oriente, centro y sureste de M\u00e9xico, favorecer\u00e1 a partir de esta tarde-noche increment\u00e1ndose el d\u00eda de ma\u00f1ana norte fuerte a intenso en el oriente del Istmo, as\u00ed como oleaje anormal en aguas del Golfo de Tehuantepec. Las temperaturas descender\u00e1n en forma moderada, siendo posible alg\u00fan cambio extraordinario en elevaciones mayores a mil 700 metros de la Mixteca, Sierra Norte y Sierra Sur.<\/p>\n\n\n\n<p>La Coordinaci\u00f3n Estatal de Protecci\u00f3n Civil de Oaxaca (CEPCO), emite lo siguiente: a la navegaci\u00f3n mar\u00edtima, pesca artesanal y deportiva, se les pide evaluar las condiciones atmosf\u00e9ricas y oceanogr\u00e1ficas antes de realizar sus actividades, as\u00ed como atender las recomendaciones de Protecci\u00f3n Civil, Guardia Nacional y la Unidad de Capitan\u00edas de Puerto y Asuntos Mar\u00edtimos.<\/p>\n\n\n\n<p>La CEPCO emite las siguientes recomendaciones:<\/p>\n\n\n\n<ul class=\"wp-block-list\"><li>A la poblaci\u00f3n en general se le recomienda precauci\u00f3n y evitar la quema agr\u00edcola en horas de viento fuerte.<\/li><li>Tomar precauciones al transitar en zonas de viento m\u00e1ximo y de niebla, abrigarse bien y evitar cambios bruscos de temperatura.<\/li><li>Abrigar a ni\u00f1as, ni\u00f1os y adultos mayores ante el marcado descenso de la temperatura.<\/li><li>Vestir con ropa gruesa, cubriendo todo el cuerpo (chamarra, abrigo, bufanda, gorro, guantes. Etc.).<\/li><li>Informarse a trav\u00e9s de los medios de comunicaci\u00f3n sobre el pron\u00f3stico del tiempo<\/li><li>Comer frutas amarillas ricas en vitamina A y C<\/li><li>Al salir de un lugar caliente cubrir boca y nariz para evitar respirar aire fr\u00edo<\/li><li>Los ni\u00f1os, adultos mayores, enfermos cr\u00f3nicos y personas indigentes son m\u00e1s vulnerables, por lo que se debe tener especial atenci\u00f3n con ellos y cob\u00edjalos.<\/li><li>Al utilizar chimeneas, calentadores u hornillos verificar que haya ventilaci\u00f3n adecuada para evitar intoxicaciones, cuidar que los ni\u00f1os no se acerquen para evitar accidentes.<\/li><li>Sellar puertas y ventanas con papel peri\u00f3dico para evitar cruces de corrientes y salida de calor acumulado en su casa.<\/li><li>No encender estufas ni anafres dentro de habitaciones que carezcan de ventilaci\u00f3n adecuada ya que pueden generar mon\u00f3xido de carbono, este es un gas que no se ve ni tiene olor y es altamente nocivo para la salud.<\/li><\/ul>\n\n\n\n<figure class=\"wp-block-embed is-type-rich is-provider-twitter wp-block-embed-twitter\"><div class=\"wp-block-embed__wrapper\">\n<blockquote class=\"twitter-tweet\" data-width=\"550\" data-dnt=\"true\"><p lang=\"es\" dir=\"ltr\">La informaci\u00f3n de las condiciones del tiempo que se esperan este viernes 28 de enero, te la proporciona el <a href=\"https:\/\/twitter.com\/hashtag\/SMNmx?src=hash&amp;ref_src=twsrc%5Etfw\">#SMNmx<\/a> a trav\u00e9s de su video <a href=\"https:\/\/twitter.com\/hashtag\/Pron%C3%B3stico?src=hash&amp;ref_src=twsrc%5Etfw\">#Pron\u00f3stico<\/a>. \u00a1Buenos d\u00edas y excelente fin de semana! <a href=\"https:\/\/t.co\/N62oH4oHnA\">pic.twitter.com\/N62oH4oHnA<\/a><\/p>&mdash; CONAGUA Clima (@conagua_clima) <a href=\"https:\/\/twitter.com\/conagua_clima\/status\/1487066015557058564?ref_src=twsrc%5Etfw\">January 28, 2022<\/a><\/blockquote><script async src=\"https:\/\/platform.twitter.com\/widgets.js\" charset=\"utf-8\"><\/script>\n<\/div><\/figure>\n","protected":false},"excerpt":{"rendered":"<p>Oaxaca de Ju\u00e1rez, Oax. 28 de enero de 2022: El Frente Fr\u00edo No.26 se desplazar\u00e1 r\u00e1pidamente hacia el sureste y durante la tarde-noche de hoy, dejar\u00e1 sentir sus efectos en algunas regiones del estado, originando lluvias, lloviznas y nieblas en la Cuenca del Papaloapan, Sierra Norte, Ca\u00f1ada y norte del Istmo. Es impulsado por una [&hellip;]<\/p>\n","protected":false},"author":2,"featured_media":9098,"comment_status":"closed","ping_status":"closed","sticky":false,"template":"","format":"standard","meta":{"footnotes":""},"categories":[2],"tags":[],"class_list":{"0":"post-9097","1":"post","2":"type-post","3":"status-publish","4":"format-standard","5":"has-post-thumbnail","7":"category-oaxaca"},"yoast_head":"<!-- This site is optimized with the Yoast SEO plugin v27.4 - https:\/\/yoast.com\/product\/yoast-seo-wordpress\/ -->\n<title>Temperaturas descender\u00e1n en forma moderada, posibles cambios extraordinarios en la Mixteca, Sierra Norte y Sierra Sur: CEPCO - LA BRAVA RADIO<\/title>\n<meta name=\"robots\" content=\"index, follow, max-snippet:-1, max-image-preview:large, max-video-preview:-1\" \/>\n<link rel=\"canonical\" href=\"https:\/\/www.bbmnoticias.com\/labravaradiofm\/2022\/01\/28\/temperaturas-descenderan-en-forma-moderada-posibles-cambios-extraordinarios-en-la-mixteca-sierra-norte-y-sierra-sur-cepco\/\" \/>\n<meta property=\"og:locale\" content=\"es_MX\" \/>\n<meta property=\"og:type\" content=\"article\" \/>\n<meta property=\"og:title\" content=\"Temperaturas descender\u00e1n en forma moderada, posibles cambios extraordinarios en la Mixteca, Sierra Norte y Sierra Sur: CEPCO - LA BRAVA RADIO\" \/>\n<meta property=\"og:description\" content=\"Oaxaca de Ju\u00e1rez, Oax. 28 de enero de 2022: El Frente Fr\u00edo No.26 se desplazar\u00e1 r\u00e1pidamente hacia el sureste y durante la tarde-noche de hoy, dejar\u00e1 sentir sus efectos en algunas regiones del estado, originando lluvias, lloviznas y nieblas en la Cuenca del Papaloapan, Sierra Norte, Ca\u00f1ada y norte del Istmo. Es impulsado por una [&hellip;]\" \/>\n<meta property=\"og:url\" content=\"https:\/\/www.bbmnoticias.com\/labravaradiofm\/2022\/01\/28\/temperaturas-descenderan-en-forma-moderada-posibles-cambios-extraordinarios-en-la-mixteca-sierra-norte-y-sierra-sur-cepco\/\" \/>\n<meta property=\"og:site_name\" content=\"LA BRAVA RADIO\" \/>\n<meta property=\"article:published_time\" content=\"2022-01-28T16:45:07+00:00\" \/>\n<meta property=\"article:modified_time\" content=\"2022-01-28T16:45:09+00:00\" \/>\n<meta property=\"og:image\" content=\"https:\/\/www.bbmnoticias.com\/labravaradiofm\/wp-content\/uploads\/sites\/5\/2022\/01\/clima-oaxaca-2.jpg\" \/>\n\t<meta property=\"og:image:width\" content=\"900\" \/>\n\t<meta property=\"og:image:height\" content=\"458\" \/>\n\t<meta property=\"og:image:type\" content=\"image\/jpeg\" \/>\n<meta name=\"author\" content=\"Staff\" \/>\n<meta name=\"twitter:card\" content=\"summary_large_image\" \/>\n<meta name=\"twitter:label1\" content=\"Escrito por\" \/>\n\t<meta name=\"twitter:data1\" content=\"Staff\" \/>\n\t<meta name=\"twitter:label2\" content=\"Tiempo de lectura\" \/>\n\t<meta name=\"twitter:data2\" content=\"2 minutos\" \/>\n<script type=\"application\/ld+json\" class=\"yoast-schema-graph\">{\"@context\":\"https:\\\/\\\/schema.org\",\"@graph\":[{\"@type\":\"Article\",\"@id\":\"https:\\\/\\\/www.bbmnoticias.com\\\/labravaradiofm\\\/2022\\\/01\\\/28\\\/temperaturas-descenderan-en-forma-moderada-posibles-cambios-extraordinarios-en-la-mixteca-sierra-norte-y-sierra-sur-cepco\\\/#article\",\"isPartOf\":{\"@id\":\"https:\\\/\\\/www.bbmnoticias.com\\\/labravaradiofm\\\/2022\\\/01\\\/28\\\/temperaturas-descenderan-en-forma-moderada-posibles-cambios-extraordinarios-en-la-mixteca-sierra-norte-y-sierra-sur-cepco\\\/\"},\"author\":{\"name\":\"Staff\",\"@id\":\"https:\\\/\\\/www.bbmnoticias.com\\\/labravaradiofm\\\/#\\\/schema\\\/person\\\/68a9e9036ef3c5b55aeb2b71dc8bab45\"},\"headline\":\"Temperaturas descender\u00e1n en forma moderada, posibles cambios extraordinarios en la Mixteca, Sierra Norte y Sierra Sur: CEPCO\",\"datePublished\":\"2022-01-28T16:45:07+00:00\",\"dateModified\":\"2022-01-28T16:45:09+00:00\",\"mainEntityOfPage\":{\"@id\":\"https:\\\/\\\/www.bbmnoticias.com\\\/labravaradiofm\\\/2022\\\/01\\\/28\\\/temperaturas-descenderan-en-forma-moderada-posibles-cambios-extraordinarios-en-la-mixteca-sierra-norte-y-sierra-sur-cepco\\\/\"},\"wordCount\":459,\"image\":{\"@id\":\"https:\\\/\\\/www.bbmnoticias.com\\\/labravaradiofm\\\/2022\\\/01\\\/28\\\/temperaturas-descenderan-en-forma-moderada-posibles-cambios-extraordinarios-en-la-mixteca-sierra-norte-y-sierra-sur-cepco\\\/#primaryimage\"},\"thumbnailUrl\":\"https:\\\/\\\/www.bbmnoticias.com\\\/labravaradiofm\\\/wp-content\\\/uploads\\\/sites\\\/5\\\/2022\\\/01\\\/clima-oaxaca-2.jpg\",\"articleSection\":[\"LOCAL\"],\"inLanguage\":\"es\"},{\"@type\":\"WebPage\",\"@id\":\"https:\\\/\\\/www.bbmnoticias.com\\\/labravaradiofm\\\/2022\\\/01\\\/28\\\/temperaturas-descenderan-en-forma-moderada-posibles-cambios-extraordinarios-en-la-mixteca-sierra-norte-y-sierra-sur-cepco\\\/\",\"url\":\"https:\\\/\\\/www.bbmnoticias.com\\\/labravaradiofm\\\/2022\\\/01\\\/28\\\/temperaturas-descenderan-en-forma-moderada-posibles-cambios-extraordinarios-en-la-mixteca-sierra-norte-y-sierra-sur-cepco\\\/\",\"name\":\"Temperaturas descender\u00e1n en forma moderada, posibles cambios extraordinarios en la Mixteca, Sierra Norte y Sierra Sur: CEPCO - LA BRAVA RADIO\",\"isPartOf\":{\"@id\":\"https:\\\/\\\/www.bbmnoticias.com\\\/labravaradiofm\\\/#website\"},\"primaryImageOfPage\":{\"@id\":\"https:\\\/\\\/www.bbmnoticias.com\\\/labravaradiofm\\\/2022\\\/01\\\/28\\\/temperaturas-descenderan-en-forma-moderada-posibles-cambios-extraordinarios-en-la-mixteca-sierra-norte-y-sierra-sur-cepco\\\/#primaryimage\"},\"image\":{\"@id\":\"https:\\\/\\\/www.bbmnoticias.com\\\/labravaradiofm\\\/2022\\\/01\\\/28\\\/temperaturas-descenderan-en-forma-moderada-posibles-cambios-extraordinarios-en-la-mixteca-sierra-norte-y-sierra-sur-cepco\\\/#primaryimage\"},\"thumbnailUrl\":\"https:\\\/\\\/www.bbmnoticias.com\\\/labravaradiofm\\\/wp-content\\\/uploads\\\/sites\\\/5\\\/2022\\\/01\\\/clima-oaxaca-2.jpg\",\"datePublished\":\"2022-01-28T16:45:07+00:00\",\"dateModified\":\"2022-01-28T16:45:09+00:00\",\"author\":{\"@id\":\"https:\\\/\\\/www.bbmnoticias.com\\\/labravaradiofm\\\/#\\\/schema\\\/person\\\/68a9e9036ef3c5b55aeb2b71dc8bab45\"},\"breadcrumb\":{\"@id\":\"https:\\\/\\\/www.bbmnoticias.com\\\/labravaradiofm\\\/2022\\\/01\\\/28\\\/temperaturas-descenderan-en-forma-moderada-posibles-cambios-extraordinarios-en-la-mixteca-sierra-norte-y-sierra-sur-cepco\\\/#breadcrumb\"},\"inLanguage\":\"es\",\"potentialAction\":[{\"@type\":\"ReadAction\",\"target\":[\"https:\\\/\\\/www.bbmnoticias.com\\\/labravaradiofm\\\/2022\\\/01\\\/28\\\/temperaturas-descenderan-en-forma-moderada-posibles-cambios-extraordinarios-en-la-mixteca-sierra-norte-y-sierra-sur-cepco\\\/\"]}]},{\"@type\":\"ImageObject\",\"inLanguage\":\"es\",\"@id\":\"https:\\\/\\\/www.bbmnoticias.com\\\/labravaradiofm\\\/2022\\\/01\\\/28\\\/temperaturas-descenderan-en-forma-moderada-posibles-cambios-extraordinarios-en-la-mixteca-sierra-norte-y-sierra-sur-cepco\\\/#primaryimage\",\"url\":\"https:\\\/\\\/www.bbmnoticias.com\\\/labravaradiofm\\\/wp-content\\\/uploads\\\/sites\\\/5\\\/2022\\\/01\\\/clima-oaxaca-2.jpg\",\"contentUrl\":\"https:\\\/\\\/www.bbmnoticias.com\\\/labravaradiofm\\\/wp-content\\\/uploads\\\/sites\\\/5\\\/2022\\\/01\\\/clima-oaxaca-2.jpg\",\"width\":900,\"height\":458},{\"@type\":\"BreadcrumbList\",\"@id\":\"https:\\\/\\\/www.bbmnoticias.com\\\/labravaradiofm\\\/2022\\\/01\\\/28\\\/temperaturas-descenderan-en-forma-moderada-posibles-cambios-extraordinarios-en-la-mixteca-sierra-norte-y-sierra-sur-cepco\\\/#breadcrumb\",\"itemListElement\":[{\"@type\":\"ListItem\",\"position\":1,\"name\":\"Inicio\",\"item\":\"https:\\\/\\\/www.bbmnoticias.com\\\/labravaradiofm\\\/\"},{\"@type\":\"ListItem\",\"position\":2,\"name\":\"Temperaturas descender\u00e1n en forma moderada, posibles cambios extraordinarios en la Mixteca, Sierra Norte y Sierra Sur: CEPCO\"}]},{\"@type\":\"WebSite\",\"@id\":\"https:\\\/\\\/www.bbmnoticias.com\\\/labravaradiofm\\\/#website\",\"url\":\"https:\\\/\\\/www.bbmnoticias.com\\\/labravaradiofm\\\/\",\"name\":\"LA BRAVA RADIO\",\"description\":\"Empresa productora de medios, Radiodifusi\u00f3n, Noticias, tendencias y todo lo que necesitas saber de la pol\u00edtica mexicana e internacional; entretenimiento, espect\u00e1culos, salud y mucho m\u00e1s.\",\"potentialAction\":[{\"@type\":\"SearchAction\",\"target\":{\"@type\":\"EntryPoint\",\"urlTemplate\":\"https:\\\/\\\/www.bbmnoticias.com\\\/labravaradiofm\\\/?s={search_term_string}\"},\"query-input\":{\"@type\":\"PropertyValueSpecification\",\"valueRequired\":true,\"valueName\":\"search_term_string\"}}],\"inLanguage\":\"es\"},{\"@type\":\"Person\",\"@id\":\"https:\\\/\\\/www.bbmnoticias.com\\\/labravaradiofm\\\/#\\\/schema\\\/person\\\/68a9e9036ef3c5b55aeb2b71dc8bab45\",\"name\":\"Staff\",\"image\":{\"@type\":\"ImageObject\",\"inLanguage\":\"es\",\"@id\":\"https:\\\/\\\/secure.gravatar.com\\\/avatar\\\/fdd21ad66fd8b98c407f9dee5b5e588cfe7f0d8579ec20fa6527cd59bab7f0f0?s=96&d=mm&r=g\",\"url\":\"https:\\\/\\\/secure.gravatar.com\\\/avatar\\\/fdd21ad66fd8b98c407f9dee5b5e588cfe7f0d8579ec20fa6527cd59bab7f0f0?s=96&d=mm&r=g\",\"contentUrl\":\"https:\\\/\\\/secure.gravatar.com\\\/avatar\\\/fdd21ad66fd8b98c407f9dee5b5e588cfe7f0d8579ec20fa6527cd59bab7f0f0?s=96&d=mm&r=g\",\"caption\":\"Staff\"},\"url\":\"https:\\\/\\\/www.bbmnoticias.com\\\/labravaradiofm\\\/author\\\/redaccion\\\/\"}]}<\/script>\n<!-- \/ Yoast SEO plugin. -->","yoast_head_json":{"title":"Temperaturas descender\u00e1n en forma moderada, posibles cambios extraordinarios en la Mixteca, Sierra Norte y Sierra Sur: CEPCO - LA BRAVA RADIO","robots":{"index":"index","follow":"follow","max-snippet":"max-snippet:-1","max-image-preview":"max-image-preview:large","max-video-preview":"max-video-preview:-1"},"canonical":"https:\/\/www.bbmnoticias.com\/labravaradiofm\/2022\/01\/28\/temperaturas-descenderan-en-forma-moderada-posibles-cambios-extraordinarios-en-la-mixteca-sierra-norte-y-sierra-sur-cepco\/","og_locale":"es_MX","og_type":"article","og_title":"Temperaturas descender\u00e1n en forma moderada, posibles cambios extraordinarios en la Mixteca, Sierra Norte y Sierra Sur: CEPCO - LA BRAVA RADIO","og_description":"Oaxaca de Ju\u00e1rez, Oax. 28 de enero de 2022: El Frente Fr\u00edo No.26 se desplazar\u00e1 r\u00e1pidamente hacia el sureste y durante la tarde-noche de hoy, dejar\u00e1 sentir sus efectos en algunas regiones del estado, originando lluvias, lloviznas y nieblas en la Cuenca del Papaloapan, Sierra Norte, Ca\u00f1ada y norte del Istmo. Es impulsado por una [&hellip;]","og_url":"https:\/\/www.bbmnoticias.com\/labravaradiofm\/2022\/01\/28\/temperaturas-descenderan-en-forma-moderada-posibles-cambios-extraordinarios-en-la-mixteca-sierra-norte-y-sierra-sur-cepco\/","og_site_name":"LA BRAVA RADIO","article_published_time":"2022-01-28T16:45:07+00:00","article_modified_time":"2022-01-28T16:45:09+00:00","og_image":[{"width":900,"height":458,"url":"https:\/\/www.bbmnoticias.com\/labravaradiofm\/wp-content\/uploads\/sites\/5\/2022\/01\/clima-oaxaca-2.jpg","type":"image\/jpeg"}],"author":"Staff","twitter_card":"summary_large_image","twitter_misc":{"Escrito por":"Staff","Tiempo de lectura":"2 minutos"},"schema":{"@context":"https:\/\/schema.org","@graph":[{"@type":"Article","@id":"https:\/\/www.bbmnoticias.com\/labravaradiofm\/2022\/01\/28\/temperaturas-descenderan-en-forma-moderada-posibles-cambios-extraordinarios-en-la-mixteca-sierra-norte-y-sierra-sur-cepco\/#article","isPartOf":{"@id":"https:\/\/www.bbmnoticias.com\/labravaradiofm\/2022\/01\/28\/temperaturas-descenderan-en-forma-moderada-posibles-cambios-extraordinarios-en-la-mixteca-sierra-norte-y-sierra-sur-cepco\/"},"author":{"name":"Staff","@id":"https:\/\/www.bbmnoticias.com\/labravaradiofm\/#\/schema\/person\/68a9e9036ef3c5b55aeb2b71dc8bab45"},"headline":"Temperaturas descender\u00e1n en forma moderada, posibles cambios extraordinarios en la Mixteca, Sierra Norte y Sierra Sur: CEPCO","datePublished":"2022-01-28T16:45:07+00:00","dateModified":"2022-01-28T16:45:09+00:00","mainEntityOfPage":{"@id":"https:\/\/www.bbmnoticias.com\/labravaradiofm\/2022\/01\/28\/temperaturas-descenderan-en-forma-moderada-posibles-cambios-extraordinarios-en-la-mixteca-sierra-norte-y-sierra-sur-cepco\/"},"wordCount":459,"image":{"@id":"https:\/\/www.bbmnoticias.com\/labravaradiofm\/2022\/01\/28\/temperaturas-descenderan-en-forma-moderada-posibles-cambios-extraordinarios-en-la-mixteca-sierra-norte-y-sierra-sur-cepco\/#primaryimage"},"thumbnailUrl":"https:\/\/www.bbmnoticias.com\/labravaradiofm\/wp-content\/uploads\/sites\/5\/2022\/01\/clima-oaxaca-2.jpg","articleSection":["LOCAL"],"inLanguage":"es"},{"@type":"WebPage","@id":"https:\/\/www.bbmnoticias.com\/labravaradiofm\/2022\/01\/28\/temperaturas-descenderan-en-forma-moderada-posibles-cambios-extraordinarios-en-la-mixteca-sierra-norte-y-sierra-sur-cepco\/","url":"https:\/\/www.bbmnoticias.com\/labravaradiofm\/2022\/01\/28\/temperaturas-descenderan-en-forma-moderada-posibles-cambios-extraordinarios-en-la-mixteca-sierra-norte-y-sierra-sur-cepco\/","name":"Temperaturas descender\u00e1n en forma moderada, posibles cambios extraordinarios en la Mixteca, Sierra Norte y Sierra Sur: CEPCO - LA BRAVA RADIO","isPartOf":{"@id":"https:\/\/www.bbmnoticias.com\/labravaradiofm\/#website"},"primaryImageOfPage":{"@id":"https:\/\/www.bbmnoticias.com\/labravaradiofm\/2022\/01\/28\/temperaturas-descenderan-en-forma-moderada-posibles-cambios-extraordinarios-en-la-mixteca-sierra-norte-y-sierra-sur-cepco\/#primaryimage"},"image":{"@id":"https:\/\/www.bbmnoticias.com\/labravaradiofm\/2022\/01\/28\/temperaturas-descenderan-en-forma-moderada-posibles-cambios-extraordinarios-en-la-mixteca-sierra-norte-y-sierra-sur-cepco\/#primaryimage"},"thumbnailUrl":"https:\/\/www.bbmnoticias.com\/labravaradiofm\/wp-content\/uploads\/sites\/5\/2022\/01\/clima-oaxaca-2.jpg","datePublished":"2022-01-28T16:45:07+00:00","dateModified":"2022-01-28T16:45:09+00:00","author":{"@id":"https:\/\/www.bbmnoticias.com\/labravaradiofm\/#\/schema\/person\/68a9e9036ef3c5b55aeb2b71dc8bab45"},"breadcrumb":{"@id":"https:\/\/www.bbmnoticias.com\/labravaradiofm\/2022\/01\/28\/temperaturas-descenderan-en-forma-moderada-posibles-cambios-extraordinarios-en-la-mixteca-sierra-norte-y-sierra-sur-cepco\/#breadcrumb"},"inLanguage":"es","potentialAction":[{"@type":"ReadAction","target":["https:\/\/www.bbmnoticias.com\/labravaradiofm\/2022\/01\/28\/temperaturas-descenderan-en-forma-moderada-posibles-cambios-extraordinarios-en-la-mixteca-sierra-norte-y-sierra-sur-cepco\/"]}]},{"@type":"ImageObject","inLanguage":"es","@id":"https:\/\/www.bbmnoticias.com\/labravaradiofm\/2022\/01\/28\/temperaturas-descenderan-en-forma-moderada-posibles-cambios-extraordinarios-en-la-mixteca-sierra-norte-y-sierra-sur-cepco\/#primaryimage","url":"https:\/\/www.bbmnoticias.com\/labravaradiofm\/wp-content\/uploads\/sites\/5\/2022\/01\/clima-oaxaca-2.jpg","contentUrl":"https:\/\/www.bbmnoticias.com\/labravaradiofm\/wp-content\/uploads\/sites\/5\/2022\/01\/clima-oaxaca-2.jpg","width":900,"height":458},{"@type":"BreadcrumbList","@id":"https:\/\/www.bbmnoticias.com\/labravaradiofm\/2022\/01\/28\/temperaturas-descenderan-en-forma-moderada-posibles-cambios-extraordinarios-en-la-mixteca-sierra-norte-y-sierra-sur-cepco\/#breadcrumb","itemListElement":[{"@type":"ListItem","position":1,"name":"Inicio","item":"https:\/\/www.bbmnoticias.com\/labravaradiofm\/"},{"@type":"ListItem","position":2,"name":"Temperaturas descender\u00e1n en forma moderada, posibles cambios extraordinarios en la Mixteca, Sierra Norte y Sierra Sur: CEPCO"}]},{"@type":"WebSite","@id":"https:\/\/www.bbmnoticias.com\/labravaradiofm\/#website","url":"https:\/\/www.bbmnoticias.com\/labravaradiofm\/","name":"LA BRAVA RADIO","description":"Empresa productora de medios, Radiodifusi\u00f3n, Noticias, tendencias y todo lo que necesitas saber de la pol\u00edtica mexicana e internacional; entretenimiento, espect\u00e1culos, salud y mucho m\u00e1s.","potentialAction":[{"@type":"SearchAction","target":{"@type":"EntryPoint","urlTemplate":"https:\/\/www.bbmnoticias.com\/labravaradiofm\/?s={search_term_string}"},"query-input":{"@type":"PropertyValueSpecification","valueRequired":true,"valueName":"search_term_string"}}],"inLanguage":"es"},{"@type":"Person","@id":"https:\/\/www.bbmnoticias.com\/labravaradiofm\/#\/schema\/person\/68a9e9036ef3c5b55aeb2b71dc8bab45","name":"Staff","image":{"@type":"ImageObject","inLanguage":"es","@id":"https:\/\/secure.gravatar.com\/avatar\/fdd21ad66fd8b98c407f9dee5b5e588cfe7f0d8579ec20fa6527cd59bab7f0f0?s=96&d=mm&r=g","url":"https:\/\/secure.gravatar.com\/avatar\/fdd21ad66fd8b98c407f9dee5b5e588cfe7f0d8579ec20fa6527cd59bab7f0f0?s=96&d=mm&r=g","contentUrl":"https:\/\/secure.gravatar.com\/avatar\/fdd21ad66fd8b98c407f9dee5b5e588cfe7f0d8579ec20fa6527cd59bab7f0f0?s=96&d=mm&r=g","caption":"Staff"},"url":"https:\/\/www.bbmnoticias.com\/labravaradiofm\/author\/redaccion\/"}]}},"_links":{"self":[{"href":"https:\/\/www.bbmnoticias.com\/labravaradiofm\/wp-json\/wp\/v2\/posts\/9097","targetHints":{"allow":["GET"]}}],"collection":[{"href":"https:\/\/www.bbmnoticias.com\/labravaradiofm\/wp-json\/wp\/v2\/posts"}],"about":[{"href":"https:\/\/www.bbmnoticias.com\/labravaradiofm\/wp-json\/wp\/v2\/types\/post"}],"author":[{"embeddable":true,"href":"https:\/\/www.bbmnoticias.com\/labravaradiofm\/wp-json\/wp\/v2\/users\/2"}],"replies":[{"embeddable":true,"href":"https:\/\/www.bbmnoticias.com\/labravaradiofm\/wp-json\/wp\/v2\/comments?post=9097"}],"version-history":[{"count":0,"href":"https:\/\/www.bbmnoticias.com\/labravaradiofm\/wp-json\/wp\/v2\/posts\/9097\/revisions"}],"wp:featuredmedia":[{"embeddable":true,"href":"https:\/\/www.bbmnoticias.com\/labravaradiofm\/wp-json\/wp\/v2\/media\/9098"}],"wp:attachment":[{"href":"https:\/\/www.bbmnoticias.com\/labravaradiofm\/wp-json\/wp\/v2\/media?parent=9097"}],"wp:term":[{"taxonomy":"category","embeddable":true,"href":"https:\/\/www.bbmnoticias.com\/labravaradiofm\/wp-json\/wp\/v2\/categories?post=9097"},{"taxonomy":"post_tag","embeddable":true,"href":"https:\/\/www.bbmnoticias.com\/labravaradiofm\/wp-json\/wp\/v2\/tags?post=9097"}],"curies":[{"name":"wp","href":"https:\/\/api.w.org\/{rel}","templated":true}]}}