{"id":9094,"date":"2022-01-28T01:33:00","date_gmt":"2022-01-28T07:33:00","guid":{"rendered":"https:\/\/www.bbmnoticias.com\/labravaradiofm\/?p=9094"},"modified":"2022-01-28T10:47:21","modified_gmt":"2022-01-28T16:47:21","slug":"el-canto-del-buho-salomon-jara-es-el-precandidato-mario-delgado-no-se-equivoquen","status":"publish","type":"post","link":"https:\/\/www.bbmnoticias.com\/labravaradiofm\/2022\/01\/28\/el-canto-del-buho-salomon-jara-es-el-precandidato-mario-delgado-no-se-equivoquen\/","title":{"rendered":"El canto del B\u00faho &#8211; * Salom\u00f3n Jara es el precandidato: Mario Delgado. * \u201cNo se equivoquen\u201d.\u00a0"},"content":{"rendered":"<div style=\"margin-top: 0px; margin-bottom: 0px;\" class=\"sharethis-inline-share-buttons\" ><\/div>\n<p><strong>*\u201dM\u00e1s vale viejo conocido\u2026&nbsp;<\/strong>&nbsp;<\/p>\n\n\n\n<p>Por si exist\u00eda alguna duda, <strong>Mario Delgado<\/strong>, dirigente nacional de Morena, lleg\u00f3 al Istmo de Tehuantepec (Juchit\u00e1n) a decir, casi casi,&nbsp; <strong>\u201cno se equivoquen\u201d<\/strong> el precandidato es Salom\u00f3n Jara.&nbsp;&nbsp;<\/p>\n\n\n\n<p><strong>Mario Delgado, dej\u00f3 claro que Salom\u00f3n Jara es<\/strong> el precandidato de la coalici\u00f3n Juntos Hacemos Historia en Oaxaca.&nbsp;<\/p>\n\n\n\n<p>Ante las preguntas de los reporteros que cubrieron la rueda de prensa, el dirigente nacional, subray\u00f3 Oaxaca <strong>est\u00e1 preparado para la llegada de la 4T.<\/strong>&nbsp;<\/p>\n\n\n\n<p>La invitaci\u00f3n a la rueda de prensa, corri\u00f3 en las primeras horas del jueves 27. Mario Delgado estar\u00eda las 13:00 horas&nbsp; en Juchit\u00e1n en el Hotel Santo Domingo.&nbsp;&nbsp;<\/p>\n\n\n\n<p>Reporteros de todos los medios de comunicaci\u00f3n puntuales en la cita. La espera se prolong\u00f3 a media hora despu\u00e9s.&nbsp;<\/p>\n\n\n\n<p>Al lugar llegaban presidentes municipales, diputados locales, lideres de Morena. Todo indicaba que la <strong>plana mayor del partido<\/strong> en el poder, estar\u00eda presente.&nbsp;&nbsp;<\/p>\n\n\n\n<p>Un solitario <strong>Benjam\u00edn Robles Montoya,<\/strong> esperaba sentado en el pres\u00eddium. Todo indicaba que no fue requerido al restaurante donde se dieron cita quienes recibir\u00edan al dirigente nacional.&nbsp;<\/p>\n\n\n\n<p>Minutos antes de las 13:30 arribaron los verdes. <strong>Pepe Estefan Guillissen, <\/strong>Diputado Federal y l\u00edder del Partido Verde en Oaxaca, acompa\u00f1ado del neo verde <strong>Samuel Gurri\u00f3n<\/strong> llegaron a la cita.&nbsp;&nbsp;<\/p>\n\n\n\n<p>Desde temprano, el l\u00edder de FUCO y <strong>brazo derecho del Senador Salom\u00f3n Jara, hablo de Antonino (NINO) Morales Toled<\/strong>o, revisaba todos los detalles de la organizaci\u00f3n.&nbsp;&nbsp;<\/p>\n\n\n\n<p>Siempre con <strong>perfil bajo y sencillez,&nbsp; atento y al tanto<\/strong> de todo lo que concierne a la log\u00edstica, NINO cumple a la confianza depositada por su AMIGO.&nbsp;&nbsp;&nbsp;<\/p>\n\n\n\n<p>Uno de los hombres de <strong>mayor confianza<\/strong>, sin duda, es el <strong>ex presidente de San Blas Atempa.<\/strong> Por su seriedad atiende la mayor parte de la organizaci\u00f3n. No lo pierdan de vista.&nbsp;&nbsp;<\/p>\n\n\n\n<p><strong>Vilma Mart\u00ednez<\/strong>, Presidenta Municipal de Tehuantepec, junto con otros alcaldes de la regi\u00f3n y la Costa, entre ellos <strong>Emilio Montero de Juchit\u00e1n y Pepe Hern\u00e1ndez de Huatulco<\/strong>, tambi\u00e9n presentes. Horas antes, Pepe, habr\u00eda sido anfitri\u00f3n de Mario Delgado en el aeropuerto de Bah\u00edas de Huatulco.&nbsp;&nbsp;<\/p>\n\n\n\n<p>Siempre lejano pero atento a todo, <strong>Raciel Cabrera<\/strong>. Por cierto, estrenando cargo.&nbsp;&nbsp;<\/p>\n\n\n\n<p>El rumor de lo dado a conocer por la Sala Superior declarando improcedente la inconformidad de <strong>Salom\u00f3n Jara Cruz,<\/strong> de iniciar precampa\u00f1a como candidato \u00fanico, corr\u00eda de entre los reporteros asistentes.&nbsp;&nbsp;<\/p>\n\n\n\n<p>Sin duda, ser\u00eda la primera pregunta que lanzar\u00edan en la sesi\u00f3n de preguntas y respuestas. <strong>Como fue\u2026&nbsp;<\/strong>&nbsp;<\/p>\n\n\n\n<p>Fue <strong>Mario Delegado,<\/strong> dirigente nacional de Morena, quien sali\u00f3 a <strong>aclarar<\/strong> la pregunta del reportero.&nbsp;&nbsp;<\/p>\n\n\n\n<p><strong>Mario Delgado<\/strong> agreg\u00f3 que el proceso de selecci\u00f3n por el cual se design\u00f3 a las y los precandidatos de Morena, <strong>fue bajo una metodolog\u00eda incluyente y con trasparencia, r<\/strong>eiter\u00f3 que los datos ah\u00ed est\u00e1n, <strong>son claros y concluyentes<\/strong> por lo que los resultados son <strong>irrevocables<\/strong>.&nbsp;<\/p>\n\n\n\n<p>El dirigente nacional de ese instituto pol\u00edtico de izquierda, puntualiz\u00f3 que todos los participantes <strong>aceptaron<\/strong> los resultados del proceso interno pues lo conoc\u00edan y se <strong>comprometieron<\/strong> a <strong>respetarlo<\/strong>, por lo que lament\u00f3 que solo <strong>en un caso,<\/strong> no se aceptara el resultado, sin embargo \u201c<strong>nosotros somos respetuosos y reiteramos que Morena es diferente\u201d,<\/strong> en nuestro movimiento si respetamos y nos apegamos a la legalidad, coment\u00f3.&nbsp;<\/p>\n\n\n\n<p>El dirigente nacional, indic\u00f3 la <strong>Cuarta Transformaci\u00f3n<\/strong> llegar\u00e1 a Oaxaca para cambiar la historia de millones de oaxaque\u00f1as y oaxaque\u00f1os, anunci\u00f3 el dirigente nacional del partido Morena.&nbsp;&nbsp;<\/p>\n\n\n\n<p>\u201cOaxaca se alista para un verdadero cambio, pues Morena es diferente y as\u00ed lo confirm\u00f3 en el reciente proceso interno que ya concluy\u00f3, en donde es la gente la que decide, a diferencia del pasado, ahora los procesos son transparentes en el marco de la legalidad, <strong>y fue Salom\u00f3n Jara quien result\u00f3 el mas posicionado por lo que legalmente es el precandidato<\/strong> rumbo al proceso que se avecina en Oaxaca.&nbsp;<\/p>\n\n\n\n<p>Morena es un instrumento de lucha y organizaci\u00f3n, donde el <strong>pueblo decide y Oaxaca ya habl\u00f3, por eso es Salom\u00f3n Jara nuestro Coordinador<\/strong> para la conformaci\u00f3n de los comit\u00e9s de defensa de la Cuarta Transformaci\u00f3n asegur\u00f3 Mario Delgado.&nbsp;&nbsp;<\/p>\n\n\n\n<p>La coalici\u00f3n \u201cJuntos Hacemos Historia en Oaxaca\u201d, integrada por los partidos Morena,&nbsp; del Trabajo (PT), Unidad Popular (PUP) y Verde Ecologista de M\u00e9xico (PVEM),&nbsp; <strong>confirmaron su respaldo a Salom\u00f3n Jara Cruz como su precandidato en Oaxaca.<\/strong>&nbsp;<\/p>\n\n\n\n<p>Muy a su estilo de protagonismo y casi arrebatando el micr\u00f3fono al Delegado de Morena y Senador <strong>Oscar Cant\u00f3n Zatina<\/strong>,&nbsp; el dirigente del PT, <strong>Benjam\u00edn Robles Montoya<\/strong>, coment\u00f3 que el proceso interno de Morena es un cap\u00edtulo cerrado.&nbsp;&nbsp;<\/p>\n\n\n\n<p><strong>RICARDO ALDANA, EL FAVORITO DE LOS PETROLEROS.<\/strong>&nbsp;<\/p>\n\n\n\n<p><strong>Con la experiencia del sabio refr\u00e1n popular: \u201cM\u00e1s vale viejo conocido que nuevo por conocer\u201d\u2026 <\/strong>los petroleros de la Secci\u00f3n 38 de Salina Cruz y de las dem\u00e1s&nbsp;<strong> Secciones del pa\u00eds, <\/strong>que ya vivieron <strong>amargas<\/strong> experiencias con presidentes municipales y gobernadores de la 4T, prefieren al viejo conocido, Ricardo Aldana.&nbsp;&nbsp;<\/p>\n\n\n\n<p>El tesorero del CEN del STPRM, lleg\u00f3 a Salina Cruz a buscar el voto de sus compa\u00f1eros petroleros, con la <strong>confianza<\/strong> que le brinda los <strong>altos niveles de simpat\u00eda<\/strong> que tiene entre la familia petrolera, el <strong>PROFE TEMO,<\/strong> Secretario General de la Secci\u00f3n 38.&nbsp;&nbsp;<\/p>\n\n\n\n<p>Que mejor cobijo que tener en la sede de la refiner\u00eda Antonio Dovali Jaime, a uno de los <strong>mejores secretarios<\/strong> que ha tenido la Secci\u00f3n 38.&nbsp;&nbsp;&nbsp;<\/p>\n\n\n\n<p>Cobijo que le dio la <strong>garant\u00eda a Ricardo Aldana<\/strong>, llegar con la confianza de que ser\u00eda <strong>bien recibido, escuchado y respaldado<\/strong> para llegar a la Secretar\u00eda General del STPRM.&nbsp;&nbsp;<\/p>\n\n\n\n<p>Ricardo Aldana, parti\u00f3 de Salina Cruz, <strong>lleno de la energ\u00eda positiva&nbsp;<\/strong> que le da la confianza de que los petroleros de la Secci\u00f3n 38 le dar\u00e1n su voto el 31 de Enero. As\u00ed las cosas.&nbsp;&nbsp;<\/p>\n\n\n\n<p><strong>El veracruzano y ex Senador de la Rep\u00fablica, Ricardo Aldana<\/strong>, actual tesorero sindical, les reiter\u00f3 sus ejes principales de llegar a la Secretar\u00eda General:&nbsp;<\/p>\n\n\n\n<p><strong>1.- Defender el contrato colectivo de trabajo.<\/strong>&nbsp;<\/p>\n\n\n\n<p><strong>2.- Elevar la calidad de vida de los petroleros.<\/strong>&nbsp;<\/p>\n\n\n\n<p><strong>3.- Incrementar la productividad laboral.<\/strong>&nbsp;<\/p>\n\n\n\n<p><strong>4.- Introducir cambios en la operaci\u00f3n de la oficina del secretario general.&nbsp;<\/strong>&nbsp;<\/p>\n\n\n\n<p><strong>5.- Transparentar absolutamente todo el trabajo de nuestra organizaci\u00f3n sindical\u201d.<\/strong>&nbsp;<\/p>\n\n\n\n<p>\u201cEl compromiso de la transparencia es \u00fanicamente con los trabajadores y \u201cno para satisfacer a gente extra\u00f1a\u201d, lo a reiterado hasta el cansancio.&nbsp;&nbsp;<\/p>\n\n\n\n<p>&nbsp;\u201cAfuera no cooperan con las cuotas, son privadas y de los trabajadores, y los \u00fanicos que <strong>tienen derecho a exigir<\/strong> cuentas son los trabajadores, que son los que dan su dinero, a ellos le debemos la transparencia, a nadie m\u00e1s\u201d&nbsp;&nbsp;<\/p>\n\n\n\n<p>El Profe Temo, despu\u00e9s de recibir la ovaci\u00f3n de sus compa\u00f1eros les indic\u00f3: <strong>tengo la plena&nbsp; confianza en el candidato Ricardo Aldana, ya que es una persona que conoce a fondo la problem\u00e1tica que aqueja al trabajador petrolero y sabr\u00e1 c\u00f3mo solucionarlas.<\/strong>&nbsp;<\/p>\n\n\n\n<p><strong>Sin duda, <\/strong>Ricardo Aldana, viaj\u00f3 a otro estado con la confianza de que en Salina Cruz, con el Profe Temo y Carlos Cabello, tiene asegurado el voto que le dar\u00e1 el triunfo el 31 de Enero. As\u00ed se escribe la historia.&nbsp;&nbsp;<\/p>\n\n\n\n<p>Por hoy es tocho. Recuerden, cuando el B\u00faho canta el indio muere. Pd.- <strong>Los DAVID&nbsp; ANTONIO (PADRE E HIJO<\/strong>), junto con otros pri\u00edstas de la zona h\u00fameda, brindaron un <strong>buen evento a triple AAA,<\/strong> en su gira que tuvo por la regi\u00f3n del Istmo. Claro, con todos los cuidados recomendados por la pandemia.&nbsp;&nbsp;<\/p>\n\n\n\n<p class=\"has-text-align-center\"><strong>Esc\u00fachenos en Heraldo Radio 98.1 Fm de lunes a viernes de 15:00 a 16:00 horas. Y de 08:00 a 10:00 BBM por la 106.5 FM LA BRAVA XHSCCK&nbsp;<\/strong>&nbsp;<\/p>\n\n\n\n<p class=\"has-text-align-center\"><strong>Y en BBM Noticias en Facebook&nbsp;<\/strong>&nbsp;<\/p>\n\n\n\n<p class=\"has-text-align-center\"><strong>S\u00edganos en:<\/strong>&nbsp;<\/p>\n\n\n\n<p class=\"has-text-align-center\"><strong>Twitter <\/strong>@pedrobotero<strong>o_botero&nbsp;<\/strong>&nbsp;<\/p>\n\n\n\n<p class=\"has-text-align-center\"><strong>Facebook Pedro Botero<\/strong><\/p>\n","protected":false},"excerpt":{"rendered":"<p>*\u201dM\u00e1s vale viejo conocido\u2026&nbsp;&nbsp; Por si exist\u00eda alguna duda, Mario Delgado, dirigente nacional de Morena, lleg\u00f3 al Istmo de Tehuantepec (Juchit\u00e1n) a decir, casi casi,&nbsp; \u201cno se equivoquen\u201d el precandidato es Salom\u00f3n Jara.&nbsp;&nbsp; Mario Delgado, dej\u00f3 claro que Salom\u00f3n Jara es el precandidato de la coalici\u00f3n Juntos Hacemos Historia en Oaxaca.&nbsp; Ante las preguntas de [&hellip;]<\/p>\n","protected":false},"author":18,"featured_media":9095,"comment_status":"closed","ping_status":"closed","sticky":false,"template":"","format":"standard","meta":{"footnotes":""},"categories":[2],"tags":[],"class_list":{"0":"post-9094","1":"post","2":"type-post","3":"status-publish","4":"format-standard","5":"has-post-thumbnail","7":"category-oaxaca"},"yoast_head":"<!-- This site is optimized with the Yoast SEO plugin v27.4 - https:\/\/yoast.com\/product\/yoast-seo-wordpress\/ -->\n<title>El canto del B\u00faho - * Salom\u00f3n Jara es el precandidato: Mario Delgado. * \u201cNo se equivoquen\u201d.\u00a0 - LA BRAVA RADIO<\/title>\n<meta name=\"robots\" content=\"index, follow, max-snippet:-1, max-image-preview:large, max-video-preview:-1\" \/>\n<link rel=\"canonical\" href=\"https:\/\/www.bbmnoticias.com\/labravaradiofm\/2022\/01\/28\/el-canto-del-buho-salomon-jara-es-el-precandidato-mario-delgado-no-se-equivoquen\/\" \/>\n<meta property=\"og:locale\" content=\"es_MX\" \/>\n<meta property=\"og:type\" content=\"article\" \/>\n<meta property=\"og:title\" content=\"El canto del B\u00faho - * Salom\u00f3n Jara es el precandidato: Mario Delgado. * \u201cNo se equivoquen\u201d.\u00a0 - LA BRAVA RADIO\" \/>\n<meta property=\"og:description\" content=\"*\u201dM\u00e1s vale viejo conocido\u2026&nbsp;&nbsp; Por si exist\u00eda alguna duda, Mario Delgado, dirigente nacional de Morena, lleg\u00f3 al Istmo de Tehuantepec (Juchit\u00e1n) a decir, casi casi,&nbsp; \u201cno se equivoquen\u201d el precandidato es Salom\u00f3n Jara.&nbsp;&nbsp; Mario Delgado, dej\u00f3 claro que Salom\u00f3n Jara es el precandidato de la coalici\u00f3n Juntos Hacemos Historia en Oaxaca.&nbsp; Ante las preguntas de [&hellip;]\" \/>\n<meta property=\"og:url\" content=\"https:\/\/www.bbmnoticias.com\/labravaradiofm\/2022\/01\/28\/el-canto-del-buho-salomon-jara-es-el-precandidato-mario-delgado-no-se-equivoquen\/\" \/>\n<meta property=\"og:site_name\" content=\"LA BRAVA RADIO\" \/>\n<meta property=\"article:published_time\" content=\"2022-01-28T07:33:00+00:00\" \/>\n<meta property=\"article:modified_time\" content=\"2022-01-28T16:47:21+00:00\" \/>\n<meta property=\"og:image\" content=\"https:\/\/www.bbmnoticias.com\/labravaradiofm\/wp-content\/uploads\/sites\/5\/2022\/01\/elcanto27012022.jpg\" \/>\n\t<meta property=\"og:image:width\" content=\"650\" \/>\n\t<meta property=\"og:image:height\" content=\"360\" \/>\n\t<meta property=\"og:image:type\" content=\"image\/jpeg\" \/>\n<meta name=\"author\" content=\"Pedro Botero\" \/>\n<meta name=\"twitter:card\" content=\"summary_large_image\" \/>\n<meta name=\"twitter:label1\" content=\"Escrito por\" \/>\n\t<meta name=\"twitter:data1\" content=\"Pedro Botero\" \/>\n\t<meta name=\"twitter:label2\" content=\"Tiempo de lectura\" \/>\n\t<meta name=\"twitter:data2\" content=\"6 minutos\" \/>\n<script type=\"application\/ld+json\" class=\"yoast-schema-graph\">{\"@context\":\"https:\\\/\\\/schema.org\",\"@graph\":[{\"@type\":\"Article\",\"@id\":\"https:\\\/\\\/www.bbmnoticias.com\\\/labravaradiofm\\\/2022\\\/01\\\/28\\\/el-canto-del-buho-salomon-jara-es-el-precandidato-mario-delgado-no-se-equivoquen\\\/#article\",\"isPartOf\":{\"@id\":\"https:\\\/\\\/www.bbmnoticias.com\\\/labravaradiofm\\\/2022\\\/01\\\/28\\\/el-canto-del-buho-salomon-jara-es-el-precandidato-mario-delgado-no-se-equivoquen\\\/\"},\"author\":{\"name\":\"Pedro Botero\",\"@id\":\"https:\\\/\\\/www.bbmnoticias.com\\\/labravaradiofm\\\/#\\\/schema\\\/person\\\/4225105502e8adb0d77200acc537ccd9\"},\"headline\":\"El canto del B\u00faho &#8211; * Salom\u00f3n Jara es el precandidato: Mario Delgado. * \u201cNo se equivoquen\u201d.\u00a0\",\"datePublished\":\"2022-01-28T07:33:00+00:00\",\"dateModified\":\"2022-01-28T16:47:21+00:00\",\"mainEntityOfPage\":{\"@id\":\"https:\\\/\\\/www.bbmnoticias.com\\\/labravaradiofm\\\/2022\\\/01\\\/28\\\/el-canto-del-buho-salomon-jara-es-el-precandidato-mario-delgado-no-se-equivoquen\\\/\"},\"wordCount\":1407,\"image\":{\"@id\":\"https:\\\/\\\/www.bbmnoticias.com\\\/labravaradiofm\\\/2022\\\/01\\\/28\\\/el-canto-del-buho-salomon-jara-es-el-precandidato-mario-delgado-no-se-equivoquen\\\/#primaryimage\"},\"thumbnailUrl\":\"https:\\\/\\\/www.bbmnoticias.com\\\/labravaradiofm\\\/wp-content\\\/uploads\\\/sites\\\/5\\\/2022\\\/01\\\/elcanto27012022.jpg\",\"articleSection\":[\"LOCAL\"],\"inLanguage\":\"es\"},{\"@type\":\"WebPage\",\"@id\":\"https:\\\/\\\/www.bbmnoticias.com\\\/labravaradiofm\\\/2022\\\/01\\\/28\\\/el-canto-del-buho-salomon-jara-es-el-precandidato-mario-delgado-no-se-equivoquen\\\/\",\"url\":\"https:\\\/\\\/www.bbmnoticias.com\\\/labravaradiofm\\\/2022\\\/01\\\/28\\\/el-canto-del-buho-salomon-jara-es-el-precandidato-mario-delgado-no-se-equivoquen\\\/\",\"name\":\"El canto del B\u00faho - * Salom\u00f3n Jara es el precandidato: Mario Delgado. * \u201cNo se equivoquen\u201d.\u00a0 - LA BRAVA RADIO\",\"isPartOf\":{\"@id\":\"https:\\\/\\\/www.bbmnoticias.com\\\/labravaradiofm\\\/#website\"},\"primaryImageOfPage\":{\"@id\":\"https:\\\/\\\/www.bbmnoticias.com\\\/labravaradiofm\\\/2022\\\/01\\\/28\\\/el-canto-del-buho-salomon-jara-es-el-precandidato-mario-delgado-no-se-equivoquen\\\/#primaryimage\"},\"image\":{\"@id\":\"https:\\\/\\\/www.bbmnoticias.com\\\/labravaradiofm\\\/2022\\\/01\\\/28\\\/el-canto-del-buho-salomon-jara-es-el-precandidato-mario-delgado-no-se-equivoquen\\\/#primaryimage\"},\"thumbnailUrl\":\"https:\\\/\\\/www.bbmnoticias.com\\\/labravaradiofm\\\/wp-content\\\/uploads\\\/sites\\\/5\\\/2022\\\/01\\\/elcanto27012022.jpg\",\"datePublished\":\"2022-01-28T07:33:00+00:00\",\"dateModified\":\"2022-01-28T16:47:21+00:00\",\"author\":{\"@id\":\"https:\\\/\\\/www.bbmnoticias.com\\\/labravaradiofm\\\/#\\\/schema\\\/person\\\/4225105502e8adb0d77200acc537ccd9\"},\"breadcrumb\":{\"@id\":\"https:\\\/\\\/www.bbmnoticias.com\\\/labravaradiofm\\\/2022\\\/01\\\/28\\\/el-canto-del-buho-salomon-jara-es-el-precandidato-mario-delgado-no-se-equivoquen\\\/#breadcrumb\"},\"inLanguage\":\"es\",\"potentialAction\":[{\"@type\":\"ReadAction\",\"target\":[\"https:\\\/\\\/www.bbmnoticias.com\\\/labravaradiofm\\\/2022\\\/01\\\/28\\\/el-canto-del-buho-salomon-jara-es-el-precandidato-mario-delgado-no-se-equivoquen\\\/\"]}]},{\"@type\":\"ImageObject\",\"inLanguage\":\"es\",\"@id\":\"https:\\\/\\\/www.bbmnoticias.com\\\/labravaradiofm\\\/2022\\\/01\\\/28\\\/el-canto-del-buho-salomon-jara-es-el-precandidato-mario-delgado-no-se-equivoquen\\\/#primaryimage\",\"url\":\"https:\\\/\\\/www.bbmnoticias.com\\\/labravaradiofm\\\/wp-content\\\/uploads\\\/sites\\\/5\\\/2022\\\/01\\\/elcanto27012022.jpg\",\"contentUrl\":\"https:\\\/\\\/www.bbmnoticias.com\\\/labravaradiofm\\\/wp-content\\\/uploads\\\/sites\\\/5\\\/2022\\\/01\\\/elcanto27012022.jpg\",\"width\":650,\"height\":360},{\"@type\":\"BreadcrumbList\",\"@id\":\"https:\\\/\\\/www.bbmnoticias.com\\\/labravaradiofm\\\/2022\\\/01\\\/28\\\/el-canto-del-buho-salomon-jara-es-el-precandidato-mario-delgado-no-se-equivoquen\\\/#breadcrumb\",\"itemListElement\":[{\"@type\":\"ListItem\",\"position\":1,\"name\":\"Inicio\",\"item\":\"https:\\\/\\\/www.bbmnoticias.com\\\/labravaradiofm\\\/\"},{\"@type\":\"ListItem\",\"position\":2,\"name\":\"El canto del B\u00faho &#8211; * Salom\u00f3n Jara es el precandidato: Mario Delgado. * \u201cNo se equivoquen\u201d.\u00a0\"}]},{\"@type\":\"WebSite\",\"@id\":\"https:\\\/\\\/www.bbmnoticias.com\\\/labravaradiofm\\\/#website\",\"url\":\"https:\\\/\\\/www.bbmnoticias.com\\\/labravaradiofm\\\/\",\"name\":\"LA BRAVA RADIO\",\"description\":\"Empresa productora de medios, Radiodifusi\u00f3n, Noticias, tendencias y todo lo que necesitas saber de la pol\u00edtica mexicana e internacional; entretenimiento, espect\u00e1culos, salud y mucho m\u00e1s.\",\"potentialAction\":[{\"@type\":\"SearchAction\",\"target\":{\"@type\":\"EntryPoint\",\"urlTemplate\":\"https:\\\/\\\/www.bbmnoticias.com\\\/labravaradiofm\\\/?s={search_term_string}\"},\"query-input\":{\"@type\":\"PropertyValueSpecification\",\"valueRequired\":true,\"valueName\":\"search_term_string\"}}],\"inLanguage\":\"es\"},{\"@type\":\"Person\",\"@id\":\"https:\\\/\\\/www.bbmnoticias.com\\\/labravaradiofm\\\/#\\\/schema\\\/person\\\/4225105502e8adb0d77200acc537ccd9\",\"name\":\"Pedro Botero\",\"image\":{\"@type\":\"ImageObject\",\"inLanguage\":\"es\",\"@id\":\"https:\\\/\\\/secure.gravatar.com\\\/avatar\\\/3e1604f74223697b158b4f0509f030050c1609806bd1c24b9ac5d9759b30b353?s=96&d=mm&r=g\",\"url\":\"https:\\\/\\\/secure.gravatar.com\\\/avatar\\\/3e1604f74223697b158b4f0509f030050c1609806bd1c24b9ac5d9759b30b353?s=96&d=mm&r=g\",\"contentUrl\":\"https:\\\/\\\/secure.gravatar.com\\\/avatar\\\/3e1604f74223697b158b4f0509f030050c1609806bd1c24b9ac5d9759b30b353?s=96&d=mm&r=g\",\"caption\":\"Pedro Botero\"},\"sameAs\":[\"http:\\\/\\\/www.bbmnoticias.com\"],\"url\":\"https:\\\/\\\/www.bbmnoticias.com\\\/labravaradiofm\\\/author\\\/pedrobotero\\\/\"}]}<\/script>\n<!-- \/ Yoast SEO plugin. -->","yoast_head_json":{"title":"El canto del B\u00faho - * Salom\u00f3n Jara es el precandidato: Mario Delgado. * \u201cNo se equivoquen\u201d.\u00a0 - LA BRAVA RADIO","robots":{"index":"index","follow":"follow","max-snippet":"max-snippet:-1","max-image-preview":"max-image-preview:large","max-video-preview":"max-video-preview:-1"},"canonical":"https:\/\/www.bbmnoticias.com\/labravaradiofm\/2022\/01\/28\/el-canto-del-buho-salomon-jara-es-el-precandidato-mario-delgado-no-se-equivoquen\/","og_locale":"es_MX","og_type":"article","og_title":"El canto del B\u00faho - * Salom\u00f3n Jara es el precandidato: Mario Delgado. * \u201cNo se equivoquen\u201d.\u00a0 - LA BRAVA RADIO","og_description":"*\u201dM\u00e1s vale viejo conocido\u2026&nbsp;&nbsp; Por si exist\u00eda alguna duda, Mario Delgado, dirigente nacional de Morena, lleg\u00f3 al Istmo de Tehuantepec (Juchit\u00e1n) a decir, casi casi,&nbsp; \u201cno se equivoquen\u201d el precandidato es Salom\u00f3n Jara.&nbsp;&nbsp; Mario Delgado, dej\u00f3 claro que Salom\u00f3n Jara es el precandidato de la coalici\u00f3n Juntos Hacemos Historia en Oaxaca.&nbsp; Ante las preguntas de [&hellip;]","og_url":"https:\/\/www.bbmnoticias.com\/labravaradiofm\/2022\/01\/28\/el-canto-del-buho-salomon-jara-es-el-precandidato-mario-delgado-no-se-equivoquen\/","og_site_name":"LA BRAVA RADIO","article_published_time":"2022-01-28T07:33:00+00:00","article_modified_time":"2022-01-28T16:47:21+00:00","og_image":[{"width":650,"height":360,"url":"https:\/\/www.bbmnoticias.com\/labravaradiofm\/wp-content\/uploads\/sites\/5\/2022\/01\/elcanto27012022.jpg","type":"image\/jpeg"}],"author":"Pedro Botero","twitter_card":"summary_large_image","twitter_misc":{"Escrito por":"Pedro Botero","Tiempo de lectura":"6 minutos"},"schema":{"@context":"https:\/\/schema.org","@graph":[{"@type":"Article","@id":"https:\/\/www.bbmnoticias.com\/labravaradiofm\/2022\/01\/28\/el-canto-del-buho-salomon-jara-es-el-precandidato-mario-delgado-no-se-equivoquen\/#article","isPartOf":{"@id":"https:\/\/www.bbmnoticias.com\/labravaradiofm\/2022\/01\/28\/el-canto-del-buho-salomon-jara-es-el-precandidato-mario-delgado-no-se-equivoquen\/"},"author":{"name":"Pedro Botero","@id":"https:\/\/www.bbmnoticias.com\/labravaradiofm\/#\/schema\/person\/4225105502e8adb0d77200acc537ccd9"},"headline":"El canto del B\u00faho &#8211; * Salom\u00f3n Jara es el precandidato: Mario Delgado. * \u201cNo se equivoquen\u201d.\u00a0","datePublished":"2022-01-28T07:33:00+00:00","dateModified":"2022-01-28T16:47:21+00:00","mainEntityOfPage":{"@id":"https:\/\/www.bbmnoticias.com\/labravaradiofm\/2022\/01\/28\/el-canto-del-buho-salomon-jara-es-el-precandidato-mario-delgado-no-se-equivoquen\/"},"wordCount":1407,"image":{"@id":"https:\/\/www.bbmnoticias.com\/labravaradiofm\/2022\/01\/28\/el-canto-del-buho-salomon-jara-es-el-precandidato-mario-delgado-no-se-equivoquen\/#primaryimage"},"thumbnailUrl":"https:\/\/www.bbmnoticias.com\/labravaradiofm\/wp-content\/uploads\/sites\/5\/2022\/01\/elcanto27012022.jpg","articleSection":["LOCAL"],"inLanguage":"es"},{"@type":"WebPage","@id":"https:\/\/www.bbmnoticias.com\/labravaradiofm\/2022\/01\/28\/el-canto-del-buho-salomon-jara-es-el-precandidato-mario-delgado-no-se-equivoquen\/","url":"https:\/\/www.bbmnoticias.com\/labravaradiofm\/2022\/01\/28\/el-canto-del-buho-salomon-jara-es-el-precandidato-mario-delgado-no-se-equivoquen\/","name":"El canto del B\u00faho - * Salom\u00f3n Jara es el precandidato: Mario Delgado. * \u201cNo se equivoquen\u201d.\u00a0 - LA BRAVA RADIO","isPartOf":{"@id":"https:\/\/www.bbmnoticias.com\/labravaradiofm\/#website"},"primaryImageOfPage":{"@id":"https:\/\/www.bbmnoticias.com\/labravaradiofm\/2022\/01\/28\/el-canto-del-buho-salomon-jara-es-el-precandidato-mario-delgado-no-se-equivoquen\/#primaryimage"},"image":{"@id":"https:\/\/www.bbmnoticias.com\/labravaradiofm\/2022\/01\/28\/el-canto-del-buho-salomon-jara-es-el-precandidato-mario-delgado-no-se-equivoquen\/#primaryimage"},"thumbnailUrl":"https:\/\/www.bbmnoticias.com\/labravaradiofm\/wp-content\/uploads\/sites\/5\/2022\/01\/elcanto27012022.jpg","datePublished":"2022-01-28T07:33:00+00:00","dateModified":"2022-01-28T16:47:21+00:00","author":{"@id":"https:\/\/www.bbmnoticias.com\/labravaradiofm\/#\/schema\/person\/4225105502e8adb0d77200acc537ccd9"},"breadcrumb":{"@id":"https:\/\/www.bbmnoticias.com\/labravaradiofm\/2022\/01\/28\/el-canto-del-buho-salomon-jara-es-el-precandidato-mario-delgado-no-se-equivoquen\/#breadcrumb"},"inLanguage":"es","potentialAction":[{"@type":"ReadAction","target":["https:\/\/www.bbmnoticias.com\/labravaradiofm\/2022\/01\/28\/el-canto-del-buho-salomon-jara-es-el-precandidato-mario-delgado-no-se-equivoquen\/"]}]},{"@type":"ImageObject","inLanguage":"es","@id":"https:\/\/www.bbmnoticias.com\/labravaradiofm\/2022\/01\/28\/el-canto-del-buho-salomon-jara-es-el-precandidato-mario-delgado-no-se-equivoquen\/#primaryimage","url":"https:\/\/www.bbmnoticias.com\/labravaradiofm\/wp-content\/uploads\/sites\/5\/2022\/01\/elcanto27012022.jpg","contentUrl":"https:\/\/www.bbmnoticias.com\/labravaradiofm\/wp-content\/uploads\/sites\/5\/2022\/01\/elcanto27012022.jpg","width":650,"height":360},{"@type":"BreadcrumbList","@id":"https:\/\/www.bbmnoticias.com\/labravaradiofm\/2022\/01\/28\/el-canto-del-buho-salomon-jara-es-el-precandidato-mario-delgado-no-se-equivoquen\/#breadcrumb","itemListElement":[{"@type":"ListItem","position":1,"name":"Inicio","item":"https:\/\/www.bbmnoticias.com\/labravaradiofm\/"},{"@type":"ListItem","position":2,"name":"El canto del B\u00faho &#8211; * Salom\u00f3n Jara es el precandidato: Mario Delgado. * \u201cNo se equivoquen\u201d.\u00a0"}]},{"@type":"WebSite","@id":"https:\/\/www.bbmnoticias.com\/labravaradiofm\/#website","url":"https:\/\/www.bbmnoticias.com\/labravaradiofm\/","name":"LA BRAVA RADIO","description":"Empresa productora de medios, Radiodifusi\u00f3n, Noticias, tendencias y todo lo que necesitas saber de la pol\u00edtica mexicana e internacional; entretenimiento, espect\u00e1culos, salud y mucho m\u00e1s.","potentialAction":[{"@type":"SearchAction","target":{"@type":"EntryPoint","urlTemplate":"https:\/\/www.bbmnoticias.com\/labravaradiofm\/?s={search_term_string}"},"query-input":{"@type":"PropertyValueSpecification","valueRequired":true,"valueName":"search_term_string"}}],"inLanguage":"es"},{"@type":"Person","@id":"https:\/\/www.bbmnoticias.com\/labravaradiofm\/#\/schema\/person\/4225105502e8adb0d77200acc537ccd9","name":"Pedro Botero","image":{"@type":"ImageObject","inLanguage":"es","@id":"https:\/\/secure.gravatar.com\/avatar\/3e1604f74223697b158b4f0509f030050c1609806bd1c24b9ac5d9759b30b353?s=96&d=mm&r=g","url":"https:\/\/secure.gravatar.com\/avatar\/3e1604f74223697b158b4f0509f030050c1609806bd1c24b9ac5d9759b30b353?s=96&d=mm&r=g","contentUrl":"https:\/\/secure.gravatar.com\/avatar\/3e1604f74223697b158b4f0509f030050c1609806bd1c24b9ac5d9759b30b353?s=96&d=mm&r=g","caption":"Pedro Botero"},"sameAs":["http:\/\/www.bbmnoticias.com"],"url":"https:\/\/www.bbmnoticias.com\/labravaradiofm\/author\/pedrobotero\/"}]}},"_links":{"self":[{"href":"https:\/\/www.bbmnoticias.com\/labravaradiofm\/wp-json\/wp\/v2\/posts\/9094","targetHints":{"allow":["GET"]}}],"collection":[{"href":"https:\/\/www.bbmnoticias.com\/labravaradiofm\/wp-json\/wp\/v2\/posts"}],"about":[{"href":"https:\/\/www.bbmnoticias.com\/labravaradiofm\/wp-json\/wp\/v2\/types\/post"}],"author":[{"embeddable":true,"href":"https:\/\/www.bbmnoticias.com\/labravaradiofm\/wp-json\/wp\/v2\/users\/18"}],"replies":[{"embeddable":true,"href":"https:\/\/www.bbmnoticias.com\/labravaradiofm\/wp-json\/wp\/v2\/comments?post=9094"}],"version-history":[{"count":0,"href":"https:\/\/www.bbmnoticias.com\/labravaradiofm\/wp-json\/wp\/v2\/posts\/9094\/revisions"}],"wp:featuredmedia":[{"embeddable":true,"href":"https:\/\/www.bbmnoticias.com\/labravaradiofm\/wp-json\/wp\/v2\/media\/9095"}],"wp:attachment":[{"href":"https:\/\/www.bbmnoticias.com\/labravaradiofm\/wp-json\/wp\/v2\/media?parent=9094"}],"wp:term":[{"taxonomy":"category","embeddable":true,"href":"https:\/\/www.bbmnoticias.com\/labravaradiofm\/wp-json\/wp\/v2\/categories?post=9094"},{"taxonomy":"post_tag","embeddable":true,"href":"https:\/\/www.bbmnoticias.com\/labravaradiofm\/wp-json\/wp\/v2\/tags?post=9094"}],"curies":[{"name":"wp","href":"https:\/\/api.w.org\/{rel}","templated":true}]}}