{"id":9024,"date":"2022-01-26T15:46:38","date_gmt":"2022-01-26T21:46:38","guid":{"rendered":"https:\/\/www.bbmnoticias.com\/labravaradiofm\/?p=9024"},"modified":"2022-01-26T15:46:42","modified_gmt":"2022-01-26T21:46:42","slug":"conforman-seccion-de-la-ctm-en-salinas-del-marques","status":"publish","type":"post","link":"https:\/\/www.bbmnoticias.com\/labravaradiofm\/2022\/01\/26\/conforman-seccion-de-la-ctm-en-salinas-del-marques\/","title":{"rendered":"Conforman secci\u00f3n de la CTM en Salinas del Marqu\u00e9s"},"content":{"rendered":"<div style=\"margin-top: 0px; margin-bottom: 0px;\" class=\"sharethis-inline-share-buttons\" ><\/div>\n<p>La Confederaci\u00f3n de Trabajadores de M\u00e9xico CTM, conform\u00f3 una secci\u00f3n de mano de obra y camioneros materialistas en la agencia municipal de Salinas del Marqu\u00e9s, misma que busca darle participaci\u00f3n a habitantes de esta agencia que deseen afiliarse a este sindicato.<\/p>\n\n\n\n<p>El Secretario del Comit\u00e9 Ejecutivo Estatal de la CTM, Carlos Alberto Mej\u00eda Gil, fue el responsable de tomarles protesta a esta nueva secci\u00f3n exhort\u00e1ndolos a trabajar por el bien de todos sus representados, as\u00ed como reconociendo su disponibilidad para participar en la b\u00fasqueda de mejores condiciones laborales para todos que es una de las metas de esta organizaci\u00f3n.<\/p>\n\n\n\n<p>Reconoci\u00f3 la labor y trabajo del Secretario de Organizaci\u00f3n Remigio G\u00f3mez Manubes, de hacer posible la interrogaci\u00f3n de esta secci\u00f3n.<\/p>\n\n\n\n<p><\/p>\n\n\n\n<figure class=\"wp-block-image size-large\"><img loading=\"lazy\" decoding=\"async\" width=\"1600\" height=\"1200\" src=\"https:\/\/www.bbmnoticias.com\/labravaradiofm\/wp-content\/uploads\/sites\/5\/2022\/01\/ctm-salinacruz-2.jpg\" alt=\"\" class=\"wp-image-9026\" srcset=\"https:\/\/www.bbmnoticias.com\/labravaradiofm\/wp-content\/uploads\/sites\/5\/2022\/01\/ctm-salinacruz-2.jpg 1600w, https:\/\/www.bbmnoticias.com\/labravaradiofm\/wp-content\/uploads\/sites\/5\/2022\/01\/ctm-salinacruz-2-300x225.jpg 300w, https:\/\/www.bbmnoticias.com\/labravaradiofm\/wp-content\/uploads\/sites\/5\/2022\/01\/ctm-salinacruz-2-1024x768.jpg 1024w, https:\/\/www.bbmnoticias.com\/labravaradiofm\/wp-content\/uploads\/sites\/5\/2022\/01\/ctm-salinacruz-2-768x576.jpg 768w, https:\/\/www.bbmnoticias.com\/labravaradiofm\/wp-content\/uploads\/sites\/5\/2022\/01\/ctm-salinacruz-2-1536x1152.jpg 1536w, https:\/\/www.bbmnoticias.com\/labravaradiofm\/wp-content\/uploads\/sites\/5\/2022\/01\/ctm-salinacruz-2-560x420.jpg 560w, https:\/\/www.bbmnoticias.com\/labravaradiofm\/wp-content\/uploads\/sites\/5\/2022\/01\/ctm-salinacruz-2-80x60.jpg 80w, https:\/\/www.bbmnoticias.com\/labravaradiofm\/wp-content\/uploads\/sites\/5\/2022\/01\/ctm-salinacruz-2-100x75.jpg 100w, https:\/\/www.bbmnoticias.com\/labravaradiofm\/wp-content\/uploads\/sites\/5\/2022\/01\/ctm-salinacruz-2-180x135.jpg 180w, https:\/\/www.bbmnoticias.com\/labravaradiofm\/wp-content\/uploads\/sites\/5\/2022\/01\/ctm-salinacruz-2-238x178.jpg 238w, https:\/\/www.bbmnoticias.com\/labravaradiofm\/wp-content\/uploads\/sites\/5\/2022\/01\/ctm-salinacruz-2-640x480.jpg 640w, https:\/\/www.bbmnoticias.com\/labravaradiofm\/wp-content\/uploads\/sites\/5\/2022\/01\/ctm-salinacruz-2-681x511.jpg 681w\" sizes=\"auto, (max-width: 1600px) 100vw, 1600px\" \/><\/figure>\n\n\n\n<p>Durante el evento se llev\u00f3 a cabo la presentaci\u00f3n de quienes a partir de ese momento asumieron la responsabilidad como secretaria general, Isa\u00edas Garc\u00eda R\u00edos, Secretario de Organizaci\u00f3n Sotero Romero Mendoza, Secretario de Trabajo Alexander Ramos Toledo y Secretario de Finanzas Rogelio Mi\u00f1\u00f3n Robles.<\/p>\n\n\n\n<p>El reci\u00e9n nombrado Secretario Isa\u00edas Garc\u00eda R\u00edos, expres\u00f3 su agradecimiento por abrir la posibilidad de conformar esta secci\u00f3n que ser\u00e1 la puerta que se abra para muchos habitantes de las Salinas del Marqu\u00e9s que hoy en d\u00eda buscan trabajo y participaci\u00f3n en las obras relacionadas con el Corredor Interoce\u00e1nico y principalmente en Rompeolas que construye en esta agencia.<\/p>\n","protected":false},"excerpt":{"rendered":"<p>La Confederaci\u00f3n de Trabajadores de M\u00e9xico CTM, conform\u00f3 una secci\u00f3n de mano de obra y camioneros materialistas en la agencia municipal de Salinas del Marqu\u00e9s, misma que busca darle participaci\u00f3n a habitantes de esta agencia que deseen afiliarse a este sindicato. El Secretario del Comit\u00e9 Ejecutivo Estatal de la CTM, Carlos Alberto Mej\u00eda Gil, fue [&hellip;]<\/p>\n","protected":false},"author":2,"featured_media":9025,"comment_status":"closed","ping_status":"closed","sticky":false,"template":"","format":"standard","meta":{"footnotes":""},"categories":[2],"tags":[],"class_list":{"0":"post-9024","1":"post","2":"type-post","3":"status-publish","4":"format-standard","5":"has-post-thumbnail","7":"category-oaxaca"},"yoast_head":"<!-- This site is optimized with the Yoast SEO plugin v27.4 - https:\/\/yoast.com\/product\/yoast-seo-wordpress\/ -->\n<title>Conforman secci\u00f3n de la CTM en Salinas del Marqu\u00e9s - LA BRAVA RADIO<\/title>\n<meta name=\"robots\" content=\"index, follow, max-snippet:-1, max-image-preview:large, max-video-preview:-1\" \/>\n<link rel=\"canonical\" href=\"https:\/\/www.bbmnoticias.com\/labravaradiofm\/2022\/01\/26\/conforman-seccion-de-la-ctm-en-salinas-del-marques\/\" \/>\n<meta property=\"og:locale\" content=\"es_MX\" \/>\n<meta property=\"og:type\" content=\"article\" \/>\n<meta property=\"og:title\" content=\"Conforman secci\u00f3n de la CTM en Salinas del Marqu\u00e9s - LA BRAVA RADIO\" \/>\n<meta property=\"og:description\" content=\"La Confederaci\u00f3n de Trabajadores de M\u00e9xico CTM, conform\u00f3 una secci\u00f3n de mano de obra y camioneros materialistas en la agencia municipal de Salinas del Marqu\u00e9s, misma que busca darle participaci\u00f3n a habitantes de esta agencia que deseen afiliarse a este sindicato. El Secretario del Comit\u00e9 Ejecutivo Estatal de la CTM, Carlos Alberto Mej\u00eda Gil, fue [&hellip;]\" \/>\n<meta property=\"og:url\" content=\"https:\/\/www.bbmnoticias.com\/labravaradiofm\/2022\/01\/26\/conforman-seccion-de-la-ctm-en-salinas-del-marques\/\" \/>\n<meta property=\"og:site_name\" content=\"LA BRAVA RADIO\" \/>\n<meta property=\"article:published_time\" content=\"2022-01-26T21:46:38+00:00\" \/>\n<meta property=\"article:modified_time\" content=\"2022-01-26T21:46:42+00:00\" \/>\n<meta property=\"og:image\" content=\"https:\/\/www.bbmnoticias.com\/labravaradiofm\/wp-content\/uploads\/sites\/5\/2022\/01\/ctm-salinacruz.jpg\" \/>\n\t<meta property=\"og:image:width\" content=\"1600\" \/>\n\t<meta property=\"og:image:height\" content=\"1200\" \/>\n\t<meta property=\"og:image:type\" content=\"image\/jpeg\" \/>\n<meta name=\"author\" content=\"Staff\" \/>\n<meta name=\"twitter:card\" content=\"summary_large_image\" \/>\n<meta name=\"twitter:label1\" content=\"Escrito por\" \/>\n\t<meta name=\"twitter:data1\" content=\"Staff\" \/>\n\t<meta name=\"twitter:label2\" content=\"Tiempo de lectura\" \/>\n\t<meta name=\"twitter:data2\" content=\"2 minutos\" \/>\n<script type=\"application\/ld+json\" class=\"yoast-schema-graph\">{\"@context\":\"https:\\\/\\\/schema.org\",\"@graph\":[{\"@type\":\"Article\",\"@id\":\"https:\\\/\\\/www.bbmnoticias.com\\\/labravaradiofm\\\/2022\\\/01\\\/26\\\/conforman-seccion-de-la-ctm-en-salinas-del-marques\\\/#article\",\"isPartOf\":{\"@id\":\"https:\\\/\\\/www.bbmnoticias.com\\\/labravaradiofm\\\/2022\\\/01\\\/26\\\/conforman-seccion-de-la-ctm-en-salinas-del-marques\\\/\"},\"author\":{\"name\":\"Staff\",\"@id\":\"https:\\\/\\\/www.bbmnoticias.com\\\/labravaradiofm\\\/#\\\/schema\\\/person\\\/34b139c617a70ea5bef5678bffe4dd7b\"},\"headline\":\"Conforman secci\u00f3n de la CTM en Salinas del Marqu\u00e9s\",\"datePublished\":\"2022-01-26T21:46:38+00:00\",\"dateModified\":\"2022-01-26T21:46:42+00:00\",\"mainEntityOfPage\":{\"@id\":\"https:\\\/\\\/www.bbmnoticias.com\\\/labravaradiofm\\\/2022\\\/01\\\/26\\\/conforman-seccion-de-la-ctm-en-salinas-del-marques\\\/\"},\"wordCount\":261,\"image\":{\"@id\":\"https:\\\/\\\/www.bbmnoticias.com\\\/labravaradiofm\\\/2022\\\/01\\\/26\\\/conforman-seccion-de-la-ctm-en-salinas-del-marques\\\/#primaryimage\"},\"thumbnailUrl\":\"https:\\\/\\\/www.bbmnoticias.com\\\/labravaradiofm\\\/wp-content\\\/uploads\\\/sites\\\/5\\\/2022\\\/01\\\/ctm-salinacruz.jpg\",\"articleSection\":[\"LOCAL\"],\"inLanguage\":\"es\"},{\"@type\":\"WebPage\",\"@id\":\"https:\\\/\\\/www.bbmnoticias.com\\\/labravaradiofm\\\/2022\\\/01\\\/26\\\/conforman-seccion-de-la-ctm-en-salinas-del-marques\\\/\",\"url\":\"https:\\\/\\\/www.bbmnoticias.com\\\/labravaradiofm\\\/2022\\\/01\\\/26\\\/conforman-seccion-de-la-ctm-en-salinas-del-marques\\\/\",\"name\":\"Conforman secci\u00f3n de la CTM en Salinas del Marqu\u00e9s - LA BRAVA RADIO\",\"isPartOf\":{\"@id\":\"https:\\\/\\\/www.bbmnoticias.com\\\/labravaradiofm\\\/#website\"},\"primaryImageOfPage\":{\"@id\":\"https:\\\/\\\/www.bbmnoticias.com\\\/labravaradiofm\\\/2022\\\/01\\\/26\\\/conforman-seccion-de-la-ctm-en-salinas-del-marques\\\/#primaryimage\"},\"image\":{\"@id\":\"https:\\\/\\\/www.bbmnoticias.com\\\/labravaradiofm\\\/2022\\\/01\\\/26\\\/conforman-seccion-de-la-ctm-en-salinas-del-marques\\\/#primaryimage\"},\"thumbnailUrl\":\"https:\\\/\\\/www.bbmnoticias.com\\\/labravaradiofm\\\/wp-content\\\/uploads\\\/sites\\\/5\\\/2022\\\/01\\\/ctm-salinacruz.jpg\",\"datePublished\":\"2022-01-26T21:46:38+00:00\",\"dateModified\":\"2022-01-26T21:46:42+00:00\",\"author\":{\"@id\":\"https:\\\/\\\/www.bbmnoticias.com\\\/labravaradiofm\\\/#\\\/schema\\\/person\\\/34b139c617a70ea5bef5678bffe4dd7b\"},\"breadcrumb\":{\"@id\":\"https:\\\/\\\/www.bbmnoticias.com\\\/labravaradiofm\\\/2022\\\/01\\\/26\\\/conforman-seccion-de-la-ctm-en-salinas-del-marques\\\/#breadcrumb\"},\"inLanguage\":\"es\",\"potentialAction\":[{\"@type\":\"ReadAction\",\"target\":[\"https:\\\/\\\/www.bbmnoticias.com\\\/labravaradiofm\\\/2022\\\/01\\\/26\\\/conforman-seccion-de-la-ctm-en-salinas-del-marques\\\/\"]}]},{\"@type\":\"ImageObject\",\"inLanguage\":\"es\",\"@id\":\"https:\\\/\\\/www.bbmnoticias.com\\\/labravaradiofm\\\/2022\\\/01\\\/26\\\/conforman-seccion-de-la-ctm-en-salinas-del-marques\\\/#primaryimage\",\"url\":\"https:\\\/\\\/www.bbmnoticias.com\\\/labravaradiofm\\\/wp-content\\\/uploads\\\/sites\\\/5\\\/2022\\\/01\\\/ctm-salinacruz.jpg\",\"contentUrl\":\"https:\\\/\\\/www.bbmnoticias.com\\\/labravaradiofm\\\/wp-content\\\/uploads\\\/sites\\\/5\\\/2022\\\/01\\\/ctm-salinacruz.jpg\",\"width\":1600,\"height\":1200},{\"@type\":\"BreadcrumbList\",\"@id\":\"https:\\\/\\\/www.bbmnoticias.com\\\/labravaradiofm\\\/2022\\\/01\\\/26\\\/conforman-seccion-de-la-ctm-en-salinas-del-marques\\\/#breadcrumb\",\"itemListElement\":[{\"@type\":\"ListItem\",\"position\":1,\"name\":\"Inicio\",\"item\":\"https:\\\/\\\/www.bbmnoticias.com\\\/labravaradiofm\\\/\"},{\"@type\":\"ListItem\",\"position\":2,\"name\":\"Conforman secci\u00f3n de la CTM en Salinas del Marqu\u00e9s\"}]},{\"@type\":\"WebSite\",\"@id\":\"https:\\\/\\\/www.bbmnoticias.com\\\/labravaradiofm\\\/#website\",\"url\":\"https:\\\/\\\/www.bbmnoticias.com\\\/labravaradiofm\\\/\",\"name\":\"LA BRAVA RADIO\",\"description\":\"Empresa productora de medios, Radiodifusi\u00f3n, Noticias, tendencias y todo lo que necesitas saber de la pol\u00edtica mexicana e internacional; entretenimiento, espect\u00e1culos, salud y mucho m\u00e1s.\",\"potentialAction\":[{\"@type\":\"SearchAction\",\"target\":{\"@type\":\"EntryPoint\",\"urlTemplate\":\"https:\\\/\\\/www.bbmnoticias.com\\\/labravaradiofm\\\/?s={search_term_string}\"},\"query-input\":{\"@type\":\"PropertyValueSpecification\",\"valueRequired\":true,\"valueName\":\"search_term_string\"}}],\"inLanguage\":\"es\"},{\"@type\":\"Person\",\"@id\":\"https:\\\/\\\/www.bbmnoticias.com\\\/labravaradiofm\\\/#\\\/schema\\\/person\\\/34b139c617a70ea5bef5678bffe4dd7b\",\"name\":\"Staff\",\"image\":{\"@type\":\"ImageObject\",\"inLanguage\":\"es\",\"@id\":\"https:\\\/\\\/secure.gravatar.com\\\/avatar\\\/fdd21ad66fd8b98c407f9dee5b5e588cfe7f0d8579ec20fa6527cd59bab7f0f0?s=96&d=mm&r=g\",\"url\":\"https:\\\/\\\/secure.gravatar.com\\\/avatar\\\/fdd21ad66fd8b98c407f9dee5b5e588cfe7f0d8579ec20fa6527cd59bab7f0f0?s=96&d=mm&r=g\",\"contentUrl\":\"https:\\\/\\\/secure.gravatar.com\\\/avatar\\\/fdd21ad66fd8b98c407f9dee5b5e588cfe7f0d8579ec20fa6527cd59bab7f0f0?s=96&d=mm&r=g\",\"caption\":\"Staff\"},\"url\":\"https:\\\/\\\/www.bbmnoticias.com\\\/labravaradiofm\\\/author\\\/redaccion\\\/\"}]}<\/script>\n<!-- \/ Yoast SEO plugin. -->","yoast_head_json":{"title":"Conforman secci\u00f3n de la CTM en Salinas del Marqu\u00e9s - LA BRAVA RADIO","robots":{"index":"index","follow":"follow","max-snippet":"max-snippet:-1","max-image-preview":"max-image-preview:large","max-video-preview":"max-video-preview:-1"},"canonical":"https:\/\/www.bbmnoticias.com\/labravaradiofm\/2022\/01\/26\/conforman-seccion-de-la-ctm-en-salinas-del-marques\/","og_locale":"es_MX","og_type":"article","og_title":"Conforman secci\u00f3n de la CTM en Salinas del Marqu\u00e9s - LA BRAVA RADIO","og_description":"La Confederaci\u00f3n de Trabajadores de M\u00e9xico CTM, conform\u00f3 una secci\u00f3n de mano de obra y camioneros materialistas en la agencia municipal de Salinas del Marqu\u00e9s, misma que busca darle participaci\u00f3n a habitantes de esta agencia que deseen afiliarse a este sindicato. El Secretario del Comit\u00e9 Ejecutivo Estatal de la CTM, Carlos Alberto Mej\u00eda Gil, fue [&hellip;]","og_url":"https:\/\/www.bbmnoticias.com\/labravaradiofm\/2022\/01\/26\/conforman-seccion-de-la-ctm-en-salinas-del-marques\/","og_site_name":"LA BRAVA RADIO","article_published_time":"2022-01-26T21:46:38+00:00","article_modified_time":"2022-01-26T21:46:42+00:00","og_image":[{"width":1600,"height":1200,"url":"https:\/\/www.bbmnoticias.com\/labravaradiofm\/wp-content\/uploads\/sites\/5\/2022\/01\/ctm-salinacruz.jpg","type":"image\/jpeg"}],"author":"Staff","twitter_card":"summary_large_image","twitter_misc":{"Escrito por":"Staff","Tiempo de lectura":"2 minutos"},"schema":{"@context":"https:\/\/schema.org","@graph":[{"@type":"Article","@id":"https:\/\/www.bbmnoticias.com\/labravaradiofm\/2022\/01\/26\/conforman-seccion-de-la-ctm-en-salinas-del-marques\/#article","isPartOf":{"@id":"https:\/\/www.bbmnoticias.com\/labravaradiofm\/2022\/01\/26\/conforman-seccion-de-la-ctm-en-salinas-del-marques\/"},"author":{"name":"Staff","@id":"https:\/\/www.bbmnoticias.com\/labravaradiofm\/#\/schema\/person\/34b139c617a70ea5bef5678bffe4dd7b"},"headline":"Conforman secci\u00f3n de la CTM en Salinas del Marqu\u00e9s","datePublished":"2022-01-26T21:46:38+00:00","dateModified":"2022-01-26T21:46:42+00:00","mainEntityOfPage":{"@id":"https:\/\/www.bbmnoticias.com\/labravaradiofm\/2022\/01\/26\/conforman-seccion-de-la-ctm-en-salinas-del-marques\/"},"wordCount":261,"image":{"@id":"https:\/\/www.bbmnoticias.com\/labravaradiofm\/2022\/01\/26\/conforman-seccion-de-la-ctm-en-salinas-del-marques\/#primaryimage"},"thumbnailUrl":"https:\/\/www.bbmnoticias.com\/labravaradiofm\/wp-content\/uploads\/sites\/5\/2022\/01\/ctm-salinacruz.jpg","articleSection":["LOCAL"],"inLanguage":"es"},{"@type":"WebPage","@id":"https:\/\/www.bbmnoticias.com\/labravaradiofm\/2022\/01\/26\/conforman-seccion-de-la-ctm-en-salinas-del-marques\/","url":"https:\/\/www.bbmnoticias.com\/labravaradiofm\/2022\/01\/26\/conforman-seccion-de-la-ctm-en-salinas-del-marques\/","name":"Conforman secci\u00f3n de la CTM en Salinas del Marqu\u00e9s - LA BRAVA RADIO","isPartOf":{"@id":"https:\/\/www.bbmnoticias.com\/labravaradiofm\/#website"},"primaryImageOfPage":{"@id":"https:\/\/www.bbmnoticias.com\/labravaradiofm\/2022\/01\/26\/conforman-seccion-de-la-ctm-en-salinas-del-marques\/#primaryimage"},"image":{"@id":"https:\/\/www.bbmnoticias.com\/labravaradiofm\/2022\/01\/26\/conforman-seccion-de-la-ctm-en-salinas-del-marques\/#primaryimage"},"thumbnailUrl":"https:\/\/www.bbmnoticias.com\/labravaradiofm\/wp-content\/uploads\/sites\/5\/2022\/01\/ctm-salinacruz.jpg","datePublished":"2022-01-26T21:46:38+00:00","dateModified":"2022-01-26T21:46:42+00:00","author":{"@id":"https:\/\/www.bbmnoticias.com\/labravaradiofm\/#\/schema\/person\/34b139c617a70ea5bef5678bffe4dd7b"},"breadcrumb":{"@id":"https:\/\/www.bbmnoticias.com\/labravaradiofm\/2022\/01\/26\/conforman-seccion-de-la-ctm-en-salinas-del-marques\/#breadcrumb"},"inLanguage":"es","potentialAction":[{"@type":"ReadAction","target":["https:\/\/www.bbmnoticias.com\/labravaradiofm\/2022\/01\/26\/conforman-seccion-de-la-ctm-en-salinas-del-marques\/"]}]},{"@type":"ImageObject","inLanguage":"es","@id":"https:\/\/www.bbmnoticias.com\/labravaradiofm\/2022\/01\/26\/conforman-seccion-de-la-ctm-en-salinas-del-marques\/#primaryimage","url":"https:\/\/www.bbmnoticias.com\/labravaradiofm\/wp-content\/uploads\/sites\/5\/2022\/01\/ctm-salinacruz.jpg","contentUrl":"https:\/\/www.bbmnoticias.com\/labravaradiofm\/wp-content\/uploads\/sites\/5\/2022\/01\/ctm-salinacruz.jpg","width":1600,"height":1200},{"@type":"BreadcrumbList","@id":"https:\/\/www.bbmnoticias.com\/labravaradiofm\/2022\/01\/26\/conforman-seccion-de-la-ctm-en-salinas-del-marques\/#breadcrumb","itemListElement":[{"@type":"ListItem","position":1,"name":"Inicio","item":"https:\/\/www.bbmnoticias.com\/labravaradiofm\/"},{"@type":"ListItem","position":2,"name":"Conforman secci\u00f3n de la CTM en Salinas del Marqu\u00e9s"}]},{"@type":"WebSite","@id":"https:\/\/www.bbmnoticias.com\/labravaradiofm\/#website","url":"https:\/\/www.bbmnoticias.com\/labravaradiofm\/","name":"LA BRAVA RADIO","description":"Empresa productora de medios, Radiodifusi\u00f3n, Noticias, tendencias y todo lo que necesitas saber de la pol\u00edtica mexicana e internacional; entretenimiento, espect\u00e1culos, salud y mucho m\u00e1s.","potentialAction":[{"@type":"SearchAction","target":{"@type":"EntryPoint","urlTemplate":"https:\/\/www.bbmnoticias.com\/labravaradiofm\/?s={search_term_string}"},"query-input":{"@type":"PropertyValueSpecification","valueRequired":true,"valueName":"search_term_string"}}],"inLanguage":"es"},{"@type":"Person","@id":"https:\/\/www.bbmnoticias.com\/labravaradiofm\/#\/schema\/person\/34b139c617a70ea5bef5678bffe4dd7b","name":"Staff","image":{"@type":"ImageObject","inLanguage":"es","@id":"https:\/\/secure.gravatar.com\/avatar\/fdd21ad66fd8b98c407f9dee5b5e588cfe7f0d8579ec20fa6527cd59bab7f0f0?s=96&d=mm&r=g","url":"https:\/\/secure.gravatar.com\/avatar\/fdd21ad66fd8b98c407f9dee5b5e588cfe7f0d8579ec20fa6527cd59bab7f0f0?s=96&d=mm&r=g","contentUrl":"https:\/\/secure.gravatar.com\/avatar\/fdd21ad66fd8b98c407f9dee5b5e588cfe7f0d8579ec20fa6527cd59bab7f0f0?s=96&d=mm&r=g","caption":"Staff"},"url":"https:\/\/www.bbmnoticias.com\/labravaradiofm\/author\/redaccion\/"}]}},"_links":{"self":[{"href":"https:\/\/www.bbmnoticias.com\/labravaradiofm\/wp-json\/wp\/v2\/posts\/9024","targetHints":{"allow":["GET"]}}],"collection":[{"href":"https:\/\/www.bbmnoticias.com\/labravaradiofm\/wp-json\/wp\/v2\/posts"}],"about":[{"href":"https:\/\/www.bbmnoticias.com\/labravaradiofm\/wp-json\/wp\/v2\/types\/post"}],"author":[{"embeddable":true,"href":"https:\/\/www.bbmnoticias.com\/labravaradiofm\/wp-json\/wp\/v2\/users\/2"}],"replies":[{"embeddable":true,"href":"https:\/\/www.bbmnoticias.com\/labravaradiofm\/wp-json\/wp\/v2\/comments?post=9024"}],"version-history":[{"count":0,"href":"https:\/\/www.bbmnoticias.com\/labravaradiofm\/wp-json\/wp\/v2\/posts\/9024\/revisions"}],"wp:featuredmedia":[{"embeddable":true,"href":"https:\/\/www.bbmnoticias.com\/labravaradiofm\/wp-json\/wp\/v2\/media\/9025"}],"wp:attachment":[{"href":"https:\/\/www.bbmnoticias.com\/labravaradiofm\/wp-json\/wp\/v2\/media?parent=9024"}],"wp:term":[{"taxonomy":"category","embeddable":true,"href":"https:\/\/www.bbmnoticias.com\/labravaradiofm\/wp-json\/wp\/v2\/categories?post=9024"},{"taxonomy":"post_tag","embeddable":true,"href":"https:\/\/www.bbmnoticias.com\/labravaradiofm\/wp-json\/wp\/v2\/tags?post=9024"}],"curies":[{"name":"wp","href":"https:\/\/api.w.org\/{rel}","templated":true}]}}