{"id":8958,"date":"2022-01-25T15:13:05","date_gmt":"2022-01-25T21:13:05","guid":{"rendered":"https:\/\/www.bbmnoticias.com\/labravaradiofm\/?p=8958"},"modified":"2022-01-25T15:13:07","modified_gmt":"2022-01-25T21:13:07","slug":"presenta-sedatu-plan-integral-del-rio-atoyac-en-oaxaca","status":"publish","type":"post","link":"https:\/\/www.bbmnoticias.com\/labravaradiofm\/2022\/01\/25\/presenta-sedatu-plan-integral-del-rio-atoyac-en-oaxaca\/","title":{"rendered":"Presenta Sedatu Plan Integral del r\u00edo Atoyac en Oaxaca"},"content":{"rendered":"<div style=\"margin-top: 0px; margin-bottom: 0px;\" class=\"sharethis-inline-share-buttons\" ><\/div>\n<p>OAXACA, Oax. 25 de enero de 2022.- El Gobierno de M\u00e9xico, a trav\u00e9s de la Secretar\u00eda de Desarrollo Agrario, Territorial y Urbano (Sedatu), present\u00f3 el Plan Integral del R\u00edo Atoyac, un proyecto que contempla una inversi\u00f3n mayor a los 700 millones de pesos y que tiene como objetivo cuidar el ecosistema, resguardar la historia y mejorar los espacios p\u00fablicos del sur de la ciudad.<\/p>\n\n\n\n<p>Durante un recorrido con la presidenta honoraria del Consejo de la Coordinaci\u00f3n de Memoria Hist\u00f3rica y Cultural de M\u00e9xico, Beatriz Guti\u00e9rrez M\u00fcller, el secretario de la Sedatu, Rom\u00e1n Meyer Falc\u00f3n, explic\u00f3 que el proyecto consiste en la recuperaci\u00f3n de 12 hect\u00e1reas en lo que antes era una f\u00e1brica de triplay, para construir un parque urbano, un parque lineal y el \u00e1rea de comedores de la Central de Abasto.<\/p>\n\n\n\n<figure class=\"wp-block-embed is-type-rich is-provider-twitter wp-block-embed-twitter\"><div class=\"wp-block-embed__wrapper\">\n<blockquote class=\"twitter-tweet\" data-width=\"550\" data-dnt=\"true\"><p lang=\"es\" dir=\"ltr\"><a href=\"https:\/\/twitter.com\/hashtag\/Bolet%C3%ADn?src=hash&amp;ref_src=twsrc%5Etfw\">#Bolet\u00edn<\/a><br><br>Presenta Sedatu Plan Integral del R\u00edo Atoyac en Oaxaca; se invertir\u00e1n m\u00e1s de 700 mdp.<br><br>Se planea construir la nueva sede del Archivo General Agrario, un parque urbano y remodelar la Central de Abastos.<br><br>Conoce los detalles aqu\u00ed: <a href=\"https:\/\/t.co\/sfW7nqmMtd\">https:\/\/t.co\/sfW7nqmMtd<\/a> <a href=\"https:\/\/t.co\/CwoeeW8XLo\">pic.twitter.com\/CwoeeW8XLo<\/a><\/p>&mdash; SEDATU M\u00e9xico (@SEDATU_mx) <a href=\"https:\/\/twitter.com\/SEDATU_mx\/status\/1486068913112821760?ref_src=twsrc%5Etfw\">January 25, 2022<\/a><\/blockquote><script async src=\"https:\/\/platform.twitter.com\/widgets.js\" charset=\"utf-8\"><\/script>\n<\/div><\/figure>\n\n\n\n<p>En presencia del gobernador de Oaxaca, Alejandro Murat y su esposa, Ivett Mor\u00e1n, Meyer Falc\u00f3n precis\u00f3 que el proyecto contempla la construcci\u00f3n de la nueva sede del Archivo General Agrario (AGN) en el centro del predio y alrededor el Parque Urbano de siete hect\u00e1reas con senderos iluminados para convertir el \u00e1rea en un espacio p\u00fablico seguro y accesible.<\/p>\n\n\n\n<p>\u201cEstamos trabajando en los proyectos. Se conformaron dos ejes de comunicaci\u00f3n: el primero conectar\u00e1 la Central de Abasto con un puente peatonal que cruzar\u00e1 al interior del archivo y parque urbano y el otro ser\u00e1 una l\u00ednea de conexi\u00f3n con el Citybus que se est\u00e1 construyendo en Oaxaca\u201d, detall\u00f3.<\/p>\n\n\n\n<p>Precis\u00f3 que todos los predios ser\u00e1n adquiridos por el gobierno de Oaxaca y destac\u00f3 que el proyecto conservar\u00e1 la vegetaci\u00f3n existente para mejorar el entorno y la convivencia de las familias y comerciantes de la zona y atender sus necesidades de seguridad y movilidad.<\/p>\n\n\n\n<p>Dijo que a trav\u00e9s de diversas encuestas de opini\u00f3n entre la poblaci\u00f3n que habita en las colonias aleda\u00f1as, se determinaron las caracter\u00edsticas de las intervenciones y se estima que los trabajos se realicen en un per\u00edodo de 12 meses.<\/p>\n","protected":false},"excerpt":{"rendered":"<p>OAXACA, Oax. 25 de enero de 2022.- El Gobierno de M\u00e9xico, a trav\u00e9s de la Secretar\u00eda de Desarrollo Agrario, Territorial y Urbano (Sedatu), present\u00f3 el Plan Integral del R\u00edo Atoyac, un proyecto que contempla una inversi\u00f3n mayor a los 700 millones de pesos y que tiene como objetivo cuidar el ecosistema, resguardar la historia y [&hellip;]<\/p>\n","protected":false},"author":2,"featured_media":8959,"comment_status":"closed","ping_status":"closed","sticky":false,"template":"","format":"standard","meta":{"footnotes":""},"categories":[2],"tags":[],"class_list":{"0":"post-8958","1":"post","2":"type-post","3":"status-publish","4":"format-standard","5":"has-post-thumbnail","7":"category-oaxaca"},"yoast_head":"<!-- This site is optimized with the Yoast SEO plugin v27.4 - https:\/\/yoast.com\/product\/yoast-seo-wordpress\/ -->\n<title>Presenta Sedatu Plan Integral del r\u00edo Atoyac en Oaxaca - LA BRAVA RADIO<\/title>\n<meta name=\"robots\" content=\"index, follow, max-snippet:-1, max-image-preview:large, max-video-preview:-1\" \/>\n<link rel=\"canonical\" href=\"https:\/\/www.bbmnoticias.com\/labravaradiofm\/2022\/01\/25\/presenta-sedatu-plan-integral-del-rio-atoyac-en-oaxaca\/\" \/>\n<meta property=\"og:locale\" content=\"es_MX\" \/>\n<meta property=\"og:type\" content=\"article\" \/>\n<meta property=\"og:title\" content=\"Presenta Sedatu Plan Integral del r\u00edo Atoyac en Oaxaca - LA BRAVA RADIO\" \/>\n<meta property=\"og:description\" content=\"OAXACA, Oax. 25 de enero de 2022.- El Gobierno de M\u00e9xico, a trav\u00e9s de la Secretar\u00eda de Desarrollo Agrario, Territorial y Urbano (Sedatu), present\u00f3 el Plan Integral del R\u00edo Atoyac, un proyecto que contempla una inversi\u00f3n mayor a los 700 millones de pesos y que tiene como objetivo cuidar el ecosistema, resguardar la historia y [&hellip;]\" \/>\n<meta property=\"og:url\" content=\"https:\/\/www.bbmnoticias.com\/labravaradiofm\/2022\/01\/25\/presenta-sedatu-plan-integral-del-rio-atoyac-en-oaxaca\/\" \/>\n<meta property=\"og:site_name\" content=\"LA BRAVA RADIO\" \/>\n<meta property=\"article:published_time\" content=\"2022-01-25T21:13:05+00:00\" \/>\n<meta property=\"article:modified_time\" content=\"2022-01-25T21:13:07+00:00\" \/>\n<meta property=\"og:image\" content=\"https:\/\/www.bbmnoticias.com\/labravaradiofm\/wp-content\/uploads\/sites\/5\/2022\/01\/sedatu-plan.jpg\" \/>\n\t<meta property=\"og:image:width\" content=\"1280\" \/>\n\t<meta property=\"og:image:height\" content=\"852\" \/>\n\t<meta property=\"og:image:type\" content=\"image\/jpeg\" \/>\n<meta name=\"author\" content=\"Staff\" \/>\n<meta name=\"twitter:card\" content=\"summary_large_image\" \/>\n<meta name=\"twitter:label1\" content=\"Escrito por\" \/>\n\t<meta name=\"twitter:data1\" content=\"Staff\" \/>\n\t<meta name=\"twitter:label2\" content=\"Tiempo de lectura\" \/>\n\t<meta name=\"twitter:data2\" content=\"2 minutos\" \/>\n<script type=\"application\/ld+json\" class=\"yoast-schema-graph\">{\"@context\":\"https:\\\/\\\/schema.org\",\"@graph\":[{\"@type\":\"Article\",\"@id\":\"https:\\\/\\\/www.bbmnoticias.com\\\/labravaradiofm\\\/2022\\\/01\\\/25\\\/presenta-sedatu-plan-integral-del-rio-atoyac-en-oaxaca\\\/#article\",\"isPartOf\":{\"@id\":\"https:\\\/\\\/www.bbmnoticias.com\\\/labravaradiofm\\\/2022\\\/01\\\/25\\\/presenta-sedatu-plan-integral-del-rio-atoyac-en-oaxaca\\\/\"},\"author\":{\"name\":\"Staff\",\"@id\":\"https:\\\/\\\/www.bbmnoticias.com\\\/labravaradiofm\\\/#\\\/schema\\\/person\\\/68a9e9036ef3c5b55aeb2b71dc8bab45\"},\"headline\":\"Presenta Sedatu Plan Integral del r\u00edo Atoyac en Oaxaca\",\"datePublished\":\"2022-01-25T21:13:05+00:00\",\"dateModified\":\"2022-01-25T21:13:07+00:00\",\"mainEntityOfPage\":{\"@id\":\"https:\\\/\\\/www.bbmnoticias.com\\\/labravaradiofm\\\/2022\\\/01\\\/25\\\/presenta-sedatu-plan-integral-del-rio-atoyac-en-oaxaca\\\/\"},\"wordCount\":366,\"image\":{\"@id\":\"https:\\\/\\\/www.bbmnoticias.com\\\/labravaradiofm\\\/2022\\\/01\\\/25\\\/presenta-sedatu-plan-integral-del-rio-atoyac-en-oaxaca\\\/#primaryimage\"},\"thumbnailUrl\":\"https:\\\/\\\/www.bbmnoticias.com\\\/labravaradiofm\\\/wp-content\\\/uploads\\\/sites\\\/5\\\/2022\\\/01\\\/sedatu-plan.jpg\",\"articleSection\":[\"LOCAL\"],\"inLanguage\":\"es\"},{\"@type\":\"WebPage\",\"@id\":\"https:\\\/\\\/www.bbmnoticias.com\\\/labravaradiofm\\\/2022\\\/01\\\/25\\\/presenta-sedatu-plan-integral-del-rio-atoyac-en-oaxaca\\\/\",\"url\":\"https:\\\/\\\/www.bbmnoticias.com\\\/labravaradiofm\\\/2022\\\/01\\\/25\\\/presenta-sedatu-plan-integral-del-rio-atoyac-en-oaxaca\\\/\",\"name\":\"Presenta Sedatu Plan Integral del r\u00edo Atoyac en Oaxaca - LA BRAVA RADIO\",\"isPartOf\":{\"@id\":\"https:\\\/\\\/www.bbmnoticias.com\\\/labravaradiofm\\\/#website\"},\"primaryImageOfPage\":{\"@id\":\"https:\\\/\\\/www.bbmnoticias.com\\\/labravaradiofm\\\/2022\\\/01\\\/25\\\/presenta-sedatu-plan-integral-del-rio-atoyac-en-oaxaca\\\/#primaryimage\"},\"image\":{\"@id\":\"https:\\\/\\\/www.bbmnoticias.com\\\/labravaradiofm\\\/2022\\\/01\\\/25\\\/presenta-sedatu-plan-integral-del-rio-atoyac-en-oaxaca\\\/#primaryimage\"},\"thumbnailUrl\":\"https:\\\/\\\/www.bbmnoticias.com\\\/labravaradiofm\\\/wp-content\\\/uploads\\\/sites\\\/5\\\/2022\\\/01\\\/sedatu-plan.jpg\",\"datePublished\":\"2022-01-25T21:13:05+00:00\",\"dateModified\":\"2022-01-25T21:13:07+00:00\",\"author\":{\"@id\":\"https:\\\/\\\/www.bbmnoticias.com\\\/labravaradiofm\\\/#\\\/schema\\\/person\\\/68a9e9036ef3c5b55aeb2b71dc8bab45\"},\"breadcrumb\":{\"@id\":\"https:\\\/\\\/www.bbmnoticias.com\\\/labravaradiofm\\\/2022\\\/01\\\/25\\\/presenta-sedatu-plan-integral-del-rio-atoyac-en-oaxaca\\\/#breadcrumb\"},\"inLanguage\":\"es\",\"potentialAction\":[{\"@type\":\"ReadAction\",\"target\":[\"https:\\\/\\\/www.bbmnoticias.com\\\/labravaradiofm\\\/2022\\\/01\\\/25\\\/presenta-sedatu-plan-integral-del-rio-atoyac-en-oaxaca\\\/\"]}]},{\"@type\":\"ImageObject\",\"inLanguage\":\"es\",\"@id\":\"https:\\\/\\\/www.bbmnoticias.com\\\/labravaradiofm\\\/2022\\\/01\\\/25\\\/presenta-sedatu-plan-integral-del-rio-atoyac-en-oaxaca\\\/#primaryimage\",\"url\":\"https:\\\/\\\/www.bbmnoticias.com\\\/labravaradiofm\\\/wp-content\\\/uploads\\\/sites\\\/5\\\/2022\\\/01\\\/sedatu-plan.jpg\",\"contentUrl\":\"https:\\\/\\\/www.bbmnoticias.com\\\/labravaradiofm\\\/wp-content\\\/uploads\\\/sites\\\/5\\\/2022\\\/01\\\/sedatu-plan.jpg\",\"width\":1280,\"height\":852},{\"@type\":\"BreadcrumbList\",\"@id\":\"https:\\\/\\\/www.bbmnoticias.com\\\/labravaradiofm\\\/2022\\\/01\\\/25\\\/presenta-sedatu-plan-integral-del-rio-atoyac-en-oaxaca\\\/#breadcrumb\",\"itemListElement\":[{\"@type\":\"ListItem\",\"position\":1,\"name\":\"Inicio\",\"item\":\"https:\\\/\\\/www.bbmnoticias.com\\\/labravaradiofm\\\/\"},{\"@type\":\"ListItem\",\"position\":2,\"name\":\"Presenta Sedatu Plan Integral del r\u00edo Atoyac en Oaxaca\"}]},{\"@type\":\"WebSite\",\"@id\":\"https:\\\/\\\/www.bbmnoticias.com\\\/labravaradiofm\\\/#website\",\"url\":\"https:\\\/\\\/www.bbmnoticias.com\\\/labravaradiofm\\\/\",\"name\":\"LA BRAVA RADIO\",\"description\":\"Empresa productora de medios, Radiodifusi\u00f3n, Noticias, tendencias y todo lo que necesitas saber de la pol\u00edtica mexicana e internacional; entretenimiento, espect\u00e1culos, salud y mucho m\u00e1s.\",\"potentialAction\":[{\"@type\":\"SearchAction\",\"target\":{\"@type\":\"EntryPoint\",\"urlTemplate\":\"https:\\\/\\\/www.bbmnoticias.com\\\/labravaradiofm\\\/?s={search_term_string}\"},\"query-input\":{\"@type\":\"PropertyValueSpecification\",\"valueRequired\":true,\"valueName\":\"search_term_string\"}}],\"inLanguage\":\"es\"},{\"@type\":\"Person\",\"@id\":\"https:\\\/\\\/www.bbmnoticias.com\\\/labravaradiofm\\\/#\\\/schema\\\/person\\\/68a9e9036ef3c5b55aeb2b71dc8bab45\",\"name\":\"Staff\",\"image\":{\"@type\":\"ImageObject\",\"inLanguage\":\"es\",\"@id\":\"https:\\\/\\\/secure.gravatar.com\\\/avatar\\\/fdd21ad66fd8b98c407f9dee5b5e588cfe7f0d8579ec20fa6527cd59bab7f0f0?s=96&d=mm&r=g\",\"url\":\"https:\\\/\\\/secure.gravatar.com\\\/avatar\\\/fdd21ad66fd8b98c407f9dee5b5e588cfe7f0d8579ec20fa6527cd59bab7f0f0?s=96&d=mm&r=g\",\"contentUrl\":\"https:\\\/\\\/secure.gravatar.com\\\/avatar\\\/fdd21ad66fd8b98c407f9dee5b5e588cfe7f0d8579ec20fa6527cd59bab7f0f0?s=96&d=mm&r=g\",\"caption\":\"Staff\"},\"url\":\"https:\\\/\\\/www.bbmnoticias.com\\\/labravaradiofm\\\/author\\\/redaccion\\\/\"}]}<\/script>\n<!-- \/ Yoast SEO plugin. -->","yoast_head_json":{"title":"Presenta Sedatu Plan Integral del r\u00edo Atoyac en Oaxaca - LA BRAVA RADIO","robots":{"index":"index","follow":"follow","max-snippet":"max-snippet:-1","max-image-preview":"max-image-preview:large","max-video-preview":"max-video-preview:-1"},"canonical":"https:\/\/www.bbmnoticias.com\/labravaradiofm\/2022\/01\/25\/presenta-sedatu-plan-integral-del-rio-atoyac-en-oaxaca\/","og_locale":"es_MX","og_type":"article","og_title":"Presenta Sedatu Plan Integral del r\u00edo Atoyac en Oaxaca - LA BRAVA RADIO","og_description":"OAXACA, Oax. 25 de enero de 2022.- El Gobierno de M\u00e9xico, a trav\u00e9s de la Secretar\u00eda de Desarrollo Agrario, Territorial y Urbano (Sedatu), present\u00f3 el Plan Integral del R\u00edo Atoyac, un proyecto que contempla una inversi\u00f3n mayor a los 700 millones de pesos y que tiene como objetivo cuidar el ecosistema, resguardar la historia y [&hellip;]","og_url":"https:\/\/www.bbmnoticias.com\/labravaradiofm\/2022\/01\/25\/presenta-sedatu-plan-integral-del-rio-atoyac-en-oaxaca\/","og_site_name":"LA BRAVA RADIO","article_published_time":"2022-01-25T21:13:05+00:00","article_modified_time":"2022-01-25T21:13:07+00:00","og_image":[{"width":1280,"height":852,"url":"https:\/\/www.bbmnoticias.com\/labravaradiofm\/wp-content\/uploads\/sites\/5\/2022\/01\/sedatu-plan.jpg","type":"image\/jpeg"}],"author":"Staff","twitter_card":"summary_large_image","twitter_misc":{"Escrito por":"Staff","Tiempo de lectura":"2 minutos"},"schema":{"@context":"https:\/\/schema.org","@graph":[{"@type":"Article","@id":"https:\/\/www.bbmnoticias.com\/labravaradiofm\/2022\/01\/25\/presenta-sedatu-plan-integral-del-rio-atoyac-en-oaxaca\/#article","isPartOf":{"@id":"https:\/\/www.bbmnoticias.com\/labravaradiofm\/2022\/01\/25\/presenta-sedatu-plan-integral-del-rio-atoyac-en-oaxaca\/"},"author":{"name":"Staff","@id":"https:\/\/www.bbmnoticias.com\/labravaradiofm\/#\/schema\/person\/68a9e9036ef3c5b55aeb2b71dc8bab45"},"headline":"Presenta Sedatu Plan Integral del r\u00edo Atoyac en Oaxaca","datePublished":"2022-01-25T21:13:05+00:00","dateModified":"2022-01-25T21:13:07+00:00","mainEntityOfPage":{"@id":"https:\/\/www.bbmnoticias.com\/labravaradiofm\/2022\/01\/25\/presenta-sedatu-plan-integral-del-rio-atoyac-en-oaxaca\/"},"wordCount":366,"image":{"@id":"https:\/\/www.bbmnoticias.com\/labravaradiofm\/2022\/01\/25\/presenta-sedatu-plan-integral-del-rio-atoyac-en-oaxaca\/#primaryimage"},"thumbnailUrl":"https:\/\/www.bbmnoticias.com\/labravaradiofm\/wp-content\/uploads\/sites\/5\/2022\/01\/sedatu-plan.jpg","articleSection":["LOCAL"],"inLanguage":"es"},{"@type":"WebPage","@id":"https:\/\/www.bbmnoticias.com\/labravaradiofm\/2022\/01\/25\/presenta-sedatu-plan-integral-del-rio-atoyac-en-oaxaca\/","url":"https:\/\/www.bbmnoticias.com\/labravaradiofm\/2022\/01\/25\/presenta-sedatu-plan-integral-del-rio-atoyac-en-oaxaca\/","name":"Presenta Sedatu Plan Integral del r\u00edo Atoyac en Oaxaca - LA BRAVA RADIO","isPartOf":{"@id":"https:\/\/www.bbmnoticias.com\/labravaradiofm\/#website"},"primaryImageOfPage":{"@id":"https:\/\/www.bbmnoticias.com\/labravaradiofm\/2022\/01\/25\/presenta-sedatu-plan-integral-del-rio-atoyac-en-oaxaca\/#primaryimage"},"image":{"@id":"https:\/\/www.bbmnoticias.com\/labravaradiofm\/2022\/01\/25\/presenta-sedatu-plan-integral-del-rio-atoyac-en-oaxaca\/#primaryimage"},"thumbnailUrl":"https:\/\/www.bbmnoticias.com\/labravaradiofm\/wp-content\/uploads\/sites\/5\/2022\/01\/sedatu-plan.jpg","datePublished":"2022-01-25T21:13:05+00:00","dateModified":"2022-01-25T21:13:07+00:00","author":{"@id":"https:\/\/www.bbmnoticias.com\/labravaradiofm\/#\/schema\/person\/68a9e9036ef3c5b55aeb2b71dc8bab45"},"breadcrumb":{"@id":"https:\/\/www.bbmnoticias.com\/labravaradiofm\/2022\/01\/25\/presenta-sedatu-plan-integral-del-rio-atoyac-en-oaxaca\/#breadcrumb"},"inLanguage":"es","potentialAction":[{"@type":"ReadAction","target":["https:\/\/www.bbmnoticias.com\/labravaradiofm\/2022\/01\/25\/presenta-sedatu-plan-integral-del-rio-atoyac-en-oaxaca\/"]}]},{"@type":"ImageObject","inLanguage":"es","@id":"https:\/\/www.bbmnoticias.com\/labravaradiofm\/2022\/01\/25\/presenta-sedatu-plan-integral-del-rio-atoyac-en-oaxaca\/#primaryimage","url":"https:\/\/www.bbmnoticias.com\/labravaradiofm\/wp-content\/uploads\/sites\/5\/2022\/01\/sedatu-plan.jpg","contentUrl":"https:\/\/www.bbmnoticias.com\/labravaradiofm\/wp-content\/uploads\/sites\/5\/2022\/01\/sedatu-plan.jpg","width":1280,"height":852},{"@type":"BreadcrumbList","@id":"https:\/\/www.bbmnoticias.com\/labravaradiofm\/2022\/01\/25\/presenta-sedatu-plan-integral-del-rio-atoyac-en-oaxaca\/#breadcrumb","itemListElement":[{"@type":"ListItem","position":1,"name":"Inicio","item":"https:\/\/www.bbmnoticias.com\/labravaradiofm\/"},{"@type":"ListItem","position":2,"name":"Presenta Sedatu Plan Integral del r\u00edo Atoyac en Oaxaca"}]},{"@type":"WebSite","@id":"https:\/\/www.bbmnoticias.com\/labravaradiofm\/#website","url":"https:\/\/www.bbmnoticias.com\/labravaradiofm\/","name":"LA BRAVA RADIO","description":"Empresa productora de medios, Radiodifusi\u00f3n, Noticias, tendencias y todo lo que necesitas saber de la pol\u00edtica mexicana e internacional; entretenimiento, espect\u00e1culos, salud y mucho m\u00e1s.","potentialAction":[{"@type":"SearchAction","target":{"@type":"EntryPoint","urlTemplate":"https:\/\/www.bbmnoticias.com\/labravaradiofm\/?s={search_term_string}"},"query-input":{"@type":"PropertyValueSpecification","valueRequired":true,"valueName":"search_term_string"}}],"inLanguage":"es"},{"@type":"Person","@id":"https:\/\/www.bbmnoticias.com\/labravaradiofm\/#\/schema\/person\/68a9e9036ef3c5b55aeb2b71dc8bab45","name":"Staff","image":{"@type":"ImageObject","inLanguage":"es","@id":"https:\/\/secure.gravatar.com\/avatar\/fdd21ad66fd8b98c407f9dee5b5e588cfe7f0d8579ec20fa6527cd59bab7f0f0?s=96&d=mm&r=g","url":"https:\/\/secure.gravatar.com\/avatar\/fdd21ad66fd8b98c407f9dee5b5e588cfe7f0d8579ec20fa6527cd59bab7f0f0?s=96&d=mm&r=g","contentUrl":"https:\/\/secure.gravatar.com\/avatar\/fdd21ad66fd8b98c407f9dee5b5e588cfe7f0d8579ec20fa6527cd59bab7f0f0?s=96&d=mm&r=g","caption":"Staff"},"url":"https:\/\/www.bbmnoticias.com\/labravaradiofm\/author\/redaccion\/"}]}},"_links":{"self":[{"href":"https:\/\/www.bbmnoticias.com\/labravaradiofm\/wp-json\/wp\/v2\/posts\/8958","targetHints":{"allow":["GET"]}}],"collection":[{"href":"https:\/\/www.bbmnoticias.com\/labravaradiofm\/wp-json\/wp\/v2\/posts"}],"about":[{"href":"https:\/\/www.bbmnoticias.com\/labravaradiofm\/wp-json\/wp\/v2\/types\/post"}],"author":[{"embeddable":true,"href":"https:\/\/www.bbmnoticias.com\/labravaradiofm\/wp-json\/wp\/v2\/users\/2"}],"replies":[{"embeddable":true,"href":"https:\/\/www.bbmnoticias.com\/labravaradiofm\/wp-json\/wp\/v2\/comments?post=8958"}],"version-history":[{"count":0,"href":"https:\/\/www.bbmnoticias.com\/labravaradiofm\/wp-json\/wp\/v2\/posts\/8958\/revisions"}],"wp:featuredmedia":[{"embeddable":true,"href":"https:\/\/www.bbmnoticias.com\/labravaradiofm\/wp-json\/wp\/v2\/media\/8959"}],"wp:attachment":[{"href":"https:\/\/www.bbmnoticias.com\/labravaradiofm\/wp-json\/wp\/v2\/media?parent=8958"}],"wp:term":[{"taxonomy":"category","embeddable":true,"href":"https:\/\/www.bbmnoticias.com\/labravaradiofm\/wp-json\/wp\/v2\/categories?post=8958"},{"taxonomy":"post_tag","embeddable":true,"href":"https:\/\/www.bbmnoticias.com\/labravaradiofm\/wp-json\/wp\/v2\/tags?post=8958"}],"curies":[{"name":"wp","href":"https:\/\/api.w.org\/{rel}","templated":true}]}}