{"id":8955,"date":"2022-01-25T15:09:42","date_gmt":"2022-01-25T21:09:42","guid":{"rendered":"https:\/\/www.bbmnoticias.com\/labravaradiofm\/?p=8955"},"modified":"2022-01-25T15:09:44","modified_gmt":"2022-01-25T21:09:44","slug":"encarcelan-a-activista-de-morena-en-agencia-municipal-de-san-francisco-del-mar","status":"publish","type":"post","link":"https:\/\/www.bbmnoticias.com\/labravaradiofm\/2022\/01\/25\/encarcelan-a-activista-de-morena-en-agencia-municipal-de-san-francisco-del-mar\/","title":{"rendered":"Encarcelan a activista de Morena en agencia municipal de San Francisco del Mar"},"content":{"rendered":"<div style=\"margin-top: 0px; margin-bottom: 0px;\" class=\"sharethis-inline-share-buttons\" ><\/div>\n<p>San Francisco del Mar, Oaxaca. Un activista del partido Movimiento de Regeneraci\u00f3n Nacional Morena, fue encarcelado esta ma\u00f1ana en la agencia municipal de Pueblo Viejo, perteneciente a San Francisco del Mar, con el argumento de estar promoviendo a su partido pol\u00edtico.<\/p>\n\n\n\n<p>En un comunicado que circula en las redes sociales firmado por el Comit\u00e9 Municipal de Morena en esa poblaci\u00f3n, se\u00f1alan al agente municipal de Pueblo Viejo, \u00c1ngel Mart\u00ednez Vargas, de ordenar la detenci\u00f3n de activista pol\u00edtico, Enith Ocampo Garc\u00eda.<\/p>\n\n\n\n<p>De acuerdo al comunicado, la detenci\u00f3n de Ocampo Garc\u00eda, fue con el argumento de promover dicho partido en la comunidad y tener una casa de gestor\u00eda.<\/p>\n\n\n\n<p>Y es que, el agente municipal se opone a esto toda vez que milita en el Partido Revolucionario Institucional PRI.<\/p>\n\n\n\n<p>En el mismo comunicado Morena, piden la liberaci\u00f3n inmediata de su compa\u00f1ero y la intervenci\u00f3n de las autoridades tres niveles de gobierno.<\/p>\n","protected":false},"excerpt":{"rendered":"<p>San Francisco del Mar, Oaxaca. Un activista del partido Movimiento de Regeneraci\u00f3n Nacional Morena, fue encarcelado esta ma\u00f1ana en la agencia municipal de Pueblo Viejo, perteneciente a San Francisco del Mar, con el argumento de estar promoviendo a su partido pol\u00edtico. En un comunicado que circula en las redes sociales firmado por el Comit\u00e9 Municipal [&hellip;]<\/p>\n","protected":false},"author":2,"featured_media":8956,"comment_status":"closed","ping_status":"closed","sticky":false,"template":"","format":"standard","meta":{"footnotes":""},"categories":[1],"tags":[],"class_list":{"0":"post-8955","1":"post","2":"type-post","3":"status-publish","4":"format-standard","5":"has-post-thumbnail","7":"category-sin-categoria"},"yoast_head":"<!-- This site is optimized with the Yoast SEO plugin v27.4 - https:\/\/yoast.com\/product\/yoast-seo-wordpress\/ -->\n<title>Encarcelan a activista de Morena en agencia municipal de San Francisco del Mar - LA BRAVA RADIO<\/title>\n<meta name=\"robots\" content=\"index, follow, max-snippet:-1, max-image-preview:large, max-video-preview:-1\" \/>\n<link rel=\"canonical\" href=\"https:\/\/www.bbmnoticias.com\/labravaradiofm\/2022\/01\/25\/encarcelan-a-activista-de-morena-en-agencia-municipal-de-san-francisco-del-mar\/\" \/>\n<meta property=\"og:locale\" content=\"es_MX\" \/>\n<meta property=\"og:type\" content=\"article\" \/>\n<meta property=\"og:title\" content=\"Encarcelan a activista de Morena en agencia municipal de San Francisco del Mar - LA BRAVA RADIO\" \/>\n<meta property=\"og:description\" content=\"San Francisco del Mar, Oaxaca. Un activista del partido Movimiento de Regeneraci\u00f3n Nacional Morena, fue encarcelado esta ma\u00f1ana en la agencia municipal de Pueblo Viejo, perteneciente a San Francisco del Mar, con el argumento de estar promoviendo a su partido pol\u00edtico. En un comunicado que circula en las redes sociales firmado por el Comit\u00e9 Municipal [&hellip;]\" \/>\n<meta property=\"og:url\" content=\"https:\/\/www.bbmnoticias.com\/labravaradiofm\/2022\/01\/25\/encarcelan-a-activista-de-morena-en-agencia-municipal-de-san-francisco-del-mar\/\" \/>\n<meta property=\"og:site_name\" content=\"LA BRAVA RADIO\" \/>\n<meta property=\"article:published_time\" content=\"2022-01-25T21:09:42+00:00\" \/>\n<meta property=\"article:modified_time\" content=\"2022-01-25T21:09:44+00:00\" \/>\n<meta property=\"og:image\" content=\"https:\/\/www.bbmnoticias.com\/labravaradiofm\/wp-content\/uploads\/sites\/5\/2022\/01\/detenido-morena.jpg\" \/>\n\t<meta property=\"og:image:width\" content=\"800\" \/>\n\t<meta property=\"og:image:height\" content=\"478\" \/>\n\t<meta property=\"og:image:type\" content=\"image\/jpeg\" \/>\n<meta name=\"author\" content=\"Staff\" \/>\n<meta name=\"twitter:card\" content=\"summary_large_image\" \/>\n<meta name=\"twitter:label1\" content=\"Escrito por\" \/>\n\t<meta name=\"twitter:data1\" content=\"Staff\" \/>\n\t<meta name=\"twitter:label2\" content=\"Tiempo de lectura\" \/>\n\t<meta name=\"twitter:data2\" content=\"1 minuto\" \/>\n<script type=\"application\/ld+json\" class=\"yoast-schema-graph\">{\"@context\":\"https:\\\/\\\/schema.org\",\"@graph\":[{\"@type\":\"Article\",\"@id\":\"https:\\\/\\\/www.bbmnoticias.com\\\/labravaradiofm\\\/2022\\\/01\\\/25\\\/encarcelan-a-activista-de-morena-en-agencia-municipal-de-san-francisco-del-mar\\\/#article\",\"isPartOf\":{\"@id\":\"https:\\\/\\\/www.bbmnoticias.com\\\/labravaradiofm\\\/2022\\\/01\\\/25\\\/encarcelan-a-activista-de-morena-en-agencia-municipal-de-san-francisco-del-mar\\\/\"},\"author\":{\"name\":\"Staff\",\"@id\":\"https:\\\/\\\/www.bbmnoticias.com\\\/labravaradiofm\\\/#\\\/schema\\\/person\\\/68a9e9036ef3c5b55aeb2b71dc8bab45\"},\"headline\":\"Encarcelan a activista de Morena en agencia municipal de San Francisco del Mar\",\"datePublished\":\"2022-01-25T21:09:42+00:00\",\"dateModified\":\"2022-01-25T21:09:44+00:00\",\"mainEntityOfPage\":{\"@id\":\"https:\\\/\\\/www.bbmnoticias.com\\\/labravaradiofm\\\/2022\\\/01\\\/25\\\/encarcelan-a-activista-de-morena-en-agencia-municipal-de-san-francisco-del-mar\\\/\"},\"wordCount\":176,\"image\":{\"@id\":\"https:\\\/\\\/www.bbmnoticias.com\\\/labravaradiofm\\\/2022\\\/01\\\/25\\\/encarcelan-a-activista-de-morena-en-agencia-municipal-de-san-francisco-del-mar\\\/#primaryimage\"},\"thumbnailUrl\":\"https:\\\/\\\/www.bbmnoticias.com\\\/labravaradiofm\\\/wp-content\\\/uploads\\\/sites\\\/5\\\/2022\\\/01\\\/detenido-morena.jpg\",\"inLanguage\":\"es\"},{\"@type\":\"WebPage\",\"@id\":\"https:\\\/\\\/www.bbmnoticias.com\\\/labravaradiofm\\\/2022\\\/01\\\/25\\\/encarcelan-a-activista-de-morena-en-agencia-municipal-de-san-francisco-del-mar\\\/\",\"url\":\"https:\\\/\\\/www.bbmnoticias.com\\\/labravaradiofm\\\/2022\\\/01\\\/25\\\/encarcelan-a-activista-de-morena-en-agencia-municipal-de-san-francisco-del-mar\\\/\",\"name\":\"Encarcelan a activista de Morena en agencia municipal de San Francisco del Mar - LA BRAVA RADIO\",\"isPartOf\":{\"@id\":\"https:\\\/\\\/www.bbmnoticias.com\\\/labravaradiofm\\\/#website\"},\"primaryImageOfPage\":{\"@id\":\"https:\\\/\\\/www.bbmnoticias.com\\\/labravaradiofm\\\/2022\\\/01\\\/25\\\/encarcelan-a-activista-de-morena-en-agencia-municipal-de-san-francisco-del-mar\\\/#primaryimage\"},\"image\":{\"@id\":\"https:\\\/\\\/www.bbmnoticias.com\\\/labravaradiofm\\\/2022\\\/01\\\/25\\\/encarcelan-a-activista-de-morena-en-agencia-municipal-de-san-francisco-del-mar\\\/#primaryimage\"},\"thumbnailUrl\":\"https:\\\/\\\/www.bbmnoticias.com\\\/labravaradiofm\\\/wp-content\\\/uploads\\\/sites\\\/5\\\/2022\\\/01\\\/detenido-morena.jpg\",\"datePublished\":\"2022-01-25T21:09:42+00:00\",\"dateModified\":\"2022-01-25T21:09:44+00:00\",\"author\":{\"@id\":\"https:\\\/\\\/www.bbmnoticias.com\\\/labravaradiofm\\\/#\\\/schema\\\/person\\\/68a9e9036ef3c5b55aeb2b71dc8bab45\"},\"breadcrumb\":{\"@id\":\"https:\\\/\\\/www.bbmnoticias.com\\\/labravaradiofm\\\/2022\\\/01\\\/25\\\/encarcelan-a-activista-de-morena-en-agencia-municipal-de-san-francisco-del-mar\\\/#breadcrumb\"},\"inLanguage\":\"es\",\"potentialAction\":[{\"@type\":\"ReadAction\",\"target\":[\"https:\\\/\\\/www.bbmnoticias.com\\\/labravaradiofm\\\/2022\\\/01\\\/25\\\/encarcelan-a-activista-de-morena-en-agencia-municipal-de-san-francisco-del-mar\\\/\"]}]},{\"@type\":\"ImageObject\",\"inLanguage\":\"es\",\"@id\":\"https:\\\/\\\/www.bbmnoticias.com\\\/labravaradiofm\\\/2022\\\/01\\\/25\\\/encarcelan-a-activista-de-morena-en-agencia-municipal-de-san-francisco-del-mar\\\/#primaryimage\",\"url\":\"https:\\\/\\\/www.bbmnoticias.com\\\/labravaradiofm\\\/wp-content\\\/uploads\\\/sites\\\/5\\\/2022\\\/01\\\/detenido-morena.jpg\",\"contentUrl\":\"https:\\\/\\\/www.bbmnoticias.com\\\/labravaradiofm\\\/wp-content\\\/uploads\\\/sites\\\/5\\\/2022\\\/01\\\/detenido-morena.jpg\",\"width\":800,\"height\":478},{\"@type\":\"BreadcrumbList\",\"@id\":\"https:\\\/\\\/www.bbmnoticias.com\\\/labravaradiofm\\\/2022\\\/01\\\/25\\\/encarcelan-a-activista-de-morena-en-agencia-municipal-de-san-francisco-del-mar\\\/#breadcrumb\",\"itemListElement\":[{\"@type\":\"ListItem\",\"position\":1,\"name\":\"Inicio\",\"item\":\"https:\\\/\\\/www.bbmnoticias.com\\\/labravaradiofm\\\/\"},{\"@type\":\"ListItem\",\"position\":2,\"name\":\"Encarcelan a activista de Morena en agencia municipal de San Francisco del Mar\"}]},{\"@type\":\"WebSite\",\"@id\":\"https:\\\/\\\/www.bbmnoticias.com\\\/labravaradiofm\\\/#website\",\"url\":\"https:\\\/\\\/www.bbmnoticias.com\\\/labravaradiofm\\\/\",\"name\":\"LA BRAVA RADIO\",\"description\":\"Empresa productora de medios, Radiodifusi\u00f3n, Noticias, tendencias y todo lo que necesitas saber de la pol\u00edtica mexicana e internacional; entretenimiento, espect\u00e1culos, salud y mucho m\u00e1s.\",\"potentialAction\":[{\"@type\":\"SearchAction\",\"target\":{\"@type\":\"EntryPoint\",\"urlTemplate\":\"https:\\\/\\\/www.bbmnoticias.com\\\/labravaradiofm\\\/?s={search_term_string}\"},\"query-input\":{\"@type\":\"PropertyValueSpecification\",\"valueRequired\":true,\"valueName\":\"search_term_string\"}}],\"inLanguage\":\"es\"},{\"@type\":\"Person\",\"@id\":\"https:\\\/\\\/www.bbmnoticias.com\\\/labravaradiofm\\\/#\\\/schema\\\/person\\\/68a9e9036ef3c5b55aeb2b71dc8bab45\",\"name\":\"Staff\",\"image\":{\"@type\":\"ImageObject\",\"inLanguage\":\"es\",\"@id\":\"https:\\\/\\\/secure.gravatar.com\\\/avatar\\\/fdd21ad66fd8b98c407f9dee5b5e588cfe7f0d8579ec20fa6527cd59bab7f0f0?s=96&d=mm&r=g\",\"url\":\"https:\\\/\\\/secure.gravatar.com\\\/avatar\\\/fdd21ad66fd8b98c407f9dee5b5e588cfe7f0d8579ec20fa6527cd59bab7f0f0?s=96&d=mm&r=g\",\"contentUrl\":\"https:\\\/\\\/secure.gravatar.com\\\/avatar\\\/fdd21ad66fd8b98c407f9dee5b5e588cfe7f0d8579ec20fa6527cd59bab7f0f0?s=96&d=mm&r=g\",\"caption\":\"Staff\"},\"url\":\"https:\\\/\\\/www.bbmnoticias.com\\\/labravaradiofm\\\/author\\\/redaccion\\\/\"}]}<\/script>\n<!-- \/ Yoast SEO plugin. -->","yoast_head_json":{"title":"Encarcelan a activista de Morena en agencia municipal de San Francisco del Mar - LA BRAVA RADIO","robots":{"index":"index","follow":"follow","max-snippet":"max-snippet:-1","max-image-preview":"max-image-preview:large","max-video-preview":"max-video-preview:-1"},"canonical":"https:\/\/www.bbmnoticias.com\/labravaradiofm\/2022\/01\/25\/encarcelan-a-activista-de-morena-en-agencia-municipal-de-san-francisco-del-mar\/","og_locale":"es_MX","og_type":"article","og_title":"Encarcelan a activista de Morena en agencia municipal de San Francisco del Mar - LA BRAVA RADIO","og_description":"San Francisco del Mar, Oaxaca. Un activista del partido Movimiento de Regeneraci\u00f3n Nacional Morena, fue encarcelado esta ma\u00f1ana en la agencia municipal de Pueblo Viejo, perteneciente a San Francisco del Mar, con el argumento de estar promoviendo a su partido pol\u00edtico. En un comunicado que circula en las redes sociales firmado por el Comit\u00e9 Municipal [&hellip;]","og_url":"https:\/\/www.bbmnoticias.com\/labravaradiofm\/2022\/01\/25\/encarcelan-a-activista-de-morena-en-agencia-municipal-de-san-francisco-del-mar\/","og_site_name":"LA BRAVA RADIO","article_published_time":"2022-01-25T21:09:42+00:00","article_modified_time":"2022-01-25T21:09:44+00:00","og_image":[{"width":800,"height":478,"url":"https:\/\/www.bbmnoticias.com\/labravaradiofm\/wp-content\/uploads\/sites\/5\/2022\/01\/detenido-morena.jpg","type":"image\/jpeg"}],"author":"Staff","twitter_card":"summary_large_image","twitter_misc":{"Escrito por":"Staff","Tiempo de lectura":"1 minuto"},"schema":{"@context":"https:\/\/schema.org","@graph":[{"@type":"Article","@id":"https:\/\/www.bbmnoticias.com\/labravaradiofm\/2022\/01\/25\/encarcelan-a-activista-de-morena-en-agencia-municipal-de-san-francisco-del-mar\/#article","isPartOf":{"@id":"https:\/\/www.bbmnoticias.com\/labravaradiofm\/2022\/01\/25\/encarcelan-a-activista-de-morena-en-agencia-municipal-de-san-francisco-del-mar\/"},"author":{"name":"Staff","@id":"https:\/\/www.bbmnoticias.com\/labravaradiofm\/#\/schema\/person\/68a9e9036ef3c5b55aeb2b71dc8bab45"},"headline":"Encarcelan a activista de Morena en agencia municipal de San Francisco del Mar","datePublished":"2022-01-25T21:09:42+00:00","dateModified":"2022-01-25T21:09:44+00:00","mainEntityOfPage":{"@id":"https:\/\/www.bbmnoticias.com\/labravaradiofm\/2022\/01\/25\/encarcelan-a-activista-de-morena-en-agencia-municipal-de-san-francisco-del-mar\/"},"wordCount":176,"image":{"@id":"https:\/\/www.bbmnoticias.com\/labravaradiofm\/2022\/01\/25\/encarcelan-a-activista-de-morena-en-agencia-municipal-de-san-francisco-del-mar\/#primaryimage"},"thumbnailUrl":"https:\/\/www.bbmnoticias.com\/labravaradiofm\/wp-content\/uploads\/sites\/5\/2022\/01\/detenido-morena.jpg","inLanguage":"es"},{"@type":"WebPage","@id":"https:\/\/www.bbmnoticias.com\/labravaradiofm\/2022\/01\/25\/encarcelan-a-activista-de-morena-en-agencia-municipal-de-san-francisco-del-mar\/","url":"https:\/\/www.bbmnoticias.com\/labravaradiofm\/2022\/01\/25\/encarcelan-a-activista-de-morena-en-agencia-municipal-de-san-francisco-del-mar\/","name":"Encarcelan a activista de Morena en agencia municipal de San Francisco del Mar - LA BRAVA RADIO","isPartOf":{"@id":"https:\/\/www.bbmnoticias.com\/labravaradiofm\/#website"},"primaryImageOfPage":{"@id":"https:\/\/www.bbmnoticias.com\/labravaradiofm\/2022\/01\/25\/encarcelan-a-activista-de-morena-en-agencia-municipal-de-san-francisco-del-mar\/#primaryimage"},"image":{"@id":"https:\/\/www.bbmnoticias.com\/labravaradiofm\/2022\/01\/25\/encarcelan-a-activista-de-morena-en-agencia-municipal-de-san-francisco-del-mar\/#primaryimage"},"thumbnailUrl":"https:\/\/www.bbmnoticias.com\/labravaradiofm\/wp-content\/uploads\/sites\/5\/2022\/01\/detenido-morena.jpg","datePublished":"2022-01-25T21:09:42+00:00","dateModified":"2022-01-25T21:09:44+00:00","author":{"@id":"https:\/\/www.bbmnoticias.com\/labravaradiofm\/#\/schema\/person\/68a9e9036ef3c5b55aeb2b71dc8bab45"},"breadcrumb":{"@id":"https:\/\/www.bbmnoticias.com\/labravaradiofm\/2022\/01\/25\/encarcelan-a-activista-de-morena-en-agencia-municipal-de-san-francisco-del-mar\/#breadcrumb"},"inLanguage":"es","potentialAction":[{"@type":"ReadAction","target":["https:\/\/www.bbmnoticias.com\/labravaradiofm\/2022\/01\/25\/encarcelan-a-activista-de-morena-en-agencia-municipal-de-san-francisco-del-mar\/"]}]},{"@type":"ImageObject","inLanguage":"es","@id":"https:\/\/www.bbmnoticias.com\/labravaradiofm\/2022\/01\/25\/encarcelan-a-activista-de-morena-en-agencia-municipal-de-san-francisco-del-mar\/#primaryimage","url":"https:\/\/www.bbmnoticias.com\/labravaradiofm\/wp-content\/uploads\/sites\/5\/2022\/01\/detenido-morena.jpg","contentUrl":"https:\/\/www.bbmnoticias.com\/labravaradiofm\/wp-content\/uploads\/sites\/5\/2022\/01\/detenido-morena.jpg","width":800,"height":478},{"@type":"BreadcrumbList","@id":"https:\/\/www.bbmnoticias.com\/labravaradiofm\/2022\/01\/25\/encarcelan-a-activista-de-morena-en-agencia-municipal-de-san-francisco-del-mar\/#breadcrumb","itemListElement":[{"@type":"ListItem","position":1,"name":"Inicio","item":"https:\/\/www.bbmnoticias.com\/labravaradiofm\/"},{"@type":"ListItem","position":2,"name":"Encarcelan a activista de Morena en agencia municipal de San Francisco del Mar"}]},{"@type":"WebSite","@id":"https:\/\/www.bbmnoticias.com\/labravaradiofm\/#website","url":"https:\/\/www.bbmnoticias.com\/labravaradiofm\/","name":"LA BRAVA RADIO","description":"Empresa productora de medios, Radiodifusi\u00f3n, Noticias, tendencias y todo lo que necesitas saber de la pol\u00edtica mexicana e internacional; entretenimiento, espect\u00e1culos, salud y mucho m\u00e1s.","potentialAction":[{"@type":"SearchAction","target":{"@type":"EntryPoint","urlTemplate":"https:\/\/www.bbmnoticias.com\/labravaradiofm\/?s={search_term_string}"},"query-input":{"@type":"PropertyValueSpecification","valueRequired":true,"valueName":"search_term_string"}}],"inLanguage":"es"},{"@type":"Person","@id":"https:\/\/www.bbmnoticias.com\/labravaradiofm\/#\/schema\/person\/68a9e9036ef3c5b55aeb2b71dc8bab45","name":"Staff","image":{"@type":"ImageObject","inLanguage":"es","@id":"https:\/\/secure.gravatar.com\/avatar\/fdd21ad66fd8b98c407f9dee5b5e588cfe7f0d8579ec20fa6527cd59bab7f0f0?s=96&d=mm&r=g","url":"https:\/\/secure.gravatar.com\/avatar\/fdd21ad66fd8b98c407f9dee5b5e588cfe7f0d8579ec20fa6527cd59bab7f0f0?s=96&d=mm&r=g","contentUrl":"https:\/\/secure.gravatar.com\/avatar\/fdd21ad66fd8b98c407f9dee5b5e588cfe7f0d8579ec20fa6527cd59bab7f0f0?s=96&d=mm&r=g","caption":"Staff"},"url":"https:\/\/www.bbmnoticias.com\/labravaradiofm\/author\/redaccion\/"}]}},"_links":{"self":[{"href":"https:\/\/www.bbmnoticias.com\/labravaradiofm\/wp-json\/wp\/v2\/posts\/8955","targetHints":{"allow":["GET"]}}],"collection":[{"href":"https:\/\/www.bbmnoticias.com\/labravaradiofm\/wp-json\/wp\/v2\/posts"}],"about":[{"href":"https:\/\/www.bbmnoticias.com\/labravaradiofm\/wp-json\/wp\/v2\/types\/post"}],"author":[{"embeddable":true,"href":"https:\/\/www.bbmnoticias.com\/labravaradiofm\/wp-json\/wp\/v2\/users\/2"}],"replies":[{"embeddable":true,"href":"https:\/\/www.bbmnoticias.com\/labravaradiofm\/wp-json\/wp\/v2\/comments?post=8955"}],"version-history":[{"count":0,"href":"https:\/\/www.bbmnoticias.com\/labravaradiofm\/wp-json\/wp\/v2\/posts\/8955\/revisions"}],"wp:featuredmedia":[{"embeddable":true,"href":"https:\/\/www.bbmnoticias.com\/labravaradiofm\/wp-json\/wp\/v2\/media\/8956"}],"wp:attachment":[{"href":"https:\/\/www.bbmnoticias.com\/labravaradiofm\/wp-json\/wp\/v2\/media?parent=8955"}],"wp:term":[{"taxonomy":"category","embeddable":true,"href":"https:\/\/www.bbmnoticias.com\/labravaradiofm\/wp-json\/wp\/v2\/categories?post=8955"},{"taxonomy":"post_tag","embeddable":true,"href":"https:\/\/www.bbmnoticias.com\/labravaradiofm\/wp-json\/wp\/v2\/tags?post=8955"}],"curies":[{"name":"wp","href":"https:\/\/api.w.org\/{rel}","templated":true}]}}