{"id":8952,"date":"2022-01-25T13:55:28","date_gmt":"2022-01-25T19:55:28","guid":{"rendered":"https:\/\/www.bbmnoticias.com\/labravaradiofm\/?p=8952"},"modified":"2022-01-25T13:55:29","modified_gmt":"2022-01-25T19:55:29","slug":"el-cubrebocas-solo-es-para-cuidar-tu-salud-no-para-callar-la-violencia-smo","status":"publish","type":"post","link":"https:\/\/www.bbmnoticias.com\/labravaradiofm\/2022\/01\/25\/el-cubrebocas-solo-es-para-cuidar-tu-salud-no-para-callar-la-violencia-smo\/","title":{"rendered":"El cubrebocas s\u00f3lo es para cuidar tu salud, no para callar la violencia: SMO"},"content":{"rendered":"<div style=\"margin-top: 0px; margin-bottom: 0px;\" class=\"sharethis-inline-share-buttons\" ><\/div>\n<p><strong>Oaxaca de Ju\u00e1rez, Oax., 25 de enero de 2022.-<\/strong> En el marco del primer D\u00eda Naranja del a\u00f1o, la Secretar\u00eda de las Mujeres de Oaxaca, en sentido figurado, llama a \u201cno usar el cubrebocas\u201d como una forma de silenciar a mujeres y ni\u00f1as ante la violencia de g\u00e9nero.<\/p>\n\n\n\n<p>As\u00ed tambi\u00e9n pide a la sociedad en general a \u201cno lavarse las manos\u201d y dejar de ser indiferente ante esta otra pandemia que es la violencia familiar, la cual no solo afecta a mujeres, ni\u00f1as, ni\u00f1os y adolescentes, sino a todas y todos, pues obstaculiza las oportunidades de desarrollo al ampliar las brechas de desigualdad, la discriminaci\u00f3n.<\/p>\n\n\n\n<p>En un contexto de pandemia y cuando es preciso seguir extremando los cuidados para evitar contagios, la dependencia estatal invita a la sociedad en general a participar en este activismo mundial conocido como el #D\u00edaNaranja y a trav\u00e9s de sus redes sociales manifestar su adhesi\u00f3n e informarse acerca del tema, adem\u00e1s de compartir.<\/p>\n\n\n\n<p>Asimismo, desde la SMO se exhorta a portar alg\u00fan distintivo o prenda de color naranja, como s\u00edmbolo de su inter\u00e9s por seguir trabajando en la erradicaci\u00f3n de cualquier tipo de violencia hacia mujeres y ni\u00f1as y para impulsar la cultura de la denuncia, si es que se atestigua alg\u00fan hecho donde est\u00e9 siendo vulnerado el derecho a vivir libres de violencia.<\/p>\n\n\n\n<p>S\u00f3lo de esta manera, trabajando de manera conjunta como sociedad, podremos desnormalizar y erradicar este flagelo que se ha considerado como la otra pandemia que tambi\u00e9n es urgente eliminar y asumir que la violencia es responsabilidad de quien la ejerce.<\/p>\n\n\n\n<p>De acuerdo con datos de ONU Mujeres, una de cada tres mujeres en el mundo ha padecido alg\u00fan tipo de violencia en alguna etapa de su vida. Dicha organizaci\u00f3n la violencia contra las mujeres es la m\u00e1s extendida violaci\u00f3n de derechos humanos, la cual impide a las personas avanzar hacia la justicia y la paz.<\/p>\n","protected":false},"excerpt":{"rendered":"<p>Oaxaca de Ju\u00e1rez, Oax., 25 de enero de 2022.- En el marco del primer D\u00eda Naranja del a\u00f1o, la Secretar\u00eda de las Mujeres de Oaxaca, en sentido figurado, llama a \u201cno usar el cubrebocas\u201d como una forma de silenciar a mujeres y ni\u00f1as ante la violencia de g\u00e9nero. As\u00ed tambi\u00e9n pide a la sociedad en [&hellip;]<\/p>\n","protected":false},"author":2,"featured_media":8953,"comment_status":"closed","ping_status":"closed","sticky":false,"template":"","format":"standard","meta":{"footnotes":""},"categories":[2],"tags":[],"class_list":{"0":"post-8952","1":"post","2":"type-post","3":"status-publish","4":"format-standard","5":"has-post-thumbnail","7":"category-oaxaca"},"yoast_head":"<!-- This site is optimized with the Yoast SEO plugin v27.4 - https:\/\/yoast.com\/product\/yoast-seo-wordpress\/ -->\n<title>El cubrebocas s\u00f3lo es para cuidar tu salud, no para callar la violencia: SMO - LA BRAVA RADIO<\/title>\n<meta name=\"robots\" content=\"index, follow, max-snippet:-1, max-image-preview:large, max-video-preview:-1\" \/>\n<link rel=\"canonical\" href=\"https:\/\/www.bbmnoticias.com\/labravaradiofm\/2022\/01\/25\/el-cubrebocas-solo-es-para-cuidar-tu-salud-no-para-callar-la-violencia-smo\/\" \/>\n<meta property=\"og:locale\" content=\"es_MX\" \/>\n<meta property=\"og:type\" content=\"article\" \/>\n<meta property=\"og:title\" content=\"El cubrebocas s\u00f3lo es para cuidar tu salud, no para callar la violencia: SMO - LA BRAVA RADIO\" \/>\n<meta property=\"og:description\" content=\"Oaxaca de Ju\u00e1rez, Oax., 25 de enero de 2022.- En el marco del primer D\u00eda Naranja del a\u00f1o, la Secretar\u00eda de las Mujeres de Oaxaca, en sentido figurado, llama a \u201cno usar el cubrebocas\u201d como una forma de silenciar a mujeres y ni\u00f1as ante la violencia de g\u00e9nero. As\u00ed tambi\u00e9n pide a la sociedad en [&hellip;]\" \/>\n<meta property=\"og:url\" content=\"https:\/\/www.bbmnoticias.com\/labravaradiofm\/2022\/01\/25\/el-cubrebocas-solo-es-para-cuidar-tu-salud-no-para-callar-la-violencia-smo\/\" \/>\n<meta property=\"og:site_name\" content=\"LA BRAVA RADIO\" \/>\n<meta property=\"article:published_time\" content=\"2022-01-25T19:55:28+00:00\" \/>\n<meta property=\"article:modified_time\" content=\"2022-01-25T19:55:29+00:00\" \/>\n<meta property=\"og:image\" content=\"https:\/\/www.bbmnoticias.com\/labravaradiofm\/wp-content\/uploads\/sites\/5\/2022\/01\/smo-oaxaca.jpg\" \/>\n\t<meta property=\"og:image:width\" content=\"800\" \/>\n\t<meta property=\"og:image:height\" content=\"568\" \/>\n\t<meta property=\"og:image:type\" content=\"image\/jpeg\" \/>\n<meta name=\"author\" content=\"Staff\" \/>\n<meta name=\"twitter:card\" content=\"summary_large_image\" \/>\n<meta name=\"twitter:label1\" content=\"Escrito por\" \/>\n\t<meta name=\"twitter:data1\" content=\"Staff\" \/>\n\t<meta name=\"twitter:label2\" content=\"Tiempo de lectura\" \/>\n\t<meta name=\"twitter:data2\" content=\"2 minutos\" \/>\n<script type=\"application\/ld+json\" class=\"yoast-schema-graph\">{\"@context\":\"https:\\\/\\\/schema.org\",\"@graph\":[{\"@type\":\"Article\",\"@id\":\"https:\\\/\\\/www.bbmnoticias.com\\\/labravaradiofm\\\/2022\\\/01\\\/25\\\/el-cubrebocas-solo-es-para-cuidar-tu-salud-no-para-callar-la-violencia-smo\\\/#article\",\"isPartOf\":{\"@id\":\"https:\\\/\\\/www.bbmnoticias.com\\\/labravaradiofm\\\/2022\\\/01\\\/25\\\/el-cubrebocas-solo-es-para-cuidar-tu-salud-no-para-callar-la-violencia-smo\\\/\"},\"author\":{\"name\":\"Staff\",\"@id\":\"https:\\\/\\\/www.bbmnoticias.com\\\/labravaradiofm\\\/#\\\/schema\\\/person\\\/68a9e9036ef3c5b55aeb2b71dc8bab45\"},\"headline\":\"El cubrebocas s\u00f3lo es para cuidar tu salud, no para callar la violencia: SMO\",\"datePublished\":\"2022-01-25T19:55:28+00:00\",\"dateModified\":\"2022-01-25T19:55:29+00:00\",\"mainEntityOfPage\":{\"@id\":\"https:\\\/\\\/www.bbmnoticias.com\\\/labravaradiofm\\\/2022\\\/01\\\/25\\\/el-cubrebocas-solo-es-para-cuidar-tu-salud-no-para-callar-la-violencia-smo\\\/\"},\"wordCount\":354,\"image\":{\"@id\":\"https:\\\/\\\/www.bbmnoticias.com\\\/labravaradiofm\\\/2022\\\/01\\\/25\\\/el-cubrebocas-solo-es-para-cuidar-tu-salud-no-para-callar-la-violencia-smo\\\/#primaryimage\"},\"thumbnailUrl\":\"https:\\\/\\\/www.bbmnoticias.com\\\/labravaradiofm\\\/wp-content\\\/uploads\\\/sites\\\/5\\\/2022\\\/01\\\/smo-oaxaca.jpg\",\"articleSection\":[\"LOCAL\"],\"inLanguage\":\"es\"},{\"@type\":\"WebPage\",\"@id\":\"https:\\\/\\\/www.bbmnoticias.com\\\/labravaradiofm\\\/2022\\\/01\\\/25\\\/el-cubrebocas-solo-es-para-cuidar-tu-salud-no-para-callar-la-violencia-smo\\\/\",\"url\":\"https:\\\/\\\/www.bbmnoticias.com\\\/labravaradiofm\\\/2022\\\/01\\\/25\\\/el-cubrebocas-solo-es-para-cuidar-tu-salud-no-para-callar-la-violencia-smo\\\/\",\"name\":\"El cubrebocas s\u00f3lo es para cuidar tu salud, no para callar la violencia: SMO - LA BRAVA RADIO\",\"isPartOf\":{\"@id\":\"https:\\\/\\\/www.bbmnoticias.com\\\/labravaradiofm\\\/#website\"},\"primaryImageOfPage\":{\"@id\":\"https:\\\/\\\/www.bbmnoticias.com\\\/labravaradiofm\\\/2022\\\/01\\\/25\\\/el-cubrebocas-solo-es-para-cuidar-tu-salud-no-para-callar-la-violencia-smo\\\/#primaryimage\"},\"image\":{\"@id\":\"https:\\\/\\\/www.bbmnoticias.com\\\/labravaradiofm\\\/2022\\\/01\\\/25\\\/el-cubrebocas-solo-es-para-cuidar-tu-salud-no-para-callar-la-violencia-smo\\\/#primaryimage\"},\"thumbnailUrl\":\"https:\\\/\\\/www.bbmnoticias.com\\\/labravaradiofm\\\/wp-content\\\/uploads\\\/sites\\\/5\\\/2022\\\/01\\\/smo-oaxaca.jpg\",\"datePublished\":\"2022-01-25T19:55:28+00:00\",\"dateModified\":\"2022-01-25T19:55:29+00:00\",\"author\":{\"@id\":\"https:\\\/\\\/www.bbmnoticias.com\\\/labravaradiofm\\\/#\\\/schema\\\/person\\\/68a9e9036ef3c5b55aeb2b71dc8bab45\"},\"breadcrumb\":{\"@id\":\"https:\\\/\\\/www.bbmnoticias.com\\\/labravaradiofm\\\/2022\\\/01\\\/25\\\/el-cubrebocas-solo-es-para-cuidar-tu-salud-no-para-callar-la-violencia-smo\\\/#breadcrumb\"},\"inLanguage\":\"es\",\"potentialAction\":[{\"@type\":\"ReadAction\",\"target\":[\"https:\\\/\\\/www.bbmnoticias.com\\\/labravaradiofm\\\/2022\\\/01\\\/25\\\/el-cubrebocas-solo-es-para-cuidar-tu-salud-no-para-callar-la-violencia-smo\\\/\"]}]},{\"@type\":\"ImageObject\",\"inLanguage\":\"es\",\"@id\":\"https:\\\/\\\/www.bbmnoticias.com\\\/labravaradiofm\\\/2022\\\/01\\\/25\\\/el-cubrebocas-solo-es-para-cuidar-tu-salud-no-para-callar-la-violencia-smo\\\/#primaryimage\",\"url\":\"https:\\\/\\\/www.bbmnoticias.com\\\/labravaradiofm\\\/wp-content\\\/uploads\\\/sites\\\/5\\\/2022\\\/01\\\/smo-oaxaca.jpg\",\"contentUrl\":\"https:\\\/\\\/www.bbmnoticias.com\\\/labravaradiofm\\\/wp-content\\\/uploads\\\/sites\\\/5\\\/2022\\\/01\\\/smo-oaxaca.jpg\",\"width\":800,\"height\":568},{\"@type\":\"BreadcrumbList\",\"@id\":\"https:\\\/\\\/www.bbmnoticias.com\\\/labravaradiofm\\\/2022\\\/01\\\/25\\\/el-cubrebocas-solo-es-para-cuidar-tu-salud-no-para-callar-la-violencia-smo\\\/#breadcrumb\",\"itemListElement\":[{\"@type\":\"ListItem\",\"position\":1,\"name\":\"Inicio\",\"item\":\"https:\\\/\\\/www.bbmnoticias.com\\\/labravaradiofm\\\/\"},{\"@type\":\"ListItem\",\"position\":2,\"name\":\"El cubrebocas s\u00f3lo es para cuidar tu salud, no para callar la violencia: SMO\"}]},{\"@type\":\"WebSite\",\"@id\":\"https:\\\/\\\/www.bbmnoticias.com\\\/labravaradiofm\\\/#website\",\"url\":\"https:\\\/\\\/www.bbmnoticias.com\\\/labravaradiofm\\\/\",\"name\":\"LA BRAVA RADIO\",\"description\":\"Empresa productora de medios, Radiodifusi\u00f3n, Noticias, tendencias y todo lo que necesitas saber de la pol\u00edtica mexicana e internacional; entretenimiento, espect\u00e1culos, salud y mucho m\u00e1s.\",\"potentialAction\":[{\"@type\":\"SearchAction\",\"target\":{\"@type\":\"EntryPoint\",\"urlTemplate\":\"https:\\\/\\\/www.bbmnoticias.com\\\/labravaradiofm\\\/?s={search_term_string}\"},\"query-input\":{\"@type\":\"PropertyValueSpecification\",\"valueRequired\":true,\"valueName\":\"search_term_string\"}}],\"inLanguage\":\"es\"},{\"@type\":\"Person\",\"@id\":\"https:\\\/\\\/www.bbmnoticias.com\\\/labravaradiofm\\\/#\\\/schema\\\/person\\\/68a9e9036ef3c5b55aeb2b71dc8bab45\",\"name\":\"Staff\",\"image\":{\"@type\":\"ImageObject\",\"inLanguage\":\"es\",\"@id\":\"https:\\\/\\\/secure.gravatar.com\\\/avatar\\\/fdd21ad66fd8b98c407f9dee5b5e588cfe7f0d8579ec20fa6527cd59bab7f0f0?s=96&d=mm&r=g\",\"url\":\"https:\\\/\\\/secure.gravatar.com\\\/avatar\\\/fdd21ad66fd8b98c407f9dee5b5e588cfe7f0d8579ec20fa6527cd59bab7f0f0?s=96&d=mm&r=g\",\"contentUrl\":\"https:\\\/\\\/secure.gravatar.com\\\/avatar\\\/fdd21ad66fd8b98c407f9dee5b5e588cfe7f0d8579ec20fa6527cd59bab7f0f0?s=96&d=mm&r=g\",\"caption\":\"Staff\"},\"url\":\"https:\\\/\\\/www.bbmnoticias.com\\\/labravaradiofm\\\/author\\\/redaccion\\\/\"}]}<\/script>\n<!-- \/ Yoast SEO plugin. -->","yoast_head_json":{"title":"El cubrebocas s\u00f3lo es para cuidar tu salud, no para callar la violencia: SMO - LA BRAVA RADIO","robots":{"index":"index","follow":"follow","max-snippet":"max-snippet:-1","max-image-preview":"max-image-preview:large","max-video-preview":"max-video-preview:-1"},"canonical":"https:\/\/www.bbmnoticias.com\/labravaradiofm\/2022\/01\/25\/el-cubrebocas-solo-es-para-cuidar-tu-salud-no-para-callar-la-violencia-smo\/","og_locale":"es_MX","og_type":"article","og_title":"El cubrebocas s\u00f3lo es para cuidar tu salud, no para callar la violencia: SMO - LA BRAVA RADIO","og_description":"Oaxaca de Ju\u00e1rez, Oax., 25 de enero de 2022.- En el marco del primer D\u00eda Naranja del a\u00f1o, la Secretar\u00eda de las Mujeres de Oaxaca, en sentido figurado, llama a \u201cno usar el cubrebocas\u201d como una forma de silenciar a mujeres y ni\u00f1as ante la violencia de g\u00e9nero. As\u00ed tambi\u00e9n pide a la sociedad en [&hellip;]","og_url":"https:\/\/www.bbmnoticias.com\/labravaradiofm\/2022\/01\/25\/el-cubrebocas-solo-es-para-cuidar-tu-salud-no-para-callar-la-violencia-smo\/","og_site_name":"LA BRAVA RADIO","article_published_time":"2022-01-25T19:55:28+00:00","article_modified_time":"2022-01-25T19:55:29+00:00","og_image":[{"width":800,"height":568,"url":"https:\/\/www.bbmnoticias.com\/labravaradiofm\/wp-content\/uploads\/sites\/5\/2022\/01\/smo-oaxaca.jpg","type":"image\/jpeg"}],"author":"Staff","twitter_card":"summary_large_image","twitter_misc":{"Escrito por":"Staff","Tiempo de lectura":"2 minutos"},"schema":{"@context":"https:\/\/schema.org","@graph":[{"@type":"Article","@id":"https:\/\/www.bbmnoticias.com\/labravaradiofm\/2022\/01\/25\/el-cubrebocas-solo-es-para-cuidar-tu-salud-no-para-callar-la-violencia-smo\/#article","isPartOf":{"@id":"https:\/\/www.bbmnoticias.com\/labravaradiofm\/2022\/01\/25\/el-cubrebocas-solo-es-para-cuidar-tu-salud-no-para-callar-la-violencia-smo\/"},"author":{"name":"Staff","@id":"https:\/\/www.bbmnoticias.com\/labravaradiofm\/#\/schema\/person\/68a9e9036ef3c5b55aeb2b71dc8bab45"},"headline":"El cubrebocas s\u00f3lo es para cuidar tu salud, no para callar la violencia: SMO","datePublished":"2022-01-25T19:55:28+00:00","dateModified":"2022-01-25T19:55:29+00:00","mainEntityOfPage":{"@id":"https:\/\/www.bbmnoticias.com\/labravaradiofm\/2022\/01\/25\/el-cubrebocas-solo-es-para-cuidar-tu-salud-no-para-callar-la-violencia-smo\/"},"wordCount":354,"image":{"@id":"https:\/\/www.bbmnoticias.com\/labravaradiofm\/2022\/01\/25\/el-cubrebocas-solo-es-para-cuidar-tu-salud-no-para-callar-la-violencia-smo\/#primaryimage"},"thumbnailUrl":"https:\/\/www.bbmnoticias.com\/labravaradiofm\/wp-content\/uploads\/sites\/5\/2022\/01\/smo-oaxaca.jpg","articleSection":["LOCAL"],"inLanguage":"es"},{"@type":"WebPage","@id":"https:\/\/www.bbmnoticias.com\/labravaradiofm\/2022\/01\/25\/el-cubrebocas-solo-es-para-cuidar-tu-salud-no-para-callar-la-violencia-smo\/","url":"https:\/\/www.bbmnoticias.com\/labravaradiofm\/2022\/01\/25\/el-cubrebocas-solo-es-para-cuidar-tu-salud-no-para-callar-la-violencia-smo\/","name":"El cubrebocas s\u00f3lo es para cuidar tu salud, no para callar la violencia: SMO - LA BRAVA RADIO","isPartOf":{"@id":"https:\/\/www.bbmnoticias.com\/labravaradiofm\/#website"},"primaryImageOfPage":{"@id":"https:\/\/www.bbmnoticias.com\/labravaradiofm\/2022\/01\/25\/el-cubrebocas-solo-es-para-cuidar-tu-salud-no-para-callar-la-violencia-smo\/#primaryimage"},"image":{"@id":"https:\/\/www.bbmnoticias.com\/labravaradiofm\/2022\/01\/25\/el-cubrebocas-solo-es-para-cuidar-tu-salud-no-para-callar-la-violencia-smo\/#primaryimage"},"thumbnailUrl":"https:\/\/www.bbmnoticias.com\/labravaradiofm\/wp-content\/uploads\/sites\/5\/2022\/01\/smo-oaxaca.jpg","datePublished":"2022-01-25T19:55:28+00:00","dateModified":"2022-01-25T19:55:29+00:00","author":{"@id":"https:\/\/www.bbmnoticias.com\/labravaradiofm\/#\/schema\/person\/68a9e9036ef3c5b55aeb2b71dc8bab45"},"breadcrumb":{"@id":"https:\/\/www.bbmnoticias.com\/labravaradiofm\/2022\/01\/25\/el-cubrebocas-solo-es-para-cuidar-tu-salud-no-para-callar-la-violencia-smo\/#breadcrumb"},"inLanguage":"es","potentialAction":[{"@type":"ReadAction","target":["https:\/\/www.bbmnoticias.com\/labravaradiofm\/2022\/01\/25\/el-cubrebocas-solo-es-para-cuidar-tu-salud-no-para-callar-la-violencia-smo\/"]}]},{"@type":"ImageObject","inLanguage":"es","@id":"https:\/\/www.bbmnoticias.com\/labravaradiofm\/2022\/01\/25\/el-cubrebocas-solo-es-para-cuidar-tu-salud-no-para-callar-la-violencia-smo\/#primaryimage","url":"https:\/\/www.bbmnoticias.com\/labravaradiofm\/wp-content\/uploads\/sites\/5\/2022\/01\/smo-oaxaca.jpg","contentUrl":"https:\/\/www.bbmnoticias.com\/labravaradiofm\/wp-content\/uploads\/sites\/5\/2022\/01\/smo-oaxaca.jpg","width":800,"height":568},{"@type":"BreadcrumbList","@id":"https:\/\/www.bbmnoticias.com\/labravaradiofm\/2022\/01\/25\/el-cubrebocas-solo-es-para-cuidar-tu-salud-no-para-callar-la-violencia-smo\/#breadcrumb","itemListElement":[{"@type":"ListItem","position":1,"name":"Inicio","item":"https:\/\/www.bbmnoticias.com\/labravaradiofm\/"},{"@type":"ListItem","position":2,"name":"El cubrebocas s\u00f3lo es para cuidar tu salud, no para callar la violencia: SMO"}]},{"@type":"WebSite","@id":"https:\/\/www.bbmnoticias.com\/labravaradiofm\/#website","url":"https:\/\/www.bbmnoticias.com\/labravaradiofm\/","name":"LA BRAVA RADIO","description":"Empresa productora de medios, Radiodifusi\u00f3n, Noticias, tendencias y todo lo que necesitas saber de la pol\u00edtica mexicana e internacional; entretenimiento, espect\u00e1culos, salud y mucho m\u00e1s.","potentialAction":[{"@type":"SearchAction","target":{"@type":"EntryPoint","urlTemplate":"https:\/\/www.bbmnoticias.com\/labravaradiofm\/?s={search_term_string}"},"query-input":{"@type":"PropertyValueSpecification","valueRequired":true,"valueName":"search_term_string"}}],"inLanguage":"es"},{"@type":"Person","@id":"https:\/\/www.bbmnoticias.com\/labravaradiofm\/#\/schema\/person\/68a9e9036ef3c5b55aeb2b71dc8bab45","name":"Staff","image":{"@type":"ImageObject","inLanguage":"es","@id":"https:\/\/secure.gravatar.com\/avatar\/fdd21ad66fd8b98c407f9dee5b5e588cfe7f0d8579ec20fa6527cd59bab7f0f0?s=96&d=mm&r=g","url":"https:\/\/secure.gravatar.com\/avatar\/fdd21ad66fd8b98c407f9dee5b5e588cfe7f0d8579ec20fa6527cd59bab7f0f0?s=96&d=mm&r=g","contentUrl":"https:\/\/secure.gravatar.com\/avatar\/fdd21ad66fd8b98c407f9dee5b5e588cfe7f0d8579ec20fa6527cd59bab7f0f0?s=96&d=mm&r=g","caption":"Staff"},"url":"https:\/\/www.bbmnoticias.com\/labravaradiofm\/author\/redaccion\/"}]}},"_links":{"self":[{"href":"https:\/\/www.bbmnoticias.com\/labravaradiofm\/wp-json\/wp\/v2\/posts\/8952","targetHints":{"allow":["GET"]}}],"collection":[{"href":"https:\/\/www.bbmnoticias.com\/labravaradiofm\/wp-json\/wp\/v2\/posts"}],"about":[{"href":"https:\/\/www.bbmnoticias.com\/labravaradiofm\/wp-json\/wp\/v2\/types\/post"}],"author":[{"embeddable":true,"href":"https:\/\/www.bbmnoticias.com\/labravaradiofm\/wp-json\/wp\/v2\/users\/2"}],"replies":[{"embeddable":true,"href":"https:\/\/www.bbmnoticias.com\/labravaradiofm\/wp-json\/wp\/v2\/comments?post=8952"}],"version-history":[{"count":0,"href":"https:\/\/www.bbmnoticias.com\/labravaradiofm\/wp-json\/wp\/v2\/posts\/8952\/revisions"}],"wp:featuredmedia":[{"embeddable":true,"href":"https:\/\/www.bbmnoticias.com\/labravaradiofm\/wp-json\/wp\/v2\/media\/8953"}],"wp:attachment":[{"href":"https:\/\/www.bbmnoticias.com\/labravaradiofm\/wp-json\/wp\/v2\/media?parent=8952"}],"wp:term":[{"taxonomy":"category","embeddable":true,"href":"https:\/\/www.bbmnoticias.com\/labravaradiofm\/wp-json\/wp\/v2\/categories?post=8952"},{"taxonomy":"post_tag","embeddable":true,"href":"https:\/\/www.bbmnoticias.com\/labravaradiofm\/wp-json\/wp\/v2\/tags?post=8952"}],"curies":[{"name":"wp","href":"https:\/\/api.w.org\/{rel}","templated":true}]}}