{"id":8949,"date":"2022-01-25T13:52:53","date_gmt":"2022-01-25T19:52:53","guid":{"rendered":"https:\/\/www.bbmnoticias.com\/labravaradiofm\/?p=8949"},"modified":"2022-01-25T13:52:55","modified_gmt":"2022-01-25T19:52:55","slug":"edil-de-san-martin-peras-es-trasladado-al-congreso-tras-ser-retenido-por-9-dias","status":"publish","type":"post","link":"https:\/\/www.bbmnoticias.com\/labravaradiofm\/2022\/01\/25\/edil-de-san-martin-peras-es-trasladado-al-congreso-tras-ser-retenido-por-9-dias\/","title":{"rendered":"Edil de San Mart\u00edn Peras es trasladado al Congreso, tras ser retenido por 9 d\u00edas"},"content":{"rendered":"<div style=\"margin-top: 0px; margin-bottom: 0px;\" class=\"sharethis-inline-share-buttons\" ><\/div>\n<p><strong>Oaxaca, Oax.- <\/strong>El presidente municipal de San Mart\u00edn Peras, Rom\u00e1n Ju\u00e1rez, ser\u00e1 liberado este martes, tras 9 d\u00edas de retenci\u00f3n por pobladores de ese municipio.<\/p>\n\n\n\n<p>De acuerdo con fuentes dentro de la Secretar\u00eda General de Gobierno (Segego), el edil se encuentra bien de salud, y este d\u00eda se determina su futuro.<\/p>\n\n\n\n<p>Se inform\u00f3 que alrededor de las 4:30 de la ma\u00f1ana, el edil fue liberado de la c\u00e1rcel donde lo manten\u00edan, y es trasladado por la Guardia Nacional y elementos de la Secretar\u00eda de Seguridad P\u00fablica (SSP), al Congreso del Estado.<\/p>\n\n\n\n<p>Se contempla que ya en el Congreso, se presente ante la Comisi\u00f3n de Gobernaci\u00f3n para que se haga oficial la solicitud de su renuncia o revocaci\u00f3n de mandato, luego que esa es la exigencia del pueblo.<\/p>\n\n\n\n<p>El edil aparentemente habr\u00eda cometido actos il\u00edcitos, motivos que habr\u00edan provocado la inconformidad del pueblo.<\/p>\n","protected":false},"excerpt":{"rendered":"<p>Oaxaca, Oax.- El presidente municipal de San Mart\u00edn Peras, Rom\u00e1n Ju\u00e1rez, ser\u00e1 liberado este martes, tras 9 d\u00edas de retenci\u00f3n por pobladores de ese municipio. De acuerdo con fuentes dentro de la Secretar\u00eda General de Gobierno (Segego), el edil se encuentra bien de salud, y este d\u00eda se determina su futuro. Se inform\u00f3 que alrededor [&hellip;]<\/p>\n","protected":false},"author":7,"featured_media":8950,"comment_status":"closed","ping_status":"closed","sticky":false,"template":"","format":"standard","meta":{"footnotes":""},"categories":[2],"tags":[],"class_list":{"0":"post-8949","1":"post","2":"type-post","3":"status-publish","4":"format-standard","5":"has-post-thumbnail","7":"category-oaxaca"},"yoast_head":"<!-- This site is optimized with the Yoast SEO plugin v27.4 - https:\/\/yoast.com\/product\/yoast-seo-wordpress\/ -->\n<title>Edil de San Mart\u00edn Peras es trasladado al Congreso, tras ser retenido por 9 d\u00edas - LA BRAVA RADIO<\/title>\n<meta name=\"robots\" content=\"index, follow, max-snippet:-1, max-image-preview:large, max-video-preview:-1\" \/>\n<link rel=\"canonical\" href=\"https:\/\/www.bbmnoticias.com\/labravaradiofm\/2022\/01\/25\/edil-de-san-martin-peras-es-trasladado-al-congreso-tras-ser-retenido-por-9-dias\/\" \/>\n<meta property=\"og:locale\" content=\"es_MX\" \/>\n<meta property=\"og:type\" content=\"article\" \/>\n<meta property=\"og:title\" content=\"Edil de San Mart\u00edn Peras es trasladado al Congreso, tras ser retenido por 9 d\u00edas - LA BRAVA RADIO\" \/>\n<meta property=\"og:description\" content=\"Oaxaca, Oax.- El presidente municipal de San Mart\u00edn Peras, Rom\u00e1n Ju\u00e1rez, ser\u00e1 liberado este martes, tras 9 d\u00edas de retenci\u00f3n por pobladores de ese municipio. De acuerdo con fuentes dentro de la Secretar\u00eda General de Gobierno (Segego), el edil se encuentra bien de salud, y este d\u00eda se determina su futuro. Se inform\u00f3 que alrededor [&hellip;]\" \/>\n<meta property=\"og:url\" content=\"https:\/\/www.bbmnoticias.com\/labravaradiofm\/2022\/01\/25\/edil-de-san-martin-peras-es-trasladado-al-congreso-tras-ser-retenido-por-9-dias\/\" \/>\n<meta property=\"og:site_name\" content=\"LA BRAVA RADIO\" \/>\n<meta property=\"article:published_time\" content=\"2022-01-25T19:52:53+00:00\" \/>\n<meta property=\"article:modified_time\" content=\"2022-01-25T19:52:55+00:00\" \/>\n<meta property=\"og:image\" content=\"https:\/\/www.bbmnoticias.com\/labravaradiofm\/wp-content\/uploads\/sites\/5\/2022\/01\/san-martin-peras-1.jpg\" \/>\n\t<meta property=\"og:image:width\" content=\"912\" \/>\n\t<meta property=\"og:image:height\" content=\"734\" \/>\n\t<meta property=\"og:image:type\" content=\"image\/jpeg\" \/>\n<meta name=\"author\" content=\"Cuarta Plana\" \/>\n<meta name=\"twitter:card\" content=\"summary_large_image\" \/>\n<meta name=\"twitter:label1\" content=\"Escrito por\" \/>\n\t<meta name=\"twitter:data1\" content=\"Cuarta Plana\" \/>\n\t<meta name=\"twitter:label2\" content=\"Tiempo de lectura\" \/>\n\t<meta name=\"twitter:data2\" content=\"1 minuto\" \/>\n<script type=\"application\/ld+json\" class=\"yoast-schema-graph\">{\"@context\":\"https:\\\/\\\/schema.org\",\"@graph\":[{\"@type\":\"Article\",\"@id\":\"https:\\\/\\\/www.bbmnoticias.com\\\/labravaradiofm\\\/2022\\\/01\\\/25\\\/edil-de-san-martin-peras-es-trasladado-al-congreso-tras-ser-retenido-por-9-dias\\\/#article\",\"isPartOf\":{\"@id\":\"https:\\\/\\\/www.bbmnoticias.com\\\/labravaradiofm\\\/2022\\\/01\\\/25\\\/edil-de-san-martin-peras-es-trasladado-al-congreso-tras-ser-retenido-por-9-dias\\\/\"},\"author\":{\"name\":\"Cuarta Plana\",\"@id\":\"https:\\\/\\\/www.bbmnoticias.com\\\/labravaradiofm\\\/#\\\/schema\\\/person\\\/7d786f9fa529105f958c4791d75455f1\"},\"headline\":\"Edil de San Mart\u00edn Peras es trasladado al Congreso, tras ser retenido por 9 d\u00edas\",\"datePublished\":\"2022-01-25T19:52:53+00:00\",\"dateModified\":\"2022-01-25T19:52:55+00:00\",\"mainEntityOfPage\":{\"@id\":\"https:\\\/\\\/www.bbmnoticias.com\\\/labravaradiofm\\\/2022\\\/01\\\/25\\\/edil-de-san-martin-peras-es-trasladado-al-congreso-tras-ser-retenido-por-9-dias\\\/\"},\"wordCount\":175,\"image\":{\"@id\":\"https:\\\/\\\/www.bbmnoticias.com\\\/labravaradiofm\\\/2022\\\/01\\\/25\\\/edil-de-san-martin-peras-es-trasladado-al-congreso-tras-ser-retenido-por-9-dias\\\/#primaryimage\"},\"thumbnailUrl\":\"https:\\\/\\\/www.bbmnoticias.com\\\/labravaradiofm\\\/wp-content\\\/uploads\\\/sites\\\/5\\\/2022\\\/01\\\/san-martin-peras-1.jpg\",\"articleSection\":[\"LOCAL\"],\"inLanguage\":\"es\"},{\"@type\":\"WebPage\",\"@id\":\"https:\\\/\\\/www.bbmnoticias.com\\\/labravaradiofm\\\/2022\\\/01\\\/25\\\/edil-de-san-martin-peras-es-trasladado-al-congreso-tras-ser-retenido-por-9-dias\\\/\",\"url\":\"https:\\\/\\\/www.bbmnoticias.com\\\/labravaradiofm\\\/2022\\\/01\\\/25\\\/edil-de-san-martin-peras-es-trasladado-al-congreso-tras-ser-retenido-por-9-dias\\\/\",\"name\":\"Edil de San Mart\u00edn Peras es trasladado al Congreso, tras ser retenido por 9 d\u00edas - LA BRAVA RADIO\",\"isPartOf\":{\"@id\":\"https:\\\/\\\/www.bbmnoticias.com\\\/labravaradiofm\\\/#website\"},\"primaryImageOfPage\":{\"@id\":\"https:\\\/\\\/www.bbmnoticias.com\\\/labravaradiofm\\\/2022\\\/01\\\/25\\\/edil-de-san-martin-peras-es-trasladado-al-congreso-tras-ser-retenido-por-9-dias\\\/#primaryimage\"},\"image\":{\"@id\":\"https:\\\/\\\/www.bbmnoticias.com\\\/labravaradiofm\\\/2022\\\/01\\\/25\\\/edil-de-san-martin-peras-es-trasladado-al-congreso-tras-ser-retenido-por-9-dias\\\/#primaryimage\"},\"thumbnailUrl\":\"https:\\\/\\\/www.bbmnoticias.com\\\/labravaradiofm\\\/wp-content\\\/uploads\\\/sites\\\/5\\\/2022\\\/01\\\/san-martin-peras-1.jpg\",\"datePublished\":\"2022-01-25T19:52:53+00:00\",\"dateModified\":\"2022-01-25T19:52:55+00:00\",\"author\":{\"@id\":\"https:\\\/\\\/www.bbmnoticias.com\\\/labravaradiofm\\\/#\\\/schema\\\/person\\\/7d786f9fa529105f958c4791d75455f1\"},\"breadcrumb\":{\"@id\":\"https:\\\/\\\/www.bbmnoticias.com\\\/labravaradiofm\\\/2022\\\/01\\\/25\\\/edil-de-san-martin-peras-es-trasladado-al-congreso-tras-ser-retenido-por-9-dias\\\/#breadcrumb\"},\"inLanguage\":\"es\",\"potentialAction\":[{\"@type\":\"ReadAction\",\"target\":[\"https:\\\/\\\/www.bbmnoticias.com\\\/labravaradiofm\\\/2022\\\/01\\\/25\\\/edil-de-san-martin-peras-es-trasladado-al-congreso-tras-ser-retenido-por-9-dias\\\/\"]}]},{\"@type\":\"ImageObject\",\"inLanguage\":\"es\",\"@id\":\"https:\\\/\\\/www.bbmnoticias.com\\\/labravaradiofm\\\/2022\\\/01\\\/25\\\/edil-de-san-martin-peras-es-trasladado-al-congreso-tras-ser-retenido-por-9-dias\\\/#primaryimage\",\"url\":\"https:\\\/\\\/www.bbmnoticias.com\\\/labravaradiofm\\\/wp-content\\\/uploads\\\/sites\\\/5\\\/2022\\\/01\\\/san-martin-peras-1.jpg\",\"contentUrl\":\"https:\\\/\\\/www.bbmnoticias.com\\\/labravaradiofm\\\/wp-content\\\/uploads\\\/sites\\\/5\\\/2022\\\/01\\\/san-martin-peras-1.jpg\",\"width\":912,\"height\":734},{\"@type\":\"BreadcrumbList\",\"@id\":\"https:\\\/\\\/www.bbmnoticias.com\\\/labravaradiofm\\\/2022\\\/01\\\/25\\\/edil-de-san-martin-peras-es-trasladado-al-congreso-tras-ser-retenido-por-9-dias\\\/#breadcrumb\",\"itemListElement\":[{\"@type\":\"ListItem\",\"position\":1,\"name\":\"Inicio\",\"item\":\"https:\\\/\\\/www.bbmnoticias.com\\\/labravaradiofm\\\/\"},{\"@type\":\"ListItem\",\"position\":2,\"name\":\"Edil de San Mart\u00edn Peras es trasladado al Congreso, tras ser retenido por 9 d\u00edas\"}]},{\"@type\":\"WebSite\",\"@id\":\"https:\\\/\\\/www.bbmnoticias.com\\\/labravaradiofm\\\/#website\",\"url\":\"https:\\\/\\\/www.bbmnoticias.com\\\/labravaradiofm\\\/\",\"name\":\"LA BRAVA RADIO\",\"description\":\"Empresa productora de medios, Radiodifusi\u00f3n, Noticias, tendencias y todo lo que necesitas saber de la pol\u00edtica mexicana e internacional; entretenimiento, espect\u00e1culos, salud y mucho m\u00e1s.\",\"potentialAction\":[{\"@type\":\"SearchAction\",\"target\":{\"@type\":\"EntryPoint\",\"urlTemplate\":\"https:\\\/\\\/www.bbmnoticias.com\\\/labravaradiofm\\\/?s={search_term_string}\"},\"query-input\":{\"@type\":\"PropertyValueSpecification\",\"valueRequired\":true,\"valueName\":\"search_term_string\"}}],\"inLanguage\":\"es\"},{\"@type\":\"Person\",\"@id\":\"https:\\\/\\\/www.bbmnoticias.com\\\/labravaradiofm\\\/#\\\/schema\\\/person\\\/7d786f9fa529105f958c4791d75455f1\",\"name\":\"Cuarta Plana\",\"image\":{\"@type\":\"ImageObject\",\"inLanguage\":\"es\",\"@id\":\"https:\\\/\\\/secure.gravatar.com\\\/avatar\\\/569aeac3582b4864a79ffcd8468ada657f9c0cbf68c06542116f60dfa8c3c2d7?s=96&d=mm&r=g\",\"url\":\"https:\\\/\\\/secure.gravatar.com\\\/avatar\\\/569aeac3582b4864a79ffcd8468ada657f9c0cbf68c06542116f60dfa8c3c2d7?s=96&d=mm&r=g\",\"contentUrl\":\"https:\\\/\\\/secure.gravatar.com\\\/avatar\\\/569aeac3582b4864a79ffcd8468ada657f9c0cbf68c06542116f60dfa8c3c2d7?s=96&d=mm&r=g\",\"caption\":\"Cuarta Plana\"},\"url\":\"https:\\\/\\\/www.bbmnoticias.com\\\/labravaradiofm\\\/author\\\/cuartaplana\\\/\"}]}<\/script>\n<!-- \/ Yoast SEO plugin. -->","yoast_head_json":{"title":"Edil de San Mart\u00edn Peras es trasladado al Congreso, tras ser retenido por 9 d\u00edas - LA BRAVA RADIO","robots":{"index":"index","follow":"follow","max-snippet":"max-snippet:-1","max-image-preview":"max-image-preview:large","max-video-preview":"max-video-preview:-1"},"canonical":"https:\/\/www.bbmnoticias.com\/labravaradiofm\/2022\/01\/25\/edil-de-san-martin-peras-es-trasladado-al-congreso-tras-ser-retenido-por-9-dias\/","og_locale":"es_MX","og_type":"article","og_title":"Edil de San Mart\u00edn Peras es trasladado al Congreso, tras ser retenido por 9 d\u00edas - LA BRAVA RADIO","og_description":"Oaxaca, Oax.- El presidente municipal de San Mart\u00edn Peras, Rom\u00e1n Ju\u00e1rez, ser\u00e1 liberado este martes, tras 9 d\u00edas de retenci\u00f3n por pobladores de ese municipio. De acuerdo con fuentes dentro de la Secretar\u00eda General de Gobierno (Segego), el edil se encuentra bien de salud, y este d\u00eda se determina su futuro. Se inform\u00f3 que alrededor [&hellip;]","og_url":"https:\/\/www.bbmnoticias.com\/labravaradiofm\/2022\/01\/25\/edil-de-san-martin-peras-es-trasladado-al-congreso-tras-ser-retenido-por-9-dias\/","og_site_name":"LA BRAVA RADIO","article_published_time":"2022-01-25T19:52:53+00:00","article_modified_time":"2022-01-25T19:52:55+00:00","og_image":[{"width":912,"height":734,"url":"https:\/\/www.bbmnoticias.com\/labravaradiofm\/wp-content\/uploads\/sites\/5\/2022\/01\/san-martin-peras-1.jpg","type":"image\/jpeg"}],"author":"Cuarta Plana","twitter_card":"summary_large_image","twitter_misc":{"Escrito por":"Cuarta Plana","Tiempo de lectura":"1 minuto"},"schema":{"@context":"https:\/\/schema.org","@graph":[{"@type":"Article","@id":"https:\/\/www.bbmnoticias.com\/labravaradiofm\/2022\/01\/25\/edil-de-san-martin-peras-es-trasladado-al-congreso-tras-ser-retenido-por-9-dias\/#article","isPartOf":{"@id":"https:\/\/www.bbmnoticias.com\/labravaradiofm\/2022\/01\/25\/edil-de-san-martin-peras-es-trasladado-al-congreso-tras-ser-retenido-por-9-dias\/"},"author":{"name":"Cuarta Plana","@id":"https:\/\/www.bbmnoticias.com\/labravaradiofm\/#\/schema\/person\/7d786f9fa529105f958c4791d75455f1"},"headline":"Edil de San Mart\u00edn Peras es trasladado al Congreso, tras ser retenido por 9 d\u00edas","datePublished":"2022-01-25T19:52:53+00:00","dateModified":"2022-01-25T19:52:55+00:00","mainEntityOfPage":{"@id":"https:\/\/www.bbmnoticias.com\/labravaradiofm\/2022\/01\/25\/edil-de-san-martin-peras-es-trasladado-al-congreso-tras-ser-retenido-por-9-dias\/"},"wordCount":175,"image":{"@id":"https:\/\/www.bbmnoticias.com\/labravaradiofm\/2022\/01\/25\/edil-de-san-martin-peras-es-trasladado-al-congreso-tras-ser-retenido-por-9-dias\/#primaryimage"},"thumbnailUrl":"https:\/\/www.bbmnoticias.com\/labravaradiofm\/wp-content\/uploads\/sites\/5\/2022\/01\/san-martin-peras-1.jpg","articleSection":["LOCAL"],"inLanguage":"es"},{"@type":"WebPage","@id":"https:\/\/www.bbmnoticias.com\/labravaradiofm\/2022\/01\/25\/edil-de-san-martin-peras-es-trasladado-al-congreso-tras-ser-retenido-por-9-dias\/","url":"https:\/\/www.bbmnoticias.com\/labravaradiofm\/2022\/01\/25\/edil-de-san-martin-peras-es-trasladado-al-congreso-tras-ser-retenido-por-9-dias\/","name":"Edil de San Mart\u00edn Peras es trasladado al Congreso, tras ser retenido por 9 d\u00edas - LA BRAVA RADIO","isPartOf":{"@id":"https:\/\/www.bbmnoticias.com\/labravaradiofm\/#website"},"primaryImageOfPage":{"@id":"https:\/\/www.bbmnoticias.com\/labravaradiofm\/2022\/01\/25\/edil-de-san-martin-peras-es-trasladado-al-congreso-tras-ser-retenido-por-9-dias\/#primaryimage"},"image":{"@id":"https:\/\/www.bbmnoticias.com\/labravaradiofm\/2022\/01\/25\/edil-de-san-martin-peras-es-trasladado-al-congreso-tras-ser-retenido-por-9-dias\/#primaryimage"},"thumbnailUrl":"https:\/\/www.bbmnoticias.com\/labravaradiofm\/wp-content\/uploads\/sites\/5\/2022\/01\/san-martin-peras-1.jpg","datePublished":"2022-01-25T19:52:53+00:00","dateModified":"2022-01-25T19:52:55+00:00","author":{"@id":"https:\/\/www.bbmnoticias.com\/labravaradiofm\/#\/schema\/person\/7d786f9fa529105f958c4791d75455f1"},"breadcrumb":{"@id":"https:\/\/www.bbmnoticias.com\/labravaradiofm\/2022\/01\/25\/edil-de-san-martin-peras-es-trasladado-al-congreso-tras-ser-retenido-por-9-dias\/#breadcrumb"},"inLanguage":"es","potentialAction":[{"@type":"ReadAction","target":["https:\/\/www.bbmnoticias.com\/labravaradiofm\/2022\/01\/25\/edil-de-san-martin-peras-es-trasladado-al-congreso-tras-ser-retenido-por-9-dias\/"]}]},{"@type":"ImageObject","inLanguage":"es","@id":"https:\/\/www.bbmnoticias.com\/labravaradiofm\/2022\/01\/25\/edil-de-san-martin-peras-es-trasladado-al-congreso-tras-ser-retenido-por-9-dias\/#primaryimage","url":"https:\/\/www.bbmnoticias.com\/labravaradiofm\/wp-content\/uploads\/sites\/5\/2022\/01\/san-martin-peras-1.jpg","contentUrl":"https:\/\/www.bbmnoticias.com\/labravaradiofm\/wp-content\/uploads\/sites\/5\/2022\/01\/san-martin-peras-1.jpg","width":912,"height":734},{"@type":"BreadcrumbList","@id":"https:\/\/www.bbmnoticias.com\/labravaradiofm\/2022\/01\/25\/edil-de-san-martin-peras-es-trasladado-al-congreso-tras-ser-retenido-por-9-dias\/#breadcrumb","itemListElement":[{"@type":"ListItem","position":1,"name":"Inicio","item":"https:\/\/www.bbmnoticias.com\/labravaradiofm\/"},{"@type":"ListItem","position":2,"name":"Edil de San Mart\u00edn Peras es trasladado al Congreso, tras ser retenido por 9 d\u00edas"}]},{"@type":"WebSite","@id":"https:\/\/www.bbmnoticias.com\/labravaradiofm\/#website","url":"https:\/\/www.bbmnoticias.com\/labravaradiofm\/","name":"LA BRAVA RADIO","description":"Empresa productora de medios, Radiodifusi\u00f3n, Noticias, tendencias y todo lo que necesitas saber de la pol\u00edtica mexicana e internacional; entretenimiento, espect\u00e1culos, salud y mucho m\u00e1s.","potentialAction":[{"@type":"SearchAction","target":{"@type":"EntryPoint","urlTemplate":"https:\/\/www.bbmnoticias.com\/labravaradiofm\/?s={search_term_string}"},"query-input":{"@type":"PropertyValueSpecification","valueRequired":true,"valueName":"search_term_string"}}],"inLanguage":"es"},{"@type":"Person","@id":"https:\/\/www.bbmnoticias.com\/labravaradiofm\/#\/schema\/person\/7d786f9fa529105f958c4791d75455f1","name":"Cuarta Plana","image":{"@type":"ImageObject","inLanguage":"es","@id":"https:\/\/secure.gravatar.com\/avatar\/569aeac3582b4864a79ffcd8468ada657f9c0cbf68c06542116f60dfa8c3c2d7?s=96&d=mm&r=g","url":"https:\/\/secure.gravatar.com\/avatar\/569aeac3582b4864a79ffcd8468ada657f9c0cbf68c06542116f60dfa8c3c2d7?s=96&d=mm&r=g","contentUrl":"https:\/\/secure.gravatar.com\/avatar\/569aeac3582b4864a79ffcd8468ada657f9c0cbf68c06542116f60dfa8c3c2d7?s=96&d=mm&r=g","caption":"Cuarta Plana"},"url":"https:\/\/www.bbmnoticias.com\/labravaradiofm\/author\/cuartaplana\/"}]}},"_links":{"self":[{"href":"https:\/\/www.bbmnoticias.com\/labravaradiofm\/wp-json\/wp\/v2\/posts\/8949","targetHints":{"allow":["GET"]}}],"collection":[{"href":"https:\/\/www.bbmnoticias.com\/labravaradiofm\/wp-json\/wp\/v2\/posts"}],"about":[{"href":"https:\/\/www.bbmnoticias.com\/labravaradiofm\/wp-json\/wp\/v2\/types\/post"}],"author":[{"embeddable":true,"href":"https:\/\/www.bbmnoticias.com\/labravaradiofm\/wp-json\/wp\/v2\/users\/7"}],"replies":[{"embeddable":true,"href":"https:\/\/www.bbmnoticias.com\/labravaradiofm\/wp-json\/wp\/v2\/comments?post=8949"}],"version-history":[{"count":0,"href":"https:\/\/www.bbmnoticias.com\/labravaradiofm\/wp-json\/wp\/v2\/posts\/8949\/revisions"}],"wp:featuredmedia":[{"embeddable":true,"href":"https:\/\/www.bbmnoticias.com\/labravaradiofm\/wp-json\/wp\/v2\/media\/8950"}],"wp:attachment":[{"href":"https:\/\/www.bbmnoticias.com\/labravaradiofm\/wp-json\/wp\/v2\/media?parent=8949"}],"wp:term":[{"taxonomy":"category","embeddable":true,"href":"https:\/\/www.bbmnoticias.com\/labravaradiofm\/wp-json\/wp\/v2\/categories?post=8949"},{"taxonomy":"post_tag","embeddable":true,"href":"https:\/\/www.bbmnoticias.com\/labravaradiofm\/wp-json\/wp\/v2\/tags?post=8949"}],"curies":[{"name":"wp","href":"https:\/\/api.w.org\/{rel}","templated":true}]}}