{"id":8946,"date":"2022-01-25T13:47:38","date_gmt":"2022-01-25T19:47:38","guid":{"rendered":"https:\/\/www.bbmnoticias.com\/labravaradiofm\/?p=8946"},"modified":"2022-01-25T13:47:40","modified_gmt":"2022-01-25T19:47:40","slug":"con-suma-de-esfuerzos-institucionales-oaxaca-avanza-en-el-combate-a-la-pobreza","status":"publish","type":"post","link":"https:\/\/www.bbmnoticias.com\/labravaradiofm\/2022\/01\/25\/con-suma-de-esfuerzos-institucionales-oaxaca-avanza-en-el-combate-a-la-pobreza\/","title":{"rendered":"Con suma de esfuerzos institucionales, Oaxaca avanza en el combate a la pobreza"},"content":{"rendered":"<div style=\"margin-top: 0px; margin-bottom: 0px;\" class=\"sharethis-inline-share-buttons\" ><\/div>\n<p><strong>San Raymundo Jalpan, Oax. 25 de enero de 2022.-<\/strong> Al hacer un balance de las acciones realizadas en materia de pol\u00edtica social, como parte de la Glosa del Quinto Informe de Gobierno, el secretario de Bienestar, Rub\u00e9n Vasconcelos M\u00e9ndez expres\u00f3 que los logros obtenidos en este sector, considerado prioritario para el gobernador Alejandro Murat, ha tenido la participaci\u00f3n y suma de esfuerzos de todos los \u00f3rdenes gubernamentales y de la sociedad civil oaxaque\u00f1a.<\/p>\n\n\n\n<p>Al comparecer ante la Comisi\u00f3n de Bienestar y Fomento Cooperativo de la LXIV Legislatura del Congreso Estatal, el responsable de la pol\u00edtica social se\u00f1al\u00f3 que en los \u00faltimos cinco a\u00f1os de gobierno se han cimentado las bases institucionales para revertir la tendencia de crecimiento de la pobreza en la entidad, mediante el desarrollo de un nuevo enfoque de pol\u00edtica social que se centra en el bienestar de las personas y la atenci\u00f3n de los derechos sociales y que fomenta la participaci\u00f3n de todos los sectores de la sociedad.<\/p>\n\n\n\n<p>En este sentido, inform\u00f3 que mediante una planeaci\u00f3n estrat\u00e9gica basada en datos cuantitativos y cualitativos, se dise\u00f1aron e implementaron pol\u00edticas p\u00fablicas inclusivas, as\u00ed como herramientas tecnol\u00f3gicas que permitir\u00e1n continuar focalizando los recursos y programas en beneficio de los grupos de atenci\u00f3n prioritaria durante las siguientes administraciones.<\/p>\n\n\n\n<p>Finalmente, el titular de la Sebien ratific\u00f3 ante los legisladores estatales, la disposici\u00f3n de la dependencia a su cargo para sumar esfuerzos, para hacer un trabajo conjunto a favor de Oaxaca y lograr as\u00ed reducir la pobreza y las carencias sociales.<\/p>\n","protected":false},"excerpt":{"rendered":"<p>San Raymundo Jalpan, Oax. 25 de enero de 2022.- Al hacer un balance de las acciones realizadas en materia de pol\u00edtica social, como parte de la Glosa del Quinto Informe de Gobierno, el secretario de Bienestar, Rub\u00e9n Vasconcelos M\u00e9ndez expres\u00f3 que los logros obtenidos en este sector, considerado prioritario para el gobernador Alejandro Murat, ha [&hellip;]<\/p>\n","protected":false},"author":2,"featured_media":8947,"comment_status":"closed","ping_status":"closed","sticky":false,"template":"","format":"standard","meta":{"footnotes":""},"categories":[2],"tags":[],"class_list":{"0":"post-8946","1":"post","2":"type-post","3":"status-publish","4":"format-standard","5":"has-post-thumbnail","7":"category-oaxaca"},"yoast_head":"<!-- This site is optimized with the Yoast SEO plugin v27.4 - https:\/\/yoast.com\/product\/yoast-seo-wordpress\/ -->\n<title>Con suma de esfuerzos institucionales, Oaxaca avanza en el combate a la pobreza - LA BRAVA RADIO<\/title>\n<meta name=\"robots\" content=\"index, follow, max-snippet:-1, max-image-preview:large, max-video-preview:-1\" \/>\n<link rel=\"canonical\" href=\"https:\/\/www.bbmnoticias.com\/labravaradiofm\/2022\/01\/25\/con-suma-de-esfuerzos-institucionales-oaxaca-avanza-en-el-combate-a-la-pobreza\/\" \/>\n<meta property=\"og:locale\" content=\"es_MX\" \/>\n<meta property=\"og:type\" content=\"article\" \/>\n<meta property=\"og:title\" content=\"Con suma de esfuerzos institucionales, Oaxaca avanza en el combate a la pobreza - LA BRAVA RADIO\" \/>\n<meta property=\"og:description\" content=\"San Raymundo Jalpan, Oax. 25 de enero de 2022.- Al hacer un balance de las acciones realizadas en materia de pol\u00edtica social, como parte de la Glosa del Quinto Informe de Gobierno, el secretario de Bienestar, Rub\u00e9n Vasconcelos M\u00e9ndez expres\u00f3 que los logros obtenidos en este sector, considerado prioritario para el gobernador Alejandro Murat, ha [&hellip;]\" \/>\n<meta property=\"og:url\" content=\"https:\/\/www.bbmnoticias.com\/labravaradiofm\/2022\/01\/25\/con-suma-de-esfuerzos-institucionales-oaxaca-avanza-en-el-combate-a-la-pobreza\/\" \/>\n<meta property=\"og:site_name\" content=\"LA BRAVA RADIO\" \/>\n<meta property=\"article:published_time\" content=\"2022-01-25T19:47:38+00:00\" \/>\n<meta property=\"article:modified_time\" content=\"2022-01-25T19:47:40+00:00\" \/>\n<meta property=\"og:image\" content=\"https:\/\/www.bbmnoticias.com\/labravaradiofm\/wp-content\/uploads\/sites\/5\/2022\/01\/oaxaca-avanza.jpg\" \/>\n\t<meta property=\"og:image:width\" content=\"1024\" \/>\n\t<meta property=\"og:image:height\" content=\"683\" \/>\n\t<meta property=\"og:image:type\" content=\"image\/jpeg\" \/>\n<meta name=\"author\" content=\"Staff\" \/>\n<meta name=\"twitter:card\" content=\"summary_large_image\" \/>\n<meta name=\"twitter:label1\" content=\"Escrito por\" \/>\n\t<meta name=\"twitter:data1\" content=\"Staff\" \/>\n\t<meta name=\"twitter:label2\" content=\"Tiempo de lectura\" \/>\n\t<meta name=\"twitter:data2\" content=\"2 minutos\" \/>\n<script type=\"application\/ld+json\" class=\"yoast-schema-graph\">{\"@context\":\"https:\\\/\\\/schema.org\",\"@graph\":[{\"@type\":\"Article\",\"@id\":\"https:\\\/\\\/www.bbmnoticias.com\\\/labravaradiofm\\\/2022\\\/01\\\/25\\\/con-suma-de-esfuerzos-institucionales-oaxaca-avanza-en-el-combate-a-la-pobreza\\\/#article\",\"isPartOf\":{\"@id\":\"https:\\\/\\\/www.bbmnoticias.com\\\/labravaradiofm\\\/2022\\\/01\\\/25\\\/con-suma-de-esfuerzos-institucionales-oaxaca-avanza-en-el-combate-a-la-pobreza\\\/\"},\"author\":{\"name\":\"Staff\",\"@id\":\"https:\\\/\\\/www.bbmnoticias.com\\\/labravaradiofm\\\/#\\\/schema\\\/person\\\/68a9e9036ef3c5b55aeb2b71dc8bab45\"},\"headline\":\"Con suma de esfuerzos institucionales, Oaxaca avanza en el combate a la pobreza\",\"datePublished\":\"2022-01-25T19:47:38+00:00\",\"dateModified\":\"2022-01-25T19:47:40+00:00\",\"mainEntityOfPage\":{\"@id\":\"https:\\\/\\\/www.bbmnoticias.com\\\/labravaradiofm\\\/2022\\\/01\\\/25\\\/con-suma-de-esfuerzos-institucionales-oaxaca-avanza-en-el-combate-a-la-pobreza\\\/\"},\"wordCount\":281,\"image\":{\"@id\":\"https:\\\/\\\/www.bbmnoticias.com\\\/labravaradiofm\\\/2022\\\/01\\\/25\\\/con-suma-de-esfuerzos-institucionales-oaxaca-avanza-en-el-combate-a-la-pobreza\\\/#primaryimage\"},\"thumbnailUrl\":\"https:\\\/\\\/www.bbmnoticias.com\\\/labravaradiofm\\\/wp-content\\\/uploads\\\/sites\\\/5\\\/2022\\\/01\\\/oaxaca-avanza.jpg\",\"articleSection\":[\"LOCAL\"],\"inLanguage\":\"es\"},{\"@type\":\"WebPage\",\"@id\":\"https:\\\/\\\/www.bbmnoticias.com\\\/labravaradiofm\\\/2022\\\/01\\\/25\\\/con-suma-de-esfuerzos-institucionales-oaxaca-avanza-en-el-combate-a-la-pobreza\\\/\",\"url\":\"https:\\\/\\\/www.bbmnoticias.com\\\/labravaradiofm\\\/2022\\\/01\\\/25\\\/con-suma-de-esfuerzos-institucionales-oaxaca-avanza-en-el-combate-a-la-pobreza\\\/\",\"name\":\"Con suma de esfuerzos institucionales, Oaxaca avanza en el combate a la pobreza - LA BRAVA RADIO\",\"isPartOf\":{\"@id\":\"https:\\\/\\\/www.bbmnoticias.com\\\/labravaradiofm\\\/#website\"},\"primaryImageOfPage\":{\"@id\":\"https:\\\/\\\/www.bbmnoticias.com\\\/labravaradiofm\\\/2022\\\/01\\\/25\\\/con-suma-de-esfuerzos-institucionales-oaxaca-avanza-en-el-combate-a-la-pobreza\\\/#primaryimage\"},\"image\":{\"@id\":\"https:\\\/\\\/www.bbmnoticias.com\\\/labravaradiofm\\\/2022\\\/01\\\/25\\\/con-suma-de-esfuerzos-institucionales-oaxaca-avanza-en-el-combate-a-la-pobreza\\\/#primaryimage\"},\"thumbnailUrl\":\"https:\\\/\\\/www.bbmnoticias.com\\\/labravaradiofm\\\/wp-content\\\/uploads\\\/sites\\\/5\\\/2022\\\/01\\\/oaxaca-avanza.jpg\",\"datePublished\":\"2022-01-25T19:47:38+00:00\",\"dateModified\":\"2022-01-25T19:47:40+00:00\",\"author\":{\"@id\":\"https:\\\/\\\/www.bbmnoticias.com\\\/labravaradiofm\\\/#\\\/schema\\\/person\\\/68a9e9036ef3c5b55aeb2b71dc8bab45\"},\"breadcrumb\":{\"@id\":\"https:\\\/\\\/www.bbmnoticias.com\\\/labravaradiofm\\\/2022\\\/01\\\/25\\\/con-suma-de-esfuerzos-institucionales-oaxaca-avanza-en-el-combate-a-la-pobreza\\\/#breadcrumb\"},\"inLanguage\":\"es\",\"potentialAction\":[{\"@type\":\"ReadAction\",\"target\":[\"https:\\\/\\\/www.bbmnoticias.com\\\/labravaradiofm\\\/2022\\\/01\\\/25\\\/con-suma-de-esfuerzos-institucionales-oaxaca-avanza-en-el-combate-a-la-pobreza\\\/\"]}]},{\"@type\":\"ImageObject\",\"inLanguage\":\"es\",\"@id\":\"https:\\\/\\\/www.bbmnoticias.com\\\/labravaradiofm\\\/2022\\\/01\\\/25\\\/con-suma-de-esfuerzos-institucionales-oaxaca-avanza-en-el-combate-a-la-pobreza\\\/#primaryimage\",\"url\":\"https:\\\/\\\/www.bbmnoticias.com\\\/labravaradiofm\\\/wp-content\\\/uploads\\\/sites\\\/5\\\/2022\\\/01\\\/oaxaca-avanza.jpg\",\"contentUrl\":\"https:\\\/\\\/www.bbmnoticias.com\\\/labravaradiofm\\\/wp-content\\\/uploads\\\/sites\\\/5\\\/2022\\\/01\\\/oaxaca-avanza.jpg\",\"width\":1024,\"height\":683},{\"@type\":\"BreadcrumbList\",\"@id\":\"https:\\\/\\\/www.bbmnoticias.com\\\/labravaradiofm\\\/2022\\\/01\\\/25\\\/con-suma-de-esfuerzos-institucionales-oaxaca-avanza-en-el-combate-a-la-pobreza\\\/#breadcrumb\",\"itemListElement\":[{\"@type\":\"ListItem\",\"position\":1,\"name\":\"Inicio\",\"item\":\"https:\\\/\\\/www.bbmnoticias.com\\\/labravaradiofm\\\/\"},{\"@type\":\"ListItem\",\"position\":2,\"name\":\"Con suma de esfuerzos institucionales, Oaxaca avanza en el combate a la pobreza\"}]},{\"@type\":\"WebSite\",\"@id\":\"https:\\\/\\\/www.bbmnoticias.com\\\/labravaradiofm\\\/#website\",\"url\":\"https:\\\/\\\/www.bbmnoticias.com\\\/labravaradiofm\\\/\",\"name\":\"LA BRAVA RADIO\",\"description\":\"Empresa productora de medios, Radiodifusi\u00f3n, Noticias, tendencias y todo lo que necesitas saber de la pol\u00edtica mexicana e internacional; entretenimiento, espect\u00e1culos, salud y mucho m\u00e1s.\",\"potentialAction\":[{\"@type\":\"SearchAction\",\"target\":{\"@type\":\"EntryPoint\",\"urlTemplate\":\"https:\\\/\\\/www.bbmnoticias.com\\\/labravaradiofm\\\/?s={search_term_string}\"},\"query-input\":{\"@type\":\"PropertyValueSpecification\",\"valueRequired\":true,\"valueName\":\"search_term_string\"}}],\"inLanguage\":\"es\"},{\"@type\":\"Person\",\"@id\":\"https:\\\/\\\/www.bbmnoticias.com\\\/labravaradiofm\\\/#\\\/schema\\\/person\\\/68a9e9036ef3c5b55aeb2b71dc8bab45\",\"name\":\"Staff\",\"image\":{\"@type\":\"ImageObject\",\"inLanguage\":\"es\",\"@id\":\"https:\\\/\\\/secure.gravatar.com\\\/avatar\\\/fdd21ad66fd8b98c407f9dee5b5e588cfe7f0d8579ec20fa6527cd59bab7f0f0?s=96&d=mm&r=g\",\"url\":\"https:\\\/\\\/secure.gravatar.com\\\/avatar\\\/fdd21ad66fd8b98c407f9dee5b5e588cfe7f0d8579ec20fa6527cd59bab7f0f0?s=96&d=mm&r=g\",\"contentUrl\":\"https:\\\/\\\/secure.gravatar.com\\\/avatar\\\/fdd21ad66fd8b98c407f9dee5b5e588cfe7f0d8579ec20fa6527cd59bab7f0f0?s=96&d=mm&r=g\",\"caption\":\"Staff\"},\"url\":\"https:\\\/\\\/www.bbmnoticias.com\\\/labravaradiofm\\\/author\\\/redaccion\\\/\"}]}<\/script>\n<!-- \/ Yoast SEO plugin. -->","yoast_head_json":{"title":"Con suma de esfuerzos institucionales, Oaxaca avanza en el combate a la pobreza - LA BRAVA RADIO","robots":{"index":"index","follow":"follow","max-snippet":"max-snippet:-1","max-image-preview":"max-image-preview:large","max-video-preview":"max-video-preview:-1"},"canonical":"https:\/\/www.bbmnoticias.com\/labravaradiofm\/2022\/01\/25\/con-suma-de-esfuerzos-institucionales-oaxaca-avanza-en-el-combate-a-la-pobreza\/","og_locale":"es_MX","og_type":"article","og_title":"Con suma de esfuerzos institucionales, Oaxaca avanza en el combate a la pobreza - LA BRAVA RADIO","og_description":"San Raymundo Jalpan, Oax. 25 de enero de 2022.- Al hacer un balance de las acciones realizadas en materia de pol\u00edtica social, como parte de la Glosa del Quinto Informe de Gobierno, el secretario de Bienestar, Rub\u00e9n Vasconcelos M\u00e9ndez expres\u00f3 que los logros obtenidos en este sector, considerado prioritario para el gobernador Alejandro Murat, ha [&hellip;]","og_url":"https:\/\/www.bbmnoticias.com\/labravaradiofm\/2022\/01\/25\/con-suma-de-esfuerzos-institucionales-oaxaca-avanza-en-el-combate-a-la-pobreza\/","og_site_name":"LA BRAVA RADIO","article_published_time":"2022-01-25T19:47:38+00:00","article_modified_time":"2022-01-25T19:47:40+00:00","og_image":[{"width":1024,"height":683,"url":"https:\/\/www.bbmnoticias.com\/labravaradiofm\/wp-content\/uploads\/sites\/5\/2022\/01\/oaxaca-avanza.jpg","type":"image\/jpeg"}],"author":"Staff","twitter_card":"summary_large_image","twitter_misc":{"Escrito por":"Staff","Tiempo de lectura":"2 minutos"},"schema":{"@context":"https:\/\/schema.org","@graph":[{"@type":"Article","@id":"https:\/\/www.bbmnoticias.com\/labravaradiofm\/2022\/01\/25\/con-suma-de-esfuerzos-institucionales-oaxaca-avanza-en-el-combate-a-la-pobreza\/#article","isPartOf":{"@id":"https:\/\/www.bbmnoticias.com\/labravaradiofm\/2022\/01\/25\/con-suma-de-esfuerzos-institucionales-oaxaca-avanza-en-el-combate-a-la-pobreza\/"},"author":{"name":"Staff","@id":"https:\/\/www.bbmnoticias.com\/labravaradiofm\/#\/schema\/person\/68a9e9036ef3c5b55aeb2b71dc8bab45"},"headline":"Con suma de esfuerzos institucionales, Oaxaca avanza en el combate a la pobreza","datePublished":"2022-01-25T19:47:38+00:00","dateModified":"2022-01-25T19:47:40+00:00","mainEntityOfPage":{"@id":"https:\/\/www.bbmnoticias.com\/labravaradiofm\/2022\/01\/25\/con-suma-de-esfuerzos-institucionales-oaxaca-avanza-en-el-combate-a-la-pobreza\/"},"wordCount":281,"image":{"@id":"https:\/\/www.bbmnoticias.com\/labravaradiofm\/2022\/01\/25\/con-suma-de-esfuerzos-institucionales-oaxaca-avanza-en-el-combate-a-la-pobreza\/#primaryimage"},"thumbnailUrl":"https:\/\/www.bbmnoticias.com\/labravaradiofm\/wp-content\/uploads\/sites\/5\/2022\/01\/oaxaca-avanza.jpg","articleSection":["LOCAL"],"inLanguage":"es"},{"@type":"WebPage","@id":"https:\/\/www.bbmnoticias.com\/labravaradiofm\/2022\/01\/25\/con-suma-de-esfuerzos-institucionales-oaxaca-avanza-en-el-combate-a-la-pobreza\/","url":"https:\/\/www.bbmnoticias.com\/labravaradiofm\/2022\/01\/25\/con-suma-de-esfuerzos-institucionales-oaxaca-avanza-en-el-combate-a-la-pobreza\/","name":"Con suma de esfuerzos institucionales, Oaxaca avanza en el combate a la pobreza - LA BRAVA RADIO","isPartOf":{"@id":"https:\/\/www.bbmnoticias.com\/labravaradiofm\/#website"},"primaryImageOfPage":{"@id":"https:\/\/www.bbmnoticias.com\/labravaradiofm\/2022\/01\/25\/con-suma-de-esfuerzos-institucionales-oaxaca-avanza-en-el-combate-a-la-pobreza\/#primaryimage"},"image":{"@id":"https:\/\/www.bbmnoticias.com\/labravaradiofm\/2022\/01\/25\/con-suma-de-esfuerzos-institucionales-oaxaca-avanza-en-el-combate-a-la-pobreza\/#primaryimage"},"thumbnailUrl":"https:\/\/www.bbmnoticias.com\/labravaradiofm\/wp-content\/uploads\/sites\/5\/2022\/01\/oaxaca-avanza.jpg","datePublished":"2022-01-25T19:47:38+00:00","dateModified":"2022-01-25T19:47:40+00:00","author":{"@id":"https:\/\/www.bbmnoticias.com\/labravaradiofm\/#\/schema\/person\/68a9e9036ef3c5b55aeb2b71dc8bab45"},"breadcrumb":{"@id":"https:\/\/www.bbmnoticias.com\/labravaradiofm\/2022\/01\/25\/con-suma-de-esfuerzos-institucionales-oaxaca-avanza-en-el-combate-a-la-pobreza\/#breadcrumb"},"inLanguage":"es","potentialAction":[{"@type":"ReadAction","target":["https:\/\/www.bbmnoticias.com\/labravaradiofm\/2022\/01\/25\/con-suma-de-esfuerzos-institucionales-oaxaca-avanza-en-el-combate-a-la-pobreza\/"]}]},{"@type":"ImageObject","inLanguage":"es","@id":"https:\/\/www.bbmnoticias.com\/labravaradiofm\/2022\/01\/25\/con-suma-de-esfuerzos-institucionales-oaxaca-avanza-en-el-combate-a-la-pobreza\/#primaryimage","url":"https:\/\/www.bbmnoticias.com\/labravaradiofm\/wp-content\/uploads\/sites\/5\/2022\/01\/oaxaca-avanza.jpg","contentUrl":"https:\/\/www.bbmnoticias.com\/labravaradiofm\/wp-content\/uploads\/sites\/5\/2022\/01\/oaxaca-avanza.jpg","width":1024,"height":683},{"@type":"BreadcrumbList","@id":"https:\/\/www.bbmnoticias.com\/labravaradiofm\/2022\/01\/25\/con-suma-de-esfuerzos-institucionales-oaxaca-avanza-en-el-combate-a-la-pobreza\/#breadcrumb","itemListElement":[{"@type":"ListItem","position":1,"name":"Inicio","item":"https:\/\/www.bbmnoticias.com\/labravaradiofm\/"},{"@type":"ListItem","position":2,"name":"Con suma de esfuerzos institucionales, Oaxaca avanza en el combate a la pobreza"}]},{"@type":"WebSite","@id":"https:\/\/www.bbmnoticias.com\/labravaradiofm\/#website","url":"https:\/\/www.bbmnoticias.com\/labravaradiofm\/","name":"LA BRAVA RADIO","description":"Empresa productora de medios, Radiodifusi\u00f3n, Noticias, tendencias y todo lo que necesitas saber de la pol\u00edtica mexicana e internacional; entretenimiento, espect\u00e1culos, salud y mucho m\u00e1s.","potentialAction":[{"@type":"SearchAction","target":{"@type":"EntryPoint","urlTemplate":"https:\/\/www.bbmnoticias.com\/labravaradiofm\/?s={search_term_string}"},"query-input":{"@type":"PropertyValueSpecification","valueRequired":true,"valueName":"search_term_string"}}],"inLanguage":"es"},{"@type":"Person","@id":"https:\/\/www.bbmnoticias.com\/labravaradiofm\/#\/schema\/person\/68a9e9036ef3c5b55aeb2b71dc8bab45","name":"Staff","image":{"@type":"ImageObject","inLanguage":"es","@id":"https:\/\/secure.gravatar.com\/avatar\/fdd21ad66fd8b98c407f9dee5b5e588cfe7f0d8579ec20fa6527cd59bab7f0f0?s=96&d=mm&r=g","url":"https:\/\/secure.gravatar.com\/avatar\/fdd21ad66fd8b98c407f9dee5b5e588cfe7f0d8579ec20fa6527cd59bab7f0f0?s=96&d=mm&r=g","contentUrl":"https:\/\/secure.gravatar.com\/avatar\/fdd21ad66fd8b98c407f9dee5b5e588cfe7f0d8579ec20fa6527cd59bab7f0f0?s=96&d=mm&r=g","caption":"Staff"},"url":"https:\/\/www.bbmnoticias.com\/labravaradiofm\/author\/redaccion\/"}]}},"_links":{"self":[{"href":"https:\/\/www.bbmnoticias.com\/labravaradiofm\/wp-json\/wp\/v2\/posts\/8946","targetHints":{"allow":["GET"]}}],"collection":[{"href":"https:\/\/www.bbmnoticias.com\/labravaradiofm\/wp-json\/wp\/v2\/posts"}],"about":[{"href":"https:\/\/www.bbmnoticias.com\/labravaradiofm\/wp-json\/wp\/v2\/types\/post"}],"author":[{"embeddable":true,"href":"https:\/\/www.bbmnoticias.com\/labravaradiofm\/wp-json\/wp\/v2\/users\/2"}],"replies":[{"embeddable":true,"href":"https:\/\/www.bbmnoticias.com\/labravaradiofm\/wp-json\/wp\/v2\/comments?post=8946"}],"version-history":[{"count":0,"href":"https:\/\/www.bbmnoticias.com\/labravaradiofm\/wp-json\/wp\/v2\/posts\/8946\/revisions"}],"wp:featuredmedia":[{"embeddable":true,"href":"https:\/\/www.bbmnoticias.com\/labravaradiofm\/wp-json\/wp\/v2\/media\/8947"}],"wp:attachment":[{"href":"https:\/\/www.bbmnoticias.com\/labravaradiofm\/wp-json\/wp\/v2\/media?parent=8946"}],"wp:term":[{"taxonomy":"category","embeddable":true,"href":"https:\/\/www.bbmnoticias.com\/labravaradiofm\/wp-json\/wp\/v2\/categories?post=8946"},{"taxonomy":"post_tag","embeddable":true,"href":"https:\/\/www.bbmnoticias.com\/labravaradiofm\/wp-json\/wp\/v2\/tags?post=8946"}],"curies":[{"name":"wp","href":"https:\/\/api.w.org\/{rel}","templated":true}]}}