{"id":8928,"date":"2022-01-25T11:19:35","date_gmt":"2022-01-25T17:19:35","guid":{"rendered":"https:\/\/www.bbmnoticias.com\/labravaradiofm\/?p=8928"},"modified":"2022-01-25T11:19:36","modified_gmt":"2022-01-25T17:19:36","slug":"el-mecanismo-de-proteccion-a-periodistas-de-mexico-no-sirve","status":"publish","type":"post","link":"https:\/\/www.bbmnoticias.com\/labravaradiofm\/2022\/01\/25\/el-mecanismo-de-proteccion-a-periodistas-de-mexico-no-sirve\/","title":{"rendered":"El mecanismo de protecci\u00f3n a periodistas de M\u00e9xico no sirve"},"content":{"rendered":"<div style=\"margin-top: 0px; margin-bottom: 0px;\" class=\"sharethis-inline-share-buttons\" ><\/div>\n<p>En lo que va del 2022, <u>3 periodistas han sido asesinados en M\u00e9xico<\/u>, por lo que periodistas y asociaciones aseguran que el <strong>mecanismo de protecci\u00f3n a periodistas<\/strong> del pa\u00eds no sirve.<\/p>\n\n\n\n<p>En esto coinciden la reportera Laura S\u00e1nchez Ley y el director de Article 19, Leopoldo Maldonado, quienes, adem\u00e1s, aseveran que dicho mecanismo est\u00e1 completamente rebasado.<\/p>\n\n\n\n<p>En entrevista para As\u00ed las cosas, los comunicadores aseveraron que el caso de los 3 periodistas asesinados en el primer mes del 2022 es una se\u00f1al clara del problema.<\/p>\n\n\n\n<p>Por ello, <strong>convocaron a una manifestaci\u00f3n masiva<\/strong> que se realizar\u00e1 simult\u00e1neamente este 25 de enero en diferentes estados de la Rep\u00fablica para pedir soluciones ante los asesinatos de periodistas.<\/p>\n\n\n\n<figure class=\"wp-block-pullquote\"><blockquote><p>\u201cNo quer\u00edamos que esto se quedara en la nada entonces nos organizamos\u2026Hasta el momento se han sumado m\u00e1s de 35 ciudades ya a una manifestaci\u00f3n simult\u00e1nea\u2026donde colegas de todo el pa\u00eds, hasta el momento m\u00e1s de 300 entre los que se encuentran organizaciones, ciudadanos y periodistas se van a manifestar para pedir un alto a la impunidad\u201d Laura S\u00e1nchez, periodista<\/p><\/blockquote><\/figure>\n\n\n\n<p>Adem\u00e1s, S\u00e1nchez reclam\u00f3 que en M\u00e9xico matar a un periodista es \u201ccomo matar a nadie\u201d.<\/p>\n\n\n\n<h2 class=\"wp-block-heading\"><strong>Mecanismo de protecci\u00f3n a periodistas no sirve, pero es mejor que nada<\/strong><\/h2>\n\n\n\n<p>El <strong>mecanismo de protecci\u00f3n a periodistas<\/strong> en M\u00e9xico <strong>no sirve<\/strong>, consider\u00f3 Laura S\u00e1nchez; sin embargo, Leopoldo Maldonado consider\u00f3 que es mejor a que no exista en absoluto un mecanismo de apoyo.<\/p>\n\n\n\n<p>S\u00e1nchez asegur\u00f3 que se va a exigir una revisi\u00f3n exhaustiva al mecanismo de protecci\u00f3n a periodistas porque \u201cno esta funcionando\u201d.<\/p>\n\n\n\n<figure class=\"wp-block-pullquote\"><blockquote><p>\u201cQue se revise el mecanismo de protecci\u00f3n a periodistas. Este mecanismo que supuestamente tendr\u00eda que estarnos protegiendo porque en much\u00edsimos casos los periodistas asesinados han sido parte de este mecanismo del gobierno federal a cargo de la Secretar\u00eda de Gobernaci\u00f3n, por lo tanto, se va a exigir una revisi\u00f3n exhaustiva a este mecanismo que realmente no est\u00e1 funcionando\u201d Laura S\u00e1nchez, periodista<\/p><\/blockquote><\/figure>\n\n\n\n<p>Adem\u00e1s, asegur\u00f3 que es un \u201ctotal fracaso\u201d debido a que est\u00e1n asesinando a los<strong> periodistas<\/strong> inscritos en el mecanismo de protecci\u00f3n.<\/p>\n\n\n\n<p>Por su parte, Leopoldo Maldonado asegur\u00f3 que se pierde m\u00e1s sin el mecanismo que con \u00e9l, debido a que hay m\u00e1s de mil 500 beneficiarios, en su mayor\u00eda defensores de los derechos humanos que hacen \u201clo que el gobierno no\u201d.<\/p>\n\n\n\n<figure class=\"wp-block-pullquote\"><blockquote><p>\u201cYo creo que perdemos m\u00e1s sin mecanismo que con mecanismo. Hoy hay mil 500 personas beneficiarias de las cuales m\u00e1s de 900 son defensores de los derechos humanos, sobre todo comunitarios y mam\u00e1s, pap\u00e1s que se han convertido en activistas defensores de los derechos humanos buscando a sus hijos\u201dLeopoldo Maldonado, director de Article 19<\/p><\/blockquote><\/figure>\n\n\n\n<p>Asegur\u00f3 que s\u00ed es necesario revisarlo pero que tiene claro que \u201cestar\u00edamos todav\u00eda peor\u201d si no existiera dicha instancia.<\/p>\n\n\n\n<p>Esto a pesar de que est\u00e1 rebasada por la situaci\u00f3n en M\u00e9xico donde 7 periodistas y 2 defensores inscritos al mecanismo han sido asesinados, lo que calific\u00f3 como preocupante.<\/p>\n\n\n\n<figure class=\"wp-block-pullquote\"><blockquote><p>\u201cYo creo que ning\u00fan programa de protecci\u00f3n a periodistas soporta la situaci\u00f3n que hay en M\u00e9xico que es la absoluta impunidad de los cr\u00edmenes contra la prensa\u201dLeopoldo Maldonado, director de Article 19<\/p><\/blockquote><\/figure>\n\n\n\n<h2 class=\"wp-block-heading\"><strong>Se est\u00e1 vislumbrando la incapacidad del estado para proteger a la prensa: Article 19<\/strong><\/h2>\n\n\n\n<p>De acuerdo con el director de Article 19 asegur\u00f3 que los asesinatos de los <strong>periodistas<\/strong>:<\/p>\n\n\n\n<ol class=\"wp-block-list\"><li>Lourdes Maldonado<\/li><li>Margarito Mart\u00ednez<\/li><li>Luis Gamboa<\/li><\/ol>\n\n\n\n<p>Solo est\u00e1 vislumbrando la incapacidad del Estado para proteger a la prensa y su \u201cgran capacidad de agredirla\u201d.<\/p>\n\n\n\n<p>De acuerdo con Leopoldo Maldonado, las <strong>agresiones a periodistas <\/strong>en M\u00e9xico ocurren cada 12 horas y van escalando y el hecho de que el Estado tambi\u00e9n los transgreda es letal.<\/p>\n\n\n\n<figure class=\"wp-block-pullquote\"><blockquote><p>\u201cLo que aqu\u00ed se esta vislumbrando es la incapacidad del Estado, la ausencia del estado para proteger a la prensa de las agresiones, pero una gran capacidad para agredirla\u201d Leopoldo Maldonado, director del Article 19<\/p><\/blockquote><\/figure>\n\n\n\n<p>Asimismo, aclar\u00f3 que no est\u00e1 culpando a ning\u00fan funcionario por los asesinatos de los periodistas todav\u00eda, pero s\u00ed por agresiones cotidianas y que van escalando como:<\/p>\n\n\n\n<ul class=\"wp-block-list\"><li>Amenazas<\/li><li>Hostigamiento<\/li><li>Bloqueo informativo<\/li><li>Acoso judicial<\/li><li>Campa\u00f1as de desprestigio p\u00fablico pagadas con dinero p\u00fablico<\/li><\/ul>\n\n\n\n<figure class=\"wp-block-pullquote\"><blockquote><p>\u201cEse tipo de agresiones que, seg\u00fan nuestros registros se presentan cada 12 horas, van escalando porque van midiendo la reacci\u00f3n social, la reacci\u00f3n pol\u00edtica, la reacci\u00f3n de las instituciones y pueden llegar a los asesinatos\u201d Leopoldo Maldonado, director del Article 19<\/p><\/blockquote><\/figure>\n\n\n\n<h2 class=\"wp-block-heading\"><strong>Periodistas no saben c\u00f3mo cuidarse de las agresiones<\/strong><\/h2>\n\n\n\n<p>Por otra parte, Laura S\u00e1nchez asever\u00f3 que los <strong>periodistas<\/strong> no saben c\u00f3mo cuidarse de las agresiones porque generalmente no hay certezas sobre de d\u00f3nde vienen.<\/p>\n\n\n\n<figure class=\"wp-block-pullquote\"><blockquote><p>\u201cGeneralmente no hay certezas de d\u00f3nde vienen los ataques\u2026es frustrante porque los reporteros no saben de donde viene el golpe y por lo tanto no saben qu\u00e9 medidas tomar, contra quien cuidarse, para donde mirar\u201d Laura S\u00e1nchez, periodista<\/p><\/blockquote><\/figure>\n\n\n\n<p>S\u00e1nchez Ley comparti\u00f3 que el fiscal de Baja California le comparti\u00f3 \u201cunos indicios\u201d respecto a los casos de Margarito Mart\u00ednez y Lourdes Maldonado.<\/p>\n\n\n\n<p>Respecto al fotoperiodista, se cree que el ataque est\u00e1 relacionado con su labor profesional y el narcotr\u00e1fico, mientras que para Maldonado <strong>no se cree que tenga que ver con su labor period\u00edstica o su denuncia laboral a Jaime Bonilla<\/strong>, comparti\u00f3.<\/p>\n\n\n\n<figure class=\"wp-block-pullquote\"><blockquote><p>\u201cEn el caso de Lourdes las autoridades me comentaban que todav\u00eda no ten\u00edan ning\u00fan indicio, solamente que pod\u00edan adelantar que ellos consideraban que no ten\u00eda nada que ver con su quehacer period\u00edstico y sobre todo no ten\u00eda nada que ver con el gobernador Bonilla\u201d Laura S\u00e1nchez, periodista<\/p><\/blockquote><\/figure>\n","protected":false},"excerpt":{"rendered":"<p>En lo que va del 2022, 3 periodistas han sido asesinados en M\u00e9xico, por lo que periodistas y asociaciones aseguran que el mecanismo de protecci\u00f3n a periodistas del pa\u00eds no sirve. En esto coinciden la reportera Laura S\u00e1nchez Ley y el director de Article 19, Leopoldo Maldonado, quienes, adem\u00e1s, aseveran que dicho mecanismo est\u00e1 completamente [&hellip;]<\/p>\n","protected":false},"author":12,"featured_media":8929,"comment_status":"closed","ping_status":"closed","sticky":false,"template":"","format":"standard","meta":{"footnotes":""},"categories":[19],"tags":[],"class_list":{"0":"post-8928","1":"post","2":"type-post","3":"status-publish","4":"format-standard","5":"has-post-thumbnail","7":"category-nacional"},"yoast_head":"<!-- This site is optimized with the Yoast SEO plugin v27.4 - https:\/\/yoast.com\/product\/yoast-seo-wordpress\/ -->\n<title>El mecanismo de protecci\u00f3n a periodistas de M\u00e9xico no sirve - LA BRAVA RADIO<\/title>\n<meta name=\"robots\" content=\"index, follow, max-snippet:-1, max-image-preview:large, max-video-preview:-1\" \/>\n<link rel=\"canonical\" href=\"https:\/\/www.bbmnoticias.com\/labravaradiofm\/2022\/01\/25\/el-mecanismo-de-proteccion-a-periodistas-de-mexico-no-sirve\/\" \/>\n<meta property=\"og:locale\" content=\"es_MX\" \/>\n<meta property=\"og:type\" content=\"article\" \/>\n<meta property=\"og:title\" content=\"El mecanismo de protecci\u00f3n a periodistas de M\u00e9xico no sirve - LA BRAVA RADIO\" \/>\n<meta property=\"og:description\" content=\"En lo que va del 2022, 3 periodistas han sido asesinados en M\u00e9xico, por lo que periodistas y asociaciones aseguran que el mecanismo de protecci\u00f3n a periodistas del pa\u00eds no sirve. En esto coinciden la reportera Laura S\u00e1nchez Ley y el director de Article 19, Leopoldo Maldonado, quienes, adem\u00e1s, aseveran que dicho mecanismo est\u00e1 completamente [&hellip;]\" \/>\n<meta property=\"og:url\" content=\"https:\/\/www.bbmnoticias.com\/labravaradiofm\/2022\/01\/25\/el-mecanismo-de-proteccion-a-periodistas-de-mexico-no-sirve\/\" \/>\n<meta property=\"og:site_name\" content=\"LA BRAVA RADIO\" \/>\n<meta property=\"article:published_time\" content=\"2022-01-25T17:19:35+00:00\" \/>\n<meta property=\"article:modified_time\" content=\"2022-01-25T17:19:36+00:00\" \/>\n<meta property=\"og:image\" content=\"https:\/\/www.bbmnoticias.com\/labravaradiofm\/wp-content\/uploads\/sites\/5\/2022\/01\/periodistas-proteccion.jpeg\" \/>\n\t<meta property=\"og:image:width\" content=\"640\" \/>\n\t<meta property=\"og:image:height\" content=\"360\" \/>\n\t<meta property=\"og:image:type\" content=\"image\/jpeg\" \/>\n<meta name=\"author\" content=\"SDPnoticias\" \/>\n<meta name=\"twitter:card\" content=\"summary_large_image\" \/>\n<meta name=\"twitter:label1\" content=\"Escrito por\" \/>\n\t<meta name=\"twitter:data1\" content=\"SDPnoticias\" \/>\n\t<meta name=\"twitter:label2\" content=\"Tiempo de lectura\" \/>\n\t<meta name=\"twitter:data2\" content=\"5 minutos\" \/>\n<script type=\"application\/ld+json\" class=\"yoast-schema-graph\">{\"@context\":\"https:\\\/\\\/schema.org\",\"@graph\":[{\"@type\":\"Article\",\"@id\":\"https:\\\/\\\/www.bbmnoticias.com\\\/labravaradiofm\\\/2022\\\/01\\\/25\\\/el-mecanismo-de-proteccion-a-periodistas-de-mexico-no-sirve\\\/#article\",\"isPartOf\":{\"@id\":\"https:\\\/\\\/www.bbmnoticias.com\\\/labravaradiofm\\\/2022\\\/01\\\/25\\\/el-mecanismo-de-proteccion-a-periodistas-de-mexico-no-sirve\\\/\"},\"author\":{\"name\":\"SDPnoticias\",\"@id\":\"https:\\\/\\\/www.bbmnoticias.com\\\/labravaradiofm\\\/#\\\/schema\\\/person\\\/dd54c3159a8392b3c13f071a62fce1fb\"},\"headline\":\"El mecanismo de protecci\u00f3n a periodistas de M\u00e9xico no sirve\",\"datePublished\":\"2022-01-25T17:19:35+00:00\",\"dateModified\":\"2022-01-25T17:19:36+00:00\",\"mainEntityOfPage\":{\"@id\":\"https:\\\/\\\/www.bbmnoticias.com\\\/labravaradiofm\\\/2022\\\/01\\\/25\\\/el-mecanismo-de-proteccion-a-periodistas-de-mexico-no-sirve\\\/\"},\"wordCount\":967,\"image\":{\"@id\":\"https:\\\/\\\/www.bbmnoticias.com\\\/labravaradiofm\\\/2022\\\/01\\\/25\\\/el-mecanismo-de-proteccion-a-periodistas-de-mexico-no-sirve\\\/#primaryimage\"},\"thumbnailUrl\":\"https:\\\/\\\/www.bbmnoticias.com\\\/labravaradiofm\\\/wp-content\\\/uploads\\\/sites\\\/5\\\/2022\\\/01\\\/periodistas-proteccion.jpeg\",\"articleSection\":[\"NACIONAL\"],\"inLanguage\":\"es\"},{\"@type\":\"WebPage\",\"@id\":\"https:\\\/\\\/www.bbmnoticias.com\\\/labravaradiofm\\\/2022\\\/01\\\/25\\\/el-mecanismo-de-proteccion-a-periodistas-de-mexico-no-sirve\\\/\",\"url\":\"https:\\\/\\\/www.bbmnoticias.com\\\/labravaradiofm\\\/2022\\\/01\\\/25\\\/el-mecanismo-de-proteccion-a-periodistas-de-mexico-no-sirve\\\/\",\"name\":\"El mecanismo de protecci\u00f3n a periodistas de M\u00e9xico no sirve - LA BRAVA RADIO\",\"isPartOf\":{\"@id\":\"https:\\\/\\\/www.bbmnoticias.com\\\/labravaradiofm\\\/#website\"},\"primaryImageOfPage\":{\"@id\":\"https:\\\/\\\/www.bbmnoticias.com\\\/labravaradiofm\\\/2022\\\/01\\\/25\\\/el-mecanismo-de-proteccion-a-periodistas-de-mexico-no-sirve\\\/#primaryimage\"},\"image\":{\"@id\":\"https:\\\/\\\/www.bbmnoticias.com\\\/labravaradiofm\\\/2022\\\/01\\\/25\\\/el-mecanismo-de-proteccion-a-periodistas-de-mexico-no-sirve\\\/#primaryimage\"},\"thumbnailUrl\":\"https:\\\/\\\/www.bbmnoticias.com\\\/labravaradiofm\\\/wp-content\\\/uploads\\\/sites\\\/5\\\/2022\\\/01\\\/periodistas-proteccion.jpeg\",\"datePublished\":\"2022-01-25T17:19:35+00:00\",\"dateModified\":\"2022-01-25T17:19:36+00:00\",\"author\":{\"@id\":\"https:\\\/\\\/www.bbmnoticias.com\\\/labravaradiofm\\\/#\\\/schema\\\/person\\\/dd54c3159a8392b3c13f071a62fce1fb\"},\"breadcrumb\":{\"@id\":\"https:\\\/\\\/www.bbmnoticias.com\\\/labravaradiofm\\\/2022\\\/01\\\/25\\\/el-mecanismo-de-proteccion-a-periodistas-de-mexico-no-sirve\\\/#breadcrumb\"},\"inLanguage\":\"es\",\"potentialAction\":[{\"@type\":\"ReadAction\",\"target\":[\"https:\\\/\\\/www.bbmnoticias.com\\\/labravaradiofm\\\/2022\\\/01\\\/25\\\/el-mecanismo-de-proteccion-a-periodistas-de-mexico-no-sirve\\\/\"]}]},{\"@type\":\"ImageObject\",\"inLanguage\":\"es\",\"@id\":\"https:\\\/\\\/www.bbmnoticias.com\\\/labravaradiofm\\\/2022\\\/01\\\/25\\\/el-mecanismo-de-proteccion-a-periodistas-de-mexico-no-sirve\\\/#primaryimage\",\"url\":\"https:\\\/\\\/www.bbmnoticias.com\\\/labravaradiofm\\\/wp-content\\\/uploads\\\/sites\\\/5\\\/2022\\\/01\\\/periodistas-proteccion.jpeg\",\"contentUrl\":\"https:\\\/\\\/www.bbmnoticias.com\\\/labravaradiofm\\\/wp-content\\\/uploads\\\/sites\\\/5\\\/2022\\\/01\\\/periodistas-proteccion.jpeg\",\"width\":640,\"height\":360},{\"@type\":\"BreadcrumbList\",\"@id\":\"https:\\\/\\\/www.bbmnoticias.com\\\/labravaradiofm\\\/2022\\\/01\\\/25\\\/el-mecanismo-de-proteccion-a-periodistas-de-mexico-no-sirve\\\/#breadcrumb\",\"itemListElement\":[{\"@type\":\"ListItem\",\"position\":1,\"name\":\"Inicio\",\"item\":\"https:\\\/\\\/www.bbmnoticias.com\\\/labravaradiofm\\\/\"},{\"@type\":\"ListItem\",\"position\":2,\"name\":\"El mecanismo de protecci\u00f3n a periodistas de M\u00e9xico no sirve\"}]},{\"@type\":\"WebSite\",\"@id\":\"https:\\\/\\\/www.bbmnoticias.com\\\/labravaradiofm\\\/#website\",\"url\":\"https:\\\/\\\/www.bbmnoticias.com\\\/labravaradiofm\\\/\",\"name\":\"LA BRAVA RADIO\",\"description\":\"Empresa productora de medios, Radiodifusi\u00f3n, Noticias, tendencias y todo lo que necesitas saber de la pol\u00edtica mexicana e internacional; entretenimiento, espect\u00e1culos, salud y mucho m\u00e1s.\",\"potentialAction\":[{\"@type\":\"SearchAction\",\"target\":{\"@type\":\"EntryPoint\",\"urlTemplate\":\"https:\\\/\\\/www.bbmnoticias.com\\\/labravaradiofm\\\/?s={search_term_string}\"},\"query-input\":{\"@type\":\"PropertyValueSpecification\",\"valueRequired\":true,\"valueName\":\"search_term_string\"}}],\"inLanguage\":\"es\"},{\"@type\":\"Person\",\"@id\":\"https:\\\/\\\/www.bbmnoticias.com\\\/labravaradiofm\\\/#\\\/schema\\\/person\\\/dd54c3159a8392b3c13f071a62fce1fb\",\"name\":\"SDPnoticias\",\"image\":{\"@type\":\"ImageObject\",\"inLanguage\":\"es\",\"@id\":\"https:\\\/\\\/secure.gravatar.com\\\/avatar\\\/015ede9175a06d999d8b2b09e108b48c9e008e4ee44a647956086b51bbce326c?s=96&d=mm&r=g\",\"url\":\"https:\\\/\\\/secure.gravatar.com\\\/avatar\\\/015ede9175a06d999d8b2b09e108b48c9e008e4ee44a647956086b51bbce326c?s=96&d=mm&r=g\",\"contentUrl\":\"https:\\\/\\\/secure.gravatar.com\\\/avatar\\\/015ede9175a06d999d8b2b09e108b48c9e008e4ee44a647956086b51bbce326c?s=96&d=mm&r=g\",\"caption\":\"SDPnoticias\"},\"url\":\"https:\\\/\\\/www.bbmnoticias.com\\\/labravaradiofm\\\/author\\\/sdpnoticias\\\/\"}]}<\/script>\n<!-- \/ Yoast SEO plugin. -->","yoast_head_json":{"title":"El mecanismo de protecci\u00f3n a periodistas de M\u00e9xico no sirve - LA BRAVA RADIO","robots":{"index":"index","follow":"follow","max-snippet":"max-snippet:-1","max-image-preview":"max-image-preview:large","max-video-preview":"max-video-preview:-1"},"canonical":"https:\/\/www.bbmnoticias.com\/labravaradiofm\/2022\/01\/25\/el-mecanismo-de-proteccion-a-periodistas-de-mexico-no-sirve\/","og_locale":"es_MX","og_type":"article","og_title":"El mecanismo de protecci\u00f3n a periodistas de M\u00e9xico no sirve - LA BRAVA RADIO","og_description":"En lo que va del 2022, 3 periodistas han sido asesinados en M\u00e9xico, por lo que periodistas y asociaciones aseguran que el mecanismo de protecci\u00f3n a periodistas del pa\u00eds no sirve. En esto coinciden la reportera Laura S\u00e1nchez Ley y el director de Article 19, Leopoldo Maldonado, quienes, adem\u00e1s, aseveran que dicho mecanismo est\u00e1 completamente [&hellip;]","og_url":"https:\/\/www.bbmnoticias.com\/labravaradiofm\/2022\/01\/25\/el-mecanismo-de-proteccion-a-periodistas-de-mexico-no-sirve\/","og_site_name":"LA BRAVA RADIO","article_published_time":"2022-01-25T17:19:35+00:00","article_modified_time":"2022-01-25T17:19:36+00:00","og_image":[{"width":640,"height":360,"url":"https:\/\/www.bbmnoticias.com\/labravaradiofm\/wp-content\/uploads\/sites\/5\/2022\/01\/periodistas-proteccion.jpeg","type":"image\/jpeg"}],"author":"SDPnoticias","twitter_card":"summary_large_image","twitter_misc":{"Escrito por":"SDPnoticias","Tiempo de lectura":"5 minutos"},"schema":{"@context":"https:\/\/schema.org","@graph":[{"@type":"Article","@id":"https:\/\/www.bbmnoticias.com\/labravaradiofm\/2022\/01\/25\/el-mecanismo-de-proteccion-a-periodistas-de-mexico-no-sirve\/#article","isPartOf":{"@id":"https:\/\/www.bbmnoticias.com\/labravaradiofm\/2022\/01\/25\/el-mecanismo-de-proteccion-a-periodistas-de-mexico-no-sirve\/"},"author":{"name":"SDPnoticias","@id":"https:\/\/www.bbmnoticias.com\/labravaradiofm\/#\/schema\/person\/dd54c3159a8392b3c13f071a62fce1fb"},"headline":"El mecanismo de protecci\u00f3n a periodistas de M\u00e9xico no sirve","datePublished":"2022-01-25T17:19:35+00:00","dateModified":"2022-01-25T17:19:36+00:00","mainEntityOfPage":{"@id":"https:\/\/www.bbmnoticias.com\/labravaradiofm\/2022\/01\/25\/el-mecanismo-de-proteccion-a-periodistas-de-mexico-no-sirve\/"},"wordCount":967,"image":{"@id":"https:\/\/www.bbmnoticias.com\/labravaradiofm\/2022\/01\/25\/el-mecanismo-de-proteccion-a-periodistas-de-mexico-no-sirve\/#primaryimage"},"thumbnailUrl":"https:\/\/www.bbmnoticias.com\/labravaradiofm\/wp-content\/uploads\/sites\/5\/2022\/01\/periodistas-proteccion.jpeg","articleSection":["NACIONAL"],"inLanguage":"es"},{"@type":"WebPage","@id":"https:\/\/www.bbmnoticias.com\/labravaradiofm\/2022\/01\/25\/el-mecanismo-de-proteccion-a-periodistas-de-mexico-no-sirve\/","url":"https:\/\/www.bbmnoticias.com\/labravaradiofm\/2022\/01\/25\/el-mecanismo-de-proteccion-a-periodistas-de-mexico-no-sirve\/","name":"El mecanismo de protecci\u00f3n a periodistas de M\u00e9xico no sirve - LA BRAVA RADIO","isPartOf":{"@id":"https:\/\/www.bbmnoticias.com\/labravaradiofm\/#website"},"primaryImageOfPage":{"@id":"https:\/\/www.bbmnoticias.com\/labravaradiofm\/2022\/01\/25\/el-mecanismo-de-proteccion-a-periodistas-de-mexico-no-sirve\/#primaryimage"},"image":{"@id":"https:\/\/www.bbmnoticias.com\/labravaradiofm\/2022\/01\/25\/el-mecanismo-de-proteccion-a-periodistas-de-mexico-no-sirve\/#primaryimage"},"thumbnailUrl":"https:\/\/www.bbmnoticias.com\/labravaradiofm\/wp-content\/uploads\/sites\/5\/2022\/01\/periodistas-proteccion.jpeg","datePublished":"2022-01-25T17:19:35+00:00","dateModified":"2022-01-25T17:19:36+00:00","author":{"@id":"https:\/\/www.bbmnoticias.com\/labravaradiofm\/#\/schema\/person\/dd54c3159a8392b3c13f071a62fce1fb"},"breadcrumb":{"@id":"https:\/\/www.bbmnoticias.com\/labravaradiofm\/2022\/01\/25\/el-mecanismo-de-proteccion-a-periodistas-de-mexico-no-sirve\/#breadcrumb"},"inLanguage":"es","potentialAction":[{"@type":"ReadAction","target":["https:\/\/www.bbmnoticias.com\/labravaradiofm\/2022\/01\/25\/el-mecanismo-de-proteccion-a-periodistas-de-mexico-no-sirve\/"]}]},{"@type":"ImageObject","inLanguage":"es","@id":"https:\/\/www.bbmnoticias.com\/labravaradiofm\/2022\/01\/25\/el-mecanismo-de-proteccion-a-periodistas-de-mexico-no-sirve\/#primaryimage","url":"https:\/\/www.bbmnoticias.com\/labravaradiofm\/wp-content\/uploads\/sites\/5\/2022\/01\/periodistas-proteccion.jpeg","contentUrl":"https:\/\/www.bbmnoticias.com\/labravaradiofm\/wp-content\/uploads\/sites\/5\/2022\/01\/periodistas-proteccion.jpeg","width":640,"height":360},{"@type":"BreadcrumbList","@id":"https:\/\/www.bbmnoticias.com\/labravaradiofm\/2022\/01\/25\/el-mecanismo-de-proteccion-a-periodistas-de-mexico-no-sirve\/#breadcrumb","itemListElement":[{"@type":"ListItem","position":1,"name":"Inicio","item":"https:\/\/www.bbmnoticias.com\/labravaradiofm\/"},{"@type":"ListItem","position":2,"name":"El mecanismo de protecci\u00f3n a periodistas de M\u00e9xico no sirve"}]},{"@type":"WebSite","@id":"https:\/\/www.bbmnoticias.com\/labravaradiofm\/#website","url":"https:\/\/www.bbmnoticias.com\/labravaradiofm\/","name":"LA BRAVA RADIO","description":"Empresa productora de medios, Radiodifusi\u00f3n, Noticias, tendencias y todo lo que necesitas saber de la pol\u00edtica mexicana e internacional; entretenimiento, espect\u00e1culos, salud y mucho m\u00e1s.","potentialAction":[{"@type":"SearchAction","target":{"@type":"EntryPoint","urlTemplate":"https:\/\/www.bbmnoticias.com\/labravaradiofm\/?s={search_term_string}"},"query-input":{"@type":"PropertyValueSpecification","valueRequired":true,"valueName":"search_term_string"}}],"inLanguage":"es"},{"@type":"Person","@id":"https:\/\/www.bbmnoticias.com\/labravaradiofm\/#\/schema\/person\/dd54c3159a8392b3c13f071a62fce1fb","name":"SDPnoticias","image":{"@type":"ImageObject","inLanguage":"es","@id":"https:\/\/secure.gravatar.com\/avatar\/015ede9175a06d999d8b2b09e108b48c9e008e4ee44a647956086b51bbce326c?s=96&d=mm&r=g","url":"https:\/\/secure.gravatar.com\/avatar\/015ede9175a06d999d8b2b09e108b48c9e008e4ee44a647956086b51bbce326c?s=96&d=mm&r=g","contentUrl":"https:\/\/secure.gravatar.com\/avatar\/015ede9175a06d999d8b2b09e108b48c9e008e4ee44a647956086b51bbce326c?s=96&d=mm&r=g","caption":"SDPnoticias"},"url":"https:\/\/www.bbmnoticias.com\/labravaradiofm\/author\/sdpnoticias\/"}]}},"_links":{"self":[{"href":"https:\/\/www.bbmnoticias.com\/labravaradiofm\/wp-json\/wp\/v2\/posts\/8928","targetHints":{"allow":["GET"]}}],"collection":[{"href":"https:\/\/www.bbmnoticias.com\/labravaradiofm\/wp-json\/wp\/v2\/posts"}],"about":[{"href":"https:\/\/www.bbmnoticias.com\/labravaradiofm\/wp-json\/wp\/v2\/types\/post"}],"author":[{"embeddable":true,"href":"https:\/\/www.bbmnoticias.com\/labravaradiofm\/wp-json\/wp\/v2\/users\/12"}],"replies":[{"embeddable":true,"href":"https:\/\/www.bbmnoticias.com\/labravaradiofm\/wp-json\/wp\/v2\/comments?post=8928"}],"version-history":[{"count":0,"href":"https:\/\/www.bbmnoticias.com\/labravaradiofm\/wp-json\/wp\/v2\/posts\/8928\/revisions"}],"wp:featuredmedia":[{"embeddable":true,"href":"https:\/\/www.bbmnoticias.com\/labravaradiofm\/wp-json\/wp\/v2\/media\/8929"}],"wp:attachment":[{"href":"https:\/\/www.bbmnoticias.com\/labravaradiofm\/wp-json\/wp\/v2\/media?parent=8928"}],"wp:term":[{"taxonomy":"category","embeddable":true,"href":"https:\/\/www.bbmnoticias.com\/labravaradiofm\/wp-json\/wp\/v2\/categories?post=8928"},{"taxonomy":"post_tag","embeddable":true,"href":"https:\/\/www.bbmnoticias.com\/labravaradiofm\/wp-json\/wp\/v2\/tags?post=8928"}],"curies":[{"name":"wp","href":"https:\/\/api.w.org\/{rel}","templated":true}]}}