{"id":8860,"date":"2022-01-24T11:38:24","date_gmt":"2022-01-24T17:38:24","guid":{"rendered":"https:\/\/www.bbmnoticias.com\/labravaradiofm\/?p=8860"},"modified":"2022-01-24T11:38:26","modified_gmt":"2022-01-24T17:38:26","slug":"que-es-la-subvariante-ba-2-de-omicron-conocida-como-silenciosa-y-por-que-cientificos-la-investigan","status":"publish","type":"post","link":"https:\/\/www.bbmnoticias.com\/labravaradiofm\/2022\/01\/24\/que-es-la-subvariante-ba-2-de-omicron-conocida-como-silenciosa-y-por-que-cientificos-la-investigan\/","title":{"rendered":"\u00bfQu\u00e9 es la subvariante BA.2 de \u00f3micron, conocida como \u201csilenciosa\u201d y por qu\u00e9 cient\u00edficos la investigan?"},"content":{"rendered":"<div style=\"margin-top: 0px; margin-bottom: 0px;\" class=\"sharethis-inline-share-buttons\" ><\/div>\n<p>Las autoridades de salud de<strong> Reino Unido<\/strong> alertaron a la poblaci\u00f3n de un aumento de una subvariante de la <strong>variante \u00f3micron del SARS-CoV-2<\/strong>, virus causante del Covid-19. La bautizaron como <strong>\u201c\u00f3micron silenciosa\u201d<\/strong> y es poco lo que se sabe de ella, pero ante el aumento en casos las autoridades brit\u00e1nicas la declararon como \u201cvariante bajo investigaci\u00f3n\u201d.<\/p>\n\n\n\n<p>Esta subvariante ya est\u00e1 presente en Reino Unido, Dinamarca (pa\u00eds donde registra el mayor aumento), Suecia, Noruega, India, Grecia, Filipinas y Estados Unidos.<\/p>\n\n\n\n<p>\u00bfA qu\u00e9 se debe la preocupaci\u00f3n? Principalmente a dos cosas: la primera es que se teme que el aumento de esta subvariante se deba a que es a\u00fan m\u00e1s contagiosa que la \u201c\u00f3micron original\u201d, y la segunda es a la forma en la que esta llega a \u201cescabullirse\u201d de algunos tests que identifican a qu\u00e9 variante pertenece cada muestra.<\/p>\n\n\n\n<p>De momento no hay indicios de que esta subvariante produzca s\u00edntomas diferentes, ni que sea m\u00e1s agresiva, m\u00e1s letal o que represente una necesidad en el cambio de medidas para combatir al virus.<\/p>\n\n\n\n<p>La Naci\u00f3n recopil\u00f3 la informaci\u00f3n que hay hasta el momento de autoridades de salud, explicaciones de diversos cient\u00edficos, documentos de la<strong> Organizaci\u00f3n Mundial de la Salud (OMS)<\/strong> y prepar\u00f3 esta gu\u00eda con las preguntas y respuestas m\u00e1s comunes sobre esta nueva clasificaci\u00f3n.<br>&nbsp;<\/p>\n\n\n\n<h2 class=\"wp-block-heading\">\u00bfPor qu\u00e9 surgen las subvariantes?<\/h2>\n\n\n\n<p>Casi todas las variantes virales anteriores del SARS-CoV-2 han generado sus subvariantes, porque es parte de su misma naturaleza. En el caso de delta, por ejemplo, en octubre pasado la ciencia sigui\u00f3 de cerca una a la que se bautiz\u00f3 popularmente como \u201cdelta plus\u201d, la cual ten\u00eda mutaciones diferentes que las vistas en la versi\u00f3n \u201coriginal de delta\u201d.<\/p>\n\n\n\n<p>\u201cEsto es parte de la evoluci\u00f3n normal del virus. Estos no dejan de mutar. Ya son una variante, s\u00ed, pero las variantes siguen mutando, y hay nuevas variaciones dentro de cada variante. Se monitorea para ver si alguno de esos subgrupos cambia el comportamiento\u201d, explic\u00f3 al hablar de delta plus Jose Arturo Molina, quien es investigador de la Universidad de Costa Rica (UCR) y miembro del equipo que realiza los an\u00e1lisis gen\u00f3micos del SARS-CoV-2 en nuestro pa\u00eds.<\/p>\n\n\n\n<h2 class=\"wp-block-heading\">\u00bfQu\u00e9 subvariantes ha mostrado \u00f3micron?<\/h2>\n\n\n\n<p>De acuerdo con la Organizaci\u00f3n Mundial de la Salud, \u00f3micron, cuyo nombre cient\u00edfico es B.1.1.529, comprende tres linajes (o subvariantes) BA.1 (la original), BA.2 (la sigilosa) y BA-3 (la de m\u00e1s reciente descubrimiento).<\/p>\n\n\n\n<p>En este momento, la BA.1 es la dominante en todo el mundo y conforma cerca del 97,4% de los casos de \u00f3micron. Sin embargo, el r\u00e1pido crecimiento de la BA.2 preocupa a algunas autoridades y cient\u00edficos. Este jueves, el Ministerio de Salud de Dinamarca se\u00f1al\u00f3 que la BA.2 pas\u00f3 de ser un 20% de los casos analizados en la \u00faltima semana de 2021 a un 45% en la segunda semana de 2022.<br>&nbsp;<\/p>\n\n\n\n<h2 class=\"wp-block-heading\">\u00bfPor qu\u00e9 a esta se le llama \u2018\u00f3micron sigilosa\u2019?<\/h2>\n\n\n\n<p>Porque se \u201cescapa\u201d de la vista con los an\u00e1lisis gen\u00e9ticos m\u00e1s simples. Una de las caracter\u00edsticas que tiene la \u201cversi\u00f3n original\u201d de la variante \u00f3micron es que no tiene un gen espec\u00edfico que detectan las pruebas de PCR. Entonces, cuando las PCR ve\u00edan un resultado positivo sin este gen daban casi por un hecho que se trataba de un caso de \u00f3micron.<\/p>\n\n\n\n<h2 class=\"wp-block-heading\">\u00bfCu\u00e1ntos cambios gen\u00e9ticos registra?<\/h2>\n\n\n\n<p>Shay Fleishon, bi\u00f3logo israel\u00ed especializado en biotecnolog\u00eda, indic\u00f3 que la \u00f3micron sigilosa s\u00ed comparte 32 mutaciones con la BA.1, pero que tiene 28 mutaciones \u00fanicas en ella. Este n\u00famero es mayor que el que hizo que alfa, beta o gama fueran variantes por s\u00ed mismas.<\/p>\n\n\n\n<p>Sin embargo, un n\u00famero mayor de mutaciones no necesariamente quiere decir que estas subvariantes vayan a tener comportamientos distintos en cuanto a rapidez de propagaci\u00f3n, severidad, letalidad o formas de transmitirse.<\/p>\n\n\n\n<p>\u201cEstas diferencias podr\u00edan llevar a diferentes propiedades de infecciosidad, efectividad en las vacunas o severidad. Hasta el momento no hay informaci\u00f3n que indique que BA.1 y BA.2 tengan propiedades distintas o no\u201d, cit\u00f3 un comunicado de prensa del Instituto Serum de Dinamarca, quienes dan seguimiento al virus.<br>&nbsp;<\/p>\n\n\n\n<h2 class=\"wp-block-heading\">\u00bfNo deber\u00eda ser considerada una variante aparte?<\/h2>\n\n\n\n<p>Fleishon considera que s\u00ed. A trav\u00e9s de su cuenta en la red social Twitter indic\u00f3 que lo responsable es separarla como una variante aparte hasta que se genere nueva informaci\u00f3n y le record\u00f3 a la OMS que la letra griega Pi estaba disponible para una nueva variante.<\/p>\n\n\n\n<p>Sin embargo, no es tan simple. Cuando se habl\u00f3 de \u201cdelta plus\u201d, Molina asever\u00f3 que pese a sus cambios gen\u00e9ticos esta no pod\u00eda considerarse una variante en s\u00ed misma, es parte de una misma familia.<\/p>\n\n\n\n<p>\u201cCuando somos parte de una familia llevamos el apellido que, para cuando nacemos, ya lleva varias generaciones. Mi apellido Molina no me lo puedo borrar, tres generaciones arriba ah\u00ed estaba, desde mucho antes. Yo pertenezco a ese grupo s\u00ed o s\u00ed\u201d, explic\u00f3.<\/p>\n\n\n\n<p>Sin embargo, la cantidad de cambios gen\u00e9ticos al comparar delta y \u201cdelta plus\u201d eran menores a las vistas entre \u00f3micron y \u00f3micron sigilosa.<br>&nbsp;<\/p>\n\n\n\n<h2 class=\"wp-block-heading\">\u00bfEs m\u00e1s transmisible?<\/h2>\n\n\n\n<p>Es una de las hip\u00f3tesis. El aumento r\u00e1pido de esta subvariante en Dinamarca, Reino Unido e India, entre otros, lleva a algunos cient\u00edficos a inferir que s\u00ed puede ser m\u00e1s contagiosa.<\/p>\n\n\n\n<p>\u201cEl crecimiento consistente en varios pa\u00edses es evidencia de que BA.2 podr\u00eda ser hasta cierto punto m\u00e1s transmisible que BA.1. Personalmente, no estoy seguro de si BA.2 vaya tener un impacto sustancial dentro del ola pand\u00e9mica. No esperar\u00eda una nueva ola. S\u00ed es posible que en unos meses BA.2 sea m\u00e1s com\u00fan que BA.1, pero no como para que haya cambios dr\u00e1sticos en la transmisi\u00f3n\u201c, destac\u00f3 el vir\u00f3logo ingl\u00e9s Tom Peacok.<\/p>\n\n\n\n<p>La OMS, en un documento enviado la ma\u00f1ana de este s\u00e1bado, indic\u00f3 que la forma en la que surgi\u00f3 y se transmite la \u00f3micron sigilosa se mantiene en investigaci\u00f3n, pero de momento sus caracter\u00edsticas no est\u00e1n claras.<\/p>\n\n\n\n<h2 class=\"wp-block-heading\">\u00bfEs m\u00e1s agresiva o letal?<\/h2>\n\n\n\n<p>De momento no hay suficiente informaci\u00f3n para saberlo, pero en ninguno de los pa\u00edses donde esta subvariante est\u00e1 creciendo hay incrementos en hospitalizaciones ni en muertes, lo que sugiere que no causar\u00eda una enfermedad m\u00e1s severa.<br>&nbsp;<\/p>\n\n\n\n<h2 class=\"wp-block-heading\">\u00bfSe escapar\u00eda m\u00e1s f\u00e1cilmente de los anticuerpos generados por vacunas o por infecci\u00f3n?<\/h2>\n\n\n\n<p>De momento no hay informaci\u00f3n para determinarlo de forma fehaciente, pero Peacok consider\u00f3 que probablemente funcionen de la misma forma que lo han hecho con \u00f3micron y seguir\u00e1n protegiendo de enfermedad grave y muerte.<\/p>\n\n\n\n<h2 class=\"wp-block-heading\">\u00bfC\u00f3mo se estudia esta subvariante?<\/h2>\n\n\n\n<p>La OMS pidi\u00f3 a los pa\u00edses estar vigilantes en el monitoreo gen\u00f3mico para notar incrementos de alguna de sus subvariantes o comportamientos distintos a los esperados. Para ello, los pa\u00edses deben hacer an\u00e1lisis gen\u00f3micos (de la gen\u00e9tica viral) en la mayor medida posible.<\/p>\n\n\n\n<p>Adem\u00e1s, estos an\u00e1lisis deben ir acompa\u00f1ados de vigilancia en el n\u00famero de casos de covid-19 reportados, hospitalizaciones y muertes, tanto en poblaci\u00f3n vacunada como no vacunada, para entender mejor el impacto de \u00f3micron y de sus subvariantes.<br>&nbsp;<\/p>\n\n\n\n<h2 class=\"wp-block-heading\">\u00bfQu\u00e9 medidas podemos tomar?<\/h2>\n\n\n\n<p>La forma de transmisi\u00f3n del virus no ha cambiado, por lo tanto, la forma de cuidarnos sigue siendo la misma. No existe una mascarilla especial que la contenga, basta la misma que hemos usado, tampoco hay un jab\u00f3n especial para lavarse las manos.<\/p>\n\n\n\n<p>Vac\u00fanese y complete su esquema. Si es candidato a refuerzo, apl\u00edqueselo cuando tenga la oportunidad. Sin embargo, solo la vacuna no es suficiente. Esta es una muy buena herramienta, y ha sido decisiva en la baja del impacto de la enfermedad en el pa\u00eds, pero no es la \u00fanica.<\/p>\n\n\n\n<p>\u201cLas vacunas que tenemos son incre\u00edblemente efectivas para prevenir las hospitalizaciones, la necesidad de cuidados intensivos y las muertes, pero las vacunas por s\u00ed solas son insuficientes para acabar con la pandemia. Tenemos las otras herramientas, y debemos usarlas\u201d, expres\u00f3 Van Kerkhove.<br>&nbsp;<\/p>\n\n\n\n<p>Prefiera sitios abiertos y bien ventilados. Abra puertas y ventanas. Evite en la medida de lo posible espacios peque\u00f1os, cerrados y con poca ventilaci\u00f3n, si no puede evitarlos y debe estar con m\u00e1s personas, permanezca el menor tiempo posible ah\u00ed.<\/p>\n\n\n\n<p>Use la mascarilla, especialmente en sitios cerrados y donde no sea posible guardar la distancia. Aseg\u00farese de que est\u00e1 bien colocada, que cubra nariz, boca y ment\u00f3n. Que no deje espacios ni se mueva libremente.<\/p>\n\n\n\n<p>L\u00e1vese las manos rigurosamente y s\u00e9quese bien. El alcohol en gel es un plan B para cuando no hay agua y jab\u00f3n disponibles.<\/p>\n","protected":false},"excerpt":{"rendered":"<p>Las autoridades de salud de Reino Unido alertaron a la poblaci\u00f3n de un aumento de una subvariante de la variante \u00f3micron del SARS-CoV-2, virus causante del Covid-19. La bautizaron como \u201c\u00f3micron silenciosa\u201d y es poco lo que se sabe de ella, pero ante el aumento en casos las autoridades brit\u00e1nicas la declararon como \u201cvariante bajo [&hellip;]<\/p>\n","protected":false},"author":4,"featured_media":8861,"comment_status":"closed","ping_status":"closed","sticky":false,"template":"","format":"standard","meta":{"footnotes":""},"categories":[1],"tags":[],"class_list":{"0":"post-8860","1":"post","2":"type-post","3":"status-publish","4":"format-standard","5":"has-post-thumbnail","7":"category-sin-categoria"},"yoast_head":"<!-- This site is optimized with the Yoast SEO plugin v27.4 - https:\/\/yoast.com\/product\/yoast-seo-wordpress\/ -->\n<title>\u00bfQu\u00e9 es la subvariante BA.2 de \u00f3micron, conocida como \u201csilenciosa\u201d y por qu\u00e9 cient\u00edficos la investigan? - LA BRAVA RADIO<\/title>\n<meta name=\"robots\" content=\"index, follow, max-snippet:-1, max-image-preview:large, max-video-preview:-1\" \/>\n<link rel=\"canonical\" href=\"https:\/\/www.bbmnoticias.com\/labravaradiofm\/2022\/01\/24\/que-es-la-subvariante-ba-2-de-omicron-conocida-como-silenciosa-y-por-que-cientificos-la-investigan\/\" \/>\n<meta property=\"og:locale\" content=\"es_MX\" \/>\n<meta property=\"og:type\" content=\"article\" \/>\n<meta property=\"og:title\" content=\"\u00bfQu\u00e9 es la subvariante BA.2 de \u00f3micron, conocida como \u201csilenciosa\u201d y por qu\u00e9 cient\u00edficos la investigan? - LA BRAVA RADIO\" \/>\n<meta property=\"og:description\" content=\"Las autoridades de salud de Reino Unido alertaron a la poblaci\u00f3n de un aumento de una subvariante de la variante \u00f3micron del SARS-CoV-2, virus causante del Covid-19. La bautizaron como \u201c\u00f3micron silenciosa\u201d y es poco lo que se sabe de ella, pero ante el aumento en casos las autoridades brit\u00e1nicas la declararon como \u201cvariante bajo [&hellip;]\" \/>\n<meta property=\"og:url\" content=\"https:\/\/www.bbmnoticias.com\/labravaradiofm\/2022\/01\/24\/que-es-la-subvariante-ba-2-de-omicron-conocida-como-silenciosa-y-por-que-cientificos-la-investigan\/\" \/>\n<meta property=\"og:site_name\" content=\"LA BRAVA RADIO\" \/>\n<meta property=\"article:published_time\" content=\"2022-01-24T17:38:24+00:00\" \/>\n<meta property=\"article:modified_time\" content=\"2022-01-24T17:38:26+00:00\" \/>\n<meta property=\"og:image\" content=\"https:\/\/www.bbmnoticias.com\/labravaradiofm\/wp-content\/uploads\/sites\/5\/2022\/01\/variante-omicron.webp\" \/>\n\t<meta property=\"og:image:width\" content=\"1201\" \/>\n\t<meta property=\"og:image:height\" content=\"740\" \/>\n\t<meta property=\"og:image:type\" content=\"image\/webp\" \/>\n<meta name=\"author\" content=\"Agencias\" \/>\n<meta name=\"twitter:card\" content=\"summary_large_image\" \/>\n<meta name=\"twitter:label1\" content=\"Escrito por\" \/>\n\t<meta name=\"twitter:data1\" content=\"Agencias\" \/>\n\t<meta name=\"twitter:label2\" content=\"Tiempo de lectura\" \/>\n\t<meta name=\"twitter:data2\" content=\"7 minutos\" \/>\n<script type=\"application\/ld+json\" class=\"yoast-schema-graph\">{\"@context\":\"https:\\\/\\\/schema.org\",\"@graph\":[{\"@type\":\"Article\",\"@id\":\"https:\\\/\\\/www.bbmnoticias.com\\\/labravaradiofm\\\/2022\\\/01\\\/24\\\/que-es-la-subvariante-ba-2-de-omicron-conocida-como-silenciosa-y-por-que-cientificos-la-investigan\\\/#article\",\"isPartOf\":{\"@id\":\"https:\\\/\\\/www.bbmnoticias.com\\\/labravaradiofm\\\/2022\\\/01\\\/24\\\/que-es-la-subvariante-ba-2-de-omicron-conocida-como-silenciosa-y-por-que-cientificos-la-investigan\\\/\"},\"author\":{\"name\":\"Agencias\",\"@id\":\"https:\\\/\\\/www.bbmnoticias.com\\\/labravaradiofm\\\/#\\\/schema\\\/person\\\/857a3daf5c8142f29919023f377fbfad\"},\"headline\":\"\u00bfQu\u00e9 es la subvariante BA.2 de \u00f3micron, conocida como \u201csilenciosa\u201d y por qu\u00e9 cient\u00edficos la investigan?\",\"datePublished\":\"2022-01-24T17:38:24+00:00\",\"dateModified\":\"2022-01-24T17:38:26+00:00\",\"mainEntityOfPage\":{\"@id\":\"https:\\\/\\\/www.bbmnoticias.com\\\/labravaradiofm\\\/2022\\\/01\\\/24\\\/que-es-la-subvariante-ba-2-de-omicron-conocida-como-silenciosa-y-por-que-cientificos-la-investigan\\\/\"},\"wordCount\":1492,\"image\":{\"@id\":\"https:\\\/\\\/www.bbmnoticias.com\\\/labravaradiofm\\\/2022\\\/01\\\/24\\\/que-es-la-subvariante-ba-2-de-omicron-conocida-como-silenciosa-y-por-que-cientificos-la-investigan\\\/#primaryimage\"},\"thumbnailUrl\":\"https:\\\/\\\/www.bbmnoticias.com\\\/labravaradiofm\\\/wp-content\\\/uploads\\\/sites\\\/5\\\/2022\\\/01\\\/variante-omicron.webp\",\"inLanguage\":\"es\"},{\"@type\":\"WebPage\",\"@id\":\"https:\\\/\\\/www.bbmnoticias.com\\\/labravaradiofm\\\/2022\\\/01\\\/24\\\/que-es-la-subvariante-ba-2-de-omicron-conocida-como-silenciosa-y-por-que-cientificos-la-investigan\\\/\",\"url\":\"https:\\\/\\\/www.bbmnoticias.com\\\/labravaradiofm\\\/2022\\\/01\\\/24\\\/que-es-la-subvariante-ba-2-de-omicron-conocida-como-silenciosa-y-por-que-cientificos-la-investigan\\\/\",\"name\":\"\u00bfQu\u00e9 es la subvariante BA.2 de \u00f3micron, conocida como \u201csilenciosa\u201d y por qu\u00e9 cient\u00edficos la investigan? - LA BRAVA RADIO\",\"isPartOf\":{\"@id\":\"https:\\\/\\\/www.bbmnoticias.com\\\/labravaradiofm\\\/#website\"},\"primaryImageOfPage\":{\"@id\":\"https:\\\/\\\/www.bbmnoticias.com\\\/labravaradiofm\\\/2022\\\/01\\\/24\\\/que-es-la-subvariante-ba-2-de-omicron-conocida-como-silenciosa-y-por-que-cientificos-la-investigan\\\/#primaryimage\"},\"image\":{\"@id\":\"https:\\\/\\\/www.bbmnoticias.com\\\/labravaradiofm\\\/2022\\\/01\\\/24\\\/que-es-la-subvariante-ba-2-de-omicron-conocida-como-silenciosa-y-por-que-cientificos-la-investigan\\\/#primaryimage\"},\"thumbnailUrl\":\"https:\\\/\\\/www.bbmnoticias.com\\\/labravaradiofm\\\/wp-content\\\/uploads\\\/sites\\\/5\\\/2022\\\/01\\\/variante-omicron.webp\",\"datePublished\":\"2022-01-24T17:38:24+00:00\",\"dateModified\":\"2022-01-24T17:38:26+00:00\",\"author\":{\"@id\":\"https:\\\/\\\/www.bbmnoticias.com\\\/labravaradiofm\\\/#\\\/schema\\\/person\\\/857a3daf5c8142f29919023f377fbfad\"},\"breadcrumb\":{\"@id\":\"https:\\\/\\\/www.bbmnoticias.com\\\/labravaradiofm\\\/2022\\\/01\\\/24\\\/que-es-la-subvariante-ba-2-de-omicron-conocida-como-silenciosa-y-por-que-cientificos-la-investigan\\\/#breadcrumb\"},\"inLanguage\":\"es\",\"potentialAction\":[{\"@type\":\"ReadAction\",\"target\":[\"https:\\\/\\\/www.bbmnoticias.com\\\/labravaradiofm\\\/2022\\\/01\\\/24\\\/que-es-la-subvariante-ba-2-de-omicron-conocida-como-silenciosa-y-por-que-cientificos-la-investigan\\\/\"]}]},{\"@type\":\"ImageObject\",\"inLanguage\":\"es\",\"@id\":\"https:\\\/\\\/www.bbmnoticias.com\\\/labravaradiofm\\\/2022\\\/01\\\/24\\\/que-es-la-subvariante-ba-2-de-omicron-conocida-como-silenciosa-y-por-que-cientificos-la-investigan\\\/#primaryimage\",\"url\":\"https:\\\/\\\/www.bbmnoticias.com\\\/labravaradiofm\\\/wp-content\\\/uploads\\\/sites\\\/5\\\/2022\\\/01\\\/variante-omicron.webp\",\"contentUrl\":\"https:\\\/\\\/www.bbmnoticias.com\\\/labravaradiofm\\\/wp-content\\\/uploads\\\/sites\\\/5\\\/2022\\\/01\\\/variante-omicron.webp\",\"width\":1201,\"height\":740},{\"@type\":\"BreadcrumbList\",\"@id\":\"https:\\\/\\\/www.bbmnoticias.com\\\/labravaradiofm\\\/2022\\\/01\\\/24\\\/que-es-la-subvariante-ba-2-de-omicron-conocida-como-silenciosa-y-por-que-cientificos-la-investigan\\\/#breadcrumb\",\"itemListElement\":[{\"@type\":\"ListItem\",\"position\":1,\"name\":\"Inicio\",\"item\":\"https:\\\/\\\/www.bbmnoticias.com\\\/labravaradiofm\\\/\"},{\"@type\":\"ListItem\",\"position\":2,\"name\":\"\u00bfQu\u00e9 es la subvariante BA.2 de \u00f3micron, conocida como \u201csilenciosa\u201d y por qu\u00e9 cient\u00edficos la investigan?\"}]},{\"@type\":\"WebSite\",\"@id\":\"https:\\\/\\\/www.bbmnoticias.com\\\/labravaradiofm\\\/#website\",\"url\":\"https:\\\/\\\/www.bbmnoticias.com\\\/labravaradiofm\\\/\",\"name\":\"LA BRAVA RADIO\",\"description\":\"Empresa productora de medios, Radiodifusi\u00f3n, Noticias, tendencias y todo lo que necesitas saber de la pol\u00edtica mexicana e internacional; entretenimiento, espect\u00e1culos, salud y mucho m\u00e1s.\",\"potentialAction\":[{\"@type\":\"SearchAction\",\"target\":{\"@type\":\"EntryPoint\",\"urlTemplate\":\"https:\\\/\\\/www.bbmnoticias.com\\\/labravaradiofm\\\/?s={search_term_string}\"},\"query-input\":{\"@type\":\"PropertyValueSpecification\",\"valueRequired\":true,\"valueName\":\"search_term_string\"}}],\"inLanguage\":\"es\"},{\"@type\":\"Person\",\"@id\":\"https:\\\/\\\/www.bbmnoticias.com\\\/labravaradiofm\\\/#\\\/schema\\\/person\\\/857a3daf5c8142f29919023f377fbfad\",\"name\":\"Agencias\",\"image\":{\"@type\":\"ImageObject\",\"inLanguage\":\"es\",\"@id\":\"https:\\\/\\\/secure.gravatar.com\\\/avatar\\\/739e0b61adf9e398b425c36718c8752286da0e8cd90f20ce9a86678abc26aa0d?s=96&d=mm&r=g\",\"url\":\"https:\\\/\\\/secure.gravatar.com\\\/avatar\\\/739e0b61adf9e398b425c36718c8752286da0e8cd90f20ce9a86678abc26aa0d?s=96&d=mm&r=g\",\"contentUrl\":\"https:\\\/\\\/secure.gravatar.com\\\/avatar\\\/739e0b61adf9e398b425c36718c8752286da0e8cd90f20ce9a86678abc26aa0d?s=96&d=mm&r=g\",\"caption\":\"Agencias\"},\"url\":\"https:\\\/\\\/www.bbmnoticias.com\\\/labravaradiofm\\\/author\\\/agencias\\\/\"}]}<\/script>\n<!-- \/ Yoast SEO plugin. -->","yoast_head_json":{"title":"\u00bfQu\u00e9 es la subvariante BA.2 de \u00f3micron, conocida como \u201csilenciosa\u201d y por qu\u00e9 cient\u00edficos la investigan? - LA BRAVA RADIO","robots":{"index":"index","follow":"follow","max-snippet":"max-snippet:-1","max-image-preview":"max-image-preview:large","max-video-preview":"max-video-preview:-1"},"canonical":"https:\/\/www.bbmnoticias.com\/labravaradiofm\/2022\/01\/24\/que-es-la-subvariante-ba-2-de-omicron-conocida-como-silenciosa-y-por-que-cientificos-la-investigan\/","og_locale":"es_MX","og_type":"article","og_title":"\u00bfQu\u00e9 es la subvariante BA.2 de \u00f3micron, conocida como \u201csilenciosa\u201d y por qu\u00e9 cient\u00edficos la investigan? - LA BRAVA RADIO","og_description":"Las autoridades de salud de Reino Unido alertaron a la poblaci\u00f3n de un aumento de una subvariante de la variante \u00f3micron del SARS-CoV-2, virus causante del Covid-19. La bautizaron como \u201c\u00f3micron silenciosa\u201d y es poco lo que se sabe de ella, pero ante el aumento en casos las autoridades brit\u00e1nicas la declararon como \u201cvariante bajo [&hellip;]","og_url":"https:\/\/www.bbmnoticias.com\/labravaradiofm\/2022\/01\/24\/que-es-la-subvariante-ba-2-de-omicron-conocida-como-silenciosa-y-por-que-cientificos-la-investigan\/","og_site_name":"LA BRAVA RADIO","article_published_time":"2022-01-24T17:38:24+00:00","article_modified_time":"2022-01-24T17:38:26+00:00","og_image":[{"width":1201,"height":740,"url":"https:\/\/www.bbmnoticias.com\/labravaradiofm\/wp-content\/uploads\/sites\/5\/2022\/01\/variante-omicron.webp","type":"image\/webp"}],"author":"Agencias","twitter_card":"summary_large_image","twitter_misc":{"Escrito por":"Agencias","Tiempo de lectura":"7 minutos"},"schema":{"@context":"https:\/\/schema.org","@graph":[{"@type":"Article","@id":"https:\/\/www.bbmnoticias.com\/labravaradiofm\/2022\/01\/24\/que-es-la-subvariante-ba-2-de-omicron-conocida-como-silenciosa-y-por-que-cientificos-la-investigan\/#article","isPartOf":{"@id":"https:\/\/www.bbmnoticias.com\/labravaradiofm\/2022\/01\/24\/que-es-la-subvariante-ba-2-de-omicron-conocida-como-silenciosa-y-por-que-cientificos-la-investigan\/"},"author":{"name":"Agencias","@id":"https:\/\/www.bbmnoticias.com\/labravaradiofm\/#\/schema\/person\/857a3daf5c8142f29919023f377fbfad"},"headline":"\u00bfQu\u00e9 es la subvariante BA.2 de \u00f3micron, conocida como \u201csilenciosa\u201d y por qu\u00e9 cient\u00edficos la investigan?","datePublished":"2022-01-24T17:38:24+00:00","dateModified":"2022-01-24T17:38:26+00:00","mainEntityOfPage":{"@id":"https:\/\/www.bbmnoticias.com\/labravaradiofm\/2022\/01\/24\/que-es-la-subvariante-ba-2-de-omicron-conocida-como-silenciosa-y-por-que-cientificos-la-investigan\/"},"wordCount":1492,"image":{"@id":"https:\/\/www.bbmnoticias.com\/labravaradiofm\/2022\/01\/24\/que-es-la-subvariante-ba-2-de-omicron-conocida-como-silenciosa-y-por-que-cientificos-la-investigan\/#primaryimage"},"thumbnailUrl":"https:\/\/www.bbmnoticias.com\/labravaradiofm\/wp-content\/uploads\/sites\/5\/2022\/01\/variante-omicron.webp","inLanguage":"es"},{"@type":"WebPage","@id":"https:\/\/www.bbmnoticias.com\/labravaradiofm\/2022\/01\/24\/que-es-la-subvariante-ba-2-de-omicron-conocida-como-silenciosa-y-por-que-cientificos-la-investigan\/","url":"https:\/\/www.bbmnoticias.com\/labravaradiofm\/2022\/01\/24\/que-es-la-subvariante-ba-2-de-omicron-conocida-como-silenciosa-y-por-que-cientificos-la-investigan\/","name":"\u00bfQu\u00e9 es la subvariante BA.2 de \u00f3micron, conocida como \u201csilenciosa\u201d y por qu\u00e9 cient\u00edficos la investigan? - LA BRAVA RADIO","isPartOf":{"@id":"https:\/\/www.bbmnoticias.com\/labravaradiofm\/#website"},"primaryImageOfPage":{"@id":"https:\/\/www.bbmnoticias.com\/labravaradiofm\/2022\/01\/24\/que-es-la-subvariante-ba-2-de-omicron-conocida-como-silenciosa-y-por-que-cientificos-la-investigan\/#primaryimage"},"image":{"@id":"https:\/\/www.bbmnoticias.com\/labravaradiofm\/2022\/01\/24\/que-es-la-subvariante-ba-2-de-omicron-conocida-como-silenciosa-y-por-que-cientificos-la-investigan\/#primaryimage"},"thumbnailUrl":"https:\/\/www.bbmnoticias.com\/labravaradiofm\/wp-content\/uploads\/sites\/5\/2022\/01\/variante-omicron.webp","datePublished":"2022-01-24T17:38:24+00:00","dateModified":"2022-01-24T17:38:26+00:00","author":{"@id":"https:\/\/www.bbmnoticias.com\/labravaradiofm\/#\/schema\/person\/857a3daf5c8142f29919023f377fbfad"},"breadcrumb":{"@id":"https:\/\/www.bbmnoticias.com\/labravaradiofm\/2022\/01\/24\/que-es-la-subvariante-ba-2-de-omicron-conocida-como-silenciosa-y-por-que-cientificos-la-investigan\/#breadcrumb"},"inLanguage":"es","potentialAction":[{"@type":"ReadAction","target":["https:\/\/www.bbmnoticias.com\/labravaradiofm\/2022\/01\/24\/que-es-la-subvariante-ba-2-de-omicron-conocida-como-silenciosa-y-por-que-cientificos-la-investigan\/"]}]},{"@type":"ImageObject","inLanguage":"es","@id":"https:\/\/www.bbmnoticias.com\/labravaradiofm\/2022\/01\/24\/que-es-la-subvariante-ba-2-de-omicron-conocida-como-silenciosa-y-por-que-cientificos-la-investigan\/#primaryimage","url":"https:\/\/www.bbmnoticias.com\/labravaradiofm\/wp-content\/uploads\/sites\/5\/2022\/01\/variante-omicron.webp","contentUrl":"https:\/\/www.bbmnoticias.com\/labravaradiofm\/wp-content\/uploads\/sites\/5\/2022\/01\/variante-omicron.webp","width":1201,"height":740},{"@type":"BreadcrumbList","@id":"https:\/\/www.bbmnoticias.com\/labravaradiofm\/2022\/01\/24\/que-es-la-subvariante-ba-2-de-omicron-conocida-como-silenciosa-y-por-que-cientificos-la-investigan\/#breadcrumb","itemListElement":[{"@type":"ListItem","position":1,"name":"Inicio","item":"https:\/\/www.bbmnoticias.com\/labravaradiofm\/"},{"@type":"ListItem","position":2,"name":"\u00bfQu\u00e9 es la subvariante BA.2 de \u00f3micron, conocida como \u201csilenciosa\u201d y por qu\u00e9 cient\u00edficos la investigan?"}]},{"@type":"WebSite","@id":"https:\/\/www.bbmnoticias.com\/labravaradiofm\/#website","url":"https:\/\/www.bbmnoticias.com\/labravaradiofm\/","name":"LA BRAVA RADIO","description":"Empresa productora de medios, Radiodifusi\u00f3n, Noticias, tendencias y todo lo que necesitas saber de la pol\u00edtica mexicana e internacional; entretenimiento, espect\u00e1culos, salud y mucho m\u00e1s.","potentialAction":[{"@type":"SearchAction","target":{"@type":"EntryPoint","urlTemplate":"https:\/\/www.bbmnoticias.com\/labravaradiofm\/?s={search_term_string}"},"query-input":{"@type":"PropertyValueSpecification","valueRequired":true,"valueName":"search_term_string"}}],"inLanguage":"es"},{"@type":"Person","@id":"https:\/\/www.bbmnoticias.com\/labravaradiofm\/#\/schema\/person\/857a3daf5c8142f29919023f377fbfad","name":"Agencias","image":{"@type":"ImageObject","inLanguage":"es","@id":"https:\/\/secure.gravatar.com\/avatar\/739e0b61adf9e398b425c36718c8752286da0e8cd90f20ce9a86678abc26aa0d?s=96&d=mm&r=g","url":"https:\/\/secure.gravatar.com\/avatar\/739e0b61adf9e398b425c36718c8752286da0e8cd90f20ce9a86678abc26aa0d?s=96&d=mm&r=g","contentUrl":"https:\/\/secure.gravatar.com\/avatar\/739e0b61adf9e398b425c36718c8752286da0e8cd90f20ce9a86678abc26aa0d?s=96&d=mm&r=g","caption":"Agencias"},"url":"https:\/\/www.bbmnoticias.com\/labravaradiofm\/author\/agencias\/"}]}},"_links":{"self":[{"href":"https:\/\/www.bbmnoticias.com\/labravaradiofm\/wp-json\/wp\/v2\/posts\/8860","targetHints":{"allow":["GET"]}}],"collection":[{"href":"https:\/\/www.bbmnoticias.com\/labravaradiofm\/wp-json\/wp\/v2\/posts"}],"about":[{"href":"https:\/\/www.bbmnoticias.com\/labravaradiofm\/wp-json\/wp\/v2\/types\/post"}],"author":[{"embeddable":true,"href":"https:\/\/www.bbmnoticias.com\/labravaradiofm\/wp-json\/wp\/v2\/users\/4"}],"replies":[{"embeddable":true,"href":"https:\/\/www.bbmnoticias.com\/labravaradiofm\/wp-json\/wp\/v2\/comments?post=8860"}],"version-history":[{"count":0,"href":"https:\/\/www.bbmnoticias.com\/labravaradiofm\/wp-json\/wp\/v2\/posts\/8860\/revisions"}],"wp:featuredmedia":[{"embeddable":true,"href":"https:\/\/www.bbmnoticias.com\/labravaradiofm\/wp-json\/wp\/v2\/media\/8861"}],"wp:attachment":[{"href":"https:\/\/www.bbmnoticias.com\/labravaradiofm\/wp-json\/wp\/v2\/media?parent=8860"}],"wp:term":[{"taxonomy":"category","embeddable":true,"href":"https:\/\/www.bbmnoticias.com\/labravaradiofm\/wp-json\/wp\/v2\/categories?post=8860"},{"taxonomy":"post_tag","embeddable":true,"href":"https:\/\/www.bbmnoticias.com\/labravaradiofm\/wp-json\/wp\/v2\/tags?post=8860"}],"curies":[{"name":"wp","href":"https:\/\/api.w.org\/{rel}","templated":true}]}}