{"id":8850,"date":"2022-01-24T09:57:50","date_gmt":"2022-01-24T15:57:50","guid":{"rendered":"https:\/\/www.bbmnoticias.com\/labravaradiofm\/?p=8850"},"modified":"2022-01-24T09:59:08","modified_gmt":"2022-01-24T15:59:08","slug":"fue-clonada-la-ambulancia-que-trasladaba-migrantes-en-el-istmo-refiere-el-imss","status":"publish","type":"post","link":"https:\/\/www.bbmnoticias.com\/labravaradiofm\/2022\/01\/24\/fue-clonada-la-ambulancia-que-trasladaba-migrantes-en-el-istmo-refiere-el-imss\/","title":{"rendered":"Fue clonada la ambulancia que trasladaba migrantes en el Istmo, refiere el IMSS"},"content":{"rendered":"<div style=\"margin-top: 0px; margin-bottom: 0px;\" class=\"sharethis-inline-share-buttons\" ><\/div>\n<p><strong>Oaxaca, Oax.- <\/strong>El Instituto Mexicano del Seguro Social (IMSS) inform\u00f3 que la ambulancia que fue asegurada en el Istmo de Tehuantepec con 14 migrantes nicarag\u00fcense, no forma parte de la plantilla de veh\u00edculos de esa instituci\u00f3n.<\/p>\n\n\n\n<p>La dependencia asegur\u00f3 que la ambulancia fue clonada con logotipos falsos de la instituci\u00f3n, por lo que presentar\u00e1n las denuncias correspondientes.<\/p>\n\n\n\n<p>Asimismo, se inform\u00f3 que el ch\u00f3fer quien fue identificado como Jorge L. S. V. de 21 a\u00f1os de edad, de Santo Domingo Tzimol, Chiapas, no forma parte de la plantilla de trabajadores.<\/p>\n\n\n\n<p>En ese sentido, el IMSS inform\u00f3 que actuar\u00e1 conforme a la ley y presentar\u00e1 las denuncias correspondientes para deslindar responsabilidades.<\/p>\n\n\n\n<p>La unidad fue detenida el pasado s\u00e1bado en Jalapa del Marqu\u00e9s, luego que el veh\u00edculo se neg\u00f3 a detener su paso en un ret\u00e9n del Instituto Nacional de Migraci\u00f3n (INM) y de la Guardia Nacional.<\/p>\n\n\n\n<p>Tras iniciar el operativo, los uniformados lograron detener al veh\u00edculo, quien llevaba a 14 personas de origen nicarag\u00fcenses.<\/p>\n\n\n\n<p>La marca de la unidad era un Chevrolet, placas XD-9642-A del estado de Tlaxcala.<\/p>\n\n\n\n<p>Los migrantes fueron puestos a disposici\u00f3n de Migraci\u00f3n y el ch\u00f3fer del Ministerio P\u00fablico.<\/p>\n","protected":false},"excerpt":{"rendered":"<p>Oaxaca, Oax.- El Instituto Mexicano del Seguro Social (IMSS) inform\u00f3 que la ambulancia que fue asegurada en el Istmo de Tehuantepec con 14 migrantes nicarag\u00fcense, no forma parte de la plantilla de veh\u00edculos de esa instituci\u00f3n. La dependencia asegur\u00f3 que la ambulancia fue clonada con logotipos falsos de la instituci\u00f3n, por lo que presentar\u00e1n las [&hellip;]<\/p>\n","protected":false},"author":7,"featured_media":8851,"comment_status":"closed","ping_status":"closed","sticky":false,"template":"","format":"standard","meta":{"footnotes":""},"categories":[1],"tags":[],"class_list":{"0":"post-8850","1":"post","2":"type-post","3":"status-publish","4":"format-standard","5":"has-post-thumbnail","7":"category-sin-categoria"},"yoast_head":"<!-- This site is optimized with the Yoast SEO plugin v27.4 - https:\/\/yoast.com\/product\/yoast-seo-wordpress\/ -->\n<title>Fue clonada la ambulancia que trasladaba migrantes en el Istmo, refiere el IMSS - LA BRAVA RADIO<\/title>\n<meta name=\"robots\" content=\"index, follow, max-snippet:-1, max-image-preview:large, max-video-preview:-1\" \/>\n<link rel=\"canonical\" href=\"https:\/\/www.bbmnoticias.com\/labravaradiofm\/2022\/01\/24\/fue-clonada-la-ambulancia-que-trasladaba-migrantes-en-el-istmo-refiere-el-imss\/\" \/>\n<meta property=\"og:locale\" content=\"es_MX\" \/>\n<meta property=\"og:type\" content=\"article\" \/>\n<meta property=\"og:title\" content=\"Fue clonada la ambulancia que trasladaba migrantes en el Istmo, refiere el IMSS - LA BRAVA RADIO\" \/>\n<meta property=\"og:description\" content=\"Oaxaca, Oax.- El Instituto Mexicano del Seguro Social (IMSS) inform\u00f3 que la ambulancia que fue asegurada en el Istmo de Tehuantepec con 14 migrantes nicarag\u00fcense, no forma parte de la plantilla de veh\u00edculos de esa instituci\u00f3n. La dependencia asegur\u00f3 que la ambulancia fue clonada con logotipos falsos de la instituci\u00f3n, por lo que presentar\u00e1n las [&hellip;]\" \/>\n<meta property=\"og:url\" content=\"https:\/\/www.bbmnoticias.com\/labravaradiofm\/2022\/01\/24\/fue-clonada-la-ambulancia-que-trasladaba-migrantes-en-el-istmo-refiere-el-imss\/\" \/>\n<meta property=\"og:site_name\" content=\"LA BRAVA RADIO\" \/>\n<meta property=\"article:published_time\" content=\"2022-01-24T15:57:50+00:00\" \/>\n<meta property=\"article:modified_time\" content=\"2022-01-24T15:59:08+00:00\" \/>\n<meta property=\"og:image\" content=\"https:\/\/www.bbmnoticias.com\/labravaradiofm\/wp-content\/uploads\/sites\/5\/2022\/01\/ambulancia-imss.jpg\" \/>\n\t<meta property=\"og:image:width\" content=\"960\" \/>\n\t<meta property=\"og:image:height\" content=\"720\" \/>\n\t<meta property=\"og:image:type\" content=\"image\/jpeg\" \/>\n<meta name=\"author\" content=\"Cuarta Plana\" \/>\n<meta name=\"twitter:card\" content=\"summary_large_image\" \/>\n<meta name=\"twitter:label1\" content=\"Escrito por\" \/>\n\t<meta name=\"twitter:data1\" content=\"Cuarta Plana\" \/>\n\t<meta name=\"twitter:label2\" content=\"Tiempo de lectura\" \/>\n\t<meta name=\"twitter:data2\" content=\"1 minuto\" \/>\n<script type=\"application\/ld+json\" class=\"yoast-schema-graph\">{\"@context\":\"https:\\\/\\\/schema.org\",\"@graph\":[{\"@type\":\"Article\",\"@id\":\"https:\\\/\\\/www.bbmnoticias.com\\\/labravaradiofm\\\/2022\\\/01\\\/24\\\/fue-clonada-la-ambulancia-que-trasladaba-migrantes-en-el-istmo-refiere-el-imss\\\/#article\",\"isPartOf\":{\"@id\":\"https:\\\/\\\/www.bbmnoticias.com\\\/labravaradiofm\\\/2022\\\/01\\\/24\\\/fue-clonada-la-ambulancia-que-trasladaba-migrantes-en-el-istmo-refiere-el-imss\\\/\"},\"author\":{\"name\":\"Cuarta Plana\",\"@id\":\"https:\\\/\\\/www.bbmnoticias.com\\\/labravaradiofm\\\/#\\\/schema\\\/person\\\/7d786f9fa529105f958c4791d75455f1\"},\"headline\":\"Fue clonada la ambulancia que trasladaba migrantes en el Istmo, refiere el IMSS\",\"datePublished\":\"2022-01-24T15:57:50+00:00\",\"dateModified\":\"2022-01-24T15:59:08+00:00\",\"mainEntityOfPage\":{\"@id\":\"https:\\\/\\\/www.bbmnoticias.com\\\/labravaradiofm\\\/2022\\\/01\\\/24\\\/fue-clonada-la-ambulancia-que-trasladaba-migrantes-en-el-istmo-refiere-el-imss\\\/\"},\"wordCount\":220,\"image\":{\"@id\":\"https:\\\/\\\/www.bbmnoticias.com\\\/labravaradiofm\\\/2022\\\/01\\\/24\\\/fue-clonada-la-ambulancia-que-trasladaba-migrantes-en-el-istmo-refiere-el-imss\\\/#primaryimage\"},\"thumbnailUrl\":\"https:\\\/\\\/www.bbmnoticias.com\\\/labravaradiofm\\\/wp-content\\\/uploads\\\/sites\\\/5\\\/2022\\\/01\\\/ambulancia-imss.jpg\",\"inLanguage\":\"es\"},{\"@type\":\"WebPage\",\"@id\":\"https:\\\/\\\/www.bbmnoticias.com\\\/labravaradiofm\\\/2022\\\/01\\\/24\\\/fue-clonada-la-ambulancia-que-trasladaba-migrantes-en-el-istmo-refiere-el-imss\\\/\",\"url\":\"https:\\\/\\\/www.bbmnoticias.com\\\/labravaradiofm\\\/2022\\\/01\\\/24\\\/fue-clonada-la-ambulancia-que-trasladaba-migrantes-en-el-istmo-refiere-el-imss\\\/\",\"name\":\"Fue clonada la ambulancia que trasladaba migrantes en el Istmo, refiere el IMSS - LA BRAVA RADIO\",\"isPartOf\":{\"@id\":\"https:\\\/\\\/www.bbmnoticias.com\\\/labravaradiofm\\\/#website\"},\"primaryImageOfPage\":{\"@id\":\"https:\\\/\\\/www.bbmnoticias.com\\\/labravaradiofm\\\/2022\\\/01\\\/24\\\/fue-clonada-la-ambulancia-que-trasladaba-migrantes-en-el-istmo-refiere-el-imss\\\/#primaryimage\"},\"image\":{\"@id\":\"https:\\\/\\\/www.bbmnoticias.com\\\/labravaradiofm\\\/2022\\\/01\\\/24\\\/fue-clonada-la-ambulancia-que-trasladaba-migrantes-en-el-istmo-refiere-el-imss\\\/#primaryimage\"},\"thumbnailUrl\":\"https:\\\/\\\/www.bbmnoticias.com\\\/labravaradiofm\\\/wp-content\\\/uploads\\\/sites\\\/5\\\/2022\\\/01\\\/ambulancia-imss.jpg\",\"datePublished\":\"2022-01-24T15:57:50+00:00\",\"dateModified\":\"2022-01-24T15:59:08+00:00\",\"author\":{\"@id\":\"https:\\\/\\\/www.bbmnoticias.com\\\/labravaradiofm\\\/#\\\/schema\\\/person\\\/7d786f9fa529105f958c4791d75455f1\"},\"breadcrumb\":{\"@id\":\"https:\\\/\\\/www.bbmnoticias.com\\\/labravaradiofm\\\/2022\\\/01\\\/24\\\/fue-clonada-la-ambulancia-que-trasladaba-migrantes-en-el-istmo-refiere-el-imss\\\/#breadcrumb\"},\"inLanguage\":\"es\",\"potentialAction\":[{\"@type\":\"ReadAction\",\"target\":[\"https:\\\/\\\/www.bbmnoticias.com\\\/labravaradiofm\\\/2022\\\/01\\\/24\\\/fue-clonada-la-ambulancia-que-trasladaba-migrantes-en-el-istmo-refiere-el-imss\\\/\"]}]},{\"@type\":\"ImageObject\",\"inLanguage\":\"es\",\"@id\":\"https:\\\/\\\/www.bbmnoticias.com\\\/labravaradiofm\\\/2022\\\/01\\\/24\\\/fue-clonada-la-ambulancia-que-trasladaba-migrantes-en-el-istmo-refiere-el-imss\\\/#primaryimage\",\"url\":\"https:\\\/\\\/www.bbmnoticias.com\\\/labravaradiofm\\\/wp-content\\\/uploads\\\/sites\\\/5\\\/2022\\\/01\\\/ambulancia-imss.jpg\",\"contentUrl\":\"https:\\\/\\\/www.bbmnoticias.com\\\/labravaradiofm\\\/wp-content\\\/uploads\\\/sites\\\/5\\\/2022\\\/01\\\/ambulancia-imss.jpg\",\"width\":960,\"height\":720},{\"@type\":\"BreadcrumbList\",\"@id\":\"https:\\\/\\\/www.bbmnoticias.com\\\/labravaradiofm\\\/2022\\\/01\\\/24\\\/fue-clonada-la-ambulancia-que-trasladaba-migrantes-en-el-istmo-refiere-el-imss\\\/#breadcrumb\",\"itemListElement\":[{\"@type\":\"ListItem\",\"position\":1,\"name\":\"Inicio\",\"item\":\"https:\\\/\\\/www.bbmnoticias.com\\\/labravaradiofm\\\/\"},{\"@type\":\"ListItem\",\"position\":2,\"name\":\"Fue clonada la ambulancia que trasladaba migrantes en el Istmo, refiere el IMSS\"}]},{\"@type\":\"WebSite\",\"@id\":\"https:\\\/\\\/www.bbmnoticias.com\\\/labravaradiofm\\\/#website\",\"url\":\"https:\\\/\\\/www.bbmnoticias.com\\\/labravaradiofm\\\/\",\"name\":\"LA BRAVA RADIO\",\"description\":\"Empresa productora de medios, Radiodifusi\u00f3n, Noticias, tendencias y todo lo que necesitas saber de la pol\u00edtica mexicana e internacional; entretenimiento, espect\u00e1culos, salud y mucho m\u00e1s.\",\"potentialAction\":[{\"@type\":\"SearchAction\",\"target\":{\"@type\":\"EntryPoint\",\"urlTemplate\":\"https:\\\/\\\/www.bbmnoticias.com\\\/labravaradiofm\\\/?s={search_term_string}\"},\"query-input\":{\"@type\":\"PropertyValueSpecification\",\"valueRequired\":true,\"valueName\":\"search_term_string\"}}],\"inLanguage\":\"es\"},{\"@type\":\"Person\",\"@id\":\"https:\\\/\\\/www.bbmnoticias.com\\\/labravaradiofm\\\/#\\\/schema\\\/person\\\/7d786f9fa529105f958c4791d75455f1\",\"name\":\"Cuarta Plana\",\"image\":{\"@type\":\"ImageObject\",\"inLanguage\":\"es\",\"@id\":\"https:\\\/\\\/secure.gravatar.com\\\/avatar\\\/569aeac3582b4864a79ffcd8468ada657f9c0cbf68c06542116f60dfa8c3c2d7?s=96&d=mm&r=g\",\"url\":\"https:\\\/\\\/secure.gravatar.com\\\/avatar\\\/569aeac3582b4864a79ffcd8468ada657f9c0cbf68c06542116f60dfa8c3c2d7?s=96&d=mm&r=g\",\"contentUrl\":\"https:\\\/\\\/secure.gravatar.com\\\/avatar\\\/569aeac3582b4864a79ffcd8468ada657f9c0cbf68c06542116f60dfa8c3c2d7?s=96&d=mm&r=g\",\"caption\":\"Cuarta Plana\"},\"url\":\"https:\\\/\\\/www.bbmnoticias.com\\\/labravaradiofm\\\/author\\\/cuartaplana\\\/\"}]}<\/script>\n<!-- \/ Yoast SEO plugin. -->","yoast_head_json":{"title":"Fue clonada la ambulancia que trasladaba migrantes en el Istmo, refiere el IMSS - LA BRAVA RADIO","robots":{"index":"index","follow":"follow","max-snippet":"max-snippet:-1","max-image-preview":"max-image-preview:large","max-video-preview":"max-video-preview:-1"},"canonical":"https:\/\/www.bbmnoticias.com\/labravaradiofm\/2022\/01\/24\/fue-clonada-la-ambulancia-que-trasladaba-migrantes-en-el-istmo-refiere-el-imss\/","og_locale":"es_MX","og_type":"article","og_title":"Fue clonada la ambulancia que trasladaba migrantes en el Istmo, refiere el IMSS - LA BRAVA RADIO","og_description":"Oaxaca, Oax.- El Instituto Mexicano del Seguro Social (IMSS) inform\u00f3 que la ambulancia que fue asegurada en el Istmo de Tehuantepec con 14 migrantes nicarag\u00fcense, no forma parte de la plantilla de veh\u00edculos de esa instituci\u00f3n. La dependencia asegur\u00f3 que la ambulancia fue clonada con logotipos falsos de la instituci\u00f3n, por lo que presentar\u00e1n las [&hellip;]","og_url":"https:\/\/www.bbmnoticias.com\/labravaradiofm\/2022\/01\/24\/fue-clonada-la-ambulancia-que-trasladaba-migrantes-en-el-istmo-refiere-el-imss\/","og_site_name":"LA BRAVA RADIO","article_published_time":"2022-01-24T15:57:50+00:00","article_modified_time":"2022-01-24T15:59:08+00:00","og_image":[{"width":960,"height":720,"url":"https:\/\/www.bbmnoticias.com\/labravaradiofm\/wp-content\/uploads\/sites\/5\/2022\/01\/ambulancia-imss.jpg","type":"image\/jpeg"}],"author":"Cuarta Plana","twitter_card":"summary_large_image","twitter_misc":{"Escrito por":"Cuarta Plana","Tiempo de lectura":"1 minuto"},"schema":{"@context":"https:\/\/schema.org","@graph":[{"@type":"Article","@id":"https:\/\/www.bbmnoticias.com\/labravaradiofm\/2022\/01\/24\/fue-clonada-la-ambulancia-que-trasladaba-migrantes-en-el-istmo-refiere-el-imss\/#article","isPartOf":{"@id":"https:\/\/www.bbmnoticias.com\/labravaradiofm\/2022\/01\/24\/fue-clonada-la-ambulancia-que-trasladaba-migrantes-en-el-istmo-refiere-el-imss\/"},"author":{"name":"Cuarta Plana","@id":"https:\/\/www.bbmnoticias.com\/labravaradiofm\/#\/schema\/person\/7d786f9fa529105f958c4791d75455f1"},"headline":"Fue clonada la ambulancia que trasladaba migrantes en el Istmo, refiere el IMSS","datePublished":"2022-01-24T15:57:50+00:00","dateModified":"2022-01-24T15:59:08+00:00","mainEntityOfPage":{"@id":"https:\/\/www.bbmnoticias.com\/labravaradiofm\/2022\/01\/24\/fue-clonada-la-ambulancia-que-trasladaba-migrantes-en-el-istmo-refiere-el-imss\/"},"wordCount":220,"image":{"@id":"https:\/\/www.bbmnoticias.com\/labravaradiofm\/2022\/01\/24\/fue-clonada-la-ambulancia-que-trasladaba-migrantes-en-el-istmo-refiere-el-imss\/#primaryimage"},"thumbnailUrl":"https:\/\/www.bbmnoticias.com\/labravaradiofm\/wp-content\/uploads\/sites\/5\/2022\/01\/ambulancia-imss.jpg","inLanguage":"es"},{"@type":"WebPage","@id":"https:\/\/www.bbmnoticias.com\/labravaradiofm\/2022\/01\/24\/fue-clonada-la-ambulancia-que-trasladaba-migrantes-en-el-istmo-refiere-el-imss\/","url":"https:\/\/www.bbmnoticias.com\/labravaradiofm\/2022\/01\/24\/fue-clonada-la-ambulancia-que-trasladaba-migrantes-en-el-istmo-refiere-el-imss\/","name":"Fue clonada la ambulancia que trasladaba migrantes en el Istmo, refiere el IMSS - LA BRAVA RADIO","isPartOf":{"@id":"https:\/\/www.bbmnoticias.com\/labravaradiofm\/#website"},"primaryImageOfPage":{"@id":"https:\/\/www.bbmnoticias.com\/labravaradiofm\/2022\/01\/24\/fue-clonada-la-ambulancia-que-trasladaba-migrantes-en-el-istmo-refiere-el-imss\/#primaryimage"},"image":{"@id":"https:\/\/www.bbmnoticias.com\/labravaradiofm\/2022\/01\/24\/fue-clonada-la-ambulancia-que-trasladaba-migrantes-en-el-istmo-refiere-el-imss\/#primaryimage"},"thumbnailUrl":"https:\/\/www.bbmnoticias.com\/labravaradiofm\/wp-content\/uploads\/sites\/5\/2022\/01\/ambulancia-imss.jpg","datePublished":"2022-01-24T15:57:50+00:00","dateModified":"2022-01-24T15:59:08+00:00","author":{"@id":"https:\/\/www.bbmnoticias.com\/labravaradiofm\/#\/schema\/person\/7d786f9fa529105f958c4791d75455f1"},"breadcrumb":{"@id":"https:\/\/www.bbmnoticias.com\/labravaradiofm\/2022\/01\/24\/fue-clonada-la-ambulancia-que-trasladaba-migrantes-en-el-istmo-refiere-el-imss\/#breadcrumb"},"inLanguage":"es","potentialAction":[{"@type":"ReadAction","target":["https:\/\/www.bbmnoticias.com\/labravaradiofm\/2022\/01\/24\/fue-clonada-la-ambulancia-que-trasladaba-migrantes-en-el-istmo-refiere-el-imss\/"]}]},{"@type":"ImageObject","inLanguage":"es","@id":"https:\/\/www.bbmnoticias.com\/labravaradiofm\/2022\/01\/24\/fue-clonada-la-ambulancia-que-trasladaba-migrantes-en-el-istmo-refiere-el-imss\/#primaryimage","url":"https:\/\/www.bbmnoticias.com\/labravaradiofm\/wp-content\/uploads\/sites\/5\/2022\/01\/ambulancia-imss.jpg","contentUrl":"https:\/\/www.bbmnoticias.com\/labravaradiofm\/wp-content\/uploads\/sites\/5\/2022\/01\/ambulancia-imss.jpg","width":960,"height":720},{"@type":"BreadcrumbList","@id":"https:\/\/www.bbmnoticias.com\/labravaradiofm\/2022\/01\/24\/fue-clonada-la-ambulancia-que-trasladaba-migrantes-en-el-istmo-refiere-el-imss\/#breadcrumb","itemListElement":[{"@type":"ListItem","position":1,"name":"Inicio","item":"https:\/\/www.bbmnoticias.com\/labravaradiofm\/"},{"@type":"ListItem","position":2,"name":"Fue clonada la ambulancia que trasladaba migrantes en el Istmo, refiere el IMSS"}]},{"@type":"WebSite","@id":"https:\/\/www.bbmnoticias.com\/labravaradiofm\/#website","url":"https:\/\/www.bbmnoticias.com\/labravaradiofm\/","name":"LA BRAVA RADIO","description":"Empresa productora de medios, Radiodifusi\u00f3n, Noticias, tendencias y todo lo que necesitas saber de la pol\u00edtica mexicana e internacional; entretenimiento, espect\u00e1culos, salud y mucho m\u00e1s.","potentialAction":[{"@type":"SearchAction","target":{"@type":"EntryPoint","urlTemplate":"https:\/\/www.bbmnoticias.com\/labravaradiofm\/?s={search_term_string}"},"query-input":{"@type":"PropertyValueSpecification","valueRequired":true,"valueName":"search_term_string"}}],"inLanguage":"es"},{"@type":"Person","@id":"https:\/\/www.bbmnoticias.com\/labravaradiofm\/#\/schema\/person\/7d786f9fa529105f958c4791d75455f1","name":"Cuarta Plana","image":{"@type":"ImageObject","inLanguage":"es","@id":"https:\/\/secure.gravatar.com\/avatar\/569aeac3582b4864a79ffcd8468ada657f9c0cbf68c06542116f60dfa8c3c2d7?s=96&d=mm&r=g","url":"https:\/\/secure.gravatar.com\/avatar\/569aeac3582b4864a79ffcd8468ada657f9c0cbf68c06542116f60dfa8c3c2d7?s=96&d=mm&r=g","contentUrl":"https:\/\/secure.gravatar.com\/avatar\/569aeac3582b4864a79ffcd8468ada657f9c0cbf68c06542116f60dfa8c3c2d7?s=96&d=mm&r=g","caption":"Cuarta Plana"},"url":"https:\/\/www.bbmnoticias.com\/labravaradiofm\/author\/cuartaplana\/"}]}},"_links":{"self":[{"href":"https:\/\/www.bbmnoticias.com\/labravaradiofm\/wp-json\/wp\/v2\/posts\/8850","targetHints":{"allow":["GET"]}}],"collection":[{"href":"https:\/\/www.bbmnoticias.com\/labravaradiofm\/wp-json\/wp\/v2\/posts"}],"about":[{"href":"https:\/\/www.bbmnoticias.com\/labravaradiofm\/wp-json\/wp\/v2\/types\/post"}],"author":[{"embeddable":true,"href":"https:\/\/www.bbmnoticias.com\/labravaradiofm\/wp-json\/wp\/v2\/users\/7"}],"replies":[{"embeddable":true,"href":"https:\/\/www.bbmnoticias.com\/labravaradiofm\/wp-json\/wp\/v2\/comments?post=8850"}],"version-history":[{"count":0,"href":"https:\/\/www.bbmnoticias.com\/labravaradiofm\/wp-json\/wp\/v2\/posts\/8850\/revisions"}],"wp:featuredmedia":[{"embeddable":true,"href":"https:\/\/www.bbmnoticias.com\/labravaradiofm\/wp-json\/wp\/v2\/media\/8851"}],"wp:attachment":[{"href":"https:\/\/www.bbmnoticias.com\/labravaradiofm\/wp-json\/wp\/v2\/media?parent=8850"}],"wp:term":[{"taxonomy":"category","embeddable":true,"href":"https:\/\/www.bbmnoticias.com\/labravaradiofm\/wp-json\/wp\/v2\/categories?post=8850"},{"taxonomy":"post_tag","embeddable":true,"href":"https:\/\/www.bbmnoticias.com\/labravaradiofm\/wp-json\/wp\/v2\/tags?post=8850"}],"curies":[{"name":"wp","href":"https:\/\/api.w.org\/{rel}","templated":true}]}}