{"id":8560,"date":"2022-01-14T14:38:55","date_gmt":"2022-01-14T20:38:55","guid":{"rendered":"https:\/\/www.bbmnoticias.com\/labravaradiofm\/?p=8560"},"modified":"2022-01-14T14:39:16","modified_gmt":"2022-01-14T20:39:16","slug":"coordina-fgeo-operativo-de-busqueda-y-localiza-restos-humanos-en-la-region-de-la-mixteca","status":"publish","type":"post","link":"https:\/\/www.bbmnoticias.com\/labravaradiofm\/2022\/01\/14\/coordina-fgeo-operativo-de-busqueda-y-localiza-restos-humanos-en-la-region-de-la-mixteca\/","title":{"rendered":"Coordina FGEO operativo de b\u00fasqueda y localiza restos humanos en la regi\u00f3n de la Mixteca"},"content":{"rendered":"<div style=\"margin-top: 0px; margin-bottom: 0px;\" class=\"sharethis-inline-share-buttons\" ><\/div>\n<p><strong>Oaxaca de Ju\u00e1rez, Oax., 14 de enero de 2022.- <\/strong>Como parte de las acciones de procuraci\u00f3n de justicia a nivel estatal, la Fiscal\u00eda General del Estado de Oaxaca (FGEO), coordin\u00f3 y ejecut\u00f3 un operativo de b\u00fasqueda a partir del reporte de una persona desaparecida en jurisdicci\u00f3n de San Esteban Atatlahuca, en la regi\u00f3n de la Mixteca.<\/p>\n\n\n\n<p>Las acciones de b\u00fasqueda fueron realizadas el pasado 13 de enero del a\u00f1o en curso y corrieron a cargo de la Vicefiscal\u00eda General de Atenci\u00f3n a V\u00edctimas y a la Sociedad -a trav\u00e9s de su Unidad Especializada en Desaparici\u00f3n Forzada-, contando con el apoyo de elementos de la Agencia Estatal de Investigaciones (AEI) y de personal del Instituto de Servicios Periciales.<\/p>\n\n\n\n<p>Luego de llevarse a cabo las labores asentadas en la carpeta de investigaci\u00f3n 33875\/FMIX\/TLAXIACO\/2021, el equipo multidisciplinario de la FGEO localiz\u00f3 restos humanos en la localidad de Mier y Ter\u00e1n, perteneciente al referido municipio, mismos que ser\u00e1n sometidos a estudios de gen\u00e9tica forense para determinar la identidad de la v\u00edctima y las causas de su fallecimiento.<\/p>\n","protected":false},"excerpt":{"rendered":"<p>Oaxaca de Ju\u00e1rez, Oax., 14 de enero de 2022.- Como parte de las acciones de procuraci\u00f3n de justicia a nivel estatal, la Fiscal\u00eda General del Estado de Oaxaca (FGEO), coordin\u00f3 y ejecut\u00f3 un operativo de b\u00fasqueda a partir del reporte de una persona desaparecida en jurisdicci\u00f3n de San Esteban Atatlahuca, en la regi\u00f3n de la [&hellip;]<\/p>\n","protected":false},"author":2,"featured_media":8561,"comment_status":"closed","ping_status":"closed","sticky":false,"template":"","format":"standard","meta":{"footnotes":""},"categories":[20],"tags":[],"class_list":{"0":"post-8560","1":"post","2":"type-post","3":"status-publish","4":"format-standard","5":"has-post-thumbnail","7":"category-policiaca"},"yoast_head":"<!-- This site is optimized with the Yoast SEO plugin v27.4 - https:\/\/yoast.com\/product\/yoast-seo-wordpress\/ -->\n<title>Coordina FGEO operativo de b\u00fasqueda y localiza restos humanos en la regi\u00f3n de la Mixteca - LA BRAVA RADIO<\/title>\n<meta name=\"robots\" content=\"index, follow, max-snippet:-1, max-image-preview:large, max-video-preview:-1\" \/>\n<link rel=\"canonical\" href=\"https:\/\/www.bbmnoticias.com\/labravaradiofm\/2022\/01\/14\/coordina-fgeo-operativo-de-busqueda-y-localiza-restos-humanos-en-la-region-de-la-mixteca\/\" \/>\n<meta property=\"og:locale\" content=\"es_MX\" \/>\n<meta property=\"og:type\" content=\"article\" \/>\n<meta property=\"og:title\" content=\"Coordina FGEO operativo de b\u00fasqueda y localiza restos humanos en la regi\u00f3n de la Mixteca - LA BRAVA RADIO\" \/>\n<meta property=\"og:description\" content=\"Oaxaca de Ju\u00e1rez, Oax., 14 de enero de 2022.- Como parte de las acciones de procuraci\u00f3n de justicia a nivel estatal, la Fiscal\u00eda General del Estado de Oaxaca (FGEO), coordin\u00f3 y ejecut\u00f3 un operativo de b\u00fasqueda a partir del reporte de una persona desaparecida en jurisdicci\u00f3n de San Esteban Atatlahuca, en la regi\u00f3n de la [&hellip;]\" \/>\n<meta property=\"og:url\" content=\"https:\/\/www.bbmnoticias.com\/labravaradiofm\/2022\/01\/14\/coordina-fgeo-operativo-de-busqueda-y-localiza-restos-humanos-en-la-region-de-la-mixteca\/\" \/>\n<meta property=\"og:site_name\" content=\"LA BRAVA RADIO\" \/>\n<meta property=\"article:published_time\" content=\"2022-01-14T20:38:55+00:00\" \/>\n<meta property=\"article:modified_time\" content=\"2022-01-14T20:39:16+00:00\" \/>\n<meta property=\"og:image\" content=\"https:\/\/www.bbmnoticias.com\/labravaradiofm\/wp-content\/uploads\/sites\/5\/2022\/01\/busqueda-mixteca.png\" \/>\n\t<meta property=\"og:image:width\" content=\"1600\" \/>\n\t<meta property=\"og:image:height\" content=\"1200\" \/>\n\t<meta property=\"og:image:type\" content=\"image\/png\" \/>\n<meta name=\"author\" content=\"Staff\" \/>\n<meta name=\"twitter:card\" content=\"summary_large_image\" \/>\n<meta name=\"twitter:label1\" content=\"Escrito por\" \/>\n\t<meta name=\"twitter:data1\" content=\"Staff\" \/>\n\t<meta name=\"twitter:label2\" content=\"Tiempo de lectura\" \/>\n\t<meta name=\"twitter:data2\" content=\"1 minuto\" \/>\n<script type=\"application\/ld+json\" class=\"yoast-schema-graph\">{\"@context\":\"https:\\\/\\\/schema.org\",\"@graph\":[{\"@type\":\"Article\",\"@id\":\"https:\\\/\\\/www.bbmnoticias.com\\\/labravaradiofm\\\/2022\\\/01\\\/14\\\/coordina-fgeo-operativo-de-busqueda-y-localiza-restos-humanos-en-la-region-de-la-mixteca\\\/#article\",\"isPartOf\":{\"@id\":\"https:\\\/\\\/www.bbmnoticias.com\\\/labravaradiofm\\\/2022\\\/01\\\/14\\\/coordina-fgeo-operativo-de-busqueda-y-localiza-restos-humanos-en-la-region-de-la-mixteca\\\/\"},\"author\":{\"name\":\"Staff\",\"@id\":\"https:\\\/\\\/www.bbmnoticias.com\\\/labravaradiofm\\\/#\\\/schema\\\/person\\\/68a9e9036ef3c5b55aeb2b71dc8bab45\"},\"headline\":\"Coordina FGEO operativo de b\u00fasqueda y localiza restos humanos en la regi\u00f3n de la Mixteca\",\"datePublished\":\"2022-01-14T20:38:55+00:00\",\"dateModified\":\"2022-01-14T20:39:16+00:00\",\"mainEntityOfPage\":{\"@id\":\"https:\\\/\\\/www.bbmnoticias.com\\\/labravaradiofm\\\/2022\\\/01\\\/14\\\/coordina-fgeo-operativo-de-busqueda-y-localiza-restos-humanos-en-la-region-de-la-mixteca\\\/\"},\"wordCount\":207,\"image\":{\"@id\":\"https:\\\/\\\/www.bbmnoticias.com\\\/labravaradiofm\\\/2022\\\/01\\\/14\\\/coordina-fgeo-operativo-de-busqueda-y-localiza-restos-humanos-en-la-region-de-la-mixteca\\\/#primaryimage\"},\"thumbnailUrl\":\"https:\\\/\\\/www.bbmnoticias.com\\\/labravaradiofm\\\/wp-content\\\/uploads\\\/sites\\\/5\\\/2022\\\/01\\\/busqueda-mixteca.png\",\"articleSection\":[\"POLICIACA\"],\"inLanguage\":\"es\"},{\"@type\":\"WebPage\",\"@id\":\"https:\\\/\\\/www.bbmnoticias.com\\\/labravaradiofm\\\/2022\\\/01\\\/14\\\/coordina-fgeo-operativo-de-busqueda-y-localiza-restos-humanos-en-la-region-de-la-mixteca\\\/\",\"url\":\"https:\\\/\\\/www.bbmnoticias.com\\\/labravaradiofm\\\/2022\\\/01\\\/14\\\/coordina-fgeo-operativo-de-busqueda-y-localiza-restos-humanos-en-la-region-de-la-mixteca\\\/\",\"name\":\"Coordina FGEO operativo de b\u00fasqueda y localiza restos humanos en la regi\u00f3n de la Mixteca - LA BRAVA RADIO\",\"isPartOf\":{\"@id\":\"https:\\\/\\\/www.bbmnoticias.com\\\/labravaradiofm\\\/#website\"},\"primaryImageOfPage\":{\"@id\":\"https:\\\/\\\/www.bbmnoticias.com\\\/labravaradiofm\\\/2022\\\/01\\\/14\\\/coordina-fgeo-operativo-de-busqueda-y-localiza-restos-humanos-en-la-region-de-la-mixteca\\\/#primaryimage\"},\"image\":{\"@id\":\"https:\\\/\\\/www.bbmnoticias.com\\\/labravaradiofm\\\/2022\\\/01\\\/14\\\/coordina-fgeo-operativo-de-busqueda-y-localiza-restos-humanos-en-la-region-de-la-mixteca\\\/#primaryimage\"},\"thumbnailUrl\":\"https:\\\/\\\/www.bbmnoticias.com\\\/labravaradiofm\\\/wp-content\\\/uploads\\\/sites\\\/5\\\/2022\\\/01\\\/busqueda-mixteca.png\",\"datePublished\":\"2022-01-14T20:38:55+00:00\",\"dateModified\":\"2022-01-14T20:39:16+00:00\",\"author\":{\"@id\":\"https:\\\/\\\/www.bbmnoticias.com\\\/labravaradiofm\\\/#\\\/schema\\\/person\\\/68a9e9036ef3c5b55aeb2b71dc8bab45\"},\"breadcrumb\":{\"@id\":\"https:\\\/\\\/www.bbmnoticias.com\\\/labravaradiofm\\\/2022\\\/01\\\/14\\\/coordina-fgeo-operativo-de-busqueda-y-localiza-restos-humanos-en-la-region-de-la-mixteca\\\/#breadcrumb\"},\"inLanguage\":\"es\",\"potentialAction\":[{\"@type\":\"ReadAction\",\"target\":[\"https:\\\/\\\/www.bbmnoticias.com\\\/labravaradiofm\\\/2022\\\/01\\\/14\\\/coordina-fgeo-operativo-de-busqueda-y-localiza-restos-humanos-en-la-region-de-la-mixteca\\\/\"]}]},{\"@type\":\"ImageObject\",\"inLanguage\":\"es\",\"@id\":\"https:\\\/\\\/www.bbmnoticias.com\\\/labravaradiofm\\\/2022\\\/01\\\/14\\\/coordina-fgeo-operativo-de-busqueda-y-localiza-restos-humanos-en-la-region-de-la-mixteca\\\/#primaryimage\",\"url\":\"https:\\\/\\\/www.bbmnoticias.com\\\/labravaradiofm\\\/wp-content\\\/uploads\\\/sites\\\/5\\\/2022\\\/01\\\/busqueda-mixteca.png\",\"contentUrl\":\"https:\\\/\\\/www.bbmnoticias.com\\\/labravaradiofm\\\/wp-content\\\/uploads\\\/sites\\\/5\\\/2022\\\/01\\\/busqueda-mixteca.png\",\"width\":1600,\"height\":1200},{\"@type\":\"BreadcrumbList\",\"@id\":\"https:\\\/\\\/www.bbmnoticias.com\\\/labravaradiofm\\\/2022\\\/01\\\/14\\\/coordina-fgeo-operativo-de-busqueda-y-localiza-restos-humanos-en-la-region-de-la-mixteca\\\/#breadcrumb\",\"itemListElement\":[{\"@type\":\"ListItem\",\"position\":1,\"name\":\"Inicio\",\"item\":\"https:\\\/\\\/www.bbmnoticias.com\\\/labravaradiofm\\\/\"},{\"@type\":\"ListItem\",\"position\":2,\"name\":\"Coordina FGEO operativo de b\u00fasqueda y localiza restos humanos en la regi\u00f3n de la Mixteca\"}]},{\"@type\":\"WebSite\",\"@id\":\"https:\\\/\\\/www.bbmnoticias.com\\\/labravaradiofm\\\/#website\",\"url\":\"https:\\\/\\\/www.bbmnoticias.com\\\/labravaradiofm\\\/\",\"name\":\"LA BRAVA RADIO\",\"description\":\"Empresa productora de medios, Radiodifusi\u00f3n, Noticias, tendencias y todo lo que necesitas saber de la pol\u00edtica mexicana e internacional; entretenimiento, espect\u00e1culos, salud y mucho m\u00e1s.\",\"potentialAction\":[{\"@type\":\"SearchAction\",\"target\":{\"@type\":\"EntryPoint\",\"urlTemplate\":\"https:\\\/\\\/www.bbmnoticias.com\\\/labravaradiofm\\\/?s={search_term_string}\"},\"query-input\":{\"@type\":\"PropertyValueSpecification\",\"valueRequired\":true,\"valueName\":\"search_term_string\"}}],\"inLanguage\":\"es\"},{\"@type\":\"Person\",\"@id\":\"https:\\\/\\\/www.bbmnoticias.com\\\/labravaradiofm\\\/#\\\/schema\\\/person\\\/68a9e9036ef3c5b55aeb2b71dc8bab45\",\"name\":\"Staff\",\"image\":{\"@type\":\"ImageObject\",\"inLanguage\":\"es\",\"@id\":\"https:\\\/\\\/secure.gravatar.com\\\/avatar\\\/fdd21ad66fd8b98c407f9dee5b5e588cfe7f0d8579ec20fa6527cd59bab7f0f0?s=96&d=mm&r=g\",\"url\":\"https:\\\/\\\/secure.gravatar.com\\\/avatar\\\/fdd21ad66fd8b98c407f9dee5b5e588cfe7f0d8579ec20fa6527cd59bab7f0f0?s=96&d=mm&r=g\",\"contentUrl\":\"https:\\\/\\\/secure.gravatar.com\\\/avatar\\\/fdd21ad66fd8b98c407f9dee5b5e588cfe7f0d8579ec20fa6527cd59bab7f0f0?s=96&d=mm&r=g\",\"caption\":\"Staff\"},\"url\":\"https:\\\/\\\/www.bbmnoticias.com\\\/labravaradiofm\\\/author\\\/redaccion\\\/\"}]}<\/script>\n<!-- \/ Yoast SEO plugin. -->","yoast_head_json":{"title":"Coordina FGEO operativo de b\u00fasqueda y localiza restos humanos en la regi\u00f3n de la Mixteca - LA BRAVA RADIO","robots":{"index":"index","follow":"follow","max-snippet":"max-snippet:-1","max-image-preview":"max-image-preview:large","max-video-preview":"max-video-preview:-1"},"canonical":"https:\/\/www.bbmnoticias.com\/labravaradiofm\/2022\/01\/14\/coordina-fgeo-operativo-de-busqueda-y-localiza-restos-humanos-en-la-region-de-la-mixteca\/","og_locale":"es_MX","og_type":"article","og_title":"Coordina FGEO operativo de b\u00fasqueda y localiza restos humanos en la regi\u00f3n de la Mixteca - LA BRAVA RADIO","og_description":"Oaxaca de Ju\u00e1rez, Oax., 14 de enero de 2022.- Como parte de las acciones de procuraci\u00f3n de justicia a nivel estatal, la Fiscal\u00eda General del Estado de Oaxaca (FGEO), coordin\u00f3 y ejecut\u00f3 un operativo de b\u00fasqueda a partir del reporte de una persona desaparecida en jurisdicci\u00f3n de San Esteban Atatlahuca, en la regi\u00f3n de la [&hellip;]","og_url":"https:\/\/www.bbmnoticias.com\/labravaradiofm\/2022\/01\/14\/coordina-fgeo-operativo-de-busqueda-y-localiza-restos-humanos-en-la-region-de-la-mixteca\/","og_site_name":"LA BRAVA RADIO","article_published_time":"2022-01-14T20:38:55+00:00","article_modified_time":"2022-01-14T20:39:16+00:00","og_image":[{"width":1600,"height":1200,"url":"https:\/\/www.bbmnoticias.com\/labravaradiofm\/wp-content\/uploads\/sites\/5\/2022\/01\/busqueda-mixteca.png","type":"image\/png"}],"author":"Staff","twitter_card":"summary_large_image","twitter_misc":{"Escrito por":"Staff","Tiempo de lectura":"1 minuto"},"schema":{"@context":"https:\/\/schema.org","@graph":[{"@type":"Article","@id":"https:\/\/www.bbmnoticias.com\/labravaradiofm\/2022\/01\/14\/coordina-fgeo-operativo-de-busqueda-y-localiza-restos-humanos-en-la-region-de-la-mixteca\/#article","isPartOf":{"@id":"https:\/\/www.bbmnoticias.com\/labravaradiofm\/2022\/01\/14\/coordina-fgeo-operativo-de-busqueda-y-localiza-restos-humanos-en-la-region-de-la-mixteca\/"},"author":{"name":"Staff","@id":"https:\/\/www.bbmnoticias.com\/labravaradiofm\/#\/schema\/person\/68a9e9036ef3c5b55aeb2b71dc8bab45"},"headline":"Coordina FGEO operativo de b\u00fasqueda y localiza restos humanos en la regi\u00f3n de la Mixteca","datePublished":"2022-01-14T20:38:55+00:00","dateModified":"2022-01-14T20:39:16+00:00","mainEntityOfPage":{"@id":"https:\/\/www.bbmnoticias.com\/labravaradiofm\/2022\/01\/14\/coordina-fgeo-operativo-de-busqueda-y-localiza-restos-humanos-en-la-region-de-la-mixteca\/"},"wordCount":207,"image":{"@id":"https:\/\/www.bbmnoticias.com\/labravaradiofm\/2022\/01\/14\/coordina-fgeo-operativo-de-busqueda-y-localiza-restos-humanos-en-la-region-de-la-mixteca\/#primaryimage"},"thumbnailUrl":"https:\/\/www.bbmnoticias.com\/labravaradiofm\/wp-content\/uploads\/sites\/5\/2022\/01\/busqueda-mixteca.png","articleSection":["POLICIACA"],"inLanguage":"es"},{"@type":"WebPage","@id":"https:\/\/www.bbmnoticias.com\/labravaradiofm\/2022\/01\/14\/coordina-fgeo-operativo-de-busqueda-y-localiza-restos-humanos-en-la-region-de-la-mixteca\/","url":"https:\/\/www.bbmnoticias.com\/labravaradiofm\/2022\/01\/14\/coordina-fgeo-operativo-de-busqueda-y-localiza-restos-humanos-en-la-region-de-la-mixteca\/","name":"Coordina FGEO operativo de b\u00fasqueda y localiza restos humanos en la regi\u00f3n de la Mixteca - LA BRAVA RADIO","isPartOf":{"@id":"https:\/\/www.bbmnoticias.com\/labravaradiofm\/#website"},"primaryImageOfPage":{"@id":"https:\/\/www.bbmnoticias.com\/labravaradiofm\/2022\/01\/14\/coordina-fgeo-operativo-de-busqueda-y-localiza-restos-humanos-en-la-region-de-la-mixteca\/#primaryimage"},"image":{"@id":"https:\/\/www.bbmnoticias.com\/labravaradiofm\/2022\/01\/14\/coordina-fgeo-operativo-de-busqueda-y-localiza-restos-humanos-en-la-region-de-la-mixteca\/#primaryimage"},"thumbnailUrl":"https:\/\/www.bbmnoticias.com\/labravaradiofm\/wp-content\/uploads\/sites\/5\/2022\/01\/busqueda-mixteca.png","datePublished":"2022-01-14T20:38:55+00:00","dateModified":"2022-01-14T20:39:16+00:00","author":{"@id":"https:\/\/www.bbmnoticias.com\/labravaradiofm\/#\/schema\/person\/68a9e9036ef3c5b55aeb2b71dc8bab45"},"breadcrumb":{"@id":"https:\/\/www.bbmnoticias.com\/labravaradiofm\/2022\/01\/14\/coordina-fgeo-operativo-de-busqueda-y-localiza-restos-humanos-en-la-region-de-la-mixteca\/#breadcrumb"},"inLanguage":"es","potentialAction":[{"@type":"ReadAction","target":["https:\/\/www.bbmnoticias.com\/labravaradiofm\/2022\/01\/14\/coordina-fgeo-operativo-de-busqueda-y-localiza-restos-humanos-en-la-region-de-la-mixteca\/"]}]},{"@type":"ImageObject","inLanguage":"es","@id":"https:\/\/www.bbmnoticias.com\/labravaradiofm\/2022\/01\/14\/coordina-fgeo-operativo-de-busqueda-y-localiza-restos-humanos-en-la-region-de-la-mixteca\/#primaryimage","url":"https:\/\/www.bbmnoticias.com\/labravaradiofm\/wp-content\/uploads\/sites\/5\/2022\/01\/busqueda-mixteca.png","contentUrl":"https:\/\/www.bbmnoticias.com\/labravaradiofm\/wp-content\/uploads\/sites\/5\/2022\/01\/busqueda-mixteca.png","width":1600,"height":1200},{"@type":"BreadcrumbList","@id":"https:\/\/www.bbmnoticias.com\/labravaradiofm\/2022\/01\/14\/coordina-fgeo-operativo-de-busqueda-y-localiza-restos-humanos-en-la-region-de-la-mixteca\/#breadcrumb","itemListElement":[{"@type":"ListItem","position":1,"name":"Inicio","item":"https:\/\/www.bbmnoticias.com\/labravaradiofm\/"},{"@type":"ListItem","position":2,"name":"Coordina FGEO operativo de b\u00fasqueda y localiza restos humanos en la regi\u00f3n de la Mixteca"}]},{"@type":"WebSite","@id":"https:\/\/www.bbmnoticias.com\/labravaradiofm\/#website","url":"https:\/\/www.bbmnoticias.com\/labravaradiofm\/","name":"LA BRAVA RADIO","description":"Empresa productora de medios, Radiodifusi\u00f3n, Noticias, tendencias y todo lo que necesitas saber de la pol\u00edtica mexicana e internacional; entretenimiento, espect\u00e1culos, salud y mucho m\u00e1s.","potentialAction":[{"@type":"SearchAction","target":{"@type":"EntryPoint","urlTemplate":"https:\/\/www.bbmnoticias.com\/labravaradiofm\/?s={search_term_string}"},"query-input":{"@type":"PropertyValueSpecification","valueRequired":true,"valueName":"search_term_string"}}],"inLanguage":"es"},{"@type":"Person","@id":"https:\/\/www.bbmnoticias.com\/labravaradiofm\/#\/schema\/person\/68a9e9036ef3c5b55aeb2b71dc8bab45","name":"Staff","image":{"@type":"ImageObject","inLanguage":"es","@id":"https:\/\/secure.gravatar.com\/avatar\/fdd21ad66fd8b98c407f9dee5b5e588cfe7f0d8579ec20fa6527cd59bab7f0f0?s=96&d=mm&r=g","url":"https:\/\/secure.gravatar.com\/avatar\/fdd21ad66fd8b98c407f9dee5b5e588cfe7f0d8579ec20fa6527cd59bab7f0f0?s=96&d=mm&r=g","contentUrl":"https:\/\/secure.gravatar.com\/avatar\/fdd21ad66fd8b98c407f9dee5b5e588cfe7f0d8579ec20fa6527cd59bab7f0f0?s=96&d=mm&r=g","caption":"Staff"},"url":"https:\/\/www.bbmnoticias.com\/labravaradiofm\/author\/redaccion\/"}]}},"_links":{"self":[{"href":"https:\/\/www.bbmnoticias.com\/labravaradiofm\/wp-json\/wp\/v2\/posts\/8560","targetHints":{"allow":["GET"]}}],"collection":[{"href":"https:\/\/www.bbmnoticias.com\/labravaradiofm\/wp-json\/wp\/v2\/posts"}],"about":[{"href":"https:\/\/www.bbmnoticias.com\/labravaradiofm\/wp-json\/wp\/v2\/types\/post"}],"author":[{"embeddable":true,"href":"https:\/\/www.bbmnoticias.com\/labravaradiofm\/wp-json\/wp\/v2\/users\/2"}],"replies":[{"embeddable":true,"href":"https:\/\/www.bbmnoticias.com\/labravaradiofm\/wp-json\/wp\/v2\/comments?post=8560"}],"version-history":[{"count":0,"href":"https:\/\/www.bbmnoticias.com\/labravaradiofm\/wp-json\/wp\/v2\/posts\/8560\/revisions"}],"wp:featuredmedia":[{"embeddable":true,"href":"https:\/\/www.bbmnoticias.com\/labravaradiofm\/wp-json\/wp\/v2\/media\/8561"}],"wp:attachment":[{"href":"https:\/\/www.bbmnoticias.com\/labravaradiofm\/wp-json\/wp\/v2\/media?parent=8560"}],"wp:term":[{"taxonomy":"category","embeddable":true,"href":"https:\/\/www.bbmnoticias.com\/labravaradiofm\/wp-json\/wp\/v2\/categories?post=8560"},{"taxonomy":"post_tag","embeddable":true,"href":"https:\/\/www.bbmnoticias.com\/labravaradiofm\/wp-json\/wp\/v2\/tags?post=8560"}],"curies":[{"name":"wp","href":"https:\/\/api.w.org\/{rel}","templated":true}]}}