{"id":8539,"date":"2022-01-14T09:49:33","date_gmt":"2022-01-14T15:49:33","guid":{"rendered":"https:\/\/www.bbmnoticias.com\/labravaradiofm\/?p=8539"},"modified":"2022-01-14T09:49:35","modified_gmt":"2022-01-14T15:49:35","slug":"infonavit-y-sindicato-acuerdan-incremento-salarial","status":"publish","type":"post","link":"https:\/\/www.bbmnoticias.com\/labravaradiofm\/2022\/01\/14\/infonavit-y-sindicato-acuerdan-incremento-salarial\/","title":{"rendered":"INFONAVIT Y SINDICATO acuerdan incremento salarial"},"content":{"rendered":"<div style=\"margin-top: 0px; margin-bottom: 0px;\" class=\"sharethis-inline-share-buttons\" ><\/div>\n<p>Con el objetivo de mejorar las condiciones del capital humano del Instituto y sus familias, el Instituto del Fondo Nacional de la Vivienda para los Trabajadores (Infonavit) y el Sindicato Nacional de Trabajadores del Infonavit (SNTInfonavit) firmaron el convenio de revisi\u00f3n salarial y prestaciones econ\u00f3micas de la revisi\u00f3n bianual del Contrato Colectivo de Trabajo 2022-2024.&nbsp;&nbsp;<\/p>\n\n\n\n<p>Este acuerdo, establece un incremento salarial diferenciado al personal t\u00e1ctico y t\u00e9cnico sindicalizado y no sindicalizado, que va de 2.5 a 3.6% dependiendo del cargo desempe\u00f1ado; siendo el mayor aumento para aquellos trabajadores que actualmente perciben menores ingresos.&nbsp;&nbsp;<\/p>\n\n\n\n<p>Asimismo, en apego a la Ley Federal de Trabajo, el Infonavit y el SNTInfonavit acordaron un aumento de 2.3% en las prestaciones de: ayuda de despensa, transporte, alimentos e incentivo laboral.&nbsp;&nbsp;<\/p>\n\n\n\n<p>Adem\u00e1s, con el objetivo de modernizar el Contrato Colectivo de Trabajo y adaptarlo a los nuevos tiempos y modalidades laborales, en la revisi\u00f3n se incluy\u00f3 el acuerdo de integrar el Trabajo Fuera de Oficina en el convenio y se establecieron cl\u00e1usulas para que, de manera progresiva, las y los nuevos trabajadores del Instituto accedan a sus beneficios y prestaciones.&nbsp;&nbsp;<\/p>\n\n\n\n<p>Los acuerdos alcanzados, muestra del di\u00e1logo entre el Infonavit y el SNTInfonavit, reflejan un objetivo com\u00fan: poner al centro de todas sus acciones a las y los trabajadores del Instituto y del pa\u00eds.&nbsp;&nbsp;&nbsp;<\/p>\n\n\n\n<p><strong>Infonavit es una instituci\u00f3n de solidaridad, servicio y seguridad social del Estado, que tiene como objetivo otorgar cr\u00e9dito barato y suficiente para que las y los trabajadores del sector formal puedan acceder a una vivienda adecuada y formar un patrimonio. Asimismo, es la hipotecaria m\u00e1s grande en Am\u00e9rica Latina y la cuarta en el mundo, desde su creaci\u00f3n en 1972 a la fecha, el organismo ha colocado m\u00e1s de 11.6 millones de cr\u00e9ditos en M\u00e9xico.<\/strong><\/p>\n","protected":false},"excerpt":{"rendered":"<p>Con el objetivo de mejorar las condiciones del capital humano del Instituto y sus familias, el Instituto del Fondo Nacional de la Vivienda para los Trabajadores (Infonavit) y el Sindicato Nacional de Trabajadores del Infonavit (SNTInfonavit) firmaron el convenio de revisi\u00f3n salarial y prestaciones econ\u00f3micas de la revisi\u00f3n bianual del Contrato Colectivo de Trabajo 2022-2024.&nbsp;&nbsp; [&hellip;]<\/p>\n","protected":false},"author":2,"featured_media":8540,"comment_status":"closed","ping_status":"closed","sticky":false,"template":"","format":"standard","meta":{"footnotes":""},"categories":[19],"tags":[],"class_list":{"0":"post-8539","1":"post","2":"type-post","3":"status-publish","4":"format-standard","5":"has-post-thumbnail","7":"category-nacional"},"yoast_head":"<!-- This site is optimized with the Yoast SEO plugin v27.4 - https:\/\/yoast.com\/product\/yoast-seo-wordpress\/ -->\n<title>INFONAVIT Y SINDICATO acuerdan incremento salarial - LA BRAVA RADIO<\/title>\n<meta name=\"robots\" content=\"index, follow, max-snippet:-1, max-image-preview:large, max-video-preview:-1\" \/>\n<link rel=\"canonical\" href=\"https:\/\/www.bbmnoticias.com\/labravaradiofm\/2022\/01\/14\/infonavit-y-sindicato-acuerdan-incremento-salarial\/\" \/>\n<meta property=\"og:locale\" content=\"es_MX\" \/>\n<meta property=\"og:type\" content=\"article\" \/>\n<meta property=\"og:title\" content=\"INFONAVIT Y SINDICATO acuerdan incremento salarial - LA BRAVA RADIO\" \/>\n<meta property=\"og:description\" content=\"Con el objetivo de mejorar las condiciones del capital humano del Instituto y sus familias, el Instituto del Fondo Nacional de la Vivienda para los Trabajadores (Infonavit) y el Sindicato Nacional de Trabajadores del Infonavit (SNTInfonavit) firmaron el convenio de revisi\u00f3n salarial y prestaciones econ\u00f3micas de la revisi\u00f3n bianual del Contrato Colectivo de Trabajo 2022-2024.&nbsp;&nbsp; [&hellip;]\" \/>\n<meta property=\"og:url\" content=\"https:\/\/www.bbmnoticias.com\/labravaradiofm\/2022\/01\/14\/infonavit-y-sindicato-acuerdan-incremento-salarial\/\" \/>\n<meta property=\"og:site_name\" content=\"LA BRAVA RADIO\" \/>\n<meta property=\"article:published_time\" content=\"2022-01-14T15:49:33+00:00\" \/>\n<meta property=\"article:modified_time\" content=\"2022-01-14T15:49:35+00:00\" \/>\n<meta property=\"og:image\" content=\"https:\/\/www.bbmnoticias.com\/labravaradiofm\/wp-content\/uploads\/sites\/5\/2022\/01\/infonavit-sindicato.jpeg\" \/>\n\t<meta property=\"og:image:width\" content=\"1280\" \/>\n\t<meta property=\"og:image:height\" content=\"853\" \/>\n\t<meta property=\"og:image:type\" content=\"image\/jpeg\" \/>\n<meta name=\"author\" content=\"Staff\" \/>\n<meta name=\"twitter:card\" content=\"summary_large_image\" \/>\n<meta name=\"twitter:label1\" content=\"Escrito por\" \/>\n\t<meta name=\"twitter:data1\" content=\"Staff\" \/>\n\t<meta name=\"twitter:label2\" content=\"Tiempo de lectura\" \/>\n\t<meta name=\"twitter:data2\" content=\"2 minutos\" \/>\n<script type=\"application\/ld+json\" class=\"yoast-schema-graph\">{\"@context\":\"https:\\\/\\\/schema.org\",\"@graph\":[{\"@type\":\"Article\",\"@id\":\"https:\\\/\\\/www.bbmnoticias.com\\\/labravaradiofm\\\/2022\\\/01\\\/14\\\/infonavit-y-sindicato-acuerdan-incremento-salarial\\\/#article\",\"isPartOf\":{\"@id\":\"https:\\\/\\\/www.bbmnoticias.com\\\/labravaradiofm\\\/2022\\\/01\\\/14\\\/infonavit-y-sindicato-acuerdan-incremento-salarial\\\/\"},\"author\":{\"name\":\"Staff\",\"@id\":\"https:\\\/\\\/www.bbmnoticias.com\\\/labravaradiofm\\\/#\\\/schema\\\/person\\\/68a9e9036ef3c5b55aeb2b71dc8bab45\"},\"headline\":\"INFONAVIT Y SINDICATO acuerdan incremento salarial\",\"datePublished\":\"2022-01-14T15:49:33+00:00\",\"dateModified\":\"2022-01-14T15:49:35+00:00\",\"mainEntityOfPage\":{\"@id\":\"https:\\\/\\\/www.bbmnoticias.com\\\/labravaradiofm\\\/2022\\\/01\\\/14\\\/infonavit-y-sindicato-acuerdan-incremento-salarial\\\/\"},\"wordCount\":323,\"image\":{\"@id\":\"https:\\\/\\\/www.bbmnoticias.com\\\/labravaradiofm\\\/2022\\\/01\\\/14\\\/infonavit-y-sindicato-acuerdan-incremento-salarial\\\/#primaryimage\"},\"thumbnailUrl\":\"https:\\\/\\\/www.bbmnoticias.com\\\/labravaradiofm\\\/wp-content\\\/uploads\\\/sites\\\/5\\\/2022\\\/01\\\/infonavit-sindicato.jpeg\",\"articleSection\":[\"NACIONAL\"],\"inLanguage\":\"es\"},{\"@type\":\"WebPage\",\"@id\":\"https:\\\/\\\/www.bbmnoticias.com\\\/labravaradiofm\\\/2022\\\/01\\\/14\\\/infonavit-y-sindicato-acuerdan-incremento-salarial\\\/\",\"url\":\"https:\\\/\\\/www.bbmnoticias.com\\\/labravaradiofm\\\/2022\\\/01\\\/14\\\/infonavit-y-sindicato-acuerdan-incremento-salarial\\\/\",\"name\":\"INFONAVIT Y SINDICATO acuerdan incremento salarial - LA BRAVA RADIO\",\"isPartOf\":{\"@id\":\"https:\\\/\\\/www.bbmnoticias.com\\\/labravaradiofm\\\/#website\"},\"primaryImageOfPage\":{\"@id\":\"https:\\\/\\\/www.bbmnoticias.com\\\/labravaradiofm\\\/2022\\\/01\\\/14\\\/infonavit-y-sindicato-acuerdan-incremento-salarial\\\/#primaryimage\"},\"image\":{\"@id\":\"https:\\\/\\\/www.bbmnoticias.com\\\/labravaradiofm\\\/2022\\\/01\\\/14\\\/infonavit-y-sindicato-acuerdan-incremento-salarial\\\/#primaryimage\"},\"thumbnailUrl\":\"https:\\\/\\\/www.bbmnoticias.com\\\/labravaradiofm\\\/wp-content\\\/uploads\\\/sites\\\/5\\\/2022\\\/01\\\/infonavit-sindicato.jpeg\",\"datePublished\":\"2022-01-14T15:49:33+00:00\",\"dateModified\":\"2022-01-14T15:49:35+00:00\",\"author\":{\"@id\":\"https:\\\/\\\/www.bbmnoticias.com\\\/labravaradiofm\\\/#\\\/schema\\\/person\\\/68a9e9036ef3c5b55aeb2b71dc8bab45\"},\"breadcrumb\":{\"@id\":\"https:\\\/\\\/www.bbmnoticias.com\\\/labravaradiofm\\\/2022\\\/01\\\/14\\\/infonavit-y-sindicato-acuerdan-incremento-salarial\\\/#breadcrumb\"},\"inLanguage\":\"es\",\"potentialAction\":[{\"@type\":\"ReadAction\",\"target\":[\"https:\\\/\\\/www.bbmnoticias.com\\\/labravaradiofm\\\/2022\\\/01\\\/14\\\/infonavit-y-sindicato-acuerdan-incremento-salarial\\\/\"]}]},{\"@type\":\"ImageObject\",\"inLanguage\":\"es\",\"@id\":\"https:\\\/\\\/www.bbmnoticias.com\\\/labravaradiofm\\\/2022\\\/01\\\/14\\\/infonavit-y-sindicato-acuerdan-incremento-salarial\\\/#primaryimage\",\"url\":\"https:\\\/\\\/www.bbmnoticias.com\\\/labravaradiofm\\\/wp-content\\\/uploads\\\/sites\\\/5\\\/2022\\\/01\\\/infonavit-sindicato.jpeg\",\"contentUrl\":\"https:\\\/\\\/www.bbmnoticias.com\\\/labravaradiofm\\\/wp-content\\\/uploads\\\/sites\\\/5\\\/2022\\\/01\\\/infonavit-sindicato.jpeg\",\"width\":1280,\"height\":853},{\"@type\":\"BreadcrumbList\",\"@id\":\"https:\\\/\\\/www.bbmnoticias.com\\\/labravaradiofm\\\/2022\\\/01\\\/14\\\/infonavit-y-sindicato-acuerdan-incremento-salarial\\\/#breadcrumb\",\"itemListElement\":[{\"@type\":\"ListItem\",\"position\":1,\"name\":\"Inicio\",\"item\":\"https:\\\/\\\/www.bbmnoticias.com\\\/labravaradiofm\\\/\"},{\"@type\":\"ListItem\",\"position\":2,\"name\":\"INFONAVIT Y SINDICATO acuerdan incremento salarial\"}]},{\"@type\":\"WebSite\",\"@id\":\"https:\\\/\\\/www.bbmnoticias.com\\\/labravaradiofm\\\/#website\",\"url\":\"https:\\\/\\\/www.bbmnoticias.com\\\/labravaradiofm\\\/\",\"name\":\"LA BRAVA RADIO\",\"description\":\"Empresa productora de medios, Radiodifusi\u00f3n, Noticias, tendencias y todo lo que necesitas saber de la pol\u00edtica mexicana e internacional; entretenimiento, espect\u00e1culos, salud y mucho m\u00e1s.\",\"potentialAction\":[{\"@type\":\"SearchAction\",\"target\":{\"@type\":\"EntryPoint\",\"urlTemplate\":\"https:\\\/\\\/www.bbmnoticias.com\\\/labravaradiofm\\\/?s={search_term_string}\"},\"query-input\":{\"@type\":\"PropertyValueSpecification\",\"valueRequired\":true,\"valueName\":\"search_term_string\"}}],\"inLanguage\":\"es\"},{\"@type\":\"Person\",\"@id\":\"https:\\\/\\\/www.bbmnoticias.com\\\/labravaradiofm\\\/#\\\/schema\\\/person\\\/68a9e9036ef3c5b55aeb2b71dc8bab45\",\"name\":\"Staff\",\"image\":{\"@type\":\"ImageObject\",\"inLanguage\":\"es\",\"@id\":\"https:\\\/\\\/secure.gravatar.com\\\/avatar\\\/fdd21ad66fd8b98c407f9dee5b5e588cfe7f0d8579ec20fa6527cd59bab7f0f0?s=96&d=mm&r=g\",\"url\":\"https:\\\/\\\/secure.gravatar.com\\\/avatar\\\/fdd21ad66fd8b98c407f9dee5b5e588cfe7f0d8579ec20fa6527cd59bab7f0f0?s=96&d=mm&r=g\",\"contentUrl\":\"https:\\\/\\\/secure.gravatar.com\\\/avatar\\\/fdd21ad66fd8b98c407f9dee5b5e588cfe7f0d8579ec20fa6527cd59bab7f0f0?s=96&d=mm&r=g\",\"caption\":\"Staff\"},\"url\":\"https:\\\/\\\/www.bbmnoticias.com\\\/labravaradiofm\\\/author\\\/redaccion\\\/\"}]}<\/script>\n<!-- \/ Yoast SEO plugin. -->","yoast_head_json":{"title":"INFONAVIT Y SINDICATO acuerdan incremento salarial - LA BRAVA RADIO","robots":{"index":"index","follow":"follow","max-snippet":"max-snippet:-1","max-image-preview":"max-image-preview:large","max-video-preview":"max-video-preview:-1"},"canonical":"https:\/\/www.bbmnoticias.com\/labravaradiofm\/2022\/01\/14\/infonavit-y-sindicato-acuerdan-incremento-salarial\/","og_locale":"es_MX","og_type":"article","og_title":"INFONAVIT Y SINDICATO acuerdan incremento salarial - LA BRAVA RADIO","og_description":"Con el objetivo de mejorar las condiciones del capital humano del Instituto y sus familias, el Instituto del Fondo Nacional de la Vivienda para los Trabajadores (Infonavit) y el Sindicato Nacional de Trabajadores del Infonavit (SNTInfonavit) firmaron el convenio de revisi\u00f3n salarial y prestaciones econ\u00f3micas de la revisi\u00f3n bianual del Contrato Colectivo de Trabajo 2022-2024.&nbsp;&nbsp; [&hellip;]","og_url":"https:\/\/www.bbmnoticias.com\/labravaradiofm\/2022\/01\/14\/infonavit-y-sindicato-acuerdan-incremento-salarial\/","og_site_name":"LA BRAVA RADIO","article_published_time":"2022-01-14T15:49:33+00:00","article_modified_time":"2022-01-14T15:49:35+00:00","og_image":[{"width":1280,"height":853,"url":"https:\/\/www.bbmnoticias.com\/labravaradiofm\/wp-content\/uploads\/sites\/5\/2022\/01\/infonavit-sindicato.jpeg","type":"image\/jpeg"}],"author":"Staff","twitter_card":"summary_large_image","twitter_misc":{"Escrito por":"Staff","Tiempo de lectura":"2 minutos"},"schema":{"@context":"https:\/\/schema.org","@graph":[{"@type":"Article","@id":"https:\/\/www.bbmnoticias.com\/labravaradiofm\/2022\/01\/14\/infonavit-y-sindicato-acuerdan-incremento-salarial\/#article","isPartOf":{"@id":"https:\/\/www.bbmnoticias.com\/labravaradiofm\/2022\/01\/14\/infonavit-y-sindicato-acuerdan-incremento-salarial\/"},"author":{"name":"Staff","@id":"https:\/\/www.bbmnoticias.com\/labravaradiofm\/#\/schema\/person\/68a9e9036ef3c5b55aeb2b71dc8bab45"},"headline":"INFONAVIT Y SINDICATO acuerdan incremento salarial","datePublished":"2022-01-14T15:49:33+00:00","dateModified":"2022-01-14T15:49:35+00:00","mainEntityOfPage":{"@id":"https:\/\/www.bbmnoticias.com\/labravaradiofm\/2022\/01\/14\/infonavit-y-sindicato-acuerdan-incremento-salarial\/"},"wordCount":323,"image":{"@id":"https:\/\/www.bbmnoticias.com\/labravaradiofm\/2022\/01\/14\/infonavit-y-sindicato-acuerdan-incremento-salarial\/#primaryimage"},"thumbnailUrl":"https:\/\/www.bbmnoticias.com\/labravaradiofm\/wp-content\/uploads\/sites\/5\/2022\/01\/infonavit-sindicato.jpeg","articleSection":["NACIONAL"],"inLanguage":"es"},{"@type":"WebPage","@id":"https:\/\/www.bbmnoticias.com\/labravaradiofm\/2022\/01\/14\/infonavit-y-sindicato-acuerdan-incremento-salarial\/","url":"https:\/\/www.bbmnoticias.com\/labravaradiofm\/2022\/01\/14\/infonavit-y-sindicato-acuerdan-incremento-salarial\/","name":"INFONAVIT Y SINDICATO acuerdan incremento salarial - LA BRAVA RADIO","isPartOf":{"@id":"https:\/\/www.bbmnoticias.com\/labravaradiofm\/#website"},"primaryImageOfPage":{"@id":"https:\/\/www.bbmnoticias.com\/labravaradiofm\/2022\/01\/14\/infonavit-y-sindicato-acuerdan-incremento-salarial\/#primaryimage"},"image":{"@id":"https:\/\/www.bbmnoticias.com\/labravaradiofm\/2022\/01\/14\/infonavit-y-sindicato-acuerdan-incremento-salarial\/#primaryimage"},"thumbnailUrl":"https:\/\/www.bbmnoticias.com\/labravaradiofm\/wp-content\/uploads\/sites\/5\/2022\/01\/infonavit-sindicato.jpeg","datePublished":"2022-01-14T15:49:33+00:00","dateModified":"2022-01-14T15:49:35+00:00","author":{"@id":"https:\/\/www.bbmnoticias.com\/labravaradiofm\/#\/schema\/person\/68a9e9036ef3c5b55aeb2b71dc8bab45"},"breadcrumb":{"@id":"https:\/\/www.bbmnoticias.com\/labravaradiofm\/2022\/01\/14\/infonavit-y-sindicato-acuerdan-incremento-salarial\/#breadcrumb"},"inLanguage":"es","potentialAction":[{"@type":"ReadAction","target":["https:\/\/www.bbmnoticias.com\/labravaradiofm\/2022\/01\/14\/infonavit-y-sindicato-acuerdan-incremento-salarial\/"]}]},{"@type":"ImageObject","inLanguage":"es","@id":"https:\/\/www.bbmnoticias.com\/labravaradiofm\/2022\/01\/14\/infonavit-y-sindicato-acuerdan-incremento-salarial\/#primaryimage","url":"https:\/\/www.bbmnoticias.com\/labravaradiofm\/wp-content\/uploads\/sites\/5\/2022\/01\/infonavit-sindicato.jpeg","contentUrl":"https:\/\/www.bbmnoticias.com\/labravaradiofm\/wp-content\/uploads\/sites\/5\/2022\/01\/infonavit-sindicato.jpeg","width":1280,"height":853},{"@type":"BreadcrumbList","@id":"https:\/\/www.bbmnoticias.com\/labravaradiofm\/2022\/01\/14\/infonavit-y-sindicato-acuerdan-incremento-salarial\/#breadcrumb","itemListElement":[{"@type":"ListItem","position":1,"name":"Inicio","item":"https:\/\/www.bbmnoticias.com\/labravaradiofm\/"},{"@type":"ListItem","position":2,"name":"INFONAVIT Y SINDICATO acuerdan incremento salarial"}]},{"@type":"WebSite","@id":"https:\/\/www.bbmnoticias.com\/labravaradiofm\/#website","url":"https:\/\/www.bbmnoticias.com\/labravaradiofm\/","name":"LA BRAVA RADIO","description":"Empresa productora de medios, Radiodifusi\u00f3n, Noticias, tendencias y todo lo que necesitas saber de la pol\u00edtica mexicana e internacional; entretenimiento, espect\u00e1culos, salud y mucho m\u00e1s.","potentialAction":[{"@type":"SearchAction","target":{"@type":"EntryPoint","urlTemplate":"https:\/\/www.bbmnoticias.com\/labravaradiofm\/?s={search_term_string}"},"query-input":{"@type":"PropertyValueSpecification","valueRequired":true,"valueName":"search_term_string"}}],"inLanguage":"es"},{"@type":"Person","@id":"https:\/\/www.bbmnoticias.com\/labravaradiofm\/#\/schema\/person\/68a9e9036ef3c5b55aeb2b71dc8bab45","name":"Staff","image":{"@type":"ImageObject","inLanguage":"es","@id":"https:\/\/secure.gravatar.com\/avatar\/fdd21ad66fd8b98c407f9dee5b5e588cfe7f0d8579ec20fa6527cd59bab7f0f0?s=96&d=mm&r=g","url":"https:\/\/secure.gravatar.com\/avatar\/fdd21ad66fd8b98c407f9dee5b5e588cfe7f0d8579ec20fa6527cd59bab7f0f0?s=96&d=mm&r=g","contentUrl":"https:\/\/secure.gravatar.com\/avatar\/fdd21ad66fd8b98c407f9dee5b5e588cfe7f0d8579ec20fa6527cd59bab7f0f0?s=96&d=mm&r=g","caption":"Staff"},"url":"https:\/\/www.bbmnoticias.com\/labravaradiofm\/author\/redaccion\/"}]}},"_links":{"self":[{"href":"https:\/\/www.bbmnoticias.com\/labravaradiofm\/wp-json\/wp\/v2\/posts\/8539","targetHints":{"allow":["GET"]}}],"collection":[{"href":"https:\/\/www.bbmnoticias.com\/labravaradiofm\/wp-json\/wp\/v2\/posts"}],"about":[{"href":"https:\/\/www.bbmnoticias.com\/labravaradiofm\/wp-json\/wp\/v2\/types\/post"}],"author":[{"embeddable":true,"href":"https:\/\/www.bbmnoticias.com\/labravaradiofm\/wp-json\/wp\/v2\/users\/2"}],"replies":[{"embeddable":true,"href":"https:\/\/www.bbmnoticias.com\/labravaradiofm\/wp-json\/wp\/v2\/comments?post=8539"}],"version-history":[{"count":0,"href":"https:\/\/www.bbmnoticias.com\/labravaradiofm\/wp-json\/wp\/v2\/posts\/8539\/revisions"}],"wp:featuredmedia":[{"embeddable":true,"href":"https:\/\/www.bbmnoticias.com\/labravaradiofm\/wp-json\/wp\/v2\/media\/8540"}],"wp:attachment":[{"href":"https:\/\/www.bbmnoticias.com\/labravaradiofm\/wp-json\/wp\/v2\/media?parent=8539"}],"wp:term":[{"taxonomy":"category","embeddable":true,"href":"https:\/\/www.bbmnoticias.com\/labravaradiofm\/wp-json\/wp\/v2\/categories?post=8539"},{"taxonomy":"post_tag","embeddable":true,"href":"https:\/\/www.bbmnoticias.com\/labravaradiofm\/wp-json\/wp\/v2\/tags?post=8539"}],"curies":[{"name":"wp","href":"https:\/\/api.w.org\/{rel}","templated":true}]}}