{"id":8512,"date":"2022-01-14T01:55:00","date_gmt":"2022-01-14T07:55:00","guid":{"rendered":"https:\/\/www.bbmnoticias.com\/labravaradiofm\/?p=8512"},"modified":"2022-01-14T10:18:46","modified_gmt":"2022-01-14T16:18:46","slug":"la-politica-casi-nunca-es-en-realidad-va-siendo-ddr","status":"publish","type":"post","link":"https:\/\/www.bbmnoticias.com\/labravaradiofm\/2022\/01\/14\/la-politica-casi-nunca-es-en-realidad-va-siendo-ddr\/","title":{"rendered":"El canto del B\u00faho &#8211; \u201cLa pol\u00edtica casi nunca es, en realidad va siendo\u201d: DDR"},"content":{"rendered":"<div style=\"margin-top: 0px; margin-bottom: 0px;\" class=\"sharethis-inline-share-buttons\" ><\/div>\n<p>Dos a\u00f1os antes de que inicie el proceso electoral para elegir presidente del pa\u00eds, los grupos se empiezan a <strong>mover aceleradamente<\/strong> y anticipadamente. El inquilino de Palacio Nacional,&nbsp; <strong>adelant\u00f3<\/strong> los tiempos.&nbsp;&nbsp;<\/p>\n\n\n\n<p>A diferencia de otros a\u00f1os, ahora, las figuras pol\u00edticos m\u00e1s importantes se mueven en las coordenadas del partido en el poder: Morena.&nbsp;&nbsp;<\/p>\n\n\n\n<p>Como bien dice el Senador y fundador de Movimiento Ciudadano (MC), <strong>Dante Delgado Renauro:<\/strong> \u201c<strong>La pol\u00edtica casi nunca es, en realidad va siendo\u201d.<\/strong> Formula que al veracruzano le ha funcionado muy bien.&nbsp;&nbsp;<\/p>\n\n\n\n<p>En entrevista con el portal <a href=\"http:\/\/www.lapol\u00edticaonline\" target=\"_blank\" rel=\"noreferrer noopener\">www.lapol\u00edticaonline<\/a> el tambi\u00e9n ex gobernador de Veracruz, reconoce que la pelea por el poder se <strong>asemeja mucho m\u00e1s a una pel\u00edcula<\/strong> en movimiento que a una foto est\u00e1tica.&nbsp;&nbsp;<\/p>\n\n\n\n<p>\u201cNo nos sumaremos&nbsp; a la alianza opositora en 2024, pero dejo abierta una puerta para que el PAN pueda suscribir un proyecto encabezado por el partido que dirige que es MC. \u201c&nbsp;<\/p>\n\n\n\n<p>En la entrevista deja ver que el PAN, de momento , no tiene candidatos de peso y que adem\u00e1s los otros socios del frente opositor, como PRI y PRD, llegar\u00e1n al 2024 como formaciones minoritarias.&nbsp;<\/p>\n\n\n\n<p>El Senador reconoce que dentro de su partido MC hoy por hoy se barajan en MC para la candidatura presidencial pueden transitar con el panismo:&nbsp;<\/p>\n\n\n\n<p><strong>Enrique Alfaro<\/strong> tiene una <strong>sociedad pol\u00edtica con el PAN<\/strong> en <strong>Jalisco<\/strong> y pr\u00e1cticamente cogobierna la entidad figuras azules.&nbsp;&nbsp;<\/p>\n\n\n\n<p><strong>Luis Donaldo Colosio <\/strong>desde siempre ha tenido buena sinton\u00eda con el panismo en Nuevo Le\u00f3n al punto que estuvo muy cerca de ser candidato a gobernador por una alianza MC-PAN en el 2021.&nbsp;<\/p>\n\n\n\n<p>&nbsp;Y aunque en diciembre del 2021, <strong>Dante Delgado<\/strong>, precis\u00f3 que en sus planes no estaba postular a <strong>Marcelo Ebrard o a Ricardo Monreal<\/strong> a la presidencia, entendiendo que postular a alg\u00fan integrante del actual gobierno federal reducir\u00eda la posibilidad de una construcci\u00f3n opositora m\u00e1s amplia con el panismo, lo cierto es que esa posibilidad no se ve tan descabellada, tomando en cuenta que tanto <strong>Marcelo como Ricardo<\/strong>, son pesos completos expertos en la construcci\u00f3n de acuerdos y alianzas.&nbsp;&nbsp;<\/p>\n\n\n\n<p>Recordemos que <strong>Marcelo<\/strong> es quien encabeza todas las encuestas para convertirse en el candidato a la presidencia.&nbsp;&nbsp;<\/p>\n\n\n\n<p>Lo cierto es que la <strong>\u201cpelota est\u00e1 en la cancha de AMLO<\/strong>\u201d. De c\u00f3mo mueva sus fichas en el tablero del 2024, se definir\u00e1n muchas cosas no solo en Morena, sino en MC y otros partidos.&nbsp;&nbsp;<\/p>\n\n\n\n<p>Recordemos que el ajedrez, como bien dice el pol\u00edtico <strong>Pepe To\u00f1o Estefan<\/strong>:&nbsp; sus reglas son muy parecidas a la pol\u00edtica. Hay que contar con todos los elementos, peones, caballos, torres, alfiles y desde luego el Rey y la Reyna.&nbsp; As\u00ed las cosas.&nbsp;&nbsp;<\/p>\n\n\n\n<p><strong>El manoseo de la Escollera.&nbsp;<\/strong>&nbsp;<\/p>\n\n\n\n<p>Lejos de <strong>amedrentar<\/strong> a <strong>balazos<\/strong> a los habitantes de las Salinas del Marqu\u00e9s, Agencia municipal de Salina Cruz, lugar donde se construye la escollera para el muelle petrolero, los llevar\u00e1n al rompimiento de los acuerdos.&nbsp;&nbsp;<\/p>\n\n\n\n<p>Tratar de meter <strong>g\u00f3ndolas<\/strong> para el acarreo de piedra a <strong>punta de balazos<\/strong>, sin respetar los acuerdos con los ejidatarios, colonos y sindicatos, provocar\u00e1 el retraso de la construcci\u00f3n de la escollera.&nbsp;&nbsp;<\/p>\n\n\n\n<p>A balazos no resolver\u00e1n nada. Y m\u00e1s cuando al frente del bloqueo colocan como <strong>\u201cescudo humano<\/strong>\u201d a mujeres y ni\u00f1os.&nbsp;&nbsp;<\/p>\n\n\n\n<p>Violencia genera violencia.&nbsp;&nbsp;<\/p>\n\n\n\n<p>Los sindicatos <strong>CATEM y FITO<\/strong> junto con los <strong>pobladores (due\u00f1os de la tierra)<\/strong> de las Salinas, <strong>CTM<\/strong> y el nuevo actor de esta mega obra llamada Escolleras, el empresario y pol\u00edtico Oscar Toral, deben ponerse de acuerdo por el bien de lo que ser\u00e1 el puerto petrolero. Antes de que suceda una desgracia y haya <strong>sangre derramada<\/strong>.&nbsp;&nbsp;&nbsp;<\/p>\n\n\n\n<p><strong>No se equivoquen&nbsp;<\/strong>&nbsp;<\/p>\n\n\n\n<p><strong>Los petroleros de la Secci\u00f3n 38 del STPRM<\/strong> con sede en Salina Cruz, deber\u00e1n <strong>reflexionar<\/strong> muy bien su voto. En el mes de marzo nuevamente tendr\u00e1n elecciones internas para elegir a su Secretario General. En los \u00faltimos 6 a\u00f1os han tenido a un Secretario General <strong>Artemio de Jes\u00fas Enr\u00edquez (el Profesor Temo),<\/strong> muy diferente a los que lo antecedieron.&nbsp;&nbsp;<\/p>\n\n\n\n<p>Seis a\u00f1os de <strong>transparencia<\/strong> alejados de aquellos a\u00f1os donde la corrupci\u00f3n y los esc\u00e1ndalos&nbsp; era el pan de todos los d\u00edas.&nbsp;&nbsp;<\/p>\n\n\n\n<p>Seis a\u00f1os de <strong>inversi\u00f3n<\/strong> en las diferentes propiedades de la Secci\u00f3n 38. Seis a\u00f1os de sensibilidad, de respeto, de cercan\u00eda y de atenci\u00f3n por parte del l\u00edder sindical. No se equivoquen como se equivocaron con <strong>Juan Carlos Atecas.&nbsp;&nbsp;<\/strong>&nbsp;<\/p>\n\n\n\n<p>La familia petrolera se merece un secretario general y un l\u00edder que los <strong>respete<\/strong> y que los <strong>atienda<\/strong> con honestidad. No se vayan con la finta de las promesas de los que <strong>ambicionan<\/strong> el <strong>poder y el dinero<\/strong> del sindicato petrolero. M\u00e1s vale viejo conocido que nuevo por conocer. Mucho OJO.&nbsp;&nbsp;<\/p>\n\n\n\n<p>Solo vean a su alrededor y confirmen el <strong>crecimiento<\/strong> de la Secci\u00f3n 38. Finanzas sanas y desarrollo potencial. Aquellos a\u00f1os de <strong>despilfarro, abuso del trabajador y su familia, de amor\u00edos desenfrenados, de desintegraci\u00f3n familiar<\/strong> de algunos de esos secretarios generales, se quedaron en el pasado hace seis a\u00f1os.&nbsp;&nbsp;<\/p>\n\n\n\n<p>Aquellas&nbsp; ambiciones por escalar cargos p\u00fablicos, buscar diputaciones, presidencias municipales , etc., todo ello <strong>qued\u00f3 atr\u00e1s con la llegada del Profe Temo<\/strong>.&nbsp;<\/p>\n\n\n\n<p><strong>&nbsp;No se equivoquen ni se vayan con el canto de las sirenas de los vulgares ambiciosos.&nbsp;<\/strong>&nbsp;<\/p>\n\n\n\n<p>Por hoy es tocho. Recuerden cuando el B\u00faho canta el indio muere. Pd.- Es neta?&#8230; <strong>Delfina G\u00f3mez la titular de la SEP<\/strong> compar\u00e1ndose con <strong>Don Jos\u00e9 Vasconcelos<\/strong>?&#8230; Abr\u00eda que preguntarle a los servidores p\u00fablicos de Texcoco. Aquellos que fueron victima del \u201c<strong>moche<\/strong>\u201d de do\u00f1a <strong>Delfi<\/strong>. Digo no?&nbsp;<\/p>\n\n\n\n<p class=\"has-text-align-center\"><strong>Esc\u00fachenos en el 98.1 FM Heraldo Radio de 15:00 a 16:00 horas y en BBM Noticias en la Brava 106.5 de 08:00 a 10:00 am.&nbsp;<\/strong>&nbsp;<\/p>\n\n\n\n<p class=\"has-text-align-center\"><strong>S\u00edganos en twitter @buho_botero<\/strong>&nbsp;<\/p>\n\n\n\n<p class=\"has-text-align-center\"><strong>Facebook Pedro Botero<\/strong><\/p>\n","protected":false},"excerpt":{"rendered":"<p>Dos a\u00f1os antes de que inicie el proceso electoral para elegir presidente del pa\u00eds, los grupos se empiezan a mover aceleradamente y anticipadamente. El inquilino de Palacio Nacional,&nbsp; adelant\u00f3 los tiempos.&nbsp;&nbsp; A diferencia de otros a\u00f1os, ahora, las figuras pol\u00edticos m\u00e1s importantes se mueven en las coordenadas del partido en el poder: Morena.&nbsp;&nbsp; Como bien [&hellip;]<\/p>\n","protected":false},"author":18,"featured_media":8513,"comment_status":"closed","ping_status":"closed","sticky":false,"template":"","format":"standard","meta":{"footnotes":""},"categories":[2],"tags":[],"class_list":{"0":"post-8512","1":"post","2":"type-post","3":"status-publish","4":"format-standard","5":"has-post-thumbnail","7":"category-oaxaca"},"yoast_head":"<!-- This site is optimized with the Yoast SEO plugin v27.4 - https:\/\/yoast.com\/product\/yoast-seo-wordpress\/ -->\n<title>El canto del B\u00faho - \u201cLa pol\u00edtica casi nunca es, en realidad va siendo\u201d: DDR - LA BRAVA RADIO<\/title>\n<meta name=\"robots\" content=\"index, follow, max-snippet:-1, max-image-preview:large, max-video-preview:-1\" \/>\n<link rel=\"canonical\" href=\"https:\/\/www.bbmnoticias.com\/labravaradiofm\/2022\/01\/14\/la-politica-casi-nunca-es-en-realidad-va-siendo-ddr\/\" \/>\n<meta property=\"og:locale\" content=\"es_MX\" \/>\n<meta property=\"og:type\" content=\"article\" \/>\n<meta property=\"og:title\" content=\"El canto del B\u00faho - \u201cLa pol\u00edtica casi nunca es, en realidad va siendo\u201d: DDR - LA BRAVA RADIO\" \/>\n<meta property=\"og:description\" content=\"Dos a\u00f1os antes de que inicie el proceso electoral para elegir presidente del pa\u00eds, los grupos se empiezan a mover aceleradamente y anticipadamente. El inquilino de Palacio Nacional,&nbsp; adelant\u00f3 los tiempos.&nbsp;&nbsp; A diferencia de otros a\u00f1os, ahora, las figuras pol\u00edticos m\u00e1s importantes se mueven en las coordenadas del partido en el poder: Morena.&nbsp;&nbsp; Como bien [&hellip;]\" \/>\n<meta property=\"og:url\" content=\"https:\/\/www.bbmnoticias.com\/labravaradiofm\/2022\/01\/14\/la-politica-casi-nunca-es-en-realidad-va-siendo-ddr\/\" \/>\n<meta property=\"og:site_name\" content=\"LA BRAVA RADIO\" \/>\n<meta property=\"article:published_time\" content=\"2022-01-14T07:55:00+00:00\" \/>\n<meta property=\"article:modified_time\" content=\"2022-01-14T16:18:46+00:00\" \/>\n<meta property=\"og:image\" content=\"https:\/\/www.bbmnoticias.com\/labravaradiofm\/wp-content\/uploads\/sites\/5\/2022\/01\/elcanto14012022.jpg\" \/>\n\t<meta property=\"og:image:width\" content=\"650\" \/>\n\t<meta property=\"og:image:height\" content=\"360\" \/>\n\t<meta property=\"og:image:type\" content=\"image\/jpeg\" \/>\n<meta name=\"author\" content=\"Pedro Botero\" \/>\n<meta name=\"twitter:card\" content=\"summary_large_image\" \/>\n<meta name=\"twitter:label1\" content=\"Escrito por\" \/>\n\t<meta name=\"twitter:data1\" content=\"Pedro Botero\" \/>\n\t<meta name=\"twitter:label2\" content=\"Tiempo de lectura\" \/>\n\t<meta name=\"twitter:data2\" content=\"5 minutos\" \/>\n<script type=\"application\/ld+json\" class=\"yoast-schema-graph\">{\"@context\":\"https:\\\/\\\/schema.org\",\"@graph\":[{\"@type\":\"Article\",\"@id\":\"https:\\\/\\\/www.bbmnoticias.com\\\/labravaradiofm\\\/2022\\\/01\\\/14\\\/la-politica-casi-nunca-es-en-realidad-va-siendo-ddr\\\/#article\",\"isPartOf\":{\"@id\":\"https:\\\/\\\/www.bbmnoticias.com\\\/labravaradiofm\\\/2022\\\/01\\\/14\\\/la-politica-casi-nunca-es-en-realidad-va-siendo-ddr\\\/\"},\"author\":{\"name\":\"Pedro Botero\",\"@id\":\"https:\\\/\\\/www.bbmnoticias.com\\\/labravaradiofm\\\/#\\\/schema\\\/person\\\/b1f24ff43a407a5f7093af0d867e2717\"},\"headline\":\"El canto del B\u00faho &#8211; \u201cLa pol\u00edtica casi nunca es, en realidad va siendo\u201d: DDR\",\"datePublished\":\"2022-01-14T07:55:00+00:00\",\"dateModified\":\"2022-01-14T16:18:46+00:00\",\"mainEntityOfPage\":{\"@id\":\"https:\\\/\\\/www.bbmnoticias.com\\\/labravaradiofm\\\/2022\\\/01\\\/14\\\/la-politica-casi-nunca-es-en-realidad-va-siendo-ddr\\\/\"},\"wordCount\":1059,\"image\":{\"@id\":\"https:\\\/\\\/www.bbmnoticias.com\\\/labravaradiofm\\\/2022\\\/01\\\/14\\\/la-politica-casi-nunca-es-en-realidad-va-siendo-ddr\\\/#primaryimage\"},\"thumbnailUrl\":\"https:\\\/\\\/www.bbmnoticias.com\\\/labravaradiofm\\\/wp-content\\\/uploads\\\/sites\\\/5\\\/2022\\\/01\\\/elcanto14012022.jpg\",\"articleSection\":[\"LOCAL\"],\"inLanguage\":\"es\"},{\"@type\":\"WebPage\",\"@id\":\"https:\\\/\\\/www.bbmnoticias.com\\\/labravaradiofm\\\/2022\\\/01\\\/14\\\/la-politica-casi-nunca-es-en-realidad-va-siendo-ddr\\\/\",\"url\":\"https:\\\/\\\/www.bbmnoticias.com\\\/labravaradiofm\\\/2022\\\/01\\\/14\\\/la-politica-casi-nunca-es-en-realidad-va-siendo-ddr\\\/\",\"name\":\"El canto del B\u00faho - \u201cLa pol\u00edtica casi nunca es, en realidad va siendo\u201d: DDR - LA BRAVA RADIO\",\"isPartOf\":{\"@id\":\"https:\\\/\\\/www.bbmnoticias.com\\\/labravaradiofm\\\/#website\"},\"primaryImageOfPage\":{\"@id\":\"https:\\\/\\\/www.bbmnoticias.com\\\/labravaradiofm\\\/2022\\\/01\\\/14\\\/la-politica-casi-nunca-es-en-realidad-va-siendo-ddr\\\/#primaryimage\"},\"image\":{\"@id\":\"https:\\\/\\\/www.bbmnoticias.com\\\/labravaradiofm\\\/2022\\\/01\\\/14\\\/la-politica-casi-nunca-es-en-realidad-va-siendo-ddr\\\/#primaryimage\"},\"thumbnailUrl\":\"https:\\\/\\\/www.bbmnoticias.com\\\/labravaradiofm\\\/wp-content\\\/uploads\\\/sites\\\/5\\\/2022\\\/01\\\/elcanto14012022.jpg\",\"datePublished\":\"2022-01-14T07:55:00+00:00\",\"dateModified\":\"2022-01-14T16:18:46+00:00\",\"author\":{\"@id\":\"https:\\\/\\\/www.bbmnoticias.com\\\/labravaradiofm\\\/#\\\/schema\\\/person\\\/b1f24ff43a407a5f7093af0d867e2717\"},\"breadcrumb\":{\"@id\":\"https:\\\/\\\/www.bbmnoticias.com\\\/labravaradiofm\\\/2022\\\/01\\\/14\\\/la-politica-casi-nunca-es-en-realidad-va-siendo-ddr\\\/#breadcrumb\"},\"inLanguage\":\"es\",\"potentialAction\":[{\"@type\":\"ReadAction\",\"target\":[\"https:\\\/\\\/www.bbmnoticias.com\\\/labravaradiofm\\\/2022\\\/01\\\/14\\\/la-politica-casi-nunca-es-en-realidad-va-siendo-ddr\\\/\"]}]},{\"@type\":\"ImageObject\",\"inLanguage\":\"es\",\"@id\":\"https:\\\/\\\/www.bbmnoticias.com\\\/labravaradiofm\\\/2022\\\/01\\\/14\\\/la-politica-casi-nunca-es-en-realidad-va-siendo-ddr\\\/#primaryimage\",\"url\":\"https:\\\/\\\/www.bbmnoticias.com\\\/labravaradiofm\\\/wp-content\\\/uploads\\\/sites\\\/5\\\/2022\\\/01\\\/elcanto14012022.jpg\",\"contentUrl\":\"https:\\\/\\\/www.bbmnoticias.com\\\/labravaradiofm\\\/wp-content\\\/uploads\\\/sites\\\/5\\\/2022\\\/01\\\/elcanto14012022.jpg\",\"width\":650,\"height\":360},{\"@type\":\"BreadcrumbList\",\"@id\":\"https:\\\/\\\/www.bbmnoticias.com\\\/labravaradiofm\\\/2022\\\/01\\\/14\\\/la-politica-casi-nunca-es-en-realidad-va-siendo-ddr\\\/#breadcrumb\",\"itemListElement\":[{\"@type\":\"ListItem\",\"position\":1,\"name\":\"Inicio\",\"item\":\"https:\\\/\\\/www.bbmnoticias.com\\\/labravaradiofm\\\/\"},{\"@type\":\"ListItem\",\"position\":2,\"name\":\"El canto del B\u00faho &#8211; \u201cLa pol\u00edtica casi nunca es, en realidad va siendo\u201d: DDR\"}]},{\"@type\":\"WebSite\",\"@id\":\"https:\\\/\\\/www.bbmnoticias.com\\\/labravaradiofm\\\/#website\",\"url\":\"https:\\\/\\\/www.bbmnoticias.com\\\/labravaradiofm\\\/\",\"name\":\"LA BRAVA RADIO\",\"description\":\"Empresa productora de medios, Radiodifusi\u00f3n, Noticias, tendencias y todo lo que necesitas saber de la pol\u00edtica mexicana e internacional; entretenimiento, espect\u00e1culos, salud y mucho m\u00e1s.\",\"potentialAction\":[{\"@type\":\"SearchAction\",\"target\":{\"@type\":\"EntryPoint\",\"urlTemplate\":\"https:\\\/\\\/www.bbmnoticias.com\\\/labravaradiofm\\\/?s={search_term_string}\"},\"query-input\":{\"@type\":\"PropertyValueSpecification\",\"valueRequired\":true,\"valueName\":\"search_term_string\"}}],\"inLanguage\":\"es\"},{\"@type\":\"Person\",\"@id\":\"https:\\\/\\\/www.bbmnoticias.com\\\/labravaradiofm\\\/#\\\/schema\\\/person\\\/b1f24ff43a407a5f7093af0d867e2717\",\"name\":\"Pedro Botero\",\"image\":{\"@type\":\"ImageObject\",\"inLanguage\":\"es\",\"@id\":\"https:\\\/\\\/secure.gravatar.com\\\/avatar\\\/3e1604f74223697b158b4f0509f030050c1609806bd1c24b9ac5d9759b30b353?s=96&d=mm&r=g\",\"url\":\"https:\\\/\\\/secure.gravatar.com\\\/avatar\\\/3e1604f74223697b158b4f0509f030050c1609806bd1c24b9ac5d9759b30b353?s=96&d=mm&r=g\",\"contentUrl\":\"https:\\\/\\\/secure.gravatar.com\\\/avatar\\\/3e1604f74223697b158b4f0509f030050c1609806bd1c24b9ac5d9759b30b353?s=96&d=mm&r=g\",\"caption\":\"Pedro Botero\"},\"sameAs\":[\"http:\\\/\\\/www.bbmnoticias.com\"],\"url\":\"https:\\\/\\\/www.bbmnoticias.com\\\/labravaradiofm\\\/author\\\/pedrobotero\\\/\"}]}<\/script>\n<!-- \/ Yoast SEO plugin. -->","yoast_head_json":{"title":"El canto del B\u00faho - \u201cLa pol\u00edtica casi nunca es, en realidad va siendo\u201d: DDR - LA BRAVA RADIO","robots":{"index":"index","follow":"follow","max-snippet":"max-snippet:-1","max-image-preview":"max-image-preview:large","max-video-preview":"max-video-preview:-1"},"canonical":"https:\/\/www.bbmnoticias.com\/labravaradiofm\/2022\/01\/14\/la-politica-casi-nunca-es-en-realidad-va-siendo-ddr\/","og_locale":"es_MX","og_type":"article","og_title":"El canto del B\u00faho - \u201cLa pol\u00edtica casi nunca es, en realidad va siendo\u201d: DDR - LA BRAVA RADIO","og_description":"Dos a\u00f1os antes de que inicie el proceso electoral para elegir presidente del pa\u00eds, los grupos se empiezan a mover aceleradamente y anticipadamente. El inquilino de Palacio Nacional,&nbsp; adelant\u00f3 los tiempos.&nbsp;&nbsp; A diferencia de otros a\u00f1os, ahora, las figuras pol\u00edticos m\u00e1s importantes se mueven en las coordenadas del partido en el poder: Morena.&nbsp;&nbsp; Como bien [&hellip;]","og_url":"https:\/\/www.bbmnoticias.com\/labravaradiofm\/2022\/01\/14\/la-politica-casi-nunca-es-en-realidad-va-siendo-ddr\/","og_site_name":"LA BRAVA RADIO","article_published_time":"2022-01-14T07:55:00+00:00","article_modified_time":"2022-01-14T16:18:46+00:00","og_image":[{"width":650,"height":360,"url":"https:\/\/www.bbmnoticias.com\/labravaradiofm\/wp-content\/uploads\/sites\/5\/2022\/01\/elcanto14012022.jpg","type":"image\/jpeg"}],"author":"Pedro Botero","twitter_card":"summary_large_image","twitter_misc":{"Escrito por":"Pedro Botero","Tiempo de lectura":"5 minutos"},"schema":{"@context":"https:\/\/schema.org","@graph":[{"@type":"Article","@id":"https:\/\/www.bbmnoticias.com\/labravaradiofm\/2022\/01\/14\/la-politica-casi-nunca-es-en-realidad-va-siendo-ddr\/#article","isPartOf":{"@id":"https:\/\/www.bbmnoticias.com\/labravaradiofm\/2022\/01\/14\/la-politica-casi-nunca-es-en-realidad-va-siendo-ddr\/"},"author":{"name":"Pedro Botero","@id":"https:\/\/www.bbmnoticias.com\/labravaradiofm\/#\/schema\/person\/b1f24ff43a407a5f7093af0d867e2717"},"headline":"El canto del B\u00faho &#8211; \u201cLa pol\u00edtica casi nunca es, en realidad va siendo\u201d: DDR","datePublished":"2022-01-14T07:55:00+00:00","dateModified":"2022-01-14T16:18:46+00:00","mainEntityOfPage":{"@id":"https:\/\/www.bbmnoticias.com\/labravaradiofm\/2022\/01\/14\/la-politica-casi-nunca-es-en-realidad-va-siendo-ddr\/"},"wordCount":1059,"image":{"@id":"https:\/\/www.bbmnoticias.com\/labravaradiofm\/2022\/01\/14\/la-politica-casi-nunca-es-en-realidad-va-siendo-ddr\/#primaryimage"},"thumbnailUrl":"https:\/\/www.bbmnoticias.com\/labravaradiofm\/wp-content\/uploads\/sites\/5\/2022\/01\/elcanto14012022.jpg","articleSection":["LOCAL"],"inLanguage":"es"},{"@type":"WebPage","@id":"https:\/\/www.bbmnoticias.com\/labravaradiofm\/2022\/01\/14\/la-politica-casi-nunca-es-en-realidad-va-siendo-ddr\/","url":"https:\/\/www.bbmnoticias.com\/labravaradiofm\/2022\/01\/14\/la-politica-casi-nunca-es-en-realidad-va-siendo-ddr\/","name":"El canto del B\u00faho - \u201cLa pol\u00edtica casi nunca es, en realidad va siendo\u201d: DDR - LA BRAVA RADIO","isPartOf":{"@id":"https:\/\/www.bbmnoticias.com\/labravaradiofm\/#website"},"primaryImageOfPage":{"@id":"https:\/\/www.bbmnoticias.com\/labravaradiofm\/2022\/01\/14\/la-politica-casi-nunca-es-en-realidad-va-siendo-ddr\/#primaryimage"},"image":{"@id":"https:\/\/www.bbmnoticias.com\/labravaradiofm\/2022\/01\/14\/la-politica-casi-nunca-es-en-realidad-va-siendo-ddr\/#primaryimage"},"thumbnailUrl":"https:\/\/www.bbmnoticias.com\/labravaradiofm\/wp-content\/uploads\/sites\/5\/2022\/01\/elcanto14012022.jpg","datePublished":"2022-01-14T07:55:00+00:00","dateModified":"2022-01-14T16:18:46+00:00","author":{"@id":"https:\/\/www.bbmnoticias.com\/labravaradiofm\/#\/schema\/person\/b1f24ff43a407a5f7093af0d867e2717"},"breadcrumb":{"@id":"https:\/\/www.bbmnoticias.com\/labravaradiofm\/2022\/01\/14\/la-politica-casi-nunca-es-en-realidad-va-siendo-ddr\/#breadcrumb"},"inLanguage":"es","potentialAction":[{"@type":"ReadAction","target":["https:\/\/www.bbmnoticias.com\/labravaradiofm\/2022\/01\/14\/la-politica-casi-nunca-es-en-realidad-va-siendo-ddr\/"]}]},{"@type":"ImageObject","inLanguage":"es","@id":"https:\/\/www.bbmnoticias.com\/labravaradiofm\/2022\/01\/14\/la-politica-casi-nunca-es-en-realidad-va-siendo-ddr\/#primaryimage","url":"https:\/\/www.bbmnoticias.com\/labravaradiofm\/wp-content\/uploads\/sites\/5\/2022\/01\/elcanto14012022.jpg","contentUrl":"https:\/\/www.bbmnoticias.com\/labravaradiofm\/wp-content\/uploads\/sites\/5\/2022\/01\/elcanto14012022.jpg","width":650,"height":360},{"@type":"BreadcrumbList","@id":"https:\/\/www.bbmnoticias.com\/labravaradiofm\/2022\/01\/14\/la-politica-casi-nunca-es-en-realidad-va-siendo-ddr\/#breadcrumb","itemListElement":[{"@type":"ListItem","position":1,"name":"Inicio","item":"https:\/\/www.bbmnoticias.com\/labravaradiofm\/"},{"@type":"ListItem","position":2,"name":"El canto del B\u00faho &#8211; \u201cLa pol\u00edtica casi nunca es, en realidad va siendo\u201d: DDR"}]},{"@type":"WebSite","@id":"https:\/\/www.bbmnoticias.com\/labravaradiofm\/#website","url":"https:\/\/www.bbmnoticias.com\/labravaradiofm\/","name":"LA BRAVA RADIO","description":"Empresa productora de medios, Radiodifusi\u00f3n, Noticias, tendencias y todo lo que necesitas saber de la pol\u00edtica mexicana e internacional; entretenimiento, espect\u00e1culos, salud y mucho m\u00e1s.","potentialAction":[{"@type":"SearchAction","target":{"@type":"EntryPoint","urlTemplate":"https:\/\/www.bbmnoticias.com\/labravaradiofm\/?s={search_term_string}"},"query-input":{"@type":"PropertyValueSpecification","valueRequired":true,"valueName":"search_term_string"}}],"inLanguage":"es"},{"@type":"Person","@id":"https:\/\/www.bbmnoticias.com\/labravaradiofm\/#\/schema\/person\/b1f24ff43a407a5f7093af0d867e2717","name":"Pedro Botero","image":{"@type":"ImageObject","inLanguage":"es","@id":"https:\/\/secure.gravatar.com\/avatar\/3e1604f74223697b158b4f0509f030050c1609806bd1c24b9ac5d9759b30b353?s=96&d=mm&r=g","url":"https:\/\/secure.gravatar.com\/avatar\/3e1604f74223697b158b4f0509f030050c1609806bd1c24b9ac5d9759b30b353?s=96&d=mm&r=g","contentUrl":"https:\/\/secure.gravatar.com\/avatar\/3e1604f74223697b158b4f0509f030050c1609806bd1c24b9ac5d9759b30b353?s=96&d=mm&r=g","caption":"Pedro Botero"},"sameAs":["http:\/\/www.bbmnoticias.com"],"url":"https:\/\/www.bbmnoticias.com\/labravaradiofm\/author\/pedrobotero\/"}]}},"_links":{"self":[{"href":"https:\/\/www.bbmnoticias.com\/labravaradiofm\/wp-json\/wp\/v2\/posts\/8512","targetHints":{"allow":["GET"]}}],"collection":[{"href":"https:\/\/www.bbmnoticias.com\/labravaradiofm\/wp-json\/wp\/v2\/posts"}],"about":[{"href":"https:\/\/www.bbmnoticias.com\/labravaradiofm\/wp-json\/wp\/v2\/types\/post"}],"author":[{"embeddable":true,"href":"https:\/\/www.bbmnoticias.com\/labravaradiofm\/wp-json\/wp\/v2\/users\/18"}],"replies":[{"embeddable":true,"href":"https:\/\/www.bbmnoticias.com\/labravaradiofm\/wp-json\/wp\/v2\/comments?post=8512"}],"version-history":[{"count":0,"href":"https:\/\/www.bbmnoticias.com\/labravaradiofm\/wp-json\/wp\/v2\/posts\/8512\/revisions"}],"wp:featuredmedia":[{"embeddable":true,"href":"https:\/\/www.bbmnoticias.com\/labravaradiofm\/wp-json\/wp\/v2\/media\/8513"}],"wp:attachment":[{"href":"https:\/\/www.bbmnoticias.com\/labravaradiofm\/wp-json\/wp\/v2\/media?parent=8512"}],"wp:term":[{"taxonomy":"category","embeddable":true,"href":"https:\/\/www.bbmnoticias.com\/labravaradiofm\/wp-json\/wp\/v2\/categories?post=8512"},{"taxonomy":"post_tag","embeddable":true,"href":"https:\/\/www.bbmnoticias.com\/labravaradiofm\/wp-json\/wp\/v2\/tags?post=8512"}],"curies":[{"name":"wp","href":"https:\/\/api.w.org\/{rel}","templated":true}]}}