{"id":8490,"date":"2022-01-13T12:18:56","date_gmt":"2022-01-13T18:18:56","guid":{"rendered":"https:\/\/www.bbmnoticias.com\/labravaradiofm\/?p=8490"},"modified":"2022-01-13T12:19:06","modified_gmt":"2022-01-13T18:19:06","slug":"ederico-lopez-alias-el-fede-fue-detenido-en-puerto-escondido-oaxaca","status":"publish","type":"post","link":"https:\/\/www.bbmnoticias.com\/labravaradiofm\/2022\/01\/13\/ederico-lopez-alias-el-fede-fue-detenido-en-puerto-escondido-oaxaca\/","title":{"rendered":"Federico L\u00f3pez, alias El Fede, fue detenido en Puerto Escondido, Oaxaca"},"content":{"rendered":"<div style=\"margin-top: 0px; margin-bottom: 0px;\" class=\"sharethis-inline-share-buttons\" ><\/div>\n<p><strong>Oaxaca de Ju\u00e1rez, Oax., 13 de enero de 2022.-<\/strong> La Fiscal\u00eda General del Estado de Oaxaca (FGEO), en colaboraci\u00f3n con la Agencia de Investigaciones de Puebla -dependiente de la Fiscal\u00eda General del Estado de Puebla-, lograron aprehender en Puerto Escondido, en la regi\u00f3n de la Costa, a la persona del sexo masculino identificado como F. L. F., alias \u201cEl Fede\u201d o \u201cEl Patr\u00f3n\u201d, l\u00edder de ambulantes de la organizaci\u00f3n \u201cPuebla 2000\u201d, se\u00f1alado como probable responsable del delito de homicidio calificado en grado de tentativa en contra de tres personas, agresi\u00f3n cometida en la ciudad de Puebla de Zaragoza, en el Estado de Puebla.<\/p>\n\n\n\n<p>La detenci\u00f3n del probable responsable, quien es considerado un objetivo prioritario para la Fiscal\u00eda General de Puebla, se logr\u00f3 gracias a la labor de inteligencia entre la Agencia de Investigaciones de ese estado y la Vicefiscal\u00eda Regional de la Costa, que dio cumplimiento al mandato judicial asentado en la causa penal 1485\/2021\/PUEBLA.<\/p>\n\n\n\n<p>Los hechos se suscitaron el 4 de mayo de 2021, aproximadamente a las 13:00 horas, cuando el probable responsable y un grupo de sujetos arribaron a la colonia centro de la capital de Puebla, donde se encontraban varios comerciantes, entre ellos estaban las v\u00edctimas identificadas como J. M. J. H., B. A. J. C. y J. H. N., a quienes agredieron con objetos contundentes -tubos-, atentando contra sus vidas.<\/p>\n\n\n\n<p>Tras la detenci\u00f3n de F. L. F., alias \u201cEl Fede\u201d o \u201cEl Patr\u00f3n\u201d, elementos de la Agencia Estatal de Investigaciones (AEI) lo aseguraron y trasladaron al Estado de Puebla, a fin de ser presentado ante la autoridad judicial correspondiente, quien determinar\u00e1 su situaci\u00f3n jur\u00eddica.<\/p>\n\n\n\n<figure class=\"wp-block-embed is-type-rich is-provider-twitter wp-block-embed-twitter\"><div class=\"wp-block-embed__wrapper\">\n<blockquote class=\"twitter-tweet\" data-width=\"550\" data-dnt=\"true\"><p lang=\"es\" dir=\"ltr\"><a href=\"https:\/\/twitter.com\/hashtag\/Video?src=hash&amp;ref_src=twsrc%5Etfw\">#Video<\/a> \ud83d\udcf9 | El Gobernador de <a href=\"https:\/\/twitter.com\/hashtag\/Puebla?src=hash&amp;ref_src=twsrc%5Etfw\">#Puebla<\/a>, <a href=\"https:\/\/twitter.com\/MBarbosaMX?ref_src=twsrc%5Etfw\">@MBarbosaMX<\/a>, informa que la <a href=\"https:\/\/twitter.com\/FiscaliaPuebla?ref_src=twsrc%5Etfw\">@FiscaliaPuebla<\/a> detuvo en Puerto Escondido, <a href=\"https:\/\/twitter.com\/hashtag\/Oaxaca?src=hash&amp;ref_src=twsrc%5Etfw\">#Oaxaca<\/a>, a &quot;El Fede&quot;, l\u00edder de vendedores ambulantes. <a href=\"https:\/\/t.co\/8QBhHICk9R\">pic.twitter.com\/8QBhHICk9R<\/a><\/p>&mdash; Puebla On Line (@Pueblaonline) <a href=\"https:\/\/twitter.com\/Pueblaonline\/status\/1481661692467625988?ref_src=twsrc%5Etfw\">January 13, 2022<\/a><\/blockquote><script async src=\"https:\/\/platform.twitter.com\/widgets.js\" charset=\"utf-8\"><\/script>\n<\/div><\/figure>\n","protected":false},"excerpt":{"rendered":"<p>Oaxaca de Ju\u00e1rez, Oax., 13 de enero de 2022.- La Fiscal\u00eda General del Estado de Oaxaca (FGEO), en colaboraci\u00f3n con la Agencia de Investigaciones de Puebla -dependiente de la Fiscal\u00eda General del Estado de Puebla-, lograron aprehender en Puerto Escondido, en la regi\u00f3n de la Costa, a la persona del sexo masculino identificado como F. [&hellip;]<\/p>\n","protected":false},"author":2,"featured_media":8491,"comment_status":"closed","ping_status":"closed","sticky":false,"template":"","format":"standard","meta":{"footnotes":""},"categories":[20],"tags":[],"class_list":{"0":"post-8490","1":"post","2":"type-post","3":"status-publish","4":"format-standard","5":"has-post-thumbnail","7":"category-policiaca"},"yoast_head":"<!-- This site is optimized with the Yoast SEO plugin v27.4 - https:\/\/yoast.com\/product\/yoast-seo-wordpress\/ -->\n<title>Federico L\u00f3pez, alias El Fede, fue detenido en Puerto Escondido, Oaxaca - LA BRAVA RADIO<\/title>\n<meta name=\"robots\" content=\"index, follow, max-snippet:-1, max-image-preview:large, max-video-preview:-1\" \/>\n<link rel=\"canonical\" href=\"https:\/\/www.bbmnoticias.com\/labravaradiofm\/2022\/01\/13\/ederico-lopez-alias-el-fede-fue-detenido-en-puerto-escondido-oaxaca\/\" \/>\n<meta property=\"og:locale\" content=\"es_MX\" \/>\n<meta property=\"og:type\" content=\"article\" \/>\n<meta property=\"og:title\" content=\"Federico L\u00f3pez, alias El Fede, fue detenido en Puerto Escondido, Oaxaca - LA BRAVA RADIO\" \/>\n<meta property=\"og:description\" content=\"Oaxaca de Ju\u00e1rez, Oax., 13 de enero de 2022.- La Fiscal\u00eda General del Estado de Oaxaca (FGEO), en colaboraci\u00f3n con la Agencia de Investigaciones de Puebla -dependiente de la Fiscal\u00eda General del Estado de Puebla-, lograron aprehender en Puerto Escondido, en la regi\u00f3n de la Costa, a la persona del sexo masculino identificado como F. [&hellip;]\" \/>\n<meta property=\"og:url\" content=\"https:\/\/www.bbmnoticias.com\/labravaradiofm\/2022\/01\/13\/ederico-lopez-alias-el-fede-fue-detenido-en-puerto-escondido-oaxaca\/\" \/>\n<meta property=\"og:site_name\" content=\"LA BRAVA RADIO\" \/>\n<meta property=\"article:published_time\" content=\"2022-01-13T18:18:56+00:00\" \/>\n<meta property=\"article:modified_time\" content=\"2022-01-13T18:19:06+00:00\" \/>\n<meta property=\"og:image\" content=\"https:\/\/www.bbmnoticias.com\/labravaradiofm\/wp-content\/uploads\/sites\/5\/2022\/01\/elfede-puebla.jpg\" \/>\n\t<meta property=\"og:image:width\" content=\"680\" \/>\n\t<meta property=\"og:image:height\" content=\"508\" \/>\n\t<meta property=\"og:image:type\" content=\"image\/jpeg\" \/>\n<meta name=\"author\" content=\"Staff\" \/>\n<meta name=\"twitter:card\" content=\"summary_large_image\" \/>\n<meta name=\"twitter:label1\" content=\"Escrito por\" \/>\n\t<meta name=\"twitter:data1\" content=\"Staff\" \/>\n\t<meta name=\"twitter:label2\" content=\"Tiempo de lectura\" \/>\n\t<meta name=\"twitter:data2\" content=\"2 minutos\" \/>\n<script type=\"application\/ld+json\" class=\"yoast-schema-graph\">{\"@context\":\"https:\\\/\\\/schema.org\",\"@graph\":[{\"@type\":\"Article\",\"@id\":\"https:\\\/\\\/www.bbmnoticias.com\\\/labravaradiofm\\\/2022\\\/01\\\/13\\\/ederico-lopez-alias-el-fede-fue-detenido-en-puerto-escondido-oaxaca\\\/#article\",\"isPartOf\":{\"@id\":\"https:\\\/\\\/www.bbmnoticias.com\\\/labravaradiofm\\\/2022\\\/01\\\/13\\\/ederico-lopez-alias-el-fede-fue-detenido-en-puerto-escondido-oaxaca\\\/\"},\"author\":{\"name\":\"Staff\",\"@id\":\"https:\\\/\\\/www.bbmnoticias.com\\\/labravaradiofm\\\/#\\\/schema\\\/person\\\/34b139c617a70ea5bef5678bffe4dd7b\"},\"headline\":\"Federico L\u00f3pez, alias El Fede, fue detenido en Puerto Escondido, Oaxaca\",\"datePublished\":\"2022-01-13T18:18:56+00:00\",\"dateModified\":\"2022-01-13T18:19:06+00:00\",\"mainEntityOfPage\":{\"@id\":\"https:\\\/\\\/www.bbmnoticias.com\\\/labravaradiofm\\\/2022\\\/01\\\/13\\\/ederico-lopez-alias-el-fede-fue-detenido-en-puerto-escondido-oaxaca\\\/\"},\"wordCount\":298,\"image\":{\"@id\":\"https:\\\/\\\/www.bbmnoticias.com\\\/labravaradiofm\\\/2022\\\/01\\\/13\\\/ederico-lopez-alias-el-fede-fue-detenido-en-puerto-escondido-oaxaca\\\/#primaryimage\"},\"thumbnailUrl\":\"https:\\\/\\\/www.bbmnoticias.com\\\/labravaradiofm\\\/wp-content\\\/uploads\\\/sites\\\/5\\\/2022\\\/01\\\/elfede-puebla.jpg\",\"articleSection\":[\"POLICIACA\"],\"inLanguage\":\"es\"},{\"@type\":\"WebPage\",\"@id\":\"https:\\\/\\\/www.bbmnoticias.com\\\/labravaradiofm\\\/2022\\\/01\\\/13\\\/ederico-lopez-alias-el-fede-fue-detenido-en-puerto-escondido-oaxaca\\\/\",\"url\":\"https:\\\/\\\/www.bbmnoticias.com\\\/labravaradiofm\\\/2022\\\/01\\\/13\\\/ederico-lopez-alias-el-fede-fue-detenido-en-puerto-escondido-oaxaca\\\/\",\"name\":\"Federico L\u00f3pez, alias El Fede, fue detenido en Puerto Escondido, Oaxaca - LA BRAVA RADIO\",\"isPartOf\":{\"@id\":\"https:\\\/\\\/www.bbmnoticias.com\\\/labravaradiofm\\\/#website\"},\"primaryImageOfPage\":{\"@id\":\"https:\\\/\\\/www.bbmnoticias.com\\\/labravaradiofm\\\/2022\\\/01\\\/13\\\/ederico-lopez-alias-el-fede-fue-detenido-en-puerto-escondido-oaxaca\\\/#primaryimage\"},\"image\":{\"@id\":\"https:\\\/\\\/www.bbmnoticias.com\\\/labravaradiofm\\\/2022\\\/01\\\/13\\\/ederico-lopez-alias-el-fede-fue-detenido-en-puerto-escondido-oaxaca\\\/#primaryimage\"},\"thumbnailUrl\":\"https:\\\/\\\/www.bbmnoticias.com\\\/labravaradiofm\\\/wp-content\\\/uploads\\\/sites\\\/5\\\/2022\\\/01\\\/elfede-puebla.jpg\",\"datePublished\":\"2022-01-13T18:18:56+00:00\",\"dateModified\":\"2022-01-13T18:19:06+00:00\",\"author\":{\"@id\":\"https:\\\/\\\/www.bbmnoticias.com\\\/labravaradiofm\\\/#\\\/schema\\\/person\\\/34b139c617a70ea5bef5678bffe4dd7b\"},\"breadcrumb\":{\"@id\":\"https:\\\/\\\/www.bbmnoticias.com\\\/labravaradiofm\\\/2022\\\/01\\\/13\\\/ederico-lopez-alias-el-fede-fue-detenido-en-puerto-escondido-oaxaca\\\/#breadcrumb\"},\"inLanguage\":\"es\",\"potentialAction\":[{\"@type\":\"ReadAction\",\"target\":[\"https:\\\/\\\/www.bbmnoticias.com\\\/labravaradiofm\\\/2022\\\/01\\\/13\\\/ederico-lopez-alias-el-fede-fue-detenido-en-puerto-escondido-oaxaca\\\/\"]}]},{\"@type\":\"ImageObject\",\"inLanguage\":\"es\",\"@id\":\"https:\\\/\\\/www.bbmnoticias.com\\\/labravaradiofm\\\/2022\\\/01\\\/13\\\/ederico-lopez-alias-el-fede-fue-detenido-en-puerto-escondido-oaxaca\\\/#primaryimage\",\"url\":\"https:\\\/\\\/www.bbmnoticias.com\\\/labravaradiofm\\\/wp-content\\\/uploads\\\/sites\\\/5\\\/2022\\\/01\\\/elfede-puebla.jpg\",\"contentUrl\":\"https:\\\/\\\/www.bbmnoticias.com\\\/labravaradiofm\\\/wp-content\\\/uploads\\\/sites\\\/5\\\/2022\\\/01\\\/elfede-puebla.jpg\",\"width\":680,\"height\":508},{\"@type\":\"BreadcrumbList\",\"@id\":\"https:\\\/\\\/www.bbmnoticias.com\\\/labravaradiofm\\\/2022\\\/01\\\/13\\\/ederico-lopez-alias-el-fede-fue-detenido-en-puerto-escondido-oaxaca\\\/#breadcrumb\",\"itemListElement\":[{\"@type\":\"ListItem\",\"position\":1,\"name\":\"Inicio\",\"item\":\"https:\\\/\\\/www.bbmnoticias.com\\\/labravaradiofm\\\/\"},{\"@type\":\"ListItem\",\"position\":2,\"name\":\"Federico L\u00f3pez, alias El Fede, fue detenido en Puerto Escondido, Oaxaca\"}]},{\"@type\":\"WebSite\",\"@id\":\"https:\\\/\\\/www.bbmnoticias.com\\\/labravaradiofm\\\/#website\",\"url\":\"https:\\\/\\\/www.bbmnoticias.com\\\/labravaradiofm\\\/\",\"name\":\"LA BRAVA RADIO\",\"description\":\"Empresa productora de medios, Radiodifusi\u00f3n, Noticias, tendencias y todo lo que necesitas saber de la pol\u00edtica mexicana e internacional; entretenimiento, espect\u00e1culos, salud y mucho m\u00e1s.\",\"potentialAction\":[{\"@type\":\"SearchAction\",\"target\":{\"@type\":\"EntryPoint\",\"urlTemplate\":\"https:\\\/\\\/www.bbmnoticias.com\\\/labravaradiofm\\\/?s={search_term_string}\"},\"query-input\":{\"@type\":\"PropertyValueSpecification\",\"valueRequired\":true,\"valueName\":\"search_term_string\"}}],\"inLanguage\":\"es\"},{\"@type\":\"Person\",\"@id\":\"https:\\\/\\\/www.bbmnoticias.com\\\/labravaradiofm\\\/#\\\/schema\\\/person\\\/34b139c617a70ea5bef5678bffe4dd7b\",\"name\":\"Staff\",\"image\":{\"@type\":\"ImageObject\",\"inLanguage\":\"es\",\"@id\":\"https:\\\/\\\/secure.gravatar.com\\\/avatar\\\/fdd21ad66fd8b98c407f9dee5b5e588cfe7f0d8579ec20fa6527cd59bab7f0f0?s=96&d=mm&r=g\",\"url\":\"https:\\\/\\\/secure.gravatar.com\\\/avatar\\\/fdd21ad66fd8b98c407f9dee5b5e588cfe7f0d8579ec20fa6527cd59bab7f0f0?s=96&d=mm&r=g\",\"contentUrl\":\"https:\\\/\\\/secure.gravatar.com\\\/avatar\\\/fdd21ad66fd8b98c407f9dee5b5e588cfe7f0d8579ec20fa6527cd59bab7f0f0?s=96&d=mm&r=g\",\"caption\":\"Staff\"},\"url\":\"https:\\\/\\\/www.bbmnoticias.com\\\/labravaradiofm\\\/author\\\/redaccion\\\/\"}]}<\/script>\n<!-- \/ Yoast SEO plugin. -->","yoast_head_json":{"title":"Federico L\u00f3pez, alias El Fede, fue detenido en Puerto Escondido, Oaxaca - LA BRAVA RADIO","robots":{"index":"index","follow":"follow","max-snippet":"max-snippet:-1","max-image-preview":"max-image-preview:large","max-video-preview":"max-video-preview:-1"},"canonical":"https:\/\/www.bbmnoticias.com\/labravaradiofm\/2022\/01\/13\/ederico-lopez-alias-el-fede-fue-detenido-en-puerto-escondido-oaxaca\/","og_locale":"es_MX","og_type":"article","og_title":"Federico L\u00f3pez, alias El Fede, fue detenido en Puerto Escondido, Oaxaca - LA BRAVA RADIO","og_description":"Oaxaca de Ju\u00e1rez, Oax., 13 de enero de 2022.- La Fiscal\u00eda General del Estado de Oaxaca (FGEO), en colaboraci\u00f3n con la Agencia de Investigaciones de Puebla -dependiente de la Fiscal\u00eda General del Estado de Puebla-, lograron aprehender en Puerto Escondido, en la regi\u00f3n de la Costa, a la persona del sexo masculino identificado como F. [&hellip;]","og_url":"https:\/\/www.bbmnoticias.com\/labravaradiofm\/2022\/01\/13\/ederico-lopez-alias-el-fede-fue-detenido-en-puerto-escondido-oaxaca\/","og_site_name":"LA BRAVA RADIO","article_published_time":"2022-01-13T18:18:56+00:00","article_modified_time":"2022-01-13T18:19:06+00:00","og_image":[{"width":680,"height":508,"url":"https:\/\/www.bbmnoticias.com\/labravaradiofm\/wp-content\/uploads\/sites\/5\/2022\/01\/elfede-puebla.jpg","type":"image\/jpeg"}],"author":"Staff","twitter_card":"summary_large_image","twitter_misc":{"Escrito por":"Staff","Tiempo de lectura":"2 minutos"},"schema":{"@context":"https:\/\/schema.org","@graph":[{"@type":"Article","@id":"https:\/\/www.bbmnoticias.com\/labravaradiofm\/2022\/01\/13\/ederico-lopez-alias-el-fede-fue-detenido-en-puerto-escondido-oaxaca\/#article","isPartOf":{"@id":"https:\/\/www.bbmnoticias.com\/labravaradiofm\/2022\/01\/13\/ederico-lopez-alias-el-fede-fue-detenido-en-puerto-escondido-oaxaca\/"},"author":{"name":"Staff","@id":"https:\/\/www.bbmnoticias.com\/labravaradiofm\/#\/schema\/person\/34b139c617a70ea5bef5678bffe4dd7b"},"headline":"Federico L\u00f3pez, alias El Fede, fue detenido en Puerto Escondido, Oaxaca","datePublished":"2022-01-13T18:18:56+00:00","dateModified":"2022-01-13T18:19:06+00:00","mainEntityOfPage":{"@id":"https:\/\/www.bbmnoticias.com\/labravaradiofm\/2022\/01\/13\/ederico-lopez-alias-el-fede-fue-detenido-en-puerto-escondido-oaxaca\/"},"wordCount":298,"image":{"@id":"https:\/\/www.bbmnoticias.com\/labravaradiofm\/2022\/01\/13\/ederico-lopez-alias-el-fede-fue-detenido-en-puerto-escondido-oaxaca\/#primaryimage"},"thumbnailUrl":"https:\/\/www.bbmnoticias.com\/labravaradiofm\/wp-content\/uploads\/sites\/5\/2022\/01\/elfede-puebla.jpg","articleSection":["POLICIACA"],"inLanguage":"es"},{"@type":"WebPage","@id":"https:\/\/www.bbmnoticias.com\/labravaradiofm\/2022\/01\/13\/ederico-lopez-alias-el-fede-fue-detenido-en-puerto-escondido-oaxaca\/","url":"https:\/\/www.bbmnoticias.com\/labravaradiofm\/2022\/01\/13\/ederico-lopez-alias-el-fede-fue-detenido-en-puerto-escondido-oaxaca\/","name":"Federico L\u00f3pez, alias El Fede, fue detenido en Puerto Escondido, Oaxaca - LA BRAVA RADIO","isPartOf":{"@id":"https:\/\/www.bbmnoticias.com\/labravaradiofm\/#website"},"primaryImageOfPage":{"@id":"https:\/\/www.bbmnoticias.com\/labravaradiofm\/2022\/01\/13\/ederico-lopez-alias-el-fede-fue-detenido-en-puerto-escondido-oaxaca\/#primaryimage"},"image":{"@id":"https:\/\/www.bbmnoticias.com\/labravaradiofm\/2022\/01\/13\/ederico-lopez-alias-el-fede-fue-detenido-en-puerto-escondido-oaxaca\/#primaryimage"},"thumbnailUrl":"https:\/\/www.bbmnoticias.com\/labravaradiofm\/wp-content\/uploads\/sites\/5\/2022\/01\/elfede-puebla.jpg","datePublished":"2022-01-13T18:18:56+00:00","dateModified":"2022-01-13T18:19:06+00:00","author":{"@id":"https:\/\/www.bbmnoticias.com\/labravaradiofm\/#\/schema\/person\/34b139c617a70ea5bef5678bffe4dd7b"},"breadcrumb":{"@id":"https:\/\/www.bbmnoticias.com\/labravaradiofm\/2022\/01\/13\/ederico-lopez-alias-el-fede-fue-detenido-en-puerto-escondido-oaxaca\/#breadcrumb"},"inLanguage":"es","potentialAction":[{"@type":"ReadAction","target":["https:\/\/www.bbmnoticias.com\/labravaradiofm\/2022\/01\/13\/ederico-lopez-alias-el-fede-fue-detenido-en-puerto-escondido-oaxaca\/"]}]},{"@type":"ImageObject","inLanguage":"es","@id":"https:\/\/www.bbmnoticias.com\/labravaradiofm\/2022\/01\/13\/ederico-lopez-alias-el-fede-fue-detenido-en-puerto-escondido-oaxaca\/#primaryimage","url":"https:\/\/www.bbmnoticias.com\/labravaradiofm\/wp-content\/uploads\/sites\/5\/2022\/01\/elfede-puebla.jpg","contentUrl":"https:\/\/www.bbmnoticias.com\/labravaradiofm\/wp-content\/uploads\/sites\/5\/2022\/01\/elfede-puebla.jpg","width":680,"height":508},{"@type":"BreadcrumbList","@id":"https:\/\/www.bbmnoticias.com\/labravaradiofm\/2022\/01\/13\/ederico-lopez-alias-el-fede-fue-detenido-en-puerto-escondido-oaxaca\/#breadcrumb","itemListElement":[{"@type":"ListItem","position":1,"name":"Inicio","item":"https:\/\/www.bbmnoticias.com\/labravaradiofm\/"},{"@type":"ListItem","position":2,"name":"Federico L\u00f3pez, alias El Fede, fue detenido en Puerto Escondido, Oaxaca"}]},{"@type":"WebSite","@id":"https:\/\/www.bbmnoticias.com\/labravaradiofm\/#website","url":"https:\/\/www.bbmnoticias.com\/labravaradiofm\/","name":"LA BRAVA RADIO","description":"Empresa productora de medios, Radiodifusi\u00f3n, Noticias, tendencias y todo lo que necesitas saber de la pol\u00edtica mexicana e internacional; entretenimiento, espect\u00e1culos, salud y mucho m\u00e1s.","potentialAction":[{"@type":"SearchAction","target":{"@type":"EntryPoint","urlTemplate":"https:\/\/www.bbmnoticias.com\/labravaradiofm\/?s={search_term_string}"},"query-input":{"@type":"PropertyValueSpecification","valueRequired":true,"valueName":"search_term_string"}}],"inLanguage":"es"},{"@type":"Person","@id":"https:\/\/www.bbmnoticias.com\/labravaradiofm\/#\/schema\/person\/34b139c617a70ea5bef5678bffe4dd7b","name":"Staff","image":{"@type":"ImageObject","inLanguage":"es","@id":"https:\/\/secure.gravatar.com\/avatar\/fdd21ad66fd8b98c407f9dee5b5e588cfe7f0d8579ec20fa6527cd59bab7f0f0?s=96&d=mm&r=g","url":"https:\/\/secure.gravatar.com\/avatar\/fdd21ad66fd8b98c407f9dee5b5e588cfe7f0d8579ec20fa6527cd59bab7f0f0?s=96&d=mm&r=g","contentUrl":"https:\/\/secure.gravatar.com\/avatar\/fdd21ad66fd8b98c407f9dee5b5e588cfe7f0d8579ec20fa6527cd59bab7f0f0?s=96&d=mm&r=g","caption":"Staff"},"url":"https:\/\/www.bbmnoticias.com\/labravaradiofm\/author\/redaccion\/"}]}},"_links":{"self":[{"href":"https:\/\/www.bbmnoticias.com\/labravaradiofm\/wp-json\/wp\/v2\/posts\/8490","targetHints":{"allow":["GET"]}}],"collection":[{"href":"https:\/\/www.bbmnoticias.com\/labravaradiofm\/wp-json\/wp\/v2\/posts"}],"about":[{"href":"https:\/\/www.bbmnoticias.com\/labravaradiofm\/wp-json\/wp\/v2\/types\/post"}],"author":[{"embeddable":true,"href":"https:\/\/www.bbmnoticias.com\/labravaradiofm\/wp-json\/wp\/v2\/users\/2"}],"replies":[{"embeddable":true,"href":"https:\/\/www.bbmnoticias.com\/labravaradiofm\/wp-json\/wp\/v2\/comments?post=8490"}],"version-history":[{"count":0,"href":"https:\/\/www.bbmnoticias.com\/labravaradiofm\/wp-json\/wp\/v2\/posts\/8490\/revisions"}],"wp:featuredmedia":[{"embeddable":true,"href":"https:\/\/www.bbmnoticias.com\/labravaradiofm\/wp-json\/wp\/v2\/media\/8491"}],"wp:attachment":[{"href":"https:\/\/www.bbmnoticias.com\/labravaradiofm\/wp-json\/wp\/v2\/media?parent=8490"}],"wp:term":[{"taxonomy":"category","embeddable":true,"href":"https:\/\/www.bbmnoticias.com\/labravaradiofm\/wp-json\/wp\/v2\/categories?post=8490"},{"taxonomy":"post_tag","embeddable":true,"href":"https:\/\/www.bbmnoticias.com\/labravaradiofm\/wp-json\/wp\/v2\/tags?post=8490"}],"curies":[{"name":"wp","href":"https:\/\/api.w.org\/{rel}","templated":true}]}}