{"id":8484,"date":"2022-01-13T11:40:15","date_gmt":"2022-01-13T17:40:15","guid":{"rendered":"https:\/\/www.bbmnoticias.com\/labravaradiofm\/?p=8484"},"modified":"2022-01-13T11:40:16","modified_gmt":"2022-01-13T17:40:16","slug":"noruega-espera-hasta-50-mil-contagios-diarios-de-covid-19-por-la-variante-omicron","status":"publish","type":"post","link":"https:\/\/www.bbmnoticias.com\/labravaradiofm\/2022\/01\/13\/noruega-espera-hasta-50-mil-contagios-diarios-de-covid-19-por-la-variante-omicron\/","title":{"rendered":"Noruega espera hasta 50 mil contagios diarios de Covid-19 por la variante \u00d3micron"},"content":{"rendered":"<div style=\"margin-top: 0px; margin-bottom: 0px;\" class=\"sharethis-inline-share-buttons\" ><\/div>\n<p>La variante \u00d3micron tiene 69% menos de riesgo de hospitalizaciones seg\u00fan autoridades de salud de Noruega.<\/p>\n\n\n\n<p>El <strong>Instituto Noruego de Salud P\u00fablica <\/strong>(<strong>FHI, <\/strong>por sus siglas en noruego) sugiere que <strong>el riesgo de hospitalizaci\u00f3n de Covid-19 es menor al 69%<\/strong> en comparaci\u00f3n con la variante delta.<\/p>\n\n\n\n<h2 class=\"wp-block-heading\"><strong>El 90% de contagios por Covid-19 en Noruega son de \u00d3micron<\/strong><\/h2>\n\n\n\n<p>Seg\u00fan autoridades de salud de Noruega, <strong>el 90% de contagios por Covid-19<\/strong> son por la variante \u00d3micron.<\/p>\n\n\n\n<p>El <strong>FHI <\/strong>detalla que la variante de<strong> \u00d3micron<\/strong> fue detectada en 32% de las personas hospitalizadas con Covid-19 en la primera semana del 2022 (24 sobre 74 pacientes), en comparaci\u00f3n de 1.7%, cuatro semanas antes (3 de 175 pacientes).<\/p>\n\n\n\n<h2 class=\"wp-block-heading\"><strong>La variante \u00d3micron representa un menor riesgo que Delta en personas vacunadas<\/strong><\/h2>\n\n\n\n<p>El estudio del FHI menciona que <strong>la variante \u00d3micron representa un menor riesgo que Delta, <\/strong>al menos en<strong> personas vacunadas<\/strong>.<\/p>\n\n\n\n<p>Cabe recordar que<strong> Noruega<\/strong> es uno de los pa\u00edses con un <strong>mayor \u00edndice de vacunaci\u00f3n; <\/strong>hasta el 11 de enero ha vacunado al 73.3% de su poblaci\u00f3n.<\/p>\n\n\n\n<p>A pesar de sus altos \u00edndices de vacunaci\u00f3n se espera una<strong> ola invernal<\/strong>, la cu\u00e1l afectar\u00e1 al <strong>servicio de salud<\/strong> de enero a marzo.<\/p>\n\n\n\n<p>Las autoridades de salud de Noruega esperan miles de<strong> personas contagiadas<\/strong> y picos diarios de <strong>hasta de 50 mil casos.<\/strong><\/p>\n\n\n\n<h2 class=\"wp-block-heading\"><strong>La variante \u00d3micron ya es dominante en el mundo<\/strong><\/h2>\n\n\n\n<p>El \u00faltimo <strong>reporte epidemiol\u00f3gico<\/strong> realizado por la <strong>Organizaci\u00f3n Mundial de la Salud<\/strong> (<strong>OMS<\/strong>) inform\u00f3 que <strong>la variante \u00d3micron ya es dominante en el mundo.<\/strong><\/p>\n\n\n\n<p>El 60% de los casos de contagio registrados en el mundo corresponde a esa variante del Covid-19.<\/p>\n\n\n\n<p>\u00d3micron pas\u00f3 de tener el 1.6% de casos activos a 58.5% en s\u00f3lo dos semanas, de acuerdo con el reporte de la OMS.<\/p>\n\n\n\n<p>El <strong>mayor n\u00famero de contagios por \u00d3micron<\/strong> se registra en las regiones del <strong>sur de Asia<\/strong>, d\u00f3nde los casos positivos aumentaron un 418% y por su parte en <strong>Asia Oriental<\/strong> tiene un aumento del 122%.<\/p>\n\n\n\n<p>En tanto, la <strong>Organizaci\u00f3n Panamericana de la Salud<\/strong> (<strong>OPS<\/strong>) indica que en <strong>Am\u00e9rica Latina <\/strong>los contagios por \u00d3micron han aumentado un 77%, as\u00ed como un 31% las muertes por el Covid-19.<\/p>\n\n\n\n<p>La OPS se\u00f1al\u00f3 que la cuarta ola de Covid-19 en M\u00e9xico superar\u00eda en n\u00famero a las anteriores.<\/p>\n","protected":false},"excerpt":{"rendered":"<p>La variante \u00d3micron tiene 69% menos de riesgo de hospitalizaciones seg\u00fan autoridades de salud de Noruega. El Instituto Noruego de Salud P\u00fablica (FHI, por sus siglas en noruego) sugiere que el riesgo de hospitalizaci\u00f3n de Covid-19 es menor al 69% en comparaci\u00f3n con la variante delta. El 90% de contagios por Covid-19 en Noruega son [&hellip;]<\/p>\n","protected":false},"author":4,"featured_media":8485,"comment_status":"closed","ping_status":"closed","sticky":false,"template":"","format":"standard","meta":{"footnotes":""},"categories":[1],"tags":[],"class_list":{"0":"post-8484","1":"post","2":"type-post","3":"status-publish","4":"format-standard","5":"has-post-thumbnail","7":"category-sin-categoria"},"yoast_head":"<!-- This site is optimized with the Yoast SEO plugin v27.4 - https:\/\/yoast.com\/product\/yoast-seo-wordpress\/ -->\n<title>Noruega espera hasta 50 mil contagios diarios de Covid-19 por la variante \u00d3micron - LA BRAVA RADIO<\/title>\n<meta name=\"robots\" content=\"index, follow, max-snippet:-1, max-image-preview:large, max-video-preview:-1\" \/>\n<link rel=\"canonical\" href=\"https:\/\/www.bbmnoticias.com\/labravaradiofm\/2022\/01\/13\/noruega-espera-hasta-50-mil-contagios-diarios-de-covid-19-por-la-variante-omicron\/\" \/>\n<meta property=\"og:locale\" content=\"es_MX\" \/>\n<meta property=\"og:type\" content=\"article\" \/>\n<meta property=\"og:title\" content=\"Noruega espera hasta 50 mil contagios diarios de Covid-19 por la variante \u00d3micron - LA BRAVA RADIO\" \/>\n<meta property=\"og:description\" content=\"La variante \u00d3micron tiene 69% menos de riesgo de hospitalizaciones seg\u00fan autoridades de salud de Noruega. El Instituto Noruego de Salud P\u00fablica (FHI, por sus siglas en noruego) sugiere que el riesgo de hospitalizaci\u00f3n de Covid-19 es menor al 69% en comparaci\u00f3n con la variante delta. El 90% de contagios por Covid-19 en Noruega son [&hellip;]\" \/>\n<meta property=\"og:url\" content=\"https:\/\/www.bbmnoticias.com\/labravaradiofm\/2022\/01\/13\/noruega-espera-hasta-50-mil-contagios-diarios-de-covid-19-por-la-variante-omicron\/\" \/>\n<meta property=\"og:site_name\" content=\"LA BRAVA RADIO\" \/>\n<meta property=\"article:published_time\" content=\"2022-01-13T17:40:15+00:00\" \/>\n<meta property=\"article:modified_time\" content=\"2022-01-13T17:40:16+00:00\" \/>\n<meta property=\"og:image\" content=\"https:\/\/www.bbmnoticias.com\/labravaradiofm\/wp-content\/uploads\/sites\/5\/2022\/01\/omicron-noruega.jpg\" \/>\n\t<meta property=\"og:image:width\" content=\"640\" \/>\n\t<meta property=\"og:image:height\" content=\"360\" \/>\n\t<meta property=\"og:image:type\" content=\"image\/jpeg\" \/>\n<meta name=\"author\" content=\"Agencias\" \/>\n<meta name=\"twitter:card\" content=\"summary_large_image\" \/>\n<meta name=\"twitter:label1\" content=\"Escrito por\" \/>\n\t<meta name=\"twitter:data1\" content=\"Agencias\" \/>\n\t<meta name=\"twitter:label2\" content=\"Tiempo de lectura\" \/>\n\t<meta name=\"twitter:data2\" content=\"2 minutos\" \/>\n<script type=\"application\/ld+json\" class=\"yoast-schema-graph\">{\"@context\":\"https:\\\/\\\/schema.org\",\"@graph\":[{\"@type\":\"Article\",\"@id\":\"https:\\\/\\\/www.bbmnoticias.com\\\/labravaradiofm\\\/2022\\\/01\\\/13\\\/noruega-espera-hasta-50-mil-contagios-diarios-de-covid-19-por-la-variante-omicron\\\/#article\",\"isPartOf\":{\"@id\":\"https:\\\/\\\/www.bbmnoticias.com\\\/labravaradiofm\\\/2022\\\/01\\\/13\\\/noruega-espera-hasta-50-mil-contagios-diarios-de-covid-19-por-la-variante-omicron\\\/\"},\"author\":{\"name\":\"Agencias\",\"@id\":\"https:\\\/\\\/www.bbmnoticias.com\\\/labravaradiofm\\\/#\\\/schema\\\/person\\\/857a3daf5c8142f29919023f377fbfad\"},\"headline\":\"Noruega espera hasta 50 mil contagios diarios de Covid-19 por la variante \u00d3micron\",\"datePublished\":\"2022-01-13T17:40:15+00:00\",\"dateModified\":\"2022-01-13T17:40:16+00:00\",\"mainEntityOfPage\":{\"@id\":\"https:\\\/\\\/www.bbmnoticias.com\\\/labravaradiofm\\\/2022\\\/01\\\/13\\\/noruega-espera-hasta-50-mil-contagios-diarios-de-covid-19-por-la-variante-omicron\\\/\"},\"wordCount\":385,\"image\":{\"@id\":\"https:\\\/\\\/www.bbmnoticias.com\\\/labravaradiofm\\\/2022\\\/01\\\/13\\\/noruega-espera-hasta-50-mil-contagios-diarios-de-covid-19-por-la-variante-omicron\\\/#primaryimage\"},\"thumbnailUrl\":\"https:\\\/\\\/www.bbmnoticias.com\\\/labravaradiofm\\\/wp-content\\\/uploads\\\/sites\\\/5\\\/2022\\\/01\\\/omicron-noruega.jpg\",\"inLanguage\":\"es\"},{\"@type\":\"WebPage\",\"@id\":\"https:\\\/\\\/www.bbmnoticias.com\\\/labravaradiofm\\\/2022\\\/01\\\/13\\\/noruega-espera-hasta-50-mil-contagios-diarios-de-covid-19-por-la-variante-omicron\\\/\",\"url\":\"https:\\\/\\\/www.bbmnoticias.com\\\/labravaradiofm\\\/2022\\\/01\\\/13\\\/noruega-espera-hasta-50-mil-contagios-diarios-de-covid-19-por-la-variante-omicron\\\/\",\"name\":\"Noruega espera hasta 50 mil contagios diarios de Covid-19 por la variante \u00d3micron - LA BRAVA RADIO\",\"isPartOf\":{\"@id\":\"https:\\\/\\\/www.bbmnoticias.com\\\/labravaradiofm\\\/#website\"},\"primaryImageOfPage\":{\"@id\":\"https:\\\/\\\/www.bbmnoticias.com\\\/labravaradiofm\\\/2022\\\/01\\\/13\\\/noruega-espera-hasta-50-mil-contagios-diarios-de-covid-19-por-la-variante-omicron\\\/#primaryimage\"},\"image\":{\"@id\":\"https:\\\/\\\/www.bbmnoticias.com\\\/labravaradiofm\\\/2022\\\/01\\\/13\\\/noruega-espera-hasta-50-mil-contagios-diarios-de-covid-19-por-la-variante-omicron\\\/#primaryimage\"},\"thumbnailUrl\":\"https:\\\/\\\/www.bbmnoticias.com\\\/labravaradiofm\\\/wp-content\\\/uploads\\\/sites\\\/5\\\/2022\\\/01\\\/omicron-noruega.jpg\",\"datePublished\":\"2022-01-13T17:40:15+00:00\",\"dateModified\":\"2022-01-13T17:40:16+00:00\",\"author\":{\"@id\":\"https:\\\/\\\/www.bbmnoticias.com\\\/labravaradiofm\\\/#\\\/schema\\\/person\\\/857a3daf5c8142f29919023f377fbfad\"},\"breadcrumb\":{\"@id\":\"https:\\\/\\\/www.bbmnoticias.com\\\/labravaradiofm\\\/2022\\\/01\\\/13\\\/noruega-espera-hasta-50-mil-contagios-diarios-de-covid-19-por-la-variante-omicron\\\/#breadcrumb\"},\"inLanguage\":\"es\",\"potentialAction\":[{\"@type\":\"ReadAction\",\"target\":[\"https:\\\/\\\/www.bbmnoticias.com\\\/labravaradiofm\\\/2022\\\/01\\\/13\\\/noruega-espera-hasta-50-mil-contagios-diarios-de-covid-19-por-la-variante-omicron\\\/\"]}]},{\"@type\":\"ImageObject\",\"inLanguage\":\"es\",\"@id\":\"https:\\\/\\\/www.bbmnoticias.com\\\/labravaradiofm\\\/2022\\\/01\\\/13\\\/noruega-espera-hasta-50-mil-contagios-diarios-de-covid-19-por-la-variante-omicron\\\/#primaryimage\",\"url\":\"https:\\\/\\\/www.bbmnoticias.com\\\/labravaradiofm\\\/wp-content\\\/uploads\\\/sites\\\/5\\\/2022\\\/01\\\/omicron-noruega.jpg\",\"contentUrl\":\"https:\\\/\\\/www.bbmnoticias.com\\\/labravaradiofm\\\/wp-content\\\/uploads\\\/sites\\\/5\\\/2022\\\/01\\\/omicron-noruega.jpg\",\"width\":640,\"height\":360},{\"@type\":\"BreadcrumbList\",\"@id\":\"https:\\\/\\\/www.bbmnoticias.com\\\/labravaradiofm\\\/2022\\\/01\\\/13\\\/noruega-espera-hasta-50-mil-contagios-diarios-de-covid-19-por-la-variante-omicron\\\/#breadcrumb\",\"itemListElement\":[{\"@type\":\"ListItem\",\"position\":1,\"name\":\"Inicio\",\"item\":\"https:\\\/\\\/www.bbmnoticias.com\\\/labravaradiofm\\\/\"},{\"@type\":\"ListItem\",\"position\":2,\"name\":\"Noruega espera hasta 50 mil contagios diarios de Covid-19 por la variante \u00d3micron\"}]},{\"@type\":\"WebSite\",\"@id\":\"https:\\\/\\\/www.bbmnoticias.com\\\/labravaradiofm\\\/#website\",\"url\":\"https:\\\/\\\/www.bbmnoticias.com\\\/labravaradiofm\\\/\",\"name\":\"LA BRAVA RADIO\",\"description\":\"Empresa productora de medios, Radiodifusi\u00f3n, Noticias, tendencias y todo lo que necesitas saber de la pol\u00edtica mexicana e internacional; entretenimiento, espect\u00e1culos, salud y mucho m\u00e1s.\",\"potentialAction\":[{\"@type\":\"SearchAction\",\"target\":{\"@type\":\"EntryPoint\",\"urlTemplate\":\"https:\\\/\\\/www.bbmnoticias.com\\\/labravaradiofm\\\/?s={search_term_string}\"},\"query-input\":{\"@type\":\"PropertyValueSpecification\",\"valueRequired\":true,\"valueName\":\"search_term_string\"}}],\"inLanguage\":\"es\"},{\"@type\":\"Person\",\"@id\":\"https:\\\/\\\/www.bbmnoticias.com\\\/labravaradiofm\\\/#\\\/schema\\\/person\\\/857a3daf5c8142f29919023f377fbfad\",\"name\":\"Agencias\",\"image\":{\"@type\":\"ImageObject\",\"inLanguage\":\"es\",\"@id\":\"https:\\\/\\\/secure.gravatar.com\\\/avatar\\\/739e0b61adf9e398b425c36718c8752286da0e8cd90f20ce9a86678abc26aa0d?s=96&d=mm&r=g\",\"url\":\"https:\\\/\\\/secure.gravatar.com\\\/avatar\\\/739e0b61adf9e398b425c36718c8752286da0e8cd90f20ce9a86678abc26aa0d?s=96&d=mm&r=g\",\"contentUrl\":\"https:\\\/\\\/secure.gravatar.com\\\/avatar\\\/739e0b61adf9e398b425c36718c8752286da0e8cd90f20ce9a86678abc26aa0d?s=96&d=mm&r=g\",\"caption\":\"Agencias\"},\"url\":\"https:\\\/\\\/www.bbmnoticias.com\\\/labravaradiofm\\\/author\\\/agencias\\\/\"}]}<\/script>\n<!-- \/ Yoast SEO plugin. -->","yoast_head_json":{"title":"Noruega espera hasta 50 mil contagios diarios de Covid-19 por la variante \u00d3micron - LA BRAVA RADIO","robots":{"index":"index","follow":"follow","max-snippet":"max-snippet:-1","max-image-preview":"max-image-preview:large","max-video-preview":"max-video-preview:-1"},"canonical":"https:\/\/www.bbmnoticias.com\/labravaradiofm\/2022\/01\/13\/noruega-espera-hasta-50-mil-contagios-diarios-de-covid-19-por-la-variante-omicron\/","og_locale":"es_MX","og_type":"article","og_title":"Noruega espera hasta 50 mil contagios diarios de Covid-19 por la variante \u00d3micron - LA BRAVA RADIO","og_description":"La variante \u00d3micron tiene 69% menos de riesgo de hospitalizaciones seg\u00fan autoridades de salud de Noruega. El Instituto Noruego de Salud P\u00fablica (FHI, por sus siglas en noruego) sugiere que el riesgo de hospitalizaci\u00f3n de Covid-19 es menor al 69% en comparaci\u00f3n con la variante delta. El 90% de contagios por Covid-19 en Noruega son [&hellip;]","og_url":"https:\/\/www.bbmnoticias.com\/labravaradiofm\/2022\/01\/13\/noruega-espera-hasta-50-mil-contagios-diarios-de-covid-19-por-la-variante-omicron\/","og_site_name":"LA BRAVA RADIO","article_published_time":"2022-01-13T17:40:15+00:00","article_modified_time":"2022-01-13T17:40:16+00:00","og_image":[{"width":640,"height":360,"url":"https:\/\/www.bbmnoticias.com\/labravaradiofm\/wp-content\/uploads\/sites\/5\/2022\/01\/omicron-noruega.jpg","type":"image\/jpeg"}],"author":"Agencias","twitter_card":"summary_large_image","twitter_misc":{"Escrito por":"Agencias","Tiempo de lectura":"2 minutos"},"schema":{"@context":"https:\/\/schema.org","@graph":[{"@type":"Article","@id":"https:\/\/www.bbmnoticias.com\/labravaradiofm\/2022\/01\/13\/noruega-espera-hasta-50-mil-contagios-diarios-de-covid-19-por-la-variante-omicron\/#article","isPartOf":{"@id":"https:\/\/www.bbmnoticias.com\/labravaradiofm\/2022\/01\/13\/noruega-espera-hasta-50-mil-contagios-diarios-de-covid-19-por-la-variante-omicron\/"},"author":{"name":"Agencias","@id":"https:\/\/www.bbmnoticias.com\/labravaradiofm\/#\/schema\/person\/857a3daf5c8142f29919023f377fbfad"},"headline":"Noruega espera hasta 50 mil contagios diarios de Covid-19 por la variante \u00d3micron","datePublished":"2022-01-13T17:40:15+00:00","dateModified":"2022-01-13T17:40:16+00:00","mainEntityOfPage":{"@id":"https:\/\/www.bbmnoticias.com\/labravaradiofm\/2022\/01\/13\/noruega-espera-hasta-50-mil-contagios-diarios-de-covid-19-por-la-variante-omicron\/"},"wordCount":385,"image":{"@id":"https:\/\/www.bbmnoticias.com\/labravaradiofm\/2022\/01\/13\/noruega-espera-hasta-50-mil-contagios-diarios-de-covid-19-por-la-variante-omicron\/#primaryimage"},"thumbnailUrl":"https:\/\/www.bbmnoticias.com\/labravaradiofm\/wp-content\/uploads\/sites\/5\/2022\/01\/omicron-noruega.jpg","inLanguage":"es"},{"@type":"WebPage","@id":"https:\/\/www.bbmnoticias.com\/labravaradiofm\/2022\/01\/13\/noruega-espera-hasta-50-mil-contagios-diarios-de-covid-19-por-la-variante-omicron\/","url":"https:\/\/www.bbmnoticias.com\/labravaradiofm\/2022\/01\/13\/noruega-espera-hasta-50-mil-contagios-diarios-de-covid-19-por-la-variante-omicron\/","name":"Noruega espera hasta 50 mil contagios diarios de Covid-19 por la variante \u00d3micron - LA BRAVA RADIO","isPartOf":{"@id":"https:\/\/www.bbmnoticias.com\/labravaradiofm\/#website"},"primaryImageOfPage":{"@id":"https:\/\/www.bbmnoticias.com\/labravaradiofm\/2022\/01\/13\/noruega-espera-hasta-50-mil-contagios-diarios-de-covid-19-por-la-variante-omicron\/#primaryimage"},"image":{"@id":"https:\/\/www.bbmnoticias.com\/labravaradiofm\/2022\/01\/13\/noruega-espera-hasta-50-mil-contagios-diarios-de-covid-19-por-la-variante-omicron\/#primaryimage"},"thumbnailUrl":"https:\/\/www.bbmnoticias.com\/labravaradiofm\/wp-content\/uploads\/sites\/5\/2022\/01\/omicron-noruega.jpg","datePublished":"2022-01-13T17:40:15+00:00","dateModified":"2022-01-13T17:40:16+00:00","author":{"@id":"https:\/\/www.bbmnoticias.com\/labravaradiofm\/#\/schema\/person\/857a3daf5c8142f29919023f377fbfad"},"breadcrumb":{"@id":"https:\/\/www.bbmnoticias.com\/labravaradiofm\/2022\/01\/13\/noruega-espera-hasta-50-mil-contagios-diarios-de-covid-19-por-la-variante-omicron\/#breadcrumb"},"inLanguage":"es","potentialAction":[{"@type":"ReadAction","target":["https:\/\/www.bbmnoticias.com\/labravaradiofm\/2022\/01\/13\/noruega-espera-hasta-50-mil-contagios-diarios-de-covid-19-por-la-variante-omicron\/"]}]},{"@type":"ImageObject","inLanguage":"es","@id":"https:\/\/www.bbmnoticias.com\/labravaradiofm\/2022\/01\/13\/noruega-espera-hasta-50-mil-contagios-diarios-de-covid-19-por-la-variante-omicron\/#primaryimage","url":"https:\/\/www.bbmnoticias.com\/labravaradiofm\/wp-content\/uploads\/sites\/5\/2022\/01\/omicron-noruega.jpg","contentUrl":"https:\/\/www.bbmnoticias.com\/labravaradiofm\/wp-content\/uploads\/sites\/5\/2022\/01\/omicron-noruega.jpg","width":640,"height":360},{"@type":"BreadcrumbList","@id":"https:\/\/www.bbmnoticias.com\/labravaradiofm\/2022\/01\/13\/noruega-espera-hasta-50-mil-contagios-diarios-de-covid-19-por-la-variante-omicron\/#breadcrumb","itemListElement":[{"@type":"ListItem","position":1,"name":"Inicio","item":"https:\/\/www.bbmnoticias.com\/labravaradiofm\/"},{"@type":"ListItem","position":2,"name":"Noruega espera hasta 50 mil contagios diarios de Covid-19 por la variante \u00d3micron"}]},{"@type":"WebSite","@id":"https:\/\/www.bbmnoticias.com\/labravaradiofm\/#website","url":"https:\/\/www.bbmnoticias.com\/labravaradiofm\/","name":"LA BRAVA RADIO","description":"Empresa productora de medios, Radiodifusi\u00f3n, Noticias, tendencias y todo lo que necesitas saber de la pol\u00edtica mexicana e internacional; entretenimiento, espect\u00e1culos, salud y mucho m\u00e1s.","potentialAction":[{"@type":"SearchAction","target":{"@type":"EntryPoint","urlTemplate":"https:\/\/www.bbmnoticias.com\/labravaradiofm\/?s={search_term_string}"},"query-input":{"@type":"PropertyValueSpecification","valueRequired":true,"valueName":"search_term_string"}}],"inLanguage":"es"},{"@type":"Person","@id":"https:\/\/www.bbmnoticias.com\/labravaradiofm\/#\/schema\/person\/857a3daf5c8142f29919023f377fbfad","name":"Agencias","image":{"@type":"ImageObject","inLanguage":"es","@id":"https:\/\/secure.gravatar.com\/avatar\/739e0b61adf9e398b425c36718c8752286da0e8cd90f20ce9a86678abc26aa0d?s=96&d=mm&r=g","url":"https:\/\/secure.gravatar.com\/avatar\/739e0b61adf9e398b425c36718c8752286da0e8cd90f20ce9a86678abc26aa0d?s=96&d=mm&r=g","contentUrl":"https:\/\/secure.gravatar.com\/avatar\/739e0b61adf9e398b425c36718c8752286da0e8cd90f20ce9a86678abc26aa0d?s=96&d=mm&r=g","caption":"Agencias"},"url":"https:\/\/www.bbmnoticias.com\/labravaradiofm\/author\/agencias\/"}]}},"_links":{"self":[{"href":"https:\/\/www.bbmnoticias.com\/labravaradiofm\/wp-json\/wp\/v2\/posts\/8484","targetHints":{"allow":["GET"]}}],"collection":[{"href":"https:\/\/www.bbmnoticias.com\/labravaradiofm\/wp-json\/wp\/v2\/posts"}],"about":[{"href":"https:\/\/www.bbmnoticias.com\/labravaradiofm\/wp-json\/wp\/v2\/types\/post"}],"author":[{"embeddable":true,"href":"https:\/\/www.bbmnoticias.com\/labravaradiofm\/wp-json\/wp\/v2\/users\/4"}],"replies":[{"embeddable":true,"href":"https:\/\/www.bbmnoticias.com\/labravaradiofm\/wp-json\/wp\/v2\/comments?post=8484"}],"version-history":[{"count":0,"href":"https:\/\/www.bbmnoticias.com\/labravaradiofm\/wp-json\/wp\/v2\/posts\/8484\/revisions"}],"wp:featuredmedia":[{"embeddable":true,"href":"https:\/\/www.bbmnoticias.com\/labravaradiofm\/wp-json\/wp\/v2\/media\/8485"}],"wp:attachment":[{"href":"https:\/\/www.bbmnoticias.com\/labravaradiofm\/wp-json\/wp\/v2\/media?parent=8484"}],"wp:term":[{"taxonomy":"category","embeddable":true,"href":"https:\/\/www.bbmnoticias.com\/labravaradiofm\/wp-json\/wp\/v2\/categories?post=8484"},{"taxonomy":"post_tag","embeddable":true,"href":"https:\/\/www.bbmnoticias.com\/labravaradiofm\/wp-json\/wp\/v2\/tags?post=8484"}],"curies":[{"name":"wp","href":"https:\/\/api.w.org\/{rel}","templated":true}]}}