{"id":8477,"date":"2022-01-13T08:59:16","date_gmt":"2022-01-13T14:59:16","guid":{"rendered":"https:\/\/www.bbmnoticias.com\/labravaradiofm\/?p=8477"},"modified":"2022-01-13T08:59:18","modified_gmt":"2022-01-13T14:59:18","slug":"ieepco-e-ine-signan-convenios-de-colaboracion-con-instituciones-educativas","status":"publish","type":"post","link":"https:\/\/www.bbmnoticias.com\/labravaradiofm\/2022\/01\/13\/ieepco-e-ine-signan-convenios-de-colaboracion-con-instituciones-educativas\/","title":{"rendered":"IEEPCO e INE signan convenios de colaboraci\u00f3n con instituciones educativas"},"content":{"rendered":"<div style=\"margin-top: 0px; margin-bottom: 0px;\" class=\"sharethis-inline-share-buttons\" ><\/div>\n<p>En el marco del Proceso Electoral Ordinario 2021-2022 y con una estrecha coordinaci\u00f3n con el Instituto Nacional Electoral (INE), el Instituto Estatal Electoral y de Participaci\u00f3n Ciudadana de Oaxaca (IEEPCO), sign\u00f3 tres convenios de colaboraci\u00f3n con instituciones de car\u00e1cter educativo.&nbsp; &nbsp;<\/p>\n\n\n\n<p>Se trata del Telebachillerato Comunitario de Oaxaca (TEBCEO), el Instituto Estatal de Educaci\u00f3n P\u00fablica, (IEEPO), y el Colegio de Bachilleres del Estado de Oaxaca, (COBAO), quienes facilitar\u00e1n las instalaciones de sus escuelas para las actividades de capacitaci\u00f3n electoral y la ubicaci\u00f3n de casillas para la jornada electoral del 5 de junio.&nbsp; &nbsp;<\/p>\n\n\n\n<p>Durante su participaci\u00f3n, la consejera presidenta del IEEPCO, Elizabeth S\u00e1nchez Gonz\u00e1lez, destac\u00f3 la importancia de las alianzas estrat\u00e9gicas con instituciones educativas, toda vez que se han convertido en una parte fundamental del quehacer del Instituto.&nbsp; &nbsp;<\/p>\n\n\n\n<p>En este mismo sentido, agradeci\u00f3 la disposici\u00f3n de quienes representan dichas instituciones y detall\u00f3 que la conjunci\u00f3n de esfuerzos fortalece el sistema democr\u00e1tico en la entidad oaxaque\u00f1a. &nbsp;<\/p>\n\n\n\n<p>Por su parte, Edgar Humberto Arias Alba, presidente del Consejo Local del INE en Oaxaca, destac\u00f3 la importancia de que las casillas electorales se instalen preferentemente en escuelas p\u00fablicas, ya que al tiempo que se cumple la disposici\u00f3n legal, se ofrecen mejores condiciones a la ciudadan\u00eda durante la jornada electoral y se abaten costos de organizaci\u00f3n y log\u00edstica.&nbsp;<\/p>\n\n\n\n<p>La firma de los convenios estuvo encabezada por la directora general del TEBCEO, Belem Morales Bautista; el encargado de despacho del IEEPO, Ernesto L\u00f3pez Montero; y el director general del COBAO, Rodrigo Gonz\u00e1lez Illescas, quienes manifestaron el compromiso de las instituciones para contribuir en el desarrollo del Proceso Electoral ordinario 2021-2022.&nbsp;<\/p>\n\n\n\n<p>Durante el evento con el Colegio de Bachilleres de Oaxaca estuvo presente la consejera y presidenta de la Comisi\u00f3n Permanente de Organizaci\u00f3n y Capacitaci\u00f3n Electoral y Vinculaci\u00f3n con el INE, Nayma Enr\u00edquez Estrada.&nbsp;<\/p>\n","protected":false},"excerpt":{"rendered":"<p>En el marco del Proceso Electoral Ordinario 2021-2022 y con una estrecha coordinaci\u00f3n con el Instituto Nacional Electoral (INE), el Instituto Estatal Electoral y de Participaci\u00f3n Ciudadana de Oaxaca (IEEPCO), sign\u00f3 tres convenios de colaboraci\u00f3n con instituciones de car\u00e1cter educativo.&nbsp; &nbsp; Se trata del Telebachillerato Comunitario de Oaxaca (TEBCEO), el Instituto Estatal de Educaci\u00f3n P\u00fablica, [&hellip;]<\/p>\n","protected":false},"author":2,"featured_media":8478,"comment_status":"closed","ping_status":"closed","sticky":false,"template":"","format":"standard","meta":{"footnotes":""},"categories":[2],"tags":[],"class_list":{"0":"post-8477","1":"post","2":"type-post","3":"status-publish","4":"format-standard","5":"has-post-thumbnail","7":"category-oaxaca"},"yoast_head":"<!-- This site is optimized with the Yoast SEO plugin v27.4 - https:\/\/yoast.com\/product\/yoast-seo-wordpress\/ -->\n<title>IEEPCO e INE signan convenios de colaboraci\u00f3n con instituciones educativas - LA BRAVA RADIO<\/title>\n<meta name=\"robots\" content=\"index, follow, max-snippet:-1, max-image-preview:large, max-video-preview:-1\" \/>\n<link rel=\"canonical\" href=\"https:\/\/www.bbmnoticias.com\/labravaradiofm\/2022\/01\/13\/ieepco-e-ine-signan-convenios-de-colaboracion-con-instituciones-educativas\/\" \/>\n<meta property=\"og:locale\" content=\"es_MX\" \/>\n<meta property=\"og:type\" content=\"article\" \/>\n<meta property=\"og:title\" content=\"IEEPCO e INE signan convenios de colaboraci\u00f3n con instituciones educativas - LA BRAVA RADIO\" \/>\n<meta property=\"og:description\" content=\"En el marco del Proceso Electoral Ordinario 2021-2022 y con una estrecha coordinaci\u00f3n con el Instituto Nacional Electoral (INE), el Instituto Estatal Electoral y de Participaci\u00f3n Ciudadana de Oaxaca (IEEPCO), sign\u00f3 tres convenios de colaboraci\u00f3n con instituciones de car\u00e1cter educativo.&nbsp; &nbsp; Se trata del Telebachillerato Comunitario de Oaxaca (TEBCEO), el Instituto Estatal de Educaci\u00f3n P\u00fablica, [&hellip;]\" \/>\n<meta property=\"og:url\" content=\"https:\/\/www.bbmnoticias.com\/labravaradiofm\/2022\/01\/13\/ieepco-e-ine-signan-convenios-de-colaboracion-con-instituciones-educativas\/\" \/>\n<meta property=\"og:site_name\" content=\"LA BRAVA RADIO\" \/>\n<meta property=\"article:published_time\" content=\"2022-01-13T14:59:16+00:00\" \/>\n<meta property=\"article:modified_time\" content=\"2022-01-13T14:59:18+00:00\" \/>\n<meta property=\"og:image\" content=\"https:\/\/www.bbmnoticias.com\/labravaradiofm\/wp-content\/uploads\/sites\/5\/2022\/01\/ine-ieepco.jpg\" \/>\n\t<meta property=\"og:image:width\" content=\"1280\" \/>\n\t<meta property=\"og:image:height\" content=\"640\" \/>\n\t<meta property=\"og:image:type\" content=\"image\/jpeg\" \/>\n<meta name=\"author\" content=\"Staff\" \/>\n<meta name=\"twitter:card\" content=\"summary_large_image\" \/>\n<meta name=\"twitter:label1\" content=\"Escrito por\" \/>\n\t<meta name=\"twitter:data1\" content=\"Staff\" \/>\n\t<meta name=\"twitter:label2\" content=\"Tiempo de lectura\" \/>\n\t<meta name=\"twitter:data2\" content=\"2 minutos\" \/>\n<script type=\"application\/ld+json\" class=\"yoast-schema-graph\">{\"@context\":\"https:\\\/\\\/schema.org\",\"@graph\":[{\"@type\":\"Article\",\"@id\":\"https:\\\/\\\/www.bbmnoticias.com\\\/labravaradiofm\\\/2022\\\/01\\\/13\\\/ieepco-e-ine-signan-convenios-de-colaboracion-con-instituciones-educativas\\\/#article\",\"isPartOf\":{\"@id\":\"https:\\\/\\\/www.bbmnoticias.com\\\/labravaradiofm\\\/2022\\\/01\\\/13\\\/ieepco-e-ine-signan-convenios-de-colaboracion-con-instituciones-educativas\\\/\"},\"author\":{\"name\":\"Staff\",\"@id\":\"https:\\\/\\\/www.bbmnoticias.com\\\/labravaradiofm\\\/#\\\/schema\\\/person\\\/34b139c617a70ea5bef5678bffe4dd7b\"},\"headline\":\"IEEPCO e INE signan convenios de colaboraci\u00f3n con instituciones educativas\",\"datePublished\":\"2022-01-13T14:59:16+00:00\",\"dateModified\":\"2022-01-13T14:59:18+00:00\",\"mainEntityOfPage\":{\"@id\":\"https:\\\/\\\/www.bbmnoticias.com\\\/labravaradiofm\\\/2022\\\/01\\\/13\\\/ieepco-e-ine-signan-convenios-de-colaboracion-con-instituciones-educativas\\\/\"},\"wordCount\":344,\"image\":{\"@id\":\"https:\\\/\\\/www.bbmnoticias.com\\\/labravaradiofm\\\/2022\\\/01\\\/13\\\/ieepco-e-ine-signan-convenios-de-colaboracion-con-instituciones-educativas\\\/#primaryimage\"},\"thumbnailUrl\":\"https:\\\/\\\/www.bbmnoticias.com\\\/labravaradiofm\\\/wp-content\\\/uploads\\\/sites\\\/5\\\/2022\\\/01\\\/ine-ieepco.jpg\",\"articleSection\":[\"LOCAL\"],\"inLanguage\":\"es\"},{\"@type\":\"WebPage\",\"@id\":\"https:\\\/\\\/www.bbmnoticias.com\\\/labravaradiofm\\\/2022\\\/01\\\/13\\\/ieepco-e-ine-signan-convenios-de-colaboracion-con-instituciones-educativas\\\/\",\"url\":\"https:\\\/\\\/www.bbmnoticias.com\\\/labravaradiofm\\\/2022\\\/01\\\/13\\\/ieepco-e-ine-signan-convenios-de-colaboracion-con-instituciones-educativas\\\/\",\"name\":\"IEEPCO e INE signan convenios de colaboraci\u00f3n con instituciones educativas - LA BRAVA RADIO\",\"isPartOf\":{\"@id\":\"https:\\\/\\\/www.bbmnoticias.com\\\/labravaradiofm\\\/#website\"},\"primaryImageOfPage\":{\"@id\":\"https:\\\/\\\/www.bbmnoticias.com\\\/labravaradiofm\\\/2022\\\/01\\\/13\\\/ieepco-e-ine-signan-convenios-de-colaboracion-con-instituciones-educativas\\\/#primaryimage\"},\"image\":{\"@id\":\"https:\\\/\\\/www.bbmnoticias.com\\\/labravaradiofm\\\/2022\\\/01\\\/13\\\/ieepco-e-ine-signan-convenios-de-colaboracion-con-instituciones-educativas\\\/#primaryimage\"},\"thumbnailUrl\":\"https:\\\/\\\/www.bbmnoticias.com\\\/labravaradiofm\\\/wp-content\\\/uploads\\\/sites\\\/5\\\/2022\\\/01\\\/ine-ieepco.jpg\",\"datePublished\":\"2022-01-13T14:59:16+00:00\",\"dateModified\":\"2022-01-13T14:59:18+00:00\",\"author\":{\"@id\":\"https:\\\/\\\/www.bbmnoticias.com\\\/labravaradiofm\\\/#\\\/schema\\\/person\\\/34b139c617a70ea5bef5678bffe4dd7b\"},\"breadcrumb\":{\"@id\":\"https:\\\/\\\/www.bbmnoticias.com\\\/labravaradiofm\\\/2022\\\/01\\\/13\\\/ieepco-e-ine-signan-convenios-de-colaboracion-con-instituciones-educativas\\\/#breadcrumb\"},\"inLanguage\":\"es\",\"potentialAction\":[{\"@type\":\"ReadAction\",\"target\":[\"https:\\\/\\\/www.bbmnoticias.com\\\/labravaradiofm\\\/2022\\\/01\\\/13\\\/ieepco-e-ine-signan-convenios-de-colaboracion-con-instituciones-educativas\\\/\"]}]},{\"@type\":\"ImageObject\",\"inLanguage\":\"es\",\"@id\":\"https:\\\/\\\/www.bbmnoticias.com\\\/labravaradiofm\\\/2022\\\/01\\\/13\\\/ieepco-e-ine-signan-convenios-de-colaboracion-con-instituciones-educativas\\\/#primaryimage\",\"url\":\"https:\\\/\\\/www.bbmnoticias.com\\\/labravaradiofm\\\/wp-content\\\/uploads\\\/sites\\\/5\\\/2022\\\/01\\\/ine-ieepco.jpg\",\"contentUrl\":\"https:\\\/\\\/www.bbmnoticias.com\\\/labravaradiofm\\\/wp-content\\\/uploads\\\/sites\\\/5\\\/2022\\\/01\\\/ine-ieepco.jpg\",\"width\":1280,\"height\":640},{\"@type\":\"BreadcrumbList\",\"@id\":\"https:\\\/\\\/www.bbmnoticias.com\\\/labravaradiofm\\\/2022\\\/01\\\/13\\\/ieepco-e-ine-signan-convenios-de-colaboracion-con-instituciones-educativas\\\/#breadcrumb\",\"itemListElement\":[{\"@type\":\"ListItem\",\"position\":1,\"name\":\"Inicio\",\"item\":\"https:\\\/\\\/www.bbmnoticias.com\\\/labravaradiofm\\\/\"},{\"@type\":\"ListItem\",\"position\":2,\"name\":\"IEEPCO e INE signan convenios de colaboraci\u00f3n con instituciones educativas\"}]},{\"@type\":\"WebSite\",\"@id\":\"https:\\\/\\\/www.bbmnoticias.com\\\/labravaradiofm\\\/#website\",\"url\":\"https:\\\/\\\/www.bbmnoticias.com\\\/labravaradiofm\\\/\",\"name\":\"LA BRAVA RADIO\",\"description\":\"Empresa productora de medios, Radiodifusi\u00f3n, Noticias, tendencias y todo lo que necesitas saber de la pol\u00edtica mexicana e internacional; entretenimiento, espect\u00e1culos, salud y mucho m\u00e1s.\",\"potentialAction\":[{\"@type\":\"SearchAction\",\"target\":{\"@type\":\"EntryPoint\",\"urlTemplate\":\"https:\\\/\\\/www.bbmnoticias.com\\\/labravaradiofm\\\/?s={search_term_string}\"},\"query-input\":{\"@type\":\"PropertyValueSpecification\",\"valueRequired\":true,\"valueName\":\"search_term_string\"}}],\"inLanguage\":\"es\"},{\"@type\":\"Person\",\"@id\":\"https:\\\/\\\/www.bbmnoticias.com\\\/labravaradiofm\\\/#\\\/schema\\\/person\\\/34b139c617a70ea5bef5678bffe4dd7b\",\"name\":\"Staff\",\"image\":{\"@type\":\"ImageObject\",\"inLanguage\":\"es\",\"@id\":\"https:\\\/\\\/secure.gravatar.com\\\/avatar\\\/fdd21ad66fd8b98c407f9dee5b5e588cfe7f0d8579ec20fa6527cd59bab7f0f0?s=96&d=mm&r=g\",\"url\":\"https:\\\/\\\/secure.gravatar.com\\\/avatar\\\/fdd21ad66fd8b98c407f9dee5b5e588cfe7f0d8579ec20fa6527cd59bab7f0f0?s=96&d=mm&r=g\",\"contentUrl\":\"https:\\\/\\\/secure.gravatar.com\\\/avatar\\\/fdd21ad66fd8b98c407f9dee5b5e588cfe7f0d8579ec20fa6527cd59bab7f0f0?s=96&d=mm&r=g\",\"caption\":\"Staff\"},\"url\":\"https:\\\/\\\/www.bbmnoticias.com\\\/labravaradiofm\\\/author\\\/redaccion\\\/\"}]}<\/script>\n<!-- \/ Yoast SEO plugin. -->","yoast_head_json":{"title":"IEEPCO e INE signan convenios de colaboraci\u00f3n con instituciones educativas - LA BRAVA RADIO","robots":{"index":"index","follow":"follow","max-snippet":"max-snippet:-1","max-image-preview":"max-image-preview:large","max-video-preview":"max-video-preview:-1"},"canonical":"https:\/\/www.bbmnoticias.com\/labravaradiofm\/2022\/01\/13\/ieepco-e-ine-signan-convenios-de-colaboracion-con-instituciones-educativas\/","og_locale":"es_MX","og_type":"article","og_title":"IEEPCO e INE signan convenios de colaboraci\u00f3n con instituciones educativas - LA BRAVA RADIO","og_description":"En el marco del Proceso Electoral Ordinario 2021-2022 y con una estrecha coordinaci\u00f3n con el Instituto Nacional Electoral (INE), el Instituto Estatal Electoral y de Participaci\u00f3n Ciudadana de Oaxaca (IEEPCO), sign\u00f3 tres convenios de colaboraci\u00f3n con instituciones de car\u00e1cter educativo.&nbsp; &nbsp; Se trata del Telebachillerato Comunitario de Oaxaca (TEBCEO), el Instituto Estatal de Educaci\u00f3n P\u00fablica, [&hellip;]","og_url":"https:\/\/www.bbmnoticias.com\/labravaradiofm\/2022\/01\/13\/ieepco-e-ine-signan-convenios-de-colaboracion-con-instituciones-educativas\/","og_site_name":"LA BRAVA RADIO","article_published_time":"2022-01-13T14:59:16+00:00","article_modified_time":"2022-01-13T14:59:18+00:00","og_image":[{"width":1280,"height":640,"url":"https:\/\/www.bbmnoticias.com\/labravaradiofm\/wp-content\/uploads\/sites\/5\/2022\/01\/ine-ieepco.jpg","type":"image\/jpeg"}],"author":"Staff","twitter_card":"summary_large_image","twitter_misc":{"Escrito por":"Staff","Tiempo de lectura":"2 minutos"},"schema":{"@context":"https:\/\/schema.org","@graph":[{"@type":"Article","@id":"https:\/\/www.bbmnoticias.com\/labravaradiofm\/2022\/01\/13\/ieepco-e-ine-signan-convenios-de-colaboracion-con-instituciones-educativas\/#article","isPartOf":{"@id":"https:\/\/www.bbmnoticias.com\/labravaradiofm\/2022\/01\/13\/ieepco-e-ine-signan-convenios-de-colaboracion-con-instituciones-educativas\/"},"author":{"name":"Staff","@id":"https:\/\/www.bbmnoticias.com\/labravaradiofm\/#\/schema\/person\/34b139c617a70ea5bef5678bffe4dd7b"},"headline":"IEEPCO e INE signan convenios de colaboraci\u00f3n con instituciones educativas","datePublished":"2022-01-13T14:59:16+00:00","dateModified":"2022-01-13T14:59:18+00:00","mainEntityOfPage":{"@id":"https:\/\/www.bbmnoticias.com\/labravaradiofm\/2022\/01\/13\/ieepco-e-ine-signan-convenios-de-colaboracion-con-instituciones-educativas\/"},"wordCount":344,"image":{"@id":"https:\/\/www.bbmnoticias.com\/labravaradiofm\/2022\/01\/13\/ieepco-e-ine-signan-convenios-de-colaboracion-con-instituciones-educativas\/#primaryimage"},"thumbnailUrl":"https:\/\/www.bbmnoticias.com\/labravaradiofm\/wp-content\/uploads\/sites\/5\/2022\/01\/ine-ieepco.jpg","articleSection":["LOCAL"],"inLanguage":"es"},{"@type":"WebPage","@id":"https:\/\/www.bbmnoticias.com\/labravaradiofm\/2022\/01\/13\/ieepco-e-ine-signan-convenios-de-colaboracion-con-instituciones-educativas\/","url":"https:\/\/www.bbmnoticias.com\/labravaradiofm\/2022\/01\/13\/ieepco-e-ine-signan-convenios-de-colaboracion-con-instituciones-educativas\/","name":"IEEPCO e INE signan convenios de colaboraci\u00f3n con instituciones educativas - LA BRAVA RADIO","isPartOf":{"@id":"https:\/\/www.bbmnoticias.com\/labravaradiofm\/#website"},"primaryImageOfPage":{"@id":"https:\/\/www.bbmnoticias.com\/labravaradiofm\/2022\/01\/13\/ieepco-e-ine-signan-convenios-de-colaboracion-con-instituciones-educativas\/#primaryimage"},"image":{"@id":"https:\/\/www.bbmnoticias.com\/labravaradiofm\/2022\/01\/13\/ieepco-e-ine-signan-convenios-de-colaboracion-con-instituciones-educativas\/#primaryimage"},"thumbnailUrl":"https:\/\/www.bbmnoticias.com\/labravaradiofm\/wp-content\/uploads\/sites\/5\/2022\/01\/ine-ieepco.jpg","datePublished":"2022-01-13T14:59:16+00:00","dateModified":"2022-01-13T14:59:18+00:00","author":{"@id":"https:\/\/www.bbmnoticias.com\/labravaradiofm\/#\/schema\/person\/34b139c617a70ea5bef5678bffe4dd7b"},"breadcrumb":{"@id":"https:\/\/www.bbmnoticias.com\/labravaradiofm\/2022\/01\/13\/ieepco-e-ine-signan-convenios-de-colaboracion-con-instituciones-educativas\/#breadcrumb"},"inLanguage":"es","potentialAction":[{"@type":"ReadAction","target":["https:\/\/www.bbmnoticias.com\/labravaradiofm\/2022\/01\/13\/ieepco-e-ine-signan-convenios-de-colaboracion-con-instituciones-educativas\/"]}]},{"@type":"ImageObject","inLanguage":"es","@id":"https:\/\/www.bbmnoticias.com\/labravaradiofm\/2022\/01\/13\/ieepco-e-ine-signan-convenios-de-colaboracion-con-instituciones-educativas\/#primaryimage","url":"https:\/\/www.bbmnoticias.com\/labravaradiofm\/wp-content\/uploads\/sites\/5\/2022\/01\/ine-ieepco.jpg","contentUrl":"https:\/\/www.bbmnoticias.com\/labravaradiofm\/wp-content\/uploads\/sites\/5\/2022\/01\/ine-ieepco.jpg","width":1280,"height":640},{"@type":"BreadcrumbList","@id":"https:\/\/www.bbmnoticias.com\/labravaradiofm\/2022\/01\/13\/ieepco-e-ine-signan-convenios-de-colaboracion-con-instituciones-educativas\/#breadcrumb","itemListElement":[{"@type":"ListItem","position":1,"name":"Inicio","item":"https:\/\/www.bbmnoticias.com\/labravaradiofm\/"},{"@type":"ListItem","position":2,"name":"IEEPCO e INE signan convenios de colaboraci\u00f3n con instituciones educativas"}]},{"@type":"WebSite","@id":"https:\/\/www.bbmnoticias.com\/labravaradiofm\/#website","url":"https:\/\/www.bbmnoticias.com\/labravaradiofm\/","name":"LA BRAVA RADIO","description":"Empresa productora de medios, Radiodifusi\u00f3n, Noticias, tendencias y todo lo que necesitas saber de la pol\u00edtica mexicana e internacional; entretenimiento, espect\u00e1culos, salud y mucho m\u00e1s.","potentialAction":[{"@type":"SearchAction","target":{"@type":"EntryPoint","urlTemplate":"https:\/\/www.bbmnoticias.com\/labravaradiofm\/?s={search_term_string}"},"query-input":{"@type":"PropertyValueSpecification","valueRequired":true,"valueName":"search_term_string"}}],"inLanguage":"es"},{"@type":"Person","@id":"https:\/\/www.bbmnoticias.com\/labravaradiofm\/#\/schema\/person\/34b139c617a70ea5bef5678bffe4dd7b","name":"Staff","image":{"@type":"ImageObject","inLanguage":"es","@id":"https:\/\/secure.gravatar.com\/avatar\/fdd21ad66fd8b98c407f9dee5b5e588cfe7f0d8579ec20fa6527cd59bab7f0f0?s=96&d=mm&r=g","url":"https:\/\/secure.gravatar.com\/avatar\/fdd21ad66fd8b98c407f9dee5b5e588cfe7f0d8579ec20fa6527cd59bab7f0f0?s=96&d=mm&r=g","contentUrl":"https:\/\/secure.gravatar.com\/avatar\/fdd21ad66fd8b98c407f9dee5b5e588cfe7f0d8579ec20fa6527cd59bab7f0f0?s=96&d=mm&r=g","caption":"Staff"},"url":"https:\/\/www.bbmnoticias.com\/labravaradiofm\/author\/redaccion\/"}]}},"_links":{"self":[{"href":"https:\/\/www.bbmnoticias.com\/labravaradiofm\/wp-json\/wp\/v2\/posts\/8477","targetHints":{"allow":["GET"]}}],"collection":[{"href":"https:\/\/www.bbmnoticias.com\/labravaradiofm\/wp-json\/wp\/v2\/posts"}],"about":[{"href":"https:\/\/www.bbmnoticias.com\/labravaradiofm\/wp-json\/wp\/v2\/types\/post"}],"author":[{"embeddable":true,"href":"https:\/\/www.bbmnoticias.com\/labravaradiofm\/wp-json\/wp\/v2\/users\/2"}],"replies":[{"embeddable":true,"href":"https:\/\/www.bbmnoticias.com\/labravaradiofm\/wp-json\/wp\/v2\/comments?post=8477"}],"version-history":[{"count":0,"href":"https:\/\/www.bbmnoticias.com\/labravaradiofm\/wp-json\/wp\/v2\/posts\/8477\/revisions"}],"wp:featuredmedia":[{"embeddable":true,"href":"https:\/\/www.bbmnoticias.com\/labravaradiofm\/wp-json\/wp\/v2\/media\/8478"}],"wp:attachment":[{"href":"https:\/\/www.bbmnoticias.com\/labravaradiofm\/wp-json\/wp\/v2\/media?parent=8477"}],"wp:term":[{"taxonomy":"category","embeddable":true,"href":"https:\/\/www.bbmnoticias.com\/labravaradiofm\/wp-json\/wp\/v2\/categories?post=8477"},{"taxonomy":"post_tag","embeddable":true,"href":"https:\/\/www.bbmnoticias.com\/labravaradiofm\/wp-json\/wp\/v2\/tags?post=8477"}],"curies":[{"name":"wp","href":"https:\/\/api.w.org\/{rel}","templated":true}]}}