{"id":8467,"date":"2022-01-12T19:49:28","date_gmt":"2022-01-13T01:49:28","guid":{"rendered":"https:\/\/www.bbmnoticias.com\/labravaradiofm\/?p=8467"},"modified":"2022-01-12T19:49:30","modified_gmt":"2022-01-13T01:49:30","slug":"la-secretaria-de-marina-armada-de-mexico-convoca-a-personal-civil-de-la-rama-de-medicina-para-formar-parte-de-sus-filas","status":"publish","type":"post","link":"https:\/\/www.bbmnoticias.com\/labravaradiofm\/2022\/01\/12\/la-secretaria-de-marina-armada-de-mexico-convoca-a-personal-civil-de-la-rama-de-medicina-para-formar-parte-de-sus-filas\/","title":{"rendered":"La secretar\u00eda de Marina-armada de M\u00e9xico  convoca a personal civil de la rama de medicina para formar parte de sus filas"},"content":{"rendered":"<div style=\"margin-top: 0px; margin-bottom: 0px;\" class=\"sharethis-inline-share-buttons\" ><\/div>\n<p><strong>Salina Cruz, Oax. &#8211; <\/strong>La Secretar\u00eda de Marina-Armada de M\u00e9xico a trav\u00e9s de la D\u00e9cimo Segunda Zona &nbsp;Naval, &nbsp;convoca a personal civil &nbsp;para &nbsp;ingresar al &nbsp;servicio activo de &nbsp;esta Instituci\u00f3n y formar parte de sus filas como:<\/p>\n\n\n\n<ul class=\"wp-block-list\"><li>M\u00e9dico General.<\/li><li>M\u00e9dico Especilista en Urgencias, Pediatr\u00eda, Oncolog\u00eda, Neumolog\u00eda,<\/li><li>Neonatolog\u00eda y Anestesiolog\u00eda.<\/li><li>Licenciado en Enfermeria.<\/li><li>Licenciado en Psicolog\u00eda.<\/li><li>T\u00e9cnico Profesional en Trabajo Social.<\/li><li>T\u00e9cnico Histotecnologo y Radiologo.<\/li><\/ul>\n\n\n\n<p>Formar parte de la Armada de M\u00e9xico, permite a quienes desean servir al pueblo de M\u00e9xico, capacitarse y desarrollarse con los m\u00e1s elevados valores &nbsp;de Honor, Deber, Lealtad y Patriotismo, contando con &nbsp;beneficios como: un sueldo seguro, servicio m\u00e9dico integral, fondo de ahorro, becas, seguro de vida militar, fondo de vivienda y vacaciones, entre otras prestaciones de ley.<\/p>\n\n\n\n<p>Los interesados deber\u00e1n cumplir con los siguientes requisitos:<\/p>\n\n\n\n<ul class=\"wp-block-list\"><li>Ser mexicano por nacimiento.<\/li><li>Estatura m\u00ednima de 1.63 \u00a0para hombres y 1.55 para mujeres.<\/li><li>Edad m\u00ednima de 18 a\u00f1os y no mayor a 30 a\u00f1os.<\/li><li>\u00cdndice de Masa Corporal (IMC) no mayor a 24.9.<\/li><li>Acta de nacimiento.<\/li><li>T\u00edtulo y c\u00e9dula profesional.<\/li><li>CURP.<\/li><li>Cartilla del SMN o Precartilla (constancia de tr\u00e1mite de liberaci\u00f3n).<\/li><li>INE o recibo de tr\u00e1mite, adquisici\u00f3n o reposici\u00f3n.<\/li><li>Comprobante de domicilio (reciente).<\/li><li>Carta de antecedentes no penales del Estado.<\/li><li>RFC, expedido por el SAT.<\/li><li> Dos fotograf\u00edas de cuerpo completo de frente y perfil de 20&#215;25 cm.<\/li><li>Firma electr\u00f3nica (vigente), expedida por el SAT (recibo de tramite).<\/li><\/ul>\n\n\n\n<p>Los interesados en enlistarse a las filas de la Armada de M\u00e9xico podr\u00e1n obtener mayores informes en &nbsp;el n\u00famero telefonico 971-71-4-02-38 &nbsp;o al correo <a href=\"mailto:zn12comsocial@gmail.com\">zn12comsocial@gmail.com <\/a>present\u00e1ndose de lunes &nbsp;a viernes en horario de 08:00 &nbsp;a 16:00 horas en las instalaciones de la D\u00e9cimo Segunda Zona &nbsp;Naval, ubicada en el Callej\u00f3n H\u00e9roes &nbsp;de la Marina sin n\u00famero,<\/p>\n\n\n\n<p>Barrio Cantarranas,&nbsp;Salina Cruz, Oax.<\/p>\n","protected":false},"excerpt":{"rendered":"<p>Salina Cruz, Oax. &#8211; La Secretar\u00eda de Marina-Armada de M\u00e9xico a trav\u00e9s de la D\u00e9cimo Segunda Zona &nbsp;Naval, &nbsp;convoca a personal civil &nbsp;para &nbsp;ingresar al &nbsp;servicio activo de &nbsp;esta Instituci\u00f3n y formar parte de sus filas como: M\u00e9dico General. M\u00e9dico Especilista en Urgencias, Pediatr\u00eda, Oncolog\u00eda, Neumolog\u00eda, Neonatolog\u00eda y Anestesiolog\u00eda. Licenciado en Enfermeria. Licenciado en Psicolog\u00eda. [&hellip;]<\/p>\n","protected":false},"author":2,"featured_media":8468,"comment_status":"closed","ping_status":"closed","sticky":false,"template":"","format":"standard","meta":{"footnotes":""},"categories":[2],"tags":[],"class_list":{"0":"post-8467","1":"post","2":"type-post","3":"status-publish","4":"format-standard","5":"has-post-thumbnail","7":"category-oaxaca"},"yoast_head":"<!-- This site is optimized with the Yoast SEO plugin v27.4 - https:\/\/yoast.com\/product\/yoast-seo-wordpress\/ -->\n<title>La secretar\u00eda de Marina-armada de M\u00e9xico convoca a personal civil de la rama de medicina para formar parte de sus filas - LA BRAVA RADIO<\/title>\n<meta name=\"robots\" content=\"index, follow, max-snippet:-1, max-image-preview:large, max-video-preview:-1\" \/>\n<link rel=\"canonical\" href=\"https:\/\/www.bbmnoticias.com\/labravaradiofm\/2022\/01\/12\/la-secretaria-de-marina-armada-de-mexico-convoca-a-personal-civil-de-la-rama-de-medicina-para-formar-parte-de-sus-filas\/\" \/>\n<meta property=\"og:locale\" content=\"es_MX\" \/>\n<meta property=\"og:type\" content=\"article\" \/>\n<meta property=\"og:title\" content=\"La secretar\u00eda de Marina-armada de M\u00e9xico convoca a personal civil de la rama de medicina para formar parte de sus filas - LA BRAVA RADIO\" \/>\n<meta property=\"og:description\" content=\"Salina Cruz, Oax. &#8211; La Secretar\u00eda de Marina-Armada de M\u00e9xico a trav\u00e9s de la D\u00e9cimo Segunda Zona &nbsp;Naval, &nbsp;convoca a personal civil &nbsp;para &nbsp;ingresar al &nbsp;servicio activo de &nbsp;esta Instituci\u00f3n y formar parte de sus filas como: M\u00e9dico General. M\u00e9dico Especilista en Urgencias, Pediatr\u00eda, Oncolog\u00eda, Neumolog\u00eda, Neonatolog\u00eda y Anestesiolog\u00eda. Licenciado en Enfermeria. Licenciado en Psicolog\u00eda. [&hellip;]\" \/>\n<meta property=\"og:url\" content=\"https:\/\/www.bbmnoticias.com\/labravaradiofm\/2022\/01\/12\/la-secretaria-de-marina-armada-de-mexico-convoca-a-personal-civil-de-la-rama-de-medicina-para-formar-parte-de-sus-filas\/\" \/>\n<meta property=\"og:site_name\" content=\"LA BRAVA RADIO\" \/>\n<meta property=\"article:published_time\" content=\"2022-01-13T01:49:28+00:00\" \/>\n<meta property=\"article:modified_time\" content=\"2022-01-13T01:49:30+00:00\" \/>\n<meta property=\"og:image\" content=\"https:\/\/www.bbmnoticias.com\/labravaradiofm\/wp-content\/uploads\/sites\/5\/2022\/01\/secretaria-marina.jpg\" \/>\n\t<meta property=\"og:image:width\" content=\"1280\" \/>\n\t<meta property=\"og:image:height\" content=\"850\" \/>\n\t<meta property=\"og:image:type\" content=\"image\/jpeg\" \/>\n<meta name=\"author\" content=\"Staff\" \/>\n<meta name=\"twitter:card\" content=\"summary_large_image\" \/>\n<meta name=\"twitter:label1\" content=\"Escrito por\" \/>\n\t<meta name=\"twitter:data1\" content=\"Staff\" \/>\n\t<meta name=\"twitter:label2\" content=\"Tiempo de lectura\" \/>\n\t<meta name=\"twitter:data2\" content=\"2 minutos\" \/>\n<script type=\"application\/ld+json\" class=\"yoast-schema-graph\">{\"@context\":\"https:\\\/\\\/schema.org\",\"@graph\":[{\"@type\":\"Article\",\"@id\":\"https:\\\/\\\/www.bbmnoticias.com\\\/labravaradiofm\\\/2022\\\/01\\\/12\\\/la-secretaria-de-marina-armada-de-mexico-convoca-a-personal-civil-de-la-rama-de-medicina-para-formar-parte-de-sus-filas\\\/#article\",\"isPartOf\":{\"@id\":\"https:\\\/\\\/www.bbmnoticias.com\\\/labravaradiofm\\\/2022\\\/01\\\/12\\\/la-secretaria-de-marina-armada-de-mexico-convoca-a-personal-civil-de-la-rama-de-medicina-para-formar-parte-de-sus-filas\\\/\"},\"author\":{\"name\":\"Staff\",\"@id\":\"https:\\\/\\\/www.bbmnoticias.com\\\/labravaradiofm\\\/#\\\/schema\\\/person\\\/68a9e9036ef3c5b55aeb2b71dc8bab45\"},\"headline\":\"La secretar\u00eda de Marina-armada de M\u00e9xico convoca a personal civil de la rama de medicina para formar parte de sus filas\",\"datePublished\":\"2022-01-13T01:49:28+00:00\",\"dateModified\":\"2022-01-13T01:49:30+00:00\",\"mainEntityOfPage\":{\"@id\":\"https:\\\/\\\/www.bbmnoticias.com\\\/labravaradiofm\\\/2022\\\/01\\\/12\\\/la-secretaria-de-marina-armada-de-mexico-convoca-a-personal-civil-de-la-rama-de-medicina-para-formar-parte-de-sus-filas\\\/\"},\"wordCount\":367,\"image\":{\"@id\":\"https:\\\/\\\/www.bbmnoticias.com\\\/labravaradiofm\\\/2022\\\/01\\\/12\\\/la-secretaria-de-marina-armada-de-mexico-convoca-a-personal-civil-de-la-rama-de-medicina-para-formar-parte-de-sus-filas\\\/#primaryimage\"},\"thumbnailUrl\":\"https:\\\/\\\/www.bbmnoticias.com\\\/labravaradiofm\\\/wp-content\\\/uploads\\\/sites\\\/5\\\/2022\\\/01\\\/secretaria-marina.jpg\",\"articleSection\":[\"LOCAL\"],\"inLanguage\":\"es\"},{\"@type\":\"WebPage\",\"@id\":\"https:\\\/\\\/www.bbmnoticias.com\\\/labravaradiofm\\\/2022\\\/01\\\/12\\\/la-secretaria-de-marina-armada-de-mexico-convoca-a-personal-civil-de-la-rama-de-medicina-para-formar-parte-de-sus-filas\\\/\",\"url\":\"https:\\\/\\\/www.bbmnoticias.com\\\/labravaradiofm\\\/2022\\\/01\\\/12\\\/la-secretaria-de-marina-armada-de-mexico-convoca-a-personal-civil-de-la-rama-de-medicina-para-formar-parte-de-sus-filas\\\/\",\"name\":\"La secretar\u00eda de Marina-armada de M\u00e9xico convoca a personal civil de la rama de medicina para formar parte de sus filas - LA BRAVA RADIO\",\"isPartOf\":{\"@id\":\"https:\\\/\\\/www.bbmnoticias.com\\\/labravaradiofm\\\/#website\"},\"primaryImageOfPage\":{\"@id\":\"https:\\\/\\\/www.bbmnoticias.com\\\/labravaradiofm\\\/2022\\\/01\\\/12\\\/la-secretaria-de-marina-armada-de-mexico-convoca-a-personal-civil-de-la-rama-de-medicina-para-formar-parte-de-sus-filas\\\/#primaryimage\"},\"image\":{\"@id\":\"https:\\\/\\\/www.bbmnoticias.com\\\/labravaradiofm\\\/2022\\\/01\\\/12\\\/la-secretaria-de-marina-armada-de-mexico-convoca-a-personal-civil-de-la-rama-de-medicina-para-formar-parte-de-sus-filas\\\/#primaryimage\"},\"thumbnailUrl\":\"https:\\\/\\\/www.bbmnoticias.com\\\/labravaradiofm\\\/wp-content\\\/uploads\\\/sites\\\/5\\\/2022\\\/01\\\/secretaria-marina.jpg\",\"datePublished\":\"2022-01-13T01:49:28+00:00\",\"dateModified\":\"2022-01-13T01:49:30+00:00\",\"author\":{\"@id\":\"https:\\\/\\\/www.bbmnoticias.com\\\/labravaradiofm\\\/#\\\/schema\\\/person\\\/68a9e9036ef3c5b55aeb2b71dc8bab45\"},\"breadcrumb\":{\"@id\":\"https:\\\/\\\/www.bbmnoticias.com\\\/labravaradiofm\\\/2022\\\/01\\\/12\\\/la-secretaria-de-marina-armada-de-mexico-convoca-a-personal-civil-de-la-rama-de-medicina-para-formar-parte-de-sus-filas\\\/#breadcrumb\"},\"inLanguage\":\"es\",\"potentialAction\":[{\"@type\":\"ReadAction\",\"target\":[\"https:\\\/\\\/www.bbmnoticias.com\\\/labravaradiofm\\\/2022\\\/01\\\/12\\\/la-secretaria-de-marina-armada-de-mexico-convoca-a-personal-civil-de-la-rama-de-medicina-para-formar-parte-de-sus-filas\\\/\"]}]},{\"@type\":\"ImageObject\",\"inLanguage\":\"es\",\"@id\":\"https:\\\/\\\/www.bbmnoticias.com\\\/labravaradiofm\\\/2022\\\/01\\\/12\\\/la-secretaria-de-marina-armada-de-mexico-convoca-a-personal-civil-de-la-rama-de-medicina-para-formar-parte-de-sus-filas\\\/#primaryimage\",\"url\":\"https:\\\/\\\/www.bbmnoticias.com\\\/labravaradiofm\\\/wp-content\\\/uploads\\\/sites\\\/5\\\/2022\\\/01\\\/secretaria-marina.jpg\",\"contentUrl\":\"https:\\\/\\\/www.bbmnoticias.com\\\/labravaradiofm\\\/wp-content\\\/uploads\\\/sites\\\/5\\\/2022\\\/01\\\/secretaria-marina.jpg\",\"width\":1280,\"height\":850},{\"@type\":\"BreadcrumbList\",\"@id\":\"https:\\\/\\\/www.bbmnoticias.com\\\/labravaradiofm\\\/2022\\\/01\\\/12\\\/la-secretaria-de-marina-armada-de-mexico-convoca-a-personal-civil-de-la-rama-de-medicina-para-formar-parte-de-sus-filas\\\/#breadcrumb\",\"itemListElement\":[{\"@type\":\"ListItem\",\"position\":1,\"name\":\"Inicio\",\"item\":\"https:\\\/\\\/www.bbmnoticias.com\\\/labravaradiofm\\\/\"},{\"@type\":\"ListItem\",\"position\":2,\"name\":\"La secretar\u00eda de Marina-armada de M\u00e9xico convoca a personal civil de la rama de medicina para formar parte de sus filas\"}]},{\"@type\":\"WebSite\",\"@id\":\"https:\\\/\\\/www.bbmnoticias.com\\\/labravaradiofm\\\/#website\",\"url\":\"https:\\\/\\\/www.bbmnoticias.com\\\/labravaradiofm\\\/\",\"name\":\"LA BRAVA RADIO\",\"description\":\"Empresa productora de medios, Radiodifusi\u00f3n, Noticias, tendencias y todo lo que necesitas saber de la pol\u00edtica mexicana e internacional; entretenimiento, espect\u00e1culos, salud y mucho m\u00e1s.\",\"potentialAction\":[{\"@type\":\"SearchAction\",\"target\":{\"@type\":\"EntryPoint\",\"urlTemplate\":\"https:\\\/\\\/www.bbmnoticias.com\\\/labravaradiofm\\\/?s={search_term_string}\"},\"query-input\":{\"@type\":\"PropertyValueSpecification\",\"valueRequired\":true,\"valueName\":\"search_term_string\"}}],\"inLanguage\":\"es\"},{\"@type\":\"Person\",\"@id\":\"https:\\\/\\\/www.bbmnoticias.com\\\/labravaradiofm\\\/#\\\/schema\\\/person\\\/68a9e9036ef3c5b55aeb2b71dc8bab45\",\"name\":\"Staff\",\"image\":{\"@type\":\"ImageObject\",\"inLanguage\":\"es\",\"@id\":\"https:\\\/\\\/secure.gravatar.com\\\/avatar\\\/fdd21ad66fd8b98c407f9dee5b5e588cfe7f0d8579ec20fa6527cd59bab7f0f0?s=96&d=mm&r=g\",\"url\":\"https:\\\/\\\/secure.gravatar.com\\\/avatar\\\/fdd21ad66fd8b98c407f9dee5b5e588cfe7f0d8579ec20fa6527cd59bab7f0f0?s=96&d=mm&r=g\",\"contentUrl\":\"https:\\\/\\\/secure.gravatar.com\\\/avatar\\\/fdd21ad66fd8b98c407f9dee5b5e588cfe7f0d8579ec20fa6527cd59bab7f0f0?s=96&d=mm&r=g\",\"caption\":\"Staff\"},\"url\":\"https:\\\/\\\/www.bbmnoticias.com\\\/labravaradiofm\\\/author\\\/redaccion\\\/\"}]}<\/script>\n<!-- \/ Yoast SEO plugin. -->","yoast_head_json":{"title":"La secretar\u00eda de Marina-armada de M\u00e9xico convoca a personal civil de la rama de medicina para formar parte de sus filas - LA BRAVA RADIO","robots":{"index":"index","follow":"follow","max-snippet":"max-snippet:-1","max-image-preview":"max-image-preview:large","max-video-preview":"max-video-preview:-1"},"canonical":"https:\/\/www.bbmnoticias.com\/labravaradiofm\/2022\/01\/12\/la-secretaria-de-marina-armada-de-mexico-convoca-a-personal-civil-de-la-rama-de-medicina-para-formar-parte-de-sus-filas\/","og_locale":"es_MX","og_type":"article","og_title":"La secretar\u00eda de Marina-armada de M\u00e9xico convoca a personal civil de la rama de medicina para formar parte de sus filas - LA BRAVA RADIO","og_description":"Salina Cruz, Oax. &#8211; La Secretar\u00eda de Marina-Armada de M\u00e9xico a trav\u00e9s de la D\u00e9cimo Segunda Zona &nbsp;Naval, &nbsp;convoca a personal civil &nbsp;para &nbsp;ingresar al &nbsp;servicio activo de &nbsp;esta Instituci\u00f3n y formar parte de sus filas como: M\u00e9dico General. M\u00e9dico Especilista en Urgencias, Pediatr\u00eda, Oncolog\u00eda, Neumolog\u00eda, Neonatolog\u00eda y Anestesiolog\u00eda. Licenciado en Enfermeria. Licenciado en Psicolog\u00eda. [&hellip;]","og_url":"https:\/\/www.bbmnoticias.com\/labravaradiofm\/2022\/01\/12\/la-secretaria-de-marina-armada-de-mexico-convoca-a-personal-civil-de-la-rama-de-medicina-para-formar-parte-de-sus-filas\/","og_site_name":"LA BRAVA RADIO","article_published_time":"2022-01-13T01:49:28+00:00","article_modified_time":"2022-01-13T01:49:30+00:00","og_image":[{"width":1280,"height":850,"url":"https:\/\/www.bbmnoticias.com\/labravaradiofm\/wp-content\/uploads\/sites\/5\/2022\/01\/secretaria-marina.jpg","type":"image\/jpeg"}],"author":"Staff","twitter_card":"summary_large_image","twitter_misc":{"Escrito por":"Staff","Tiempo de lectura":"2 minutos"},"schema":{"@context":"https:\/\/schema.org","@graph":[{"@type":"Article","@id":"https:\/\/www.bbmnoticias.com\/labravaradiofm\/2022\/01\/12\/la-secretaria-de-marina-armada-de-mexico-convoca-a-personal-civil-de-la-rama-de-medicina-para-formar-parte-de-sus-filas\/#article","isPartOf":{"@id":"https:\/\/www.bbmnoticias.com\/labravaradiofm\/2022\/01\/12\/la-secretaria-de-marina-armada-de-mexico-convoca-a-personal-civil-de-la-rama-de-medicina-para-formar-parte-de-sus-filas\/"},"author":{"name":"Staff","@id":"https:\/\/www.bbmnoticias.com\/labravaradiofm\/#\/schema\/person\/68a9e9036ef3c5b55aeb2b71dc8bab45"},"headline":"La secretar\u00eda de Marina-armada de M\u00e9xico convoca a personal civil de la rama de medicina para formar parte de sus filas","datePublished":"2022-01-13T01:49:28+00:00","dateModified":"2022-01-13T01:49:30+00:00","mainEntityOfPage":{"@id":"https:\/\/www.bbmnoticias.com\/labravaradiofm\/2022\/01\/12\/la-secretaria-de-marina-armada-de-mexico-convoca-a-personal-civil-de-la-rama-de-medicina-para-formar-parte-de-sus-filas\/"},"wordCount":367,"image":{"@id":"https:\/\/www.bbmnoticias.com\/labravaradiofm\/2022\/01\/12\/la-secretaria-de-marina-armada-de-mexico-convoca-a-personal-civil-de-la-rama-de-medicina-para-formar-parte-de-sus-filas\/#primaryimage"},"thumbnailUrl":"https:\/\/www.bbmnoticias.com\/labravaradiofm\/wp-content\/uploads\/sites\/5\/2022\/01\/secretaria-marina.jpg","articleSection":["LOCAL"],"inLanguage":"es"},{"@type":"WebPage","@id":"https:\/\/www.bbmnoticias.com\/labravaradiofm\/2022\/01\/12\/la-secretaria-de-marina-armada-de-mexico-convoca-a-personal-civil-de-la-rama-de-medicina-para-formar-parte-de-sus-filas\/","url":"https:\/\/www.bbmnoticias.com\/labravaradiofm\/2022\/01\/12\/la-secretaria-de-marina-armada-de-mexico-convoca-a-personal-civil-de-la-rama-de-medicina-para-formar-parte-de-sus-filas\/","name":"La secretar\u00eda de Marina-armada de M\u00e9xico convoca a personal civil de la rama de medicina para formar parte de sus filas - LA BRAVA RADIO","isPartOf":{"@id":"https:\/\/www.bbmnoticias.com\/labravaradiofm\/#website"},"primaryImageOfPage":{"@id":"https:\/\/www.bbmnoticias.com\/labravaradiofm\/2022\/01\/12\/la-secretaria-de-marina-armada-de-mexico-convoca-a-personal-civil-de-la-rama-de-medicina-para-formar-parte-de-sus-filas\/#primaryimage"},"image":{"@id":"https:\/\/www.bbmnoticias.com\/labravaradiofm\/2022\/01\/12\/la-secretaria-de-marina-armada-de-mexico-convoca-a-personal-civil-de-la-rama-de-medicina-para-formar-parte-de-sus-filas\/#primaryimage"},"thumbnailUrl":"https:\/\/www.bbmnoticias.com\/labravaradiofm\/wp-content\/uploads\/sites\/5\/2022\/01\/secretaria-marina.jpg","datePublished":"2022-01-13T01:49:28+00:00","dateModified":"2022-01-13T01:49:30+00:00","author":{"@id":"https:\/\/www.bbmnoticias.com\/labravaradiofm\/#\/schema\/person\/68a9e9036ef3c5b55aeb2b71dc8bab45"},"breadcrumb":{"@id":"https:\/\/www.bbmnoticias.com\/labravaradiofm\/2022\/01\/12\/la-secretaria-de-marina-armada-de-mexico-convoca-a-personal-civil-de-la-rama-de-medicina-para-formar-parte-de-sus-filas\/#breadcrumb"},"inLanguage":"es","potentialAction":[{"@type":"ReadAction","target":["https:\/\/www.bbmnoticias.com\/labravaradiofm\/2022\/01\/12\/la-secretaria-de-marina-armada-de-mexico-convoca-a-personal-civil-de-la-rama-de-medicina-para-formar-parte-de-sus-filas\/"]}]},{"@type":"ImageObject","inLanguage":"es","@id":"https:\/\/www.bbmnoticias.com\/labravaradiofm\/2022\/01\/12\/la-secretaria-de-marina-armada-de-mexico-convoca-a-personal-civil-de-la-rama-de-medicina-para-formar-parte-de-sus-filas\/#primaryimage","url":"https:\/\/www.bbmnoticias.com\/labravaradiofm\/wp-content\/uploads\/sites\/5\/2022\/01\/secretaria-marina.jpg","contentUrl":"https:\/\/www.bbmnoticias.com\/labravaradiofm\/wp-content\/uploads\/sites\/5\/2022\/01\/secretaria-marina.jpg","width":1280,"height":850},{"@type":"BreadcrumbList","@id":"https:\/\/www.bbmnoticias.com\/labravaradiofm\/2022\/01\/12\/la-secretaria-de-marina-armada-de-mexico-convoca-a-personal-civil-de-la-rama-de-medicina-para-formar-parte-de-sus-filas\/#breadcrumb","itemListElement":[{"@type":"ListItem","position":1,"name":"Inicio","item":"https:\/\/www.bbmnoticias.com\/labravaradiofm\/"},{"@type":"ListItem","position":2,"name":"La secretar\u00eda de Marina-armada de M\u00e9xico convoca a personal civil de la rama de medicina para formar parte de sus filas"}]},{"@type":"WebSite","@id":"https:\/\/www.bbmnoticias.com\/labravaradiofm\/#website","url":"https:\/\/www.bbmnoticias.com\/labravaradiofm\/","name":"LA BRAVA RADIO","description":"Empresa productora de medios, Radiodifusi\u00f3n, Noticias, tendencias y todo lo que necesitas saber de la pol\u00edtica mexicana e internacional; entretenimiento, espect\u00e1culos, salud y mucho m\u00e1s.","potentialAction":[{"@type":"SearchAction","target":{"@type":"EntryPoint","urlTemplate":"https:\/\/www.bbmnoticias.com\/labravaradiofm\/?s={search_term_string}"},"query-input":{"@type":"PropertyValueSpecification","valueRequired":true,"valueName":"search_term_string"}}],"inLanguage":"es"},{"@type":"Person","@id":"https:\/\/www.bbmnoticias.com\/labravaradiofm\/#\/schema\/person\/68a9e9036ef3c5b55aeb2b71dc8bab45","name":"Staff","image":{"@type":"ImageObject","inLanguage":"es","@id":"https:\/\/secure.gravatar.com\/avatar\/fdd21ad66fd8b98c407f9dee5b5e588cfe7f0d8579ec20fa6527cd59bab7f0f0?s=96&d=mm&r=g","url":"https:\/\/secure.gravatar.com\/avatar\/fdd21ad66fd8b98c407f9dee5b5e588cfe7f0d8579ec20fa6527cd59bab7f0f0?s=96&d=mm&r=g","contentUrl":"https:\/\/secure.gravatar.com\/avatar\/fdd21ad66fd8b98c407f9dee5b5e588cfe7f0d8579ec20fa6527cd59bab7f0f0?s=96&d=mm&r=g","caption":"Staff"},"url":"https:\/\/www.bbmnoticias.com\/labravaradiofm\/author\/redaccion\/"}]}},"_links":{"self":[{"href":"https:\/\/www.bbmnoticias.com\/labravaradiofm\/wp-json\/wp\/v2\/posts\/8467","targetHints":{"allow":["GET"]}}],"collection":[{"href":"https:\/\/www.bbmnoticias.com\/labravaradiofm\/wp-json\/wp\/v2\/posts"}],"about":[{"href":"https:\/\/www.bbmnoticias.com\/labravaradiofm\/wp-json\/wp\/v2\/types\/post"}],"author":[{"embeddable":true,"href":"https:\/\/www.bbmnoticias.com\/labravaradiofm\/wp-json\/wp\/v2\/users\/2"}],"replies":[{"embeddable":true,"href":"https:\/\/www.bbmnoticias.com\/labravaradiofm\/wp-json\/wp\/v2\/comments?post=8467"}],"version-history":[{"count":0,"href":"https:\/\/www.bbmnoticias.com\/labravaradiofm\/wp-json\/wp\/v2\/posts\/8467\/revisions"}],"wp:featuredmedia":[{"embeddable":true,"href":"https:\/\/www.bbmnoticias.com\/labravaradiofm\/wp-json\/wp\/v2\/media\/8468"}],"wp:attachment":[{"href":"https:\/\/www.bbmnoticias.com\/labravaradiofm\/wp-json\/wp\/v2\/media?parent=8467"}],"wp:term":[{"taxonomy":"category","embeddable":true,"href":"https:\/\/www.bbmnoticias.com\/labravaradiofm\/wp-json\/wp\/v2\/categories?post=8467"},{"taxonomy":"post_tag","embeddable":true,"href":"https:\/\/www.bbmnoticias.com\/labravaradiofm\/wp-json\/wp\/v2\/tags?post=8467"}],"curies":[{"name":"wp","href":"https:\/\/api.w.org\/{rel}","templated":true}]}}