{"id":8455,"date":"2022-01-12T15:57:47","date_gmt":"2022-01-12T21:57:47","guid":{"rendered":"https:\/\/www.bbmnoticias.com\/labravaradiofm\/?p=8455"},"modified":"2022-01-12T15:57:49","modified_gmt":"2022-01-12T21:57:49","slug":"cuarta-ola-de-covid-19-en-mexico-sera-superior-a-la-tercera-advierte-la-ops","status":"publish","type":"post","link":"https:\/\/www.bbmnoticias.com\/labravaradiofm\/2022\/01\/12\/cuarta-ola-de-covid-19-en-mexico-sera-superior-a-la-tercera-advierte-la-ops\/","title":{"rendered":"Cuarta ola de Covid-19 en M\u00e9xico ser\u00e1 superior a la tercera, advierte la OPS"},"content":{"rendered":"<div style=\"margin-top: 0px; margin-bottom: 0px;\" class=\"sharethis-inline-share-buttons\" ><\/div>\n<p><strong>M\u00e9xico <\/strong>vive un crecimiento exponencial de <strong>casos de coronavirus <\/strong>y la cuarta ola ser\u00e1 superior a la tercera, advirti\u00f3 hoy la Organizaci\u00f3n Panamericana de la Salud (OPS).<\/p>\n\n\n\n<p>Sylvain Aldighieri, gerente de Incidente para<strong> Covid-19 <\/strong>de la <strong>OPS<\/strong>, dijo durante la conferencia semanal del organismo que \u201cen M\u00e9xico estamos observando una curva de crecimiento exponencial de casos\u201d.<\/p>\n\n\n\n<p>Record\u00f3 que este 11 se enero se alcanz\u00f3 una cifra de m\u00e1s de 33 mil 600 casos -33 mil 625, seg\u00fan las cifras de la Secretar\u00eda de Salud-, lo que representa un r\u00e9cord en toda la pandemia. Adem\u00e1s, dijo, hubo r\u00e9cord de casos activos, con m\u00e1s de 70 mil.<\/p>\n\n\n\n<p>En ese sentido, se\u00f1al\u00f3, y con base en el an\u00e1lisis de la propia Secretar\u00eda de Salud a nivel federal, \u201cse prev\u00e9 una cuarta ola superior a la tercera y comparativamente a la misma \u00e9poca en 2021 se observan muchos m\u00e1s casos\u201d.<\/p>\n\n\n\n<p>En ese sentido, Aldighieri hizo un llamado no s\u00f3lo en M\u00e9xico, sino en general en Am\u00e9rica, a mantener las medidas de prevenci\u00f3n. \u201cNo se trata de ver a \u00f3micron como una simple gripa\u201d, afirm\u00f3, pues si bien a evidencia indica que \u201cno genera una enfermedad m\u00e1s grave, o m\u00e1s letal\u201d, hay que considerar a todas las personas que a\u00fan no est\u00e1n vacunadas en la regi\u00f3n, as\u00ed como las que padecen alguna comorbilidad. En ellas, insisti\u00f3, \u201c\u00f3micron puede llegar a ser grave, o muy grave\u201d.<\/p>\n\n\n\n<p>Carissa Etienne, directora de la <strong>OPS<\/strong>, dijo que el virus \u201cse ha acelerado r\u00e1pidamente durante la temporada navide\u00f1a, alcanzando niveles de transmisi\u00f3n nunca vistos\u201d.<br>Los casos se duplicaron en la primera semana de enero y aumentaron un 250% si se compara con el mismo periodo de 2021.<\/p>\n\n\n\n<p>Si se compara con el a\u00f1o pasado, en la primera semana de 2021 las Am\u00e9ricas registraron 2.4 millones de casos notificados, mientras que en 2022 para las mismas fechas hubo 6 millones, lo que representa un aumento del 250%, detall\u00f3.<\/p>\n\n\n\n<p>Cuarenta y dos pa\u00edses y territorios de la regi\u00f3n han detectado la variante \u00f3micron, y en algunos de ellos el contagio es generalizado \u201cprobablemente a trav\u00e9s de la transmisi\u00f3n en espacios cerrados\u201d, afirma la directora.<\/p>\n\n\n\n<p>Sin embargo las muertes por<strong> Covid-19<\/strong> no han aumentado con la nueva ola, asegura la <strong>OPS<\/strong>.<\/p>\n\n\n\n<p>La <strong>OPS <\/strong>tambi\u00e9n habl\u00f3 del temor que se ha desatado por pacientes donde se ha detectado a la vez la variante delta y la variante \u00f3micron, y que se han denominado deltacron. Al respecto, Aldighieri pidi\u00f3 \u201cmucha cautela en la interpretaci\u00f3n de la informaci\u00f3n que est\u00e1 circulando en algunos medios. Aunque puede haber casos de coinfecci\u00f3n, o de codetecci\u00f3n de las dos variantes, en este momento no podemos hablar de recombinaci\u00f3n. No se ha demostrado que este fen\u00f3meno haya ocurrido y se est\u00e1 investigando si los reportes que han circulado recientemente se deben a una contaminaci\u00f3n de laboratorio u otro tipo de artefacto. No es una preocupaci\u00f3n en este momento\u201d.<\/p>\n","protected":false},"excerpt":{"rendered":"<p>M\u00e9xico vive un crecimiento exponencial de casos de coronavirus y la cuarta ola ser\u00e1 superior a la tercera, advirti\u00f3 hoy la Organizaci\u00f3n Panamericana de la Salud (OPS). Sylvain Aldighieri, gerente de Incidente para Covid-19 de la OPS, dijo durante la conferencia semanal del organismo que \u201cen M\u00e9xico estamos observando una curva de crecimiento exponencial de [&hellip;]<\/p>\n","protected":false},"author":10,"featured_media":8456,"comment_status":"closed","ping_status":"closed","sticky":false,"template":"","format":"standard","meta":{"footnotes":""},"categories":[19],"tags":[],"class_list":{"0":"post-8455","1":"post","2":"type-post","3":"status-publish","4":"format-standard","5":"has-post-thumbnail","7":"category-nacional"},"yoast_head":"<!-- This site is optimized with the Yoast SEO plugin v27.4 - https:\/\/yoast.com\/product\/yoast-seo-wordpress\/ -->\n<title>Cuarta ola de Covid-19 en M\u00e9xico ser\u00e1 superior a la tercera, advierte la OPS - LA BRAVA RADIO<\/title>\n<meta name=\"robots\" content=\"index, follow, max-snippet:-1, max-image-preview:large, max-video-preview:-1\" \/>\n<link rel=\"canonical\" href=\"https:\/\/www.bbmnoticias.com\/labravaradiofm\/2022\/01\/12\/cuarta-ola-de-covid-19-en-mexico-sera-superior-a-la-tercera-advierte-la-ops\/\" \/>\n<meta property=\"og:locale\" content=\"es_MX\" \/>\n<meta property=\"og:type\" content=\"article\" \/>\n<meta property=\"og:title\" content=\"Cuarta ola de Covid-19 en M\u00e9xico ser\u00e1 superior a la tercera, advierte la OPS - LA BRAVA RADIO\" \/>\n<meta property=\"og:description\" content=\"M\u00e9xico vive un crecimiento exponencial de casos de coronavirus y la cuarta ola ser\u00e1 superior a la tercera, advirti\u00f3 hoy la Organizaci\u00f3n Panamericana de la Salud (OPS). Sylvain Aldighieri, gerente de Incidente para Covid-19 de la OPS, dijo durante la conferencia semanal del organismo que \u201cen M\u00e9xico estamos observando una curva de crecimiento exponencial de [&hellip;]\" \/>\n<meta property=\"og:url\" content=\"https:\/\/www.bbmnoticias.com\/labravaradiofm\/2022\/01\/12\/cuarta-ola-de-covid-19-en-mexico-sera-superior-a-la-tercera-advierte-la-ops\/\" \/>\n<meta property=\"og:site_name\" content=\"LA BRAVA RADIO\" \/>\n<meta property=\"article:published_time\" content=\"2022-01-12T21:57:47+00:00\" \/>\n<meta property=\"article:modified_time\" content=\"2022-01-12T21:57:49+00:00\" \/>\n<meta property=\"og:image\" content=\"https:\/\/www.bbmnoticias.com\/labravaradiofm\/wp-content\/uploads\/sites\/5\/2022\/01\/covid-mexico.webp\" \/>\n\t<meta property=\"og:image:width\" content=\"1201\" \/>\n\t<meta property=\"og:image:height\" content=\"740\" \/>\n\t<meta property=\"og:image:type\" content=\"image\/webp\" \/>\n<meta name=\"author\" content=\"El Universal\" \/>\n<meta name=\"twitter:card\" content=\"summary_large_image\" \/>\n<meta name=\"twitter:label1\" content=\"Escrito por\" \/>\n\t<meta name=\"twitter:data1\" content=\"El Universal\" \/>\n\t<meta name=\"twitter:label2\" content=\"Tiempo de lectura\" \/>\n\t<meta name=\"twitter:data2\" content=\"3 minutos\" \/>\n<script type=\"application\/ld+json\" class=\"yoast-schema-graph\">{\"@context\":\"https:\\\/\\\/schema.org\",\"@graph\":[{\"@type\":\"Article\",\"@id\":\"https:\\\/\\\/www.bbmnoticias.com\\\/labravaradiofm\\\/2022\\\/01\\\/12\\\/cuarta-ola-de-covid-19-en-mexico-sera-superior-a-la-tercera-advierte-la-ops\\\/#article\",\"isPartOf\":{\"@id\":\"https:\\\/\\\/www.bbmnoticias.com\\\/labravaradiofm\\\/2022\\\/01\\\/12\\\/cuarta-ola-de-covid-19-en-mexico-sera-superior-a-la-tercera-advierte-la-ops\\\/\"},\"author\":{\"name\":\"El Universal\",\"@id\":\"https:\\\/\\\/www.bbmnoticias.com\\\/labravaradiofm\\\/#\\\/schema\\\/person\\\/2a5252389acf1e67397601bfd47df59b\"},\"headline\":\"Cuarta ola de Covid-19 en M\u00e9xico ser\u00e1 superior a la tercera, advierte la OPS\",\"datePublished\":\"2022-01-12T21:57:47+00:00\",\"dateModified\":\"2022-01-12T21:57:49+00:00\",\"mainEntityOfPage\":{\"@id\":\"https:\\\/\\\/www.bbmnoticias.com\\\/labravaradiofm\\\/2022\\\/01\\\/12\\\/cuarta-ola-de-covid-19-en-mexico-sera-superior-a-la-tercera-advierte-la-ops\\\/\"},\"wordCount\":521,\"image\":{\"@id\":\"https:\\\/\\\/www.bbmnoticias.com\\\/labravaradiofm\\\/2022\\\/01\\\/12\\\/cuarta-ola-de-covid-19-en-mexico-sera-superior-a-la-tercera-advierte-la-ops\\\/#primaryimage\"},\"thumbnailUrl\":\"https:\\\/\\\/www.bbmnoticias.com\\\/labravaradiofm\\\/wp-content\\\/uploads\\\/sites\\\/5\\\/2022\\\/01\\\/covid-mexico.webp\",\"articleSection\":[\"NACIONAL\"],\"inLanguage\":\"es\"},{\"@type\":\"WebPage\",\"@id\":\"https:\\\/\\\/www.bbmnoticias.com\\\/labravaradiofm\\\/2022\\\/01\\\/12\\\/cuarta-ola-de-covid-19-en-mexico-sera-superior-a-la-tercera-advierte-la-ops\\\/\",\"url\":\"https:\\\/\\\/www.bbmnoticias.com\\\/labravaradiofm\\\/2022\\\/01\\\/12\\\/cuarta-ola-de-covid-19-en-mexico-sera-superior-a-la-tercera-advierte-la-ops\\\/\",\"name\":\"Cuarta ola de Covid-19 en M\u00e9xico ser\u00e1 superior a la tercera, advierte la OPS - LA BRAVA RADIO\",\"isPartOf\":{\"@id\":\"https:\\\/\\\/www.bbmnoticias.com\\\/labravaradiofm\\\/#website\"},\"primaryImageOfPage\":{\"@id\":\"https:\\\/\\\/www.bbmnoticias.com\\\/labravaradiofm\\\/2022\\\/01\\\/12\\\/cuarta-ola-de-covid-19-en-mexico-sera-superior-a-la-tercera-advierte-la-ops\\\/#primaryimage\"},\"image\":{\"@id\":\"https:\\\/\\\/www.bbmnoticias.com\\\/labravaradiofm\\\/2022\\\/01\\\/12\\\/cuarta-ola-de-covid-19-en-mexico-sera-superior-a-la-tercera-advierte-la-ops\\\/#primaryimage\"},\"thumbnailUrl\":\"https:\\\/\\\/www.bbmnoticias.com\\\/labravaradiofm\\\/wp-content\\\/uploads\\\/sites\\\/5\\\/2022\\\/01\\\/covid-mexico.webp\",\"datePublished\":\"2022-01-12T21:57:47+00:00\",\"dateModified\":\"2022-01-12T21:57:49+00:00\",\"author\":{\"@id\":\"https:\\\/\\\/www.bbmnoticias.com\\\/labravaradiofm\\\/#\\\/schema\\\/person\\\/2a5252389acf1e67397601bfd47df59b\"},\"breadcrumb\":{\"@id\":\"https:\\\/\\\/www.bbmnoticias.com\\\/labravaradiofm\\\/2022\\\/01\\\/12\\\/cuarta-ola-de-covid-19-en-mexico-sera-superior-a-la-tercera-advierte-la-ops\\\/#breadcrumb\"},\"inLanguage\":\"es\",\"potentialAction\":[{\"@type\":\"ReadAction\",\"target\":[\"https:\\\/\\\/www.bbmnoticias.com\\\/labravaradiofm\\\/2022\\\/01\\\/12\\\/cuarta-ola-de-covid-19-en-mexico-sera-superior-a-la-tercera-advierte-la-ops\\\/\"]}]},{\"@type\":\"ImageObject\",\"inLanguage\":\"es\",\"@id\":\"https:\\\/\\\/www.bbmnoticias.com\\\/labravaradiofm\\\/2022\\\/01\\\/12\\\/cuarta-ola-de-covid-19-en-mexico-sera-superior-a-la-tercera-advierte-la-ops\\\/#primaryimage\",\"url\":\"https:\\\/\\\/www.bbmnoticias.com\\\/labravaradiofm\\\/wp-content\\\/uploads\\\/sites\\\/5\\\/2022\\\/01\\\/covid-mexico.webp\",\"contentUrl\":\"https:\\\/\\\/www.bbmnoticias.com\\\/labravaradiofm\\\/wp-content\\\/uploads\\\/sites\\\/5\\\/2022\\\/01\\\/covid-mexico.webp\",\"width\":1201,\"height\":740},{\"@type\":\"BreadcrumbList\",\"@id\":\"https:\\\/\\\/www.bbmnoticias.com\\\/labravaradiofm\\\/2022\\\/01\\\/12\\\/cuarta-ola-de-covid-19-en-mexico-sera-superior-a-la-tercera-advierte-la-ops\\\/#breadcrumb\",\"itemListElement\":[{\"@type\":\"ListItem\",\"position\":1,\"name\":\"Inicio\",\"item\":\"https:\\\/\\\/www.bbmnoticias.com\\\/labravaradiofm\\\/\"},{\"@type\":\"ListItem\",\"position\":2,\"name\":\"Cuarta ola de Covid-19 en M\u00e9xico ser\u00e1 superior a la tercera, advierte la OPS\"}]},{\"@type\":\"WebSite\",\"@id\":\"https:\\\/\\\/www.bbmnoticias.com\\\/labravaradiofm\\\/#website\",\"url\":\"https:\\\/\\\/www.bbmnoticias.com\\\/labravaradiofm\\\/\",\"name\":\"LA BRAVA RADIO\",\"description\":\"Empresa productora de medios, Radiodifusi\u00f3n, Noticias, tendencias y todo lo que necesitas saber de la pol\u00edtica mexicana e internacional; entretenimiento, espect\u00e1culos, salud y mucho m\u00e1s.\",\"potentialAction\":[{\"@type\":\"SearchAction\",\"target\":{\"@type\":\"EntryPoint\",\"urlTemplate\":\"https:\\\/\\\/www.bbmnoticias.com\\\/labravaradiofm\\\/?s={search_term_string}\"},\"query-input\":{\"@type\":\"PropertyValueSpecification\",\"valueRequired\":true,\"valueName\":\"search_term_string\"}}],\"inLanguage\":\"es\"},{\"@type\":\"Person\",\"@id\":\"https:\\\/\\\/www.bbmnoticias.com\\\/labravaradiofm\\\/#\\\/schema\\\/person\\\/2a5252389acf1e67397601bfd47df59b\",\"name\":\"El Universal\",\"image\":{\"@type\":\"ImageObject\",\"inLanguage\":\"es\",\"@id\":\"https:\\\/\\\/secure.gravatar.com\\\/avatar\\\/71c770e6e00bd7cb8183e56d1c59f81601544fbe41d802d7c17d05c9e25f7d06?s=96&d=mm&r=g\",\"url\":\"https:\\\/\\\/secure.gravatar.com\\\/avatar\\\/71c770e6e00bd7cb8183e56d1c59f81601544fbe41d802d7c17d05c9e25f7d06?s=96&d=mm&r=g\",\"contentUrl\":\"https:\\\/\\\/secure.gravatar.com\\\/avatar\\\/71c770e6e00bd7cb8183e56d1c59f81601544fbe41d802d7c17d05c9e25f7d06?s=96&d=mm&r=g\",\"caption\":\"El Universal\"},\"url\":\"https:\\\/\\\/www.bbmnoticias.com\\\/labravaradiofm\\\/author\\\/eluniversal\\\/\"}]}<\/script>\n<!-- \/ Yoast SEO plugin. -->","yoast_head_json":{"title":"Cuarta ola de Covid-19 en M\u00e9xico ser\u00e1 superior a la tercera, advierte la OPS - LA BRAVA RADIO","robots":{"index":"index","follow":"follow","max-snippet":"max-snippet:-1","max-image-preview":"max-image-preview:large","max-video-preview":"max-video-preview:-1"},"canonical":"https:\/\/www.bbmnoticias.com\/labravaradiofm\/2022\/01\/12\/cuarta-ola-de-covid-19-en-mexico-sera-superior-a-la-tercera-advierte-la-ops\/","og_locale":"es_MX","og_type":"article","og_title":"Cuarta ola de Covid-19 en M\u00e9xico ser\u00e1 superior a la tercera, advierte la OPS - LA BRAVA RADIO","og_description":"M\u00e9xico vive un crecimiento exponencial de casos de coronavirus y la cuarta ola ser\u00e1 superior a la tercera, advirti\u00f3 hoy la Organizaci\u00f3n Panamericana de la Salud (OPS). Sylvain Aldighieri, gerente de Incidente para Covid-19 de la OPS, dijo durante la conferencia semanal del organismo que \u201cen M\u00e9xico estamos observando una curva de crecimiento exponencial de [&hellip;]","og_url":"https:\/\/www.bbmnoticias.com\/labravaradiofm\/2022\/01\/12\/cuarta-ola-de-covid-19-en-mexico-sera-superior-a-la-tercera-advierte-la-ops\/","og_site_name":"LA BRAVA RADIO","article_published_time":"2022-01-12T21:57:47+00:00","article_modified_time":"2022-01-12T21:57:49+00:00","og_image":[{"width":1201,"height":740,"url":"https:\/\/www.bbmnoticias.com\/labravaradiofm\/wp-content\/uploads\/sites\/5\/2022\/01\/covid-mexico.webp","type":"image\/webp"}],"author":"El Universal","twitter_card":"summary_large_image","twitter_misc":{"Escrito por":"El Universal","Tiempo de lectura":"3 minutos"},"schema":{"@context":"https:\/\/schema.org","@graph":[{"@type":"Article","@id":"https:\/\/www.bbmnoticias.com\/labravaradiofm\/2022\/01\/12\/cuarta-ola-de-covid-19-en-mexico-sera-superior-a-la-tercera-advierte-la-ops\/#article","isPartOf":{"@id":"https:\/\/www.bbmnoticias.com\/labravaradiofm\/2022\/01\/12\/cuarta-ola-de-covid-19-en-mexico-sera-superior-a-la-tercera-advierte-la-ops\/"},"author":{"name":"El Universal","@id":"https:\/\/www.bbmnoticias.com\/labravaradiofm\/#\/schema\/person\/2a5252389acf1e67397601bfd47df59b"},"headline":"Cuarta ola de Covid-19 en M\u00e9xico ser\u00e1 superior a la tercera, advierte la OPS","datePublished":"2022-01-12T21:57:47+00:00","dateModified":"2022-01-12T21:57:49+00:00","mainEntityOfPage":{"@id":"https:\/\/www.bbmnoticias.com\/labravaradiofm\/2022\/01\/12\/cuarta-ola-de-covid-19-en-mexico-sera-superior-a-la-tercera-advierte-la-ops\/"},"wordCount":521,"image":{"@id":"https:\/\/www.bbmnoticias.com\/labravaradiofm\/2022\/01\/12\/cuarta-ola-de-covid-19-en-mexico-sera-superior-a-la-tercera-advierte-la-ops\/#primaryimage"},"thumbnailUrl":"https:\/\/www.bbmnoticias.com\/labravaradiofm\/wp-content\/uploads\/sites\/5\/2022\/01\/covid-mexico.webp","articleSection":["NACIONAL"],"inLanguage":"es"},{"@type":"WebPage","@id":"https:\/\/www.bbmnoticias.com\/labravaradiofm\/2022\/01\/12\/cuarta-ola-de-covid-19-en-mexico-sera-superior-a-la-tercera-advierte-la-ops\/","url":"https:\/\/www.bbmnoticias.com\/labravaradiofm\/2022\/01\/12\/cuarta-ola-de-covid-19-en-mexico-sera-superior-a-la-tercera-advierte-la-ops\/","name":"Cuarta ola de Covid-19 en M\u00e9xico ser\u00e1 superior a la tercera, advierte la OPS - LA BRAVA RADIO","isPartOf":{"@id":"https:\/\/www.bbmnoticias.com\/labravaradiofm\/#website"},"primaryImageOfPage":{"@id":"https:\/\/www.bbmnoticias.com\/labravaradiofm\/2022\/01\/12\/cuarta-ola-de-covid-19-en-mexico-sera-superior-a-la-tercera-advierte-la-ops\/#primaryimage"},"image":{"@id":"https:\/\/www.bbmnoticias.com\/labravaradiofm\/2022\/01\/12\/cuarta-ola-de-covid-19-en-mexico-sera-superior-a-la-tercera-advierte-la-ops\/#primaryimage"},"thumbnailUrl":"https:\/\/www.bbmnoticias.com\/labravaradiofm\/wp-content\/uploads\/sites\/5\/2022\/01\/covid-mexico.webp","datePublished":"2022-01-12T21:57:47+00:00","dateModified":"2022-01-12T21:57:49+00:00","author":{"@id":"https:\/\/www.bbmnoticias.com\/labravaradiofm\/#\/schema\/person\/2a5252389acf1e67397601bfd47df59b"},"breadcrumb":{"@id":"https:\/\/www.bbmnoticias.com\/labravaradiofm\/2022\/01\/12\/cuarta-ola-de-covid-19-en-mexico-sera-superior-a-la-tercera-advierte-la-ops\/#breadcrumb"},"inLanguage":"es","potentialAction":[{"@type":"ReadAction","target":["https:\/\/www.bbmnoticias.com\/labravaradiofm\/2022\/01\/12\/cuarta-ola-de-covid-19-en-mexico-sera-superior-a-la-tercera-advierte-la-ops\/"]}]},{"@type":"ImageObject","inLanguage":"es","@id":"https:\/\/www.bbmnoticias.com\/labravaradiofm\/2022\/01\/12\/cuarta-ola-de-covid-19-en-mexico-sera-superior-a-la-tercera-advierte-la-ops\/#primaryimage","url":"https:\/\/www.bbmnoticias.com\/labravaradiofm\/wp-content\/uploads\/sites\/5\/2022\/01\/covid-mexico.webp","contentUrl":"https:\/\/www.bbmnoticias.com\/labravaradiofm\/wp-content\/uploads\/sites\/5\/2022\/01\/covid-mexico.webp","width":1201,"height":740},{"@type":"BreadcrumbList","@id":"https:\/\/www.bbmnoticias.com\/labravaradiofm\/2022\/01\/12\/cuarta-ola-de-covid-19-en-mexico-sera-superior-a-la-tercera-advierte-la-ops\/#breadcrumb","itemListElement":[{"@type":"ListItem","position":1,"name":"Inicio","item":"https:\/\/www.bbmnoticias.com\/labravaradiofm\/"},{"@type":"ListItem","position":2,"name":"Cuarta ola de Covid-19 en M\u00e9xico ser\u00e1 superior a la tercera, advierte la OPS"}]},{"@type":"WebSite","@id":"https:\/\/www.bbmnoticias.com\/labravaradiofm\/#website","url":"https:\/\/www.bbmnoticias.com\/labravaradiofm\/","name":"LA BRAVA RADIO","description":"Empresa productora de medios, Radiodifusi\u00f3n, Noticias, tendencias y todo lo que necesitas saber de la pol\u00edtica mexicana e internacional; entretenimiento, espect\u00e1culos, salud y mucho m\u00e1s.","potentialAction":[{"@type":"SearchAction","target":{"@type":"EntryPoint","urlTemplate":"https:\/\/www.bbmnoticias.com\/labravaradiofm\/?s={search_term_string}"},"query-input":{"@type":"PropertyValueSpecification","valueRequired":true,"valueName":"search_term_string"}}],"inLanguage":"es"},{"@type":"Person","@id":"https:\/\/www.bbmnoticias.com\/labravaradiofm\/#\/schema\/person\/2a5252389acf1e67397601bfd47df59b","name":"El Universal","image":{"@type":"ImageObject","inLanguage":"es","@id":"https:\/\/secure.gravatar.com\/avatar\/71c770e6e00bd7cb8183e56d1c59f81601544fbe41d802d7c17d05c9e25f7d06?s=96&d=mm&r=g","url":"https:\/\/secure.gravatar.com\/avatar\/71c770e6e00bd7cb8183e56d1c59f81601544fbe41d802d7c17d05c9e25f7d06?s=96&d=mm&r=g","contentUrl":"https:\/\/secure.gravatar.com\/avatar\/71c770e6e00bd7cb8183e56d1c59f81601544fbe41d802d7c17d05c9e25f7d06?s=96&d=mm&r=g","caption":"El Universal"},"url":"https:\/\/www.bbmnoticias.com\/labravaradiofm\/author\/eluniversal\/"}]}},"_links":{"self":[{"href":"https:\/\/www.bbmnoticias.com\/labravaradiofm\/wp-json\/wp\/v2\/posts\/8455","targetHints":{"allow":["GET"]}}],"collection":[{"href":"https:\/\/www.bbmnoticias.com\/labravaradiofm\/wp-json\/wp\/v2\/posts"}],"about":[{"href":"https:\/\/www.bbmnoticias.com\/labravaradiofm\/wp-json\/wp\/v2\/types\/post"}],"author":[{"embeddable":true,"href":"https:\/\/www.bbmnoticias.com\/labravaradiofm\/wp-json\/wp\/v2\/users\/10"}],"replies":[{"embeddable":true,"href":"https:\/\/www.bbmnoticias.com\/labravaradiofm\/wp-json\/wp\/v2\/comments?post=8455"}],"version-history":[{"count":0,"href":"https:\/\/www.bbmnoticias.com\/labravaradiofm\/wp-json\/wp\/v2\/posts\/8455\/revisions"}],"wp:featuredmedia":[{"embeddable":true,"href":"https:\/\/www.bbmnoticias.com\/labravaradiofm\/wp-json\/wp\/v2\/media\/8456"}],"wp:attachment":[{"href":"https:\/\/www.bbmnoticias.com\/labravaradiofm\/wp-json\/wp\/v2\/media?parent=8455"}],"wp:term":[{"taxonomy":"category","embeddable":true,"href":"https:\/\/www.bbmnoticias.com\/labravaradiofm\/wp-json\/wp\/v2\/categories?post=8455"},{"taxonomy":"post_tag","embeddable":true,"href":"https:\/\/www.bbmnoticias.com\/labravaradiofm\/wp-json\/wp\/v2\/tags?post=8455"}],"curies":[{"name":"wp","href":"https:\/\/api.w.org\/{rel}","templated":true}]}}