{"id":8446,"date":"2022-01-12T15:30:43","date_gmt":"2022-01-12T21:30:43","guid":{"rendered":"https:\/\/www.bbmnoticias.com\/labravaradiofm\/?p=8446"},"modified":"2022-01-12T15:30:44","modified_gmt":"2022-01-12T21:30:44","slug":"exhorta-imss-oaxaca-a-fortalecer-medidas-preventivas-ante-covid-19-y-sus-variantes","status":"publish","type":"post","link":"https:\/\/www.bbmnoticias.com\/labravaradiofm\/2022\/01\/12\/exhorta-imss-oaxaca-a-fortalecer-medidas-preventivas-ante-covid-19-y-sus-variantes\/","title":{"rendered":"Exhorta IMSS Oaxaca a fortalecer medidas preventivas ante COVID-19 y sus variantes"},"content":{"rendered":"<div style=\"margin-top: 0px; margin-bottom: 0px;\" class=\"sharethis-inline-share-buttons\" ><\/div>\n<p>El Instituto Mexicano del Seguro Social (IMSS) en Oaxaca, a trav\u00e9s de su Jefatura de Prestaciones M\u00e9dicas, exhorta a la poblaci\u00f3n en general a protegerse ante los cambios bruscos de temperatura que se est\u00e1n registrando en estos primeros d\u00edas del a\u00f1o en la entidad, adem\u00e1s de que fortalezcan las medidas sanitarias, a fin de romper cadenas de contagio de COVID-19.&nbsp;&nbsp;&nbsp;<\/p>\n\n\n\n<p>La jefa de Prestaciones M\u00e9dicas, doctora Martha Escobar V\u00e1squez, afirm\u00f3 que con el reciente aumento de contagios y el riesgo que significa la variante \u00d3micron, cuya cadena de contagios es m\u00e1s r\u00e1pida, el IMSS como instituci\u00f3n de salud recomienda extremar precauciones, con el objetivo de disminuir la propagaci\u00f3n del COVID-19, as\u00ed como prevenir enfermedades respiratorias.&nbsp;<\/p>\n\n\n\n<p>Reiter\u00f3 el llamado a mantener la distancia entre una persona y otra de 1.5 metros, as\u00ed como evitar las grandes concentraciones, como no acudir a reuniones o fiestas masivas, evitar asistir a los centros de playa o balnearios donde exista contacto con personas, adem\u00e1s de no asistir a bailes o diversiones sociales.&nbsp;<\/p>\n\n\n\n<p>Martha Escobar V\u00e1squez insisti\u00f3 que el exhorto a la poblaci\u00f3n es no bajar la guardia y redoblar las medidas sanitarias para romper cadenas de contagios de COVID-19: uso correcto de cubrebocas, lavado constante de manos con agua y jab\u00f3n, aplicaci\u00f3n de alcohol gel al 70%, tosido o estornudo de etiqueta, evitar tocar ojos, nariz y boca, sana distancia, y estar pendiente ante cualquier s\u00edntoma de enfermedad respiratoria como tos, fiebre, dolor de cabeza o garganta.&nbsp;<\/p>\n\n\n\n<p>Finalmente, se\u00f1al\u00f3 que en caso de identificar presencia de s\u00edntomas de COVID-19, acudir de inmediato a la Unidad de Medicina Familiar (UMF) m\u00e1s cercana para ser atendido y valorado por personal especializado que se encuentra en los M\u00f3dulos de Atenci\u00f3n Respiratoria (MARSS).&nbsp;<\/p>\n","protected":false},"excerpt":{"rendered":"<p>El Instituto Mexicano del Seguro Social (IMSS) en Oaxaca, a trav\u00e9s de su Jefatura de Prestaciones M\u00e9dicas, exhorta a la poblaci\u00f3n en general a protegerse ante los cambios bruscos de temperatura que se est\u00e1n registrando en estos primeros d\u00edas del a\u00f1o en la entidad, adem\u00e1s de que fortalezcan las medidas sanitarias, a fin de romper [&hellip;]<\/p>\n","protected":false},"author":2,"featured_media":8447,"comment_status":"closed","ping_status":"closed","sticky":false,"template":"","format":"standard","meta":{"footnotes":""},"categories":[2],"tags":[],"class_list":{"0":"post-8446","1":"post","2":"type-post","3":"status-publish","4":"format-standard","5":"has-post-thumbnail","7":"category-oaxaca"},"yoast_head":"<!-- This site is optimized with the Yoast SEO plugin v27.4 - https:\/\/yoast.com\/product\/yoast-seo-wordpress\/ -->\n<title>Exhorta IMSS Oaxaca a fortalecer medidas preventivas ante COVID-19 y sus variantes - LA BRAVA RADIO<\/title>\n<meta name=\"robots\" content=\"index, follow, max-snippet:-1, max-image-preview:large, max-video-preview:-1\" \/>\n<link rel=\"canonical\" href=\"https:\/\/www.bbmnoticias.com\/labravaradiofm\/2022\/01\/12\/exhorta-imss-oaxaca-a-fortalecer-medidas-preventivas-ante-covid-19-y-sus-variantes\/\" \/>\n<meta property=\"og:locale\" content=\"es_MX\" \/>\n<meta property=\"og:type\" content=\"article\" \/>\n<meta property=\"og:title\" content=\"Exhorta IMSS Oaxaca a fortalecer medidas preventivas ante COVID-19 y sus variantes - LA BRAVA RADIO\" \/>\n<meta property=\"og:description\" content=\"El Instituto Mexicano del Seguro Social (IMSS) en Oaxaca, a trav\u00e9s de su Jefatura de Prestaciones M\u00e9dicas, exhorta a la poblaci\u00f3n en general a protegerse ante los cambios bruscos de temperatura que se est\u00e1n registrando en estos primeros d\u00edas del a\u00f1o en la entidad, adem\u00e1s de que fortalezcan las medidas sanitarias, a fin de romper [&hellip;]\" \/>\n<meta property=\"og:url\" content=\"https:\/\/www.bbmnoticias.com\/labravaradiofm\/2022\/01\/12\/exhorta-imss-oaxaca-a-fortalecer-medidas-preventivas-ante-covid-19-y-sus-variantes\/\" \/>\n<meta property=\"og:site_name\" content=\"LA BRAVA RADIO\" \/>\n<meta property=\"article:published_time\" content=\"2022-01-12T21:30:43+00:00\" \/>\n<meta property=\"article:modified_time\" content=\"2022-01-12T21:30:44+00:00\" \/>\n<meta property=\"og:image\" content=\"https:\/\/www.bbmnoticias.com\/labravaradiofm\/wp-content\/uploads\/sites\/5\/2022\/01\/imss-variantes.jpg\" \/>\n\t<meta property=\"og:image:width\" content=\"900\" \/>\n\t<meta property=\"og:image:height\" content=\"608\" \/>\n\t<meta property=\"og:image:type\" content=\"image\/jpeg\" \/>\n<meta name=\"author\" content=\"Staff\" \/>\n<meta name=\"twitter:card\" content=\"summary_large_image\" \/>\n<meta name=\"twitter:label1\" content=\"Escrito por\" \/>\n\t<meta name=\"twitter:data1\" content=\"Staff\" \/>\n\t<meta name=\"twitter:label2\" content=\"Tiempo de lectura\" \/>\n\t<meta name=\"twitter:data2\" content=\"2 minutos\" \/>\n<script type=\"application\/ld+json\" class=\"yoast-schema-graph\">{\"@context\":\"https:\\\/\\\/schema.org\",\"@graph\":[{\"@type\":\"Article\",\"@id\":\"https:\\\/\\\/www.bbmnoticias.com\\\/labravaradiofm\\\/2022\\\/01\\\/12\\\/exhorta-imss-oaxaca-a-fortalecer-medidas-preventivas-ante-covid-19-y-sus-variantes\\\/#article\",\"isPartOf\":{\"@id\":\"https:\\\/\\\/www.bbmnoticias.com\\\/labravaradiofm\\\/2022\\\/01\\\/12\\\/exhorta-imss-oaxaca-a-fortalecer-medidas-preventivas-ante-covid-19-y-sus-variantes\\\/\"},\"author\":{\"name\":\"Staff\",\"@id\":\"https:\\\/\\\/www.bbmnoticias.com\\\/labravaradiofm\\\/#\\\/schema\\\/person\\\/68a9e9036ef3c5b55aeb2b71dc8bab45\"},\"headline\":\"Exhorta IMSS Oaxaca a fortalecer medidas preventivas ante COVID-19 y sus variantes\",\"datePublished\":\"2022-01-12T21:30:43+00:00\",\"dateModified\":\"2022-01-12T21:30:44+00:00\",\"mainEntityOfPage\":{\"@id\":\"https:\\\/\\\/www.bbmnoticias.com\\\/labravaradiofm\\\/2022\\\/01\\\/12\\\/exhorta-imss-oaxaca-a-fortalecer-medidas-preventivas-ante-covid-19-y-sus-variantes\\\/\"},\"wordCount\":325,\"image\":{\"@id\":\"https:\\\/\\\/www.bbmnoticias.com\\\/labravaradiofm\\\/2022\\\/01\\\/12\\\/exhorta-imss-oaxaca-a-fortalecer-medidas-preventivas-ante-covid-19-y-sus-variantes\\\/#primaryimage\"},\"thumbnailUrl\":\"https:\\\/\\\/www.bbmnoticias.com\\\/labravaradiofm\\\/wp-content\\\/uploads\\\/sites\\\/5\\\/2022\\\/01\\\/imss-variantes.jpg\",\"articleSection\":[\"LOCAL\"],\"inLanguage\":\"es\"},{\"@type\":\"WebPage\",\"@id\":\"https:\\\/\\\/www.bbmnoticias.com\\\/labravaradiofm\\\/2022\\\/01\\\/12\\\/exhorta-imss-oaxaca-a-fortalecer-medidas-preventivas-ante-covid-19-y-sus-variantes\\\/\",\"url\":\"https:\\\/\\\/www.bbmnoticias.com\\\/labravaradiofm\\\/2022\\\/01\\\/12\\\/exhorta-imss-oaxaca-a-fortalecer-medidas-preventivas-ante-covid-19-y-sus-variantes\\\/\",\"name\":\"Exhorta IMSS Oaxaca a fortalecer medidas preventivas ante COVID-19 y sus variantes - LA BRAVA RADIO\",\"isPartOf\":{\"@id\":\"https:\\\/\\\/www.bbmnoticias.com\\\/labravaradiofm\\\/#website\"},\"primaryImageOfPage\":{\"@id\":\"https:\\\/\\\/www.bbmnoticias.com\\\/labravaradiofm\\\/2022\\\/01\\\/12\\\/exhorta-imss-oaxaca-a-fortalecer-medidas-preventivas-ante-covid-19-y-sus-variantes\\\/#primaryimage\"},\"image\":{\"@id\":\"https:\\\/\\\/www.bbmnoticias.com\\\/labravaradiofm\\\/2022\\\/01\\\/12\\\/exhorta-imss-oaxaca-a-fortalecer-medidas-preventivas-ante-covid-19-y-sus-variantes\\\/#primaryimage\"},\"thumbnailUrl\":\"https:\\\/\\\/www.bbmnoticias.com\\\/labravaradiofm\\\/wp-content\\\/uploads\\\/sites\\\/5\\\/2022\\\/01\\\/imss-variantes.jpg\",\"datePublished\":\"2022-01-12T21:30:43+00:00\",\"dateModified\":\"2022-01-12T21:30:44+00:00\",\"author\":{\"@id\":\"https:\\\/\\\/www.bbmnoticias.com\\\/labravaradiofm\\\/#\\\/schema\\\/person\\\/68a9e9036ef3c5b55aeb2b71dc8bab45\"},\"breadcrumb\":{\"@id\":\"https:\\\/\\\/www.bbmnoticias.com\\\/labravaradiofm\\\/2022\\\/01\\\/12\\\/exhorta-imss-oaxaca-a-fortalecer-medidas-preventivas-ante-covid-19-y-sus-variantes\\\/#breadcrumb\"},\"inLanguage\":\"es\",\"potentialAction\":[{\"@type\":\"ReadAction\",\"target\":[\"https:\\\/\\\/www.bbmnoticias.com\\\/labravaradiofm\\\/2022\\\/01\\\/12\\\/exhorta-imss-oaxaca-a-fortalecer-medidas-preventivas-ante-covid-19-y-sus-variantes\\\/\"]}]},{\"@type\":\"ImageObject\",\"inLanguage\":\"es\",\"@id\":\"https:\\\/\\\/www.bbmnoticias.com\\\/labravaradiofm\\\/2022\\\/01\\\/12\\\/exhorta-imss-oaxaca-a-fortalecer-medidas-preventivas-ante-covid-19-y-sus-variantes\\\/#primaryimage\",\"url\":\"https:\\\/\\\/www.bbmnoticias.com\\\/labravaradiofm\\\/wp-content\\\/uploads\\\/sites\\\/5\\\/2022\\\/01\\\/imss-variantes.jpg\",\"contentUrl\":\"https:\\\/\\\/www.bbmnoticias.com\\\/labravaradiofm\\\/wp-content\\\/uploads\\\/sites\\\/5\\\/2022\\\/01\\\/imss-variantes.jpg\",\"width\":900,\"height\":608},{\"@type\":\"BreadcrumbList\",\"@id\":\"https:\\\/\\\/www.bbmnoticias.com\\\/labravaradiofm\\\/2022\\\/01\\\/12\\\/exhorta-imss-oaxaca-a-fortalecer-medidas-preventivas-ante-covid-19-y-sus-variantes\\\/#breadcrumb\",\"itemListElement\":[{\"@type\":\"ListItem\",\"position\":1,\"name\":\"Inicio\",\"item\":\"https:\\\/\\\/www.bbmnoticias.com\\\/labravaradiofm\\\/\"},{\"@type\":\"ListItem\",\"position\":2,\"name\":\"Exhorta IMSS Oaxaca a fortalecer medidas preventivas ante COVID-19 y sus variantes\"}]},{\"@type\":\"WebSite\",\"@id\":\"https:\\\/\\\/www.bbmnoticias.com\\\/labravaradiofm\\\/#website\",\"url\":\"https:\\\/\\\/www.bbmnoticias.com\\\/labravaradiofm\\\/\",\"name\":\"LA BRAVA RADIO\",\"description\":\"Empresa productora de medios, Radiodifusi\u00f3n, Noticias, tendencias y todo lo que necesitas saber de la pol\u00edtica mexicana e internacional; entretenimiento, espect\u00e1culos, salud y mucho m\u00e1s.\",\"potentialAction\":[{\"@type\":\"SearchAction\",\"target\":{\"@type\":\"EntryPoint\",\"urlTemplate\":\"https:\\\/\\\/www.bbmnoticias.com\\\/labravaradiofm\\\/?s={search_term_string}\"},\"query-input\":{\"@type\":\"PropertyValueSpecification\",\"valueRequired\":true,\"valueName\":\"search_term_string\"}}],\"inLanguage\":\"es\"},{\"@type\":\"Person\",\"@id\":\"https:\\\/\\\/www.bbmnoticias.com\\\/labravaradiofm\\\/#\\\/schema\\\/person\\\/68a9e9036ef3c5b55aeb2b71dc8bab45\",\"name\":\"Staff\",\"image\":{\"@type\":\"ImageObject\",\"inLanguage\":\"es\",\"@id\":\"https:\\\/\\\/secure.gravatar.com\\\/avatar\\\/fdd21ad66fd8b98c407f9dee5b5e588cfe7f0d8579ec20fa6527cd59bab7f0f0?s=96&d=mm&r=g\",\"url\":\"https:\\\/\\\/secure.gravatar.com\\\/avatar\\\/fdd21ad66fd8b98c407f9dee5b5e588cfe7f0d8579ec20fa6527cd59bab7f0f0?s=96&d=mm&r=g\",\"contentUrl\":\"https:\\\/\\\/secure.gravatar.com\\\/avatar\\\/fdd21ad66fd8b98c407f9dee5b5e588cfe7f0d8579ec20fa6527cd59bab7f0f0?s=96&d=mm&r=g\",\"caption\":\"Staff\"},\"url\":\"https:\\\/\\\/www.bbmnoticias.com\\\/labravaradiofm\\\/author\\\/redaccion\\\/\"}]}<\/script>\n<!-- \/ Yoast SEO plugin. -->","yoast_head_json":{"title":"Exhorta IMSS Oaxaca a fortalecer medidas preventivas ante COVID-19 y sus variantes - LA BRAVA RADIO","robots":{"index":"index","follow":"follow","max-snippet":"max-snippet:-1","max-image-preview":"max-image-preview:large","max-video-preview":"max-video-preview:-1"},"canonical":"https:\/\/www.bbmnoticias.com\/labravaradiofm\/2022\/01\/12\/exhorta-imss-oaxaca-a-fortalecer-medidas-preventivas-ante-covid-19-y-sus-variantes\/","og_locale":"es_MX","og_type":"article","og_title":"Exhorta IMSS Oaxaca a fortalecer medidas preventivas ante COVID-19 y sus variantes - LA BRAVA RADIO","og_description":"El Instituto Mexicano del Seguro Social (IMSS) en Oaxaca, a trav\u00e9s de su Jefatura de Prestaciones M\u00e9dicas, exhorta a la poblaci\u00f3n en general a protegerse ante los cambios bruscos de temperatura que se est\u00e1n registrando en estos primeros d\u00edas del a\u00f1o en la entidad, adem\u00e1s de que fortalezcan las medidas sanitarias, a fin de romper [&hellip;]","og_url":"https:\/\/www.bbmnoticias.com\/labravaradiofm\/2022\/01\/12\/exhorta-imss-oaxaca-a-fortalecer-medidas-preventivas-ante-covid-19-y-sus-variantes\/","og_site_name":"LA BRAVA RADIO","article_published_time":"2022-01-12T21:30:43+00:00","article_modified_time":"2022-01-12T21:30:44+00:00","og_image":[{"width":900,"height":608,"url":"https:\/\/www.bbmnoticias.com\/labravaradiofm\/wp-content\/uploads\/sites\/5\/2022\/01\/imss-variantes.jpg","type":"image\/jpeg"}],"author":"Staff","twitter_card":"summary_large_image","twitter_misc":{"Escrito por":"Staff","Tiempo de lectura":"2 minutos"},"schema":{"@context":"https:\/\/schema.org","@graph":[{"@type":"Article","@id":"https:\/\/www.bbmnoticias.com\/labravaradiofm\/2022\/01\/12\/exhorta-imss-oaxaca-a-fortalecer-medidas-preventivas-ante-covid-19-y-sus-variantes\/#article","isPartOf":{"@id":"https:\/\/www.bbmnoticias.com\/labravaradiofm\/2022\/01\/12\/exhorta-imss-oaxaca-a-fortalecer-medidas-preventivas-ante-covid-19-y-sus-variantes\/"},"author":{"name":"Staff","@id":"https:\/\/www.bbmnoticias.com\/labravaradiofm\/#\/schema\/person\/68a9e9036ef3c5b55aeb2b71dc8bab45"},"headline":"Exhorta IMSS Oaxaca a fortalecer medidas preventivas ante COVID-19 y sus variantes","datePublished":"2022-01-12T21:30:43+00:00","dateModified":"2022-01-12T21:30:44+00:00","mainEntityOfPage":{"@id":"https:\/\/www.bbmnoticias.com\/labravaradiofm\/2022\/01\/12\/exhorta-imss-oaxaca-a-fortalecer-medidas-preventivas-ante-covid-19-y-sus-variantes\/"},"wordCount":325,"image":{"@id":"https:\/\/www.bbmnoticias.com\/labravaradiofm\/2022\/01\/12\/exhorta-imss-oaxaca-a-fortalecer-medidas-preventivas-ante-covid-19-y-sus-variantes\/#primaryimage"},"thumbnailUrl":"https:\/\/www.bbmnoticias.com\/labravaradiofm\/wp-content\/uploads\/sites\/5\/2022\/01\/imss-variantes.jpg","articleSection":["LOCAL"],"inLanguage":"es"},{"@type":"WebPage","@id":"https:\/\/www.bbmnoticias.com\/labravaradiofm\/2022\/01\/12\/exhorta-imss-oaxaca-a-fortalecer-medidas-preventivas-ante-covid-19-y-sus-variantes\/","url":"https:\/\/www.bbmnoticias.com\/labravaradiofm\/2022\/01\/12\/exhorta-imss-oaxaca-a-fortalecer-medidas-preventivas-ante-covid-19-y-sus-variantes\/","name":"Exhorta IMSS Oaxaca a fortalecer medidas preventivas ante COVID-19 y sus variantes - LA BRAVA RADIO","isPartOf":{"@id":"https:\/\/www.bbmnoticias.com\/labravaradiofm\/#website"},"primaryImageOfPage":{"@id":"https:\/\/www.bbmnoticias.com\/labravaradiofm\/2022\/01\/12\/exhorta-imss-oaxaca-a-fortalecer-medidas-preventivas-ante-covid-19-y-sus-variantes\/#primaryimage"},"image":{"@id":"https:\/\/www.bbmnoticias.com\/labravaradiofm\/2022\/01\/12\/exhorta-imss-oaxaca-a-fortalecer-medidas-preventivas-ante-covid-19-y-sus-variantes\/#primaryimage"},"thumbnailUrl":"https:\/\/www.bbmnoticias.com\/labravaradiofm\/wp-content\/uploads\/sites\/5\/2022\/01\/imss-variantes.jpg","datePublished":"2022-01-12T21:30:43+00:00","dateModified":"2022-01-12T21:30:44+00:00","author":{"@id":"https:\/\/www.bbmnoticias.com\/labravaradiofm\/#\/schema\/person\/68a9e9036ef3c5b55aeb2b71dc8bab45"},"breadcrumb":{"@id":"https:\/\/www.bbmnoticias.com\/labravaradiofm\/2022\/01\/12\/exhorta-imss-oaxaca-a-fortalecer-medidas-preventivas-ante-covid-19-y-sus-variantes\/#breadcrumb"},"inLanguage":"es","potentialAction":[{"@type":"ReadAction","target":["https:\/\/www.bbmnoticias.com\/labravaradiofm\/2022\/01\/12\/exhorta-imss-oaxaca-a-fortalecer-medidas-preventivas-ante-covid-19-y-sus-variantes\/"]}]},{"@type":"ImageObject","inLanguage":"es","@id":"https:\/\/www.bbmnoticias.com\/labravaradiofm\/2022\/01\/12\/exhorta-imss-oaxaca-a-fortalecer-medidas-preventivas-ante-covid-19-y-sus-variantes\/#primaryimage","url":"https:\/\/www.bbmnoticias.com\/labravaradiofm\/wp-content\/uploads\/sites\/5\/2022\/01\/imss-variantes.jpg","contentUrl":"https:\/\/www.bbmnoticias.com\/labravaradiofm\/wp-content\/uploads\/sites\/5\/2022\/01\/imss-variantes.jpg","width":900,"height":608},{"@type":"BreadcrumbList","@id":"https:\/\/www.bbmnoticias.com\/labravaradiofm\/2022\/01\/12\/exhorta-imss-oaxaca-a-fortalecer-medidas-preventivas-ante-covid-19-y-sus-variantes\/#breadcrumb","itemListElement":[{"@type":"ListItem","position":1,"name":"Inicio","item":"https:\/\/www.bbmnoticias.com\/labravaradiofm\/"},{"@type":"ListItem","position":2,"name":"Exhorta IMSS Oaxaca a fortalecer medidas preventivas ante COVID-19 y sus variantes"}]},{"@type":"WebSite","@id":"https:\/\/www.bbmnoticias.com\/labravaradiofm\/#website","url":"https:\/\/www.bbmnoticias.com\/labravaradiofm\/","name":"LA BRAVA RADIO","description":"Empresa productora de medios, Radiodifusi\u00f3n, Noticias, tendencias y todo lo que necesitas saber de la pol\u00edtica mexicana e internacional; entretenimiento, espect\u00e1culos, salud y mucho m\u00e1s.","potentialAction":[{"@type":"SearchAction","target":{"@type":"EntryPoint","urlTemplate":"https:\/\/www.bbmnoticias.com\/labravaradiofm\/?s={search_term_string}"},"query-input":{"@type":"PropertyValueSpecification","valueRequired":true,"valueName":"search_term_string"}}],"inLanguage":"es"},{"@type":"Person","@id":"https:\/\/www.bbmnoticias.com\/labravaradiofm\/#\/schema\/person\/68a9e9036ef3c5b55aeb2b71dc8bab45","name":"Staff","image":{"@type":"ImageObject","inLanguage":"es","@id":"https:\/\/secure.gravatar.com\/avatar\/fdd21ad66fd8b98c407f9dee5b5e588cfe7f0d8579ec20fa6527cd59bab7f0f0?s=96&d=mm&r=g","url":"https:\/\/secure.gravatar.com\/avatar\/fdd21ad66fd8b98c407f9dee5b5e588cfe7f0d8579ec20fa6527cd59bab7f0f0?s=96&d=mm&r=g","contentUrl":"https:\/\/secure.gravatar.com\/avatar\/fdd21ad66fd8b98c407f9dee5b5e588cfe7f0d8579ec20fa6527cd59bab7f0f0?s=96&d=mm&r=g","caption":"Staff"},"url":"https:\/\/www.bbmnoticias.com\/labravaradiofm\/author\/redaccion\/"}]}},"_links":{"self":[{"href":"https:\/\/www.bbmnoticias.com\/labravaradiofm\/wp-json\/wp\/v2\/posts\/8446","targetHints":{"allow":["GET"]}}],"collection":[{"href":"https:\/\/www.bbmnoticias.com\/labravaradiofm\/wp-json\/wp\/v2\/posts"}],"about":[{"href":"https:\/\/www.bbmnoticias.com\/labravaradiofm\/wp-json\/wp\/v2\/types\/post"}],"author":[{"embeddable":true,"href":"https:\/\/www.bbmnoticias.com\/labravaradiofm\/wp-json\/wp\/v2\/users\/2"}],"replies":[{"embeddable":true,"href":"https:\/\/www.bbmnoticias.com\/labravaradiofm\/wp-json\/wp\/v2\/comments?post=8446"}],"version-history":[{"count":0,"href":"https:\/\/www.bbmnoticias.com\/labravaradiofm\/wp-json\/wp\/v2\/posts\/8446\/revisions"}],"wp:featuredmedia":[{"embeddable":true,"href":"https:\/\/www.bbmnoticias.com\/labravaradiofm\/wp-json\/wp\/v2\/media\/8447"}],"wp:attachment":[{"href":"https:\/\/www.bbmnoticias.com\/labravaradiofm\/wp-json\/wp\/v2\/media?parent=8446"}],"wp:term":[{"taxonomy":"category","embeddable":true,"href":"https:\/\/www.bbmnoticias.com\/labravaradiofm\/wp-json\/wp\/v2\/categories?post=8446"},{"taxonomy":"post_tag","embeddable":true,"href":"https:\/\/www.bbmnoticias.com\/labravaradiofm\/wp-json\/wp\/v2\/tags?post=8446"}],"curies":[{"name":"wp","href":"https:\/\/api.w.org\/{rel}","templated":true}]}}