{"id":8440,"date":"2022-01-12T15:10:05","date_gmt":"2022-01-12T21:10:05","guid":{"rendered":"https:\/\/www.bbmnoticias.com\/labravaradiofm\/?p=8440"},"modified":"2022-01-12T15:10:07","modified_gmt":"2022-01-12T21:10:07","slug":"atienden-a-dos-mujeres-heridas-por-choque-en-la-ciudad-de-oaxaca","status":"publish","type":"post","link":"https:\/\/www.bbmnoticias.com\/labravaradiofm\/2022\/01\/12\/atienden-a-dos-mujeres-heridas-por-choque-en-la-ciudad-de-oaxaca\/","title":{"rendered":"Atienden a dos mujeres heridas por choque en la ciudad de Oaxaca"},"content":{"rendered":"<div style=\"margin-top: 0px; margin-bottom: 0px;\" class=\"sharethis-inline-share-buttons\" ><\/div>\n<p>OAXACA, Oax. 12 de enero de 2022.- Dos mujeres que resultaron heridas durante un choque en la ciudad de Oaxaca fueron atendidas por param\u00e9dicos y trasladas a distintos hospitales. <\/p>\n\n\n\n<p>Se trata de Amalia Benitez Reyes, de 55 a\u00f1os de edad, quien viajaba en el taxi, y fue llevada al hospital del ISSSTE.<\/p>\n\n\n\n<p>La segunda pasajera, Sof\u00eda Rosas Cort\u00e9s, de 59 a\u00f1os, fue llevada a un hospital privado. <\/p>\n\n\n\n<p>Las dos viajaban en el taxi del sitio Manantial, conducido por Valent\u00edn D\u00edaz, quien choc\u00f3 con la parte posterior de un cami\u00f3n Hino.<\/p>\n\n\n\n<figure class=\"wp-block-embed is-type-rich is-provider-twitter wp-block-embed-twitter\"><div class=\"wp-block-embed__wrapper\">\n<blockquote class=\"twitter-tweet\" data-width=\"550\" data-dnt=\"true\"><p lang=\"es\" dir=\"ltr\">Choque por alcance en s\u00edmbolos patrios taxi for\u00e1neo de la colonia manantial se impacta detr\u00e1s de una caja seca, laboro <a href=\"https:\/\/twitter.com\/hashtag\/OAXACA?src=hash&amp;ref_src=twsrc%5Etfw\">#OAXACA<\/a> <a href=\"https:\/\/twitter.com\/hashtag\/DE?src=hash&amp;ref_src=twsrc%5Etfw\">#DE<\/a> <a href=\"https:\/\/twitter.com\/hashtag\/JU%C3%81REZ?src=hash&amp;ref_src=twsrc%5Etfw\">#JU\u00c1REZ<\/a> <a href=\"https:\/\/t.co\/SULlPPfQaU\">pic.twitter.com\/SULlPPfQaU<\/a><\/p>&mdash; Thermokineros De \u2764 coraz\u00f3n Oficial (@Thermokineros) <a href=\"https:\/\/twitter.com\/Thermokineros\/status\/1481369566404087812?ref_src=twsrc%5Etfw\">January 12, 2022<\/a><\/blockquote><script async src=\"https:\/\/platform.twitter.com\/widgets.js\" charset=\"utf-8\"><\/script>\n<\/div><\/figure>\n\n\n\n<p>Los conductores fueron puestos a disposici\u00f3n del ministerio p\u00fablico para que determinen su situaci\u00f3n o en su caso lleguen a alg\u00fan acuerdo. <\/p>\n\n\n\n<p>Mientras que las dos mujeres fueron llevadas para su atenci\u00f3n m\u00e9dica.<\/p>\n","protected":false},"excerpt":{"rendered":"<p>OAXACA, Oax. 12 de enero de 2022.- Dos mujeres que resultaron heridas durante un choque en la ciudad de Oaxaca fueron atendidas por param\u00e9dicos y trasladas a distintos hospitales. Se trata de Amalia Benitez Reyes, de 55 a\u00f1os de edad, quien viajaba en el taxi, y fue llevada al hospital del ISSSTE. La segunda pasajera, [&hellip;]<\/p>\n","protected":false},"author":5,"featured_media":8441,"comment_status":"closed","ping_status":"closed","sticky":false,"template":"","format":"standard","meta":{"footnotes":""},"categories":[2],"tags":[],"class_list":{"0":"post-8440","1":"post","2":"type-post","3":"status-publish","4":"format-standard","5":"has-post-thumbnail","7":"category-oaxaca"},"yoast_head":"<!-- This site is optimized with the Yoast SEO plugin v27.4 - https:\/\/yoast.com\/product\/yoast-seo-wordpress\/ -->\n<title>Atienden a dos mujeres heridas por choque en la ciudad de Oaxaca - LA BRAVA RADIO<\/title>\n<meta name=\"robots\" content=\"index, follow, max-snippet:-1, max-image-preview:large, max-video-preview:-1\" \/>\n<link rel=\"canonical\" href=\"https:\/\/www.bbmnoticias.com\/labravaradiofm\/2022\/01\/12\/atienden-a-dos-mujeres-heridas-por-choque-en-la-ciudad-de-oaxaca\/\" \/>\n<meta property=\"og:locale\" content=\"es_MX\" \/>\n<meta property=\"og:type\" content=\"article\" \/>\n<meta property=\"og:title\" content=\"Atienden a dos mujeres heridas por choque en la ciudad de Oaxaca - LA BRAVA RADIO\" \/>\n<meta property=\"og:description\" content=\"OAXACA, Oax. 12 de enero de 2022.- Dos mujeres que resultaron heridas durante un choque en la ciudad de Oaxaca fueron atendidas por param\u00e9dicos y trasladas a distintos hospitales. Se trata de Amalia Benitez Reyes, de 55 a\u00f1os de edad, quien viajaba en el taxi, y fue llevada al hospital del ISSSTE. La segunda pasajera, [&hellip;]\" \/>\n<meta property=\"og:url\" content=\"https:\/\/www.bbmnoticias.com\/labravaradiofm\/2022\/01\/12\/atienden-a-dos-mujeres-heridas-por-choque-en-la-ciudad-de-oaxaca\/\" \/>\n<meta property=\"og:site_name\" content=\"LA BRAVA RADIO\" \/>\n<meta property=\"article:published_time\" content=\"2022-01-12T21:10:05+00:00\" \/>\n<meta property=\"article:modified_time\" content=\"2022-01-12T21:10:07+00:00\" \/>\n<meta property=\"og:image\" content=\"https:\/\/www.bbmnoticias.com\/labravaradiofm\/wp-content\/uploads\/sites\/5\/2022\/01\/choque-taxi-oaxaca.jpg\" \/>\n\t<meta property=\"og:image:width\" content=\"1160\" \/>\n\t<meta property=\"og:image:height\" content=\"700\" \/>\n\t<meta property=\"og:image:type\" content=\"image\/jpeg\" \/>\n<meta name=\"author\" content=\"Quadratin\" \/>\n<meta name=\"twitter:card\" content=\"summary_large_image\" \/>\n<meta name=\"twitter:label1\" content=\"Escrito por\" \/>\n\t<meta name=\"twitter:data1\" content=\"Quadratin\" \/>\n\t<meta name=\"twitter:label2\" content=\"Tiempo de lectura\" \/>\n\t<meta name=\"twitter:data2\" content=\"1 minuto\" \/>\n<script type=\"application\/ld+json\" class=\"yoast-schema-graph\">{\"@context\":\"https:\\\/\\\/schema.org\",\"@graph\":[{\"@type\":\"Article\",\"@id\":\"https:\\\/\\\/www.bbmnoticias.com\\\/labravaradiofm\\\/2022\\\/01\\\/12\\\/atienden-a-dos-mujeres-heridas-por-choque-en-la-ciudad-de-oaxaca\\\/#article\",\"isPartOf\":{\"@id\":\"https:\\\/\\\/www.bbmnoticias.com\\\/labravaradiofm\\\/2022\\\/01\\\/12\\\/atienden-a-dos-mujeres-heridas-por-choque-en-la-ciudad-de-oaxaca\\\/\"},\"author\":{\"name\":\"Quadratin\",\"@id\":\"https:\\\/\\\/www.bbmnoticias.com\\\/labravaradiofm\\\/#\\\/schema\\\/person\\\/b7ad4658f4970d61499e84f6fe178160\"},\"headline\":\"Atienden a dos mujeres heridas por choque en la ciudad de Oaxaca\",\"datePublished\":\"2022-01-12T21:10:05+00:00\",\"dateModified\":\"2022-01-12T21:10:07+00:00\",\"mainEntityOfPage\":{\"@id\":\"https:\\\/\\\/www.bbmnoticias.com\\\/labravaradiofm\\\/2022\\\/01\\\/12\\\/atienden-a-dos-mujeres-heridas-por-choque-en-la-ciudad-de-oaxaca\\\/\"},\"wordCount\":151,\"image\":{\"@id\":\"https:\\\/\\\/www.bbmnoticias.com\\\/labravaradiofm\\\/2022\\\/01\\\/12\\\/atienden-a-dos-mujeres-heridas-por-choque-en-la-ciudad-de-oaxaca\\\/#primaryimage\"},\"thumbnailUrl\":\"https:\\\/\\\/www.bbmnoticias.com\\\/labravaradiofm\\\/wp-content\\\/uploads\\\/sites\\\/5\\\/2022\\\/01\\\/choque-taxi-oaxaca.jpg\",\"articleSection\":[\"LOCAL\"],\"inLanguage\":\"es\"},{\"@type\":\"WebPage\",\"@id\":\"https:\\\/\\\/www.bbmnoticias.com\\\/labravaradiofm\\\/2022\\\/01\\\/12\\\/atienden-a-dos-mujeres-heridas-por-choque-en-la-ciudad-de-oaxaca\\\/\",\"url\":\"https:\\\/\\\/www.bbmnoticias.com\\\/labravaradiofm\\\/2022\\\/01\\\/12\\\/atienden-a-dos-mujeres-heridas-por-choque-en-la-ciudad-de-oaxaca\\\/\",\"name\":\"Atienden a dos mujeres heridas por choque en la ciudad de Oaxaca - LA BRAVA RADIO\",\"isPartOf\":{\"@id\":\"https:\\\/\\\/www.bbmnoticias.com\\\/labravaradiofm\\\/#website\"},\"primaryImageOfPage\":{\"@id\":\"https:\\\/\\\/www.bbmnoticias.com\\\/labravaradiofm\\\/2022\\\/01\\\/12\\\/atienden-a-dos-mujeres-heridas-por-choque-en-la-ciudad-de-oaxaca\\\/#primaryimage\"},\"image\":{\"@id\":\"https:\\\/\\\/www.bbmnoticias.com\\\/labravaradiofm\\\/2022\\\/01\\\/12\\\/atienden-a-dos-mujeres-heridas-por-choque-en-la-ciudad-de-oaxaca\\\/#primaryimage\"},\"thumbnailUrl\":\"https:\\\/\\\/www.bbmnoticias.com\\\/labravaradiofm\\\/wp-content\\\/uploads\\\/sites\\\/5\\\/2022\\\/01\\\/choque-taxi-oaxaca.jpg\",\"datePublished\":\"2022-01-12T21:10:05+00:00\",\"dateModified\":\"2022-01-12T21:10:07+00:00\",\"author\":{\"@id\":\"https:\\\/\\\/www.bbmnoticias.com\\\/labravaradiofm\\\/#\\\/schema\\\/person\\\/b7ad4658f4970d61499e84f6fe178160\"},\"breadcrumb\":{\"@id\":\"https:\\\/\\\/www.bbmnoticias.com\\\/labravaradiofm\\\/2022\\\/01\\\/12\\\/atienden-a-dos-mujeres-heridas-por-choque-en-la-ciudad-de-oaxaca\\\/#breadcrumb\"},\"inLanguage\":\"es\",\"potentialAction\":[{\"@type\":\"ReadAction\",\"target\":[\"https:\\\/\\\/www.bbmnoticias.com\\\/labravaradiofm\\\/2022\\\/01\\\/12\\\/atienden-a-dos-mujeres-heridas-por-choque-en-la-ciudad-de-oaxaca\\\/\"]}]},{\"@type\":\"ImageObject\",\"inLanguage\":\"es\",\"@id\":\"https:\\\/\\\/www.bbmnoticias.com\\\/labravaradiofm\\\/2022\\\/01\\\/12\\\/atienden-a-dos-mujeres-heridas-por-choque-en-la-ciudad-de-oaxaca\\\/#primaryimage\",\"url\":\"https:\\\/\\\/www.bbmnoticias.com\\\/labravaradiofm\\\/wp-content\\\/uploads\\\/sites\\\/5\\\/2022\\\/01\\\/choque-taxi-oaxaca.jpg\",\"contentUrl\":\"https:\\\/\\\/www.bbmnoticias.com\\\/labravaradiofm\\\/wp-content\\\/uploads\\\/sites\\\/5\\\/2022\\\/01\\\/choque-taxi-oaxaca.jpg\",\"width\":1160,\"height\":700},{\"@type\":\"BreadcrumbList\",\"@id\":\"https:\\\/\\\/www.bbmnoticias.com\\\/labravaradiofm\\\/2022\\\/01\\\/12\\\/atienden-a-dos-mujeres-heridas-por-choque-en-la-ciudad-de-oaxaca\\\/#breadcrumb\",\"itemListElement\":[{\"@type\":\"ListItem\",\"position\":1,\"name\":\"Inicio\",\"item\":\"https:\\\/\\\/www.bbmnoticias.com\\\/labravaradiofm\\\/\"},{\"@type\":\"ListItem\",\"position\":2,\"name\":\"Atienden a dos mujeres heridas por choque en la ciudad de Oaxaca\"}]},{\"@type\":\"WebSite\",\"@id\":\"https:\\\/\\\/www.bbmnoticias.com\\\/labravaradiofm\\\/#website\",\"url\":\"https:\\\/\\\/www.bbmnoticias.com\\\/labravaradiofm\\\/\",\"name\":\"LA BRAVA RADIO\",\"description\":\"Empresa productora de medios, Radiodifusi\u00f3n, Noticias, tendencias y todo lo que necesitas saber de la pol\u00edtica mexicana e internacional; entretenimiento, espect\u00e1culos, salud y mucho m\u00e1s.\",\"potentialAction\":[{\"@type\":\"SearchAction\",\"target\":{\"@type\":\"EntryPoint\",\"urlTemplate\":\"https:\\\/\\\/www.bbmnoticias.com\\\/labravaradiofm\\\/?s={search_term_string}\"},\"query-input\":{\"@type\":\"PropertyValueSpecification\",\"valueRequired\":true,\"valueName\":\"search_term_string\"}}],\"inLanguage\":\"es\"},{\"@type\":\"Person\",\"@id\":\"https:\\\/\\\/www.bbmnoticias.com\\\/labravaradiofm\\\/#\\\/schema\\\/person\\\/b7ad4658f4970d61499e84f6fe178160\",\"name\":\"Quadratin\",\"image\":{\"@type\":\"ImageObject\",\"inLanguage\":\"es\",\"@id\":\"https:\\\/\\\/secure.gravatar.com\\\/avatar\\\/34008d7d72488432d6a74f81e839efc9f754b118786ca32cf39d9d5508a68f63?s=96&d=mm&r=g\",\"url\":\"https:\\\/\\\/secure.gravatar.com\\\/avatar\\\/34008d7d72488432d6a74f81e839efc9f754b118786ca32cf39d9d5508a68f63?s=96&d=mm&r=g\",\"contentUrl\":\"https:\\\/\\\/secure.gravatar.com\\\/avatar\\\/34008d7d72488432d6a74f81e839efc9f754b118786ca32cf39d9d5508a68f63?s=96&d=mm&r=g\",\"caption\":\"Quadratin\"},\"url\":\"https:\\\/\\\/www.bbmnoticias.com\\\/labravaradiofm\\\/author\\\/quadratin\\\/\"}]}<\/script>\n<!-- \/ Yoast SEO plugin. -->","yoast_head_json":{"title":"Atienden a dos mujeres heridas por choque en la ciudad de Oaxaca - LA BRAVA RADIO","robots":{"index":"index","follow":"follow","max-snippet":"max-snippet:-1","max-image-preview":"max-image-preview:large","max-video-preview":"max-video-preview:-1"},"canonical":"https:\/\/www.bbmnoticias.com\/labravaradiofm\/2022\/01\/12\/atienden-a-dos-mujeres-heridas-por-choque-en-la-ciudad-de-oaxaca\/","og_locale":"es_MX","og_type":"article","og_title":"Atienden a dos mujeres heridas por choque en la ciudad de Oaxaca - LA BRAVA RADIO","og_description":"OAXACA, Oax. 12 de enero de 2022.- Dos mujeres que resultaron heridas durante un choque en la ciudad de Oaxaca fueron atendidas por param\u00e9dicos y trasladas a distintos hospitales. Se trata de Amalia Benitez Reyes, de 55 a\u00f1os de edad, quien viajaba en el taxi, y fue llevada al hospital del ISSSTE. La segunda pasajera, [&hellip;]","og_url":"https:\/\/www.bbmnoticias.com\/labravaradiofm\/2022\/01\/12\/atienden-a-dos-mujeres-heridas-por-choque-en-la-ciudad-de-oaxaca\/","og_site_name":"LA BRAVA RADIO","article_published_time":"2022-01-12T21:10:05+00:00","article_modified_time":"2022-01-12T21:10:07+00:00","og_image":[{"width":1160,"height":700,"url":"https:\/\/www.bbmnoticias.com\/labravaradiofm\/wp-content\/uploads\/sites\/5\/2022\/01\/choque-taxi-oaxaca.jpg","type":"image\/jpeg"}],"author":"Quadratin","twitter_card":"summary_large_image","twitter_misc":{"Escrito por":"Quadratin","Tiempo de lectura":"1 minuto"},"schema":{"@context":"https:\/\/schema.org","@graph":[{"@type":"Article","@id":"https:\/\/www.bbmnoticias.com\/labravaradiofm\/2022\/01\/12\/atienden-a-dos-mujeres-heridas-por-choque-en-la-ciudad-de-oaxaca\/#article","isPartOf":{"@id":"https:\/\/www.bbmnoticias.com\/labravaradiofm\/2022\/01\/12\/atienden-a-dos-mujeres-heridas-por-choque-en-la-ciudad-de-oaxaca\/"},"author":{"name":"Quadratin","@id":"https:\/\/www.bbmnoticias.com\/labravaradiofm\/#\/schema\/person\/b7ad4658f4970d61499e84f6fe178160"},"headline":"Atienden a dos mujeres heridas por choque en la ciudad de Oaxaca","datePublished":"2022-01-12T21:10:05+00:00","dateModified":"2022-01-12T21:10:07+00:00","mainEntityOfPage":{"@id":"https:\/\/www.bbmnoticias.com\/labravaradiofm\/2022\/01\/12\/atienden-a-dos-mujeres-heridas-por-choque-en-la-ciudad-de-oaxaca\/"},"wordCount":151,"image":{"@id":"https:\/\/www.bbmnoticias.com\/labravaradiofm\/2022\/01\/12\/atienden-a-dos-mujeres-heridas-por-choque-en-la-ciudad-de-oaxaca\/#primaryimage"},"thumbnailUrl":"https:\/\/www.bbmnoticias.com\/labravaradiofm\/wp-content\/uploads\/sites\/5\/2022\/01\/choque-taxi-oaxaca.jpg","articleSection":["LOCAL"],"inLanguage":"es"},{"@type":"WebPage","@id":"https:\/\/www.bbmnoticias.com\/labravaradiofm\/2022\/01\/12\/atienden-a-dos-mujeres-heridas-por-choque-en-la-ciudad-de-oaxaca\/","url":"https:\/\/www.bbmnoticias.com\/labravaradiofm\/2022\/01\/12\/atienden-a-dos-mujeres-heridas-por-choque-en-la-ciudad-de-oaxaca\/","name":"Atienden a dos mujeres heridas por choque en la ciudad de Oaxaca - LA BRAVA RADIO","isPartOf":{"@id":"https:\/\/www.bbmnoticias.com\/labravaradiofm\/#website"},"primaryImageOfPage":{"@id":"https:\/\/www.bbmnoticias.com\/labravaradiofm\/2022\/01\/12\/atienden-a-dos-mujeres-heridas-por-choque-en-la-ciudad-de-oaxaca\/#primaryimage"},"image":{"@id":"https:\/\/www.bbmnoticias.com\/labravaradiofm\/2022\/01\/12\/atienden-a-dos-mujeres-heridas-por-choque-en-la-ciudad-de-oaxaca\/#primaryimage"},"thumbnailUrl":"https:\/\/www.bbmnoticias.com\/labravaradiofm\/wp-content\/uploads\/sites\/5\/2022\/01\/choque-taxi-oaxaca.jpg","datePublished":"2022-01-12T21:10:05+00:00","dateModified":"2022-01-12T21:10:07+00:00","author":{"@id":"https:\/\/www.bbmnoticias.com\/labravaradiofm\/#\/schema\/person\/b7ad4658f4970d61499e84f6fe178160"},"breadcrumb":{"@id":"https:\/\/www.bbmnoticias.com\/labravaradiofm\/2022\/01\/12\/atienden-a-dos-mujeres-heridas-por-choque-en-la-ciudad-de-oaxaca\/#breadcrumb"},"inLanguage":"es","potentialAction":[{"@type":"ReadAction","target":["https:\/\/www.bbmnoticias.com\/labravaradiofm\/2022\/01\/12\/atienden-a-dos-mujeres-heridas-por-choque-en-la-ciudad-de-oaxaca\/"]}]},{"@type":"ImageObject","inLanguage":"es","@id":"https:\/\/www.bbmnoticias.com\/labravaradiofm\/2022\/01\/12\/atienden-a-dos-mujeres-heridas-por-choque-en-la-ciudad-de-oaxaca\/#primaryimage","url":"https:\/\/www.bbmnoticias.com\/labravaradiofm\/wp-content\/uploads\/sites\/5\/2022\/01\/choque-taxi-oaxaca.jpg","contentUrl":"https:\/\/www.bbmnoticias.com\/labravaradiofm\/wp-content\/uploads\/sites\/5\/2022\/01\/choque-taxi-oaxaca.jpg","width":1160,"height":700},{"@type":"BreadcrumbList","@id":"https:\/\/www.bbmnoticias.com\/labravaradiofm\/2022\/01\/12\/atienden-a-dos-mujeres-heridas-por-choque-en-la-ciudad-de-oaxaca\/#breadcrumb","itemListElement":[{"@type":"ListItem","position":1,"name":"Inicio","item":"https:\/\/www.bbmnoticias.com\/labravaradiofm\/"},{"@type":"ListItem","position":2,"name":"Atienden a dos mujeres heridas por choque en la ciudad de Oaxaca"}]},{"@type":"WebSite","@id":"https:\/\/www.bbmnoticias.com\/labravaradiofm\/#website","url":"https:\/\/www.bbmnoticias.com\/labravaradiofm\/","name":"LA BRAVA RADIO","description":"Empresa productora de medios, Radiodifusi\u00f3n, Noticias, tendencias y todo lo que necesitas saber de la pol\u00edtica mexicana e internacional; entretenimiento, espect\u00e1culos, salud y mucho m\u00e1s.","potentialAction":[{"@type":"SearchAction","target":{"@type":"EntryPoint","urlTemplate":"https:\/\/www.bbmnoticias.com\/labravaradiofm\/?s={search_term_string}"},"query-input":{"@type":"PropertyValueSpecification","valueRequired":true,"valueName":"search_term_string"}}],"inLanguage":"es"},{"@type":"Person","@id":"https:\/\/www.bbmnoticias.com\/labravaradiofm\/#\/schema\/person\/b7ad4658f4970d61499e84f6fe178160","name":"Quadratin","image":{"@type":"ImageObject","inLanguage":"es","@id":"https:\/\/secure.gravatar.com\/avatar\/34008d7d72488432d6a74f81e839efc9f754b118786ca32cf39d9d5508a68f63?s=96&d=mm&r=g","url":"https:\/\/secure.gravatar.com\/avatar\/34008d7d72488432d6a74f81e839efc9f754b118786ca32cf39d9d5508a68f63?s=96&d=mm&r=g","contentUrl":"https:\/\/secure.gravatar.com\/avatar\/34008d7d72488432d6a74f81e839efc9f754b118786ca32cf39d9d5508a68f63?s=96&d=mm&r=g","caption":"Quadratin"},"url":"https:\/\/www.bbmnoticias.com\/labravaradiofm\/author\/quadratin\/"}]}},"_links":{"self":[{"href":"https:\/\/www.bbmnoticias.com\/labravaradiofm\/wp-json\/wp\/v2\/posts\/8440","targetHints":{"allow":["GET"]}}],"collection":[{"href":"https:\/\/www.bbmnoticias.com\/labravaradiofm\/wp-json\/wp\/v2\/posts"}],"about":[{"href":"https:\/\/www.bbmnoticias.com\/labravaradiofm\/wp-json\/wp\/v2\/types\/post"}],"author":[{"embeddable":true,"href":"https:\/\/www.bbmnoticias.com\/labravaradiofm\/wp-json\/wp\/v2\/users\/5"}],"replies":[{"embeddable":true,"href":"https:\/\/www.bbmnoticias.com\/labravaradiofm\/wp-json\/wp\/v2\/comments?post=8440"}],"version-history":[{"count":0,"href":"https:\/\/www.bbmnoticias.com\/labravaradiofm\/wp-json\/wp\/v2\/posts\/8440\/revisions"}],"wp:featuredmedia":[{"embeddable":true,"href":"https:\/\/www.bbmnoticias.com\/labravaradiofm\/wp-json\/wp\/v2\/media\/8441"}],"wp:attachment":[{"href":"https:\/\/www.bbmnoticias.com\/labravaradiofm\/wp-json\/wp\/v2\/media?parent=8440"}],"wp:term":[{"taxonomy":"category","embeddable":true,"href":"https:\/\/www.bbmnoticias.com\/labravaradiofm\/wp-json\/wp\/v2\/categories?post=8440"},{"taxonomy":"post_tag","embeddable":true,"href":"https:\/\/www.bbmnoticias.com\/labravaradiofm\/wp-json\/wp\/v2\/tags?post=8440"}],"curies":[{"name":"wp","href":"https:\/\/api.w.org\/{rel}","templated":true}]}}