{"id":8431,"date":"2022-01-12T11:18:38","date_gmt":"2022-01-12T17:18:38","guid":{"rendered":"https:\/\/www.bbmnoticias.com\/labravaradiofm\/?p=8431"},"modified":"2022-01-12T11:18:39","modified_gmt":"2022-01-12T17:18:39","slug":"capacita-sso-a-segego-sobre-las-redes-integradas-de-servicios-de-salud","status":"publish","type":"post","link":"https:\/\/www.bbmnoticias.com\/labravaradiofm\/2022\/01\/12\/capacita-sso-a-segego-sobre-las-redes-integradas-de-servicios-de-salud\/","title":{"rendered":"Capacita SSO a Segego sobre las Redes Integradas de Servicios de Salud"},"content":{"rendered":"<div style=\"margin-top: 0px; margin-bottom: 0px;\" class=\"sharethis-inline-share-buttons\" ><\/div>\n<p>Como parte de la implementaci\u00f3n del Modelo de Salud para el Bienestar (SABI) y en congruencia con lo previsto en el Plan Nacional de Desarrollo 2019-2024, as\u00ed como el Programa Sectorial de Salud 2020-2024, los Servicios de Salud de Oaxaca (SSO) realizaron en sinergia con la Secretar\u00eda General de Gobierno (Segego) la capacitaci\u00f3n de 44 Coordinadores de Atenci\u00f3n Regional de esta dependencia estatal.<\/p>\n\n\n\n<p>La capacitaci\u00f3n en esta materia la inaugur\u00f3 el Secretario de Salud, Juan Carlos M\u00e1rquez Heine y tambi\u00e9n cont\u00f3 con la participaci\u00f3n del Titular de la Segego, Francisco Javier Garc\u00eda L\u00f3pez, con el objetivo de dar a conocer el funcionamiento de las Redes Integradas de Servicios de Salud (RISS), para que a su vez, las y los Coordinadores de Atenci\u00f3n Regional brinden esta informaci\u00f3n a las 570 autoridades municipales de la entidad<\/p>\n\n\n\n<p>En su intervenci\u00f3n, M\u00e1rquez Heine, reconoci\u00f3 la suma de esfuerzos de todas las instituciones que forman parte de la Segego en materia de salud por trabajar de la mano con sus colaboradores, y en un segundo momento, convocar a las autoridades municipales para que en el \u00e1mbito de sus competencias y atribuciones implementen acciones focalizadas en la Atenci\u00f3n Primaria de Salud (APS) a trav\u00e9s de las RISS.<\/p>\n\n\n\n<p>\u201cEl involucramiento de las autoridades municipales en la salud de las comunidades, fortalecer el sistema de vigilancia epidemiol\u00f3gica, entre otros m\u00e1s, con el fin de satisfacer las necesidades sanitarias, velando que las personas reciban una atenci\u00f3n integral desde la promoci\u00f3n, prevenci\u00f3n, hasta el tratamiento y cuidados paliativos\u201d, subray\u00f3.<\/p>\n\n\n\n<p>El funcionario explic\u00f3 que la finalidad de las RISS es articular los tres niveles de atenci\u00f3n y con ello garantizar por medio del Estado la protecci\u00f3n a la salud bajo los criterios de universalidad e igualdad, donde las personas de todas las edades y en toda la geograf\u00eda del pa\u00eds \u2013sin excepci\u00f3n de ninguna clase- reciban servicios gratuitos, con un manejo eficiente de los recursos humanos, as\u00ed como la conservaci\u00f3n y mantenimiento de la infraestructura existente en sus tres niveles de atenci\u00f3n, de manera digna y oportuna, con calidad y eficiencia.<\/p>\n\n\n\n<p>Al respecto precis\u00f3 que al concluir el 2021 fueron instaladas 42 RISS, lo equivalente al 100% de las consideradas durante el a\u00f1o en las seis Jurisdicciones Sanitarias de los SSO, mejorando con ello, la comunicaci\u00f3n entre las Unidades M\u00e9dicas del Sector Salud del territorio estatal para una atenci\u00f3n oportuna hacia la poblaci\u00f3n.<\/p>\n\n\n\n<p>Cabe destacar que esta actividad cont\u00f3 con la activa participaci\u00f3n del Instituto Mexicano del Seguro Social (IMSS) r\u00e9gimen Bienestar.<\/p>\n","protected":false},"excerpt":{"rendered":"<p>Como parte de la implementaci\u00f3n del Modelo de Salud para el Bienestar (SABI) y en congruencia con lo previsto en el Plan Nacional de Desarrollo 2019-2024, as\u00ed como el Programa Sectorial de Salud 2020-2024, los Servicios de Salud de Oaxaca (SSO) realizaron en sinergia con la Secretar\u00eda General de Gobierno (Segego) la capacitaci\u00f3n de 44 [&hellip;]<\/p>\n","protected":false},"author":2,"featured_media":8432,"comment_status":"closed","ping_status":"closed","sticky":false,"template":"","format":"standard","meta":{"footnotes":""},"categories":[2],"tags":[],"class_list":{"0":"post-8431","1":"post","2":"type-post","3":"status-publish","4":"format-standard","5":"has-post-thumbnail","7":"category-oaxaca"},"yoast_head":"<!-- This site is optimized with the Yoast SEO plugin v27.4 - https:\/\/yoast.com\/product\/yoast-seo-wordpress\/ -->\n<title>Capacita SSO a Segego sobre las Redes Integradas de Servicios de Salud - LA BRAVA RADIO<\/title>\n<meta name=\"robots\" content=\"index, follow, max-snippet:-1, max-image-preview:large, max-video-preview:-1\" \/>\n<link rel=\"canonical\" href=\"https:\/\/www.bbmnoticias.com\/labravaradiofm\/2022\/01\/12\/capacita-sso-a-segego-sobre-las-redes-integradas-de-servicios-de-salud\/\" \/>\n<meta property=\"og:locale\" content=\"es_MX\" \/>\n<meta property=\"og:type\" content=\"article\" \/>\n<meta property=\"og:title\" content=\"Capacita SSO a Segego sobre las Redes Integradas de Servicios de Salud - LA BRAVA RADIO\" \/>\n<meta property=\"og:description\" content=\"Como parte de la implementaci\u00f3n del Modelo de Salud para el Bienestar (SABI) y en congruencia con lo previsto en el Plan Nacional de Desarrollo 2019-2024, as\u00ed como el Programa Sectorial de Salud 2020-2024, los Servicios de Salud de Oaxaca (SSO) realizaron en sinergia con la Secretar\u00eda General de Gobierno (Segego) la capacitaci\u00f3n de 44 [&hellip;]\" \/>\n<meta property=\"og:url\" content=\"https:\/\/www.bbmnoticias.com\/labravaradiofm\/2022\/01\/12\/capacita-sso-a-segego-sobre-las-redes-integradas-de-servicios-de-salud\/\" \/>\n<meta property=\"og:site_name\" content=\"LA BRAVA RADIO\" \/>\n<meta property=\"article:published_time\" content=\"2022-01-12T17:18:38+00:00\" \/>\n<meta property=\"article:modified_time\" content=\"2022-01-12T17:18:39+00:00\" \/>\n<meta property=\"og:image\" content=\"https:\/\/www.bbmnoticias.com\/labravaradiofm\/wp-content\/uploads\/sites\/5\/2022\/01\/l12022022-2.jpg\" \/>\n\t<meta property=\"og:image:width\" content=\"1268\" \/>\n\t<meta property=\"og:image:height\" content=\"720\" \/>\n\t<meta property=\"og:image:type\" content=\"image\/jpeg\" \/>\n<meta name=\"author\" content=\"Staff\" \/>\n<meta name=\"twitter:card\" content=\"summary_large_image\" \/>\n<meta name=\"twitter:label1\" content=\"Escrito por\" \/>\n\t<meta name=\"twitter:data1\" content=\"Staff\" \/>\n\t<meta name=\"twitter:label2\" content=\"Tiempo de lectura\" \/>\n\t<meta name=\"twitter:data2\" content=\"2 minutos\" \/>\n<script type=\"application\/ld+json\" class=\"yoast-schema-graph\">{\"@context\":\"https:\\\/\\\/schema.org\",\"@graph\":[{\"@type\":\"Article\",\"@id\":\"https:\\\/\\\/www.bbmnoticias.com\\\/labravaradiofm\\\/2022\\\/01\\\/12\\\/capacita-sso-a-segego-sobre-las-redes-integradas-de-servicios-de-salud\\\/#article\",\"isPartOf\":{\"@id\":\"https:\\\/\\\/www.bbmnoticias.com\\\/labravaradiofm\\\/2022\\\/01\\\/12\\\/capacita-sso-a-segego-sobre-las-redes-integradas-de-servicios-de-salud\\\/\"},\"author\":{\"name\":\"Staff\",\"@id\":\"https:\\\/\\\/www.bbmnoticias.com\\\/labravaradiofm\\\/#\\\/schema\\\/person\\\/68a9e9036ef3c5b55aeb2b71dc8bab45\"},\"headline\":\"Capacita SSO a Segego sobre las Redes Integradas de Servicios de Salud\",\"datePublished\":\"2022-01-12T17:18:38+00:00\",\"dateModified\":\"2022-01-12T17:18:39+00:00\",\"mainEntityOfPage\":{\"@id\":\"https:\\\/\\\/www.bbmnoticias.com\\\/labravaradiofm\\\/2022\\\/01\\\/12\\\/capacita-sso-a-segego-sobre-las-redes-integradas-de-servicios-de-salud\\\/\"},\"wordCount\":453,\"image\":{\"@id\":\"https:\\\/\\\/www.bbmnoticias.com\\\/labravaradiofm\\\/2022\\\/01\\\/12\\\/capacita-sso-a-segego-sobre-las-redes-integradas-de-servicios-de-salud\\\/#primaryimage\"},\"thumbnailUrl\":\"https:\\\/\\\/www.bbmnoticias.com\\\/labravaradiofm\\\/wp-content\\\/uploads\\\/sites\\\/5\\\/2022\\\/01\\\/l12022022-2.jpg\",\"articleSection\":[\"LOCAL\"],\"inLanguage\":\"es\"},{\"@type\":\"WebPage\",\"@id\":\"https:\\\/\\\/www.bbmnoticias.com\\\/labravaradiofm\\\/2022\\\/01\\\/12\\\/capacita-sso-a-segego-sobre-las-redes-integradas-de-servicios-de-salud\\\/\",\"url\":\"https:\\\/\\\/www.bbmnoticias.com\\\/labravaradiofm\\\/2022\\\/01\\\/12\\\/capacita-sso-a-segego-sobre-las-redes-integradas-de-servicios-de-salud\\\/\",\"name\":\"Capacita SSO a Segego sobre las Redes Integradas de Servicios de Salud - LA BRAVA RADIO\",\"isPartOf\":{\"@id\":\"https:\\\/\\\/www.bbmnoticias.com\\\/labravaradiofm\\\/#website\"},\"primaryImageOfPage\":{\"@id\":\"https:\\\/\\\/www.bbmnoticias.com\\\/labravaradiofm\\\/2022\\\/01\\\/12\\\/capacita-sso-a-segego-sobre-las-redes-integradas-de-servicios-de-salud\\\/#primaryimage\"},\"image\":{\"@id\":\"https:\\\/\\\/www.bbmnoticias.com\\\/labravaradiofm\\\/2022\\\/01\\\/12\\\/capacita-sso-a-segego-sobre-las-redes-integradas-de-servicios-de-salud\\\/#primaryimage\"},\"thumbnailUrl\":\"https:\\\/\\\/www.bbmnoticias.com\\\/labravaradiofm\\\/wp-content\\\/uploads\\\/sites\\\/5\\\/2022\\\/01\\\/l12022022-2.jpg\",\"datePublished\":\"2022-01-12T17:18:38+00:00\",\"dateModified\":\"2022-01-12T17:18:39+00:00\",\"author\":{\"@id\":\"https:\\\/\\\/www.bbmnoticias.com\\\/labravaradiofm\\\/#\\\/schema\\\/person\\\/68a9e9036ef3c5b55aeb2b71dc8bab45\"},\"breadcrumb\":{\"@id\":\"https:\\\/\\\/www.bbmnoticias.com\\\/labravaradiofm\\\/2022\\\/01\\\/12\\\/capacita-sso-a-segego-sobre-las-redes-integradas-de-servicios-de-salud\\\/#breadcrumb\"},\"inLanguage\":\"es\",\"potentialAction\":[{\"@type\":\"ReadAction\",\"target\":[\"https:\\\/\\\/www.bbmnoticias.com\\\/labravaradiofm\\\/2022\\\/01\\\/12\\\/capacita-sso-a-segego-sobre-las-redes-integradas-de-servicios-de-salud\\\/\"]}]},{\"@type\":\"ImageObject\",\"inLanguage\":\"es\",\"@id\":\"https:\\\/\\\/www.bbmnoticias.com\\\/labravaradiofm\\\/2022\\\/01\\\/12\\\/capacita-sso-a-segego-sobre-las-redes-integradas-de-servicios-de-salud\\\/#primaryimage\",\"url\":\"https:\\\/\\\/www.bbmnoticias.com\\\/labravaradiofm\\\/wp-content\\\/uploads\\\/sites\\\/5\\\/2022\\\/01\\\/l12022022-2.jpg\",\"contentUrl\":\"https:\\\/\\\/www.bbmnoticias.com\\\/labravaradiofm\\\/wp-content\\\/uploads\\\/sites\\\/5\\\/2022\\\/01\\\/l12022022-2.jpg\",\"width\":1268,\"height\":720},{\"@type\":\"BreadcrumbList\",\"@id\":\"https:\\\/\\\/www.bbmnoticias.com\\\/labravaradiofm\\\/2022\\\/01\\\/12\\\/capacita-sso-a-segego-sobre-las-redes-integradas-de-servicios-de-salud\\\/#breadcrumb\",\"itemListElement\":[{\"@type\":\"ListItem\",\"position\":1,\"name\":\"Inicio\",\"item\":\"https:\\\/\\\/www.bbmnoticias.com\\\/labravaradiofm\\\/\"},{\"@type\":\"ListItem\",\"position\":2,\"name\":\"Capacita SSO a Segego sobre las Redes Integradas de Servicios de Salud\"}]},{\"@type\":\"WebSite\",\"@id\":\"https:\\\/\\\/www.bbmnoticias.com\\\/labravaradiofm\\\/#website\",\"url\":\"https:\\\/\\\/www.bbmnoticias.com\\\/labravaradiofm\\\/\",\"name\":\"LA BRAVA RADIO\",\"description\":\"Empresa productora de medios, Radiodifusi\u00f3n, Noticias, tendencias y todo lo que necesitas saber de la pol\u00edtica mexicana e internacional; entretenimiento, espect\u00e1culos, salud y mucho m\u00e1s.\",\"potentialAction\":[{\"@type\":\"SearchAction\",\"target\":{\"@type\":\"EntryPoint\",\"urlTemplate\":\"https:\\\/\\\/www.bbmnoticias.com\\\/labravaradiofm\\\/?s={search_term_string}\"},\"query-input\":{\"@type\":\"PropertyValueSpecification\",\"valueRequired\":true,\"valueName\":\"search_term_string\"}}],\"inLanguage\":\"es\"},{\"@type\":\"Person\",\"@id\":\"https:\\\/\\\/www.bbmnoticias.com\\\/labravaradiofm\\\/#\\\/schema\\\/person\\\/68a9e9036ef3c5b55aeb2b71dc8bab45\",\"name\":\"Staff\",\"image\":{\"@type\":\"ImageObject\",\"inLanguage\":\"es\",\"@id\":\"https:\\\/\\\/secure.gravatar.com\\\/avatar\\\/fdd21ad66fd8b98c407f9dee5b5e588cfe7f0d8579ec20fa6527cd59bab7f0f0?s=96&d=mm&r=g\",\"url\":\"https:\\\/\\\/secure.gravatar.com\\\/avatar\\\/fdd21ad66fd8b98c407f9dee5b5e588cfe7f0d8579ec20fa6527cd59bab7f0f0?s=96&d=mm&r=g\",\"contentUrl\":\"https:\\\/\\\/secure.gravatar.com\\\/avatar\\\/fdd21ad66fd8b98c407f9dee5b5e588cfe7f0d8579ec20fa6527cd59bab7f0f0?s=96&d=mm&r=g\",\"caption\":\"Staff\"},\"url\":\"https:\\\/\\\/www.bbmnoticias.com\\\/labravaradiofm\\\/author\\\/redaccion\\\/\"}]}<\/script>\n<!-- \/ Yoast SEO plugin. -->","yoast_head_json":{"title":"Capacita SSO a Segego sobre las Redes Integradas de Servicios de Salud - LA BRAVA RADIO","robots":{"index":"index","follow":"follow","max-snippet":"max-snippet:-1","max-image-preview":"max-image-preview:large","max-video-preview":"max-video-preview:-1"},"canonical":"https:\/\/www.bbmnoticias.com\/labravaradiofm\/2022\/01\/12\/capacita-sso-a-segego-sobre-las-redes-integradas-de-servicios-de-salud\/","og_locale":"es_MX","og_type":"article","og_title":"Capacita SSO a Segego sobre las Redes Integradas de Servicios de Salud - LA BRAVA RADIO","og_description":"Como parte de la implementaci\u00f3n del Modelo de Salud para el Bienestar (SABI) y en congruencia con lo previsto en el Plan Nacional de Desarrollo 2019-2024, as\u00ed como el Programa Sectorial de Salud 2020-2024, los Servicios de Salud de Oaxaca (SSO) realizaron en sinergia con la Secretar\u00eda General de Gobierno (Segego) la capacitaci\u00f3n de 44 [&hellip;]","og_url":"https:\/\/www.bbmnoticias.com\/labravaradiofm\/2022\/01\/12\/capacita-sso-a-segego-sobre-las-redes-integradas-de-servicios-de-salud\/","og_site_name":"LA BRAVA RADIO","article_published_time":"2022-01-12T17:18:38+00:00","article_modified_time":"2022-01-12T17:18:39+00:00","og_image":[{"width":1268,"height":720,"url":"https:\/\/www.bbmnoticias.com\/labravaradiofm\/wp-content\/uploads\/sites\/5\/2022\/01\/l12022022-2.jpg","type":"image\/jpeg"}],"author":"Staff","twitter_card":"summary_large_image","twitter_misc":{"Escrito por":"Staff","Tiempo de lectura":"2 minutos"},"schema":{"@context":"https:\/\/schema.org","@graph":[{"@type":"Article","@id":"https:\/\/www.bbmnoticias.com\/labravaradiofm\/2022\/01\/12\/capacita-sso-a-segego-sobre-las-redes-integradas-de-servicios-de-salud\/#article","isPartOf":{"@id":"https:\/\/www.bbmnoticias.com\/labravaradiofm\/2022\/01\/12\/capacita-sso-a-segego-sobre-las-redes-integradas-de-servicios-de-salud\/"},"author":{"name":"Staff","@id":"https:\/\/www.bbmnoticias.com\/labravaradiofm\/#\/schema\/person\/68a9e9036ef3c5b55aeb2b71dc8bab45"},"headline":"Capacita SSO a Segego sobre las Redes Integradas de Servicios de Salud","datePublished":"2022-01-12T17:18:38+00:00","dateModified":"2022-01-12T17:18:39+00:00","mainEntityOfPage":{"@id":"https:\/\/www.bbmnoticias.com\/labravaradiofm\/2022\/01\/12\/capacita-sso-a-segego-sobre-las-redes-integradas-de-servicios-de-salud\/"},"wordCount":453,"image":{"@id":"https:\/\/www.bbmnoticias.com\/labravaradiofm\/2022\/01\/12\/capacita-sso-a-segego-sobre-las-redes-integradas-de-servicios-de-salud\/#primaryimage"},"thumbnailUrl":"https:\/\/www.bbmnoticias.com\/labravaradiofm\/wp-content\/uploads\/sites\/5\/2022\/01\/l12022022-2.jpg","articleSection":["LOCAL"],"inLanguage":"es"},{"@type":"WebPage","@id":"https:\/\/www.bbmnoticias.com\/labravaradiofm\/2022\/01\/12\/capacita-sso-a-segego-sobre-las-redes-integradas-de-servicios-de-salud\/","url":"https:\/\/www.bbmnoticias.com\/labravaradiofm\/2022\/01\/12\/capacita-sso-a-segego-sobre-las-redes-integradas-de-servicios-de-salud\/","name":"Capacita SSO a Segego sobre las Redes Integradas de Servicios de Salud - LA BRAVA RADIO","isPartOf":{"@id":"https:\/\/www.bbmnoticias.com\/labravaradiofm\/#website"},"primaryImageOfPage":{"@id":"https:\/\/www.bbmnoticias.com\/labravaradiofm\/2022\/01\/12\/capacita-sso-a-segego-sobre-las-redes-integradas-de-servicios-de-salud\/#primaryimage"},"image":{"@id":"https:\/\/www.bbmnoticias.com\/labravaradiofm\/2022\/01\/12\/capacita-sso-a-segego-sobre-las-redes-integradas-de-servicios-de-salud\/#primaryimage"},"thumbnailUrl":"https:\/\/www.bbmnoticias.com\/labravaradiofm\/wp-content\/uploads\/sites\/5\/2022\/01\/l12022022-2.jpg","datePublished":"2022-01-12T17:18:38+00:00","dateModified":"2022-01-12T17:18:39+00:00","author":{"@id":"https:\/\/www.bbmnoticias.com\/labravaradiofm\/#\/schema\/person\/68a9e9036ef3c5b55aeb2b71dc8bab45"},"breadcrumb":{"@id":"https:\/\/www.bbmnoticias.com\/labravaradiofm\/2022\/01\/12\/capacita-sso-a-segego-sobre-las-redes-integradas-de-servicios-de-salud\/#breadcrumb"},"inLanguage":"es","potentialAction":[{"@type":"ReadAction","target":["https:\/\/www.bbmnoticias.com\/labravaradiofm\/2022\/01\/12\/capacita-sso-a-segego-sobre-las-redes-integradas-de-servicios-de-salud\/"]}]},{"@type":"ImageObject","inLanguage":"es","@id":"https:\/\/www.bbmnoticias.com\/labravaradiofm\/2022\/01\/12\/capacita-sso-a-segego-sobre-las-redes-integradas-de-servicios-de-salud\/#primaryimage","url":"https:\/\/www.bbmnoticias.com\/labravaradiofm\/wp-content\/uploads\/sites\/5\/2022\/01\/l12022022-2.jpg","contentUrl":"https:\/\/www.bbmnoticias.com\/labravaradiofm\/wp-content\/uploads\/sites\/5\/2022\/01\/l12022022-2.jpg","width":1268,"height":720},{"@type":"BreadcrumbList","@id":"https:\/\/www.bbmnoticias.com\/labravaradiofm\/2022\/01\/12\/capacita-sso-a-segego-sobre-las-redes-integradas-de-servicios-de-salud\/#breadcrumb","itemListElement":[{"@type":"ListItem","position":1,"name":"Inicio","item":"https:\/\/www.bbmnoticias.com\/labravaradiofm\/"},{"@type":"ListItem","position":2,"name":"Capacita SSO a Segego sobre las Redes Integradas de Servicios de Salud"}]},{"@type":"WebSite","@id":"https:\/\/www.bbmnoticias.com\/labravaradiofm\/#website","url":"https:\/\/www.bbmnoticias.com\/labravaradiofm\/","name":"LA BRAVA RADIO","description":"Empresa productora de medios, Radiodifusi\u00f3n, Noticias, tendencias y todo lo que necesitas saber de la pol\u00edtica mexicana e internacional; entretenimiento, espect\u00e1culos, salud y mucho m\u00e1s.","potentialAction":[{"@type":"SearchAction","target":{"@type":"EntryPoint","urlTemplate":"https:\/\/www.bbmnoticias.com\/labravaradiofm\/?s={search_term_string}"},"query-input":{"@type":"PropertyValueSpecification","valueRequired":true,"valueName":"search_term_string"}}],"inLanguage":"es"},{"@type":"Person","@id":"https:\/\/www.bbmnoticias.com\/labravaradiofm\/#\/schema\/person\/68a9e9036ef3c5b55aeb2b71dc8bab45","name":"Staff","image":{"@type":"ImageObject","inLanguage":"es","@id":"https:\/\/secure.gravatar.com\/avatar\/fdd21ad66fd8b98c407f9dee5b5e588cfe7f0d8579ec20fa6527cd59bab7f0f0?s=96&d=mm&r=g","url":"https:\/\/secure.gravatar.com\/avatar\/fdd21ad66fd8b98c407f9dee5b5e588cfe7f0d8579ec20fa6527cd59bab7f0f0?s=96&d=mm&r=g","contentUrl":"https:\/\/secure.gravatar.com\/avatar\/fdd21ad66fd8b98c407f9dee5b5e588cfe7f0d8579ec20fa6527cd59bab7f0f0?s=96&d=mm&r=g","caption":"Staff"},"url":"https:\/\/www.bbmnoticias.com\/labravaradiofm\/author\/redaccion\/"}]}},"_links":{"self":[{"href":"https:\/\/www.bbmnoticias.com\/labravaradiofm\/wp-json\/wp\/v2\/posts\/8431","targetHints":{"allow":["GET"]}}],"collection":[{"href":"https:\/\/www.bbmnoticias.com\/labravaradiofm\/wp-json\/wp\/v2\/posts"}],"about":[{"href":"https:\/\/www.bbmnoticias.com\/labravaradiofm\/wp-json\/wp\/v2\/types\/post"}],"author":[{"embeddable":true,"href":"https:\/\/www.bbmnoticias.com\/labravaradiofm\/wp-json\/wp\/v2\/users\/2"}],"replies":[{"embeddable":true,"href":"https:\/\/www.bbmnoticias.com\/labravaradiofm\/wp-json\/wp\/v2\/comments?post=8431"}],"version-history":[{"count":0,"href":"https:\/\/www.bbmnoticias.com\/labravaradiofm\/wp-json\/wp\/v2\/posts\/8431\/revisions"}],"wp:featuredmedia":[{"embeddable":true,"href":"https:\/\/www.bbmnoticias.com\/labravaradiofm\/wp-json\/wp\/v2\/media\/8432"}],"wp:attachment":[{"href":"https:\/\/www.bbmnoticias.com\/labravaradiofm\/wp-json\/wp\/v2\/media?parent=8431"}],"wp:term":[{"taxonomy":"category","embeddable":true,"href":"https:\/\/www.bbmnoticias.com\/labravaradiofm\/wp-json\/wp\/v2\/categories?post=8431"},{"taxonomy":"post_tag","embeddable":true,"href":"https:\/\/www.bbmnoticias.com\/labravaradiofm\/wp-json\/wp\/v2\/tags?post=8431"}],"curies":[{"name":"wp","href":"https:\/\/api.w.org\/{rel}","templated":true}]}}