{"id":8428,"date":"2022-01-12T10:38:34","date_gmt":"2022-01-12T16:38:34","guid":{"rendered":"https:\/\/www.bbmnoticias.com\/labravaradiofm\/?p=8428"},"modified":"2022-01-12T10:38:36","modified_gmt":"2022-01-12T16:38:36","slug":"13-5-millones-de-personas-consumen-lena-o-carbon-en-el-hogar-senal-de-pobreza-energetica","status":"publish","type":"post","link":"https:\/\/www.bbmnoticias.com\/labravaradiofm\/2022\/01\/12\/13-5-millones-de-personas-consumen-lena-o-carbon-en-el-hogar-senal-de-pobreza-energetica\/","title":{"rendered":"13.5 millones de personas consumen le\u00f1a o carb\u00f3n en el hogar, se\u00f1al de pobreza energ\u00e9tica"},"content":{"rendered":"<div style=\"margin-top: 0px; margin-bottom: 0px;\" class=\"sharethis-inline-share-buttons\" ><\/div>\n<p>De acuerdo con el Inegi, <strong>4.8 millones de hogares mexicanos consumen le\u00f1a o carb\u00f3n para calentar agua y alimentos <\/strong>y s\u00f3lo la cuarta parte cuenta de ellos cuentan con una chimenea o ducto para expulsar el humo, lo que implica que <strong>3.6 millones de hogares \u2013equivalentes a 12 millones de personas\u2013 viven con alto riesgo de intoxicaci\u00f3n<\/strong>. Esta situaci\u00f3n se acrecienta en los hogares con menores ingresos y est\u00e1 estrechamente relacionado con el EPOC, una de las principales causas de muerte en M\u00e9xico: el 57.6% de las personas con esta enfermedad estuvo expuesta al humo de le\u00f1a, el resto de los padecimientos se relacionan m\u00e1s con el tabaquismo.<br><br>Estos datos dan cuenta de algunas de las consecuencias m\u00e1s graves de un fen\u00f3meno que aqueja a millones en M\u00e9xico, pero que es muy poco estudiado por autoridades y especialistas por igual: la pobreza energ\u00e9tica. M\u00e9xico Eval\u00faa ha publicado un estudio con el que busca comenzar a llenar los vac\u00edos de informaci\u00f3n y orientar la toma de decisiones en materia energ\u00e9tica. La organizaci\u00f3n de la sociedad civil entiende que <strong>el derecho a la energ\u00eda limpia, segura y eficiente debe ser reconocido como un puente que lleva al ejercicio eficaz de otros derechos<\/strong>, como el goce de vivienda digna, educaci\u00f3n, salud, equidad de g\u00e9nero, comunicaci\u00f3n y un medio ambiente sano.<br><br>El estudio demuestra, entre otros datos, que <strong>las afectaciones causadas por pobreza energ\u00e9tica son distintas en hombres y en mujeres<\/strong>: la EPOC es la novena causa de muerte para los hombres en M\u00e9xico, quienes registran los m\u00e1s altos niveles de tabaquismo. Por otro lado, para las mujeres dicha enfermedad es la s\u00e9ptima causa de muerte. Esto, explican, se debe probablemente a que si bien las mujeres no son las que m\u00e1s padecen tabaquismo, s\u00ed son las que m\u00e1s tiempo permanecen al interior del hogar. En promedio, esta enfermedad registra cerca de 24 mil fallecimientos anuales a nivel nacional.<br><br>Tras una revisi\u00f3n exhaustiva del marco jur\u00eddico mexicano, la investigaci\u00f3n describe que el Programa Sectorial de Energ\u00eda (Prosener) 2020-2024 es <strong>el \u00fanico documento en M\u00e9xico en donde se retoma el t\u00e9rmino pobreza energ\u00e9tica<\/strong>. Tal programa calcula que al cierre de 2018 el 98.75% de la poblaci\u00f3n nacional ten\u00eda acceso a la energ\u00eda el\u00e9ctrica, por lo que alrededor de <strong>dos millones de personas est\u00e1n privadas del servicio<\/strong>. Para abatir este rezago, el documento enfatiza que deben sumarse esfuerzos entre los tres \u00f3rdenes de gobierno, la industria el\u00e9ctrica y la sociedad civil, y recomienda realizar proyectos de autoconsumo mediante energ\u00edas renovables. Esta propuesta, explica el estudio, es un buen primer paso, pero un problema multidimensional de la extensi\u00f3n de la pobreza energ\u00e9tica requiere esfuerzos mayores para combatirla.<br><br>M\u00e9xico Eval\u00faa hace un llamado a <strong>impulsar el di\u00e1logo entre distintos tomadores de decisi\u00f3n para lograr que la pobreza energ\u00e9tica sea reconocida en la Constituci\u00f3n<\/strong> y definida en las leyes secundarias, y que su soluci\u00f3n sea normada mediante reglas flexibles y abiertas, susceptibles de ser implementadas por los estados y municipios, seg\u00fan sus necesidades.<br><br>Para abatir este problema, <strong>M\u00e9xico Eval\u00faa recomienda mejorar los sistemas de informaci\u00f3n energ\u00e9tica, explorar la creaci\u00f3n de sistemas descentralizados de generaci\u00f3n el\u00e9ctrica<\/strong>, enfocados a la satisfacci\u00f3n de poblaciones vulnerables a trav\u00e9s de inversi\u00f3n privada en sinergia con distintos niveles de gobierno, as\u00ed como <strong>fomentar la participaci\u00f3n de organizaciones no gubernamentales en la capacitaci\u00f3n y organizaci\u00f3n de las comunidades<\/strong>, que a su vez elijan representantes para influir sobre las decisiones energ\u00e9ticas a nivel local, mediante un contacto eficaz con las autoridades municipales.<\/p>\n\n\n\n<p><a href=\"https:\/\/www.mexicoevalua.org\/mexicoevalua\/wp-content\/uploads\/sites\/5\/2021\/12\/pobreza-energetica-ok.pdf\" target=\"_blank\" rel=\"noreferrer noopener\">Consulta el estudio<\/a><\/p>\n","protected":false},"excerpt":{"rendered":"<p>De acuerdo con el Inegi, 4.8 millones de hogares mexicanos consumen le\u00f1a o carb\u00f3n para calentar agua y alimentos y s\u00f3lo la cuarta parte cuenta de ellos cuentan con una chimenea o ducto para expulsar el humo, lo que implica que 3.6 millones de hogares \u2013equivalentes a 12 millones de personas\u2013 viven con alto riesgo [&hellip;]<\/p>\n","protected":false},"author":2,"featured_media":8429,"comment_status":"closed","ping_status":"closed","sticky":false,"template":"","format":"standard","meta":{"footnotes":""},"categories":[19],"tags":[],"class_list":{"0":"post-8428","1":"post","2":"type-post","3":"status-publish","4":"format-standard","5":"has-post-thumbnail","7":"category-nacional"},"yoast_head":"<!-- This site is optimized with the Yoast SEO plugin v27.4 - https:\/\/yoast.com\/product\/yoast-seo-wordpress\/ -->\n<title>13.5 millones de personas consumen le\u00f1a o carb\u00f3n en el hogar, se\u00f1al de pobreza energ\u00e9tica - LA BRAVA RADIO<\/title>\n<meta name=\"robots\" content=\"index, follow, max-snippet:-1, max-image-preview:large, max-video-preview:-1\" \/>\n<link rel=\"canonical\" href=\"https:\/\/www.bbmnoticias.com\/labravaradiofm\/2022\/01\/12\/13-5-millones-de-personas-consumen-lena-o-carbon-en-el-hogar-senal-de-pobreza-energetica\/\" \/>\n<meta property=\"og:locale\" content=\"es_MX\" \/>\n<meta property=\"og:type\" content=\"article\" \/>\n<meta property=\"og:title\" content=\"13.5 millones de personas consumen le\u00f1a o carb\u00f3n en el hogar, se\u00f1al de pobreza energ\u00e9tica - LA BRAVA RADIO\" \/>\n<meta property=\"og:description\" content=\"De acuerdo con el Inegi, 4.8 millones de hogares mexicanos consumen le\u00f1a o carb\u00f3n para calentar agua y alimentos y s\u00f3lo la cuarta parte cuenta de ellos cuentan con una chimenea o ducto para expulsar el humo, lo que implica que 3.6 millones de hogares \u2013equivalentes a 12 millones de personas\u2013 viven con alto riesgo [&hellip;]\" \/>\n<meta property=\"og:url\" content=\"https:\/\/www.bbmnoticias.com\/labravaradiofm\/2022\/01\/12\/13-5-millones-de-personas-consumen-lena-o-carbon-en-el-hogar-senal-de-pobreza-energetica\/\" \/>\n<meta property=\"og:site_name\" content=\"LA BRAVA RADIO\" \/>\n<meta property=\"article:published_time\" content=\"2022-01-12T16:38:34+00:00\" \/>\n<meta property=\"article:modified_time\" content=\"2022-01-12T16:38:36+00:00\" \/>\n<meta property=\"og:image\" content=\"https:\/\/www.bbmnoticias.com\/labravaradiofm\/wp-content\/uploads\/sites\/5\/2022\/01\/pobreza-energetica.png\" \/>\n\t<meta property=\"og:image:width\" content=\"1200\" \/>\n\t<meta property=\"og:image:height\" content=\"675\" \/>\n\t<meta property=\"og:image:type\" content=\"image\/png\" \/>\n<meta name=\"author\" content=\"Staff\" \/>\n<meta name=\"twitter:card\" content=\"summary_large_image\" \/>\n<meta name=\"twitter:label1\" content=\"Escrito por\" \/>\n\t<meta name=\"twitter:data1\" content=\"Staff\" \/>\n\t<meta name=\"twitter:label2\" content=\"Tiempo de lectura\" \/>\n\t<meta name=\"twitter:data2\" content=\"3 minutos\" \/>\n<script type=\"application\/ld+json\" class=\"yoast-schema-graph\">{\"@context\":\"https:\\\/\\\/schema.org\",\"@graph\":[{\"@type\":\"Article\",\"@id\":\"https:\\\/\\\/www.bbmnoticias.com\\\/labravaradiofm\\\/2022\\\/01\\\/12\\\/13-5-millones-de-personas-consumen-lena-o-carbon-en-el-hogar-senal-de-pobreza-energetica\\\/#article\",\"isPartOf\":{\"@id\":\"https:\\\/\\\/www.bbmnoticias.com\\\/labravaradiofm\\\/2022\\\/01\\\/12\\\/13-5-millones-de-personas-consumen-lena-o-carbon-en-el-hogar-senal-de-pobreza-energetica\\\/\"},\"author\":{\"name\":\"Staff\",\"@id\":\"https:\\\/\\\/www.bbmnoticias.com\\\/labravaradiofm\\\/#\\\/schema\\\/person\\\/68a9e9036ef3c5b55aeb2b71dc8bab45\"},\"headline\":\"13.5 millones de personas consumen le\u00f1a o carb\u00f3n en el hogar, se\u00f1al de pobreza energ\u00e9tica\",\"datePublished\":\"2022-01-12T16:38:34+00:00\",\"dateModified\":\"2022-01-12T16:38:36+00:00\",\"mainEntityOfPage\":{\"@id\":\"https:\\\/\\\/www.bbmnoticias.com\\\/labravaradiofm\\\/2022\\\/01\\\/12\\\/13-5-millones-de-personas-consumen-lena-o-carbon-en-el-hogar-senal-de-pobreza-energetica\\\/\"},\"wordCount\":655,\"image\":{\"@id\":\"https:\\\/\\\/www.bbmnoticias.com\\\/labravaradiofm\\\/2022\\\/01\\\/12\\\/13-5-millones-de-personas-consumen-lena-o-carbon-en-el-hogar-senal-de-pobreza-energetica\\\/#primaryimage\"},\"thumbnailUrl\":\"https:\\\/\\\/www.bbmnoticias.com\\\/labravaradiofm\\\/wp-content\\\/uploads\\\/sites\\\/5\\\/2022\\\/01\\\/pobreza-energetica.png\",\"articleSection\":[\"NACIONAL\"],\"inLanguage\":\"es\"},{\"@type\":\"WebPage\",\"@id\":\"https:\\\/\\\/www.bbmnoticias.com\\\/labravaradiofm\\\/2022\\\/01\\\/12\\\/13-5-millones-de-personas-consumen-lena-o-carbon-en-el-hogar-senal-de-pobreza-energetica\\\/\",\"url\":\"https:\\\/\\\/www.bbmnoticias.com\\\/labravaradiofm\\\/2022\\\/01\\\/12\\\/13-5-millones-de-personas-consumen-lena-o-carbon-en-el-hogar-senal-de-pobreza-energetica\\\/\",\"name\":\"13.5 millones de personas consumen le\u00f1a o carb\u00f3n en el hogar, se\u00f1al de pobreza energ\u00e9tica - LA BRAVA RADIO\",\"isPartOf\":{\"@id\":\"https:\\\/\\\/www.bbmnoticias.com\\\/labravaradiofm\\\/#website\"},\"primaryImageOfPage\":{\"@id\":\"https:\\\/\\\/www.bbmnoticias.com\\\/labravaradiofm\\\/2022\\\/01\\\/12\\\/13-5-millones-de-personas-consumen-lena-o-carbon-en-el-hogar-senal-de-pobreza-energetica\\\/#primaryimage\"},\"image\":{\"@id\":\"https:\\\/\\\/www.bbmnoticias.com\\\/labravaradiofm\\\/2022\\\/01\\\/12\\\/13-5-millones-de-personas-consumen-lena-o-carbon-en-el-hogar-senal-de-pobreza-energetica\\\/#primaryimage\"},\"thumbnailUrl\":\"https:\\\/\\\/www.bbmnoticias.com\\\/labravaradiofm\\\/wp-content\\\/uploads\\\/sites\\\/5\\\/2022\\\/01\\\/pobreza-energetica.png\",\"datePublished\":\"2022-01-12T16:38:34+00:00\",\"dateModified\":\"2022-01-12T16:38:36+00:00\",\"author\":{\"@id\":\"https:\\\/\\\/www.bbmnoticias.com\\\/labravaradiofm\\\/#\\\/schema\\\/person\\\/68a9e9036ef3c5b55aeb2b71dc8bab45\"},\"breadcrumb\":{\"@id\":\"https:\\\/\\\/www.bbmnoticias.com\\\/labravaradiofm\\\/2022\\\/01\\\/12\\\/13-5-millones-de-personas-consumen-lena-o-carbon-en-el-hogar-senal-de-pobreza-energetica\\\/#breadcrumb\"},\"inLanguage\":\"es\",\"potentialAction\":[{\"@type\":\"ReadAction\",\"target\":[\"https:\\\/\\\/www.bbmnoticias.com\\\/labravaradiofm\\\/2022\\\/01\\\/12\\\/13-5-millones-de-personas-consumen-lena-o-carbon-en-el-hogar-senal-de-pobreza-energetica\\\/\"]}]},{\"@type\":\"ImageObject\",\"inLanguage\":\"es\",\"@id\":\"https:\\\/\\\/www.bbmnoticias.com\\\/labravaradiofm\\\/2022\\\/01\\\/12\\\/13-5-millones-de-personas-consumen-lena-o-carbon-en-el-hogar-senal-de-pobreza-energetica\\\/#primaryimage\",\"url\":\"https:\\\/\\\/www.bbmnoticias.com\\\/labravaradiofm\\\/wp-content\\\/uploads\\\/sites\\\/5\\\/2022\\\/01\\\/pobreza-energetica.png\",\"contentUrl\":\"https:\\\/\\\/www.bbmnoticias.com\\\/labravaradiofm\\\/wp-content\\\/uploads\\\/sites\\\/5\\\/2022\\\/01\\\/pobreza-energetica.png\",\"width\":1200,\"height\":675},{\"@type\":\"BreadcrumbList\",\"@id\":\"https:\\\/\\\/www.bbmnoticias.com\\\/labravaradiofm\\\/2022\\\/01\\\/12\\\/13-5-millones-de-personas-consumen-lena-o-carbon-en-el-hogar-senal-de-pobreza-energetica\\\/#breadcrumb\",\"itemListElement\":[{\"@type\":\"ListItem\",\"position\":1,\"name\":\"Inicio\",\"item\":\"https:\\\/\\\/www.bbmnoticias.com\\\/labravaradiofm\\\/\"},{\"@type\":\"ListItem\",\"position\":2,\"name\":\"13.5 millones de personas consumen le\u00f1a o carb\u00f3n en el hogar, se\u00f1al de pobreza energ\u00e9tica\"}]},{\"@type\":\"WebSite\",\"@id\":\"https:\\\/\\\/www.bbmnoticias.com\\\/labravaradiofm\\\/#website\",\"url\":\"https:\\\/\\\/www.bbmnoticias.com\\\/labravaradiofm\\\/\",\"name\":\"LA BRAVA RADIO\",\"description\":\"Empresa productora de medios, Radiodifusi\u00f3n, Noticias, tendencias y todo lo que necesitas saber de la pol\u00edtica mexicana e internacional; entretenimiento, espect\u00e1culos, salud y mucho m\u00e1s.\",\"potentialAction\":[{\"@type\":\"SearchAction\",\"target\":{\"@type\":\"EntryPoint\",\"urlTemplate\":\"https:\\\/\\\/www.bbmnoticias.com\\\/labravaradiofm\\\/?s={search_term_string}\"},\"query-input\":{\"@type\":\"PropertyValueSpecification\",\"valueRequired\":true,\"valueName\":\"search_term_string\"}}],\"inLanguage\":\"es\"},{\"@type\":\"Person\",\"@id\":\"https:\\\/\\\/www.bbmnoticias.com\\\/labravaradiofm\\\/#\\\/schema\\\/person\\\/68a9e9036ef3c5b55aeb2b71dc8bab45\",\"name\":\"Staff\",\"image\":{\"@type\":\"ImageObject\",\"inLanguage\":\"es\",\"@id\":\"https:\\\/\\\/secure.gravatar.com\\\/avatar\\\/fdd21ad66fd8b98c407f9dee5b5e588cfe7f0d8579ec20fa6527cd59bab7f0f0?s=96&d=mm&r=g\",\"url\":\"https:\\\/\\\/secure.gravatar.com\\\/avatar\\\/fdd21ad66fd8b98c407f9dee5b5e588cfe7f0d8579ec20fa6527cd59bab7f0f0?s=96&d=mm&r=g\",\"contentUrl\":\"https:\\\/\\\/secure.gravatar.com\\\/avatar\\\/fdd21ad66fd8b98c407f9dee5b5e588cfe7f0d8579ec20fa6527cd59bab7f0f0?s=96&d=mm&r=g\",\"caption\":\"Staff\"},\"url\":\"https:\\\/\\\/www.bbmnoticias.com\\\/labravaradiofm\\\/author\\\/redaccion\\\/\"}]}<\/script>\n<!-- \/ Yoast SEO plugin. -->","yoast_head_json":{"title":"13.5 millones de personas consumen le\u00f1a o carb\u00f3n en el hogar, se\u00f1al de pobreza energ\u00e9tica - LA BRAVA RADIO","robots":{"index":"index","follow":"follow","max-snippet":"max-snippet:-1","max-image-preview":"max-image-preview:large","max-video-preview":"max-video-preview:-1"},"canonical":"https:\/\/www.bbmnoticias.com\/labravaradiofm\/2022\/01\/12\/13-5-millones-de-personas-consumen-lena-o-carbon-en-el-hogar-senal-de-pobreza-energetica\/","og_locale":"es_MX","og_type":"article","og_title":"13.5 millones de personas consumen le\u00f1a o carb\u00f3n en el hogar, se\u00f1al de pobreza energ\u00e9tica - LA BRAVA RADIO","og_description":"De acuerdo con el Inegi, 4.8 millones de hogares mexicanos consumen le\u00f1a o carb\u00f3n para calentar agua y alimentos y s\u00f3lo la cuarta parte cuenta de ellos cuentan con una chimenea o ducto para expulsar el humo, lo que implica que 3.6 millones de hogares \u2013equivalentes a 12 millones de personas\u2013 viven con alto riesgo [&hellip;]","og_url":"https:\/\/www.bbmnoticias.com\/labravaradiofm\/2022\/01\/12\/13-5-millones-de-personas-consumen-lena-o-carbon-en-el-hogar-senal-de-pobreza-energetica\/","og_site_name":"LA BRAVA RADIO","article_published_time":"2022-01-12T16:38:34+00:00","article_modified_time":"2022-01-12T16:38:36+00:00","og_image":[{"width":1200,"height":675,"url":"https:\/\/www.bbmnoticias.com\/labravaradiofm\/wp-content\/uploads\/sites\/5\/2022\/01\/pobreza-energetica.png","type":"image\/png"}],"author":"Staff","twitter_card":"summary_large_image","twitter_misc":{"Escrito por":"Staff","Tiempo de lectura":"3 minutos"},"schema":{"@context":"https:\/\/schema.org","@graph":[{"@type":"Article","@id":"https:\/\/www.bbmnoticias.com\/labravaradiofm\/2022\/01\/12\/13-5-millones-de-personas-consumen-lena-o-carbon-en-el-hogar-senal-de-pobreza-energetica\/#article","isPartOf":{"@id":"https:\/\/www.bbmnoticias.com\/labravaradiofm\/2022\/01\/12\/13-5-millones-de-personas-consumen-lena-o-carbon-en-el-hogar-senal-de-pobreza-energetica\/"},"author":{"name":"Staff","@id":"https:\/\/www.bbmnoticias.com\/labravaradiofm\/#\/schema\/person\/68a9e9036ef3c5b55aeb2b71dc8bab45"},"headline":"13.5 millones de personas consumen le\u00f1a o carb\u00f3n en el hogar, se\u00f1al de pobreza energ\u00e9tica","datePublished":"2022-01-12T16:38:34+00:00","dateModified":"2022-01-12T16:38:36+00:00","mainEntityOfPage":{"@id":"https:\/\/www.bbmnoticias.com\/labravaradiofm\/2022\/01\/12\/13-5-millones-de-personas-consumen-lena-o-carbon-en-el-hogar-senal-de-pobreza-energetica\/"},"wordCount":655,"image":{"@id":"https:\/\/www.bbmnoticias.com\/labravaradiofm\/2022\/01\/12\/13-5-millones-de-personas-consumen-lena-o-carbon-en-el-hogar-senal-de-pobreza-energetica\/#primaryimage"},"thumbnailUrl":"https:\/\/www.bbmnoticias.com\/labravaradiofm\/wp-content\/uploads\/sites\/5\/2022\/01\/pobreza-energetica.png","articleSection":["NACIONAL"],"inLanguage":"es"},{"@type":"WebPage","@id":"https:\/\/www.bbmnoticias.com\/labravaradiofm\/2022\/01\/12\/13-5-millones-de-personas-consumen-lena-o-carbon-en-el-hogar-senal-de-pobreza-energetica\/","url":"https:\/\/www.bbmnoticias.com\/labravaradiofm\/2022\/01\/12\/13-5-millones-de-personas-consumen-lena-o-carbon-en-el-hogar-senal-de-pobreza-energetica\/","name":"13.5 millones de personas consumen le\u00f1a o carb\u00f3n en el hogar, se\u00f1al de pobreza energ\u00e9tica - LA BRAVA RADIO","isPartOf":{"@id":"https:\/\/www.bbmnoticias.com\/labravaradiofm\/#website"},"primaryImageOfPage":{"@id":"https:\/\/www.bbmnoticias.com\/labravaradiofm\/2022\/01\/12\/13-5-millones-de-personas-consumen-lena-o-carbon-en-el-hogar-senal-de-pobreza-energetica\/#primaryimage"},"image":{"@id":"https:\/\/www.bbmnoticias.com\/labravaradiofm\/2022\/01\/12\/13-5-millones-de-personas-consumen-lena-o-carbon-en-el-hogar-senal-de-pobreza-energetica\/#primaryimage"},"thumbnailUrl":"https:\/\/www.bbmnoticias.com\/labravaradiofm\/wp-content\/uploads\/sites\/5\/2022\/01\/pobreza-energetica.png","datePublished":"2022-01-12T16:38:34+00:00","dateModified":"2022-01-12T16:38:36+00:00","author":{"@id":"https:\/\/www.bbmnoticias.com\/labravaradiofm\/#\/schema\/person\/68a9e9036ef3c5b55aeb2b71dc8bab45"},"breadcrumb":{"@id":"https:\/\/www.bbmnoticias.com\/labravaradiofm\/2022\/01\/12\/13-5-millones-de-personas-consumen-lena-o-carbon-en-el-hogar-senal-de-pobreza-energetica\/#breadcrumb"},"inLanguage":"es","potentialAction":[{"@type":"ReadAction","target":["https:\/\/www.bbmnoticias.com\/labravaradiofm\/2022\/01\/12\/13-5-millones-de-personas-consumen-lena-o-carbon-en-el-hogar-senal-de-pobreza-energetica\/"]}]},{"@type":"ImageObject","inLanguage":"es","@id":"https:\/\/www.bbmnoticias.com\/labravaradiofm\/2022\/01\/12\/13-5-millones-de-personas-consumen-lena-o-carbon-en-el-hogar-senal-de-pobreza-energetica\/#primaryimage","url":"https:\/\/www.bbmnoticias.com\/labravaradiofm\/wp-content\/uploads\/sites\/5\/2022\/01\/pobreza-energetica.png","contentUrl":"https:\/\/www.bbmnoticias.com\/labravaradiofm\/wp-content\/uploads\/sites\/5\/2022\/01\/pobreza-energetica.png","width":1200,"height":675},{"@type":"BreadcrumbList","@id":"https:\/\/www.bbmnoticias.com\/labravaradiofm\/2022\/01\/12\/13-5-millones-de-personas-consumen-lena-o-carbon-en-el-hogar-senal-de-pobreza-energetica\/#breadcrumb","itemListElement":[{"@type":"ListItem","position":1,"name":"Inicio","item":"https:\/\/www.bbmnoticias.com\/labravaradiofm\/"},{"@type":"ListItem","position":2,"name":"13.5 millones de personas consumen le\u00f1a o carb\u00f3n en el hogar, se\u00f1al de pobreza energ\u00e9tica"}]},{"@type":"WebSite","@id":"https:\/\/www.bbmnoticias.com\/labravaradiofm\/#website","url":"https:\/\/www.bbmnoticias.com\/labravaradiofm\/","name":"LA BRAVA RADIO","description":"Empresa productora de medios, Radiodifusi\u00f3n, Noticias, tendencias y todo lo que necesitas saber de la pol\u00edtica mexicana e internacional; entretenimiento, espect\u00e1culos, salud y mucho m\u00e1s.","potentialAction":[{"@type":"SearchAction","target":{"@type":"EntryPoint","urlTemplate":"https:\/\/www.bbmnoticias.com\/labravaradiofm\/?s={search_term_string}"},"query-input":{"@type":"PropertyValueSpecification","valueRequired":true,"valueName":"search_term_string"}}],"inLanguage":"es"},{"@type":"Person","@id":"https:\/\/www.bbmnoticias.com\/labravaradiofm\/#\/schema\/person\/68a9e9036ef3c5b55aeb2b71dc8bab45","name":"Staff","image":{"@type":"ImageObject","inLanguage":"es","@id":"https:\/\/secure.gravatar.com\/avatar\/fdd21ad66fd8b98c407f9dee5b5e588cfe7f0d8579ec20fa6527cd59bab7f0f0?s=96&d=mm&r=g","url":"https:\/\/secure.gravatar.com\/avatar\/fdd21ad66fd8b98c407f9dee5b5e588cfe7f0d8579ec20fa6527cd59bab7f0f0?s=96&d=mm&r=g","contentUrl":"https:\/\/secure.gravatar.com\/avatar\/fdd21ad66fd8b98c407f9dee5b5e588cfe7f0d8579ec20fa6527cd59bab7f0f0?s=96&d=mm&r=g","caption":"Staff"},"url":"https:\/\/www.bbmnoticias.com\/labravaradiofm\/author\/redaccion\/"}]}},"_links":{"self":[{"href":"https:\/\/www.bbmnoticias.com\/labravaradiofm\/wp-json\/wp\/v2\/posts\/8428","targetHints":{"allow":["GET"]}}],"collection":[{"href":"https:\/\/www.bbmnoticias.com\/labravaradiofm\/wp-json\/wp\/v2\/posts"}],"about":[{"href":"https:\/\/www.bbmnoticias.com\/labravaradiofm\/wp-json\/wp\/v2\/types\/post"}],"author":[{"embeddable":true,"href":"https:\/\/www.bbmnoticias.com\/labravaradiofm\/wp-json\/wp\/v2\/users\/2"}],"replies":[{"embeddable":true,"href":"https:\/\/www.bbmnoticias.com\/labravaradiofm\/wp-json\/wp\/v2\/comments?post=8428"}],"version-history":[{"count":0,"href":"https:\/\/www.bbmnoticias.com\/labravaradiofm\/wp-json\/wp\/v2\/posts\/8428\/revisions"}],"wp:featuredmedia":[{"embeddable":true,"href":"https:\/\/www.bbmnoticias.com\/labravaradiofm\/wp-json\/wp\/v2\/media\/8429"}],"wp:attachment":[{"href":"https:\/\/www.bbmnoticias.com\/labravaradiofm\/wp-json\/wp\/v2\/media?parent=8428"}],"wp:term":[{"taxonomy":"category","embeddable":true,"href":"https:\/\/www.bbmnoticias.com\/labravaradiofm\/wp-json\/wp\/v2\/categories?post=8428"},{"taxonomy":"post_tag","embeddable":true,"href":"https:\/\/www.bbmnoticias.com\/labravaradiofm\/wp-json\/wp\/v2\/tags?post=8428"}],"curies":[{"name":"wp","href":"https:\/\/api.w.org\/{rel}","templated":true}]}}