{"id":8420,"date":"2022-01-12T07:55:16","date_gmt":"2022-01-12T13:55:16","guid":{"rendered":"https:\/\/www.bbmnoticias.com\/labravaradiofm\/?p=8420"},"modified":"2022-01-12T15:51:49","modified_gmt":"2022-01-12T21:51:49","slug":"el-canto-del-buho-mas-vale-tarde-que-nunca","status":"publish","type":"post","link":"https:\/\/www.bbmnoticias.com\/labravaradiofm\/2022\/01\/12\/el-canto-del-buho-mas-vale-tarde-que-nunca\/","title":{"rendered":"El canto del B\u00faho &#8211; M\u00e1s vale tarde que nunca"},"content":{"rendered":"<div style=\"margin-top: 0px; margin-bottom: 0px;\" class=\"sharethis-inline-share-buttons\" ><\/div>\n<p><strong>Mientras que en los estados vecinos de Chiapas y Veracruz, sus<\/strong> ciudadanos contaron, mucho antes, con la vacuna del refuerzo para los Profesores y adultos de 60 y m\u00e1s, en Oaxaca, los responsables de programarlas, andaban en la grilla de la gubernatura.&nbsp;&nbsp;<\/p>\n\n\n\n<p>Paisanos del <strong>Istmo de Tehuantepec y la Cuenca<\/strong>, han viajado&nbsp; a estos estados para ponerse la vacuna de refuerzo. Ante la falta del medicamento en Oaxaca.&nbsp;&nbsp;<\/p>\n\n\n\n<p>Con todo y que en las ultimas horas se registraron 11 mil 52 contagios y 78 decesos que nos llevan a la suma de 4 millones 136 mil 440, en Oaxaca nadie se preocupaba por las vacunas.&nbsp;&nbsp;<\/p>\n\n\n\n<p>Apenas el lunes 10, la CNTE confirm\u00f3 las fechas para la vacunaci\u00f3n (de refuerzo) de maestros y maestras en la entidad oaxaque\u00f1a. El 12 al 15 de enero tienen previsto se aplique la vacuna Moderna.&nbsp;&nbsp;<\/p>\n\n\n\n<p>&nbsp;<br>Tienen contemplado&nbsp; <strong>18 puntos de inmunizaci\u00f3n<\/strong>, distribuidos en las ocho regiones del estado de Oaxaca. &nbsp;<br>&nbsp;<br><strong>Ciudad Ixtepec, Huajuapan de Le\u00f3n, Juchit\u00e1n de Zaragoza, Tlaxiaco, Santiago Juxtlahuaca, Putla Villa de Guerrero y Huautla de Jim\u00e9nez.<\/strong>&nbsp;<br>&nbsp;<br><strong>Ixtl\u00e1n de Ju\u00e1rez, Miahuatl\u00e1n de Porfirio D\u00edaz, San Juan Bautista Tuxtepec, San Pedro Pochutla, San Pedro Mixtepec, Santiago Pinotepa Nacional, Teotitl\u00e1n de Flores Mag\u00f3n y San Pedro y San Pablo Ayutla.<\/strong>&nbsp;<br>&nbsp;<br>Est\u00e1n contempladas&nbsp; <strong>107 mil 574 dosis<\/strong> las que se estar\u00e1n aplicando a los docentes.&nbsp;<\/p>\n\n\n\n<p>Cabe mencionar que la jornada de vacunaci\u00f3n es de refurzo solo para docentes. Los adultos mayores seguir\u00e1n esperando. &nbsp;<br>&nbsp;<\/p>\n\n\n\n<p><strong>Ayer&nbsp; 11 de enero: Se registr\u00f3 r\u00e9cord de nuevos casos con 33 mil 626.<\/strong>&nbsp;<\/p>\n\n\n\n<p>Hasta este 11 de enero se han registrado <strong>4 millones 170 mil 66 casos de Covid-19 en M\u00e9xico.<\/strong>&nbsp;<\/p>\n\n\n\n<p>Con todo y que el Presidente Andr\u00e9s Manuel L\u00f3pez Obrador, dicen que no hay de que preocuparse. Ya que (el) solo sufri\u00f3 de malestar de garganta y poco dolor de cuerpo.&nbsp;&nbsp;<\/p>\n\n\n\n<p>&#8220;Me da gusto comunicarme con ustedes. Estoy ronco, af\u00f3nico, pero bien. Este mensaje es para informar sobre c\u00f3mo me encuentro, pero tambi\u00e9n transmitirles mi experiencia<strong>, ahora que me he vuelto a contagiar, con el prop\u00f3sito fundamental de que no nos espantemos&#8221;, dijo con voz ronca. Asegur\u00f3 que la peligrosidad de \u00d3micron es menor frente a Delta, &#8220;lo estoy experimentando&#8221;.<\/strong>&nbsp;<\/p>\n\n\n\n<p>El mandatario se mostr\u00f3 en su despacho, sentado frente a su escritorio y ah\u00ed <strong>mismo se midi\u00f3 la temperatura, que asegur\u00f3 fue de 36.1\u00b0 y una oxigenaci\u00f3n de 96%, y describi\u00f3 que est\u00e1 padeciendo &#8220;ardor en la garganta, es como una gripa con ronquera, poquito de dolor de cuerpo al principio. Estoy tomando paracetamol y me siento bastante bien&#8221;.<\/strong>&nbsp;<\/p>\n\n\n\n<p>Con todo respeto del mandatario, no es lo mismo estar acompa\u00f1ado de los <strong>mejores m\u00e9dicos del pa\u00eds y con los medicamentos a la mano. <\/strong>Por supuesto, la alimentaci\u00f3n no es la misma del presidente a la del resto de los mexicanos. Pero bueno.&nbsp;&nbsp;<\/p>\n\n\n\n<p>La verdad es que las cifras de la SSA nos dan otros datos preocupantes.&nbsp;&nbsp;<\/p>\n\n\n\n<p>En plena cuarta ola de contagios, las autoridades sanitarias estiman <strong>171 mil 329 casos activos,<\/strong> es decir, personas que han presentado signos y s\u00edntomas de esta enfermedad en los \u00faltimos 14 d\u00edas. Cifras preocupantes cuando se trata de la SSA; \u00f3sea que, los casos no registrados podr\u00edan estar sumando m\u00e1s de 400 mil. Uff&nbsp;&nbsp;<\/p>\n\n\n\n<p>A prop\u00f3sito de Presidentes infectados, en el Istmo, el alcaldes de Salina Cruz, <strong>Daniel M\u00e9ndez, inform\u00f3<\/strong> que decidi\u00f3 guardarse ante contagio de un colaborador. Aunque un primer bolet\u00edn inform\u00f3 que M\u00e9ndez, result\u00f3 infectado.&nbsp;&nbsp;<\/p>\n\n\n\n<p>Lo cierto es que Salina Cruz, en las ultimas 24 horas, report\u00f3 <strong>20 casos m\u00e1s, apenas por debajo de Juchit\u00e1n y Santo Domingo Ingenio con 21 y 47 nuevos casos<\/strong>. As\u00ed las cosas.&nbsp;&nbsp;<\/p>\n\n\n\n<p>Me queda claro, que el mensaje insistente de L\u00f3pez Obrador a minimizar el impacto de la variable \u00f3micron de que es una cepa s\u00faper contagiosa, tiene que ver con su preocupaci\u00f3n de la econom\u00eda del pa\u00eds, ya que un cierre ser\u00eda un desastre de dimensiones incalculables. Por ello tuvo que salir aunque v\u00eda enlace virtual en la ma\u00f1anera a minimizar su estado de salud por el contagio del virus. Lo peor, es que nadie le cree.&nbsp;&nbsp;<\/p>\n\n\n\n<p>Por hoy es tocho. Recuerden, cuando el b\u00faho canta el indio muere. Pd.- <strong>Algo apesta en el cierre de City Banamex<\/strong> a <strong>\u201cclientes minoristas\u201d,<\/strong>&nbsp; y solo dedique sus servicios a inversionistas institucionales. <strong>Los 20 millones de clientes con los que cuenta bien merecen una explicaci\u00f3n clara y precisa<\/strong>. Porqu\u00e9 abandonar un negocio redituable?&#8230; acaso los dos a\u00f1os de Covid 19 les dej\u00f3 una abultada cartera vencida de la que se quieren deshacer?&nbsp;&nbsp;<\/p>\n\n\n\n<p class=\"has-text-align-center\"><strong>Esc\u00fachenos en el noticiero Heraldo Radio en el 98.1 Fm de lunes a viernes de 15:00 a 16:00 horas.&nbsp;<\/strong>&nbsp;<\/p>\n\n\n\n<p class=\"has-text-align-center\"><strong>Y en el noticiero BBM Noticias en La Brava 106.5 Fm XHSCCK de 08:00 a 10:00 am de lunes a viernes .&nbsp;<\/strong>&nbsp;<\/p>\n\n\n\n<p class=\"has-text-align-center\"><strong>Twitter @buho_botero<\/strong>&nbsp;<\/p>\n\n\n\n<p class=\"has-text-align-center\"><strong>Facebook Pedro Botero&nbsp;<\/strong>&nbsp;<\/p>\n\n\n\n<p class=\"has-text-align-center\"><strong>www.bbmnoticias.com\/labravaradiofm<\/strong><\/p>\n","protected":false},"excerpt":{"rendered":"<p>Mientras que en los estados vecinos de Chiapas y Veracruz, sus ciudadanos contaron, mucho antes, con la vacuna del refuerzo para los Profesores y adultos de 60 y m\u00e1s, en Oaxaca, los responsables de programarlas, andaban en la grilla de la gubernatura.&nbsp;&nbsp; Paisanos del Istmo de Tehuantepec y la Cuenca, han viajado&nbsp; a estos estados [&hellip;]<\/p>\n","protected":false},"author":18,"featured_media":8421,"comment_status":"closed","ping_status":"closed","sticky":false,"template":"","format":"standard","meta":{"footnotes":""},"categories":[2],"tags":[],"class_list":{"0":"post-8420","1":"post","2":"type-post","3":"status-publish","4":"format-standard","5":"has-post-thumbnail","7":"category-oaxaca"},"yoast_head":"<!-- This site is optimized with the Yoast SEO plugin v27.4 - https:\/\/yoast.com\/product\/yoast-seo-wordpress\/ -->\n<title>El canto del B\u00faho - M\u00e1s vale tarde que nunca - LA BRAVA RADIO<\/title>\n<meta name=\"robots\" content=\"index, follow, max-snippet:-1, max-image-preview:large, max-video-preview:-1\" \/>\n<link rel=\"canonical\" href=\"https:\/\/www.bbmnoticias.com\/labravaradiofm\/2022\/01\/12\/el-canto-del-buho-mas-vale-tarde-que-nunca\/\" \/>\n<meta property=\"og:locale\" content=\"es_MX\" \/>\n<meta property=\"og:type\" content=\"article\" \/>\n<meta property=\"og:title\" content=\"El canto del B\u00faho - M\u00e1s vale tarde que nunca - LA BRAVA RADIO\" \/>\n<meta property=\"og:description\" content=\"Mientras que en los estados vecinos de Chiapas y Veracruz, sus ciudadanos contaron, mucho antes, con la vacuna del refuerzo para los Profesores y adultos de 60 y m\u00e1s, en Oaxaca, los responsables de programarlas, andaban en la grilla de la gubernatura.&nbsp;&nbsp; Paisanos del Istmo de Tehuantepec y la Cuenca, han viajado&nbsp; a estos estados [&hellip;]\" \/>\n<meta property=\"og:url\" content=\"https:\/\/www.bbmnoticias.com\/labravaradiofm\/2022\/01\/12\/el-canto-del-buho-mas-vale-tarde-que-nunca\/\" \/>\n<meta property=\"og:site_name\" content=\"LA BRAVA RADIO\" \/>\n<meta property=\"article:published_time\" content=\"2022-01-12T13:55:16+00:00\" \/>\n<meta property=\"article:modified_time\" content=\"2022-01-12T21:51:49+00:00\" \/>\n<meta property=\"og:image\" content=\"https:\/\/www.bbmnoticias.com\/labravaradiofm\/wp-content\/uploads\/sites\/5\/2022\/01\/elcanto12012022.jpg\" \/>\n\t<meta property=\"og:image:width\" content=\"650\" \/>\n\t<meta property=\"og:image:height\" content=\"360\" \/>\n\t<meta property=\"og:image:type\" content=\"image\/jpeg\" \/>\n<meta name=\"author\" content=\"Pedro Botero\" \/>\n<meta name=\"twitter:card\" content=\"summary_large_image\" \/>\n<meta name=\"twitter:label1\" content=\"Escrito por\" \/>\n\t<meta name=\"twitter:data1\" content=\"Pedro Botero\" \/>\n\t<meta name=\"twitter:label2\" content=\"Tiempo de lectura\" \/>\n\t<meta name=\"twitter:data2\" content=\"4 minutos\" \/>\n<script type=\"application\/ld+json\" class=\"yoast-schema-graph\">{\"@context\":\"https:\\\/\\\/schema.org\",\"@graph\":[{\"@type\":\"Article\",\"@id\":\"https:\\\/\\\/www.bbmnoticias.com\\\/labravaradiofm\\\/2022\\\/01\\\/12\\\/el-canto-del-buho-mas-vale-tarde-que-nunca\\\/#article\",\"isPartOf\":{\"@id\":\"https:\\\/\\\/www.bbmnoticias.com\\\/labravaradiofm\\\/2022\\\/01\\\/12\\\/el-canto-del-buho-mas-vale-tarde-que-nunca\\\/\"},\"author\":{\"name\":\"Pedro Botero\",\"@id\":\"https:\\\/\\\/www.bbmnoticias.com\\\/labravaradiofm\\\/#\\\/schema\\\/person\\\/b1f24ff43a407a5f7093af0d867e2717\"},\"headline\":\"El canto del B\u00faho &#8211; M\u00e1s vale tarde que nunca\",\"datePublished\":\"2022-01-12T13:55:16+00:00\",\"dateModified\":\"2022-01-12T21:51:49+00:00\",\"mainEntityOfPage\":{\"@id\":\"https:\\\/\\\/www.bbmnoticias.com\\\/labravaradiofm\\\/2022\\\/01\\\/12\\\/el-canto-del-buho-mas-vale-tarde-que-nunca\\\/\"},\"wordCount\":870,\"image\":{\"@id\":\"https:\\\/\\\/www.bbmnoticias.com\\\/labravaradiofm\\\/2022\\\/01\\\/12\\\/el-canto-del-buho-mas-vale-tarde-que-nunca\\\/#primaryimage\"},\"thumbnailUrl\":\"https:\\\/\\\/www.bbmnoticias.com\\\/labravaradiofm\\\/wp-content\\\/uploads\\\/sites\\\/5\\\/2022\\\/01\\\/elcanto12012022.jpg\",\"articleSection\":[\"LOCAL\"],\"inLanguage\":\"es\"},{\"@type\":\"WebPage\",\"@id\":\"https:\\\/\\\/www.bbmnoticias.com\\\/labravaradiofm\\\/2022\\\/01\\\/12\\\/el-canto-del-buho-mas-vale-tarde-que-nunca\\\/\",\"url\":\"https:\\\/\\\/www.bbmnoticias.com\\\/labravaradiofm\\\/2022\\\/01\\\/12\\\/el-canto-del-buho-mas-vale-tarde-que-nunca\\\/\",\"name\":\"El canto del B\u00faho - M\u00e1s vale tarde que nunca - LA BRAVA RADIO\",\"isPartOf\":{\"@id\":\"https:\\\/\\\/www.bbmnoticias.com\\\/labravaradiofm\\\/#website\"},\"primaryImageOfPage\":{\"@id\":\"https:\\\/\\\/www.bbmnoticias.com\\\/labravaradiofm\\\/2022\\\/01\\\/12\\\/el-canto-del-buho-mas-vale-tarde-que-nunca\\\/#primaryimage\"},\"image\":{\"@id\":\"https:\\\/\\\/www.bbmnoticias.com\\\/labravaradiofm\\\/2022\\\/01\\\/12\\\/el-canto-del-buho-mas-vale-tarde-que-nunca\\\/#primaryimage\"},\"thumbnailUrl\":\"https:\\\/\\\/www.bbmnoticias.com\\\/labravaradiofm\\\/wp-content\\\/uploads\\\/sites\\\/5\\\/2022\\\/01\\\/elcanto12012022.jpg\",\"datePublished\":\"2022-01-12T13:55:16+00:00\",\"dateModified\":\"2022-01-12T21:51:49+00:00\",\"author\":{\"@id\":\"https:\\\/\\\/www.bbmnoticias.com\\\/labravaradiofm\\\/#\\\/schema\\\/person\\\/b1f24ff43a407a5f7093af0d867e2717\"},\"breadcrumb\":{\"@id\":\"https:\\\/\\\/www.bbmnoticias.com\\\/labravaradiofm\\\/2022\\\/01\\\/12\\\/el-canto-del-buho-mas-vale-tarde-que-nunca\\\/#breadcrumb\"},\"inLanguage\":\"es\",\"potentialAction\":[{\"@type\":\"ReadAction\",\"target\":[\"https:\\\/\\\/www.bbmnoticias.com\\\/labravaradiofm\\\/2022\\\/01\\\/12\\\/el-canto-del-buho-mas-vale-tarde-que-nunca\\\/\"]}]},{\"@type\":\"ImageObject\",\"inLanguage\":\"es\",\"@id\":\"https:\\\/\\\/www.bbmnoticias.com\\\/labravaradiofm\\\/2022\\\/01\\\/12\\\/el-canto-del-buho-mas-vale-tarde-que-nunca\\\/#primaryimage\",\"url\":\"https:\\\/\\\/www.bbmnoticias.com\\\/labravaradiofm\\\/wp-content\\\/uploads\\\/sites\\\/5\\\/2022\\\/01\\\/elcanto12012022.jpg\",\"contentUrl\":\"https:\\\/\\\/www.bbmnoticias.com\\\/labravaradiofm\\\/wp-content\\\/uploads\\\/sites\\\/5\\\/2022\\\/01\\\/elcanto12012022.jpg\",\"width\":650,\"height\":360},{\"@type\":\"BreadcrumbList\",\"@id\":\"https:\\\/\\\/www.bbmnoticias.com\\\/labravaradiofm\\\/2022\\\/01\\\/12\\\/el-canto-del-buho-mas-vale-tarde-que-nunca\\\/#breadcrumb\",\"itemListElement\":[{\"@type\":\"ListItem\",\"position\":1,\"name\":\"Inicio\",\"item\":\"https:\\\/\\\/www.bbmnoticias.com\\\/labravaradiofm\\\/\"},{\"@type\":\"ListItem\",\"position\":2,\"name\":\"El canto del B\u00faho &#8211; M\u00e1s vale tarde que nunca\"}]},{\"@type\":\"WebSite\",\"@id\":\"https:\\\/\\\/www.bbmnoticias.com\\\/labravaradiofm\\\/#website\",\"url\":\"https:\\\/\\\/www.bbmnoticias.com\\\/labravaradiofm\\\/\",\"name\":\"LA BRAVA RADIO\",\"description\":\"Empresa productora de medios, Radiodifusi\u00f3n, Noticias, tendencias y todo lo que necesitas saber de la pol\u00edtica mexicana e internacional; entretenimiento, espect\u00e1culos, salud y mucho m\u00e1s.\",\"potentialAction\":[{\"@type\":\"SearchAction\",\"target\":{\"@type\":\"EntryPoint\",\"urlTemplate\":\"https:\\\/\\\/www.bbmnoticias.com\\\/labravaradiofm\\\/?s={search_term_string}\"},\"query-input\":{\"@type\":\"PropertyValueSpecification\",\"valueRequired\":true,\"valueName\":\"search_term_string\"}}],\"inLanguage\":\"es\"},{\"@type\":\"Person\",\"@id\":\"https:\\\/\\\/www.bbmnoticias.com\\\/labravaradiofm\\\/#\\\/schema\\\/person\\\/b1f24ff43a407a5f7093af0d867e2717\",\"name\":\"Pedro Botero\",\"image\":{\"@type\":\"ImageObject\",\"inLanguage\":\"es\",\"@id\":\"https:\\\/\\\/secure.gravatar.com\\\/avatar\\\/3e1604f74223697b158b4f0509f030050c1609806bd1c24b9ac5d9759b30b353?s=96&d=mm&r=g\",\"url\":\"https:\\\/\\\/secure.gravatar.com\\\/avatar\\\/3e1604f74223697b158b4f0509f030050c1609806bd1c24b9ac5d9759b30b353?s=96&d=mm&r=g\",\"contentUrl\":\"https:\\\/\\\/secure.gravatar.com\\\/avatar\\\/3e1604f74223697b158b4f0509f030050c1609806bd1c24b9ac5d9759b30b353?s=96&d=mm&r=g\",\"caption\":\"Pedro Botero\"},\"sameAs\":[\"http:\\\/\\\/www.bbmnoticias.com\"],\"url\":\"https:\\\/\\\/www.bbmnoticias.com\\\/labravaradiofm\\\/author\\\/pedrobotero\\\/\"}]}<\/script>\n<!-- \/ Yoast SEO plugin. -->","yoast_head_json":{"title":"El canto del B\u00faho - M\u00e1s vale tarde que nunca - LA BRAVA RADIO","robots":{"index":"index","follow":"follow","max-snippet":"max-snippet:-1","max-image-preview":"max-image-preview:large","max-video-preview":"max-video-preview:-1"},"canonical":"https:\/\/www.bbmnoticias.com\/labravaradiofm\/2022\/01\/12\/el-canto-del-buho-mas-vale-tarde-que-nunca\/","og_locale":"es_MX","og_type":"article","og_title":"El canto del B\u00faho - M\u00e1s vale tarde que nunca - LA BRAVA RADIO","og_description":"Mientras que en los estados vecinos de Chiapas y Veracruz, sus ciudadanos contaron, mucho antes, con la vacuna del refuerzo para los Profesores y adultos de 60 y m\u00e1s, en Oaxaca, los responsables de programarlas, andaban en la grilla de la gubernatura.&nbsp;&nbsp; Paisanos del Istmo de Tehuantepec y la Cuenca, han viajado&nbsp; a estos estados [&hellip;]","og_url":"https:\/\/www.bbmnoticias.com\/labravaradiofm\/2022\/01\/12\/el-canto-del-buho-mas-vale-tarde-que-nunca\/","og_site_name":"LA BRAVA RADIO","article_published_time":"2022-01-12T13:55:16+00:00","article_modified_time":"2022-01-12T21:51:49+00:00","og_image":[{"width":650,"height":360,"url":"https:\/\/www.bbmnoticias.com\/labravaradiofm\/wp-content\/uploads\/sites\/5\/2022\/01\/elcanto12012022.jpg","type":"image\/jpeg"}],"author":"Pedro Botero","twitter_card":"summary_large_image","twitter_misc":{"Escrito por":"Pedro Botero","Tiempo de lectura":"4 minutos"},"schema":{"@context":"https:\/\/schema.org","@graph":[{"@type":"Article","@id":"https:\/\/www.bbmnoticias.com\/labravaradiofm\/2022\/01\/12\/el-canto-del-buho-mas-vale-tarde-que-nunca\/#article","isPartOf":{"@id":"https:\/\/www.bbmnoticias.com\/labravaradiofm\/2022\/01\/12\/el-canto-del-buho-mas-vale-tarde-que-nunca\/"},"author":{"name":"Pedro Botero","@id":"https:\/\/www.bbmnoticias.com\/labravaradiofm\/#\/schema\/person\/b1f24ff43a407a5f7093af0d867e2717"},"headline":"El canto del B\u00faho &#8211; M\u00e1s vale tarde que nunca","datePublished":"2022-01-12T13:55:16+00:00","dateModified":"2022-01-12T21:51:49+00:00","mainEntityOfPage":{"@id":"https:\/\/www.bbmnoticias.com\/labravaradiofm\/2022\/01\/12\/el-canto-del-buho-mas-vale-tarde-que-nunca\/"},"wordCount":870,"image":{"@id":"https:\/\/www.bbmnoticias.com\/labravaradiofm\/2022\/01\/12\/el-canto-del-buho-mas-vale-tarde-que-nunca\/#primaryimage"},"thumbnailUrl":"https:\/\/www.bbmnoticias.com\/labravaradiofm\/wp-content\/uploads\/sites\/5\/2022\/01\/elcanto12012022.jpg","articleSection":["LOCAL"],"inLanguage":"es"},{"@type":"WebPage","@id":"https:\/\/www.bbmnoticias.com\/labravaradiofm\/2022\/01\/12\/el-canto-del-buho-mas-vale-tarde-que-nunca\/","url":"https:\/\/www.bbmnoticias.com\/labravaradiofm\/2022\/01\/12\/el-canto-del-buho-mas-vale-tarde-que-nunca\/","name":"El canto del B\u00faho - M\u00e1s vale tarde que nunca - LA BRAVA RADIO","isPartOf":{"@id":"https:\/\/www.bbmnoticias.com\/labravaradiofm\/#website"},"primaryImageOfPage":{"@id":"https:\/\/www.bbmnoticias.com\/labravaradiofm\/2022\/01\/12\/el-canto-del-buho-mas-vale-tarde-que-nunca\/#primaryimage"},"image":{"@id":"https:\/\/www.bbmnoticias.com\/labravaradiofm\/2022\/01\/12\/el-canto-del-buho-mas-vale-tarde-que-nunca\/#primaryimage"},"thumbnailUrl":"https:\/\/www.bbmnoticias.com\/labravaradiofm\/wp-content\/uploads\/sites\/5\/2022\/01\/elcanto12012022.jpg","datePublished":"2022-01-12T13:55:16+00:00","dateModified":"2022-01-12T21:51:49+00:00","author":{"@id":"https:\/\/www.bbmnoticias.com\/labravaradiofm\/#\/schema\/person\/b1f24ff43a407a5f7093af0d867e2717"},"breadcrumb":{"@id":"https:\/\/www.bbmnoticias.com\/labravaradiofm\/2022\/01\/12\/el-canto-del-buho-mas-vale-tarde-que-nunca\/#breadcrumb"},"inLanguage":"es","potentialAction":[{"@type":"ReadAction","target":["https:\/\/www.bbmnoticias.com\/labravaradiofm\/2022\/01\/12\/el-canto-del-buho-mas-vale-tarde-que-nunca\/"]}]},{"@type":"ImageObject","inLanguage":"es","@id":"https:\/\/www.bbmnoticias.com\/labravaradiofm\/2022\/01\/12\/el-canto-del-buho-mas-vale-tarde-que-nunca\/#primaryimage","url":"https:\/\/www.bbmnoticias.com\/labravaradiofm\/wp-content\/uploads\/sites\/5\/2022\/01\/elcanto12012022.jpg","contentUrl":"https:\/\/www.bbmnoticias.com\/labravaradiofm\/wp-content\/uploads\/sites\/5\/2022\/01\/elcanto12012022.jpg","width":650,"height":360},{"@type":"BreadcrumbList","@id":"https:\/\/www.bbmnoticias.com\/labravaradiofm\/2022\/01\/12\/el-canto-del-buho-mas-vale-tarde-que-nunca\/#breadcrumb","itemListElement":[{"@type":"ListItem","position":1,"name":"Inicio","item":"https:\/\/www.bbmnoticias.com\/labravaradiofm\/"},{"@type":"ListItem","position":2,"name":"El canto del B\u00faho &#8211; M\u00e1s vale tarde que nunca"}]},{"@type":"WebSite","@id":"https:\/\/www.bbmnoticias.com\/labravaradiofm\/#website","url":"https:\/\/www.bbmnoticias.com\/labravaradiofm\/","name":"LA BRAVA RADIO","description":"Empresa productora de medios, Radiodifusi\u00f3n, Noticias, tendencias y todo lo que necesitas saber de la pol\u00edtica mexicana e internacional; entretenimiento, espect\u00e1culos, salud y mucho m\u00e1s.","potentialAction":[{"@type":"SearchAction","target":{"@type":"EntryPoint","urlTemplate":"https:\/\/www.bbmnoticias.com\/labravaradiofm\/?s={search_term_string}"},"query-input":{"@type":"PropertyValueSpecification","valueRequired":true,"valueName":"search_term_string"}}],"inLanguage":"es"},{"@type":"Person","@id":"https:\/\/www.bbmnoticias.com\/labravaradiofm\/#\/schema\/person\/b1f24ff43a407a5f7093af0d867e2717","name":"Pedro Botero","image":{"@type":"ImageObject","inLanguage":"es","@id":"https:\/\/secure.gravatar.com\/avatar\/3e1604f74223697b158b4f0509f030050c1609806bd1c24b9ac5d9759b30b353?s=96&d=mm&r=g","url":"https:\/\/secure.gravatar.com\/avatar\/3e1604f74223697b158b4f0509f030050c1609806bd1c24b9ac5d9759b30b353?s=96&d=mm&r=g","contentUrl":"https:\/\/secure.gravatar.com\/avatar\/3e1604f74223697b158b4f0509f030050c1609806bd1c24b9ac5d9759b30b353?s=96&d=mm&r=g","caption":"Pedro Botero"},"sameAs":["http:\/\/www.bbmnoticias.com"],"url":"https:\/\/www.bbmnoticias.com\/labravaradiofm\/author\/pedrobotero\/"}]}},"_links":{"self":[{"href":"https:\/\/www.bbmnoticias.com\/labravaradiofm\/wp-json\/wp\/v2\/posts\/8420","targetHints":{"allow":["GET"]}}],"collection":[{"href":"https:\/\/www.bbmnoticias.com\/labravaradiofm\/wp-json\/wp\/v2\/posts"}],"about":[{"href":"https:\/\/www.bbmnoticias.com\/labravaradiofm\/wp-json\/wp\/v2\/types\/post"}],"author":[{"embeddable":true,"href":"https:\/\/www.bbmnoticias.com\/labravaradiofm\/wp-json\/wp\/v2\/users\/18"}],"replies":[{"embeddable":true,"href":"https:\/\/www.bbmnoticias.com\/labravaradiofm\/wp-json\/wp\/v2\/comments?post=8420"}],"version-history":[{"count":0,"href":"https:\/\/www.bbmnoticias.com\/labravaradiofm\/wp-json\/wp\/v2\/posts\/8420\/revisions"}],"wp:featuredmedia":[{"embeddable":true,"href":"https:\/\/www.bbmnoticias.com\/labravaradiofm\/wp-json\/wp\/v2\/media\/8421"}],"wp:attachment":[{"href":"https:\/\/www.bbmnoticias.com\/labravaradiofm\/wp-json\/wp\/v2\/media?parent=8420"}],"wp:term":[{"taxonomy":"category","embeddable":true,"href":"https:\/\/www.bbmnoticias.com\/labravaradiofm\/wp-json\/wp\/v2\/categories?post=8420"},{"taxonomy":"post_tag","embeddable":true,"href":"https:\/\/www.bbmnoticias.com\/labravaradiofm\/wp-json\/wp\/v2\/tags?post=8420"}],"curies":[{"name":"wp","href":"https:\/\/api.w.org\/{rel}","templated":true}]}}