{"id":8414,"date":"2022-01-11T19:30:52","date_gmt":"2022-01-12T01:30:52","guid":{"rendered":"https:\/\/www.bbmnoticias.com\/labravaradiofm\/?p=8414"},"modified":"2022-01-11T19:30:53","modified_gmt":"2022-01-12T01:30:53","slug":"entrega-director-general-de-pemex-ambulancias-de-traslado-y-anuncia-basificacion-de-trabajadores-de-servicios-de-salud","status":"publish","type":"post","link":"https:\/\/www.bbmnoticias.com\/labravaradiofm\/2022\/01\/11\/entrega-director-general-de-pemex-ambulancias-de-traslado-y-anuncia-basificacion-de-trabajadores-de-servicios-de-salud\/","title":{"rendered":"Entrega director general de PEMEX ambulancias de traslado y anuncia basificaci\u00f3n de trabajadores de Servicios de Salud"},"content":{"rendered":"<div style=\"margin-top: 0px; margin-bottom: 0px;\" class=\"sharethis-inline-share-buttons\" ><\/div>\n<p>El director general de Petr\u00f3leos Mexicanos (PEMEX), Ing. Octavio Romero Oropeza, dio el banderazo de salida de las primeras 40 ambulancias de traslado, de un total de 129 que se distribuir\u00e1n en las diferentes unidades m\u00e9dicas del pa\u00eds, con el prop\u00f3sito de ofrecer un mejor servicio a las y los trabajadores, nuestro activo m\u00e1s importante.<\/p>\n\n\n\n<p>Indic\u00f3 que se trata de la renovaci\u00f3n del parque vehicular de ambulancias que se ir\u00e1n recibiendo en el transcurso de este mes para sustituir as\u00ed a las unidades que ya no est\u00e1n en condiciones de prestar un buen servicio. <a>Las nuevas ambulancias est\u00e1n equipadas para ofrecer un eficaz traslado de pacientes<\/a>, trabajadores o quien lo requiera, porque PEMEX siempre ha sido muy solidario con el resto de la poblaci\u00f3n.<\/p>\n\n\n\n<p>El titular de PEMEX expuso que, en cumplimiento de las instrucciones del presidente de M\u00e9xico, Lic. Andr\u00e9s Manuel L\u00f3pez Obrador, a partir de febrero y hasta el t\u00e9rmino de esta administraci\u00f3n se llevar\u00e1 a cabo un programa de ascensos por escalaf\u00f3n y basificaci\u00f3n de trabajadores transitorios, d\u00e1ndole prioridad a los criterios de antig\u00fcedad y funci\u00f3n estrat\u00e9gica. En Servicios de Salud se iniciar\u00e1 con 409 empleados y con ello se va a garantizar la plantilla necesaria para atender a trabajadores en activo, jubilados y derechohabientes.<\/p>\n\n\n\n<p>Romero Oropeza explic\u00f3 que a nivel nacional, en todo PEMEX, se basificar\u00e1 a 17 mil trabajadores transitorios, por tratarse de un derecho. Enfatiz\u00f3 que este no es un tema pol\u00edtico, sino de justicia laboral. El proceso ser\u00e1 totalmente transparente y gratuito, por lo que exhort\u00f3 a los trabajadores a denunciar inmediatamente cualquier anomal\u00eda o irregularidad que conozcan.<\/p>\n\n\n\n<p>Al evento que se realiz\u00f3 en la explanada principal del Cetro Administrativo PEMEX de la Ciudad de M\u00e9xico, asistieron Marcos Herrer\u00eda Alamina, director Corporativo de Administraci\u00f3n y Servicios; Rodolfo Lehmann Mendoza, subdirector de Servicios de Salud; Edel\u00edn P\u00e9rez C\u00e1rdenas, supervisora de Enfermer\u00eda y Norma Judith Santiago Medina, Coordinadora Nacional de Enfermer\u00eda.<\/p>\n","protected":false},"excerpt":{"rendered":"<p>El director general de Petr\u00f3leos Mexicanos (PEMEX), Ing. Octavio Romero Oropeza, dio el banderazo de salida de las primeras 40 ambulancias de traslado, de un total de 129 que se distribuir\u00e1n en las diferentes unidades m\u00e9dicas del pa\u00eds, con el prop\u00f3sito de ofrecer un mejor servicio a las y los trabajadores, nuestro activo m\u00e1s importante. [&hellip;]<\/p>\n","protected":false},"author":2,"featured_media":8415,"comment_status":"closed","ping_status":"closed","sticky":false,"template":"","format":"standard","meta":{"footnotes":""},"categories":[19],"tags":[],"class_list":{"0":"post-8414","1":"post","2":"type-post","3":"status-publish","4":"format-standard","5":"has-post-thumbnail","7":"category-nacional"},"yoast_head":"<!-- This site is optimized with the Yoast SEO plugin v27.4 - https:\/\/yoast.com\/product\/yoast-seo-wordpress\/ -->\n<title>Entrega director general de PEMEX ambulancias de traslado y anuncia basificaci\u00f3n de trabajadores de Servicios de Salud - LA BRAVA RADIO<\/title>\n<meta name=\"robots\" content=\"index, follow, max-snippet:-1, max-image-preview:large, max-video-preview:-1\" \/>\n<link rel=\"canonical\" href=\"https:\/\/www.bbmnoticias.com\/labravaradiofm\/2022\/01\/11\/entrega-director-general-de-pemex-ambulancias-de-traslado-y-anuncia-basificacion-de-trabajadores-de-servicios-de-salud\/\" \/>\n<meta property=\"og:locale\" content=\"es_MX\" \/>\n<meta property=\"og:type\" content=\"article\" \/>\n<meta property=\"og:title\" content=\"Entrega director general de PEMEX ambulancias de traslado y anuncia basificaci\u00f3n de trabajadores de Servicios de Salud - LA BRAVA RADIO\" \/>\n<meta property=\"og:description\" content=\"El director general de Petr\u00f3leos Mexicanos (PEMEX), Ing. Octavio Romero Oropeza, dio el banderazo de salida de las primeras 40 ambulancias de traslado, de un total de 129 que se distribuir\u00e1n en las diferentes unidades m\u00e9dicas del pa\u00eds, con el prop\u00f3sito de ofrecer un mejor servicio a las y los trabajadores, nuestro activo m\u00e1s importante. [&hellip;]\" \/>\n<meta property=\"og:url\" content=\"https:\/\/www.bbmnoticias.com\/labravaradiofm\/2022\/01\/11\/entrega-director-general-de-pemex-ambulancias-de-traslado-y-anuncia-basificacion-de-trabajadores-de-servicios-de-salud\/\" \/>\n<meta property=\"og:site_name\" content=\"LA BRAVA RADIO\" \/>\n<meta property=\"article:published_time\" content=\"2022-01-12T01:30:52+00:00\" \/>\n<meta property=\"article:modified_time\" content=\"2022-01-12T01:30:53+00:00\" \/>\n<meta property=\"og:image\" content=\"https:\/\/www.bbmnoticias.com\/labravaradiofm\/wp-content\/uploads\/sites\/5\/2022\/01\/pemex-entrega.jpg\" \/>\n\t<meta property=\"og:image:width\" content=\"1280\" \/>\n\t<meta property=\"og:image:height\" content=\"886\" \/>\n\t<meta property=\"og:image:type\" content=\"image\/jpeg\" \/>\n<meta name=\"author\" content=\"Staff\" \/>\n<meta name=\"twitter:card\" content=\"summary_large_image\" \/>\n<meta name=\"twitter:label1\" content=\"Escrito por\" \/>\n\t<meta name=\"twitter:data1\" content=\"Staff\" \/>\n\t<meta name=\"twitter:label2\" content=\"Tiempo de lectura\" \/>\n\t<meta name=\"twitter:data2\" content=\"2 minutos\" \/>\n<script type=\"application\/ld+json\" class=\"yoast-schema-graph\">{\"@context\":\"https:\\\/\\\/schema.org\",\"@graph\":[{\"@type\":\"Article\",\"@id\":\"https:\\\/\\\/www.bbmnoticias.com\\\/labravaradiofm\\\/2022\\\/01\\\/11\\\/entrega-director-general-de-pemex-ambulancias-de-traslado-y-anuncia-basificacion-de-trabajadores-de-servicios-de-salud\\\/#article\",\"isPartOf\":{\"@id\":\"https:\\\/\\\/www.bbmnoticias.com\\\/labravaradiofm\\\/2022\\\/01\\\/11\\\/entrega-director-general-de-pemex-ambulancias-de-traslado-y-anuncia-basificacion-de-trabajadores-de-servicios-de-salud\\\/\"},\"author\":{\"name\":\"Staff\",\"@id\":\"https:\\\/\\\/www.bbmnoticias.com\\\/labravaradiofm\\\/#\\\/schema\\\/person\\\/68a9e9036ef3c5b55aeb2b71dc8bab45\"},\"headline\":\"Entrega director general de PEMEX ambulancias de traslado y anuncia basificaci\u00f3n de trabajadores de Servicios de Salud\",\"datePublished\":\"2022-01-12T01:30:52+00:00\",\"dateModified\":\"2022-01-12T01:30:53+00:00\",\"mainEntityOfPage\":{\"@id\":\"https:\\\/\\\/www.bbmnoticias.com\\\/labravaradiofm\\\/2022\\\/01\\\/11\\\/entrega-director-general-de-pemex-ambulancias-de-traslado-y-anuncia-basificacion-de-trabajadores-de-servicios-de-salud\\\/\"},\"wordCount\":362,\"image\":{\"@id\":\"https:\\\/\\\/www.bbmnoticias.com\\\/labravaradiofm\\\/2022\\\/01\\\/11\\\/entrega-director-general-de-pemex-ambulancias-de-traslado-y-anuncia-basificacion-de-trabajadores-de-servicios-de-salud\\\/#primaryimage\"},\"thumbnailUrl\":\"https:\\\/\\\/www.bbmnoticias.com\\\/labravaradiofm\\\/wp-content\\\/uploads\\\/sites\\\/5\\\/2022\\\/01\\\/pemex-entrega.jpg\",\"articleSection\":[\"NACIONAL\"],\"inLanguage\":\"es\"},{\"@type\":\"WebPage\",\"@id\":\"https:\\\/\\\/www.bbmnoticias.com\\\/labravaradiofm\\\/2022\\\/01\\\/11\\\/entrega-director-general-de-pemex-ambulancias-de-traslado-y-anuncia-basificacion-de-trabajadores-de-servicios-de-salud\\\/\",\"url\":\"https:\\\/\\\/www.bbmnoticias.com\\\/labravaradiofm\\\/2022\\\/01\\\/11\\\/entrega-director-general-de-pemex-ambulancias-de-traslado-y-anuncia-basificacion-de-trabajadores-de-servicios-de-salud\\\/\",\"name\":\"Entrega director general de PEMEX ambulancias de traslado y anuncia basificaci\u00f3n de trabajadores de Servicios de Salud - LA BRAVA RADIO\",\"isPartOf\":{\"@id\":\"https:\\\/\\\/www.bbmnoticias.com\\\/labravaradiofm\\\/#website\"},\"primaryImageOfPage\":{\"@id\":\"https:\\\/\\\/www.bbmnoticias.com\\\/labravaradiofm\\\/2022\\\/01\\\/11\\\/entrega-director-general-de-pemex-ambulancias-de-traslado-y-anuncia-basificacion-de-trabajadores-de-servicios-de-salud\\\/#primaryimage\"},\"image\":{\"@id\":\"https:\\\/\\\/www.bbmnoticias.com\\\/labravaradiofm\\\/2022\\\/01\\\/11\\\/entrega-director-general-de-pemex-ambulancias-de-traslado-y-anuncia-basificacion-de-trabajadores-de-servicios-de-salud\\\/#primaryimage\"},\"thumbnailUrl\":\"https:\\\/\\\/www.bbmnoticias.com\\\/labravaradiofm\\\/wp-content\\\/uploads\\\/sites\\\/5\\\/2022\\\/01\\\/pemex-entrega.jpg\",\"datePublished\":\"2022-01-12T01:30:52+00:00\",\"dateModified\":\"2022-01-12T01:30:53+00:00\",\"author\":{\"@id\":\"https:\\\/\\\/www.bbmnoticias.com\\\/labravaradiofm\\\/#\\\/schema\\\/person\\\/68a9e9036ef3c5b55aeb2b71dc8bab45\"},\"breadcrumb\":{\"@id\":\"https:\\\/\\\/www.bbmnoticias.com\\\/labravaradiofm\\\/2022\\\/01\\\/11\\\/entrega-director-general-de-pemex-ambulancias-de-traslado-y-anuncia-basificacion-de-trabajadores-de-servicios-de-salud\\\/#breadcrumb\"},\"inLanguage\":\"es\",\"potentialAction\":[{\"@type\":\"ReadAction\",\"target\":[\"https:\\\/\\\/www.bbmnoticias.com\\\/labravaradiofm\\\/2022\\\/01\\\/11\\\/entrega-director-general-de-pemex-ambulancias-de-traslado-y-anuncia-basificacion-de-trabajadores-de-servicios-de-salud\\\/\"]}]},{\"@type\":\"ImageObject\",\"inLanguage\":\"es\",\"@id\":\"https:\\\/\\\/www.bbmnoticias.com\\\/labravaradiofm\\\/2022\\\/01\\\/11\\\/entrega-director-general-de-pemex-ambulancias-de-traslado-y-anuncia-basificacion-de-trabajadores-de-servicios-de-salud\\\/#primaryimage\",\"url\":\"https:\\\/\\\/www.bbmnoticias.com\\\/labravaradiofm\\\/wp-content\\\/uploads\\\/sites\\\/5\\\/2022\\\/01\\\/pemex-entrega.jpg\",\"contentUrl\":\"https:\\\/\\\/www.bbmnoticias.com\\\/labravaradiofm\\\/wp-content\\\/uploads\\\/sites\\\/5\\\/2022\\\/01\\\/pemex-entrega.jpg\",\"width\":1280,\"height\":886},{\"@type\":\"BreadcrumbList\",\"@id\":\"https:\\\/\\\/www.bbmnoticias.com\\\/labravaradiofm\\\/2022\\\/01\\\/11\\\/entrega-director-general-de-pemex-ambulancias-de-traslado-y-anuncia-basificacion-de-trabajadores-de-servicios-de-salud\\\/#breadcrumb\",\"itemListElement\":[{\"@type\":\"ListItem\",\"position\":1,\"name\":\"Inicio\",\"item\":\"https:\\\/\\\/www.bbmnoticias.com\\\/labravaradiofm\\\/\"},{\"@type\":\"ListItem\",\"position\":2,\"name\":\"Entrega director general de PEMEX ambulancias de traslado y anuncia basificaci\u00f3n de trabajadores de Servicios de Salud\"}]},{\"@type\":\"WebSite\",\"@id\":\"https:\\\/\\\/www.bbmnoticias.com\\\/labravaradiofm\\\/#website\",\"url\":\"https:\\\/\\\/www.bbmnoticias.com\\\/labravaradiofm\\\/\",\"name\":\"LA BRAVA RADIO\",\"description\":\"Empresa productora de medios, Radiodifusi\u00f3n, Noticias, tendencias y todo lo que necesitas saber de la pol\u00edtica mexicana e internacional; entretenimiento, espect\u00e1culos, salud y mucho m\u00e1s.\",\"potentialAction\":[{\"@type\":\"SearchAction\",\"target\":{\"@type\":\"EntryPoint\",\"urlTemplate\":\"https:\\\/\\\/www.bbmnoticias.com\\\/labravaradiofm\\\/?s={search_term_string}\"},\"query-input\":{\"@type\":\"PropertyValueSpecification\",\"valueRequired\":true,\"valueName\":\"search_term_string\"}}],\"inLanguage\":\"es\"},{\"@type\":\"Person\",\"@id\":\"https:\\\/\\\/www.bbmnoticias.com\\\/labravaradiofm\\\/#\\\/schema\\\/person\\\/68a9e9036ef3c5b55aeb2b71dc8bab45\",\"name\":\"Staff\",\"image\":{\"@type\":\"ImageObject\",\"inLanguage\":\"es\",\"@id\":\"https:\\\/\\\/secure.gravatar.com\\\/avatar\\\/fdd21ad66fd8b98c407f9dee5b5e588cfe7f0d8579ec20fa6527cd59bab7f0f0?s=96&d=mm&r=g\",\"url\":\"https:\\\/\\\/secure.gravatar.com\\\/avatar\\\/fdd21ad66fd8b98c407f9dee5b5e588cfe7f0d8579ec20fa6527cd59bab7f0f0?s=96&d=mm&r=g\",\"contentUrl\":\"https:\\\/\\\/secure.gravatar.com\\\/avatar\\\/fdd21ad66fd8b98c407f9dee5b5e588cfe7f0d8579ec20fa6527cd59bab7f0f0?s=96&d=mm&r=g\",\"caption\":\"Staff\"},\"url\":\"https:\\\/\\\/www.bbmnoticias.com\\\/labravaradiofm\\\/author\\\/redaccion\\\/\"}]}<\/script>\n<!-- \/ Yoast SEO plugin. -->","yoast_head_json":{"title":"Entrega director general de PEMEX ambulancias de traslado y anuncia basificaci\u00f3n de trabajadores de Servicios de Salud - LA BRAVA RADIO","robots":{"index":"index","follow":"follow","max-snippet":"max-snippet:-1","max-image-preview":"max-image-preview:large","max-video-preview":"max-video-preview:-1"},"canonical":"https:\/\/www.bbmnoticias.com\/labravaradiofm\/2022\/01\/11\/entrega-director-general-de-pemex-ambulancias-de-traslado-y-anuncia-basificacion-de-trabajadores-de-servicios-de-salud\/","og_locale":"es_MX","og_type":"article","og_title":"Entrega director general de PEMEX ambulancias de traslado y anuncia basificaci\u00f3n de trabajadores de Servicios de Salud - LA BRAVA RADIO","og_description":"El director general de Petr\u00f3leos Mexicanos (PEMEX), Ing. Octavio Romero Oropeza, dio el banderazo de salida de las primeras 40 ambulancias de traslado, de un total de 129 que se distribuir\u00e1n en las diferentes unidades m\u00e9dicas del pa\u00eds, con el prop\u00f3sito de ofrecer un mejor servicio a las y los trabajadores, nuestro activo m\u00e1s importante. [&hellip;]","og_url":"https:\/\/www.bbmnoticias.com\/labravaradiofm\/2022\/01\/11\/entrega-director-general-de-pemex-ambulancias-de-traslado-y-anuncia-basificacion-de-trabajadores-de-servicios-de-salud\/","og_site_name":"LA BRAVA RADIO","article_published_time":"2022-01-12T01:30:52+00:00","article_modified_time":"2022-01-12T01:30:53+00:00","og_image":[{"width":1280,"height":886,"url":"https:\/\/www.bbmnoticias.com\/labravaradiofm\/wp-content\/uploads\/sites\/5\/2022\/01\/pemex-entrega.jpg","type":"image\/jpeg"}],"author":"Staff","twitter_card":"summary_large_image","twitter_misc":{"Escrito por":"Staff","Tiempo de lectura":"2 minutos"},"schema":{"@context":"https:\/\/schema.org","@graph":[{"@type":"Article","@id":"https:\/\/www.bbmnoticias.com\/labravaradiofm\/2022\/01\/11\/entrega-director-general-de-pemex-ambulancias-de-traslado-y-anuncia-basificacion-de-trabajadores-de-servicios-de-salud\/#article","isPartOf":{"@id":"https:\/\/www.bbmnoticias.com\/labravaradiofm\/2022\/01\/11\/entrega-director-general-de-pemex-ambulancias-de-traslado-y-anuncia-basificacion-de-trabajadores-de-servicios-de-salud\/"},"author":{"name":"Staff","@id":"https:\/\/www.bbmnoticias.com\/labravaradiofm\/#\/schema\/person\/68a9e9036ef3c5b55aeb2b71dc8bab45"},"headline":"Entrega director general de PEMEX ambulancias de traslado y anuncia basificaci\u00f3n de trabajadores de Servicios de Salud","datePublished":"2022-01-12T01:30:52+00:00","dateModified":"2022-01-12T01:30:53+00:00","mainEntityOfPage":{"@id":"https:\/\/www.bbmnoticias.com\/labravaradiofm\/2022\/01\/11\/entrega-director-general-de-pemex-ambulancias-de-traslado-y-anuncia-basificacion-de-trabajadores-de-servicios-de-salud\/"},"wordCount":362,"image":{"@id":"https:\/\/www.bbmnoticias.com\/labravaradiofm\/2022\/01\/11\/entrega-director-general-de-pemex-ambulancias-de-traslado-y-anuncia-basificacion-de-trabajadores-de-servicios-de-salud\/#primaryimage"},"thumbnailUrl":"https:\/\/www.bbmnoticias.com\/labravaradiofm\/wp-content\/uploads\/sites\/5\/2022\/01\/pemex-entrega.jpg","articleSection":["NACIONAL"],"inLanguage":"es"},{"@type":"WebPage","@id":"https:\/\/www.bbmnoticias.com\/labravaradiofm\/2022\/01\/11\/entrega-director-general-de-pemex-ambulancias-de-traslado-y-anuncia-basificacion-de-trabajadores-de-servicios-de-salud\/","url":"https:\/\/www.bbmnoticias.com\/labravaradiofm\/2022\/01\/11\/entrega-director-general-de-pemex-ambulancias-de-traslado-y-anuncia-basificacion-de-trabajadores-de-servicios-de-salud\/","name":"Entrega director general de PEMEX ambulancias de traslado y anuncia basificaci\u00f3n de trabajadores de Servicios de Salud - LA BRAVA RADIO","isPartOf":{"@id":"https:\/\/www.bbmnoticias.com\/labravaradiofm\/#website"},"primaryImageOfPage":{"@id":"https:\/\/www.bbmnoticias.com\/labravaradiofm\/2022\/01\/11\/entrega-director-general-de-pemex-ambulancias-de-traslado-y-anuncia-basificacion-de-trabajadores-de-servicios-de-salud\/#primaryimage"},"image":{"@id":"https:\/\/www.bbmnoticias.com\/labravaradiofm\/2022\/01\/11\/entrega-director-general-de-pemex-ambulancias-de-traslado-y-anuncia-basificacion-de-trabajadores-de-servicios-de-salud\/#primaryimage"},"thumbnailUrl":"https:\/\/www.bbmnoticias.com\/labravaradiofm\/wp-content\/uploads\/sites\/5\/2022\/01\/pemex-entrega.jpg","datePublished":"2022-01-12T01:30:52+00:00","dateModified":"2022-01-12T01:30:53+00:00","author":{"@id":"https:\/\/www.bbmnoticias.com\/labravaradiofm\/#\/schema\/person\/68a9e9036ef3c5b55aeb2b71dc8bab45"},"breadcrumb":{"@id":"https:\/\/www.bbmnoticias.com\/labravaradiofm\/2022\/01\/11\/entrega-director-general-de-pemex-ambulancias-de-traslado-y-anuncia-basificacion-de-trabajadores-de-servicios-de-salud\/#breadcrumb"},"inLanguage":"es","potentialAction":[{"@type":"ReadAction","target":["https:\/\/www.bbmnoticias.com\/labravaradiofm\/2022\/01\/11\/entrega-director-general-de-pemex-ambulancias-de-traslado-y-anuncia-basificacion-de-trabajadores-de-servicios-de-salud\/"]}]},{"@type":"ImageObject","inLanguage":"es","@id":"https:\/\/www.bbmnoticias.com\/labravaradiofm\/2022\/01\/11\/entrega-director-general-de-pemex-ambulancias-de-traslado-y-anuncia-basificacion-de-trabajadores-de-servicios-de-salud\/#primaryimage","url":"https:\/\/www.bbmnoticias.com\/labravaradiofm\/wp-content\/uploads\/sites\/5\/2022\/01\/pemex-entrega.jpg","contentUrl":"https:\/\/www.bbmnoticias.com\/labravaradiofm\/wp-content\/uploads\/sites\/5\/2022\/01\/pemex-entrega.jpg","width":1280,"height":886},{"@type":"BreadcrumbList","@id":"https:\/\/www.bbmnoticias.com\/labravaradiofm\/2022\/01\/11\/entrega-director-general-de-pemex-ambulancias-de-traslado-y-anuncia-basificacion-de-trabajadores-de-servicios-de-salud\/#breadcrumb","itemListElement":[{"@type":"ListItem","position":1,"name":"Inicio","item":"https:\/\/www.bbmnoticias.com\/labravaradiofm\/"},{"@type":"ListItem","position":2,"name":"Entrega director general de PEMEX ambulancias de traslado y anuncia basificaci\u00f3n de trabajadores de Servicios de Salud"}]},{"@type":"WebSite","@id":"https:\/\/www.bbmnoticias.com\/labravaradiofm\/#website","url":"https:\/\/www.bbmnoticias.com\/labravaradiofm\/","name":"LA BRAVA RADIO","description":"Empresa productora de medios, Radiodifusi\u00f3n, Noticias, tendencias y todo lo que necesitas saber de la pol\u00edtica mexicana e internacional; entretenimiento, espect\u00e1culos, salud y mucho m\u00e1s.","potentialAction":[{"@type":"SearchAction","target":{"@type":"EntryPoint","urlTemplate":"https:\/\/www.bbmnoticias.com\/labravaradiofm\/?s={search_term_string}"},"query-input":{"@type":"PropertyValueSpecification","valueRequired":true,"valueName":"search_term_string"}}],"inLanguage":"es"},{"@type":"Person","@id":"https:\/\/www.bbmnoticias.com\/labravaradiofm\/#\/schema\/person\/68a9e9036ef3c5b55aeb2b71dc8bab45","name":"Staff","image":{"@type":"ImageObject","inLanguage":"es","@id":"https:\/\/secure.gravatar.com\/avatar\/fdd21ad66fd8b98c407f9dee5b5e588cfe7f0d8579ec20fa6527cd59bab7f0f0?s=96&d=mm&r=g","url":"https:\/\/secure.gravatar.com\/avatar\/fdd21ad66fd8b98c407f9dee5b5e588cfe7f0d8579ec20fa6527cd59bab7f0f0?s=96&d=mm&r=g","contentUrl":"https:\/\/secure.gravatar.com\/avatar\/fdd21ad66fd8b98c407f9dee5b5e588cfe7f0d8579ec20fa6527cd59bab7f0f0?s=96&d=mm&r=g","caption":"Staff"},"url":"https:\/\/www.bbmnoticias.com\/labravaradiofm\/author\/redaccion\/"}]}},"_links":{"self":[{"href":"https:\/\/www.bbmnoticias.com\/labravaradiofm\/wp-json\/wp\/v2\/posts\/8414","targetHints":{"allow":["GET"]}}],"collection":[{"href":"https:\/\/www.bbmnoticias.com\/labravaradiofm\/wp-json\/wp\/v2\/posts"}],"about":[{"href":"https:\/\/www.bbmnoticias.com\/labravaradiofm\/wp-json\/wp\/v2\/types\/post"}],"author":[{"embeddable":true,"href":"https:\/\/www.bbmnoticias.com\/labravaradiofm\/wp-json\/wp\/v2\/users\/2"}],"replies":[{"embeddable":true,"href":"https:\/\/www.bbmnoticias.com\/labravaradiofm\/wp-json\/wp\/v2\/comments?post=8414"}],"version-history":[{"count":0,"href":"https:\/\/www.bbmnoticias.com\/labravaradiofm\/wp-json\/wp\/v2\/posts\/8414\/revisions"}],"wp:featuredmedia":[{"embeddable":true,"href":"https:\/\/www.bbmnoticias.com\/labravaradiofm\/wp-json\/wp\/v2\/media\/8415"}],"wp:attachment":[{"href":"https:\/\/www.bbmnoticias.com\/labravaradiofm\/wp-json\/wp\/v2\/media?parent=8414"}],"wp:term":[{"taxonomy":"category","embeddable":true,"href":"https:\/\/www.bbmnoticias.com\/labravaradiofm\/wp-json\/wp\/v2\/categories?post=8414"},{"taxonomy":"post_tag","embeddable":true,"href":"https:\/\/www.bbmnoticias.com\/labravaradiofm\/wp-json\/wp\/v2\/tags?post=8414"}],"curies":[{"name":"wp","href":"https:\/\/api.w.org\/{rel}","templated":true}]}}