{"id":8408,"date":"2022-01-11T18:35:18","date_gmt":"2022-01-12T00:35:18","guid":{"rendered":"https:\/\/www.bbmnoticias.com\/labravaradiofm\/?p=8408"},"modified":"2022-01-11T18:35:20","modified_gmt":"2022-01-12T00:35:20","slug":"se-aplicara-dosis-de-refuerzo-contra-covid-19-a-personal-educativo-el-12-13-y-14-de-enero-ieepo","status":"publish","type":"post","link":"https:\/\/www.bbmnoticias.com\/labravaradiofm\/2022\/01\/11\/se-aplicara-dosis-de-refuerzo-contra-covid-19-a-personal-educativo-el-12-13-y-14-de-enero-ieepo\/","title":{"rendered":"Se aplicar\u00e1 dosis de refuerzo contra COVID-19 a personal educativo el 12, 13 y 14 de enero: IEEPO"},"content":{"rendered":"<div style=\"margin-top: 0px; margin-bottom: 0px;\" class=\"sharethis-inline-share-buttons\" ><\/div>\n<p><strong>Oaxaca de Ju\u00e1rez, Oax. 11 de enero de 2022.- <\/strong>El Instituto Estatal de Educaci\u00f3n P\u00fablica de Oaxaca (IEEPO) inici\u00f3 las acciones de coordinaci\u00f3n con las dependencias federales y estatales correspondientes, para la aplicaci\u00f3n de dosis de refuerzo contra COVID-19 al personal educativo en la entidad, proceso que se llevar\u00e1 a cabo durante los d\u00edas 12, 13 y 14 de enero pr\u00f3ximo.<\/p>\n\n\n\n<p>Maestras, maestros, personal administrativo y de apoyo de instituciones educativas p\u00fablicas y particulares de educaci\u00f3n b\u00e1sica del estado que en su momento recibieron el biol\u00f3gico Cansino, ser\u00e1n inmunizados con dosis de la vacuna Moderna.<\/p>\n\n\n\n<p>De esta manera, quienes laboren en los distintos niveles educativos de preescolar, primaria y secundaria, en sus diferentes modalidades y sin distinci\u00f3n de categor\u00edas y funciones, con la presentaci\u00f3n del certificado de vacunaci\u00f3n, comprobante de pago del Fondo de la N\u00f3mina Educativa (FONE) o constancia de ingresos expedida por la instituci\u00f3n educativa a la que pertenezca, identificaci\u00f3n oficial INE y formato de refuerzo, deben acudir a recibir el biol\u00f3gico.<\/p>\n\n\n\n<p>Para tal efecto, la Secretar\u00eda de Educaci\u00f3n P\u00fablica (SEP), en coordinaci\u00f3n con autoridades del Gobierno Estatal a trav\u00e9s del Instituto Estatal de Educaci\u00f3n P\u00fablica de Oaxaca; las secretar\u00edas de Salud y de la Defensa Nacional; el Instituto Mexicano del Seguro Social (IMSS), y la Delegaci\u00f3n Estatal para Programas Integrales para el Desarrollo, establecieron 19 centros de vacunaci\u00f3n regionales en 13 municipios.<\/p>\n\n\n\n<p>En la ciudad de Oaxaca estar\u00e1n instalados del 12 al 14 de enero, en dos sedes: el Estadio de F\u00fatbol del Instituto Tecnol\u00f3gico de Oaxaca y el Gimnasio Universitario de la UABJO; al igual que en el Instituto Tecnol\u00f3gico de Tuxtepec; en tanto que en Huajuapan de Le\u00f3n, operar\u00e1n en la Escuela Secundaria Benito Ju\u00e1rez y en Juchit\u00e1n de Zaragoza se vacunar\u00e1n a las y los docentes en el Instituto Tecnol\u00f3gico del Istmo.<\/p>\n\n\n\n<p>Los d\u00edas 13 y 14 de enero se atender\u00e1 a la zona de Huautla de Jim\u00e9nez en la Escuela Secundaria General Antonio Caso y Ciudad Ixtepec en la Escuela Secundaria T\u00e9cnica n\u00famero 27. Asimismo, a Juchit\u00e1n de Zaragoza, en el domo municipal de Mat\u00edas Romero; en la Primaria Hermenegildo Galeana de Miahuatl\u00e1n de Porfirio D\u00edaz y el auditorio municipal de San Pedro y San Pablo Ayutla.<\/p>\n\n\n\n<p>En Santiago Pinotepa Nacional en el centro de vacunaci\u00f3n en el Instituto Tecnol\u00f3gico de Pinotepa; en San Pedro Pochutla en el Instituto Tecnol\u00f3gico de Pochutla; en San Pedro Mixtepec en la Unidad Deportiva de Puerto Escondido; en Teotitl\u00e1n de Flores Mag\u00f3n en la Unidad Deportiva de este municipio y en la Heroica Ciudad de Tlaxiaco en el Instituto Tecnol\u00f3gico de Tlaxiaco.<\/p>\n\n\n\n<p>Como \u00fanico d\u00eda, 13 de enero, se aplicar\u00e1n los refuerzos en el CBTA 131 de Santiago Juxtlahuaca; la Normal Experimental Presidente L\u00e1zaro C\u00e1rdenas, de Putla Villa de Guerrero; el techado municipal de Ixtl\u00e1n de Ju\u00e1rez y la Escuela Primaria Justo Sierra, de Loma Bonita.<\/p>\n\n\n\n<p>En lo que corresponde a los horarios, de 9:00 a 14:00 horas acudir\u00e1 el personal docente de escuelas p\u00fablicas y de 14:00 a 17:00 horas el personal de apoyo (administrativos), instituciones privadas, universidades y tecnol\u00f3gicos. Es importante resaltar que los trabajadores de la educaci\u00f3n que hayan recibido la vacuna contra COVID-19 y su refuerzo en las jornadas anteriores dirigidas a la sociedad en general con otros biol\u00f3gicos, no deber\u00e1n atender a la presente convocatoria.<\/p>\n\n\n\n<p>Por otra parte, la gu\u00eda pr\u00e1ctica para descargar el comprobante de pago y los pasos que se tienen que hacer desde el portal electr\u00f3nico del FONE se encuentran disponibles en la p\u00e1gina institucional <a href=\"http:\/\/www.oaxaca.gob.mx\/ieepo\" target=\"_blank\" rel=\"noreferrer noopener\">www.oaxaca.gob.mx\/ieepo<\/a>. Asimismo, el formato del comprobante de refuerzo se puede descargar en el enlace: <a href=\"https:\/\/mivacuna.salud.gob.mx\/index.php\" target=\"_blank\" rel=\"noreferrer noopener\">https:\/\/mivacuna.salud.gob.mx\/index.php<\/a><\/p>\n\n\n\n<p>El Instituto Estatal de Educaci\u00f3n reconoce el trascendental rol de las maestras, maestros y personal de apoyo en la sociedad, as\u00ed como su labor para dar continuidad a los estudios de ni\u00f1as, ni\u00f1os y adolescentes en la nueva normalidad originada por el COVID-19, por lo que reitera su apoyo para brindarles orientaci\u00f3n y atenci\u00f3n durante la jornada de aplicaci\u00f3n de refuerzos.<\/p>\n","protected":false},"excerpt":{"rendered":"<p>Oaxaca de Ju\u00e1rez, Oax. 11 de enero de 2022.- El Instituto Estatal de Educaci\u00f3n P\u00fablica de Oaxaca (IEEPO) inici\u00f3 las acciones de coordinaci\u00f3n con las dependencias federales y estatales correspondientes, para la aplicaci\u00f3n de dosis de refuerzo contra COVID-19 al personal educativo en la entidad, proceso que se llevar\u00e1 a cabo durante los d\u00edas 12, [&hellip;]<\/p>\n","protected":false},"author":2,"featured_media":8409,"comment_status":"closed","ping_status":"closed","sticky":false,"template":"","format":"standard","meta":{"footnotes":""},"categories":[2],"tags":[],"class_list":{"0":"post-8408","1":"post","2":"type-post","3":"status-publish","4":"format-standard","5":"has-post-thumbnail","7":"category-oaxaca"},"yoast_head":"<!-- This site is optimized with the Yoast SEO plugin v27.4 - https:\/\/yoast.com\/product\/yoast-seo-wordpress\/ -->\n<title>Se aplicar\u00e1 dosis de refuerzo contra COVID-19 a personal educativo el 12, 13 y 14 de enero: IEEPO - LA BRAVA RADIO<\/title>\n<meta name=\"robots\" content=\"index, follow, max-snippet:-1, max-image-preview:large, max-video-preview:-1\" \/>\n<link rel=\"canonical\" href=\"https:\/\/www.bbmnoticias.com\/labravaradiofm\/2022\/01\/11\/se-aplicara-dosis-de-refuerzo-contra-covid-19-a-personal-educativo-el-12-13-y-14-de-enero-ieepo\/\" \/>\n<meta property=\"og:locale\" content=\"es_MX\" \/>\n<meta property=\"og:type\" content=\"article\" \/>\n<meta property=\"og:title\" content=\"Se aplicar\u00e1 dosis de refuerzo contra COVID-19 a personal educativo el 12, 13 y 14 de enero: IEEPO - LA BRAVA RADIO\" \/>\n<meta property=\"og:description\" content=\"Oaxaca de Ju\u00e1rez, Oax. 11 de enero de 2022.- El Instituto Estatal de Educaci\u00f3n P\u00fablica de Oaxaca (IEEPO) inici\u00f3 las acciones de coordinaci\u00f3n con las dependencias federales y estatales correspondientes, para la aplicaci\u00f3n de dosis de refuerzo contra COVID-19 al personal educativo en la entidad, proceso que se llevar\u00e1 a cabo durante los d\u00edas 12, [&hellip;]\" \/>\n<meta property=\"og:url\" content=\"https:\/\/www.bbmnoticias.com\/labravaradiofm\/2022\/01\/11\/se-aplicara-dosis-de-refuerzo-contra-covid-19-a-personal-educativo-el-12-13-y-14-de-enero-ieepo\/\" \/>\n<meta property=\"og:site_name\" content=\"LA BRAVA RADIO\" \/>\n<meta property=\"article:published_time\" content=\"2022-01-12T00:35:18+00:00\" \/>\n<meta property=\"article:modified_time\" content=\"2022-01-12T00:35:20+00:00\" \/>\n<meta property=\"og:image\" content=\"https:\/\/www.bbmnoticias.com\/labravaradiofm\/wp-content\/uploads\/sites\/5\/2022\/01\/vacuna-maestros.jpg\" \/>\n\t<meta property=\"og:image:width\" content=\"1280\" \/>\n\t<meta property=\"og:image:height\" content=\"853\" \/>\n\t<meta property=\"og:image:type\" content=\"image\/jpeg\" \/>\n<meta name=\"author\" content=\"Staff\" \/>\n<meta name=\"twitter:card\" content=\"summary_large_image\" \/>\n<meta name=\"twitter:label1\" content=\"Escrito por\" \/>\n\t<meta name=\"twitter:data1\" content=\"Staff\" \/>\n\t<meta name=\"twitter:label2\" content=\"Tiempo de lectura\" \/>\n\t<meta name=\"twitter:data2\" content=\"3 minutos\" \/>\n<script type=\"application\/ld+json\" class=\"yoast-schema-graph\">{\"@context\":\"https:\\\/\\\/schema.org\",\"@graph\":[{\"@type\":\"Article\",\"@id\":\"https:\\\/\\\/www.bbmnoticias.com\\\/labravaradiofm\\\/2022\\\/01\\\/11\\\/se-aplicara-dosis-de-refuerzo-contra-covid-19-a-personal-educativo-el-12-13-y-14-de-enero-ieepo\\\/#article\",\"isPartOf\":{\"@id\":\"https:\\\/\\\/www.bbmnoticias.com\\\/labravaradiofm\\\/2022\\\/01\\\/11\\\/se-aplicara-dosis-de-refuerzo-contra-covid-19-a-personal-educativo-el-12-13-y-14-de-enero-ieepo\\\/\"},\"author\":{\"name\":\"Staff\",\"@id\":\"https:\\\/\\\/www.bbmnoticias.com\\\/labravaradiofm\\\/#\\\/schema\\\/person\\\/68a9e9036ef3c5b55aeb2b71dc8bab45\"},\"headline\":\"Se aplicar\u00e1 dosis de refuerzo contra COVID-19 a personal educativo el 12, 13 y 14 de enero: IEEPO\",\"datePublished\":\"2022-01-12T00:35:18+00:00\",\"dateModified\":\"2022-01-12T00:35:20+00:00\",\"mainEntityOfPage\":{\"@id\":\"https:\\\/\\\/www.bbmnoticias.com\\\/labravaradiofm\\\/2022\\\/01\\\/11\\\/se-aplicara-dosis-de-refuerzo-contra-covid-19-a-personal-educativo-el-12-13-y-14-de-enero-ieepo\\\/\"},\"wordCount\":735,\"image\":{\"@id\":\"https:\\\/\\\/www.bbmnoticias.com\\\/labravaradiofm\\\/2022\\\/01\\\/11\\\/se-aplicara-dosis-de-refuerzo-contra-covid-19-a-personal-educativo-el-12-13-y-14-de-enero-ieepo\\\/#primaryimage\"},\"thumbnailUrl\":\"https:\\\/\\\/www.bbmnoticias.com\\\/labravaradiofm\\\/wp-content\\\/uploads\\\/sites\\\/5\\\/2022\\\/01\\\/vacuna-maestros.jpg\",\"articleSection\":[\"LOCAL\"],\"inLanguage\":\"es\"},{\"@type\":\"WebPage\",\"@id\":\"https:\\\/\\\/www.bbmnoticias.com\\\/labravaradiofm\\\/2022\\\/01\\\/11\\\/se-aplicara-dosis-de-refuerzo-contra-covid-19-a-personal-educativo-el-12-13-y-14-de-enero-ieepo\\\/\",\"url\":\"https:\\\/\\\/www.bbmnoticias.com\\\/labravaradiofm\\\/2022\\\/01\\\/11\\\/se-aplicara-dosis-de-refuerzo-contra-covid-19-a-personal-educativo-el-12-13-y-14-de-enero-ieepo\\\/\",\"name\":\"Se aplicar\u00e1 dosis de refuerzo contra COVID-19 a personal educativo el 12, 13 y 14 de enero: IEEPO - LA BRAVA RADIO\",\"isPartOf\":{\"@id\":\"https:\\\/\\\/www.bbmnoticias.com\\\/labravaradiofm\\\/#website\"},\"primaryImageOfPage\":{\"@id\":\"https:\\\/\\\/www.bbmnoticias.com\\\/labravaradiofm\\\/2022\\\/01\\\/11\\\/se-aplicara-dosis-de-refuerzo-contra-covid-19-a-personal-educativo-el-12-13-y-14-de-enero-ieepo\\\/#primaryimage\"},\"image\":{\"@id\":\"https:\\\/\\\/www.bbmnoticias.com\\\/labravaradiofm\\\/2022\\\/01\\\/11\\\/se-aplicara-dosis-de-refuerzo-contra-covid-19-a-personal-educativo-el-12-13-y-14-de-enero-ieepo\\\/#primaryimage\"},\"thumbnailUrl\":\"https:\\\/\\\/www.bbmnoticias.com\\\/labravaradiofm\\\/wp-content\\\/uploads\\\/sites\\\/5\\\/2022\\\/01\\\/vacuna-maestros.jpg\",\"datePublished\":\"2022-01-12T00:35:18+00:00\",\"dateModified\":\"2022-01-12T00:35:20+00:00\",\"author\":{\"@id\":\"https:\\\/\\\/www.bbmnoticias.com\\\/labravaradiofm\\\/#\\\/schema\\\/person\\\/68a9e9036ef3c5b55aeb2b71dc8bab45\"},\"breadcrumb\":{\"@id\":\"https:\\\/\\\/www.bbmnoticias.com\\\/labravaradiofm\\\/2022\\\/01\\\/11\\\/se-aplicara-dosis-de-refuerzo-contra-covid-19-a-personal-educativo-el-12-13-y-14-de-enero-ieepo\\\/#breadcrumb\"},\"inLanguage\":\"es\",\"potentialAction\":[{\"@type\":\"ReadAction\",\"target\":[\"https:\\\/\\\/www.bbmnoticias.com\\\/labravaradiofm\\\/2022\\\/01\\\/11\\\/se-aplicara-dosis-de-refuerzo-contra-covid-19-a-personal-educativo-el-12-13-y-14-de-enero-ieepo\\\/\"]}]},{\"@type\":\"ImageObject\",\"inLanguage\":\"es\",\"@id\":\"https:\\\/\\\/www.bbmnoticias.com\\\/labravaradiofm\\\/2022\\\/01\\\/11\\\/se-aplicara-dosis-de-refuerzo-contra-covid-19-a-personal-educativo-el-12-13-y-14-de-enero-ieepo\\\/#primaryimage\",\"url\":\"https:\\\/\\\/www.bbmnoticias.com\\\/labravaradiofm\\\/wp-content\\\/uploads\\\/sites\\\/5\\\/2022\\\/01\\\/vacuna-maestros.jpg\",\"contentUrl\":\"https:\\\/\\\/www.bbmnoticias.com\\\/labravaradiofm\\\/wp-content\\\/uploads\\\/sites\\\/5\\\/2022\\\/01\\\/vacuna-maestros.jpg\",\"width\":1280,\"height\":853},{\"@type\":\"BreadcrumbList\",\"@id\":\"https:\\\/\\\/www.bbmnoticias.com\\\/labravaradiofm\\\/2022\\\/01\\\/11\\\/se-aplicara-dosis-de-refuerzo-contra-covid-19-a-personal-educativo-el-12-13-y-14-de-enero-ieepo\\\/#breadcrumb\",\"itemListElement\":[{\"@type\":\"ListItem\",\"position\":1,\"name\":\"Inicio\",\"item\":\"https:\\\/\\\/www.bbmnoticias.com\\\/labravaradiofm\\\/\"},{\"@type\":\"ListItem\",\"position\":2,\"name\":\"Se aplicar\u00e1 dosis de refuerzo contra COVID-19 a personal educativo el 12, 13 y 14 de enero: IEEPO\"}]},{\"@type\":\"WebSite\",\"@id\":\"https:\\\/\\\/www.bbmnoticias.com\\\/labravaradiofm\\\/#website\",\"url\":\"https:\\\/\\\/www.bbmnoticias.com\\\/labravaradiofm\\\/\",\"name\":\"LA BRAVA RADIO\",\"description\":\"Empresa productora de medios, Radiodifusi\u00f3n, Noticias, tendencias y todo lo que necesitas saber de la pol\u00edtica mexicana e internacional; entretenimiento, espect\u00e1culos, salud y mucho m\u00e1s.\",\"potentialAction\":[{\"@type\":\"SearchAction\",\"target\":{\"@type\":\"EntryPoint\",\"urlTemplate\":\"https:\\\/\\\/www.bbmnoticias.com\\\/labravaradiofm\\\/?s={search_term_string}\"},\"query-input\":{\"@type\":\"PropertyValueSpecification\",\"valueRequired\":true,\"valueName\":\"search_term_string\"}}],\"inLanguage\":\"es\"},{\"@type\":\"Person\",\"@id\":\"https:\\\/\\\/www.bbmnoticias.com\\\/labravaradiofm\\\/#\\\/schema\\\/person\\\/68a9e9036ef3c5b55aeb2b71dc8bab45\",\"name\":\"Staff\",\"image\":{\"@type\":\"ImageObject\",\"inLanguage\":\"es\",\"@id\":\"https:\\\/\\\/secure.gravatar.com\\\/avatar\\\/fdd21ad66fd8b98c407f9dee5b5e588cfe7f0d8579ec20fa6527cd59bab7f0f0?s=96&d=mm&r=g\",\"url\":\"https:\\\/\\\/secure.gravatar.com\\\/avatar\\\/fdd21ad66fd8b98c407f9dee5b5e588cfe7f0d8579ec20fa6527cd59bab7f0f0?s=96&d=mm&r=g\",\"contentUrl\":\"https:\\\/\\\/secure.gravatar.com\\\/avatar\\\/fdd21ad66fd8b98c407f9dee5b5e588cfe7f0d8579ec20fa6527cd59bab7f0f0?s=96&d=mm&r=g\",\"caption\":\"Staff\"},\"url\":\"https:\\\/\\\/www.bbmnoticias.com\\\/labravaradiofm\\\/author\\\/redaccion\\\/\"}]}<\/script>\n<!-- \/ Yoast SEO plugin. -->","yoast_head_json":{"title":"Se aplicar\u00e1 dosis de refuerzo contra COVID-19 a personal educativo el 12, 13 y 14 de enero: IEEPO - LA BRAVA RADIO","robots":{"index":"index","follow":"follow","max-snippet":"max-snippet:-1","max-image-preview":"max-image-preview:large","max-video-preview":"max-video-preview:-1"},"canonical":"https:\/\/www.bbmnoticias.com\/labravaradiofm\/2022\/01\/11\/se-aplicara-dosis-de-refuerzo-contra-covid-19-a-personal-educativo-el-12-13-y-14-de-enero-ieepo\/","og_locale":"es_MX","og_type":"article","og_title":"Se aplicar\u00e1 dosis de refuerzo contra COVID-19 a personal educativo el 12, 13 y 14 de enero: IEEPO - LA BRAVA RADIO","og_description":"Oaxaca de Ju\u00e1rez, Oax. 11 de enero de 2022.- El Instituto Estatal de Educaci\u00f3n P\u00fablica de Oaxaca (IEEPO) inici\u00f3 las acciones de coordinaci\u00f3n con las dependencias federales y estatales correspondientes, para la aplicaci\u00f3n de dosis de refuerzo contra COVID-19 al personal educativo en la entidad, proceso que se llevar\u00e1 a cabo durante los d\u00edas 12, [&hellip;]","og_url":"https:\/\/www.bbmnoticias.com\/labravaradiofm\/2022\/01\/11\/se-aplicara-dosis-de-refuerzo-contra-covid-19-a-personal-educativo-el-12-13-y-14-de-enero-ieepo\/","og_site_name":"LA BRAVA RADIO","article_published_time":"2022-01-12T00:35:18+00:00","article_modified_time":"2022-01-12T00:35:20+00:00","og_image":[{"width":1280,"height":853,"url":"https:\/\/www.bbmnoticias.com\/labravaradiofm\/wp-content\/uploads\/sites\/5\/2022\/01\/vacuna-maestros.jpg","type":"image\/jpeg"}],"author":"Staff","twitter_card":"summary_large_image","twitter_misc":{"Escrito por":"Staff","Tiempo de lectura":"3 minutos"},"schema":{"@context":"https:\/\/schema.org","@graph":[{"@type":"Article","@id":"https:\/\/www.bbmnoticias.com\/labravaradiofm\/2022\/01\/11\/se-aplicara-dosis-de-refuerzo-contra-covid-19-a-personal-educativo-el-12-13-y-14-de-enero-ieepo\/#article","isPartOf":{"@id":"https:\/\/www.bbmnoticias.com\/labravaradiofm\/2022\/01\/11\/se-aplicara-dosis-de-refuerzo-contra-covid-19-a-personal-educativo-el-12-13-y-14-de-enero-ieepo\/"},"author":{"name":"Staff","@id":"https:\/\/www.bbmnoticias.com\/labravaradiofm\/#\/schema\/person\/68a9e9036ef3c5b55aeb2b71dc8bab45"},"headline":"Se aplicar\u00e1 dosis de refuerzo contra COVID-19 a personal educativo el 12, 13 y 14 de enero: IEEPO","datePublished":"2022-01-12T00:35:18+00:00","dateModified":"2022-01-12T00:35:20+00:00","mainEntityOfPage":{"@id":"https:\/\/www.bbmnoticias.com\/labravaradiofm\/2022\/01\/11\/se-aplicara-dosis-de-refuerzo-contra-covid-19-a-personal-educativo-el-12-13-y-14-de-enero-ieepo\/"},"wordCount":735,"image":{"@id":"https:\/\/www.bbmnoticias.com\/labravaradiofm\/2022\/01\/11\/se-aplicara-dosis-de-refuerzo-contra-covid-19-a-personal-educativo-el-12-13-y-14-de-enero-ieepo\/#primaryimage"},"thumbnailUrl":"https:\/\/www.bbmnoticias.com\/labravaradiofm\/wp-content\/uploads\/sites\/5\/2022\/01\/vacuna-maestros.jpg","articleSection":["LOCAL"],"inLanguage":"es"},{"@type":"WebPage","@id":"https:\/\/www.bbmnoticias.com\/labravaradiofm\/2022\/01\/11\/se-aplicara-dosis-de-refuerzo-contra-covid-19-a-personal-educativo-el-12-13-y-14-de-enero-ieepo\/","url":"https:\/\/www.bbmnoticias.com\/labravaradiofm\/2022\/01\/11\/se-aplicara-dosis-de-refuerzo-contra-covid-19-a-personal-educativo-el-12-13-y-14-de-enero-ieepo\/","name":"Se aplicar\u00e1 dosis de refuerzo contra COVID-19 a personal educativo el 12, 13 y 14 de enero: IEEPO - LA BRAVA RADIO","isPartOf":{"@id":"https:\/\/www.bbmnoticias.com\/labravaradiofm\/#website"},"primaryImageOfPage":{"@id":"https:\/\/www.bbmnoticias.com\/labravaradiofm\/2022\/01\/11\/se-aplicara-dosis-de-refuerzo-contra-covid-19-a-personal-educativo-el-12-13-y-14-de-enero-ieepo\/#primaryimage"},"image":{"@id":"https:\/\/www.bbmnoticias.com\/labravaradiofm\/2022\/01\/11\/se-aplicara-dosis-de-refuerzo-contra-covid-19-a-personal-educativo-el-12-13-y-14-de-enero-ieepo\/#primaryimage"},"thumbnailUrl":"https:\/\/www.bbmnoticias.com\/labravaradiofm\/wp-content\/uploads\/sites\/5\/2022\/01\/vacuna-maestros.jpg","datePublished":"2022-01-12T00:35:18+00:00","dateModified":"2022-01-12T00:35:20+00:00","author":{"@id":"https:\/\/www.bbmnoticias.com\/labravaradiofm\/#\/schema\/person\/68a9e9036ef3c5b55aeb2b71dc8bab45"},"breadcrumb":{"@id":"https:\/\/www.bbmnoticias.com\/labravaradiofm\/2022\/01\/11\/se-aplicara-dosis-de-refuerzo-contra-covid-19-a-personal-educativo-el-12-13-y-14-de-enero-ieepo\/#breadcrumb"},"inLanguage":"es","potentialAction":[{"@type":"ReadAction","target":["https:\/\/www.bbmnoticias.com\/labravaradiofm\/2022\/01\/11\/se-aplicara-dosis-de-refuerzo-contra-covid-19-a-personal-educativo-el-12-13-y-14-de-enero-ieepo\/"]}]},{"@type":"ImageObject","inLanguage":"es","@id":"https:\/\/www.bbmnoticias.com\/labravaradiofm\/2022\/01\/11\/se-aplicara-dosis-de-refuerzo-contra-covid-19-a-personal-educativo-el-12-13-y-14-de-enero-ieepo\/#primaryimage","url":"https:\/\/www.bbmnoticias.com\/labravaradiofm\/wp-content\/uploads\/sites\/5\/2022\/01\/vacuna-maestros.jpg","contentUrl":"https:\/\/www.bbmnoticias.com\/labravaradiofm\/wp-content\/uploads\/sites\/5\/2022\/01\/vacuna-maestros.jpg","width":1280,"height":853},{"@type":"BreadcrumbList","@id":"https:\/\/www.bbmnoticias.com\/labravaradiofm\/2022\/01\/11\/se-aplicara-dosis-de-refuerzo-contra-covid-19-a-personal-educativo-el-12-13-y-14-de-enero-ieepo\/#breadcrumb","itemListElement":[{"@type":"ListItem","position":1,"name":"Inicio","item":"https:\/\/www.bbmnoticias.com\/labravaradiofm\/"},{"@type":"ListItem","position":2,"name":"Se aplicar\u00e1 dosis de refuerzo contra COVID-19 a personal educativo el 12, 13 y 14 de enero: IEEPO"}]},{"@type":"WebSite","@id":"https:\/\/www.bbmnoticias.com\/labravaradiofm\/#website","url":"https:\/\/www.bbmnoticias.com\/labravaradiofm\/","name":"LA BRAVA RADIO","description":"Empresa productora de medios, Radiodifusi\u00f3n, Noticias, tendencias y todo lo que necesitas saber de la pol\u00edtica mexicana e internacional; entretenimiento, espect\u00e1culos, salud y mucho m\u00e1s.","potentialAction":[{"@type":"SearchAction","target":{"@type":"EntryPoint","urlTemplate":"https:\/\/www.bbmnoticias.com\/labravaradiofm\/?s={search_term_string}"},"query-input":{"@type":"PropertyValueSpecification","valueRequired":true,"valueName":"search_term_string"}}],"inLanguage":"es"},{"@type":"Person","@id":"https:\/\/www.bbmnoticias.com\/labravaradiofm\/#\/schema\/person\/68a9e9036ef3c5b55aeb2b71dc8bab45","name":"Staff","image":{"@type":"ImageObject","inLanguage":"es","@id":"https:\/\/secure.gravatar.com\/avatar\/fdd21ad66fd8b98c407f9dee5b5e588cfe7f0d8579ec20fa6527cd59bab7f0f0?s=96&d=mm&r=g","url":"https:\/\/secure.gravatar.com\/avatar\/fdd21ad66fd8b98c407f9dee5b5e588cfe7f0d8579ec20fa6527cd59bab7f0f0?s=96&d=mm&r=g","contentUrl":"https:\/\/secure.gravatar.com\/avatar\/fdd21ad66fd8b98c407f9dee5b5e588cfe7f0d8579ec20fa6527cd59bab7f0f0?s=96&d=mm&r=g","caption":"Staff"},"url":"https:\/\/www.bbmnoticias.com\/labravaradiofm\/author\/redaccion\/"}]}},"_links":{"self":[{"href":"https:\/\/www.bbmnoticias.com\/labravaradiofm\/wp-json\/wp\/v2\/posts\/8408","targetHints":{"allow":["GET"]}}],"collection":[{"href":"https:\/\/www.bbmnoticias.com\/labravaradiofm\/wp-json\/wp\/v2\/posts"}],"about":[{"href":"https:\/\/www.bbmnoticias.com\/labravaradiofm\/wp-json\/wp\/v2\/types\/post"}],"author":[{"embeddable":true,"href":"https:\/\/www.bbmnoticias.com\/labravaradiofm\/wp-json\/wp\/v2\/users\/2"}],"replies":[{"embeddable":true,"href":"https:\/\/www.bbmnoticias.com\/labravaradiofm\/wp-json\/wp\/v2\/comments?post=8408"}],"version-history":[{"count":0,"href":"https:\/\/www.bbmnoticias.com\/labravaradiofm\/wp-json\/wp\/v2\/posts\/8408\/revisions"}],"wp:featuredmedia":[{"embeddable":true,"href":"https:\/\/www.bbmnoticias.com\/labravaradiofm\/wp-json\/wp\/v2\/media\/8409"}],"wp:attachment":[{"href":"https:\/\/www.bbmnoticias.com\/labravaradiofm\/wp-json\/wp\/v2\/media?parent=8408"}],"wp:term":[{"taxonomy":"category","embeddable":true,"href":"https:\/\/www.bbmnoticias.com\/labravaradiofm\/wp-json\/wp\/v2\/categories?post=8408"},{"taxonomy":"post_tag","embeddable":true,"href":"https:\/\/www.bbmnoticias.com\/labravaradiofm\/wp-json\/wp\/v2\/tags?post=8408"}],"curies":[{"name":"wp","href":"https:\/\/api.w.org\/{rel}","templated":true}]}}