{"id":8400,"date":"2022-01-11T17:11:42","date_gmt":"2022-01-11T23:11:42","guid":{"rendered":"https:\/\/www.bbmnoticias.com\/labravaradiofm\/?p=8400"},"modified":"2022-01-11T17:11:44","modified_gmt":"2022-01-11T23:11:44","slug":"piden-los-sso-endurecer-medidas-preventivas-ante-omicron-hay-13-casos-confirmados-en-oaxaca","status":"publish","type":"post","link":"https:\/\/www.bbmnoticias.com\/labravaradiofm\/2022\/01\/11\/piden-los-sso-endurecer-medidas-preventivas-ante-omicron-hay-13-casos-confirmados-en-oaxaca\/","title":{"rendered":"Piden los SSO endurecer medidas preventivas ante \u00d3micron: hay 13 casos confirmados en Oaxaca"},"content":{"rendered":"<div style=\"margin-top: 0px; margin-bottom: 0px;\" class=\"sharethis-inline-share-buttons\" ><\/div>\n<p>Con el creciente aumento de casos de COVID-19 en la entidad y ante la presencia de la variante denominada \u00d3micron, que este martes, suma dos nuevos registros por parte del Instituto de Diagn\u00f3stico y Referencia Epidemiol\u00f3gicos (InDRE), para contabilizar un total de 13 casos de este linaje B.1.1.529, los Servicios de Salud de Oaxaca (SSO), recomiendan extremar precauciones para evitar contagios desmedidos.<\/p>\n\n\n\n<p>Y es que esta variante-presente hasta el momento en la regi\u00f3n de Valles Centrales- es capaz de infectar de uno hasta 20 personas (similar al sarampi\u00f3n), mientras que una persona enferma con la variante Delta puede llegar a contagiar hasta nueve, a diferencia de alguien enfermo con la cepa original de COVID-19, que puede infectar hasta cuatro m\u00e1s.<\/p>\n\n\n\n<p><\/p>\n\n\n\n<figure class=\"wp-block-image size-large\"><img loading=\"lazy\" decoding=\"async\" width=\"1600\" height=\"1600\" src=\"https:\/\/www.bbmnoticias.com\/labravaradiofm\/wp-content\/uploads\/sites\/5\/2022\/01\/SSO-3.jpeg\" alt=\"\" class=\"wp-image-8401\" srcset=\"https:\/\/www.bbmnoticias.com\/labravaradiofm\/wp-content\/uploads\/sites\/5\/2022\/01\/SSO-3.jpeg 1600w, https:\/\/www.bbmnoticias.com\/labravaradiofm\/wp-content\/uploads\/sites\/5\/2022\/01\/SSO-3-300x300.jpeg 300w, https:\/\/www.bbmnoticias.com\/labravaradiofm\/wp-content\/uploads\/sites\/5\/2022\/01\/SSO-3-1024x1024.jpeg 1024w, https:\/\/www.bbmnoticias.com\/labravaradiofm\/wp-content\/uploads\/sites\/5\/2022\/01\/SSO-3-150x150.jpeg 150w, https:\/\/www.bbmnoticias.com\/labravaradiofm\/wp-content\/uploads\/sites\/5\/2022\/01\/SSO-3-768x768.jpeg 768w, https:\/\/www.bbmnoticias.com\/labravaradiofm\/wp-content\/uploads\/sites\/5\/2022\/01\/SSO-3-1536x1536.jpeg 1536w, https:\/\/www.bbmnoticias.com\/labravaradiofm\/wp-content\/uploads\/sites\/5\/2022\/01\/SSO-3-420x420.jpeg 420w, https:\/\/www.bbmnoticias.com\/labravaradiofm\/wp-content\/uploads\/sites\/5\/2022\/01\/SSO-3-640x640.jpeg 640w, https:\/\/www.bbmnoticias.com\/labravaradiofm\/wp-content\/uploads\/sites\/5\/2022\/01\/SSO-3-681x681.jpeg 681w\" sizes=\"auto, (max-width: 1600px) 100vw, 1600px\" \/><\/figure>\n\n\n\n<p>Ante la enorme velocidad de su propagaci\u00f3n la instituci\u00f3n sugiere evitar aglomeraciones, al estar en contacto con personas que no vivan en el mismo hogar usar cubrebocas de forma correcta \u2013cubrir desde el puente de la nariz hasta debajo del ment\u00f3n, no tocarlo con las manos sucias-, lavar las manos con agua y jab\u00f3n con frecuencia, mantener la sana distancia y no acudir a lugares cerrados donde no exista circulaci\u00f3n de aire fresco del exterior.<\/p>\n\n\n\n<p>Seg\u00fan la evidencia cient\u00edfica esta nueva mutaci\u00f3n del coronavirus es menos letal, pero es altamente transmisible, sin embargo, los protocolos sanitarios deben endurecerse en la poblaci\u00f3n en general, puesto que las personas que ya tienen el esquema completo de la vacuna contra el SARS-CoV-2, as\u00ed como las que se contagiaron y se recuperaron, pueden infectarse o reinfectarse seg\u00fan sea el caso.<\/p>\n\n\n\n<p><\/p>\n\n\n\n<figure class=\"wp-block-image size-large\"><img loading=\"lazy\" decoding=\"async\" width=\"1600\" height=\"1600\" src=\"https:\/\/www.bbmnoticias.com\/labravaradiofm\/wp-content\/uploads\/sites\/5\/2022\/01\/SSO-4.jpeg\" alt=\"\" class=\"wp-image-8402\" srcset=\"https:\/\/www.bbmnoticias.com\/labravaradiofm\/wp-content\/uploads\/sites\/5\/2022\/01\/SSO-4.jpeg 1600w, https:\/\/www.bbmnoticias.com\/labravaradiofm\/wp-content\/uploads\/sites\/5\/2022\/01\/SSO-4-300x300.jpeg 300w, https:\/\/www.bbmnoticias.com\/labravaradiofm\/wp-content\/uploads\/sites\/5\/2022\/01\/SSO-4-1024x1024.jpeg 1024w, https:\/\/www.bbmnoticias.com\/labravaradiofm\/wp-content\/uploads\/sites\/5\/2022\/01\/SSO-4-150x150.jpeg 150w, https:\/\/www.bbmnoticias.com\/labravaradiofm\/wp-content\/uploads\/sites\/5\/2022\/01\/SSO-4-768x768.jpeg 768w, https:\/\/www.bbmnoticias.com\/labravaradiofm\/wp-content\/uploads\/sites\/5\/2022\/01\/SSO-4-1536x1536.jpeg 1536w, https:\/\/www.bbmnoticias.com\/labravaradiofm\/wp-content\/uploads\/sites\/5\/2022\/01\/SSO-4-420x420.jpeg 420w, https:\/\/www.bbmnoticias.com\/labravaradiofm\/wp-content\/uploads\/sites\/5\/2022\/01\/SSO-4-640x640.jpeg 640w, https:\/\/www.bbmnoticias.com\/labravaradiofm\/wp-content\/uploads\/sites\/5\/2022\/01\/SSO-4-681x681.jpeg 681w\" sizes=\"auto, (max-width: 1600px) 100vw, 1600px\" \/><\/figure>\n\n\n\n<p>En caso de presentar cualquier s\u00edntoma que parezca resfriado o gripa, las personas deben quedarse en casa y evitar cualquier contacto con otros individuos, monitorearse desde el hogar con su m\u00e9dico de confianza, y en caso de presentar un incremento de los signos acudir a la Unidad M\u00e9dica m\u00e1s cercana.<\/p>\n\n\n\n<p>La dependencia se\u00f1ala que espec\u00edficamente en el caso de \u00d3micron las se\u00f1ales de contagio particularmente est\u00e1n asociadas a: escurrimiento nasal, estornudos, fatiga, dolor de cabeza, espalda baja y garganta, as\u00ed como sudoraci\u00f3n nocturna y p\u00e9rdida del apetito.<\/p>\n\n\n\n<p>En menores de edad se deben considerar, adem\u00e1s: temperatura alta, tos persistente, perdida y cambio en el olfato o el gusto, fatiga, dolor de cabeza, merma del apetito y sarpullido en la piel.<\/p>\n","protected":false},"excerpt":{"rendered":"<p>Con el creciente aumento de casos de COVID-19 en la entidad y ante la presencia de la variante denominada \u00d3micron, que este martes, suma dos nuevos registros por parte del Instituto de Diagn\u00f3stico y Referencia Epidemiol\u00f3gicos (InDRE), para contabilizar un total de 13 casos de este linaje B.1.1.529, los Servicios de Salud de Oaxaca (SSO), [&hellip;]<\/p>\n","protected":false},"author":2,"featured_media":8403,"comment_status":"closed","ping_status":"closed","sticky":false,"template":"","format":"standard","meta":{"footnotes":""},"categories":[2],"tags":[],"class_list":{"0":"post-8400","1":"post","2":"type-post","3":"status-publish","4":"format-standard","5":"has-post-thumbnail","7":"category-oaxaca"},"yoast_head":"<!-- This site is optimized with the Yoast SEO plugin v27.4 - https:\/\/yoast.com\/product\/yoast-seo-wordpress\/ -->\n<title>Piden los SSO endurecer medidas preventivas ante \u00d3micron: hay 13 casos confirmados en Oaxaca - LA BRAVA RADIO<\/title>\n<meta name=\"robots\" content=\"index, follow, max-snippet:-1, max-image-preview:large, max-video-preview:-1\" \/>\n<link rel=\"canonical\" href=\"https:\/\/www.bbmnoticias.com\/labravaradiofm\/2022\/01\/11\/piden-los-sso-endurecer-medidas-preventivas-ante-omicron-hay-13-casos-confirmados-en-oaxaca\/\" \/>\n<meta property=\"og:locale\" content=\"es_MX\" \/>\n<meta property=\"og:type\" content=\"article\" \/>\n<meta property=\"og:title\" content=\"Piden los SSO endurecer medidas preventivas ante \u00d3micron: hay 13 casos confirmados en Oaxaca - LA BRAVA RADIO\" \/>\n<meta property=\"og:description\" content=\"Con el creciente aumento de casos de COVID-19 en la entidad y ante la presencia de la variante denominada \u00d3micron, que este martes, suma dos nuevos registros por parte del Instituto de Diagn\u00f3stico y Referencia Epidemiol\u00f3gicos (InDRE), para contabilizar un total de 13 casos de este linaje B.1.1.529, los Servicios de Salud de Oaxaca (SSO), [&hellip;]\" \/>\n<meta property=\"og:url\" content=\"https:\/\/www.bbmnoticias.com\/labravaradiofm\/2022\/01\/11\/piden-los-sso-endurecer-medidas-preventivas-ante-omicron-hay-13-casos-confirmados-en-oaxaca\/\" \/>\n<meta property=\"og:site_name\" content=\"LA BRAVA RADIO\" \/>\n<meta property=\"article:published_time\" content=\"2022-01-11T23:11:42+00:00\" \/>\n<meta property=\"article:modified_time\" content=\"2022-01-11T23:11:44+00:00\" \/>\n<meta property=\"og:image\" content=\"https:\/\/www.bbmnoticias.com\/labravaradiofm\/wp-content\/uploads\/sites\/5\/2022\/01\/l11012022-11.jpeg\" \/>\n\t<meta property=\"og:image:width\" content=\"1600\" \/>\n\t<meta property=\"og:image:height\" content=\"1600\" \/>\n\t<meta property=\"og:image:type\" content=\"image\/jpeg\" \/>\n<meta name=\"author\" content=\"Staff\" \/>\n<meta name=\"twitter:card\" content=\"summary_large_image\" \/>\n<meta name=\"twitter:label1\" content=\"Escrito por\" \/>\n\t<meta name=\"twitter:data1\" content=\"Staff\" \/>\n\t<meta name=\"twitter:label2\" content=\"Tiempo de lectura\" \/>\n\t<meta name=\"twitter:data2\" content=\"3 minutos\" \/>\n<script type=\"application\/ld+json\" class=\"yoast-schema-graph\">{\"@context\":\"https:\\\/\\\/schema.org\",\"@graph\":[{\"@type\":\"Article\",\"@id\":\"https:\\\/\\\/www.bbmnoticias.com\\\/labravaradiofm\\\/2022\\\/01\\\/11\\\/piden-los-sso-endurecer-medidas-preventivas-ante-omicron-hay-13-casos-confirmados-en-oaxaca\\\/#article\",\"isPartOf\":{\"@id\":\"https:\\\/\\\/www.bbmnoticias.com\\\/labravaradiofm\\\/2022\\\/01\\\/11\\\/piden-los-sso-endurecer-medidas-preventivas-ante-omicron-hay-13-casos-confirmados-en-oaxaca\\\/\"},\"author\":{\"name\":\"Staff\",\"@id\":\"https:\\\/\\\/www.bbmnoticias.com\\\/labravaradiofm\\\/#\\\/schema\\\/person\\\/68a9e9036ef3c5b55aeb2b71dc8bab45\"},\"headline\":\"Piden los SSO endurecer medidas preventivas ante \u00d3micron: hay 13 casos confirmados en Oaxaca\",\"datePublished\":\"2022-01-11T23:11:42+00:00\",\"dateModified\":\"2022-01-11T23:11:44+00:00\",\"mainEntityOfPage\":{\"@id\":\"https:\\\/\\\/www.bbmnoticias.com\\\/labravaradiofm\\\/2022\\\/01\\\/11\\\/piden-los-sso-endurecer-medidas-preventivas-ante-omicron-hay-13-casos-confirmados-en-oaxaca\\\/\"},\"wordCount\":413,\"image\":{\"@id\":\"https:\\\/\\\/www.bbmnoticias.com\\\/labravaradiofm\\\/2022\\\/01\\\/11\\\/piden-los-sso-endurecer-medidas-preventivas-ante-omicron-hay-13-casos-confirmados-en-oaxaca\\\/#primaryimage\"},\"thumbnailUrl\":\"https:\\\/\\\/www.bbmnoticias.com\\\/labravaradiofm\\\/wp-content\\\/uploads\\\/sites\\\/5\\\/2022\\\/01\\\/l11012022-11.jpeg\",\"articleSection\":[\"LOCAL\"],\"inLanguage\":\"es\"},{\"@type\":\"WebPage\",\"@id\":\"https:\\\/\\\/www.bbmnoticias.com\\\/labravaradiofm\\\/2022\\\/01\\\/11\\\/piden-los-sso-endurecer-medidas-preventivas-ante-omicron-hay-13-casos-confirmados-en-oaxaca\\\/\",\"url\":\"https:\\\/\\\/www.bbmnoticias.com\\\/labravaradiofm\\\/2022\\\/01\\\/11\\\/piden-los-sso-endurecer-medidas-preventivas-ante-omicron-hay-13-casos-confirmados-en-oaxaca\\\/\",\"name\":\"Piden los SSO endurecer medidas preventivas ante \u00d3micron: hay 13 casos confirmados en Oaxaca - LA BRAVA RADIO\",\"isPartOf\":{\"@id\":\"https:\\\/\\\/www.bbmnoticias.com\\\/labravaradiofm\\\/#website\"},\"primaryImageOfPage\":{\"@id\":\"https:\\\/\\\/www.bbmnoticias.com\\\/labravaradiofm\\\/2022\\\/01\\\/11\\\/piden-los-sso-endurecer-medidas-preventivas-ante-omicron-hay-13-casos-confirmados-en-oaxaca\\\/#primaryimage\"},\"image\":{\"@id\":\"https:\\\/\\\/www.bbmnoticias.com\\\/labravaradiofm\\\/2022\\\/01\\\/11\\\/piden-los-sso-endurecer-medidas-preventivas-ante-omicron-hay-13-casos-confirmados-en-oaxaca\\\/#primaryimage\"},\"thumbnailUrl\":\"https:\\\/\\\/www.bbmnoticias.com\\\/labravaradiofm\\\/wp-content\\\/uploads\\\/sites\\\/5\\\/2022\\\/01\\\/l11012022-11.jpeg\",\"datePublished\":\"2022-01-11T23:11:42+00:00\",\"dateModified\":\"2022-01-11T23:11:44+00:00\",\"author\":{\"@id\":\"https:\\\/\\\/www.bbmnoticias.com\\\/labravaradiofm\\\/#\\\/schema\\\/person\\\/68a9e9036ef3c5b55aeb2b71dc8bab45\"},\"breadcrumb\":{\"@id\":\"https:\\\/\\\/www.bbmnoticias.com\\\/labravaradiofm\\\/2022\\\/01\\\/11\\\/piden-los-sso-endurecer-medidas-preventivas-ante-omicron-hay-13-casos-confirmados-en-oaxaca\\\/#breadcrumb\"},\"inLanguage\":\"es\",\"potentialAction\":[{\"@type\":\"ReadAction\",\"target\":[\"https:\\\/\\\/www.bbmnoticias.com\\\/labravaradiofm\\\/2022\\\/01\\\/11\\\/piden-los-sso-endurecer-medidas-preventivas-ante-omicron-hay-13-casos-confirmados-en-oaxaca\\\/\"]}]},{\"@type\":\"ImageObject\",\"inLanguage\":\"es\",\"@id\":\"https:\\\/\\\/www.bbmnoticias.com\\\/labravaradiofm\\\/2022\\\/01\\\/11\\\/piden-los-sso-endurecer-medidas-preventivas-ante-omicron-hay-13-casos-confirmados-en-oaxaca\\\/#primaryimage\",\"url\":\"https:\\\/\\\/www.bbmnoticias.com\\\/labravaradiofm\\\/wp-content\\\/uploads\\\/sites\\\/5\\\/2022\\\/01\\\/l11012022-11.jpeg\",\"contentUrl\":\"https:\\\/\\\/www.bbmnoticias.com\\\/labravaradiofm\\\/wp-content\\\/uploads\\\/sites\\\/5\\\/2022\\\/01\\\/l11012022-11.jpeg\",\"width\":1600,\"height\":1600},{\"@type\":\"BreadcrumbList\",\"@id\":\"https:\\\/\\\/www.bbmnoticias.com\\\/labravaradiofm\\\/2022\\\/01\\\/11\\\/piden-los-sso-endurecer-medidas-preventivas-ante-omicron-hay-13-casos-confirmados-en-oaxaca\\\/#breadcrumb\",\"itemListElement\":[{\"@type\":\"ListItem\",\"position\":1,\"name\":\"Inicio\",\"item\":\"https:\\\/\\\/www.bbmnoticias.com\\\/labravaradiofm\\\/\"},{\"@type\":\"ListItem\",\"position\":2,\"name\":\"Piden los SSO endurecer medidas preventivas ante \u00d3micron: hay 13 casos confirmados en Oaxaca\"}]},{\"@type\":\"WebSite\",\"@id\":\"https:\\\/\\\/www.bbmnoticias.com\\\/labravaradiofm\\\/#website\",\"url\":\"https:\\\/\\\/www.bbmnoticias.com\\\/labravaradiofm\\\/\",\"name\":\"LA BRAVA RADIO\",\"description\":\"Empresa productora de medios, Radiodifusi\u00f3n, Noticias, tendencias y todo lo que necesitas saber de la pol\u00edtica mexicana e internacional; entretenimiento, espect\u00e1culos, salud y mucho m\u00e1s.\",\"potentialAction\":[{\"@type\":\"SearchAction\",\"target\":{\"@type\":\"EntryPoint\",\"urlTemplate\":\"https:\\\/\\\/www.bbmnoticias.com\\\/labravaradiofm\\\/?s={search_term_string}\"},\"query-input\":{\"@type\":\"PropertyValueSpecification\",\"valueRequired\":true,\"valueName\":\"search_term_string\"}}],\"inLanguage\":\"es\"},{\"@type\":\"Person\",\"@id\":\"https:\\\/\\\/www.bbmnoticias.com\\\/labravaradiofm\\\/#\\\/schema\\\/person\\\/68a9e9036ef3c5b55aeb2b71dc8bab45\",\"name\":\"Staff\",\"image\":{\"@type\":\"ImageObject\",\"inLanguage\":\"es\",\"@id\":\"https:\\\/\\\/secure.gravatar.com\\\/avatar\\\/fdd21ad66fd8b98c407f9dee5b5e588cfe7f0d8579ec20fa6527cd59bab7f0f0?s=96&d=mm&r=g\",\"url\":\"https:\\\/\\\/secure.gravatar.com\\\/avatar\\\/fdd21ad66fd8b98c407f9dee5b5e588cfe7f0d8579ec20fa6527cd59bab7f0f0?s=96&d=mm&r=g\",\"contentUrl\":\"https:\\\/\\\/secure.gravatar.com\\\/avatar\\\/fdd21ad66fd8b98c407f9dee5b5e588cfe7f0d8579ec20fa6527cd59bab7f0f0?s=96&d=mm&r=g\",\"caption\":\"Staff\"},\"url\":\"https:\\\/\\\/www.bbmnoticias.com\\\/labravaradiofm\\\/author\\\/redaccion\\\/\"}]}<\/script>\n<!-- \/ Yoast SEO plugin. -->","yoast_head_json":{"title":"Piden los SSO endurecer medidas preventivas ante \u00d3micron: hay 13 casos confirmados en Oaxaca - LA BRAVA RADIO","robots":{"index":"index","follow":"follow","max-snippet":"max-snippet:-1","max-image-preview":"max-image-preview:large","max-video-preview":"max-video-preview:-1"},"canonical":"https:\/\/www.bbmnoticias.com\/labravaradiofm\/2022\/01\/11\/piden-los-sso-endurecer-medidas-preventivas-ante-omicron-hay-13-casos-confirmados-en-oaxaca\/","og_locale":"es_MX","og_type":"article","og_title":"Piden los SSO endurecer medidas preventivas ante \u00d3micron: hay 13 casos confirmados en Oaxaca - LA BRAVA RADIO","og_description":"Con el creciente aumento de casos de COVID-19 en la entidad y ante la presencia de la variante denominada \u00d3micron, que este martes, suma dos nuevos registros por parte del Instituto de Diagn\u00f3stico y Referencia Epidemiol\u00f3gicos (InDRE), para contabilizar un total de 13 casos de este linaje B.1.1.529, los Servicios de Salud de Oaxaca (SSO), [&hellip;]","og_url":"https:\/\/www.bbmnoticias.com\/labravaradiofm\/2022\/01\/11\/piden-los-sso-endurecer-medidas-preventivas-ante-omicron-hay-13-casos-confirmados-en-oaxaca\/","og_site_name":"LA BRAVA RADIO","article_published_time":"2022-01-11T23:11:42+00:00","article_modified_time":"2022-01-11T23:11:44+00:00","og_image":[{"width":1600,"height":1600,"url":"https:\/\/www.bbmnoticias.com\/labravaradiofm\/wp-content\/uploads\/sites\/5\/2022\/01\/l11012022-11.jpeg","type":"image\/jpeg"}],"author":"Staff","twitter_card":"summary_large_image","twitter_misc":{"Escrito por":"Staff","Tiempo de lectura":"3 minutos"},"schema":{"@context":"https:\/\/schema.org","@graph":[{"@type":"Article","@id":"https:\/\/www.bbmnoticias.com\/labravaradiofm\/2022\/01\/11\/piden-los-sso-endurecer-medidas-preventivas-ante-omicron-hay-13-casos-confirmados-en-oaxaca\/#article","isPartOf":{"@id":"https:\/\/www.bbmnoticias.com\/labravaradiofm\/2022\/01\/11\/piden-los-sso-endurecer-medidas-preventivas-ante-omicron-hay-13-casos-confirmados-en-oaxaca\/"},"author":{"name":"Staff","@id":"https:\/\/www.bbmnoticias.com\/labravaradiofm\/#\/schema\/person\/68a9e9036ef3c5b55aeb2b71dc8bab45"},"headline":"Piden los SSO endurecer medidas preventivas ante \u00d3micron: hay 13 casos confirmados en Oaxaca","datePublished":"2022-01-11T23:11:42+00:00","dateModified":"2022-01-11T23:11:44+00:00","mainEntityOfPage":{"@id":"https:\/\/www.bbmnoticias.com\/labravaradiofm\/2022\/01\/11\/piden-los-sso-endurecer-medidas-preventivas-ante-omicron-hay-13-casos-confirmados-en-oaxaca\/"},"wordCount":413,"image":{"@id":"https:\/\/www.bbmnoticias.com\/labravaradiofm\/2022\/01\/11\/piden-los-sso-endurecer-medidas-preventivas-ante-omicron-hay-13-casos-confirmados-en-oaxaca\/#primaryimage"},"thumbnailUrl":"https:\/\/www.bbmnoticias.com\/labravaradiofm\/wp-content\/uploads\/sites\/5\/2022\/01\/l11012022-11.jpeg","articleSection":["LOCAL"],"inLanguage":"es"},{"@type":"WebPage","@id":"https:\/\/www.bbmnoticias.com\/labravaradiofm\/2022\/01\/11\/piden-los-sso-endurecer-medidas-preventivas-ante-omicron-hay-13-casos-confirmados-en-oaxaca\/","url":"https:\/\/www.bbmnoticias.com\/labravaradiofm\/2022\/01\/11\/piden-los-sso-endurecer-medidas-preventivas-ante-omicron-hay-13-casos-confirmados-en-oaxaca\/","name":"Piden los SSO endurecer medidas preventivas ante \u00d3micron: hay 13 casos confirmados en Oaxaca - LA BRAVA RADIO","isPartOf":{"@id":"https:\/\/www.bbmnoticias.com\/labravaradiofm\/#website"},"primaryImageOfPage":{"@id":"https:\/\/www.bbmnoticias.com\/labravaradiofm\/2022\/01\/11\/piden-los-sso-endurecer-medidas-preventivas-ante-omicron-hay-13-casos-confirmados-en-oaxaca\/#primaryimage"},"image":{"@id":"https:\/\/www.bbmnoticias.com\/labravaradiofm\/2022\/01\/11\/piden-los-sso-endurecer-medidas-preventivas-ante-omicron-hay-13-casos-confirmados-en-oaxaca\/#primaryimage"},"thumbnailUrl":"https:\/\/www.bbmnoticias.com\/labravaradiofm\/wp-content\/uploads\/sites\/5\/2022\/01\/l11012022-11.jpeg","datePublished":"2022-01-11T23:11:42+00:00","dateModified":"2022-01-11T23:11:44+00:00","author":{"@id":"https:\/\/www.bbmnoticias.com\/labravaradiofm\/#\/schema\/person\/68a9e9036ef3c5b55aeb2b71dc8bab45"},"breadcrumb":{"@id":"https:\/\/www.bbmnoticias.com\/labravaradiofm\/2022\/01\/11\/piden-los-sso-endurecer-medidas-preventivas-ante-omicron-hay-13-casos-confirmados-en-oaxaca\/#breadcrumb"},"inLanguage":"es","potentialAction":[{"@type":"ReadAction","target":["https:\/\/www.bbmnoticias.com\/labravaradiofm\/2022\/01\/11\/piden-los-sso-endurecer-medidas-preventivas-ante-omicron-hay-13-casos-confirmados-en-oaxaca\/"]}]},{"@type":"ImageObject","inLanguage":"es","@id":"https:\/\/www.bbmnoticias.com\/labravaradiofm\/2022\/01\/11\/piden-los-sso-endurecer-medidas-preventivas-ante-omicron-hay-13-casos-confirmados-en-oaxaca\/#primaryimage","url":"https:\/\/www.bbmnoticias.com\/labravaradiofm\/wp-content\/uploads\/sites\/5\/2022\/01\/l11012022-11.jpeg","contentUrl":"https:\/\/www.bbmnoticias.com\/labravaradiofm\/wp-content\/uploads\/sites\/5\/2022\/01\/l11012022-11.jpeg","width":1600,"height":1600},{"@type":"BreadcrumbList","@id":"https:\/\/www.bbmnoticias.com\/labravaradiofm\/2022\/01\/11\/piden-los-sso-endurecer-medidas-preventivas-ante-omicron-hay-13-casos-confirmados-en-oaxaca\/#breadcrumb","itemListElement":[{"@type":"ListItem","position":1,"name":"Inicio","item":"https:\/\/www.bbmnoticias.com\/labravaradiofm\/"},{"@type":"ListItem","position":2,"name":"Piden los SSO endurecer medidas preventivas ante \u00d3micron: hay 13 casos confirmados en Oaxaca"}]},{"@type":"WebSite","@id":"https:\/\/www.bbmnoticias.com\/labravaradiofm\/#website","url":"https:\/\/www.bbmnoticias.com\/labravaradiofm\/","name":"LA BRAVA RADIO","description":"Empresa productora de medios, Radiodifusi\u00f3n, Noticias, tendencias y todo lo que necesitas saber de la pol\u00edtica mexicana e internacional; entretenimiento, espect\u00e1culos, salud y mucho m\u00e1s.","potentialAction":[{"@type":"SearchAction","target":{"@type":"EntryPoint","urlTemplate":"https:\/\/www.bbmnoticias.com\/labravaradiofm\/?s={search_term_string}"},"query-input":{"@type":"PropertyValueSpecification","valueRequired":true,"valueName":"search_term_string"}}],"inLanguage":"es"},{"@type":"Person","@id":"https:\/\/www.bbmnoticias.com\/labravaradiofm\/#\/schema\/person\/68a9e9036ef3c5b55aeb2b71dc8bab45","name":"Staff","image":{"@type":"ImageObject","inLanguage":"es","@id":"https:\/\/secure.gravatar.com\/avatar\/fdd21ad66fd8b98c407f9dee5b5e588cfe7f0d8579ec20fa6527cd59bab7f0f0?s=96&d=mm&r=g","url":"https:\/\/secure.gravatar.com\/avatar\/fdd21ad66fd8b98c407f9dee5b5e588cfe7f0d8579ec20fa6527cd59bab7f0f0?s=96&d=mm&r=g","contentUrl":"https:\/\/secure.gravatar.com\/avatar\/fdd21ad66fd8b98c407f9dee5b5e588cfe7f0d8579ec20fa6527cd59bab7f0f0?s=96&d=mm&r=g","caption":"Staff"},"url":"https:\/\/www.bbmnoticias.com\/labravaradiofm\/author\/redaccion\/"}]}},"_links":{"self":[{"href":"https:\/\/www.bbmnoticias.com\/labravaradiofm\/wp-json\/wp\/v2\/posts\/8400","targetHints":{"allow":["GET"]}}],"collection":[{"href":"https:\/\/www.bbmnoticias.com\/labravaradiofm\/wp-json\/wp\/v2\/posts"}],"about":[{"href":"https:\/\/www.bbmnoticias.com\/labravaradiofm\/wp-json\/wp\/v2\/types\/post"}],"author":[{"embeddable":true,"href":"https:\/\/www.bbmnoticias.com\/labravaradiofm\/wp-json\/wp\/v2\/users\/2"}],"replies":[{"embeddable":true,"href":"https:\/\/www.bbmnoticias.com\/labravaradiofm\/wp-json\/wp\/v2\/comments?post=8400"}],"version-history":[{"count":0,"href":"https:\/\/www.bbmnoticias.com\/labravaradiofm\/wp-json\/wp\/v2\/posts\/8400\/revisions"}],"wp:featuredmedia":[{"embeddable":true,"href":"https:\/\/www.bbmnoticias.com\/labravaradiofm\/wp-json\/wp\/v2\/media\/8403"}],"wp:attachment":[{"href":"https:\/\/www.bbmnoticias.com\/labravaradiofm\/wp-json\/wp\/v2\/media?parent=8400"}],"wp:term":[{"taxonomy":"category","embeddable":true,"href":"https:\/\/www.bbmnoticias.com\/labravaradiofm\/wp-json\/wp\/v2\/categories?post=8400"},{"taxonomy":"post_tag","embeddable":true,"href":"https:\/\/www.bbmnoticias.com\/labravaradiofm\/wp-json\/wp\/v2\/tags?post=8400"}],"curies":[{"name":"wp","href":"https:\/\/api.w.org\/{rel}","templated":true}]}}