{"id":8389,"date":"2022-01-11T14:22:59","date_gmt":"2022-01-11T20:22:59","guid":{"rendered":"https:\/\/www.bbmnoticias.com\/labravaradiofm\/?p=8389"},"modified":"2022-01-11T14:23:00","modified_gmt":"2022-01-11T20:23:00","slug":"chofer-dejo-a-su-copiloto-muerto-y-huyo-en-el-choque-de-tlacolula","status":"publish","type":"post","link":"https:\/\/www.bbmnoticias.com\/labravaradiofm\/2022\/01\/11\/chofer-dejo-a-su-copiloto-muerto-y-huyo-en-el-choque-de-tlacolula\/","title":{"rendered":"Chofer dej\u00f3 a su copiloto muerto y huy\u00f3 en el choque de Tlacolula"},"content":{"rendered":"<div style=\"margin-top: 0px; margin-bottom: 0px;\" class=\"sharethis-inline-share-buttons\" ><\/div>\n<p>OAXACA, Oax. 11 de enero de 2022.- El conductor de la camioneta blanca que choc\u00f3 este martes con una camioneta de Telmex, huy\u00f3. <\/p>\n\n\n\n<p>En el lugar dej\u00f3 abandonado el cuerpo de su copiloto, quien ya estaba muerto cuando los param\u00e9dicos llegaron al lugar. <\/p>\n\n\n\n<p>Personal de diversas corporaciones acudieron al llamado de este percance, un choque entre dos veh\u00edculos.<\/p>\n\n\n\n<figure class=\"wp-block-embed is-type-rich is-provider-twitter wp-block-embed-twitter\"><div class=\"wp-block-embed__wrapper\">\n<blockquote class=\"twitter-tweet\" data-width=\"550\" data-dnt=\"true\"><p lang=\"es\" dir=\"ltr\">Fuerte accidente vial sobre la carretera federal 190 tramo Tlacolula- Oaxaca antes de llegar a crucero de Macuilx\u00f3chil, ambulancia de Tlacolula en el lugar, involucrados camioneta particular y camioneta de Telmex, desconozco si hay heridos de gravedad.<a href=\"https:\/\/twitter.com\/PolVial_GobOax?ref_src=twsrc%5Etfw\">@PolVial_GobOax<\/a> <a href=\"https:\/\/t.co\/fblDHcimP6\">pic.twitter.com\/fblDHcimP6<\/a><\/p>&mdash; \u00d3scar Rodr\u00edguez (@OsMaFco) <a href=\"https:\/\/twitter.com\/OsMaFco\/status\/1480981476749590535?ref_src=twsrc%5Etfw\">January 11, 2022<\/a><\/blockquote><script async src=\"https:\/\/platform.twitter.com\/widgets.js\" charset=\"utf-8\"><\/script>\n<\/div><\/figure>\n\n\n\n<p>El conductor de la camioneta Chevrolet tipo Pick Up color blanca con placas GY1981E del estado de Guerrero, huy\u00f3. <\/p>\n\n\n\n<p>En el interior de la camioneta encontraron a una persona, un individuo, quien no ten\u00eda signos vitales, ni tampoco alg\u00fan dato de referencia para ubicar a sus familiares. <\/p>\n\n\n\n<p>La camioneta con la que choc\u00f3, de la empresa Telmex, estaba en el sitio y en espera de que interviniera la aseguradora.<\/p>\n","protected":false},"excerpt":{"rendered":"<p>OAXACA, Oax. 11 de enero de 2022.- El conductor de la camioneta blanca que choc\u00f3 este martes con una camioneta de Telmex, huy\u00f3. En el lugar dej\u00f3 abandonado el cuerpo de su copiloto, quien ya estaba muerto cuando los param\u00e9dicos llegaron al lugar. Personal de diversas corporaciones acudieron al llamado de este percance, un choque [&hellip;]<\/p>\n","protected":false},"author":5,"featured_media":8390,"comment_status":"closed","ping_status":"closed","sticky":false,"template":"","format":"standard","meta":{"footnotes":""},"categories":[1],"tags":[],"class_list":{"0":"post-8389","1":"post","2":"type-post","3":"status-publish","4":"format-standard","5":"has-post-thumbnail","7":"category-sin-categoria"},"yoast_head":"<!-- This site is optimized with the Yoast SEO plugin v27.4 - https:\/\/yoast.com\/product\/yoast-seo-wordpress\/ -->\n<title>Chofer dej\u00f3 a su copiloto muerto y huy\u00f3 en el choque de Tlacolula - LA BRAVA RADIO<\/title>\n<meta name=\"robots\" content=\"index, follow, max-snippet:-1, max-image-preview:large, max-video-preview:-1\" \/>\n<link rel=\"canonical\" href=\"https:\/\/www.bbmnoticias.com\/labravaradiofm\/2022\/01\/11\/chofer-dejo-a-su-copiloto-muerto-y-huyo-en-el-choque-de-tlacolula\/\" \/>\n<meta property=\"og:locale\" content=\"es_MX\" \/>\n<meta property=\"og:type\" content=\"article\" \/>\n<meta property=\"og:title\" content=\"Chofer dej\u00f3 a su copiloto muerto y huy\u00f3 en el choque de Tlacolula - LA BRAVA RADIO\" \/>\n<meta property=\"og:description\" content=\"OAXACA, Oax. 11 de enero de 2022.- El conductor de la camioneta blanca que choc\u00f3 este martes con una camioneta de Telmex, huy\u00f3. En el lugar dej\u00f3 abandonado el cuerpo de su copiloto, quien ya estaba muerto cuando los param\u00e9dicos llegaron al lugar. Personal de diversas corporaciones acudieron al llamado de este percance, un choque [&hellip;]\" \/>\n<meta property=\"og:url\" content=\"https:\/\/www.bbmnoticias.com\/labravaradiofm\/2022\/01\/11\/chofer-dejo-a-su-copiloto-muerto-y-huyo-en-el-choque-de-tlacolula\/\" \/>\n<meta property=\"og:site_name\" content=\"LA BRAVA RADIO\" \/>\n<meta property=\"article:published_time\" content=\"2022-01-11T20:22:59+00:00\" \/>\n<meta property=\"article:modified_time\" content=\"2022-01-11T20:23:00+00:00\" \/>\n<meta property=\"og:image\" content=\"https:\/\/www.bbmnoticias.com\/labravaradiofm\/wp-content\/uploads\/sites\/5\/2022\/01\/choque-tlacolula.jpg\" \/>\n\t<meta property=\"og:image:width\" content=\"1600\" \/>\n\t<meta property=\"og:image:height\" content=\"720\" \/>\n\t<meta property=\"og:image:type\" content=\"image\/jpeg\" \/>\n<meta name=\"author\" content=\"Quadratin\" \/>\n<meta name=\"twitter:card\" content=\"summary_large_image\" \/>\n<meta name=\"twitter:label1\" content=\"Escrito por\" \/>\n\t<meta name=\"twitter:data1\" content=\"Quadratin\" \/>\n\t<meta name=\"twitter:label2\" content=\"Tiempo de lectura\" \/>\n\t<meta name=\"twitter:data2\" content=\"1 minuto\" \/>\n<script type=\"application\/ld+json\" class=\"yoast-schema-graph\">{\"@context\":\"https:\\\/\\\/schema.org\",\"@graph\":[{\"@type\":\"Article\",\"@id\":\"https:\\\/\\\/www.bbmnoticias.com\\\/labravaradiofm\\\/2022\\\/01\\\/11\\\/chofer-dejo-a-su-copiloto-muerto-y-huyo-en-el-choque-de-tlacolula\\\/#article\",\"isPartOf\":{\"@id\":\"https:\\\/\\\/www.bbmnoticias.com\\\/labravaradiofm\\\/2022\\\/01\\\/11\\\/chofer-dejo-a-su-copiloto-muerto-y-huyo-en-el-choque-de-tlacolula\\\/\"},\"author\":{\"name\":\"Quadratin\",\"@id\":\"https:\\\/\\\/www.bbmnoticias.com\\\/labravaradiofm\\\/#\\\/schema\\\/person\\\/c316b6f6c03640cce5d9482ba5a8e5c2\"},\"headline\":\"Chofer dej\u00f3 a su copiloto muerto y huy\u00f3 en el choque de Tlacolula\",\"datePublished\":\"2022-01-11T20:22:59+00:00\",\"dateModified\":\"2022-01-11T20:23:00+00:00\",\"mainEntityOfPage\":{\"@id\":\"https:\\\/\\\/www.bbmnoticias.com\\\/labravaradiofm\\\/2022\\\/01\\\/11\\\/chofer-dejo-a-su-copiloto-muerto-y-huyo-en-el-choque-de-tlacolula\\\/\"},\"wordCount\":149,\"image\":{\"@id\":\"https:\\\/\\\/www.bbmnoticias.com\\\/labravaradiofm\\\/2022\\\/01\\\/11\\\/chofer-dejo-a-su-copiloto-muerto-y-huyo-en-el-choque-de-tlacolula\\\/#primaryimage\"},\"thumbnailUrl\":\"https:\\\/\\\/www.bbmnoticias.com\\\/labravaradiofm\\\/wp-content\\\/uploads\\\/sites\\\/5\\\/2022\\\/01\\\/choque-tlacolula.jpg\",\"inLanguage\":\"es\"},{\"@type\":\"WebPage\",\"@id\":\"https:\\\/\\\/www.bbmnoticias.com\\\/labravaradiofm\\\/2022\\\/01\\\/11\\\/chofer-dejo-a-su-copiloto-muerto-y-huyo-en-el-choque-de-tlacolula\\\/\",\"url\":\"https:\\\/\\\/www.bbmnoticias.com\\\/labravaradiofm\\\/2022\\\/01\\\/11\\\/chofer-dejo-a-su-copiloto-muerto-y-huyo-en-el-choque-de-tlacolula\\\/\",\"name\":\"Chofer dej\u00f3 a su copiloto muerto y huy\u00f3 en el choque de Tlacolula - LA BRAVA RADIO\",\"isPartOf\":{\"@id\":\"https:\\\/\\\/www.bbmnoticias.com\\\/labravaradiofm\\\/#website\"},\"primaryImageOfPage\":{\"@id\":\"https:\\\/\\\/www.bbmnoticias.com\\\/labravaradiofm\\\/2022\\\/01\\\/11\\\/chofer-dejo-a-su-copiloto-muerto-y-huyo-en-el-choque-de-tlacolula\\\/#primaryimage\"},\"image\":{\"@id\":\"https:\\\/\\\/www.bbmnoticias.com\\\/labravaradiofm\\\/2022\\\/01\\\/11\\\/chofer-dejo-a-su-copiloto-muerto-y-huyo-en-el-choque-de-tlacolula\\\/#primaryimage\"},\"thumbnailUrl\":\"https:\\\/\\\/www.bbmnoticias.com\\\/labravaradiofm\\\/wp-content\\\/uploads\\\/sites\\\/5\\\/2022\\\/01\\\/choque-tlacolula.jpg\",\"datePublished\":\"2022-01-11T20:22:59+00:00\",\"dateModified\":\"2022-01-11T20:23:00+00:00\",\"author\":{\"@id\":\"https:\\\/\\\/www.bbmnoticias.com\\\/labravaradiofm\\\/#\\\/schema\\\/person\\\/c316b6f6c03640cce5d9482ba5a8e5c2\"},\"breadcrumb\":{\"@id\":\"https:\\\/\\\/www.bbmnoticias.com\\\/labravaradiofm\\\/2022\\\/01\\\/11\\\/chofer-dejo-a-su-copiloto-muerto-y-huyo-en-el-choque-de-tlacolula\\\/#breadcrumb\"},\"inLanguage\":\"es\",\"potentialAction\":[{\"@type\":\"ReadAction\",\"target\":[\"https:\\\/\\\/www.bbmnoticias.com\\\/labravaradiofm\\\/2022\\\/01\\\/11\\\/chofer-dejo-a-su-copiloto-muerto-y-huyo-en-el-choque-de-tlacolula\\\/\"]}]},{\"@type\":\"ImageObject\",\"inLanguage\":\"es\",\"@id\":\"https:\\\/\\\/www.bbmnoticias.com\\\/labravaradiofm\\\/2022\\\/01\\\/11\\\/chofer-dejo-a-su-copiloto-muerto-y-huyo-en-el-choque-de-tlacolula\\\/#primaryimage\",\"url\":\"https:\\\/\\\/www.bbmnoticias.com\\\/labravaradiofm\\\/wp-content\\\/uploads\\\/sites\\\/5\\\/2022\\\/01\\\/choque-tlacolula.jpg\",\"contentUrl\":\"https:\\\/\\\/www.bbmnoticias.com\\\/labravaradiofm\\\/wp-content\\\/uploads\\\/sites\\\/5\\\/2022\\\/01\\\/choque-tlacolula.jpg\",\"width\":1600,\"height\":720},{\"@type\":\"BreadcrumbList\",\"@id\":\"https:\\\/\\\/www.bbmnoticias.com\\\/labravaradiofm\\\/2022\\\/01\\\/11\\\/chofer-dejo-a-su-copiloto-muerto-y-huyo-en-el-choque-de-tlacolula\\\/#breadcrumb\",\"itemListElement\":[{\"@type\":\"ListItem\",\"position\":1,\"name\":\"Inicio\",\"item\":\"https:\\\/\\\/www.bbmnoticias.com\\\/labravaradiofm\\\/\"},{\"@type\":\"ListItem\",\"position\":2,\"name\":\"Chofer dej\u00f3 a su copiloto muerto y huy\u00f3 en el choque de Tlacolula\"}]},{\"@type\":\"WebSite\",\"@id\":\"https:\\\/\\\/www.bbmnoticias.com\\\/labravaradiofm\\\/#website\",\"url\":\"https:\\\/\\\/www.bbmnoticias.com\\\/labravaradiofm\\\/\",\"name\":\"LA BRAVA RADIO\",\"description\":\"Empresa productora de medios, Radiodifusi\u00f3n, Noticias, tendencias y todo lo que necesitas saber de la pol\u00edtica mexicana e internacional; entretenimiento, espect\u00e1culos, salud y mucho m\u00e1s.\",\"potentialAction\":[{\"@type\":\"SearchAction\",\"target\":{\"@type\":\"EntryPoint\",\"urlTemplate\":\"https:\\\/\\\/www.bbmnoticias.com\\\/labravaradiofm\\\/?s={search_term_string}\"},\"query-input\":{\"@type\":\"PropertyValueSpecification\",\"valueRequired\":true,\"valueName\":\"search_term_string\"}}],\"inLanguage\":\"es\"},{\"@type\":\"Person\",\"@id\":\"https:\\\/\\\/www.bbmnoticias.com\\\/labravaradiofm\\\/#\\\/schema\\\/person\\\/c316b6f6c03640cce5d9482ba5a8e5c2\",\"name\":\"Quadratin\",\"image\":{\"@type\":\"ImageObject\",\"inLanguage\":\"es\",\"@id\":\"https:\\\/\\\/secure.gravatar.com\\\/avatar\\\/34008d7d72488432d6a74f81e839efc9f754b118786ca32cf39d9d5508a68f63?s=96&d=mm&r=g\",\"url\":\"https:\\\/\\\/secure.gravatar.com\\\/avatar\\\/34008d7d72488432d6a74f81e839efc9f754b118786ca32cf39d9d5508a68f63?s=96&d=mm&r=g\",\"contentUrl\":\"https:\\\/\\\/secure.gravatar.com\\\/avatar\\\/34008d7d72488432d6a74f81e839efc9f754b118786ca32cf39d9d5508a68f63?s=96&d=mm&r=g\",\"caption\":\"Quadratin\"},\"url\":\"https:\\\/\\\/www.bbmnoticias.com\\\/labravaradiofm\\\/author\\\/quadratin\\\/\"}]}<\/script>\n<!-- \/ Yoast SEO plugin. -->","yoast_head_json":{"title":"Chofer dej\u00f3 a su copiloto muerto y huy\u00f3 en el choque de Tlacolula - LA BRAVA RADIO","robots":{"index":"index","follow":"follow","max-snippet":"max-snippet:-1","max-image-preview":"max-image-preview:large","max-video-preview":"max-video-preview:-1"},"canonical":"https:\/\/www.bbmnoticias.com\/labravaradiofm\/2022\/01\/11\/chofer-dejo-a-su-copiloto-muerto-y-huyo-en-el-choque-de-tlacolula\/","og_locale":"es_MX","og_type":"article","og_title":"Chofer dej\u00f3 a su copiloto muerto y huy\u00f3 en el choque de Tlacolula - LA BRAVA RADIO","og_description":"OAXACA, Oax. 11 de enero de 2022.- El conductor de la camioneta blanca que choc\u00f3 este martes con una camioneta de Telmex, huy\u00f3. En el lugar dej\u00f3 abandonado el cuerpo de su copiloto, quien ya estaba muerto cuando los param\u00e9dicos llegaron al lugar. Personal de diversas corporaciones acudieron al llamado de este percance, un choque [&hellip;]","og_url":"https:\/\/www.bbmnoticias.com\/labravaradiofm\/2022\/01\/11\/chofer-dejo-a-su-copiloto-muerto-y-huyo-en-el-choque-de-tlacolula\/","og_site_name":"LA BRAVA RADIO","article_published_time":"2022-01-11T20:22:59+00:00","article_modified_time":"2022-01-11T20:23:00+00:00","og_image":[{"width":1600,"height":720,"url":"https:\/\/www.bbmnoticias.com\/labravaradiofm\/wp-content\/uploads\/sites\/5\/2022\/01\/choque-tlacolula.jpg","type":"image\/jpeg"}],"author":"Quadratin","twitter_card":"summary_large_image","twitter_misc":{"Escrito por":"Quadratin","Tiempo de lectura":"1 minuto"},"schema":{"@context":"https:\/\/schema.org","@graph":[{"@type":"Article","@id":"https:\/\/www.bbmnoticias.com\/labravaradiofm\/2022\/01\/11\/chofer-dejo-a-su-copiloto-muerto-y-huyo-en-el-choque-de-tlacolula\/#article","isPartOf":{"@id":"https:\/\/www.bbmnoticias.com\/labravaradiofm\/2022\/01\/11\/chofer-dejo-a-su-copiloto-muerto-y-huyo-en-el-choque-de-tlacolula\/"},"author":{"name":"Quadratin","@id":"https:\/\/www.bbmnoticias.com\/labravaradiofm\/#\/schema\/person\/c316b6f6c03640cce5d9482ba5a8e5c2"},"headline":"Chofer dej\u00f3 a su copiloto muerto y huy\u00f3 en el choque de Tlacolula","datePublished":"2022-01-11T20:22:59+00:00","dateModified":"2022-01-11T20:23:00+00:00","mainEntityOfPage":{"@id":"https:\/\/www.bbmnoticias.com\/labravaradiofm\/2022\/01\/11\/chofer-dejo-a-su-copiloto-muerto-y-huyo-en-el-choque-de-tlacolula\/"},"wordCount":149,"image":{"@id":"https:\/\/www.bbmnoticias.com\/labravaradiofm\/2022\/01\/11\/chofer-dejo-a-su-copiloto-muerto-y-huyo-en-el-choque-de-tlacolula\/#primaryimage"},"thumbnailUrl":"https:\/\/www.bbmnoticias.com\/labravaradiofm\/wp-content\/uploads\/sites\/5\/2022\/01\/choque-tlacolula.jpg","inLanguage":"es"},{"@type":"WebPage","@id":"https:\/\/www.bbmnoticias.com\/labravaradiofm\/2022\/01\/11\/chofer-dejo-a-su-copiloto-muerto-y-huyo-en-el-choque-de-tlacolula\/","url":"https:\/\/www.bbmnoticias.com\/labravaradiofm\/2022\/01\/11\/chofer-dejo-a-su-copiloto-muerto-y-huyo-en-el-choque-de-tlacolula\/","name":"Chofer dej\u00f3 a su copiloto muerto y huy\u00f3 en el choque de Tlacolula - LA BRAVA RADIO","isPartOf":{"@id":"https:\/\/www.bbmnoticias.com\/labravaradiofm\/#website"},"primaryImageOfPage":{"@id":"https:\/\/www.bbmnoticias.com\/labravaradiofm\/2022\/01\/11\/chofer-dejo-a-su-copiloto-muerto-y-huyo-en-el-choque-de-tlacolula\/#primaryimage"},"image":{"@id":"https:\/\/www.bbmnoticias.com\/labravaradiofm\/2022\/01\/11\/chofer-dejo-a-su-copiloto-muerto-y-huyo-en-el-choque-de-tlacolula\/#primaryimage"},"thumbnailUrl":"https:\/\/www.bbmnoticias.com\/labravaradiofm\/wp-content\/uploads\/sites\/5\/2022\/01\/choque-tlacolula.jpg","datePublished":"2022-01-11T20:22:59+00:00","dateModified":"2022-01-11T20:23:00+00:00","author":{"@id":"https:\/\/www.bbmnoticias.com\/labravaradiofm\/#\/schema\/person\/c316b6f6c03640cce5d9482ba5a8e5c2"},"breadcrumb":{"@id":"https:\/\/www.bbmnoticias.com\/labravaradiofm\/2022\/01\/11\/chofer-dejo-a-su-copiloto-muerto-y-huyo-en-el-choque-de-tlacolula\/#breadcrumb"},"inLanguage":"es","potentialAction":[{"@type":"ReadAction","target":["https:\/\/www.bbmnoticias.com\/labravaradiofm\/2022\/01\/11\/chofer-dejo-a-su-copiloto-muerto-y-huyo-en-el-choque-de-tlacolula\/"]}]},{"@type":"ImageObject","inLanguage":"es","@id":"https:\/\/www.bbmnoticias.com\/labravaradiofm\/2022\/01\/11\/chofer-dejo-a-su-copiloto-muerto-y-huyo-en-el-choque-de-tlacolula\/#primaryimage","url":"https:\/\/www.bbmnoticias.com\/labravaradiofm\/wp-content\/uploads\/sites\/5\/2022\/01\/choque-tlacolula.jpg","contentUrl":"https:\/\/www.bbmnoticias.com\/labravaradiofm\/wp-content\/uploads\/sites\/5\/2022\/01\/choque-tlacolula.jpg","width":1600,"height":720},{"@type":"BreadcrumbList","@id":"https:\/\/www.bbmnoticias.com\/labravaradiofm\/2022\/01\/11\/chofer-dejo-a-su-copiloto-muerto-y-huyo-en-el-choque-de-tlacolula\/#breadcrumb","itemListElement":[{"@type":"ListItem","position":1,"name":"Inicio","item":"https:\/\/www.bbmnoticias.com\/labravaradiofm\/"},{"@type":"ListItem","position":2,"name":"Chofer dej\u00f3 a su copiloto muerto y huy\u00f3 en el choque de Tlacolula"}]},{"@type":"WebSite","@id":"https:\/\/www.bbmnoticias.com\/labravaradiofm\/#website","url":"https:\/\/www.bbmnoticias.com\/labravaradiofm\/","name":"LA BRAVA RADIO","description":"Empresa productora de medios, Radiodifusi\u00f3n, Noticias, tendencias y todo lo que necesitas saber de la pol\u00edtica mexicana e internacional; entretenimiento, espect\u00e1culos, salud y mucho m\u00e1s.","potentialAction":[{"@type":"SearchAction","target":{"@type":"EntryPoint","urlTemplate":"https:\/\/www.bbmnoticias.com\/labravaradiofm\/?s={search_term_string}"},"query-input":{"@type":"PropertyValueSpecification","valueRequired":true,"valueName":"search_term_string"}}],"inLanguage":"es"},{"@type":"Person","@id":"https:\/\/www.bbmnoticias.com\/labravaradiofm\/#\/schema\/person\/c316b6f6c03640cce5d9482ba5a8e5c2","name":"Quadratin","image":{"@type":"ImageObject","inLanguage":"es","@id":"https:\/\/secure.gravatar.com\/avatar\/34008d7d72488432d6a74f81e839efc9f754b118786ca32cf39d9d5508a68f63?s=96&d=mm&r=g","url":"https:\/\/secure.gravatar.com\/avatar\/34008d7d72488432d6a74f81e839efc9f754b118786ca32cf39d9d5508a68f63?s=96&d=mm&r=g","contentUrl":"https:\/\/secure.gravatar.com\/avatar\/34008d7d72488432d6a74f81e839efc9f754b118786ca32cf39d9d5508a68f63?s=96&d=mm&r=g","caption":"Quadratin"},"url":"https:\/\/www.bbmnoticias.com\/labravaradiofm\/author\/quadratin\/"}]}},"_links":{"self":[{"href":"https:\/\/www.bbmnoticias.com\/labravaradiofm\/wp-json\/wp\/v2\/posts\/8389","targetHints":{"allow":["GET"]}}],"collection":[{"href":"https:\/\/www.bbmnoticias.com\/labravaradiofm\/wp-json\/wp\/v2\/posts"}],"about":[{"href":"https:\/\/www.bbmnoticias.com\/labravaradiofm\/wp-json\/wp\/v2\/types\/post"}],"author":[{"embeddable":true,"href":"https:\/\/www.bbmnoticias.com\/labravaradiofm\/wp-json\/wp\/v2\/users\/5"}],"replies":[{"embeddable":true,"href":"https:\/\/www.bbmnoticias.com\/labravaradiofm\/wp-json\/wp\/v2\/comments?post=8389"}],"version-history":[{"count":0,"href":"https:\/\/www.bbmnoticias.com\/labravaradiofm\/wp-json\/wp\/v2\/posts\/8389\/revisions"}],"wp:featuredmedia":[{"embeddable":true,"href":"https:\/\/www.bbmnoticias.com\/labravaradiofm\/wp-json\/wp\/v2\/media\/8390"}],"wp:attachment":[{"href":"https:\/\/www.bbmnoticias.com\/labravaradiofm\/wp-json\/wp\/v2\/media?parent=8389"}],"wp:term":[{"taxonomy":"category","embeddable":true,"href":"https:\/\/www.bbmnoticias.com\/labravaradiofm\/wp-json\/wp\/v2\/categories?post=8389"},{"taxonomy":"post_tag","embeddable":true,"href":"https:\/\/www.bbmnoticias.com\/labravaradiofm\/wp-json\/wp\/v2\/tags?post=8389"}],"curies":[{"name":"wp","href":"https:\/\/api.w.org\/{rel}","templated":true}]}}