{"id":8372,"date":"2022-01-11T11:29:22","date_gmt":"2022-01-11T17:29:22","guid":{"rendered":"https:\/\/www.bbmnoticias.com\/labravaradiofm\/?p=8372"},"modified":"2022-01-11T11:29:23","modified_gmt":"2022-01-11T17:29:23","slug":"salina-cruz-y-santo-domingo-ingenio-en-semaforo-amarillo-por-covid-19","status":"publish","type":"post","link":"https:\/\/www.bbmnoticias.com\/labravaradiofm\/2022\/01\/11\/salina-cruz-y-santo-domingo-ingenio-en-semaforo-amarillo-por-covid-19\/","title":{"rendered":"Salina Cruz y Santo Domingo Ingenio en sem\u00e1foro amarillo por Covid-19"},"content":{"rendered":"<div style=\"margin-top: 0px; margin-bottom: 0px;\" class=\"sharethis-inline-share-buttons\" ><\/div>\n<p>Salina Cruz, Oaxaca. Los municipios de a Salina Cruz y Santo Domingo Ingenio, pasaron a sem\u00e1foro epidemiologico Amarillo debido al incremento de casos de covid-19, as\u00ed lo inform\u00f3 la Jurisdicci\u00f3n Sanitaria n\u00famero 2 en el Istmo de Tehuantepec.<\/p>\n\n\n\n<p>En un comunicado, la dependencia emiti\u00f3 un circular a las autoridades municipales sobre la situaci\u00f3n epidemiol\u00f3gica que enfrenta sus comunidades.<\/p>\n\n\n\n<p>Dentro de la medici\u00f3n de riesgo la Jurisdicci\u00f3n Sanitaria coloc\u00f3 a Salina Cruz y Santo Domingo Ingenio en los primeros municipios que deber\u00e1n de mantener una estrategia para evitar un incremento de contagios.<\/p>\n\n\n\n<p>Mientras los dem\u00e1s municipios del Istmo de Tehuantepec se mantienen en sem\u00e1foro Epidemiol\u00f3gico verde lo cual los mantiene sin restricciones.<\/p>\n\n\n\n<p>Cabe mencionar que ayer por la tarde el presidente municipal de Salina Cruz, Daniel Mendez Sosa, anunci\u00f3 dar positivo a covid-19 por lo que se mantendr\u00e1 en aislamiento.<\/p>\n","protected":false},"excerpt":{"rendered":"<p>Salina Cruz, Oaxaca. Los municipios de a Salina Cruz y Santo Domingo Ingenio, pasaron a sem\u00e1foro epidemiologico Amarillo debido al incremento de casos de covid-19, as\u00ed lo inform\u00f3 la Jurisdicci\u00f3n Sanitaria n\u00famero 2 en el Istmo de Tehuantepec. En un comunicado, la dependencia emiti\u00f3 un circular a las autoridades municipales sobre la situaci\u00f3n epidemiol\u00f3gica que [&hellip;]<\/p>\n","protected":false},"author":3,"featured_media":8373,"comment_status":"closed","ping_status":"closed","sticky":false,"template":"","format":"standard","meta":{"footnotes":""},"categories":[2],"tags":[],"class_list":{"0":"post-8372","1":"post","2":"type-post","3":"status-publish","4":"format-standard","5":"has-post-thumbnail","7":"category-oaxaca"},"yoast_head":"<!-- This site is optimized with the Yoast SEO plugin v27.4 - https:\/\/yoast.com\/product\/yoast-seo-wordpress\/ -->\n<title>Salina Cruz y Santo Domingo Ingenio en sem\u00e1foro amarillo por Covid-19 - LA BRAVA RADIO<\/title>\n<meta name=\"robots\" content=\"index, follow, max-snippet:-1, max-image-preview:large, max-video-preview:-1\" \/>\n<link rel=\"canonical\" href=\"https:\/\/www.bbmnoticias.com\/labravaradiofm\/2022\/01\/11\/salina-cruz-y-santo-domingo-ingenio-en-semaforo-amarillo-por-covid-19\/\" \/>\n<meta property=\"og:locale\" content=\"es_MX\" \/>\n<meta property=\"og:type\" content=\"article\" \/>\n<meta property=\"og:title\" content=\"Salina Cruz y Santo Domingo Ingenio en sem\u00e1foro amarillo por Covid-19 - LA BRAVA RADIO\" \/>\n<meta property=\"og:description\" content=\"Salina Cruz, Oaxaca. Los municipios de a Salina Cruz y Santo Domingo Ingenio, pasaron a sem\u00e1foro epidemiologico Amarillo debido al incremento de casos de covid-19, as\u00ed lo inform\u00f3 la Jurisdicci\u00f3n Sanitaria n\u00famero 2 en el Istmo de Tehuantepec. En un comunicado, la dependencia emiti\u00f3 un circular a las autoridades municipales sobre la situaci\u00f3n epidemiol\u00f3gica que [&hellip;]\" \/>\n<meta property=\"og:url\" content=\"https:\/\/www.bbmnoticias.com\/labravaradiofm\/2022\/01\/11\/salina-cruz-y-santo-domingo-ingenio-en-semaforo-amarillo-por-covid-19\/\" \/>\n<meta property=\"og:site_name\" content=\"LA BRAVA RADIO\" \/>\n<meta property=\"article:author\" content=\"https:\/\/www.facebook.com\/EdwinMeneses30\" \/>\n<meta property=\"article:published_time\" content=\"2022-01-11T17:29:22+00:00\" \/>\n<meta property=\"article:modified_time\" content=\"2022-01-11T17:29:23+00:00\" \/>\n<meta property=\"og:image\" content=\"https:\/\/www.bbmnoticias.com\/labravaradiofm\/wp-content\/uploads\/sites\/5\/2022\/01\/salinacruz-santodomingo.jpg\" \/>\n\t<meta property=\"og:image:width\" content=\"1252\" \/>\n\t<meta property=\"og:image:height\" content=\"677\" \/>\n\t<meta property=\"og:image:type\" content=\"image\/jpeg\" \/>\n<meta name=\"author\" content=\"Edwin MENESES\" \/>\n<meta name=\"twitter:card\" content=\"summary_large_image\" \/>\n<meta name=\"twitter:creator\" content=\"@https:\/\/twitter.com\/edwin_meneses81\" \/>\n<meta name=\"twitter:label1\" content=\"Escrito por\" \/>\n\t<meta name=\"twitter:data1\" content=\"Edwin MENESES\" \/>\n\t<meta name=\"twitter:label2\" content=\"Tiempo de lectura\" \/>\n\t<meta name=\"twitter:data2\" content=\"1 minuto\" \/>\n<script type=\"application\/ld+json\" class=\"yoast-schema-graph\">{\"@context\":\"https:\\\/\\\/schema.org\",\"@graph\":[{\"@type\":\"Article\",\"@id\":\"https:\\\/\\\/www.bbmnoticias.com\\\/labravaradiofm\\\/2022\\\/01\\\/11\\\/salina-cruz-y-santo-domingo-ingenio-en-semaforo-amarillo-por-covid-19\\\/#article\",\"isPartOf\":{\"@id\":\"https:\\\/\\\/www.bbmnoticias.com\\\/labravaradiofm\\\/2022\\\/01\\\/11\\\/salina-cruz-y-santo-domingo-ingenio-en-semaforo-amarillo-por-covid-19\\\/\"},\"author\":{\"name\":\"Edwin MENESES\",\"@id\":\"https:\\\/\\\/www.bbmnoticias.com\\\/labravaradiofm\\\/#\\\/schema\\\/person\\\/9b02a4c779df75b578b6413d0d44d6b6\"},\"headline\":\"Salina Cruz y Santo Domingo Ingenio en sem\u00e1foro amarillo por Covid-19\",\"datePublished\":\"2022-01-11T17:29:22+00:00\",\"dateModified\":\"2022-01-11T17:29:23+00:00\",\"mainEntityOfPage\":{\"@id\":\"https:\\\/\\\/www.bbmnoticias.com\\\/labravaradiofm\\\/2022\\\/01\\\/11\\\/salina-cruz-y-santo-domingo-ingenio-en-semaforo-amarillo-por-covid-19\\\/\"},\"wordCount\":161,\"image\":{\"@id\":\"https:\\\/\\\/www.bbmnoticias.com\\\/labravaradiofm\\\/2022\\\/01\\\/11\\\/salina-cruz-y-santo-domingo-ingenio-en-semaforo-amarillo-por-covid-19\\\/#primaryimage\"},\"thumbnailUrl\":\"https:\\\/\\\/www.bbmnoticias.com\\\/labravaradiofm\\\/wp-content\\\/uploads\\\/sites\\\/5\\\/2022\\\/01\\\/salinacruz-santodomingo.jpg\",\"articleSection\":[\"LOCAL\"],\"inLanguage\":\"es\"},{\"@type\":\"WebPage\",\"@id\":\"https:\\\/\\\/www.bbmnoticias.com\\\/labravaradiofm\\\/2022\\\/01\\\/11\\\/salina-cruz-y-santo-domingo-ingenio-en-semaforo-amarillo-por-covid-19\\\/\",\"url\":\"https:\\\/\\\/www.bbmnoticias.com\\\/labravaradiofm\\\/2022\\\/01\\\/11\\\/salina-cruz-y-santo-domingo-ingenio-en-semaforo-amarillo-por-covid-19\\\/\",\"name\":\"Salina Cruz y Santo Domingo Ingenio en sem\u00e1foro amarillo por Covid-19 - LA BRAVA RADIO\",\"isPartOf\":{\"@id\":\"https:\\\/\\\/www.bbmnoticias.com\\\/labravaradiofm\\\/#website\"},\"primaryImageOfPage\":{\"@id\":\"https:\\\/\\\/www.bbmnoticias.com\\\/labravaradiofm\\\/2022\\\/01\\\/11\\\/salina-cruz-y-santo-domingo-ingenio-en-semaforo-amarillo-por-covid-19\\\/#primaryimage\"},\"image\":{\"@id\":\"https:\\\/\\\/www.bbmnoticias.com\\\/labravaradiofm\\\/2022\\\/01\\\/11\\\/salina-cruz-y-santo-domingo-ingenio-en-semaforo-amarillo-por-covid-19\\\/#primaryimage\"},\"thumbnailUrl\":\"https:\\\/\\\/www.bbmnoticias.com\\\/labravaradiofm\\\/wp-content\\\/uploads\\\/sites\\\/5\\\/2022\\\/01\\\/salinacruz-santodomingo.jpg\",\"datePublished\":\"2022-01-11T17:29:22+00:00\",\"dateModified\":\"2022-01-11T17:29:23+00:00\",\"author\":{\"@id\":\"https:\\\/\\\/www.bbmnoticias.com\\\/labravaradiofm\\\/#\\\/schema\\\/person\\\/9b02a4c779df75b578b6413d0d44d6b6\"},\"breadcrumb\":{\"@id\":\"https:\\\/\\\/www.bbmnoticias.com\\\/labravaradiofm\\\/2022\\\/01\\\/11\\\/salina-cruz-y-santo-domingo-ingenio-en-semaforo-amarillo-por-covid-19\\\/#breadcrumb\"},\"inLanguage\":\"es\",\"potentialAction\":[{\"@type\":\"ReadAction\",\"target\":[\"https:\\\/\\\/www.bbmnoticias.com\\\/labravaradiofm\\\/2022\\\/01\\\/11\\\/salina-cruz-y-santo-domingo-ingenio-en-semaforo-amarillo-por-covid-19\\\/\"]}]},{\"@type\":\"ImageObject\",\"inLanguage\":\"es\",\"@id\":\"https:\\\/\\\/www.bbmnoticias.com\\\/labravaradiofm\\\/2022\\\/01\\\/11\\\/salina-cruz-y-santo-domingo-ingenio-en-semaforo-amarillo-por-covid-19\\\/#primaryimage\",\"url\":\"https:\\\/\\\/www.bbmnoticias.com\\\/labravaradiofm\\\/wp-content\\\/uploads\\\/sites\\\/5\\\/2022\\\/01\\\/salinacruz-santodomingo.jpg\",\"contentUrl\":\"https:\\\/\\\/www.bbmnoticias.com\\\/labravaradiofm\\\/wp-content\\\/uploads\\\/sites\\\/5\\\/2022\\\/01\\\/salinacruz-santodomingo.jpg\",\"width\":1252,\"height\":677},{\"@type\":\"BreadcrumbList\",\"@id\":\"https:\\\/\\\/www.bbmnoticias.com\\\/labravaradiofm\\\/2022\\\/01\\\/11\\\/salina-cruz-y-santo-domingo-ingenio-en-semaforo-amarillo-por-covid-19\\\/#breadcrumb\",\"itemListElement\":[{\"@type\":\"ListItem\",\"position\":1,\"name\":\"Inicio\",\"item\":\"https:\\\/\\\/www.bbmnoticias.com\\\/labravaradiofm\\\/\"},{\"@type\":\"ListItem\",\"position\":2,\"name\":\"Salina Cruz y Santo Domingo Ingenio en sem\u00e1foro amarillo por Covid-19\"}]},{\"@type\":\"WebSite\",\"@id\":\"https:\\\/\\\/www.bbmnoticias.com\\\/labravaradiofm\\\/#website\",\"url\":\"https:\\\/\\\/www.bbmnoticias.com\\\/labravaradiofm\\\/\",\"name\":\"LA BRAVA RADIO\",\"description\":\"Empresa productora de medios, Radiodifusi\u00f3n, Noticias, tendencias y todo lo que necesitas saber de la pol\u00edtica mexicana e internacional; entretenimiento, espect\u00e1culos, salud y mucho m\u00e1s.\",\"potentialAction\":[{\"@type\":\"SearchAction\",\"target\":{\"@type\":\"EntryPoint\",\"urlTemplate\":\"https:\\\/\\\/www.bbmnoticias.com\\\/labravaradiofm\\\/?s={search_term_string}\"},\"query-input\":{\"@type\":\"PropertyValueSpecification\",\"valueRequired\":true,\"valueName\":\"search_term_string\"}}],\"inLanguage\":\"es\"},{\"@type\":\"Person\",\"@id\":\"https:\\\/\\\/www.bbmnoticias.com\\\/labravaradiofm\\\/#\\\/schema\\\/person\\\/9b02a4c779df75b578b6413d0d44d6b6\",\"name\":\"Edwin MENESES\",\"image\":{\"@type\":\"ImageObject\",\"inLanguage\":\"es\",\"@id\":\"https:\\\/\\\/secure.gravatar.com\\\/avatar\\\/202a15439445248653d719ff745fa195bcc0553404b070fe317543754f253c4f?s=96&d=mm&r=g\",\"url\":\"https:\\\/\\\/secure.gravatar.com\\\/avatar\\\/202a15439445248653d719ff745fa195bcc0553404b070fe317543754f253c4f?s=96&d=mm&r=g\",\"contentUrl\":\"https:\\\/\\\/secure.gravatar.com\\\/avatar\\\/202a15439445248653d719ff745fa195bcc0553404b070fe317543754f253c4f?s=96&d=mm&r=g\",\"caption\":\"Edwin MENESES\"},\"sameAs\":[\"https:\\\/\\\/www.bbmnoticias.com\",\"https:\\\/\\\/www.facebook.com\\\/EdwinMeneses30\",\"https:\\\/\\\/x.com\\\/https:\\\/\\\/twitter.com\\\/edwin_meneses81\"],\"url\":\"https:\\\/\\\/www.bbmnoticias.com\\\/labravaradiofm\\\/author\\\/edwin\\\/\"}]}<\/script>\n<!-- \/ Yoast SEO plugin. -->","yoast_head_json":{"title":"Salina Cruz y Santo Domingo Ingenio en sem\u00e1foro amarillo por Covid-19 - LA BRAVA RADIO","robots":{"index":"index","follow":"follow","max-snippet":"max-snippet:-1","max-image-preview":"max-image-preview:large","max-video-preview":"max-video-preview:-1"},"canonical":"https:\/\/www.bbmnoticias.com\/labravaradiofm\/2022\/01\/11\/salina-cruz-y-santo-domingo-ingenio-en-semaforo-amarillo-por-covid-19\/","og_locale":"es_MX","og_type":"article","og_title":"Salina Cruz y Santo Domingo Ingenio en sem\u00e1foro amarillo por Covid-19 - LA BRAVA RADIO","og_description":"Salina Cruz, Oaxaca. Los municipios de a Salina Cruz y Santo Domingo Ingenio, pasaron a sem\u00e1foro epidemiologico Amarillo debido al incremento de casos de covid-19, as\u00ed lo inform\u00f3 la Jurisdicci\u00f3n Sanitaria n\u00famero 2 en el Istmo de Tehuantepec. En un comunicado, la dependencia emiti\u00f3 un circular a las autoridades municipales sobre la situaci\u00f3n epidemiol\u00f3gica que [&hellip;]","og_url":"https:\/\/www.bbmnoticias.com\/labravaradiofm\/2022\/01\/11\/salina-cruz-y-santo-domingo-ingenio-en-semaforo-amarillo-por-covid-19\/","og_site_name":"LA BRAVA RADIO","article_author":"https:\/\/www.facebook.com\/EdwinMeneses30","article_published_time":"2022-01-11T17:29:22+00:00","article_modified_time":"2022-01-11T17:29:23+00:00","og_image":[{"width":1252,"height":677,"url":"https:\/\/www.bbmnoticias.com\/labravaradiofm\/wp-content\/uploads\/sites\/5\/2022\/01\/salinacruz-santodomingo.jpg","type":"image\/jpeg"}],"author":"Edwin MENESES","twitter_card":"summary_large_image","twitter_creator":"@https:\/\/twitter.com\/edwin_meneses81","twitter_misc":{"Escrito por":"Edwin MENESES","Tiempo de lectura":"1 minuto"},"schema":{"@context":"https:\/\/schema.org","@graph":[{"@type":"Article","@id":"https:\/\/www.bbmnoticias.com\/labravaradiofm\/2022\/01\/11\/salina-cruz-y-santo-domingo-ingenio-en-semaforo-amarillo-por-covid-19\/#article","isPartOf":{"@id":"https:\/\/www.bbmnoticias.com\/labravaradiofm\/2022\/01\/11\/salina-cruz-y-santo-domingo-ingenio-en-semaforo-amarillo-por-covid-19\/"},"author":{"name":"Edwin MENESES","@id":"https:\/\/www.bbmnoticias.com\/labravaradiofm\/#\/schema\/person\/9b02a4c779df75b578b6413d0d44d6b6"},"headline":"Salina Cruz y Santo Domingo Ingenio en sem\u00e1foro amarillo por Covid-19","datePublished":"2022-01-11T17:29:22+00:00","dateModified":"2022-01-11T17:29:23+00:00","mainEntityOfPage":{"@id":"https:\/\/www.bbmnoticias.com\/labravaradiofm\/2022\/01\/11\/salina-cruz-y-santo-domingo-ingenio-en-semaforo-amarillo-por-covid-19\/"},"wordCount":161,"image":{"@id":"https:\/\/www.bbmnoticias.com\/labravaradiofm\/2022\/01\/11\/salina-cruz-y-santo-domingo-ingenio-en-semaforo-amarillo-por-covid-19\/#primaryimage"},"thumbnailUrl":"https:\/\/www.bbmnoticias.com\/labravaradiofm\/wp-content\/uploads\/sites\/5\/2022\/01\/salinacruz-santodomingo.jpg","articleSection":["LOCAL"],"inLanguage":"es"},{"@type":"WebPage","@id":"https:\/\/www.bbmnoticias.com\/labravaradiofm\/2022\/01\/11\/salina-cruz-y-santo-domingo-ingenio-en-semaforo-amarillo-por-covid-19\/","url":"https:\/\/www.bbmnoticias.com\/labravaradiofm\/2022\/01\/11\/salina-cruz-y-santo-domingo-ingenio-en-semaforo-amarillo-por-covid-19\/","name":"Salina Cruz y Santo Domingo Ingenio en sem\u00e1foro amarillo por Covid-19 - LA BRAVA RADIO","isPartOf":{"@id":"https:\/\/www.bbmnoticias.com\/labravaradiofm\/#website"},"primaryImageOfPage":{"@id":"https:\/\/www.bbmnoticias.com\/labravaradiofm\/2022\/01\/11\/salina-cruz-y-santo-domingo-ingenio-en-semaforo-amarillo-por-covid-19\/#primaryimage"},"image":{"@id":"https:\/\/www.bbmnoticias.com\/labravaradiofm\/2022\/01\/11\/salina-cruz-y-santo-domingo-ingenio-en-semaforo-amarillo-por-covid-19\/#primaryimage"},"thumbnailUrl":"https:\/\/www.bbmnoticias.com\/labravaradiofm\/wp-content\/uploads\/sites\/5\/2022\/01\/salinacruz-santodomingo.jpg","datePublished":"2022-01-11T17:29:22+00:00","dateModified":"2022-01-11T17:29:23+00:00","author":{"@id":"https:\/\/www.bbmnoticias.com\/labravaradiofm\/#\/schema\/person\/9b02a4c779df75b578b6413d0d44d6b6"},"breadcrumb":{"@id":"https:\/\/www.bbmnoticias.com\/labravaradiofm\/2022\/01\/11\/salina-cruz-y-santo-domingo-ingenio-en-semaforo-amarillo-por-covid-19\/#breadcrumb"},"inLanguage":"es","potentialAction":[{"@type":"ReadAction","target":["https:\/\/www.bbmnoticias.com\/labravaradiofm\/2022\/01\/11\/salina-cruz-y-santo-domingo-ingenio-en-semaforo-amarillo-por-covid-19\/"]}]},{"@type":"ImageObject","inLanguage":"es","@id":"https:\/\/www.bbmnoticias.com\/labravaradiofm\/2022\/01\/11\/salina-cruz-y-santo-domingo-ingenio-en-semaforo-amarillo-por-covid-19\/#primaryimage","url":"https:\/\/www.bbmnoticias.com\/labravaradiofm\/wp-content\/uploads\/sites\/5\/2022\/01\/salinacruz-santodomingo.jpg","contentUrl":"https:\/\/www.bbmnoticias.com\/labravaradiofm\/wp-content\/uploads\/sites\/5\/2022\/01\/salinacruz-santodomingo.jpg","width":1252,"height":677},{"@type":"BreadcrumbList","@id":"https:\/\/www.bbmnoticias.com\/labravaradiofm\/2022\/01\/11\/salina-cruz-y-santo-domingo-ingenio-en-semaforo-amarillo-por-covid-19\/#breadcrumb","itemListElement":[{"@type":"ListItem","position":1,"name":"Inicio","item":"https:\/\/www.bbmnoticias.com\/labravaradiofm\/"},{"@type":"ListItem","position":2,"name":"Salina Cruz y Santo Domingo Ingenio en sem\u00e1foro amarillo por Covid-19"}]},{"@type":"WebSite","@id":"https:\/\/www.bbmnoticias.com\/labravaradiofm\/#website","url":"https:\/\/www.bbmnoticias.com\/labravaradiofm\/","name":"LA BRAVA RADIO","description":"Empresa productora de medios, Radiodifusi\u00f3n, Noticias, tendencias y todo lo que necesitas saber de la pol\u00edtica mexicana e internacional; entretenimiento, espect\u00e1culos, salud y mucho m\u00e1s.","potentialAction":[{"@type":"SearchAction","target":{"@type":"EntryPoint","urlTemplate":"https:\/\/www.bbmnoticias.com\/labravaradiofm\/?s={search_term_string}"},"query-input":{"@type":"PropertyValueSpecification","valueRequired":true,"valueName":"search_term_string"}}],"inLanguage":"es"},{"@type":"Person","@id":"https:\/\/www.bbmnoticias.com\/labravaradiofm\/#\/schema\/person\/9b02a4c779df75b578b6413d0d44d6b6","name":"Edwin MENESES","image":{"@type":"ImageObject","inLanguage":"es","@id":"https:\/\/secure.gravatar.com\/avatar\/202a15439445248653d719ff745fa195bcc0553404b070fe317543754f253c4f?s=96&d=mm&r=g","url":"https:\/\/secure.gravatar.com\/avatar\/202a15439445248653d719ff745fa195bcc0553404b070fe317543754f253c4f?s=96&d=mm&r=g","contentUrl":"https:\/\/secure.gravatar.com\/avatar\/202a15439445248653d719ff745fa195bcc0553404b070fe317543754f253c4f?s=96&d=mm&r=g","caption":"Edwin MENESES"},"sameAs":["https:\/\/www.bbmnoticias.com","https:\/\/www.facebook.com\/EdwinMeneses30","https:\/\/x.com\/https:\/\/twitter.com\/edwin_meneses81"],"url":"https:\/\/www.bbmnoticias.com\/labravaradiofm\/author\/edwin\/"}]}},"_links":{"self":[{"href":"https:\/\/www.bbmnoticias.com\/labravaradiofm\/wp-json\/wp\/v2\/posts\/8372","targetHints":{"allow":["GET"]}}],"collection":[{"href":"https:\/\/www.bbmnoticias.com\/labravaradiofm\/wp-json\/wp\/v2\/posts"}],"about":[{"href":"https:\/\/www.bbmnoticias.com\/labravaradiofm\/wp-json\/wp\/v2\/types\/post"}],"author":[{"embeddable":true,"href":"https:\/\/www.bbmnoticias.com\/labravaradiofm\/wp-json\/wp\/v2\/users\/3"}],"replies":[{"embeddable":true,"href":"https:\/\/www.bbmnoticias.com\/labravaradiofm\/wp-json\/wp\/v2\/comments?post=8372"}],"version-history":[{"count":0,"href":"https:\/\/www.bbmnoticias.com\/labravaradiofm\/wp-json\/wp\/v2\/posts\/8372\/revisions"}],"wp:featuredmedia":[{"embeddable":true,"href":"https:\/\/www.bbmnoticias.com\/labravaradiofm\/wp-json\/wp\/v2\/media\/8373"}],"wp:attachment":[{"href":"https:\/\/www.bbmnoticias.com\/labravaradiofm\/wp-json\/wp\/v2\/media?parent=8372"}],"wp:term":[{"taxonomy":"category","embeddable":true,"href":"https:\/\/www.bbmnoticias.com\/labravaradiofm\/wp-json\/wp\/v2\/categories?post=8372"},{"taxonomy":"post_tag","embeddable":true,"href":"https:\/\/www.bbmnoticias.com\/labravaradiofm\/wp-json\/wp\/v2\/tags?post=8372"}],"curies":[{"name":"wp","href":"https:\/\/api.w.org\/{rel}","templated":true}]}}