{"id":8369,"date":"2022-01-11T09:21:48","date_gmt":"2022-01-11T15:21:48","guid":{"rendered":"https:\/\/www.bbmnoticias.com\/labravaradiofm\/?p=8369"},"modified":"2022-01-11T09:21:50","modified_gmt":"2022-01-11T15:21:50","slug":"solicitan-reactivar-el-registro-publico-de-la-propiedad-en-putla","status":"publish","type":"post","link":"https:\/\/www.bbmnoticias.com\/labravaradiofm\/2022\/01\/11\/solicitan-reactivar-el-registro-publico-de-la-propiedad-en-putla\/","title":{"rendered":"Solicitan reactivar el Registro P\u00fablico de la Propiedad en Putla"},"content":{"rendered":"<div style=\"margin-top: 0px; margin-bottom: 0px;\" class=\"sharethis-inline-share-buttons\" ><\/div>\n<p><strong>Putla Villa de Guerrero, Oax.-<\/strong> Integrantes del Comit\u00e9 Directivo de Putla Villa de Guerrero, en coordinaci\u00f3n con la Directiva Estatal de la Barra Oaxaque\u00f1a de Abogados y Pasantes de Derecho Independientes A.C., solicitaron al Gobernador del Estado, el Mtro. Alejandro Murat Hinojosa, su intervenci\u00f3n legal y pol\u00edtica con car\u00e1cter resolutivo para que contin\u00faen las facultades y obligaciones del M\u00f3dulo Integral de Atenci\u00f3n al Contribuyente con funciones registrales dependientes de la Secretar\u00eda de Finanzas del Estado de Oaxaca (Sefin).&nbsp;<\/p>\n\n\n\n<p>Este lunes 10 de enero del presente a\u00f1o, integrantes de la Delegaci\u00f3n Distrital de Putla Villa de Guerrero pertenecientes a la Barra Oaxaque\u00f1a de Abogados y Pasantes de Derecho Independientes A. C., en coordinaci\u00f3n con el Comit\u00e9 Directivo Estatal, Gestores Notariales y ciudadanos de este municipio, como medida de presi\u00f3n a las autoridades correspondientes del Registro P\u00fablico de la Propiedad, tomaron las oficinas que ocupa el Centro Integral de Atenci\u00f3n al Contribuyente de Putla, solicitando una respuesta inmediata de sus peticiones.&nbsp;<\/p>\n\n\n\n<p>Entre sus demandas se encuentra la reactivaci\u00f3n del Registro P\u00fablico de la Propiedad en Putla Villa de Guerrero, el cual ha operado durante muchos a\u00f1os en la poblaci\u00f3n, ya que a partir del mes de agosto del a\u00f1o 2021 cerraron la atenci\u00f3n al p\u00fablico en general y ahora tienen que trasladarse al municipio de Tlaxiaco para realizar sus tr\u00e1mites correspondientes, afectando a todos los ciudadanos putlecos.&nbsp;<\/p>\n\n\n\n<p>El Distrito de Putla Villa de Guerrero se considera la \u201cpuerta chica\u201d a la Costa Grande de nuestro bello estado, por lo tanto, su situaci\u00f3n geogr\u00e1fica, social, econ\u00f3mica, pol\u00edtica y jur\u00eddica es de gran importancia en la regi\u00f3n de la Sierra Sur.&nbsp;<\/p>\n\n\n\n<p>En este municipio se encuentran las sedes relevantes de dependencias gubernamentales y judiciales, entre ellas la Recaudaci\u00f3n de Rentas y Registrales (SEFIN), Fiscal\u00eda General del Estado de Oaxaca (FGEO), Juzgados del H. Tribunal Superior de Justicia del Estado de Oaxaca (TSJEO), Oficial\u00eda del Registro Civil, Seguridad P\u00fablica Federal (Guardia Nacional) y Estatal (SSP), entre otras.&nbsp;<\/p>\n\n\n\n<p>Es por ello que los integrantes de esta Barra Oaxaque\u00f1a de Abogados y Pasantes de Derecho Independientes solicitaron la intervenci\u00f3n del mandatario estatal para que esta oficina contin\u00fae brindando atenci\u00f3n al p\u00fablico en este municipio.&nbsp;<\/p>\n","protected":false},"excerpt":{"rendered":"<p>Putla Villa de Guerrero, Oax.- Integrantes del Comit\u00e9 Directivo de Putla Villa de Guerrero, en coordinaci\u00f3n con la Directiva Estatal de la Barra Oaxaque\u00f1a de Abogados y Pasantes de Derecho Independientes A.C., solicitaron al Gobernador del Estado, el Mtro. Alejandro Murat Hinojosa, su intervenci\u00f3n legal y pol\u00edtica con car\u00e1cter resolutivo para que contin\u00faen las facultades [&hellip;]<\/p>\n","protected":false},"author":2,"featured_media":8370,"comment_status":"closed","ping_status":"closed","sticky":false,"template":"","format":"standard","meta":{"footnotes":""},"categories":[2],"tags":[],"class_list":{"0":"post-8369","1":"post","2":"type-post","3":"status-publish","4":"format-standard","5":"has-post-thumbnail","7":"category-oaxaca"},"yoast_head":"<!-- This site is optimized with the Yoast SEO plugin v27.4 - https:\/\/yoast.com\/product\/yoast-seo-wordpress\/ -->\n<title>Solicitan reactivar el Registro P\u00fablico de la Propiedad en Putla - LA BRAVA RADIO<\/title>\n<meta name=\"robots\" content=\"index, follow, max-snippet:-1, max-image-preview:large, max-video-preview:-1\" \/>\n<link rel=\"canonical\" href=\"https:\/\/www.bbmnoticias.com\/labravaradiofm\/2022\/01\/11\/solicitan-reactivar-el-registro-publico-de-la-propiedad-en-putla\/\" \/>\n<meta property=\"og:locale\" content=\"es_MX\" \/>\n<meta property=\"og:type\" content=\"article\" \/>\n<meta property=\"og:title\" content=\"Solicitan reactivar el Registro P\u00fablico de la Propiedad en Putla - LA BRAVA RADIO\" \/>\n<meta property=\"og:description\" content=\"Putla Villa de Guerrero, Oax.- Integrantes del Comit\u00e9 Directivo de Putla Villa de Guerrero, en coordinaci\u00f3n con la Directiva Estatal de la Barra Oaxaque\u00f1a de Abogados y Pasantes de Derecho Independientes A.C., solicitaron al Gobernador del Estado, el Mtro. Alejandro Murat Hinojosa, su intervenci\u00f3n legal y pol\u00edtica con car\u00e1cter resolutivo para que contin\u00faen las facultades [&hellip;]\" \/>\n<meta property=\"og:url\" content=\"https:\/\/www.bbmnoticias.com\/labravaradiofm\/2022\/01\/11\/solicitan-reactivar-el-registro-publico-de-la-propiedad-en-putla\/\" \/>\n<meta property=\"og:site_name\" content=\"LA BRAVA RADIO\" \/>\n<meta property=\"article:published_time\" content=\"2022-01-11T15:21:48+00:00\" \/>\n<meta property=\"article:modified_time\" content=\"2022-01-11T15:21:50+00:00\" \/>\n<meta property=\"og:image\" content=\"https:\/\/www.bbmnoticias.com\/labravaradiofm\/wp-content\/uploads\/sites\/5\/2022\/01\/registro-publico-putla.jpg\" \/>\n\t<meta property=\"og:image:width\" content=\"1280\" \/>\n\t<meta property=\"og:image:height\" content=\"576\" \/>\n\t<meta property=\"og:image:type\" content=\"image\/jpeg\" \/>\n<meta name=\"author\" content=\"Staff\" \/>\n<meta name=\"twitter:card\" content=\"summary_large_image\" \/>\n<meta name=\"twitter:label1\" content=\"Escrito por\" \/>\n\t<meta name=\"twitter:data1\" content=\"Staff\" \/>\n\t<meta name=\"twitter:label2\" content=\"Tiempo de lectura\" \/>\n\t<meta name=\"twitter:data2\" content=\"2 minutos\" \/>\n<script type=\"application\/ld+json\" class=\"yoast-schema-graph\">{\"@context\":\"https:\\\/\\\/schema.org\",\"@graph\":[{\"@type\":\"Article\",\"@id\":\"https:\\\/\\\/www.bbmnoticias.com\\\/labravaradiofm\\\/2022\\\/01\\\/11\\\/solicitan-reactivar-el-registro-publico-de-la-propiedad-en-putla\\\/#article\",\"isPartOf\":{\"@id\":\"https:\\\/\\\/www.bbmnoticias.com\\\/labravaradiofm\\\/2022\\\/01\\\/11\\\/solicitan-reactivar-el-registro-publico-de-la-propiedad-en-putla\\\/\"},\"author\":{\"name\":\"Staff\",\"@id\":\"https:\\\/\\\/www.bbmnoticias.com\\\/labravaradiofm\\\/#\\\/schema\\\/person\\\/68a9e9036ef3c5b55aeb2b71dc8bab45\"},\"headline\":\"Solicitan reactivar el Registro P\u00fablico de la Propiedad en Putla\",\"datePublished\":\"2022-01-11T15:21:48+00:00\",\"dateModified\":\"2022-01-11T15:21:50+00:00\",\"mainEntityOfPage\":{\"@id\":\"https:\\\/\\\/www.bbmnoticias.com\\\/labravaradiofm\\\/2022\\\/01\\\/11\\\/solicitan-reactivar-el-registro-publico-de-la-propiedad-en-putla\\\/\"},\"wordCount\":413,\"image\":{\"@id\":\"https:\\\/\\\/www.bbmnoticias.com\\\/labravaradiofm\\\/2022\\\/01\\\/11\\\/solicitan-reactivar-el-registro-publico-de-la-propiedad-en-putla\\\/#primaryimage\"},\"thumbnailUrl\":\"https:\\\/\\\/www.bbmnoticias.com\\\/labravaradiofm\\\/wp-content\\\/uploads\\\/sites\\\/5\\\/2022\\\/01\\\/registro-publico-putla.jpg\",\"articleSection\":[\"LOCAL\"],\"inLanguage\":\"es\"},{\"@type\":\"WebPage\",\"@id\":\"https:\\\/\\\/www.bbmnoticias.com\\\/labravaradiofm\\\/2022\\\/01\\\/11\\\/solicitan-reactivar-el-registro-publico-de-la-propiedad-en-putla\\\/\",\"url\":\"https:\\\/\\\/www.bbmnoticias.com\\\/labravaradiofm\\\/2022\\\/01\\\/11\\\/solicitan-reactivar-el-registro-publico-de-la-propiedad-en-putla\\\/\",\"name\":\"Solicitan reactivar el Registro P\u00fablico de la Propiedad en Putla - LA BRAVA RADIO\",\"isPartOf\":{\"@id\":\"https:\\\/\\\/www.bbmnoticias.com\\\/labravaradiofm\\\/#website\"},\"primaryImageOfPage\":{\"@id\":\"https:\\\/\\\/www.bbmnoticias.com\\\/labravaradiofm\\\/2022\\\/01\\\/11\\\/solicitan-reactivar-el-registro-publico-de-la-propiedad-en-putla\\\/#primaryimage\"},\"image\":{\"@id\":\"https:\\\/\\\/www.bbmnoticias.com\\\/labravaradiofm\\\/2022\\\/01\\\/11\\\/solicitan-reactivar-el-registro-publico-de-la-propiedad-en-putla\\\/#primaryimage\"},\"thumbnailUrl\":\"https:\\\/\\\/www.bbmnoticias.com\\\/labravaradiofm\\\/wp-content\\\/uploads\\\/sites\\\/5\\\/2022\\\/01\\\/registro-publico-putla.jpg\",\"datePublished\":\"2022-01-11T15:21:48+00:00\",\"dateModified\":\"2022-01-11T15:21:50+00:00\",\"author\":{\"@id\":\"https:\\\/\\\/www.bbmnoticias.com\\\/labravaradiofm\\\/#\\\/schema\\\/person\\\/68a9e9036ef3c5b55aeb2b71dc8bab45\"},\"breadcrumb\":{\"@id\":\"https:\\\/\\\/www.bbmnoticias.com\\\/labravaradiofm\\\/2022\\\/01\\\/11\\\/solicitan-reactivar-el-registro-publico-de-la-propiedad-en-putla\\\/#breadcrumb\"},\"inLanguage\":\"es\",\"potentialAction\":[{\"@type\":\"ReadAction\",\"target\":[\"https:\\\/\\\/www.bbmnoticias.com\\\/labravaradiofm\\\/2022\\\/01\\\/11\\\/solicitan-reactivar-el-registro-publico-de-la-propiedad-en-putla\\\/\"]}]},{\"@type\":\"ImageObject\",\"inLanguage\":\"es\",\"@id\":\"https:\\\/\\\/www.bbmnoticias.com\\\/labravaradiofm\\\/2022\\\/01\\\/11\\\/solicitan-reactivar-el-registro-publico-de-la-propiedad-en-putla\\\/#primaryimage\",\"url\":\"https:\\\/\\\/www.bbmnoticias.com\\\/labravaradiofm\\\/wp-content\\\/uploads\\\/sites\\\/5\\\/2022\\\/01\\\/registro-publico-putla.jpg\",\"contentUrl\":\"https:\\\/\\\/www.bbmnoticias.com\\\/labravaradiofm\\\/wp-content\\\/uploads\\\/sites\\\/5\\\/2022\\\/01\\\/registro-publico-putla.jpg\",\"width\":1280,\"height\":576},{\"@type\":\"BreadcrumbList\",\"@id\":\"https:\\\/\\\/www.bbmnoticias.com\\\/labravaradiofm\\\/2022\\\/01\\\/11\\\/solicitan-reactivar-el-registro-publico-de-la-propiedad-en-putla\\\/#breadcrumb\",\"itemListElement\":[{\"@type\":\"ListItem\",\"position\":1,\"name\":\"Inicio\",\"item\":\"https:\\\/\\\/www.bbmnoticias.com\\\/labravaradiofm\\\/\"},{\"@type\":\"ListItem\",\"position\":2,\"name\":\"Solicitan reactivar el Registro P\u00fablico de la Propiedad en Putla\"}]},{\"@type\":\"WebSite\",\"@id\":\"https:\\\/\\\/www.bbmnoticias.com\\\/labravaradiofm\\\/#website\",\"url\":\"https:\\\/\\\/www.bbmnoticias.com\\\/labravaradiofm\\\/\",\"name\":\"LA BRAVA RADIO\",\"description\":\"Empresa productora de medios, Radiodifusi\u00f3n, Noticias, tendencias y todo lo que necesitas saber de la pol\u00edtica mexicana e internacional; entretenimiento, espect\u00e1culos, salud y mucho m\u00e1s.\",\"potentialAction\":[{\"@type\":\"SearchAction\",\"target\":{\"@type\":\"EntryPoint\",\"urlTemplate\":\"https:\\\/\\\/www.bbmnoticias.com\\\/labravaradiofm\\\/?s={search_term_string}\"},\"query-input\":{\"@type\":\"PropertyValueSpecification\",\"valueRequired\":true,\"valueName\":\"search_term_string\"}}],\"inLanguage\":\"es\"},{\"@type\":\"Person\",\"@id\":\"https:\\\/\\\/www.bbmnoticias.com\\\/labravaradiofm\\\/#\\\/schema\\\/person\\\/68a9e9036ef3c5b55aeb2b71dc8bab45\",\"name\":\"Staff\",\"image\":{\"@type\":\"ImageObject\",\"inLanguage\":\"es\",\"@id\":\"https:\\\/\\\/secure.gravatar.com\\\/avatar\\\/fdd21ad66fd8b98c407f9dee5b5e588cfe7f0d8579ec20fa6527cd59bab7f0f0?s=96&d=mm&r=g\",\"url\":\"https:\\\/\\\/secure.gravatar.com\\\/avatar\\\/fdd21ad66fd8b98c407f9dee5b5e588cfe7f0d8579ec20fa6527cd59bab7f0f0?s=96&d=mm&r=g\",\"contentUrl\":\"https:\\\/\\\/secure.gravatar.com\\\/avatar\\\/fdd21ad66fd8b98c407f9dee5b5e588cfe7f0d8579ec20fa6527cd59bab7f0f0?s=96&d=mm&r=g\",\"caption\":\"Staff\"},\"url\":\"https:\\\/\\\/www.bbmnoticias.com\\\/labravaradiofm\\\/author\\\/redaccion\\\/\"}]}<\/script>\n<!-- \/ Yoast SEO plugin. -->","yoast_head_json":{"title":"Solicitan reactivar el Registro P\u00fablico de la Propiedad en Putla - LA BRAVA RADIO","robots":{"index":"index","follow":"follow","max-snippet":"max-snippet:-1","max-image-preview":"max-image-preview:large","max-video-preview":"max-video-preview:-1"},"canonical":"https:\/\/www.bbmnoticias.com\/labravaradiofm\/2022\/01\/11\/solicitan-reactivar-el-registro-publico-de-la-propiedad-en-putla\/","og_locale":"es_MX","og_type":"article","og_title":"Solicitan reactivar el Registro P\u00fablico de la Propiedad en Putla - LA BRAVA RADIO","og_description":"Putla Villa de Guerrero, Oax.- Integrantes del Comit\u00e9 Directivo de Putla Villa de Guerrero, en coordinaci\u00f3n con la Directiva Estatal de la Barra Oaxaque\u00f1a de Abogados y Pasantes de Derecho Independientes A.C., solicitaron al Gobernador del Estado, el Mtro. Alejandro Murat Hinojosa, su intervenci\u00f3n legal y pol\u00edtica con car\u00e1cter resolutivo para que contin\u00faen las facultades [&hellip;]","og_url":"https:\/\/www.bbmnoticias.com\/labravaradiofm\/2022\/01\/11\/solicitan-reactivar-el-registro-publico-de-la-propiedad-en-putla\/","og_site_name":"LA BRAVA RADIO","article_published_time":"2022-01-11T15:21:48+00:00","article_modified_time":"2022-01-11T15:21:50+00:00","og_image":[{"width":1280,"height":576,"url":"https:\/\/www.bbmnoticias.com\/labravaradiofm\/wp-content\/uploads\/sites\/5\/2022\/01\/registro-publico-putla.jpg","type":"image\/jpeg"}],"author":"Staff","twitter_card":"summary_large_image","twitter_misc":{"Escrito por":"Staff","Tiempo de lectura":"2 minutos"},"schema":{"@context":"https:\/\/schema.org","@graph":[{"@type":"Article","@id":"https:\/\/www.bbmnoticias.com\/labravaradiofm\/2022\/01\/11\/solicitan-reactivar-el-registro-publico-de-la-propiedad-en-putla\/#article","isPartOf":{"@id":"https:\/\/www.bbmnoticias.com\/labravaradiofm\/2022\/01\/11\/solicitan-reactivar-el-registro-publico-de-la-propiedad-en-putla\/"},"author":{"name":"Staff","@id":"https:\/\/www.bbmnoticias.com\/labravaradiofm\/#\/schema\/person\/68a9e9036ef3c5b55aeb2b71dc8bab45"},"headline":"Solicitan reactivar el Registro P\u00fablico de la Propiedad en Putla","datePublished":"2022-01-11T15:21:48+00:00","dateModified":"2022-01-11T15:21:50+00:00","mainEntityOfPage":{"@id":"https:\/\/www.bbmnoticias.com\/labravaradiofm\/2022\/01\/11\/solicitan-reactivar-el-registro-publico-de-la-propiedad-en-putla\/"},"wordCount":413,"image":{"@id":"https:\/\/www.bbmnoticias.com\/labravaradiofm\/2022\/01\/11\/solicitan-reactivar-el-registro-publico-de-la-propiedad-en-putla\/#primaryimage"},"thumbnailUrl":"https:\/\/www.bbmnoticias.com\/labravaradiofm\/wp-content\/uploads\/sites\/5\/2022\/01\/registro-publico-putla.jpg","articleSection":["LOCAL"],"inLanguage":"es"},{"@type":"WebPage","@id":"https:\/\/www.bbmnoticias.com\/labravaradiofm\/2022\/01\/11\/solicitan-reactivar-el-registro-publico-de-la-propiedad-en-putla\/","url":"https:\/\/www.bbmnoticias.com\/labravaradiofm\/2022\/01\/11\/solicitan-reactivar-el-registro-publico-de-la-propiedad-en-putla\/","name":"Solicitan reactivar el Registro P\u00fablico de la Propiedad en Putla - LA BRAVA RADIO","isPartOf":{"@id":"https:\/\/www.bbmnoticias.com\/labravaradiofm\/#website"},"primaryImageOfPage":{"@id":"https:\/\/www.bbmnoticias.com\/labravaradiofm\/2022\/01\/11\/solicitan-reactivar-el-registro-publico-de-la-propiedad-en-putla\/#primaryimage"},"image":{"@id":"https:\/\/www.bbmnoticias.com\/labravaradiofm\/2022\/01\/11\/solicitan-reactivar-el-registro-publico-de-la-propiedad-en-putla\/#primaryimage"},"thumbnailUrl":"https:\/\/www.bbmnoticias.com\/labravaradiofm\/wp-content\/uploads\/sites\/5\/2022\/01\/registro-publico-putla.jpg","datePublished":"2022-01-11T15:21:48+00:00","dateModified":"2022-01-11T15:21:50+00:00","author":{"@id":"https:\/\/www.bbmnoticias.com\/labravaradiofm\/#\/schema\/person\/68a9e9036ef3c5b55aeb2b71dc8bab45"},"breadcrumb":{"@id":"https:\/\/www.bbmnoticias.com\/labravaradiofm\/2022\/01\/11\/solicitan-reactivar-el-registro-publico-de-la-propiedad-en-putla\/#breadcrumb"},"inLanguage":"es","potentialAction":[{"@type":"ReadAction","target":["https:\/\/www.bbmnoticias.com\/labravaradiofm\/2022\/01\/11\/solicitan-reactivar-el-registro-publico-de-la-propiedad-en-putla\/"]}]},{"@type":"ImageObject","inLanguage":"es","@id":"https:\/\/www.bbmnoticias.com\/labravaradiofm\/2022\/01\/11\/solicitan-reactivar-el-registro-publico-de-la-propiedad-en-putla\/#primaryimage","url":"https:\/\/www.bbmnoticias.com\/labravaradiofm\/wp-content\/uploads\/sites\/5\/2022\/01\/registro-publico-putla.jpg","contentUrl":"https:\/\/www.bbmnoticias.com\/labravaradiofm\/wp-content\/uploads\/sites\/5\/2022\/01\/registro-publico-putla.jpg","width":1280,"height":576},{"@type":"BreadcrumbList","@id":"https:\/\/www.bbmnoticias.com\/labravaradiofm\/2022\/01\/11\/solicitan-reactivar-el-registro-publico-de-la-propiedad-en-putla\/#breadcrumb","itemListElement":[{"@type":"ListItem","position":1,"name":"Inicio","item":"https:\/\/www.bbmnoticias.com\/labravaradiofm\/"},{"@type":"ListItem","position":2,"name":"Solicitan reactivar el Registro P\u00fablico de la Propiedad en Putla"}]},{"@type":"WebSite","@id":"https:\/\/www.bbmnoticias.com\/labravaradiofm\/#website","url":"https:\/\/www.bbmnoticias.com\/labravaradiofm\/","name":"LA BRAVA RADIO","description":"Empresa productora de medios, Radiodifusi\u00f3n, Noticias, tendencias y todo lo que necesitas saber de la pol\u00edtica mexicana e internacional; entretenimiento, espect\u00e1culos, salud y mucho m\u00e1s.","potentialAction":[{"@type":"SearchAction","target":{"@type":"EntryPoint","urlTemplate":"https:\/\/www.bbmnoticias.com\/labravaradiofm\/?s={search_term_string}"},"query-input":{"@type":"PropertyValueSpecification","valueRequired":true,"valueName":"search_term_string"}}],"inLanguage":"es"},{"@type":"Person","@id":"https:\/\/www.bbmnoticias.com\/labravaradiofm\/#\/schema\/person\/68a9e9036ef3c5b55aeb2b71dc8bab45","name":"Staff","image":{"@type":"ImageObject","inLanguage":"es","@id":"https:\/\/secure.gravatar.com\/avatar\/fdd21ad66fd8b98c407f9dee5b5e588cfe7f0d8579ec20fa6527cd59bab7f0f0?s=96&d=mm&r=g","url":"https:\/\/secure.gravatar.com\/avatar\/fdd21ad66fd8b98c407f9dee5b5e588cfe7f0d8579ec20fa6527cd59bab7f0f0?s=96&d=mm&r=g","contentUrl":"https:\/\/secure.gravatar.com\/avatar\/fdd21ad66fd8b98c407f9dee5b5e588cfe7f0d8579ec20fa6527cd59bab7f0f0?s=96&d=mm&r=g","caption":"Staff"},"url":"https:\/\/www.bbmnoticias.com\/labravaradiofm\/author\/redaccion\/"}]}},"_links":{"self":[{"href":"https:\/\/www.bbmnoticias.com\/labravaradiofm\/wp-json\/wp\/v2\/posts\/8369","targetHints":{"allow":["GET"]}}],"collection":[{"href":"https:\/\/www.bbmnoticias.com\/labravaradiofm\/wp-json\/wp\/v2\/posts"}],"about":[{"href":"https:\/\/www.bbmnoticias.com\/labravaradiofm\/wp-json\/wp\/v2\/types\/post"}],"author":[{"embeddable":true,"href":"https:\/\/www.bbmnoticias.com\/labravaradiofm\/wp-json\/wp\/v2\/users\/2"}],"replies":[{"embeddable":true,"href":"https:\/\/www.bbmnoticias.com\/labravaradiofm\/wp-json\/wp\/v2\/comments?post=8369"}],"version-history":[{"count":0,"href":"https:\/\/www.bbmnoticias.com\/labravaradiofm\/wp-json\/wp\/v2\/posts\/8369\/revisions"}],"wp:featuredmedia":[{"embeddable":true,"href":"https:\/\/www.bbmnoticias.com\/labravaradiofm\/wp-json\/wp\/v2\/media\/8370"}],"wp:attachment":[{"href":"https:\/\/www.bbmnoticias.com\/labravaradiofm\/wp-json\/wp\/v2\/media?parent=8369"}],"wp:term":[{"taxonomy":"category","embeddable":true,"href":"https:\/\/www.bbmnoticias.com\/labravaradiofm\/wp-json\/wp\/v2\/categories?post=8369"},{"taxonomy":"post_tag","embeddable":true,"href":"https:\/\/www.bbmnoticias.com\/labravaradiofm\/wp-json\/wp\/v2\/tags?post=8369"}],"curies":[{"name":"wp","href":"https:\/\/api.w.org\/{rel}","templated":true}]}}