{"id":8363,"date":"2022-01-11T08:47:31","date_gmt":"2022-01-11T14:47:31","guid":{"rendered":"https:\/\/www.bbmnoticias.com\/labravaradiofm\/?p=8363"},"modified":"2022-01-11T08:47:33","modified_gmt":"2022-01-11T14:47:33","slug":"mexico-llama-a-investigar-misil-lanzado-por-corea-del-norte-es-una-afrenta-a-la-comunidad-internacional","status":"publish","type":"post","link":"https:\/\/www.bbmnoticias.com\/labravaradiofm\/2022\/01\/11\/mexico-llama-a-investigar-misil-lanzado-por-corea-del-norte-es-una-afrenta-a-la-comunidad-internacional\/","title":{"rendered":"M\u00e9xico llama a investigar misil lanzado por Corea del Norte; &#8220;es una afrenta a la comunidad internacional&#8221;"},"content":{"rendered":"<div style=\"margin-top: 0px; margin-bottom: 0px;\" class=\"sharethis-inline-share-buttons\" ><\/div>\n<p>El Embajador de M\u00e9xico ante la ONU, <strong>Juan Ram\u00f3n de la Fuente,<\/strong> calific\u00f3 de &#8220;afrenta a la comunidad internacional&#8221; el lanzamiento de un misil el 5 de enero por parte de Corea del Norte. En su internvenci\u00f3n ante el consejo de Seguridad de la ONU, de la Fuente llam\u00f3 a investigar el acto, para tener las conclusiones a la brevedad.<\/p>\n\n\n\n<p>&#8220;El patr\u00f3n de acciones de <strong>Corea del Norte<\/strong> confirma que contin\u00faan avanzando en su capacidad tecnol\u00f3gica con fines militares. Llamamos a poner un alto de manera inmediata&#8221;, dijo el embajador ante el Consejo de Seguridad.<\/p>\n\n\n\n<p>&#8220;Llamamos a los actores que tienen mayor capacidad de influencia a no escatimar esfuerzos para restablecer un di\u00e1logo que conduzca a la desnuclearizaci\u00f3n completa, verificable e irreversible de la pen\u00ednsula coreana&#8221;, sigui\u00f3 De la Fuente.<\/p>\n\n\n\n<p>Sin embargo, seis d\u00edas despu\u00e9s,&nbsp;Corea del Norte lanz\u00f3 hoy otro &#8220;proyectil no identificado&#8221; en direcci\u00f3n al mar de Jap\u00f3n, inform\u00f3 el ej\u00e9rcito surcoreano. <strong>Pionyang&nbsp;<\/strong> hab\u00eda descrito el prime lanzamiento como un nuevo misil hipers\u00f3nico.&nbsp;<\/p>\n\n\n\n<p>&#8220;Corea del Norte lanza proyectil no identificado al mar del Este (nombre que recibe el mar de Jap\u00f3n en las dos Coreas)&#8221;, inform\u00f3 hoy martes el Estado Mayor Conjunto (JSC) surcoreano en un breve comunicado sobre el <strong>lanzamiento<\/strong>, que tambi\u00e9n ha sido notificado por el Gobierno japon\u00e9s.<\/p>\n\n\n\n<p>Este ensayo llega apenas seis d\u00edas despu\u00e9s de que Pyonyang, que no ha dado se\u00f1ales de estar abierto a dialogar por el momento con Se\u00fal o Washington, probara otro proyectil que el r\u00e9gimen calific\u00f3 como un <strong>nuevo misil hipers\u00f3nico<\/strong> y que los sistemas de detecci\u00f3n de Se\u00fal o Tokio tuvieron problemas para identificar de inicio debido a su vuelo irregular.<\/p>\n\n\n\n<p>Con informaci\u00f3n de&nbsp; EFE<\/p>\n","protected":false},"excerpt":{"rendered":"<p>El Embajador de M\u00e9xico ante la ONU, Juan Ram\u00f3n de la Fuente, calific\u00f3 de &#8220;afrenta a la comunidad internacional&#8221; el lanzamiento de un misil el 5 de enero por parte de Corea del Norte. En su internvenci\u00f3n ante el consejo de Seguridad de la ONU, de la Fuente llam\u00f3 a investigar el acto, para tener [&hellip;]<\/p>\n","protected":false},"author":4,"featured_media":8364,"comment_status":"closed","ping_status":"closed","sticky":false,"template":"","format":"standard","meta":{"footnotes":""},"categories":[1],"tags":[],"class_list":{"0":"post-8363","1":"post","2":"type-post","3":"status-publish","4":"format-standard","5":"has-post-thumbnail","7":"category-sin-categoria"},"yoast_head":"<!-- This site is optimized with the Yoast SEO plugin v27.4 - https:\/\/yoast.com\/product\/yoast-seo-wordpress\/ -->\n<title>M\u00e9xico llama a investigar misil lanzado por Corea del Norte; &quot;es una afrenta a la comunidad internacional&quot; - LA BRAVA RADIO<\/title>\n<meta name=\"robots\" content=\"index, follow, max-snippet:-1, max-image-preview:large, max-video-preview:-1\" \/>\n<link rel=\"canonical\" href=\"https:\/\/www.bbmnoticias.com\/labravaradiofm\/2022\/01\/11\/mexico-llama-a-investigar-misil-lanzado-por-corea-del-norte-es-una-afrenta-a-la-comunidad-internacional\/\" \/>\n<meta property=\"og:locale\" content=\"es_MX\" \/>\n<meta property=\"og:type\" content=\"article\" \/>\n<meta property=\"og:title\" content=\"M\u00e9xico llama a investigar misil lanzado por Corea del Norte; &quot;es una afrenta a la comunidad internacional&quot; - LA BRAVA RADIO\" \/>\n<meta property=\"og:description\" content=\"El Embajador de M\u00e9xico ante la ONU, Juan Ram\u00f3n de la Fuente, calific\u00f3 de &#8220;afrenta a la comunidad internacional&#8221; el lanzamiento de un misil el 5 de enero por parte de Corea del Norte. En su internvenci\u00f3n ante el consejo de Seguridad de la ONU, de la Fuente llam\u00f3 a investigar el acto, para tener [&hellip;]\" \/>\n<meta property=\"og:url\" content=\"https:\/\/www.bbmnoticias.com\/labravaradiofm\/2022\/01\/11\/mexico-llama-a-investigar-misil-lanzado-por-corea-del-norte-es-una-afrenta-a-la-comunidad-internacional\/\" \/>\n<meta property=\"og:site_name\" content=\"LA BRAVA RADIO\" \/>\n<meta property=\"article:published_time\" content=\"2022-01-11T14:47:31+00:00\" \/>\n<meta property=\"article:modified_time\" content=\"2022-01-11T14:47:33+00:00\" \/>\n<meta property=\"og:image\" content=\"https:\/\/www.bbmnoticias.com\/labravaradiofm\/wp-content\/uploads\/sites\/5\/2022\/01\/misil-korea-scaled.webp\" \/>\n\t<meta property=\"og:image:width\" content=\"2560\" \/>\n\t<meta property=\"og:image:height\" content=\"1704\" \/>\n\t<meta property=\"og:image:type\" content=\"image\/webp\" \/>\n<meta name=\"author\" content=\"Agencias\" \/>\n<meta name=\"twitter:card\" content=\"summary_large_image\" \/>\n<meta name=\"twitter:label1\" content=\"Escrito por\" \/>\n\t<meta name=\"twitter:data1\" content=\"Agencias\" \/>\n\t<meta name=\"twitter:label2\" content=\"Tiempo de lectura\" \/>\n\t<meta name=\"twitter:data2\" content=\"2 minutos\" \/>\n<script type=\"application\/ld+json\" class=\"yoast-schema-graph\">{\"@context\":\"https:\\\/\\\/schema.org\",\"@graph\":[{\"@type\":\"Article\",\"@id\":\"https:\\\/\\\/www.bbmnoticias.com\\\/labravaradiofm\\\/2022\\\/01\\\/11\\\/mexico-llama-a-investigar-misil-lanzado-por-corea-del-norte-es-una-afrenta-a-la-comunidad-internacional\\\/#article\",\"isPartOf\":{\"@id\":\"https:\\\/\\\/www.bbmnoticias.com\\\/labravaradiofm\\\/2022\\\/01\\\/11\\\/mexico-llama-a-investigar-misil-lanzado-por-corea-del-norte-es-una-afrenta-a-la-comunidad-internacional\\\/\"},\"author\":{\"name\":\"Agencias\",\"@id\":\"https:\\\/\\\/www.bbmnoticias.com\\\/labravaradiofm\\\/#\\\/schema\\\/person\\\/000bdaf0a8fb5bff0d537c4d0778e33f\"},\"headline\":\"M\u00e9xico llama a investigar misil lanzado por Corea del Norte; &#8220;es una afrenta a la comunidad internacional&#8221;\",\"datePublished\":\"2022-01-11T14:47:31+00:00\",\"dateModified\":\"2022-01-11T14:47:33+00:00\",\"mainEntityOfPage\":{\"@id\":\"https:\\\/\\\/www.bbmnoticias.com\\\/labravaradiofm\\\/2022\\\/01\\\/11\\\/mexico-llama-a-investigar-misil-lanzado-por-corea-del-norte-es-una-afrenta-a-la-comunidad-internacional\\\/\"},\"wordCount\":325,\"image\":{\"@id\":\"https:\\\/\\\/www.bbmnoticias.com\\\/labravaradiofm\\\/2022\\\/01\\\/11\\\/mexico-llama-a-investigar-misil-lanzado-por-corea-del-norte-es-una-afrenta-a-la-comunidad-internacional\\\/#primaryimage\"},\"thumbnailUrl\":\"https:\\\/\\\/www.bbmnoticias.com\\\/labravaradiofm\\\/wp-content\\\/uploads\\\/sites\\\/5\\\/2022\\\/01\\\/misil-korea-scaled.webp\",\"inLanguage\":\"es\"},{\"@type\":\"WebPage\",\"@id\":\"https:\\\/\\\/www.bbmnoticias.com\\\/labravaradiofm\\\/2022\\\/01\\\/11\\\/mexico-llama-a-investigar-misil-lanzado-por-corea-del-norte-es-una-afrenta-a-la-comunidad-internacional\\\/\",\"url\":\"https:\\\/\\\/www.bbmnoticias.com\\\/labravaradiofm\\\/2022\\\/01\\\/11\\\/mexico-llama-a-investigar-misil-lanzado-por-corea-del-norte-es-una-afrenta-a-la-comunidad-internacional\\\/\",\"name\":\"M\u00e9xico llama a investigar misil lanzado por Corea del Norte; \\\"es una afrenta a la comunidad internacional\\\" - LA BRAVA RADIO\",\"isPartOf\":{\"@id\":\"https:\\\/\\\/www.bbmnoticias.com\\\/labravaradiofm\\\/#website\"},\"primaryImageOfPage\":{\"@id\":\"https:\\\/\\\/www.bbmnoticias.com\\\/labravaradiofm\\\/2022\\\/01\\\/11\\\/mexico-llama-a-investigar-misil-lanzado-por-corea-del-norte-es-una-afrenta-a-la-comunidad-internacional\\\/#primaryimage\"},\"image\":{\"@id\":\"https:\\\/\\\/www.bbmnoticias.com\\\/labravaradiofm\\\/2022\\\/01\\\/11\\\/mexico-llama-a-investigar-misil-lanzado-por-corea-del-norte-es-una-afrenta-a-la-comunidad-internacional\\\/#primaryimage\"},\"thumbnailUrl\":\"https:\\\/\\\/www.bbmnoticias.com\\\/labravaradiofm\\\/wp-content\\\/uploads\\\/sites\\\/5\\\/2022\\\/01\\\/misil-korea-scaled.webp\",\"datePublished\":\"2022-01-11T14:47:31+00:00\",\"dateModified\":\"2022-01-11T14:47:33+00:00\",\"author\":{\"@id\":\"https:\\\/\\\/www.bbmnoticias.com\\\/labravaradiofm\\\/#\\\/schema\\\/person\\\/000bdaf0a8fb5bff0d537c4d0778e33f\"},\"breadcrumb\":{\"@id\":\"https:\\\/\\\/www.bbmnoticias.com\\\/labravaradiofm\\\/2022\\\/01\\\/11\\\/mexico-llama-a-investigar-misil-lanzado-por-corea-del-norte-es-una-afrenta-a-la-comunidad-internacional\\\/#breadcrumb\"},\"inLanguage\":\"es\",\"potentialAction\":[{\"@type\":\"ReadAction\",\"target\":[\"https:\\\/\\\/www.bbmnoticias.com\\\/labravaradiofm\\\/2022\\\/01\\\/11\\\/mexico-llama-a-investigar-misil-lanzado-por-corea-del-norte-es-una-afrenta-a-la-comunidad-internacional\\\/\"]}]},{\"@type\":\"ImageObject\",\"inLanguage\":\"es\",\"@id\":\"https:\\\/\\\/www.bbmnoticias.com\\\/labravaradiofm\\\/2022\\\/01\\\/11\\\/mexico-llama-a-investigar-misil-lanzado-por-corea-del-norte-es-una-afrenta-a-la-comunidad-internacional\\\/#primaryimage\",\"url\":\"https:\\\/\\\/www.bbmnoticias.com\\\/labravaradiofm\\\/wp-content\\\/uploads\\\/sites\\\/5\\\/2022\\\/01\\\/misil-korea-scaled.webp\",\"contentUrl\":\"https:\\\/\\\/www.bbmnoticias.com\\\/labravaradiofm\\\/wp-content\\\/uploads\\\/sites\\\/5\\\/2022\\\/01\\\/misil-korea-scaled.webp\",\"width\":2560,\"height\":1704},{\"@type\":\"BreadcrumbList\",\"@id\":\"https:\\\/\\\/www.bbmnoticias.com\\\/labravaradiofm\\\/2022\\\/01\\\/11\\\/mexico-llama-a-investigar-misil-lanzado-por-corea-del-norte-es-una-afrenta-a-la-comunidad-internacional\\\/#breadcrumb\",\"itemListElement\":[{\"@type\":\"ListItem\",\"position\":1,\"name\":\"Inicio\",\"item\":\"https:\\\/\\\/www.bbmnoticias.com\\\/labravaradiofm\\\/\"},{\"@type\":\"ListItem\",\"position\":2,\"name\":\"M\u00e9xico llama a investigar misil lanzado por Corea del Norte; &#8220;es una afrenta a la comunidad internacional&#8221;\"}]},{\"@type\":\"WebSite\",\"@id\":\"https:\\\/\\\/www.bbmnoticias.com\\\/labravaradiofm\\\/#website\",\"url\":\"https:\\\/\\\/www.bbmnoticias.com\\\/labravaradiofm\\\/\",\"name\":\"LA BRAVA RADIO\",\"description\":\"Empresa productora de medios, Radiodifusi\u00f3n, Noticias, tendencias y todo lo que necesitas saber de la pol\u00edtica mexicana e internacional; entretenimiento, espect\u00e1culos, salud y mucho m\u00e1s.\",\"potentialAction\":[{\"@type\":\"SearchAction\",\"target\":{\"@type\":\"EntryPoint\",\"urlTemplate\":\"https:\\\/\\\/www.bbmnoticias.com\\\/labravaradiofm\\\/?s={search_term_string}\"},\"query-input\":{\"@type\":\"PropertyValueSpecification\",\"valueRequired\":true,\"valueName\":\"search_term_string\"}}],\"inLanguage\":\"es\"},{\"@type\":\"Person\",\"@id\":\"https:\\\/\\\/www.bbmnoticias.com\\\/labravaradiofm\\\/#\\\/schema\\\/person\\\/000bdaf0a8fb5bff0d537c4d0778e33f\",\"name\":\"Agencias\",\"image\":{\"@type\":\"ImageObject\",\"inLanguage\":\"es\",\"@id\":\"https:\\\/\\\/secure.gravatar.com\\\/avatar\\\/739e0b61adf9e398b425c36718c8752286da0e8cd90f20ce9a86678abc26aa0d?s=96&d=mm&r=g\",\"url\":\"https:\\\/\\\/secure.gravatar.com\\\/avatar\\\/739e0b61adf9e398b425c36718c8752286da0e8cd90f20ce9a86678abc26aa0d?s=96&d=mm&r=g\",\"contentUrl\":\"https:\\\/\\\/secure.gravatar.com\\\/avatar\\\/739e0b61adf9e398b425c36718c8752286da0e8cd90f20ce9a86678abc26aa0d?s=96&d=mm&r=g\",\"caption\":\"Agencias\"},\"url\":\"https:\\\/\\\/www.bbmnoticias.com\\\/labravaradiofm\\\/author\\\/agencias\\\/\"}]}<\/script>\n<!-- \/ Yoast SEO plugin. -->","yoast_head_json":{"title":"M\u00e9xico llama a investigar misil lanzado por Corea del Norte; \"es una afrenta a la comunidad internacional\" - LA BRAVA RADIO","robots":{"index":"index","follow":"follow","max-snippet":"max-snippet:-1","max-image-preview":"max-image-preview:large","max-video-preview":"max-video-preview:-1"},"canonical":"https:\/\/www.bbmnoticias.com\/labravaradiofm\/2022\/01\/11\/mexico-llama-a-investigar-misil-lanzado-por-corea-del-norte-es-una-afrenta-a-la-comunidad-internacional\/","og_locale":"es_MX","og_type":"article","og_title":"M\u00e9xico llama a investigar misil lanzado por Corea del Norte; \"es una afrenta a la comunidad internacional\" - LA BRAVA RADIO","og_description":"El Embajador de M\u00e9xico ante la ONU, Juan Ram\u00f3n de la Fuente, calific\u00f3 de &#8220;afrenta a la comunidad internacional&#8221; el lanzamiento de un misil el 5 de enero por parte de Corea del Norte. En su internvenci\u00f3n ante el consejo de Seguridad de la ONU, de la Fuente llam\u00f3 a investigar el acto, para tener [&hellip;]","og_url":"https:\/\/www.bbmnoticias.com\/labravaradiofm\/2022\/01\/11\/mexico-llama-a-investigar-misil-lanzado-por-corea-del-norte-es-una-afrenta-a-la-comunidad-internacional\/","og_site_name":"LA BRAVA RADIO","article_published_time":"2022-01-11T14:47:31+00:00","article_modified_time":"2022-01-11T14:47:33+00:00","og_image":[{"width":2560,"height":1704,"url":"https:\/\/www.bbmnoticias.com\/labravaradiofm\/wp-content\/uploads\/sites\/5\/2022\/01\/misil-korea-scaled.webp","type":"image\/webp"}],"author":"Agencias","twitter_card":"summary_large_image","twitter_misc":{"Escrito por":"Agencias","Tiempo de lectura":"2 minutos"},"schema":{"@context":"https:\/\/schema.org","@graph":[{"@type":"Article","@id":"https:\/\/www.bbmnoticias.com\/labravaradiofm\/2022\/01\/11\/mexico-llama-a-investigar-misil-lanzado-por-corea-del-norte-es-una-afrenta-a-la-comunidad-internacional\/#article","isPartOf":{"@id":"https:\/\/www.bbmnoticias.com\/labravaradiofm\/2022\/01\/11\/mexico-llama-a-investigar-misil-lanzado-por-corea-del-norte-es-una-afrenta-a-la-comunidad-internacional\/"},"author":{"name":"Agencias","@id":"https:\/\/www.bbmnoticias.com\/labravaradiofm\/#\/schema\/person\/000bdaf0a8fb5bff0d537c4d0778e33f"},"headline":"M\u00e9xico llama a investigar misil lanzado por Corea del Norte; &#8220;es una afrenta a la comunidad internacional&#8221;","datePublished":"2022-01-11T14:47:31+00:00","dateModified":"2022-01-11T14:47:33+00:00","mainEntityOfPage":{"@id":"https:\/\/www.bbmnoticias.com\/labravaradiofm\/2022\/01\/11\/mexico-llama-a-investigar-misil-lanzado-por-corea-del-norte-es-una-afrenta-a-la-comunidad-internacional\/"},"wordCount":325,"image":{"@id":"https:\/\/www.bbmnoticias.com\/labravaradiofm\/2022\/01\/11\/mexico-llama-a-investigar-misil-lanzado-por-corea-del-norte-es-una-afrenta-a-la-comunidad-internacional\/#primaryimage"},"thumbnailUrl":"https:\/\/www.bbmnoticias.com\/labravaradiofm\/wp-content\/uploads\/sites\/5\/2022\/01\/misil-korea-scaled.webp","inLanguage":"es"},{"@type":"WebPage","@id":"https:\/\/www.bbmnoticias.com\/labravaradiofm\/2022\/01\/11\/mexico-llama-a-investigar-misil-lanzado-por-corea-del-norte-es-una-afrenta-a-la-comunidad-internacional\/","url":"https:\/\/www.bbmnoticias.com\/labravaradiofm\/2022\/01\/11\/mexico-llama-a-investigar-misil-lanzado-por-corea-del-norte-es-una-afrenta-a-la-comunidad-internacional\/","name":"M\u00e9xico llama a investigar misil lanzado por Corea del Norte; \"es una afrenta a la comunidad internacional\" - LA BRAVA RADIO","isPartOf":{"@id":"https:\/\/www.bbmnoticias.com\/labravaradiofm\/#website"},"primaryImageOfPage":{"@id":"https:\/\/www.bbmnoticias.com\/labravaradiofm\/2022\/01\/11\/mexico-llama-a-investigar-misil-lanzado-por-corea-del-norte-es-una-afrenta-a-la-comunidad-internacional\/#primaryimage"},"image":{"@id":"https:\/\/www.bbmnoticias.com\/labravaradiofm\/2022\/01\/11\/mexico-llama-a-investigar-misil-lanzado-por-corea-del-norte-es-una-afrenta-a-la-comunidad-internacional\/#primaryimage"},"thumbnailUrl":"https:\/\/www.bbmnoticias.com\/labravaradiofm\/wp-content\/uploads\/sites\/5\/2022\/01\/misil-korea-scaled.webp","datePublished":"2022-01-11T14:47:31+00:00","dateModified":"2022-01-11T14:47:33+00:00","author":{"@id":"https:\/\/www.bbmnoticias.com\/labravaradiofm\/#\/schema\/person\/000bdaf0a8fb5bff0d537c4d0778e33f"},"breadcrumb":{"@id":"https:\/\/www.bbmnoticias.com\/labravaradiofm\/2022\/01\/11\/mexico-llama-a-investigar-misil-lanzado-por-corea-del-norte-es-una-afrenta-a-la-comunidad-internacional\/#breadcrumb"},"inLanguage":"es","potentialAction":[{"@type":"ReadAction","target":["https:\/\/www.bbmnoticias.com\/labravaradiofm\/2022\/01\/11\/mexico-llama-a-investigar-misil-lanzado-por-corea-del-norte-es-una-afrenta-a-la-comunidad-internacional\/"]}]},{"@type":"ImageObject","inLanguage":"es","@id":"https:\/\/www.bbmnoticias.com\/labravaradiofm\/2022\/01\/11\/mexico-llama-a-investigar-misil-lanzado-por-corea-del-norte-es-una-afrenta-a-la-comunidad-internacional\/#primaryimage","url":"https:\/\/www.bbmnoticias.com\/labravaradiofm\/wp-content\/uploads\/sites\/5\/2022\/01\/misil-korea-scaled.webp","contentUrl":"https:\/\/www.bbmnoticias.com\/labravaradiofm\/wp-content\/uploads\/sites\/5\/2022\/01\/misil-korea-scaled.webp","width":2560,"height":1704},{"@type":"BreadcrumbList","@id":"https:\/\/www.bbmnoticias.com\/labravaradiofm\/2022\/01\/11\/mexico-llama-a-investigar-misil-lanzado-por-corea-del-norte-es-una-afrenta-a-la-comunidad-internacional\/#breadcrumb","itemListElement":[{"@type":"ListItem","position":1,"name":"Inicio","item":"https:\/\/www.bbmnoticias.com\/labravaradiofm\/"},{"@type":"ListItem","position":2,"name":"M\u00e9xico llama a investigar misil lanzado por Corea del Norte; &#8220;es una afrenta a la comunidad internacional&#8221;"}]},{"@type":"WebSite","@id":"https:\/\/www.bbmnoticias.com\/labravaradiofm\/#website","url":"https:\/\/www.bbmnoticias.com\/labravaradiofm\/","name":"LA BRAVA RADIO","description":"Empresa productora de medios, Radiodifusi\u00f3n, Noticias, tendencias y todo lo que necesitas saber de la pol\u00edtica mexicana e internacional; entretenimiento, espect\u00e1culos, salud y mucho m\u00e1s.","potentialAction":[{"@type":"SearchAction","target":{"@type":"EntryPoint","urlTemplate":"https:\/\/www.bbmnoticias.com\/labravaradiofm\/?s={search_term_string}"},"query-input":{"@type":"PropertyValueSpecification","valueRequired":true,"valueName":"search_term_string"}}],"inLanguage":"es"},{"@type":"Person","@id":"https:\/\/www.bbmnoticias.com\/labravaradiofm\/#\/schema\/person\/000bdaf0a8fb5bff0d537c4d0778e33f","name":"Agencias","image":{"@type":"ImageObject","inLanguage":"es","@id":"https:\/\/secure.gravatar.com\/avatar\/739e0b61adf9e398b425c36718c8752286da0e8cd90f20ce9a86678abc26aa0d?s=96&d=mm&r=g","url":"https:\/\/secure.gravatar.com\/avatar\/739e0b61adf9e398b425c36718c8752286da0e8cd90f20ce9a86678abc26aa0d?s=96&d=mm&r=g","contentUrl":"https:\/\/secure.gravatar.com\/avatar\/739e0b61adf9e398b425c36718c8752286da0e8cd90f20ce9a86678abc26aa0d?s=96&d=mm&r=g","caption":"Agencias"},"url":"https:\/\/www.bbmnoticias.com\/labravaradiofm\/author\/agencias\/"}]}},"_links":{"self":[{"href":"https:\/\/www.bbmnoticias.com\/labravaradiofm\/wp-json\/wp\/v2\/posts\/8363","targetHints":{"allow":["GET"]}}],"collection":[{"href":"https:\/\/www.bbmnoticias.com\/labravaradiofm\/wp-json\/wp\/v2\/posts"}],"about":[{"href":"https:\/\/www.bbmnoticias.com\/labravaradiofm\/wp-json\/wp\/v2\/types\/post"}],"author":[{"embeddable":true,"href":"https:\/\/www.bbmnoticias.com\/labravaradiofm\/wp-json\/wp\/v2\/users\/4"}],"replies":[{"embeddable":true,"href":"https:\/\/www.bbmnoticias.com\/labravaradiofm\/wp-json\/wp\/v2\/comments?post=8363"}],"version-history":[{"count":0,"href":"https:\/\/www.bbmnoticias.com\/labravaradiofm\/wp-json\/wp\/v2\/posts\/8363\/revisions"}],"wp:featuredmedia":[{"embeddable":true,"href":"https:\/\/www.bbmnoticias.com\/labravaradiofm\/wp-json\/wp\/v2\/media\/8364"}],"wp:attachment":[{"href":"https:\/\/www.bbmnoticias.com\/labravaradiofm\/wp-json\/wp\/v2\/media?parent=8363"}],"wp:term":[{"taxonomy":"category","embeddable":true,"href":"https:\/\/www.bbmnoticias.com\/labravaradiofm\/wp-json\/wp\/v2\/categories?post=8363"},{"taxonomy":"post_tag","embeddable":true,"href":"https:\/\/www.bbmnoticias.com\/labravaradiofm\/wp-json\/wp\/v2\/tags?post=8363"}],"curies":[{"name":"wp","href":"https:\/\/api.w.org\/{rel}","templated":true}]}}