{"id":8357,"date":"2022-01-11T08:19:57","date_gmt":"2022-01-11T14:19:57","guid":{"rendered":"https:\/\/www.bbmnoticias.com\/labravaradiofm\/?p=8357"},"modified":"2022-01-11T08:19:58","modified_gmt":"2022-01-11T14:19:58","slug":"apaga-bomberos-incendio-en-bodega-del-mercado-de-abasto","status":"publish","type":"post","link":"https:\/\/www.bbmnoticias.com\/labravaradiofm\/2022\/01\/11\/apaga-bomberos-incendio-en-bodega-del-mercado-de-abasto\/","title":{"rendered":"Apaga Bomberos incendio en bodega del mercado de Abasto"},"content":{"rendered":"<div style=\"margin-top: 0px; margin-bottom: 0px;\" class=\"sharethis-inline-share-buttons\" ><\/div>\n<p>OAXACA, Oax., 11 de enero de 2022.- Personal de Bomberos control\u00f3 el incendio ocurrido la madrugada de este martes en el Mercado de Abasto. <\/p>\n\n\n\n<p>Una bodega de cobijas fue consumido en su interior. El edificio de tres niveles est\u00e1 ubicado en la avenida Perif\u00e9rico, en inmediaciones de la central de Abasto. <\/p>\n\n\n\n<p>Personal de Bomberos acudi\u00f3 a las 4:20 de la ma\u00f1ana, cuando recibi\u00f3 el reporte de fuego en el sitio. <\/p>\n\n\n\n<p>La mercanc\u00eda se consumi\u00f3 en su totalidad pero hasta el momento, de manera oficial no hay da\u00f1os a personas. Un reporte extraoficial de los vecinos menciona a dos personas que salieron del sitio cuando comenzaba el incendio, pero no se supo de su paradero. <\/p>\n\n\n\n<figure class=\"wp-block-embed is-type-rich is-provider-twitter wp-block-embed-twitter\"><div class=\"wp-block-embed__wrapper\">\n<blockquote class=\"twitter-tweet\" data-width=\"550\" data-dnt=\"true\"><p lang=\"es\" dir=\"ltr\">\ud83d\udcf1<a href=\"https:\/\/twitter.com\/hashtag\/EnVivo?src=hash&amp;ref_src=twsrc%5Etfw\">#EnVivo<\/a> | Incendio en bodega de cobijas en inmediaciones de la Central de Abasto, <a href=\"https:\/\/twitter.com\/hashtag\/Oaxaca?src=hash&amp;ref_src=twsrc%5Etfw\">#Oaxaca<\/a>.<br><br>\ud83d\udcfd: <a href=\"https:\/\/t.co\/CxCZQ9Ob4Q\">https:\/\/t.co\/CxCZQ9Ob4Q<\/a> <a href=\"https:\/\/t.co\/lP47oloH91\">pic.twitter.com\/lP47oloH91<\/a><\/p>&mdash; MVM Digital (@MVMDigitalofi) <a href=\"https:\/\/twitter.com\/MVMDigitalofi\/status\/1480904604044955652?ref_src=twsrc%5Etfw\">January 11, 2022<\/a><\/blockquote><script async src=\"https:\/\/platform.twitter.com\/widgets.js\" charset=\"utf-8\"><\/script>\n<\/div><\/figure>\n\n\n\n<p>Testigos informaron que primero escucharon una especie de explosi\u00f3n y luego comenzaron a salir las llamas y el humo. <\/p>\n\n\n\n<p>Esta ma\u00f1ana de martes el fuego ya est\u00e1 controlado, pero la zona sigue acordonada para verificar las condiciones del inmueble.<\/p>\n","protected":false},"excerpt":{"rendered":"<p>OAXACA, Oax., 11 de enero de 2022.- Personal de Bomberos control\u00f3 el incendio ocurrido la madrugada de este martes en el Mercado de Abasto. Una bodega de cobijas fue consumido en su interior. El edificio de tres niveles est\u00e1 ubicado en la avenida Perif\u00e9rico, en inmediaciones de la central de Abasto. Personal de Bomberos acudi\u00f3 [&hellip;]<\/p>\n","protected":false},"author":5,"featured_media":8358,"comment_status":"closed","ping_status":"closed","sticky":false,"template":"","format":"standard","meta":{"footnotes":""},"categories":[2],"tags":[],"class_list":{"0":"post-8357","1":"post","2":"type-post","3":"status-publish","4":"format-standard","5":"has-post-thumbnail","7":"category-oaxaca"},"yoast_head":"<!-- This site is optimized with the Yoast SEO plugin v27.4 - https:\/\/yoast.com\/product\/yoast-seo-wordpress\/ -->\n<title>Apaga Bomberos incendio en bodega del mercado de Abasto - LA BRAVA RADIO<\/title>\n<meta name=\"robots\" content=\"index, follow, max-snippet:-1, max-image-preview:large, max-video-preview:-1\" \/>\n<link rel=\"canonical\" href=\"https:\/\/www.bbmnoticias.com\/labravaradiofm\/2022\/01\/11\/apaga-bomberos-incendio-en-bodega-del-mercado-de-abasto\/\" \/>\n<meta property=\"og:locale\" content=\"es_MX\" \/>\n<meta property=\"og:type\" content=\"article\" \/>\n<meta property=\"og:title\" content=\"Apaga Bomberos incendio en bodega del mercado de Abasto - LA BRAVA RADIO\" \/>\n<meta property=\"og:description\" content=\"OAXACA, Oax., 11 de enero de 2022.- Personal de Bomberos control\u00f3 el incendio ocurrido la madrugada de este martes en el Mercado de Abasto. Una bodega de cobijas fue consumido en su interior. El edificio de tres niveles est\u00e1 ubicado en la avenida Perif\u00e9rico, en inmediaciones de la central de Abasto. Personal de Bomberos acudi\u00f3 [&hellip;]\" \/>\n<meta property=\"og:url\" content=\"https:\/\/www.bbmnoticias.com\/labravaradiofm\/2022\/01\/11\/apaga-bomberos-incendio-en-bodega-del-mercado-de-abasto\/\" \/>\n<meta property=\"og:site_name\" content=\"LA BRAVA RADIO\" \/>\n<meta property=\"article:published_time\" content=\"2022-01-11T14:19:57+00:00\" \/>\n<meta property=\"article:modified_time\" content=\"2022-01-11T14:19:58+00:00\" \/>\n<meta property=\"og:image\" content=\"https:\/\/www.bbmnoticias.com\/labravaradiofm\/wp-content\/uploads\/sites\/5\/2022\/01\/central-incendio.jpg\" \/>\n\t<meta property=\"og:image:width\" content=\"800\" \/>\n\t<meta property=\"og:image:height\" content=\"533\" \/>\n\t<meta property=\"og:image:type\" content=\"image\/jpeg\" \/>\n<meta name=\"author\" content=\"Quadratin\" \/>\n<meta name=\"twitter:card\" content=\"summary_large_image\" \/>\n<meta name=\"twitter:label1\" content=\"Escrito por\" \/>\n\t<meta name=\"twitter:data1\" content=\"Quadratin\" \/>\n\t<meta name=\"twitter:label2\" content=\"Tiempo de lectura\" \/>\n\t<meta name=\"twitter:data2\" content=\"1 minuto\" \/>\n<script type=\"application\/ld+json\" class=\"yoast-schema-graph\">{\"@context\":\"https:\\\/\\\/schema.org\",\"@graph\":[{\"@type\":\"Article\",\"@id\":\"https:\\\/\\\/www.bbmnoticias.com\\\/labravaradiofm\\\/2022\\\/01\\\/11\\\/apaga-bomberos-incendio-en-bodega-del-mercado-de-abasto\\\/#article\",\"isPartOf\":{\"@id\":\"https:\\\/\\\/www.bbmnoticias.com\\\/labravaradiofm\\\/2022\\\/01\\\/11\\\/apaga-bomberos-incendio-en-bodega-del-mercado-de-abasto\\\/\"},\"author\":{\"name\":\"Quadratin\",\"@id\":\"https:\\\/\\\/www.bbmnoticias.com\\\/labravaradiofm\\\/#\\\/schema\\\/person\\\/c316b6f6c03640cce5d9482ba5a8e5c2\"},\"headline\":\"Apaga Bomberos incendio en bodega del mercado de Abasto\",\"datePublished\":\"2022-01-11T14:19:57+00:00\",\"dateModified\":\"2022-01-11T14:19:58+00:00\",\"mainEntityOfPage\":{\"@id\":\"https:\\\/\\\/www.bbmnoticias.com\\\/labravaradiofm\\\/2022\\\/01\\\/11\\\/apaga-bomberos-incendio-en-bodega-del-mercado-de-abasto\\\/\"},\"wordCount\":171,\"image\":{\"@id\":\"https:\\\/\\\/www.bbmnoticias.com\\\/labravaradiofm\\\/2022\\\/01\\\/11\\\/apaga-bomberos-incendio-en-bodega-del-mercado-de-abasto\\\/#primaryimage\"},\"thumbnailUrl\":\"https:\\\/\\\/www.bbmnoticias.com\\\/labravaradiofm\\\/wp-content\\\/uploads\\\/sites\\\/5\\\/2022\\\/01\\\/central-incendio.jpg\",\"articleSection\":[\"LOCAL\"],\"inLanguage\":\"es\"},{\"@type\":\"WebPage\",\"@id\":\"https:\\\/\\\/www.bbmnoticias.com\\\/labravaradiofm\\\/2022\\\/01\\\/11\\\/apaga-bomberos-incendio-en-bodega-del-mercado-de-abasto\\\/\",\"url\":\"https:\\\/\\\/www.bbmnoticias.com\\\/labravaradiofm\\\/2022\\\/01\\\/11\\\/apaga-bomberos-incendio-en-bodega-del-mercado-de-abasto\\\/\",\"name\":\"Apaga Bomberos incendio en bodega del mercado de Abasto - LA BRAVA RADIO\",\"isPartOf\":{\"@id\":\"https:\\\/\\\/www.bbmnoticias.com\\\/labravaradiofm\\\/#website\"},\"primaryImageOfPage\":{\"@id\":\"https:\\\/\\\/www.bbmnoticias.com\\\/labravaradiofm\\\/2022\\\/01\\\/11\\\/apaga-bomberos-incendio-en-bodega-del-mercado-de-abasto\\\/#primaryimage\"},\"image\":{\"@id\":\"https:\\\/\\\/www.bbmnoticias.com\\\/labravaradiofm\\\/2022\\\/01\\\/11\\\/apaga-bomberos-incendio-en-bodega-del-mercado-de-abasto\\\/#primaryimage\"},\"thumbnailUrl\":\"https:\\\/\\\/www.bbmnoticias.com\\\/labravaradiofm\\\/wp-content\\\/uploads\\\/sites\\\/5\\\/2022\\\/01\\\/central-incendio.jpg\",\"datePublished\":\"2022-01-11T14:19:57+00:00\",\"dateModified\":\"2022-01-11T14:19:58+00:00\",\"author\":{\"@id\":\"https:\\\/\\\/www.bbmnoticias.com\\\/labravaradiofm\\\/#\\\/schema\\\/person\\\/c316b6f6c03640cce5d9482ba5a8e5c2\"},\"breadcrumb\":{\"@id\":\"https:\\\/\\\/www.bbmnoticias.com\\\/labravaradiofm\\\/2022\\\/01\\\/11\\\/apaga-bomberos-incendio-en-bodega-del-mercado-de-abasto\\\/#breadcrumb\"},\"inLanguage\":\"es\",\"potentialAction\":[{\"@type\":\"ReadAction\",\"target\":[\"https:\\\/\\\/www.bbmnoticias.com\\\/labravaradiofm\\\/2022\\\/01\\\/11\\\/apaga-bomberos-incendio-en-bodega-del-mercado-de-abasto\\\/\"]}]},{\"@type\":\"ImageObject\",\"inLanguage\":\"es\",\"@id\":\"https:\\\/\\\/www.bbmnoticias.com\\\/labravaradiofm\\\/2022\\\/01\\\/11\\\/apaga-bomberos-incendio-en-bodega-del-mercado-de-abasto\\\/#primaryimage\",\"url\":\"https:\\\/\\\/www.bbmnoticias.com\\\/labravaradiofm\\\/wp-content\\\/uploads\\\/sites\\\/5\\\/2022\\\/01\\\/central-incendio.jpg\",\"contentUrl\":\"https:\\\/\\\/www.bbmnoticias.com\\\/labravaradiofm\\\/wp-content\\\/uploads\\\/sites\\\/5\\\/2022\\\/01\\\/central-incendio.jpg\",\"width\":800,\"height\":533},{\"@type\":\"BreadcrumbList\",\"@id\":\"https:\\\/\\\/www.bbmnoticias.com\\\/labravaradiofm\\\/2022\\\/01\\\/11\\\/apaga-bomberos-incendio-en-bodega-del-mercado-de-abasto\\\/#breadcrumb\",\"itemListElement\":[{\"@type\":\"ListItem\",\"position\":1,\"name\":\"Inicio\",\"item\":\"https:\\\/\\\/www.bbmnoticias.com\\\/labravaradiofm\\\/\"},{\"@type\":\"ListItem\",\"position\":2,\"name\":\"Apaga Bomberos incendio en bodega del mercado de Abasto\"}]},{\"@type\":\"WebSite\",\"@id\":\"https:\\\/\\\/www.bbmnoticias.com\\\/labravaradiofm\\\/#website\",\"url\":\"https:\\\/\\\/www.bbmnoticias.com\\\/labravaradiofm\\\/\",\"name\":\"LA BRAVA RADIO\",\"description\":\"Empresa productora de medios, Radiodifusi\u00f3n, Noticias, tendencias y todo lo que necesitas saber de la pol\u00edtica mexicana e internacional; entretenimiento, espect\u00e1culos, salud y mucho m\u00e1s.\",\"potentialAction\":[{\"@type\":\"SearchAction\",\"target\":{\"@type\":\"EntryPoint\",\"urlTemplate\":\"https:\\\/\\\/www.bbmnoticias.com\\\/labravaradiofm\\\/?s={search_term_string}\"},\"query-input\":{\"@type\":\"PropertyValueSpecification\",\"valueRequired\":true,\"valueName\":\"search_term_string\"}}],\"inLanguage\":\"es\"},{\"@type\":\"Person\",\"@id\":\"https:\\\/\\\/www.bbmnoticias.com\\\/labravaradiofm\\\/#\\\/schema\\\/person\\\/c316b6f6c03640cce5d9482ba5a8e5c2\",\"name\":\"Quadratin\",\"image\":{\"@type\":\"ImageObject\",\"inLanguage\":\"es\",\"@id\":\"https:\\\/\\\/secure.gravatar.com\\\/avatar\\\/34008d7d72488432d6a74f81e839efc9f754b118786ca32cf39d9d5508a68f63?s=96&d=mm&r=g\",\"url\":\"https:\\\/\\\/secure.gravatar.com\\\/avatar\\\/34008d7d72488432d6a74f81e839efc9f754b118786ca32cf39d9d5508a68f63?s=96&d=mm&r=g\",\"contentUrl\":\"https:\\\/\\\/secure.gravatar.com\\\/avatar\\\/34008d7d72488432d6a74f81e839efc9f754b118786ca32cf39d9d5508a68f63?s=96&d=mm&r=g\",\"caption\":\"Quadratin\"},\"url\":\"https:\\\/\\\/www.bbmnoticias.com\\\/labravaradiofm\\\/author\\\/quadratin\\\/\"}]}<\/script>\n<!-- \/ Yoast SEO plugin. -->","yoast_head_json":{"title":"Apaga Bomberos incendio en bodega del mercado de Abasto - LA BRAVA RADIO","robots":{"index":"index","follow":"follow","max-snippet":"max-snippet:-1","max-image-preview":"max-image-preview:large","max-video-preview":"max-video-preview:-1"},"canonical":"https:\/\/www.bbmnoticias.com\/labravaradiofm\/2022\/01\/11\/apaga-bomberos-incendio-en-bodega-del-mercado-de-abasto\/","og_locale":"es_MX","og_type":"article","og_title":"Apaga Bomberos incendio en bodega del mercado de Abasto - LA BRAVA RADIO","og_description":"OAXACA, Oax., 11 de enero de 2022.- Personal de Bomberos control\u00f3 el incendio ocurrido la madrugada de este martes en el Mercado de Abasto. Una bodega de cobijas fue consumido en su interior. El edificio de tres niveles est\u00e1 ubicado en la avenida Perif\u00e9rico, en inmediaciones de la central de Abasto. Personal de Bomberos acudi\u00f3 [&hellip;]","og_url":"https:\/\/www.bbmnoticias.com\/labravaradiofm\/2022\/01\/11\/apaga-bomberos-incendio-en-bodega-del-mercado-de-abasto\/","og_site_name":"LA BRAVA RADIO","article_published_time":"2022-01-11T14:19:57+00:00","article_modified_time":"2022-01-11T14:19:58+00:00","og_image":[{"width":800,"height":533,"url":"https:\/\/www.bbmnoticias.com\/labravaradiofm\/wp-content\/uploads\/sites\/5\/2022\/01\/central-incendio.jpg","type":"image\/jpeg"}],"author":"Quadratin","twitter_card":"summary_large_image","twitter_misc":{"Escrito por":"Quadratin","Tiempo de lectura":"1 minuto"},"schema":{"@context":"https:\/\/schema.org","@graph":[{"@type":"Article","@id":"https:\/\/www.bbmnoticias.com\/labravaradiofm\/2022\/01\/11\/apaga-bomberos-incendio-en-bodega-del-mercado-de-abasto\/#article","isPartOf":{"@id":"https:\/\/www.bbmnoticias.com\/labravaradiofm\/2022\/01\/11\/apaga-bomberos-incendio-en-bodega-del-mercado-de-abasto\/"},"author":{"name":"Quadratin","@id":"https:\/\/www.bbmnoticias.com\/labravaradiofm\/#\/schema\/person\/c316b6f6c03640cce5d9482ba5a8e5c2"},"headline":"Apaga Bomberos incendio en bodega del mercado de Abasto","datePublished":"2022-01-11T14:19:57+00:00","dateModified":"2022-01-11T14:19:58+00:00","mainEntityOfPage":{"@id":"https:\/\/www.bbmnoticias.com\/labravaradiofm\/2022\/01\/11\/apaga-bomberos-incendio-en-bodega-del-mercado-de-abasto\/"},"wordCount":171,"image":{"@id":"https:\/\/www.bbmnoticias.com\/labravaradiofm\/2022\/01\/11\/apaga-bomberos-incendio-en-bodega-del-mercado-de-abasto\/#primaryimage"},"thumbnailUrl":"https:\/\/www.bbmnoticias.com\/labravaradiofm\/wp-content\/uploads\/sites\/5\/2022\/01\/central-incendio.jpg","articleSection":["LOCAL"],"inLanguage":"es"},{"@type":"WebPage","@id":"https:\/\/www.bbmnoticias.com\/labravaradiofm\/2022\/01\/11\/apaga-bomberos-incendio-en-bodega-del-mercado-de-abasto\/","url":"https:\/\/www.bbmnoticias.com\/labravaradiofm\/2022\/01\/11\/apaga-bomberos-incendio-en-bodega-del-mercado-de-abasto\/","name":"Apaga Bomberos incendio en bodega del mercado de Abasto - LA BRAVA RADIO","isPartOf":{"@id":"https:\/\/www.bbmnoticias.com\/labravaradiofm\/#website"},"primaryImageOfPage":{"@id":"https:\/\/www.bbmnoticias.com\/labravaradiofm\/2022\/01\/11\/apaga-bomberos-incendio-en-bodega-del-mercado-de-abasto\/#primaryimage"},"image":{"@id":"https:\/\/www.bbmnoticias.com\/labravaradiofm\/2022\/01\/11\/apaga-bomberos-incendio-en-bodega-del-mercado-de-abasto\/#primaryimage"},"thumbnailUrl":"https:\/\/www.bbmnoticias.com\/labravaradiofm\/wp-content\/uploads\/sites\/5\/2022\/01\/central-incendio.jpg","datePublished":"2022-01-11T14:19:57+00:00","dateModified":"2022-01-11T14:19:58+00:00","author":{"@id":"https:\/\/www.bbmnoticias.com\/labravaradiofm\/#\/schema\/person\/c316b6f6c03640cce5d9482ba5a8e5c2"},"breadcrumb":{"@id":"https:\/\/www.bbmnoticias.com\/labravaradiofm\/2022\/01\/11\/apaga-bomberos-incendio-en-bodega-del-mercado-de-abasto\/#breadcrumb"},"inLanguage":"es","potentialAction":[{"@type":"ReadAction","target":["https:\/\/www.bbmnoticias.com\/labravaradiofm\/2022\/01\/11\/apaga-bomberos-incendio-en-bodega-del-mercado-de-abasto\/"]}]},{"@type":"ImageObject","inLanguage":"es","@id":"https:\/\/www.bbmnoticias.com\/labravaradiofm\/2022\/01\/11\/apaga-bomberos-incendio-en-bodega-del-mercado-de-abasto\/#primaryimage","url":"https:\/\/www.bbmnoticias.com\/labravaradiofm\/wp-content\/uploads\/sites\/5\/2022\/01\/central-incendio.jpg","contentUrl":"https:\/\/www.bbmnoticias.com\/labravaradiofm\/wp-content\/uploads\/sites\/5\/2022\/01\/central-incendio.jpg","width":800,"height":533},{"@type":"BreadcrumbList","@id":"https:\/\/www.bbmnoticias.com\/labravaradiofm\/2022\/01\/11\/apaga-bomberos-incendio-en-bodega-del-mercado-de-abasto\/#breadcrumb","itemListElement":[{"@type":"ListItem","position":1,"name":"Inicio","item":"https:\/\/www.bbmnoticias.com\/labravaradiofm\/"},{"@type":"ListItem","position":2,"name":"Apaga Bomberos incendio en bodega del mercado de Abasto"}]},{"@type":"WebSite","@id":"https:\/\/www.bbmnoticias.com\/labravaradiofm\/#website","url":"https:\/\/www.bbmnoticias.com\/labravaradiofm\/","name":"LA BRAVA RADIO","description":"Empresa productora de medios, Radiodifusi\u00f3n, Noticias, tendencias y todo lo que necesitas saber de la pol\u00edtica mexicana e internacional; entretenimiento, espect\u00e1culos, salud y mucho m\u00e1s.","potentialAction":[{"@type":"SearchAction","target":{"@type":"EntryPoint","urlTemplate":"https:\/\/www.bbmnoticias.com\/labravaradiofm\/?s={search_term_string}"},"query-input":{"@type":"PropertyValueSpecification","valueRequired":true,"valueName":"search_term_string"}}],"inLanguage":"es"},{"@type":"Person","@id":"https:\/\/www.bbmnoticias.com\/labravaradiofm\/#\/schema\/person\/c316b6f6c03640cce5d9482ba5a8e5c2","name":"Quadratin","image":{"@type":"ImageObject","inLanguage":"es","@id":"https:\/\/secure.gravatar.com\/avatar\/34008d7d72488432d6a74f81e839efc9f754b118786ca32cf39d9d5508a68f63?s=96&d=mm&r=g","url":"https:\/\/secure.gravatar.com\/avatar\/34008d7d72488432d6a74f81e839efc9f754b118786ca32cf39d9d5508a68f63?s=96&d=mm&r=g","contentUrl":"https:\/\/secure.gravatar.com\/avatar\/34008d7d72488432d6a74f81e839efc9f754b118786ca32cf39d9d5508a68f63?s=96&d=mm&r=g","caption":"Quadratin"},"url":"https:\/\/www.bbmnoticias.com\/labravaradiofm\/author\/quadratin\/"}]}},"_links":{"self":[{"href":"https:\/\/www.bbmnoticias.com\/labravaradiofm\/wp-json\/wp\/v2\/posts\/8357","targetHints":{"allow":["GET"]}}],"collection":[{"href":"https:\/\/www.bbmnoticias.com\/labravaradiofm\/wp-json\/wp\/v2\/posts"}],"about":[{"href":"https:\/\/www.bbmnoticias.com\/labravaradiofm\/wp-json\/wp\/v2\/types\/post"}],"author":[{"embeddable":true,"href":"https:\/\/www.bbmnoticias.com\/labravaradiofm\/wp-json\/wp\/v2\/users\/5"}],"replies":[{"embeddable":true,"href":"https:\/\/www.bbmnoticias.com\/labravaradiofm\/wp-json\/wp\/v2\/comments?post=8357"}],"version-history":[{"count":0,"href":"https:\/\/www.bbmnoticias.com\/labravaradiofm\/wp-json\/wp\/v2\/posts\/8357\/revisions"}],"wp:featuredmedia":[{"embeddable":true,"href":"https:\/\/www.bbmnoticias.com\/labravaradiofm\/wp-json\/wp\/v2\/media\/8358"}],"wp:attachment":[{"href":"https:\/\/www.bbmnoticias.com\/labravaradiofm\/wp-json\/wp\/v2\/media?parent=8357"}],"wp:term":[{"taxonomy":"category","embeddable":true,"href":"https:\/\/www.bbmnoticias.com\/labravaradiofm\/wp-json\/wp\/v2\/categories?post=8357"},{"taxonomy":"post_tag","embeddable":true,"href":"https:\/\/www.bbmnoticias.com\/labravaradiofm\/wp-json\/wp\/v2\/tags?post=8357"}],"curies":[{"name":"wp","href":"https:\/\/api.w.org\/{rel}","templated":true}]}}