{"id":8349,"date":"2022-01-10T18:27:37","date_gmt":"2022-01-11T00:27:37","guid":{"rendered":"https:\/\/www.bbmnoticias.com\/labravaradiofm\/?p=8349"},"modified":"2022-01-10T18:29:42","modified_gmt":"2022-01-11T00:29:42","slug":"amlo-da-positivo-a-covid-19-permanecere-en-aislamiento","status":"publish","type":"post","link":"https:\/\/www.bbmnoticias.com\/labravaradiofm\/2022\/01\/10\/amlo-da-positivo-a-covid-19-permanecere-en-aislamiento\/","title":{"rendered":"AMLO da positivo a Covid-19; &#8220;permanecer\u00e9 en aislamiento&#8221;"},"content":{"rendered":"<div style=\"margin-top: 0px; margin-bottom: 0px;\" class=\"sharethis-inline-share-buttons\" ><\/div>\n<p>Luego de informar que se har\u00eda una prueba Covid para descartar coronavirus porque <strong>amaneci\u00f3 ronco y cre\u00eda que era gripe<\/strong>, el presidente<strong> Andr\u00e9s Manuel L\u00f3pez Obrador <\/strong>inform\u00f3 que dio positivo por segunda vez a Covid-19. Dijo que se mantendr\u00e1 en aislamiento.<\/p>\n\n\n\n<p>Dijo que tiene s\u00edntomas leves, &#8220;por lo que permanecer\u00e9 en aislamiento&#8221; y solo realizar\u00e1 trabajo de oficina. Indica que al frente quedar\u00e1 el secretario de Gobernaci\u00f3n, Ad\u00e1n Augusto L\u00f3pez Hern\u00e1ndez<\/p>\n\n\n\n<h2 class=\"wp-block-heading\">Cuando AMLO sali\u00f3 \u201csan\u00f3\u201d del Covid-19&nbsp;<\/h2>\n\n\n\n<p>\u201cLamento informarles que estoy contagiado de COVID-19. Los s\u00edntomas son leves pero ya estoy en tratamiento m\u00e9dico. Como siempre, soy optimista. Saldremos adelante todos\u201d, inform\u00f3 el presidente Andr\u00e9s Manuel L\u00f3pez Obrador el 24 de enero de 2021, casi un a\u00f1o despu\u00e9s del inicio de la pandemia por el virus SARS-Cov-2 en M\u00e9xico.<\/p>\n\n\n\n<p>Ante la recuperaci\u00f3n por coronavirus de L\u00f3pez Obrador, la entonces secretaria de Gobernaci\u00f3n, <strong>Olga S\u00e1nchez Cordero<\/strong>, relev\u00f3 al presidente de M\u00e9xico en las conferencias ma\u00f1aneras de Palacio Nacional.&nbsp;<\/p>\n\n\n\n<p>\u201cYo estar\u00e9 pendiente de los asuntos p\u00fablicos desde Palacio Nacional\u201d, expres\u00f3 L\u00f3pez Obrador en esa ocasi\u00f3n en redes sociales.&nbsp;<\/p>\n\n\n\n<p>Dos semanas despu\u00e9s, el 8 de febrero, L\u00f3pez Obrador regres\u00f3 al Sal\u00f3n Tesorer\u00eda a encabezar sus ma\u00f1aneras porque, dijo, \u201cafortunadamente\u201d sali\u00f3 adelante \u201cpara continuar luchando\u201d.<br><\/p>\n\n\n\n<figure class=\"wp-block-embed is-type-rich is-provider-twitter wp-block-embed-twitter\"><div class=\"wp-block-embed__wrapper\">\n<blockquote class=\"twitter-tweet\" data-width=\"550\" data-dnt=\"true\"><p lang=\"es\" dir=\"ltr\">Informo a ustedes que estoy contagiado de <a href=\"https:\/\/twitter.com\/hashtag\/COVID19?src=hash&amp;ref_src=twsrc%5Etfw\">#COVID19<\/a> y aunque los s\u00edntomas son leves, permanecer\u00e9 en aislamiento y solo realizar\u00e9 trabajo de oficina y me comunicar\u00e9 de manera virtual hasta salir adelante.<\/p>&mdash; Andr\u00e9s Manuel (@lopezobrador_) <a href=\"https:\/\/twitter.com\/lopezobrador_\/status\/1480692416579620869?ref_src=twsrc%5Etfw\">January 11, 2022<\/a><\/blockquote><script async src=\"https:\/\/platform.twitter.com\/widgets.js\" charset=\"utf-8\"><\/script>\n<\/div><\/figure>\n\n\n\n<p>\u201cPrimero, agradecerle a todos los mexicanos, mujeres y hombres, que se preocuparon por mi enfermedad, por mi contagio de COVID.<\/p>\n\n\n\n<p>\u201cAgradecer tambi\u00e9n a muchos amigos del extranjero y a todo el pueblo de M\u00e9xico, mujeres, hombres, que expresaron su deseo de que me recuperara y que saliera adelante. Agradecerles sus bendiciones, sus rezos, sus buenas vibras, sus buenos deseos a todos.<\/p>\n\n\n\n<p>\u201cY como dec\u00eda Jos\u00e9 Mart\u00ed, amor con amor se paga. Estamos de nuevo de pie y en lucha. Vamos a continuar con la transformaci\u00f3n, con el proceso de transformaci\u00f3n, que es fundamental para M\u00e9xico el que podamos acabar con la corrupci\u00f3n, para que de esta manera se moralice nuestro pa\u00eds y podamos vivir con bienestar y con felicidad\u201d, expres\u00f3 el a\u00f1o pasado L\u00f3pez Obrador tras recuperarse de Covid-19.<\/p>\n\n\n\n<p>L\u00f3pez Obrador cont\u00f3 que sali\u00f3 \u201csano\u201d del coronavirus gracias \u201cal Creador, a la naturaleza y a la ciencia\u201d.&nbsp;<\/p>\n\n\n\n<p>Destac\u00f3 que fue bien atendido y de manera oportuna, adem\u00e1s que particip\u00f3 en un proceso de investigaci\u00f3n para personas que ese entonces ten\u00edan Covid-19.&nbsp;&nbsp;<\/p>\n\n\n\n<p>\u201cEntonces, acept\u00e9 formar parte de las personas que est\u00e1n sujetas a investigaci\u00f3n probando ciertos tratamientos y me empezaron a aplicar antiviral, un medicamento antiviral, desde el lunes, y desinflamatorios; y afortunadamente dio buenos resultados.<\/p>\n\n\n\n<p>\u201cEstuve con molestias, lo que ya todo mundo que ha padecido esta enfermedad sabe, los dolores de cuerpo, afortunadamente poca temperatura, y fui saliendo en la medida que me aplicaron el tratamiento y que empec\u00e9 tambi\u00e9n a ejercitarme, a caminar, a hacer ejercicios de respiraci\u00f3n y afortunadamente sal\u00ed adelante\u201d, describi\u00f3.<\/p>\n\n\n\n<p>\u201cQuiero agradecerles mucho a los m\u00e9dicos, todos de instituciones p\u00fablicas. Todos los mexicanos o la mayor\u00eda de los mexicanos sabemos lo que son los institutos de salud; en este caso, han estado ayudando mucho en la recuperaci\u00f3n de enfermos de COVID. Agradecerles bastante a los m\u00e9dicos, a las enfermeras -que se me pas\u00f3 aqu\u00ed poner sus nombres- porque me trataron muy bien.<\/p>\n\n\n\n<p>\u201cIndependientemente de su profesi\u00f3n, yo tengo la dicha enorme de contar la simpat\u00eda de muchos trabajadores de la salud y de mucha gente del pueblo, entonces s\u00ed me dieron un tratamiento, vamos a decir, especial, por el afecto, por el cari\u00f1o con que me trataron\u201d, apunt\u00f3.<\/p>\n\n\n\n<p>Este lunes 10 de enero, a la espera de un resultado para descartar si ten\u00eda Covid-19 porque amaneci\u00f3 \u201cronco\u201d y cre\u00eda que ten\u00eda gripe, el presidente L\u00f3pez Obrador exhibi\u00f3 en su conferencia ma\u00f1anera un \u201cdec\u00e1logo\u201d que el escritor Pedro Miguel comparti\u00f3 en redes sociales sobre \u201clas recomendaciones oficiales ante la nueva ola de la pandemia\u201d.<\/p>\n\n\n\n<p>\u201cSi se vacunaron y se enferman de algo que parece covid, asuman que es covid\u201d, ley\u00f3 el presidente L\u00f3pez Obrador en su ma\u00f1anera, a la que asisti\u00f3 ronco.<\/p>\n\n\n\n<p>\u201cTomen paracetamol, permanezcan en su casa, a\u00edslense y eviten contagiar a otras personas. En la gran mayor\u00eda de las personas vacunadas, la variante \u00f3micron es un covidcito\u201d, tambi\u00e9n ley\u00f3 el Presidente.<\/p>\n\n\n\n<p>En otro punto escrito por Pedro Miguel, L\u00f3pez Obrador ley\u00f3: \u201cSigan usando cubrebocas, observen la sana distancia, tosan o estornuden en el \u00e1ngulo interior del codo, l\u00e1vense las garras y en la medida de lo posible, eviten las aglomeraciones\u201d.<\/p>\n","protected":false},"excerpt":{"rendered":"<p>Luego de informar que se har\u00eda una prueba Covid para descartar coronavirus porque amaneci\u00f3 ronco y cre\u00eda que era gripe, el presidente Andr\u00e9s Manuel L\u00f3pez Obrador inform\u00f3 que dio positivo por segunda vez a Covid-19. Dijo que se mantendr\u00e1 en aislamiento. Dijo que tiene s\u00edntomas leves, &#8220;por lo que permanecer\u00e9 en aislamiento&#8221; y solo realizar\u00e1 [&hellip;]<\/p>\n","protected":false},"author":10,"featured_media":8350,"comment_status":"closed","ping_status":"closed","sticky":false,"template":"","format":"standard","meta":{"footnotes":""},"categories":[19],"tags":[],"class_list":{"0":"post-8349","1":"post","2":"type-post","3":"status-publish","4":"format-standard","5":"has-post-thumbnail","7":"category-nacional"},"yoast_head":"<!-- This site is optimized with the Yoast SEO plugin v27.4 - https:\/\/yoast.com\/product\/yoast-seo-wordpress\/ -->\n<title>AMLO da positivo a Covid-19; &quot;permanecer\u00e9 en aislamiento&quot; - LA BRAVA RADIO<\/title>\n<meta name=\"robots\" content=\"index, follow, max-snippet:-1, max-image-preview:large, max-video-preview:-1\" \/>\n<link rel=\"canonical\" href=\"https:\/\/www.bbmnoticias.com\/labravaradiofm\/2022\/01\/10\/amlo-da-positivo-a-covid-19-permanecere-en-aislamiento\/\" \/>\n<meta property=\"og:locale\" content=\"es_MX\" \/>\n<meta property=\"og:type\" content=\"article\" \/>\n<meta property=\"og:title\" content=\"AMLO da positivo a Covid-19; &quot;permanecer\u00e9 en aislamiento&quot; - LA BRAVA RADIO\" \/>\n<meta property=\"og:description\" content=\"Luego de informar que se har\u00eda una prueba Covid para descartar coronavirus porque amaneci\u00f3 ronco y cre\u00eda que era gripe, el presidente Andr\u00e9s Manuel L\u00f3pez Obrador inform\u00f3 que dio positivo por segunda vez a Covid-19. Dijo que se mantendr\u00e1 en aislamiento. Dijo que tiene s\u00edntomas leves, &#8220;por lo que permanecer\u00e9 en aislamiento&#8221; y solo realizar\u00e1 [&hellip;]\" \/>\n<meta property=\"og:url\" content=\"https:\/\/www.bbmnoticias.com\/labravaradiofm\/2022\/01\/10\/amlo-da-positivo-a-covid-19-permanecere-en-aislamiento\/\" \/>\n<meta property=\"og:site_name\" content=\"LA BRAVA RADIO\" \/>\n<meta property=\"article:published_time\" content=\"2022-01-11T00:27:37+00:00\" \/>\n<meta property=\"article:modified_time\" content=\"2022-01-11T00:29:42+00:00\" \/>\n<meta property=\"og:image\" content=\"https:\/\/www.bbmnoticias.com\/labravaradiofm\/wp-content\/uploads\/sites\/5\/2022\/01\/lopez_obrador.webp\" \/>\n\t<meta property=\"og:image:width\" content=\"1201\" \/>\n\t<meta property=\"og:image:height\" content=\"740\" \/>\n\t<meta property=\"og:image:type\" content=\"image\/webp\" \/>\n<meta name=\"author\" content=\"El Universal\" \/>\n<meta name=\"twitter:card\" content=\"summary_large_image\" \/>\n<meta name=\"twitter:label1\" content=\"Escrito por\" \/>\n\t<meta name=\"twitter:data1\" content=\"El Universal\" \/>\n\t<meta name=\"twitter:label2\" content=\"Tiempo de lectura\" \/>\n\t<meta name=\"twitter:data2\" content=\"4 minutos\" \/>\n<script type=\"application\/ld+json\" class=\"yoast-schema-graph\">{\"@context\":\"https:\\\/\\\/schema.org\",\"@graph\":[{\"@type\":\"Article\",\"@id\":\"https:\\\/\\\/www.bbmnoticias.com\\\/labravaradiofm\\\/2022\\\/01\\\/10\\\/amlo-da-positivo-a-covid-19-permanecere-en-aislamiento\\\/#article\",\"isPartOf\":{\"@id\":\"https:\\\/\\\/www.bbmnoticias.com\\\/labravaradiofm\\\/2022\\\/01\\\/10\\\/amlo-da-positivo-a-covid-19-permanecere-en-aislamiento\\\/\"},\"author\":{\"name\":\"El Universal\",\"@id\":\"https:\\\/\\\/www.bbmnoticias.com\\\/labravaradiofm\\\/#\\\/schema\\\/person\\\/2a5252389acf1e67397601bfd47df59b\"},\"headline\":\"AMLO da positivo a Covid-19; &#8220;permanecer\u00e9 en aislamiento&#8221;\",\"datePublished\":\"2022-01-11T00:27:37+00:00\",\"dateModified\":\"2022-01-11T00:29:42+00:00\",\"mainEntityOfPage\":{\"@id\":\"https:\\\/\\\/www.bbmnoticias.com\\\/labravaradiofm\\\/2022\\\/01\\\/10\\\/amlo-da-positivo-a-covid-19-permanecere-en-aislamiento\\\/\"},\"wordCount\":801,\"image\":{\"@id\":\"https:\\\/\\\/www.bbmnoticias.com\\\/labravaradiofm\\\/2022\\\/01\\\/10\\\/amlo-da-positivo-a-covid-19-permanecere-en-aislamiento\\\/#primaryimage\"},\"thumbnailUrl\":\"https:\\\/\\\/www.bbmnoticias.com\\\/labravaradiofm\\\/wp-content\\\/uploads\\\/sites\\\/5\\\/2022\\\/01\\\/lopez_obrador.webp\",\"articleSection\":[\"NACIONAL\"],\"inLanguage\":\"es\"},{\"@type\":\"WebPage\",\"@id\":\"https:\\\/\\\/www.bbmnoticias.com\\\/labravaradiofm\\\/2022\\\/01\\\/10\\\/amlo-da-positivo-a-covid-19-permanecere-en-aislamiento\\\/\",\"url\":\"https:\\\/\\\/www.bbmnoticias.com\\\/labravaradiofm\\\/2022\\\/01\\\/10\\\/amlo-da-positivo-a-covid-19-permanecere-en-aislamiento\\\/\",\"name\":\"AMLO da positivo a Covid-19; \\\"permanecer\u00e9 en aislamiento\\\" - LA BRAVA RADIO\",\"isPartOf\":{\"@id\":\"https:\\\/\\\/www.bbmnoticias.com\\\/labravaradiofm\\\/#website\"},\"primaryImageOfPage\":{\"@id\":\"https:\\\/\\\/www.bbmnoticias.com\\\/labravaradiofm\\\/2022\\\/01\\\/10\\\/amlo-da-positivo-a-covid-19-permanecere-en-aislamiento\\\/#primaryimage\"},\"image\":{\"@id\":\"https:\\\/\\\/www.bbmnoticias.com\\\/labravaradiofm\\\/2022\\\/01\\\/10\\\/amlo-da-positivo-a-covid-19-permanecere-en-aislamiento\\\/#primaryimage\"},\"thumbnailUrl\":\"https:\\\/\\\/www.bbmnoticias.com\\\/labravaradiofm\\\/wp-content\\\/uploads\\\/sites\\\/5\\\/2022\\\/01\\\/lopez_obrador.webp\",\"datePublished\":\"2022-01-11T00:27:37+00:00\",\"dateModified\":\"2022-01-11T00:29:42+00:00\",\"author\":{\"@id\":\"https:\\\/\\\/www.bbmnoticias.com\\\/labravaradiofm\\\/#\\\/schema\\\/person\\\/2a5252389acf1e67397601bfd47df59b\"},\"breadcrumb\":{\"@id\":\"https:\\\/\\\/www.bbmnoticias.com\\\/labravaradiofm\\\/2022\\\/01\\\/10\\\/amlo-da-positivo-a-covid-19-permanecere-en-aislamiento\\\/#breadcrumb\"},\"inLanguage\":\"es\",\"potentialAction\":[{\"@type\":\"ReadAction\",\"target\":[\"https:\\\/\\\/www.bbmnoticias.com\\\/labravaradiofm\\\/2022\\\/01\\\/10\\\/amlo-da-positivo-a-covid-19-permanecere-en-aislamiento\\\/\"]}]},{\"@type\":\"ImageObject\",\"inLanguage\":\"es\",\"@id\":\"https:\\\/\\\/www.bbmnoticias.com\\\/labravaradiofm\\\/2022\\\/01\\\/10\\\/amlo-da-positivo-a-covid-19-permanecere-en-aislamiento\\\/#primaryimage\",\"url\":\"https:\\\/\\\/www.bbmnoticias.com\\\/labravaradiofm\\\/wp-content\\\/uploads\\\/sites\\\/5\\\/2022\\\/01\\\/lopez_obrador.webp\",\"contentUrl\":\"https:\\\/\\\/www.bbmnoticias.com\\\/labravaradiofm\\\/wp-content\\\/uploads\\\/sites\\\/5\\\/2022\\\/01\\\/lopez_obrador.webp\",\"width\":1201,\"height\":740},{\"@type\":\"BreadcrumbList\",\"@id\":\"https:\\\/\\\/www.bbmnoticias.com\\\/labravaradiofm\\\/2022\\\/01\\\/10\\\/amlo-da-positivo-a-covid-19-permanecere-en-aislamiento\\\/#breadcrumb\",\"itemListElement\":[{\"@type\":\"ListItem\",\"position\":1,\"name\":\"Inicio\",\"item\":\"https:\\\/\\\/www.bbmnoticias.com\\\/labravaradiofm\\\/\"},{\"@type\":\"ListItem\",\"position\":2,\"name\":\"AMLO da positivo a Covid-19; &#8220;permanecer\u00e9 en aislamiento&#8221;\"}]},{\"@type\":\"WebSite\",\"@id\":\"https:\\\/\\\/www.bbmnoticias.com\\\/labravaradiofm\\\/#website\",\"url\":\"https:\\\/\\\/www.bbmnoticias.com\\\/labravaradiofm\\\/\",\"name\":\"LA BRAVA RADIO\",\"description\":\"Empresa productora de medios, Radiodifusi\u00f3n, Noticias, tendencias y todo lo que necesitas saber de la pol\u00edtica mexicana e internacional; entretenimiento, espect\u00e1culos, salud y mucho m\u00e1s.\",\"potentialAction\":[{\"@type\":\"SearchAction\",\"target\":{\"@type\":\"EntryPoint\",\"urlTemplate\":\"https:\\\/\\\/www.bbmnoticias.com\\\/labravaradiofm\\\/?s={search_term_string}\"},\"query-input\":{\"@type\":\"PropertyValueSpecification\",\"valueRequired\":true,\"valueName\":\"search_term_string\"}}],\"inLanguage\":\"es\"},{\"@type\":\"Person\",\"@id\":\"https:\\\/\\\/www.bbmnoticias.com\\\/labravaradiofm\\\/#\\\/schema\\\/person\\\/2a5252389acf1e67397601bfd47df59b\",\"name\":\"El Universal\",\"image\":{\"@type\":\"ImageObject\",\"inLanguage\":\"es\",\"@id\":\"https:\\\/\\\/secure.gravatar.com\\\/avatar\\\/71c770e6e00bd7cb8183e56d1c59f81601544fbe41d802d7c17d05c9e25f7d06?s=96&d=mm&r=g\",\"url\":\"https:\\\/\\\/secure.gravatar.com\\\/avatar\\\/71c770e6e00bd7cb8183e56d1c59f81601544fbe41d802d7c17d05c9e25f7d06?s=96&d=mm&r=g\",\"contentUrl\":\"https:\\\/\\\/secure.gravatar.com\\\/avatar\\\/71c770e6e00bd7cb8183e56d1c59f81601544fbe41d802d7c17d05c9e25f7d06?s=96&d=mm&r=g\",\"caption\":\"El Universal\"},\"url\":\"https:\\\/\\\/www.bbmnoticias.com\\\/labravaradiofm\\\/author\\\/eluniversal\\\/\"}]}<\/script>\n<!-- \/ Yoast SEO plugin. -->","yoast_head_json":{"title":"AMLO da positivo a Covid-19; \"permanecer\u00e9 en aislamiento\" - LA BRAVA RADIO","robots":{"index":"index","follow":"follow","max-snippet":"max-snippet:-1","max-image-preview":"max-image-preview:large","max-video-preview":"max-video-preview:-1"},"canonical":"https:\/\/www.bbmnoticias.com\/labravaradiofm\/2022\/01\/10\/amlo-da-positivo-a-covid-19-permanecere-en-aislamiento\/","og_locale":"es_MX","og_type":"article","og_title":"AMLO da positivo a Covid-19; \"permanecer\u00e9 en aislamiento\" - LA BRAVA RADIO","og_description":"Luego de informar que se har\u00eda una prueba Covid para descartar coronavirus porque amaneci\u00f3 ronco y cre\u00eda que era gripe, el presidente Andr\u00e9s Manuel L\u00f3pez Obrador inform\u00f3 que dio positivo por segunda vez a Covid-19. Dijo que se mantendr\u00e1 en aislamiento. Dijo que tiene s\u00edntomas leves, &#8220;por lo que permanecer\u00e9 en aislamiento&#8221; y solo realizar\u00e1 [&hellip;]","og_url":"https:\/\/www.bbmnoticias.com\/labravaradiofm\/2022\/01\/10\/amlo-da-positivo-a-covid-19-permanecere-en-aislamiento\/","og_site_name":"LA BRAVA RADIO","article_published_time":"2022-01-11T00:27:37+00:00","article_modified_time":"2022-01-11T00:29:42+00:00","og_image":[{"width":1201,"height":740,"url":"https:\/\/www.bbmnoticias.com\/labravaradiofm\/wp-content\/uploads\/sites\/5\/2022\/01\/lopez_obrador.webp","type":"image\/webp"}],"author":"El Universal","twitter_card":"summary_large_image","twitter_misc":{"Escrito por":"El Universal","Tiempo de lectura":"4 minutos"},"schema":{"@context":"https:\/\/schema.org","@graph":[{"@type":"Article","@id":"https:\/\/www.bbmnoticias.com\/labravaradiofm\/2022\/01\/10\/amlo-da-positivo-a-covid-19-permanecere-en-aislamiento\/#article","isPartOf":{"@id":"https:\/\/www.bbmnoticias.com\/labravaradiofm\/2022\/01\/10\/amlo-da-positivo-a-covid-19-permanecere-en-aislamiento\/"},"author":{"name":"El Universal","@id":"https:\/\/www.bbmnoticias.com\/labravaradiofm\/#\/schema\/person\/2a5252389acf1e67397601bfd47df59b"},"headline":"AMLO da positivo a Covid-19; &#8220;permanecer\u00e9 en aislamiento&#8221;","datePublished":"2022-01-11T00:27:37+00:00","dateModified":"2022-01-11T00:29:42+00:00","mainEntityOfPage":{"@id":"https:\/\/www.bbmnoticias.com\/labravaradiofm\/2022\/01\/10\/amlo-da-positivo-a-covid-19-permanecere-en-aislamiento\/"},"wordCount":801,"image":{"@id":"https:\/\/www.bbmnoticias.com\/labravaradiofm\/2022\/01\/10\/amlo-da-positivo-a-covid-19-permanecere-en-aislamiento\/#primaryimage"},"thumbnailUrl":"https:\/\/www.bbmnoticias.com\/labravaradiofm\/wp-content\/uploads\/sites\/5\/2022\/01\/lopez_obrador.webp","articleSection":["NACIONAL"],"inLanguage":"es"},{"@type":"WebPage","@id":"https:\/\/www.bbmnoticias.com\/labravaradiofm\/2022\/01\/10\/amlo-da-positivo-a-covid-19-permanecere-en-aislamiento\/","url":"https:\/\/www.bbmnoticias.com\/labravaradiofm\/2022\/01\/10\/amlo-da-positivo-a-covid-19-permanecere-en-aislamiento\/","name":"AMLO da positivo a Covid-19; \"permanecer\u00e9 en aislamiento\" - LA BRAVA RADIO","isPartOf":{"@id":"https:\/\/www.bbmnoticias.com\/labravaradiofm\/#website"},"primaryImageOfPage":{"@id":"https:\/\/www.bbmnoticias.com\/labravaradiofm\/2022\/01\/10\/amlo-da-positivo-a-covid-19-permanecere-en-aislamiento\/#primaryimage"},"image":{"@id":"https:\/\/www.bbmnoticias.com\/labravaradiofm\/2022\/01\/10\/amlo-da-positivo-a-covid-19-permanecere-en-aislamiento\/#primaryimage"},"thumbnailUrl":"https:\/\/www.bbmnoticias.com\/labravaradiofm\/wp-content\/uploads\/sites\/5\/2022\/01\/lopez_obrador.webp","datePublished":"2022-01-11T00:27:37+00:00","dateModified":"2022-01-11T00:29:42+00:00","author":{"@id":"https:\/\/www.bbmnoticias.com\/labravaradiofm\/#\/schema\/person\/2a5252389acf1e67397601bfd47df59b"},"breadcrumb":{"@id":"https:\/\/www.bbmnoticias.com\/labravaradiofm\/2022\/01\/10\/amlo-da-positivo-a-covid-19-permanecere-en-aislamiento\/#breadcrumb"},"inLanguage":"es","potentialAction":[{"@type":"ReadAction","target":["https:\/\/www.bbmnoticias.com\/labravaradiofm\/2022\/01\/10\/amlo-da-positivo-a-covid-19-permanecere-en-aislamiento\/"]}]},{"@type":"ImageObject","inLanguage":"es","@id":"https:\/\/www.bbmnoticias.com\/labravaradiofm\/2022\/01\/10\/amlo-da-positivo-a-covid-19-permanecere-en-aislamiento\/#primaryimage","url":"https:\/\/www.bbmnoticias.com\/labravaradiofm\/wp-content\/uploads\/sites\/5\/2022\/01\/lopez_obrador.webp","contentUrl":"https:\/\/www.bbmnoticias.com\/labravaradiofm\/wp-content\/uploads\/sites\/5\/2022\/01\/lopez_obrador.webp","width":1201,"height":740},{"@type":"BreadcrumbList","@id":"https:\/\/www.bbmnoticias.com\/labravaradiofm\/2022\/01\/10\/amlo-da-positivo-a-covid-19-permanecere-en-aislamiento\/#breadcrumb","itemListElement":[{"@type":"ListItem","position":1,"name":"Inicio","item":"https:\/\/www.bbmnoticias.com\/labravaradiofm\/"},{"@type":"ListItem","position":2,"name":"AMLO da positivo a Covid-19; &#8220;permanecer\u00e9 en aislamiento&#8221;"}]},{"@type":"WebSite","@id":"https:\/\/www.bbmnoticias.com\/labravaradiofm\/#website","url":"https:\/\/www.bbmnoticias.com\/labravaradiofm\/","name":"LA BRAVA RADIO","description":"Empresa productora de medios, Radiodifusi\u00f3n, Noticias, tendencias y todo lo que necesitas saber de la pol\u00edtica mexicana e internacional; entretenimiento, espect\u00e1culos, salud y mucho m\u00e1s.","potentialAction":[{"@type":"SearchAction","target":{"@type":"EntryPoint","urlTemplate":"https:\/\/www.bbmnoticias.com\/labravaradiofm\/?s={search_term_string}"},"query-input":{"@type":"PropertyValueSpecification","valueRequired":true,"valueName":"search_term_string"}}],"inLanguage":"es"},{"@type":"Person","@id":"https:\/\/www.bbmnoticias.com\/labravaradiofm\/#\/schema\/person\/2a5252389acf1e67397601bfd47df59b","name":"El Universal","image":{"@type":"ImageObject","inLanguage":"es","@id":"https:\/\/secure.gravatar.com\/avatar\/71c770e6e00bd7cb8183e56d1c59f81601544fbe41d802d7c17d05c9e25f7d06?s=96&d=mm&r=g","url":"https:\/\/secure.gravatar.com\/avatar\/71c770e6e00bd7cb8183e56d1c59f81601544fbe41d802d7c17d05c9e25f7d06?s=96&d=mm&r=g","contentUrl":"https:\/\/secure.gravatar.com\/avatar\/71c770e6e00bd7cb8183e56d1c59f81601544fbe41d802d7c17d05c9e25f7d06?s=96&d=mm&r=g","caption":"El Universal"},"url":"https:\/\/www.bbmnoticias.com\/labravaradiofm\/author\/eluniversal\/"}]}},"_links":{"self":[{"href":"https:\/\/www.bbmnoticias.com\/labravaradiofm\/wp-json\/wp\/v2\/posts\/8349","targetHints":{"allow":["GET"]}}],"collection":[{"href":"https:\/\/www.bbmnoticias.com\/labravaradiofm\/wp-json\/wp\/v2\/posts"}],"about":[{"href":"https:\/\/www.bbmnoticias.com\/labravaradiofm\/wp-json\/wp\/v2\/types\/post"}],"author":[{"embeddable":true,"href":"https:\/\/www.bbmnoticias.com\/labravaradiofm\/wp-json\/wp\/v2\/users\/10"}],"replies":[{"embeddable":true,"href":"https:\/\/www.bbmnoticias.com\/labravaradiofm\/wp-json\/wp\/v2\/comments?post=8349"}],"version-history":[{"count":0,"href":"https:\/\/www.bbmnoticias.com\/labravaradiofm\/wp-json\/wp\/v2\/posts\/8349\/revisions"}],"wp:featuredmedia":[{"embeddable":true,"href":"https:\/\/www.bbmnoticias.com\/labravaradiofm\/wp-json\/wp\/v2\/media\/8350"}],"wp:attachment":[{"href":"https:\/\/www.bbmnoticias.com\/labravaradiofm\/wp-json\/wp\/v2\/media?parent=8349"}],"wp:term":[{"taxonomy":"category","embeddable":true,"href":"https:\/\/www.bbmnoticias.com\/labravaradiofm\/wp-json\/wp\/v2\/categories?post=8349"},{"taxonomy":"post_tag","embeddable":true,"href":"https:\/\/www.bbmnoticias.com\/labravaradiofm\/wp-json\/wp\/v2\/tags?post=8349"}],"curies":[{"name":"wp","href":"https:\/\/api.w.org\/{rel}","templated":true}]}}