{"id":8346,"date":"2022-01-10T18:08:47","date_gmt":"2022-01-11T00:08:47","guid":{"rendered":"https:\/\/www.bbmnoticias.com\/labravaradiofm\/?p=8346"},"modified":"2022-01-10T18:08:48","modified_gmt":"2022-01-11T00:08:48","slug":"raul-bolanos-cacho-solicita-al-inami-acciones-contra-la-violencia-hacia-mujeres-migrantes","status":"publish","type":"post","link":"https:\/\/www.bbmnoticias.com\/labravaradiofm\/2022\/01\/10\/raul-bolanos-cacho-solicita-al-inami-acciones-contra-la-violencia-hacia-mujeres-migrantes\/","title":{"rendered":"Ra\u00fal Bola\u00f1os Cacho solicita al INAMI acciones contra la violencia hacia mujeres migrantes"},"content":{"rendered":"<div style=\"margin-top: 0px; margin-bottom: 0px;\" class=\"sharethis-inline-share-buttons\" ><\/div>\n<p>El senador del Partido Verde Ecologista de M\u00e9xico (PVEM), <strong>Ra\u00fal Bola\u00f1os Cacho<\/strong> Cu\u00e9, pidi\u00f3 al Instituto Nacional de Migraci\u00f3n (<strong>INAMI<\/strong>) que implemente acciones contra la <strong>violencia<\/strong> que viven las <strong>mujeres migrantes<\/strong>.<\/p>\n\n\n\n<p>En el marco de la Comisi\u00f3n Permanente, el senador por Oaxaca se\u00f1al\u00f3 que se deben proteger a las mujeres migrantes mexicanas en el extranjero y tambi\u00e9n a las mujeres <strong>migrantes<\/strong> o que est\u00e1n en tr\u00e1nsito en nuestro territorio.<\/p>\n\n\n\n<figure class=\"wp-block-pullquote\"><blockquote><p>\u201cLa violencia contra las mujeres es cr\u00edtica, y existe un sector de la poblaci\u00f3n de mujeres que sufre violencia d\u00eda a d\u00eda y est\u00e1 fuera de cualquier estad\u00edstica, es pr\u00e1cticamente invisible ante organismos internacionales e instituciones formales. La violencia en contra de mujeres migrantes o en tr\u00e1nsito es un grave problema que solo est\u00e1 en el radar de organizaciones civiles y no gubernamentales, algunas instituciones acad\u00e9micas y de gobierno\u201dRa\u00fal Bola\u00f1os Cacho. Senador PVEM<\/p><\/blockquote><\/figure>\n\n\n\n<h2 class=\"wp-block-heading\">Ra\u00fal Bola\u00f1os tambi\u00e9n pide a COMAR y CNDH proteger a mujeres a migrantes<\/h2>\n\n\n\n<p>Ra\u00fal Bola\u00f1os dijo que la violencia que padecen las mujeres migrantes es pr\u00e1cticamente invisible porque no forma parte de las estad\u00edsticas, por lo cual tambi\u00e9n pidi\u00f3 acciones acciones contra la violencia hacia las <strong>mujeres<\/strong> a la Comisi\u00f3n Nacional de los Derechos Humanos (<strong>CNDH<\/strong>) y a la Comisi\u00f3n mexicana de Ayuda a Refugiados (<strong>COMAR<\/strong>).<\/p>\n\n\n\n<p>En el Punto de Acuerdo presentado, especific\u00f3 que la CNDH deber\u00eda llevar a cabo mesas de trabajo para implementar acciones de acuerdo con sus atribuciones legales.<\/p>\n\n\n\n<h2 class=\"wp-block-heading\">Ra\u00fal Bola\u00f1os pide fortalecer redes consulares para protecci\u00f3n de mujeres<\/h2>\n\n\n\n<p>De la misma manera, propuso la Secretar\u00eda de Relaciones Exteriores (<strong>SRE<\/strong>) estrechar mecanismos de colaboraci\u00f3n institucional entre poderes para fortalecer las redes consulares, impulsar la agenda migrante a favor de la protecci\u00f3n de todas las personas, principalmente de ni\u00f1as y mujeres <strong>migrantes <\/strong>mexicanas.<\/p>\n\n\n\n<p>El legislador record\u00f3 que de acuerdo con ONU mujeres, se estima que 50 por ciento de los refugiados del mundo son mujeres y ni\u00f1as y que 1 de cada 5 mujeres refugiadas o desplazadas han sido v\u00edctimas de <strong>violencia<\/strong> sexual.<\/p>\n\n\n\n<p>De acuerdo con la organizaci\u00f3n civil Sin Fronteras, se han identificado factores espec\u00edficos que incrementan la vulnerabilidad de las mujeres migrantes ante los diversos tipos de violencia.<\/p>\n\n\n\n<p>Particularmente en la frontera sur de M\u00e9xico no existen instrumentos estad\u00edsticos que identifiquen plenamente las caracter\u00edsticas de las migrantes trabajadoras en el territorio nacional y tampoco a las trabajadoras fronterizas para reconocer las diferencias demogr\u00e1ficas y laborales relevantes en comparaci\u00f3n con las migrantes temporales.<\/p>\n","protected":false},"excerpt":{"rendered":"<p>El senador del Partido Verde Ecologista de M\u00e9xico (PVEM), Ra\u00fal Bola\u00f1os Cacho Cu\u00e9, pidi\u00f3 al Instituto Nacional de Migraci\u00f3n (INAMI) que implemente acciones contra la violencia que viven las mujeres migrantes. En el marco de la Comisi\u00f3n Permanente, el senador por Oaxaca se\u00f1al\u00f3 que se deben proteger a las mujeres migrantes mexicanas en el extranjero [&hellip;]<\/p>\n","protected":false},"author":12,"featured_media":8347,"comment_status":"closed","ping_status":"closed","sticky":false,"template":"","format":"standard","meta":{"footnotes":""},"categories":[2],"tags":[],"class_list":{"0":"post-8346","1":"post","2":"type-post","3":"status-publish","4":"format-standard","5":"has-post-thumbnail","7":"category-oaxaca"},"yoast_head":"<!-- This site is optimized with the Yoast SEO plugin v27.4 - https:\/\/yoast.com\/product\/yoast-seo-wordpress\/ -->\n<title>Ra\u00fal Bola\u00f1os Cacho solicita al INAMI acciones contra la violencia hacia mujeres migrantes - LA BRAVA RADIO<\/title>\n<meta name=\"robots\" content=\"index, follow, max-snippet:-1, max-image-preview:large, max-video-preview:-1\" \/>\n<link rel=\"canonical\" href=\"https:\/\/www.bbmnoticias.com\/labravaradiofm\/2022\/01\/10\/raul-bolanos-cacho-solicita-al-inami-acciones-contra-la-violencia-hacia-mujeres-migrantes\/\" \/>\n<meta property=\"og:locale\" content=\"es_MX\" \/>\n<meta property=\"og:type\" content=\"article\" \/>\n<meta property=\"og:title\" content=\"Ra\u00fal Bola\u00f1os Cacho solicita al INAMI acciones contra la violencia hacia mujeres migrantes - LA BRAVA RADIO\" \/>\n<meta property=\"og:description\" content=\"El senador del Partido Verde Ecologista de M\u00e9xico (PVEM), Ra\u00fal Bola\u00f1os Cacho Cu\u00e9, pidi\u00f3 al Instituto Nacional de Migraci\u00f3n (INAMI) que implemente acciones contra la violencia que viven las mujeres migrantes. En el marco de la Comisi\u00f3n Permanente, el senador por Oaxaca se\u00f1al\u00f3 que se deben proteger a las mujeres migrantes mexicanas en el extranjero [&hellip;]\" \/>\n<meta property=\"og:url\" content=\"https:\/\/www.bbmnoticias.com\/labravaradiofm\/2022\/01\/10\/raul-bolanos-cacho-solicita-al-inami-acciones-contra-la-violencia-hacia-mujeres-migrantes\/\" \/>\n<meta property=\"og:site_name\" content=\"LA BRAVA RADIO\" \/>\n<meta property=\"article:published_time\" content=\"2022-01-11T00:08:47+00:00\" \/>\n<meta property=\"article:modified_time\" content=\"2022-01-11T00:08:48+00:00\" \/>\n<meta property=\"og:image\" content=\"https:\/\/www.bbmnoticias.com\/labravaradiofm\/wp-content\/uploads\/sites\/5\/2022\/01\/bolanos-cacho.jpg\" \/>\n\t<meta property=\"og:image:width\" content=\"640\" \/>\n\t<meta property=\"og:image:height\" content=\"360\" \/>\n\t<meta property=\"og:image:type\" content=\"image\/jpeg\" \/>\n<meta name=\"author\" content=\"SDPnoticias\" \/>\n<meta name=\"twitter:card\" content=\"summary_large_image\" \/>\n<meta name=\"twitter:label1\" content=\"Escrito por\" \/>\n\t<meta name=\"twitter:data1\" content=\"SDPnoticias\" \/>\n\t<meta name=\"twitter:label2\" content=\"Tiempo de lectura\" \/>\n\t<meta name=\"twitter:data2\" content=\"2 minutos\" \/>\n<script type=\"application\/ld+json\" class=\"yoast-schema-graph\">{\"@context\":\"https:\\\/\\\/schema.org\",\"@graph\":[{\"@type\":\"Article\",\"@id\":\"https:\\\/\\\/www.bbmnoticias.com\\\/labravaradiofm\\\/2022\\\/01\\\/10\\\/raul-bolanos-cacho-solicita-al-inami-acciones-contra-la-violencia-hacia-mujeres-migrantes\\\/#article\",\"isPartOf\":{\"@id\":\"https:\\\/\\\/www.bbmnoticias.com\\\/labravaradiofm\\\/2022\\\/01\\\/10\\\/raul-bolanos-cacho-solicita-al-inami-acciones-contra-la-violencia-hacia-mujeres-migrantes\\\/\"},\"author\":{\"name\":\"SDPnoticias\",\"@id\":\"https:\\\/\\\/www.bbmnoticias.com\\\/labravaradiofm\\\/#\\\/schema\\\/person\\\/baf240d77a345f5fbc3dc146f9161af9\"},\"headline\":\"Ra\u00fal Bola\u00f1os Cacho solicita al INAMI acciones contra la violencia hacia mujeres migrantes\",\"datePublished\":\"2022-01-11T00:08:47+00:00\",\"dateModified\":\"2022-01-11T00:08:48+00:00\",\"mainEntityOfPage\":{\"@id\":\"https:\\\/\\\/www.bbmnoticias.com\\\/labravaradiofm\\\/2022\\\/01\\\/10\\\/raul-bolanos-cacho-solicita-al-inami-acciones-contra-la-violencia-hacia-mujeres-migrantes\\\/\"},\"wordCount\":457,\"image\":{\"@id\":\"https:\\\/\\\/www.bbmnoticias.com\\\/labravaradiofm\\\/2022\\\/01\\\/10\\\/raul-bolanos-cacho-solicita-al-inami-acciones-contra-la-violencia-hacia-mujeres-migrantes\\\/#primaryimage\"},\"thumbnailUrl\":\"https:\\\/\\\/www.bbmnoticias.com\\\/labravaradiofm\\\/wp-content\\\/uploads\\\/sites\\\/5\\\/2022\\\/01\\\/bolanos-cacho.jpg\",\"articleSection\":[\"LOCAL\"],\"inLanguage\":\"es\"},{\"@type\":\"WebPage\",\"@id\":\"https:\\\/\\\/www.bbmnoticias.com\\\/labravaradiofm\\\/2022\\\/01\\\/10\\\/raul-bolanos-cacho-solicita-al-inami-acciones-contra-la-violencia-hacia-mujeres-migrantes\\\/\",\"url\":\"https:\\\/\\\/www.bbmnoticias.com\\\/labravaradiofm\\\/2022\\\/01\\\/10\\\/raul-bolanos-cacho-solicita-al-inami-acciones-contra-la-violencia-hacia-mujeres-migrantes\\\/\",\"name\":\"Ra\u00fal Bola\u00f1os Cacho solicita al INAMI acciones contra la violencia hacia mujeres migrantes - LA BRAVA RADIO\",\"isPartOf\":{\"@id\":\"https:\\\/\\\/www.bbmnoticias.com\\\/labravaradiofm\\\/#website\"},\"primaryImageOfPage\":{\"@id\":\"https:\\\/\\\/www.bbmnoticias.com\\\/labravaradiofm\\\/2022\\\/01\\\/10\\\/raul-bolanos-cacho-solicita-al-inami-acciones-contra-la-violencia-hacia-mujeres-migrantes\\\/#primaryimage\"},\"image\":{\"@id\":\"https:\\\/\\\/www.bbmnoticias.com\\\/labravaradiofm\\\/2022\\\/01\\\/10\\\/raul-bolanos-cacho-solicita-al-inami-acciones-contra-la-violencia-hacia-mujeres-migrantes\\\/#primaryimage\"},\"thumbnailUrl\":\"https:\\\/\\\/www.bbmnoticias.com\\\/labravaradiofm\\\/wp-content\\\/uploads\\\/sites\\\/5\\\/2022\\\/01\\\/bolanos-cacho.jpg\",\"datePublished\":\"2022-01-11T00:08:47+00:00\",\"dateModified\":\"2022-01-11T00:08:48+00:00\",\"author\":{\"@id\":\"https:\\\/\\\/www.bbmnoticias.com\\\/labravaradiofm\\\/#\\\/schema\\\/person\\\/baf240d77a345f5fbc3dc146f9161af9\"},\"breadcrumb\":{\"@id\":\"https:\\\/\\\/www.bbmnoticias.com\\\/labravaradiofm\\\/2022\\\/01\\\/10\\\/raul-bolanos-cacho-solicita-al-inami-acciones-contra-la-violencia-hacia-mujeres-migrantes\\\/#breadcrumb\"},\"inLanguage\":\"es\",\"potentialAction\":[{\"@type\":\"ReadAction\",\"target\":[\"https:\\\/\\\/www.bbmnoticias.com\\\/labravaradiofm\\\/2022\\\/01\\\/10\\\/raul-bolanos-cacho-solicita-al-inami-acciones-contra-la-violencia-hacia-mujeres-migrantes\\\/\"]}]},{\"@type\":\"ImageObject\",\"inLanguage\":\"es\",\"@id\":\"https:\\\/\\\/www.bbmnoticias.com\\\/labravaradiofm\\\/2022\\\/01\\\/10\\\/raul-bolanos-cacho-solicita-al-inami-acciones-contra-la-violencia-hacia-mujeres-migrantes\\\/#primaryimage\",\"url\":\"https:\\\/\\\/www.bbmnoticias.com\\\/labravaradiofm\\\/wp-content\\\/uploads\\\/sites\\\/5\\\/2022\\\/01\\\/bolanos-cacho.jpg\",\"contentUrl\":\"https:\\\/\\\/www.bbmnoticias.com\\\/labravaradiofm\\\/wp-content\\\/uploads\\\/sites\\\/5\\\/2022\\\/01\\\/bolanos-cacho.jpg\",\"width\":640,\"height\":360},{\"@type\":\"BreadcrumbList\",\"@id\":\"https:\\\/\\\/www.bbmnoticias.com\\\/labravaradiofm\\\/2022\\\/01\\\/10\\\/raul-bolanos-cacho-solicita-al-inami-acciones-contra-la-violencia-hacia-mujeres-migrantes\\\/#breadcrumb\",\"itemListElement\":[{\"@type\":\"ListItem\",\"position\":1,\"name\":\"Inicio\",\"item\":\"https:\\\/\\\/www.bbmnoticias.com\\\/labravaradiofm\\\/\"},{\"@type\":\"ListItem\",\"position\":2,\"name\":\"Ra\u00fal Bola\u00f1os Cacho solicita al INAMI acciones contra la violencia hacia mujeres migrantes\"}]},{\"@type\":\"WebSite\",\"@id\":\"https:\\\/\\\/www.bbmnoticias.com\\\/labravaradiofm\\\/#website\",\"url\":\"https:\\\/\\\/www.bbmnoticias.com\\\/labravaradiofm\\\/\",\"name\":\"LA BRAVA RADIO\",\"description\":\"Empresa productora de medios, Radiodifusi\u00f3n, Noticias, tendencias y todo lo que necesitas saber de la pol\u00edtica mexicana e internacional; entretenimiento, espect\u00e1culos, salud y mucho m\u00e1s.\",\"potentialAction\":[{\"@type\":\"SearchAction\",\"target\":{\"@type\":\"EntryPoint\",\"urlTemplate\":\"https:\\\/\\\/www.bbmnoticias.com\\\/labravaradiofm\\\/?s={search_term_string}\"},\"query-input\":{\"@type\":\"PropertyValueSpecification\",\"valueRequired\":true,\"valueName\":\"search_term_string\"}}],\"inLanguage\":\"es\"},{\"@type\":\"Person\",\"@id\":\"https:\\\/\\\/www.bbmnoticias.com\\\/labravaradiofm\\\/#\\\/schema\\\/person\\\/baf240d77a345f5fbc3dc146f9161af9\",\"name\":\"SDPnoticias\",\"image\":{\"@type\":\"ImageObject\",\"inLanguage\":\"es\",\"@id\":\"https:\\\/\\\/secure.gravatar.com\\\/avatar\\\/015ede9175a06d999d8b2b09e108b48c9e008e4ee44a647956086b51bbce326c?s=96&d=mm&r=g\",\"url\":\"https:\\\/\\\/secure.gravatar.com\\\/avatar\\\/015ede9175a06d999d8b2b09e108b48c9e008e4ee44a647956086b51bbce326c?s=96&d=mm&r=g\",\"contentUrl\":\"https:\\\/\\\/secure.gravatar.com\\\/avatar\\\/015ede9175a06d999d8b2b09e108b48c9e008e4ee44a647956086b51bbce326c?s=96&d=mm&r=g\",\"caption\":\"SDPnoticias\"},\"url\":\"https:\\\/\\\/www.bbmnoticias.com\\\/labravaradiofm\\\/author\\\/sdpnoticias\\\/\"}]}<\/script>\n<!-- \/ Yoast SEO plugin. -->","yoast_head_json":{"title":"Ra\u00fal Bola\u00f1os Cacho solicita al INAMI acciones contra la violencia hacia mujeres migrantes - LA BRAVA RADIO","robots":{"index":"index","follow":"follow","max-snippet":"max-snippet:-1","max-image-preview":"max-image-preview:large","max-video-preview":"max-video-preview:-1"},"canonical":"https:\/\/www.bbmnoticias.com\/labravaradiofm\/2022\/01\/10\/raul-bolanos-cacho-solicita-al-inami-acciones-contra-la-violencia-hacia-mujeres-migrantes\/","og_locale":"es_MX","og_type":"article","og_title":"Ra\u00fal Bola\u00f1os Cacho solicita al INAMI acciones contra la violencia hacia mujeres migrantes - LA BRAVA RADIO","og_description":"El senador del Partido Verde Ecologista de M\u00e9xico (PVEM), Ra\u00fal Bola\u00f1os Cacho Cu\u00e9, pidi\u00f3 al Instituto Nacional de Migraci\u00f3n (INAMI) que implemente acciones contra la violencia que viven las mujeres migrantes. En el marco de la Comisi\u00f3n Permanente, el senador por Oaxaca se\u00f1al\u00f3 que se deben proteger a las mujeres migrantes mexicanas en el extranjero [&hellip;]","og_url":"https:\/\/www.bbmnoticias.com\/labravaradiofm\/2022\/01\/10\/raul-bolanos-cacho-solicita-al-inami-acciones-contra-la-violencia-hacia-mujeres-migrantes\/","og_site_name":"LA BRAVA RADIO","article_published_time":"2022-01-11T00:08:47+00:00","article_modified_time":"2022-01-11T00:08:48+00:00","og_image":[{"width":640,"height":360,"url":"https:\/\/www.bbmnoticias.com\/labravaradiofm\/wp-content\/uploads\/sites\/5\/2022\/01\/bolanos-cacho.jpg","type":"image\/jpeg"}],"author":"SDPnoticias","twitter_card":"summary_large_image","twitter_misc":{"Escrito por":"SDPnoticias","Tiempo de lectura":"2 minutos"},"schema":{"@context":"https:\/\/schema.org","@graph":[{"@type":"Article","@id":"https:\/\/www.bbmnoticias.com\/labravaradiofm\/2022\/01\/10\/raul-bolanos-cacho-solicita-al-inami-acciones-contra-la-violencia-hacia-mujeres-migrantes\/#article","isPartOf":{"@id":"https:\/\/www.bbmnoticias.com\/labravaradiofm\/2022\/01\/10\/raul-bolanos-cacho-solicita-al-inami-acciones-contra-la-violencia-hacia-mujeres-migrantes\/"},"author":{"name":"SDPnoticias","@id":"https:\/\/www.bbmnoticias.com\/labravaradiofm\/#\/schema\/person\/baf240d77a345f5fbc3dc146f9161af9"},"headline":"Ra\u00fal Bola\u00f1os Cacho solicita al INAMI acciones contra la violencia hacia mujeres migrantes","datePublished":"2022-01-11T00:08:47+00:00","dateModified":"2022-01-11T00:08:48+00:00","mainEntityOfPage":{"@id":"https:\/\/www.bbmnoticias.com\/labravaradiofm\/2022\/01\/10\/raul-bolanos-cacho-solicita-al-inami-acciones-contra-la-violencia-hacia-mujeres-migrantes\/"},"wordCount":457,"image":{"@id":"https:\/\/www.bbmnoticias.com\/labravaradiofm\/2022\/01\/10\/raul-bolanos-cacho-solicita-al-inami-acciones-contra-la-violencia-hacia-mujeres-migrantes\/#primaryimage"},"thumbnailUrl":"https:\/\/www.bbmnoticias.com\/labravaradiofm\/wp-content\/uploads\/sites\/5\/2022\/01\/bolanos-cacho.jpg","articleSection":["LOCAL"],"inLanguage":"es"},{"@type":"WebPage","@id":"https:\/\/www.bbmnoticias.com\/labravaradiofm\/2022\/01\/10\/raul-bolanos-cacho-solicita-al-inami-acciones-contra-la-violencia-hacia-mujeres-migrantes\/","url":"https:\/\/www.bbmnoticias.com\/labravaradiofm\/2022\/01\/10\/raul-bolanos-cacho-solicita-al-inami-acciones-contra-la-violencia-hacia-mujeres-migrantes\/","name":"Ra\u00fal Bola\u00f1os Cacho solicita al INAMI acciones contra la violencia hacia mujeres migrantes - LA BRAVA RADIO","isPartOf":{"@id":"https:\/\/www.bbmnoticias.com\/labravaradiofm\/#website"},"primaryImageOfPage":{"@id":"https:\/\/www.bbmnoticias.com\/labravaradiofm\/2022\/01\/10\/raul-bolanos-cacho-solicita-al-inami-acciones-contra-la-violencia-hacia-mujeres-migrantes\/#primaryimage"},"image":{"@id":"https:\/\/www.bbmnoticias.com\/labravaradiofm\/2022\/01\/10\/raul-bolanos-cacho-solicita-al-inami-acciones-contra-la-violencia-hacia-mujeres-migrantes\/#primaryimage"},"thumbnailUrl":"https:\/\/www.bbmnoticias.com\/labravaradiofm\/wp-content\/uploads\/sites\/5\/2022\/01\/bolanos-cacho.jpg","datePublished":"2022-01-11T00:08:47+00:00","dateModified":"2022-01-11T00:08:48+00:00","author":{"@id":"https:\/\/www.bbmnoticias.com\/labravaradiofm\/#\/schema\/person\/baf240d77a345f5fbc3dc146f9161af9"},"breadcrumb":{"@id":"https:\/\/www.bbmnoticias.com\/labravaradiofm\/2022\/01\/10\/raul-bolanos-cacho-solicita-al-inami-acciones-contra-la-violencia-hacia-mujeres-migrantes\/#breadcrumb"},"inLanguage":"es","potentialAction":[{"@type":"ReadAction","target":["https:\/\/www.bbmnoticias.com\/labravaradiofm\/2022\/01\/10\/raul-bolanos-cacho-solicita-al-inami-acciones-contra-la-violencia-hacia-mujeres-migrantes\/"]}]},{"@type":"ImageObject","inLanguage":"es","@id":"https:\/\/www.bbmnoticias.com\/labravaradiofm\/2022\/01\/10\/raul-bolanos-cacho-solicita-al-inami-acciones-contra-la-violencia-hacia-mujeres-migrantes\/#primaryimage","url":"https:\/\/www.bbmnoticias.com\/labravaradiofm\/wp-content\/uploads\/sites\/5\/2022\/01\/bolanos-cacho.jpg","contentUrl":"https:\/\/www.bbmnoticias.com\/labravaradiofm\/wp-content\/uploads\/sites\/5\/2022\/01\/bolanos-cacho.jpg","width":640,"height":360},{"@type":"BreadcrumbList","@id":"https:\/\/www.bbmnoticias.com\/labravaradiofm\/2022\/01\/10\/raul-bolanos-cacho-solicita-al-inami-acciones-contra-la-violencia-hacia-mujeres-migrantes\/#breadcrumb","itemListElement":[{"@type":"ListItem","position":1,"name":"Inicio","item":"https:\/\/www.bbmnoticias.com\/labravaradiofm\/"},{"@type":"ListItem","position":2,"name":"Ra\u00fal Bola\u00f1os Cacho solicita al INAMI acciones contra la violencia hacia mujeres migrantes"}]},{"@type":"WebSite","@id":"https:\/\/www.bbmnoticias.com\/labravaradiofm\/#website","url":"https:\/\/www.bbmnoticias.com\/labravaradiofm\/","name":"LA BRAVA RADIO","description":"Empresa productora de medios, Radiodifusi\u00f3n, Noticias, tendencias y todo lo que necesitas saber de la pol\u00edtica mexicana e internacional; entretenimiento, espect\u00e1culos, salud y mucho m\u00e1s.","potentialAction":[{"@type":"SearchAction","target":{"@type":"EntryPoint","urlTemplate":"https:\/\/www.bbmnoticias.com\/labravaradiofm\/?s={search_term_string}"},"query-input":{"@type":"PropertyValueSpecification","valueRequired":true,"valueName":"search_term_string"}}],"inLanguage":"es"},{"@type":"Person","@id":"https:\/\/www.bbmnoticias.com\/labravaradiofm\/#\/schema\/person\/baf240d77a345f5fbc3dc146f9161af9","name":"SDPnoticias","image":{"@type":"ImageObject","inLanguage":"es","@id":"https:\/\/secure.gravatar.com\/avatar\/015ede9175a06d999d8b2b09e108b48c9e008e4ee44a647956086b51bbce326c?s=96&d=mm&r=g","url":"https:\/\/secure.gravatar.com\/avatar\/015ede9175a06d999d8b2b09e108b48c9e008e4ee44a647956086b51bbce326c?s=96&d=mm&r=g","contentUrl":"https:\/\/secure.gravatar.com\/avatar\/015ede9175a06d999d8b2b09e108b48c9e008e4ee44a647956086b51bbce326c?s=96&d=mm&r=g","caption":"SDPnoticias"},"url":"https:\/\/www.bbmnoticias.com\/labravaradiofm\/author\/sdpnoticias\/"}]}},"_links":{"self":[{"href":"https:\/\/www.bbmnoticias.com\/labravaradiofm\/wp-json\/wp\/v2\/posts\/8346","targetHints":{"allow":["GET"]}}],"collection":[{"href":"https:\/\/www.bbmnoticias.com\/labravaradiofm\/wp-json\/wp\/v2\/posts"}],"about":[{"href":"https:\/\/www.bbmnoticias.com\/labravaradiofm\/wp-json\/wp\/v2\/types\/post"}],"author":[{"embeddable":true,"href":"https:\/\/www.bbmnoticias.com\/labravaradiofm\/wp-json\/wp\/v2\/users\/12"}],"replies":[{"embeddable":true,"href":"https:\/\/www.bbmnoticias.com\/labravaradiofm\/wp-json\/wp\/v2\/comments?post=8346"}],"version-history":[{"count":0,"href":"https:\/\/www.bbmnoticias.com\/labravaradiofm\/wp-json\/wp\/v2\/posts\/8346\/revisions"}],"wp:featuredmedia":[{"embeddable":true,"href":"https:\/\/www.bbmnoticias.com\/labravaradiofm\/wp-json\/wp\/v2\/media\/8347"}],"wp:attachment":[{"href":"https:\/\/www.bbmnoticias.com\/labravaradiofm\/wp-json\/wp\/v2\/media?parent=8346"}],"wp:term":[{"taxonomy":"category","embeddable":true,"href":"https:\/\/www.bbmnoticias.com\/labravaradiofm\/wp-json\/wp\/v2\/categories?post=8346"},{"taxonomy":"post_tag","embeddable":true,"href":"https:\/\/www.bbmnoticias.com\/labravaradiofm\/wp-json\/wp\/v2\/tags?post=8346"}],"curies":[{"name":"wp","href":"https:\/\/api.w.org\/{rel}","templated":true}]}}