{"id":8340,"date":"2022-01-10T18:00:00","date_gmt":"2022-01-11T00:00:00","guid":{"rendered":"https:\/\/www.bbmnoticias.com\/labravaradiofm\/?p=8340"},"modified":"2022-01-10T18:00:02","modified_gmt":"2022-01-11T00:00:02","slug":"piden-los-sso-endurecer-las-medidas-preventivas-ante-el-incremento-de-omicron","status":"publish","type":"post","link":"https:\/\/www.bbmnoticias.com\/labravaradiofm\/2022\/01\/10\/piden-los-sso-endurecer-las-medidas-preventivas-ante-el-incremento-de-omicron\/","title":{"rendered":"Piden los SSO endurecer las medidas preventivas ante el incremento de \u00d3micron"},"content":{"rendered":"<div style=\"margin-top: 0px; margin-bottom: 0px;\" class=\"sharethis-inline-share-buttons\" ><\/div>\n<p><strong>Oaxaca de Ju\u00e1rez, Oax. 10 de enero de 2022.- <\/strong>Con el creciente aumento de casos de COVID-19 en la entidad, principalmente por la variante \u00d3micron que circula a una velocidad m\u00e1s r\u00e1pida que las anteriores conocidas, los Servicios de Salud de Oaxaca (SSO), recomiendan extremar precauciones para evitar contagios desmedidos.<\/p>\n\n\n\n<p>Por lo que la instituci\u00f3n sugiere evitar aglomeraciones, al estar en contacto con personas que no vivan en el mismo hogar usar cubrebocas de forma correcta \u2013cubrir desde el puente de la nariz hasta debajo del ment\u00f3n, no tocarlo con las manos sucias-, lavar las manos con agua y jab\u00f3n con frecuencia, mantener la sana distancia y no acudir a lugares cerrados donde no exista circulaci\u00f3n de aire fresco del exterior.<\/p>\n\n\n\n<p>Seg\u00fan la evidencia cient\u00edfica esta nueva mutaci\u00f3n del coronavirus es menos letal, pero es altamente transmisible, sin embargo, los protocolos sanitarios deben endurecerse en la poblaci\u00f3n en general, puesto que las personas que ya tienen el esquema completo de la vacuna contra el SARS-CoV-2, as\u00ed como las que se contagiaron y se recuperaron, pueden infectarse o reinfectarse seg\u00fan sea la situaci\u00f3n.<\/p>\n\n\n\n<p>En caso de presentar cualquier s\u00edntoma que parezca resfriado o gripa, las personas deben quedarse en casa y evitar cualquier contacto con otros individuos, monitorearse desde el hogar con su m\u00e9dico de confianza, y en caso de presentar un incremento de los signos acudir a la Unidad M\u00e9dica m\u00e1s cercana.<\/p>\n\n\n\n<p>La dependencia se\u00f1ala que espec\u00edficamente en el caso de \u00d3micron las se\u00f1ales de contagio particularmente est\u00e1n asociadas a: escurrimiento nasal, estornudos, fatiga, as\u00ed como dolor de cabeza, en espalda baja y garganta, adem\u00e1s de sudoraci\u00f3n nocturna y p\u00e9rdida del apetito.<\/p>\n\n\n\n<p>En menores de edad se deben considerar, adem\u00e1s: temperatura alta, tos persistente, perdida y cambio en el olfato o el gusto, fatiga, dolor de cabeza, merma del apetito y sarpullido en la piel.<\/p>\n\n\n\n<p>Esta instituci\u00f3n reitera la importancia de no bajar la guardia con las medidas sanitarias pertinentes para detener la propagaci\u00f3n del virus en sus 16 variantes que circulan en el territorio oaxaque\u00f1o, por lo que el llamado contin\u00faa siendo aplicarse la vacuna y el refuerzo cuando corresponda al grupo de edad.<\/p>\n\n\n\n<p>Asimismo, se exhorta a quienes den positivo al SARS-CoV-2 proporcionar sus datos a las instituciones p\u00fablicas-los cuales est\u00e1n protegidos por la Ley Federal de Protecci\u00f3n de Datos Personales-, pero que son necesarios para el rastreo de contactos, como una estrategia para interrumpir las cadenas de transmisi\u00f3n y reducir la mortalidad asociada a la COVID-19.<\/p>\n\n\n\n<p>Esta dependencia explica que el rastreo de contactos se utiliza para localizar y proporcionar cuarentena con apoyo a las personas que han estado en contacto con individuos infectados por este Coronavirus y se puede utilizar para reconocer una fuente de infecci\u00f3n mediante la identificaci\u00f3n de entornos o eventos donde \u00e9sta pudo haber ocurrido, lo que permite adoptar medidas sociales y de salud p\u00fablica.<\/p>\n\n\n\n<p>La diferencia de este 2022 es que las muertes y hospitalizaciones no van a la misma velocidad que los contagios, ello gracias a la intensa jornada de inmunizaci\u00f3n que se lleva a cabo en la entidad. \u00a1T\u00fa responsabilidad, salva vidas!, enfatizaron los SSO.<\/p>\n","protected":false},"excerpt":{"rendered":"<p>Oaxaca de Ju\u00e1rez, Oax. 10 de enero de 2022.- Con el creciente aumento de casos de COVID-19 en la entidad, principalmente por la variante \u00d3micron que circula a una velocidad m\u00e1s r\u00e1pida que las anteriores conocidas, los Servicios de Salud de Oaxaca (SSO), recomiendan extremar precauciones para evitar contagios desmedidos. Por lo que la instituci\u00f3n [&hellip;]<\/p>\n","protected":false},"author":2,"featured_media":8341,"comment_status":"closed","ping_status":"closed","sticky":false,"template":"","format":"standard","meta":{"footnotes":""},"categories":[1],"tags":[],"class_list":{"0":"post-8340","1":"post","2":"type-post","3":"status-publish","4":"format-standard","5":"has-post-thumbnail","7":"category-sin-categoria"},"yoast_head":"<!-- This site is optimized with the Yoast SEO plugin v27.4 - https:\/\/yoast.com\/product\/yoast-seo-wordpress\/ -->\n<title>Piden los SSO endurecer las medidas preventivas ante el incremento de \u00d3micron - LA BRAVA RADIO<\/title>\n<meta name=\"robots\" content=\"index, follow, max-snippet:-1, max-image-preview:large, max-video-preview:-1\" \/>\n<link rel=\"canonical\" href=\"https:\/\/www.bbmnoticias.com\/labravaradiofm\/2022\/01\/10\/piden-los-sso-endurecer-las-medidas-preventivas-ante-el-incremento-de-omicron\/\" \/>\n<meta property=\"og:locale\" content=\"es_MX\" \/>\n<meta property=\"og:type\" content=\"article\" \/>\n<meta property=\"og:title\" content=\"Piden los SSO endurecer las medidas preventivas ante el incremento de \u00d3micron - LA BRAVA RADIO\" \/>\n<meta property=\"og:description\" content=\"Oaxaca de Ju\u00e1rez, Oax. 10 de enero de 2022.- Con el creciente aumento de casos de COVID-19 en la entidad, principalmente por la variante \u00d3micron que circula a una velocidad m\u00e1s r\u00e1pida que las anteriores conocidas, los Servicios de Salud de Oaxaca (SSO), recomiendan extremar precauciones para evitar contagios desmedidos. Por lo que la instituci\u00f3n [&hellip;]\" \/>\n<meta property=\"og:url\" content=\"https:\/\/www.bbmnoticias.com\/labravaradiofm\/2022\/01\/10\/piden-los-sso-endurecer-las-medidas-preventivas-ante-el-incremento-de-omicron\/\" \/>\n<meta property=\"og:site_name\" content=\"LA BRAVA RADIO\" \/>\n<meta property=\"article:published_time\" content=\"2022-01-11T00:00:00+00:00\" \/>\n<meta property=\"article:modified_time\" content=\"2022-01-11T00:00:02+00:00\" \/>\n<meta property=\"og:image\" content=\"https:\/\/www.bbmnoticias.com\/labravaradiofm\/wp-content\/uploads\/sites\/5\/2022\/01\/omicron-oaxaca.jpg\" \/>\n\t<meta property=\"og:image:width\" content=\"1280\" \/>\n\t<meta property=\"og:image:height\" content=\"854\" \/>\n\t<meta property=\"og:image:type\" content=\"image\/jpeg\" \/>\n<meta name=\"author\" content=\"Staff\" \/>\n<meta name=\"twitter:card\" content=\"summary_large_image\" \/>\n<meta name=\"twitter:label1\" content=\"Escrito por\" \/>\n\t<meta name=\"twitter:data1\" content=\"Staff\" \/>\n\t<meta name=\"twitter:label2\" content=\"Tiempo de lectura\" \/>\n\t<meta name=\"twitter:data2\" content=\"3 minutos\" \/>\n<script type=\"application\/ld+json\" class=\"yoast-schema-graph\">{\"@context\":\"https:\\\/\\\/schema.org\",\"@graph\":[{\"@type\":\"Article\",\"@id\":\"https:\\\/\\\/www.bbmnoticias.com\\\/labravaradiofm\\\/2022\\\/01\\\/10\\\/piden-los-sso-endurecer-las-medidas-preventivas-ante-el-incremento-de-omicron\\\/#article\",\"isPartOf\":{\"@id\":\"https:\\\/\\\/www.bbmnoticias.com\\\/labravaradiofm\\\/2022\\\/01\\\/10\\\/piden-los-sso-endurecer-las-medidas-preventivas-ante-el-incremento-de-omicron\\\/\"},\"author\":{\"name\":\"Staff\",\"@id\":\"https:\\\/\\\/www.bbmnoticias.com\\\/labravaradiofm\\\/#\\\/schema\\\/person\\\/68a9e9036ef3c5b55aeb2b71dc8bab45\"},\"headline\":\"Piden los SSO endurecer las medidas preventivas ante el incremento de \u00d3micron\",\"datePublished\":\"2022-01-11T00:00:00+00:00\",\"dateModified\":\"2022-01-11T00:00:02+00:00\",\"mainEntityOfPage\":{\"@id\":\"https:\\\/\\\/www.bbmnoticias.com\\\/labravaradiofm\\\/2022\\\/01\\\/10\\\/piden-los-sso-endurecer-las-medidas-preventivas-ante-el-incremento-de-omicron\\\/\"},\"wordCount\":561,\"image\":{\"@id\":\"https:\\\/\\\/www.bbmnoticias.com\\\/labravaradiofm\\\/2022\\\/01\\\/10\\\/piden-los-sso-endurecer-las-medidas-preventivas-ante-el-incremento-de-omicron\\\/#primaryimage\"},\"thumbnailUrl\":\"https:\\\/\\\/www.bbmnoticias.com\\\/labravaradiofm\\\/wp-content\\\/uploads\\\/sites\\\/5\\\/2022\\\/01\\\/omicron-oaxaca.jpg\",\"inLanguage\":\"es\"},{\"@type\":\"WebPage\",\"@id\":\"https:\\\/\\\/www.bbmnoticias.com\\\/labravaradiofm\\\/2022\\\/01\\\/10\\\/piden-los-sso-endurecer-las-medidas-preventivas-ante-el-incremento-de-omicron\\\/\",\"url\":\"https:\\\/\\\/www.bbmnoticias.com\\\/labravaradiofm\\\/2022\\\/01\\\/10\\\/piden-los-sso-endurecer-las-medidas-preventivas-ante-el-incremento-de-omicron\\\/\",\"name\":\"Piden los SSO endurecer las medidas preventivas ante el incremento de \u00d3micron - LA BRAVA RADIO\",\"isPartOf\":{\"@id\":\"https:\\\/\\\/www.bbmnoticias.com\\\/labravaradiofm\\\/#website\"},\"primaryImageOfPage\":{\"@id\":\"https:\\\/\\\/www.bbmnoticias.com\\\/labravaradiofm\\\/2022\\\/01\\\/10\\\/piden-los-sso-endurecer-las-medidas-preventivas-ante-el-incremento-de-omicron\\\/#primaryimage\"},\"image\":{\"@id\":\"https:\\\/\\\/www.bbmnoticias.com\\\/labravaradiofm\\\/2022\\\/01\\\/10\\\/piden-los-sso-endurecer-las-medidas-preventivas-ante-el-incremento-de-omicron\\\/#primaryimage\"},\"thumbnailUrl\":\"https:\\\/\\\/www.bbmnoticias.com\\\/labravaradiofm\\\/wp-content\\\/uploads\\\/sites\\\/5\\\/2022\\\/01\\\/omicron-oaxaca.jpg\",\"datePublished\":\"2022-01-11T00:00:00+00:00\",\"dateModified\":\"2022-01-11T00:00:02+00:00\",\"author\":{\"@id\":\"https:\\\/\\\/www.bbmnoticias.com\\\/labravaradiofm\\\/#\\\/schema\\\/person\\\/68a9e9036ef3c5b55aeb2b71dc8bab45\"},\"breadcrumb\":{\"@id\":\"https:\\\/\\\/www.bbmnoticias.com\\\/labravaradiofm\\\/2022\\\/01\\\/10\\\/piden-los-sso-endurecer-las-medidas-preventivas-ante-el-incremento-de-omicron\\\/#breadcrumb\"},\"inLanguage\":\"es\",\"potentialAction\":[{\"@type\":\"ReadAction\",\"target\":[\"https:\\\/\\\/www.bbmnoticias.com\\\/labravaradiofm\\\/2022\\\/01\\\/10\\\/piden-los-sso-endurecer-las-medidas-preventivas-ante-el-incremento-de-omicron\\\/\"]}]},{\"@type\":\"ImageObject\",\"inLanguage\":\"es\",\"@id\":\"https:\\\/\\\/www.bbmnoticias.com\\\/labravaradiofm\\\/2022\\\/01\\\/10\\\/piden-los-sso-endurecer-las-medidas-preventivas-ante-el-incremento-de-omicron\\\/#primaryimage\",\"url\":\"https:\\\/\\\/www.bbmnoticias.com\\\/labravaradiofm\\\/wp-content\\\/uploads\\\/sites\\\/5\\\/2022\\\/01\\\/omicron-oaxaca.jpg\",\"contentUrl\":\"https:\\\/\\\/www.bbmnoticias.com\\\/labravaradiofm\\\/wp-content\\\/uploads\\\/sites\\\/5\\\/2022\\\/01\\\/omicron-oaxaca.jpg\",\"width\":1280,\"height\":854},{\"@type\":\"BreadcrumbList\",\"@id\":\"https:\\\/\\\/www.bbmnoticias.com\\\/labravaradiofm\\\/2022\\\/01\\\/10\\\/piden-los-sso-endurecer-las-medidas-preventivas-ante-el-incremento-de-omicron\\\/#breadcrumb\",\"itemListElement\":[{\"@type\":\"ListItem\",\"position\":1,\"name\":\"Inicio\",\"item\":\"https:\\\/\\\/www.bbmnoticias.com\\\/labravaradiofm\\\/\"},{\"@type\":\"ListItem\",\"position\":2,\"name\":\"Piden los SSO endurecer las medidas preventivas ante el incremento de \u00d3micron\"}]},{\"@type\":\"WebSite\",\"@id\":\"https:\\\/\\\/www.bbmnoticias.com\\\/labravaradiofm\\\/#website\",\"url\":\"https:\\\/\\\/www.bbmnoticias.com\\\/labravaradiofm\\\/\",\"name\":\"LA BRAVA RADIO\",\"description\":\"Empresa productora de medios, Radiodifusi\u00f3n, Noticias, tendencias y todo lo que necesitas saber de la pol\u00edtica mexicana e internacional; entretenimiento, espect\u00e1culos, salud y mucho m\u00e1s.\",\"potentialAction\":[{\"@type\":\"SearchAction\",\"target\":{\"@type\":\"EntryPoint\",\"urlTemplate\":\"https:\\\/\\\/www.bbmnoticias.com\\\/labravaradiofm\\\/?s={search_term_string}\"},\"query-input\":{\"@type\":\"PropertyValueSpecification\",\"valueRequired\":true,\"valueName\":\"search_term_string\"}}],\"inLanguage\":\"es\"},{\"@type\":\"Person\",\"@id\":\"https:\\\/\\\/www.bbmnoticias.com\\\/labravaradiofm\\\/#\\\/schema\\\/person\\\/68a9e9036ef3c5b55aeb2b71dc8bab45\",\"name\":\"Staff\",\"image\":{\"@type\":\"ImageObject\",\"inLanguage\":\"es\",\"@id\":\"https:\\\/\\\/secure.gravatar.com\\\/avatar\\\/fdd21ad66fd8b98c407f9dee5b5e588cfe7f0d8579ec20fa6527cd59bab7f0f0?s=96&d=mm&r=g\",\"url\":\"https:\\\/\\\/secure.gravatar.com\\\/avatar\\\/fdd21ad66fd8b98c407f9dee5b5e588cfe7f0d8579ec20fa6527cd59bab7f0f0?s=96&d=mm&r=g\",\"contentUrl\":\"https:\\\/\\\/secure.gravatar.com\\\/avatar\\\/fdd21ad66fd8b98c407f9dee5b5e588cfe7f0d8579ec20fa6527cd59bab7f0f0?s=96&d=mm&r=g\",\"caption\":\"Staff\"},\"url\":\"https:\\\/\\\/www.bbmnoticias.com\\\/labravaradiofm\\\/author\\\/redaccion\\\/\"}]}<\/script>\n<!-- \/ Yoast SEO plugin. -->","yoast_head_json":{"title":"Piden los SSO endurecer las medidas preventivas ante el incremento de \u00d3micron - LA BRAVA RADIO","robots":{"index":"index","follow":"follow","max-snippet":"max-snippet:-1","max-image-preview":"max-image-preview:large","max-video-preview":"max-video-preview:-1"},"canonical":"https:\/\/www.bbmnoticias.com\/labravaradiofm\/2022\/01\/10\/piden-los-sso-endurecer-las-medidas-preventivas-ante-el-incremento-de-omicron\/","og_locale":"es_MX","og_type":"article","og_title":"Piden los SSO endurecer las medidas preventivas ante el incremento de \u00d3micron - LA BRAVA RADIO","og_description":"Oaxaca de Ju\u00e1rez, Oax. 10 de enero de 2022.- Con el creciente aumento de casos de COVID-19 en la entidad, principalmente por la variante \u00d3micron que circula a una velocidad m\u00e1s r\u00e1pida que las anteriores conocidas, los Servicios de Salud de Oaxaca (SSO), recomiendan extremar precauciones para evitar contagios desmedidos. Por lo que la instituci\u00f3n [&hellip;]","og_url":"https:\/\/www.bbmnoticias.com\/labravaradiofm\/2022\/01\/10\/piden-los-sso-endurecer-las-medidas-preventivas-ante-el-incremento-de-omicron\/","og_site_name":"LA BRAVA RADIO","article_published_time":"2022-01-11T00:00:00+00:00","article_modified_time":"2022-01-11T00:00:02+00:00","og_image":[{"width":1280,"height":854,"url":"https:\/\/www.bbmnoticias.com\/labravaradiofm\/wp-content\/uploads\/sites\/5\/2022\/01\/omicron-oaxaca.jpg","type":"image\/jpeg"}],"author":"Staff","twitter_card":"summary_large_image","twitter_misc":{"Escrito por":"Staff","Tiempo de lectura":"3 minutos"},"schema":{"@context":"https:\/\/schema.org","@graph":[{"@type":"Article","@id":"https:\/\/www.bbmnoticias.com\/labravaradiofm\/2022\/01\/10\/piden-los-sso-endurecer-las-medidas-preventivas-ante-el-incremento-de-omicron\/#article","isPartOf":{"@id":"https:\/\/www.bbmnoticias.com\/labravaradiofm\/2022\/01\/10\/piden-los-sso-endurecer-las-medidas-preventivas-ante-el-incremento-de-omicron\/"},"author":{"name":"Staff","@id":"https:\/\/www.bbmnoticias.com\/labravaradiofm\/#\/schema\/person\/68a9e9036ef3c5b55aeb2b71dc8bab45"},"headline":"Piden los SSO endurecer las medidas preventivas ante el incremento de \u00d3micron","datePublished":"2022-01-11T00:00:00+00:00","dateModified":"2022-01-11T00:00:02+00:00","mainEntityOfPage":{"@id":"https:\/\/www.bbmnoticias.com\/labravaradiofm\/2022\/01\/10\/piden-los-sso-endurecer-las-medidas-preventivas-ante-el-incremento-de-omicron\/"},"wordCount":561,"image":{"@id":"https:\/\/www.bbmnoticias.com\/labravaradiofm\/2022\/01\/10\/piden-los-sso-endurecer-las-medidas-preventivas-ante-el-incremento-de-omicron\/#primaryimage"},"thumbnailUrl":"https:\/\/www.bbmnoticias.com\/labravaradiofm\/wp-content\/uploads\/sites\/5\/2022\/01\/omicron-oaxaca.jpg","inLanguage":"es"},{"@type":"WebPage","@id":"https:\/\/www.bbmnoticias.com\/labravaradiofm\/2022\/01\/10\/piden-los-sso-endurecer-las-medidas-preventivas-ante-el-incremento-de-omicron\/","url":"https:\/\/www.bbmnoticias.com\/labravaradiofm\/2022\/01\/10\/piden-los-sso-endurecer-las-medidas-preventivas-ante-el-incremento-de-omicron\/","name":"Piden los SSO endurecer las medidas preventivas ante el incremento de \u00d3micron - LA BRAVA RADIO","isPartOf":{"@id":"https:\/\/www.bbmnoticias.com\/labravaradiofm\/#website"},"primaryImageOfPage":{"@id":"https:\/\/www.bbmnoticias.com\/labravaradiofm\/2022\/01\/10\/piden-los-sso-endurecer-las-medidas-preventivas-ante-el-incremento-de-omicron\/#primaryimage"},"image":{"@id":"https:\/\/www.bbmnoticias.com\/labravaradiofm\/2022\/01\/10\/piden-los-sso-endurecer-las-medidas-preventivas-ante-el-incremento-de-omicron\/#primaryimage"},"thumbnailUrl":"https:\/\/www.bbmnoticias.com\/labravaradiofm\/wp-content\/uploads\/sites\/5\/2022\/01\/omicron-oaxaca.jpg","datePublished":"2022-01-11T00:00:00+00:00","dateModified":"2022-01-11T00:00:02+00:00","author":{"@id":"https:\/\/www.bbmnoticias.com\/labravaradiofm\/#\/schema\/person\/68a9e9036ef3c5b55aeb2b71dc8bab45"},"breadcrumb":{"@id":"https:\/\/www.bbmnoticias.com\/labravaradiofm\/2022\/01\/10\/piden-los-sso-endurecer-las-medidas-preventivas-ante-el-incremento-de-omicron\/#breadcrumb"},"inLanguage":"es","potentialAction":[{"@type":"ReadAction","target":["https:\/\/www.bbmnoticias.com\/labravaradiofm\/2022\/01\/10\/piden-los-sso-endurecer-las-medidas-preventivas-ante-el-incremento-de-omicron\/"]}]},{"@type":"ImageObject","inLanguage":"es","@id":"https:\/\/www.bbmnoticias.com\/labravaradiofm\/2022\/01\/10\/piden-los-sso-endurecer-las-medidas-preventivas-ante-el-incremento-de-omicron\/#primaryimage","url":"https:\/\/www.bbmnoticias.com\/labravaradiofm\/wp-content\/uploads\/sites\/5\/2022\/01\/omicron-oaxaca.jpg","contentUrl":"https:\/\/www.bbmnoticias.com\/labravaradiofm\/wp-content\/uploads\/sites\/5\/2022\/01\/omicron-oaxaca.jpg","width":1280,"height":854},{"@type":"BreadcrumbList","@id":"https:\/\/www.bbmnoticias.com\/labravaradiofm\/2022\/01\/10\/piden-los-sso-endurecer-las-medidas-preventivas-ante-el-incremento-de-omicron\/#breadcrumb","itemListElement":[{"@type":"ListItem","position":1,"name":"Inicio","item":"https:\/\/www.bbmnoticias.com\/labravaradiofm\/"},{"@type":"ListItem","position":2,"name":"Piden los SSO endurecer las medidas preventivas ante el incremento de \u00d3micron"}]},{"@type":"WebSite","@id":"https:\/\/www.bbmnoticias.com\/labravaradiofm\/#website","url":"https:\/\/www.bbmnoticias.com\/labravaradiofm\/","name":"LA BRAVA RADIO","description":"Empresa productora de medios, Radiodifusi\u00f3n, Noticias, tendencias y todo lo que necesitas saber de la pol\u00edtica mexicana e internacional; entretenimiento, espect\u00e1culos, salud y mucho m\u00e1s.","potentialAction":[{"@type":"SearchAction","target":{"@type":"EntryPoint","urlTemplate":"https:\/\/www.bbmnoticias.com\/labravaradiofm\/?s={search_term_string}"},"query-input":{"@type":"PropertyValueSpecification","valueRequired":true,"valueName":"search_term_string"}}],"inLanguage":"es"},{"@type":"Person","@id":"https:\/\/www.bbmnoticias.com\/labravaradiofm\/#\/schema\/person\/68a9e9036ef3c5b55aeb2b71dc8bab45","name":"Staff","image":{"@type":"ImageObject","inLanguage":"es","@id":"https:\/\/secure.gravatar.com\/avatar\/fdd21ad66fd8b98c407f9dee5b5e588cfe7f0d8579ec20fa6527cd59bab7f0f0?s=96&d=mm&r=g","url":"https:\/\/secure.gravatar.com\/avatar\/fdd21ad66fd8b98c407f9dee5b5e588cfe7f0d8579ec20fa6527cd59bab7f0f0?s=96&d=mm&r=g","contentUrl":"https:\/\/secure.gravatar.com\/avatar\/fdd21ad66fd8b98c407f9dee5b5e588cfe7f0d8579ec20fa6527cd59bab7f0f0?s=96&d=mm&r=g","caption":"Staff"},"url":"https:\/\/www.bbmnoticias.com\/labravaradiofm\/author\/redaccion\/"}]}},"_links":{"self":[{"href":"https:\/\/www.bbmnoticias.com\/labravaradiofm\/wp-json\/wp\/v2\/posts\/8340","targetHints":{"allow":["GET"]}}],"collection":[{"href":"https:\/\/www.bbmnoticias.com\/labravaradiofm\/wp-json\/wp\/v2\/posts"}],"about":[{"href":"https:\/\/www.bbmnoticias.com\/labravaradiofm\/wp-json\/wp\/v2\/types\/post"}],"author":[{"embeddable":true,"href":"https:\/\/www.bbmnoticias.com\/labravaradiofm\/wp-json\/wp\/v2\/users\/2"}],"replies":[{"embeddable":true,"href":"https:\/\/www.bbmnoticias.com\/labravaradiofm\/wp-json\/wp\/v2\/comments?post=8340"}],"version-history":[{"count":0,"href":"https:\/\/www.bbmnoticias.com\/labravaradiofm\/wp-json\/wp\/v2\/posts\/8340\/revisions"}],"wp:featuredmedia":[{"embeddable":true,"href":"https:\/\/www.bbmnoticias.com\/labravaradiofm\/wp-json\/wp\/v2\/media\/8341"}],"wp:attachment":[{"href":"https:\/\/www.bbmnoticias.com\/labravaradiofm\/wp-json\/wp\/v2\/media?parent=8340"}],"wp:term":[{"taxonomy":"category","embeddable":true,"href":"https:\/\/www.bbmnoticias.com\/labravaradiofm\/wp-json\/wp\/v2\/categories?post=8340"},{"taxonomy":"post_tag","embeddable":true,"href":"https:\/\/www.bbmnoticias.com\/labravaradiofm\/wp-json\/wp\/v2\/tags?post=8340"}],"curies":[{"name":"wp","href":"https:\/\/api.w.org\/{rel}","templated":true}]}}