{"id":8326,"date":"2022-01-10T12:47:29","date_gmt":"2022-01-10T18:47:29","guid":{"rendered":"https:\/\/www.bbmnoticias.com\/labravaradiofm\/?p=8326"},"modified":"2022-01-10T12:47:30","modified_gmt":"2022-01-10T18:47:30","slug":"pfizer-promete-que-tendra-una-vacuna-contra-la-variante-omicron-en-marzo","status":"publish","type":"post","link":"https:\/\/www.bbmnoticias.com\/labravaradiofm\/2022\/01\/10\/pfizer-promete-que-tendra-una-vacuna-contra-la-variante-omicron-en-marzo\/","title":{"rendered":"Pfizer promete que tendr\u00e1 una vacuna contra la variante \u00d3micron en marzo"},"content":{"rendered":"<div style=\"margin-top: 0px; margin-bottom: 0px;\" class=\"sharethis-inline-share-buttons\" ><\/div>\n<p>La farmac\u00e9utica<strong> Pfizer <\/strong>asegur\u00f3 que su vacuna contra la variante de Covid-19<strong> \u00d3micron<\/strong> estar\u00e1 lista para marzo de 2022.<\/p>\n\n\n\n<p>De acuerdo con el consejero delegado de la farmac\u00e9utica, Albert Bourla, la vacuna adaptada para esta variante ya est\u00e1 en fabricaci\u00f3n y estar\u00e1 lista para su distribuci\u00f3n en marzo.<\/p>\n\n\n\n<figure class=\"wp-block-pullquote\"><blockquote><p>\u201cEsta vacuna estar\u00e1 lista en marzo. Ya (estamos) comenzando a fabricar algunas de estas dosis\u201d Albert Bourla, consejero delegado de Pfizer<\/p><\/blockquote><\/figure>\n\n\n\n<h2 class=\"wp-block-heading\"><strong>Pfizer: No est\u00e1 claro su se requiere vacuna especial para \u00d3micron<\/strong><\/h2>\n\n\n\n<p>El consejero de<strong> Pfizer <\/strong>reconoci\u00f3 que no se tiene claro si una vacuna especial para la variante de Covid-19 ,\u00d3micron, ser\u00e1 necesaria, pero igualmente pondr\u00e1n el producto a disposici\u00f3n de los pa\u00edses que la requieran lo antes posibles.<\/p>\n\n\n\n<p>Asimismo, dijo que la farmac\u00e9utica tiene la esperanza de lograr que se tenga una protecci\u00f3n mucho mejor.<\/p>\n\n\n\n<p>Adem\u00e1s, aclar\u00f3 que esta protecci\u00f3n extra que se busca otorgar con la vacuna modificada para <strong>\u00d3micron<\/strong> es para las infecciones.<\/p>\n\n\n\n<p>Esto debido a que la protecci\u00f3n que da su vacuna contra Covid-19 actual es razonable para evitar hospitalizaciones y enfermedad grave, siempre que se cuente con la dosis de refuerzo.<\/p>\n\n\n\n<figure class=\"wp-block-pullquote\"><blockquote><p>\u201cLa esperanza es que logremos algo que tenga una protecci\u00f3n mucho mejor, en particular contra las infecciones, porque la protecci\u00f3n contra hospitalizaciones y enfermedad grave ahora mismo es razonable con las vacunas actuales,Albert Bourla, consejero delegado de Pfizer<\/p><\/blockquote><\/figure>\n\n\n\n<p>Adem\u00e1s, explic\u00f3 que este nuevo f\u00e1rmaco busca brindar m\u00e1s protecci\u00f3n contra esta variante en particular pero seguir\u00e1 brindando protecci\u00f3n ante otras cepas.<\/p>\n\n\n\n<h2 class=\"wp-block-heading\"><strong>Moderna tambi\u00e9n prepara vacuna contra \u00d3micron<\/strong><\/h2>\n\n\n\n<p>La farmac\u00e9utica de <strong>Moderna<\/strong>tambi\u00e9n prepara su vacuna contra \u00d3micron, que estar\u00e1 disponible a partir del oto\u00f1o del 2022.<\/p>\n\n\n\n<p>Esta vacuna tambi\u00e9n fue dise\u00f1ada espec\u00edficamente para esta variante, de acuerdo con su consejero delegado, Stephane Bancel.<\/p>\n\n\n\n<p>Bancel dijo que est\u00e1n en conversaciones con diferentes autoridades sanitarias del mundo para decidir la mejor estrategia para administrar la dosis en el hemisferio norte.<\/p>\n\n\n\n<figure class=\"wp-block-pullquote\"><blockquote><p>\u201cHay discusiones a diario. Queremos estar listos con el mejor producto posible para el oto\u00f1o de 2022\u2033 Stephane Bancel, comisionado delegado de Morena<\/p><\/blockquote><\/figure>\n\n\n\n<p>Adem\u00e1s, la firma biotecnol\u00f3gica, sin embargo, ya ha cerrado acuerdos con pa\u00edses como el Reino Unido, Corea del Sur o Suiza por valor de unos 18.500 millones de d\u00f3lares.<\/p>\n\n\n\n<p>Bancel aclar\u00f3 que Moderna tiene capacidad para proveer entre 2 mil y 3 mil millones de dosis de refuerzo este a\u00f1o y asegur\u00f3 que las dificultades ya no est\u00e1n en el volumen de producci\u00f3n, sino m\u00e1s bien en la distribuci\u00f3n, especialmente en los pa\u00edses en v\u00edas de desarrollo.<\/p>\n","protected":false},"excerpt":{"rendered":"<p>La farmac\u00e9utica Pfizer asegur\u00f3 que su vacuna contra la variante de Covid-19 \u00d3micron estar\u00e1 lista para marzo de 2022. De acuerdo con el consejero delegado de la farmac\u00e9utica, Albert Bourla, la vacuna adaptada para esta variante ya est\u00e1 en fabricaci\u00f3n y estar\u00e1 lista para su distribuci\u00f3n en marzo. \u201cEsta vacuna estar\u00e1 lista en marzo. Ya [&hellip;]<\/p>\n","protected":false},"author":12,"featured_media":8329,"comment_status":"closed","ping_status":"closed","sticky":false,"template":"","format":"standard","meta":{"footnotes":""},"categories":[1],"tags":[],"class_list":{"0":"post-8326","1":"post","2":"type-post","3":"status-publish","4":"format-standard","5":"has-post-thumbnail","7":"category-sin-categoria"},"yoast_head":"<!-- This site is optimized with the Yoast SEO plugin v27.4 - https:\/\/yoast.com\/product\/yoast-seo-wordpress\/ -->\n<title>Pfizer promete que tendr\u00e1 una vacuna contra la variante \u00d3micron en marzo - LA BRAVA RADIO<\/title>\n<meta name=\"robots\" content=\"index, follow, max-snippet:-1, max-image-preview:large, max-video-preview:-1\" \/>\n<link rel=\"canonical\" href=\"https:\/\/www.bbmnoticias.com\/labravaradiofm\/2022\/01\/10\/pfizer-promete-que-tendra-una-vacuna-contra-la-variante-omicron-en-marzo\/\" \/>\n<meta property=\"og:locale\" content=\"es_MX\" \/>\n<meta property=\"og:type\" content=\"article\" \/>\n<meta property=\"og:title\" content=\"Pfizer promete que tendr\u00e1 una vacuna contra la variante \u00d3micron en marzo - LA BRAVA RADIO\" \/>\n<meta property=\"og:description\" content=\"La farmac\u00e9utica Pfizer asegur\u00f3 que su vacuna contra la variante de Covid-19 \u00d3micron estar\u00e1 lista para marzo de 2022. De acuerdo con el consejero delegado de la farmac\u00e9utica, Albert Bourla, la vacuna adaptada para esta variante ya est\u00e1 en fabricaci\u00f3n y estar\u00e1 lista para su distribuci\u00f3n en marzo. \u201cEsta vacuna estar\u00e1 lista en marzo. Ya [&hellip;]\" \/>\n<meta property=\"og:url\" content=\"https:\/\/www.bbmnoticias.com\/labravaradiofm\/2022\/01\/10\/pfizer-promete-que-tendra-una-vacuna-contra-la-variante-omicron-en-marzo\/\" \/>\n<meta property=\"og:site_name\" content=\"LA BRAVA RADIO\" \/>\n<meta property=\"article:published_time\" content=\"2022-01-10T18:47:29+00:00\" \/>\n<meta property=\"article:modified_time\" content=\"2022-01-10T18:47:30+00:00\" \/>\n<meta property=\"og:image\" content=\"https:\/\/www.bbmnoticias.com\/labravaradiofm\/wp-content\/uploads\/sites\/5\/2022\/01\/omicron-vacuna.jpg\" \/>\n\t<meta property=\"og:image:width\" content=\"640\" \/>\n\t<meta property=\"og:image:height\" content=\"360\" \/>\n\t<meta property=\"og:image:type\" content=\"image\/jpeg\" \/>\n<meta name=\"author\" content=\"SDPnoticias\" \/>\n<meta name=\"twitter:card\" content=\"summary_large_image\" \/>\n<meta name=\"twitter:label1\" content=\"Escrito por\" \/>\n\t<meta name=\"twitter:data1\" content=\"SDPnoticias\" \/>\n\t<meta name=\"twitter:label2\" content=\"Tiempo de lectura\" \/>\n\t<meta name=\"twitter:data2\" content=\"2 minutos\" \/>\n<script type=\"application\/ld+json\" class=\"yoast-schema-graph\">{\"@context\":\"https:\\\/\\\/schema.org\",\"@graph\":[{\"@type\":\"Article\",\"@id\":\"https:\\\/\\\/www.bbmnoticias.com\\\/labravaradiofm\\\/2022\\\/01\\\/10\\\/pfizer-promete-que-tendra-una-vacuna-contra-la-variante-omicron-en-marzo\\\/#article\",\"isPartOf\":{\"@id\":\"https:\\\/\\\/www.bbmnoticias.com\\\/labravaradiofm\\\/2022\\\/01\\\/10\\\/pfizer-promete-que-tendra-una-vacuna-contra-la-variante-omicron-en-marzo\\\/\"},\"author\":{\"name\":\"SDPnoticias\",\"@id\":\"https:\\\/\\\/www.bbmnoticias.com\\\/labravaradiofm\\\/#\\\/schema\\\/person\\\/baf240d77a345f5fbc3dc146f9161af9\"},\"headline\":\"Pfizer promete que tendr\u00e1 una vacuna contra la variante \u00d3micron en marzo\",\"datePublished\":\"2022-01-10T18:47:29+00:00\",\"dateModified\":\"2022-01-10T18:47:30+00:00\",\"mainEntityOfPage\":{\"@id\":\"https:\\\/\\\/www.bbmnoticias.com\\\/labravaradiofm\\\/2022\\\/01\\\/10\\\/pfizer-promete-que-tendra-una-vacuna-contra-la-variante-omicron-en-marzo\\\/\"},\"wordCount\":457,\"image\":{\"@id\":\"https:\\\/\\\/www.bbmnoticias.com\\\/labravaradiofm\\\/2022\\\/01\\\/10\\\/pfizer-promete-que-tendra-una-vacuna-contra-la-variante-omicron-en-marzo\\\/#primaryimage\"},\"thumbnailUrl\":\"https:\\\/\\\/www.bbmnoticias.com\\\/labravaradiofm\\\/wp-content\\\/uploads\\\/sites\\\/5\\\/2022\\\/01\\\/omicron-vacuna.jpg\",\"inLanguage\":\"es\"},{\"@type\":\"WebPage\",\"@id\":\"https:\\\/\\\/www.bbmnoticias.com\\\/labravaradiofm\\\/2022\\\/01\\\/10\\\/pfizer-promete-que-tendra-una-vacuna-contra-la-variante-omicron-en-marzo\\\/\",\"url\":\"https:\\\/\\\/www.bbmnoticias.com\\\/labravaradiofm\\\/2022\\\/01\\\/10\\\/pfizer-promete-que-tendra-una-vacuna-contra-la-variante-omicron-en-marzo\\\/\",\"name\":\"Pfizer promete que tendr\u00e1 una vacuna contra la variante \u00d3micron en marzo - LA BRAVA RADIO\",\"isPartOf\":{\"@id\":\"https:\\\/\\\/www.bbmnoticias.com\\\/labravaradiofm\\\/#website\"},\"primaryImageOfPage\":{\"@id\":\"https:\\\/\\\/www.bbmnoticias.com\\\/labravaradiofm\\\/2022\\\/01\\\/10\\\/pfizer-promete-que-tendra-una-vacuna-contra-la-variante-omicron-en-marzo\\\/#primaryimage\"},\"image\":{\"@id\":\"https:\\\/\\\/www.bbmnoticias.com\\\/labravaradiofm\\\/2022\\\/01\\\/10\\\/pfizer-promete-que-tendra-una-vacuna-contra-la-variante-omicron-en-marzo\\\/#primaryimage\"},\"thumbnailUrl\":\"https:\\\/\\\/www.bbmnoticias.com\\\/labravaradiofm\\\/wp-content\\\/uploads\\\/sites\\\/5\\\/2022\\\/01\\\/omicron-vacuna.jpg\",\"datePublished\":\"2022-01-10T18:47:29+00:00\",\"dateModified\":\"2022-01-10T18:47:30+00:00\",\"author\":{\"@id\":\"https:\\\/\\\/www.bbmnoticias.com\\\/labravaradiofm\\\/#\\\/schema\\\/person\\\/baf240d77a345f5fbc3dc146f9161af9\"},\"breadcrumb\":{\"@id\":\"https:\\\/\\\/www.bbmnoticias.com\\\/labravaradiofm\\\/2022\\\/01\\\/10\\\/pfizer-promete-que-tendra-una-vacuna-contra-la-variante-omicron-en-marzo\\\/#breadcrumb\"},\"inLanguage\":\"es\",\"potentialAction\":[{\"@type\":\"ReadAction\",\"target\":[\"https:\\\/\\\/www.bbmnoticias.com\\\/labravaradiofm\\\/2022\\\/01\\\/10\\\/pfizer-promete-que-tendra-una-vacuna-contra-la-variante-omicron-en-marzo\\\/\"]}]},{\"@type\":\"ImageObject\",\"inLanguage\":\"es\",\"@id\":\"https:\\\/\\\/www.bbmnoticias.com\\\/labravaradiofm\\\/2022\\\/01\\\/10\\\/pfizer-promete-que-tendra-una-vacuna-contra-la-variante-omicron-en-marzo\\\/#primaryimage\",\"url\":\"https:\\\/\\\/www.bbmnoticias.com\\\/labravaradiofm\\\/wp-content\\\/uploads\\\/sites\\\/5\\\/2022\\\/01\\\/omicron-vacuna.jpg\",\"contentUrl\":\"https:\\\/\\\/www.bbmnoticias.com\\\/labravaradiofm\\\/wp-content\\\/uploads\\\/sites\\\/5\\\/2022\\\/01\\\/omicron-vacuna.jpg\",\"width\":640,\"height\":360},{\"@type\":\"BreadcrumbList\",\"@id\":\"https:\\\/\\\/www.bbmnoticias.com\\\/labravaradiofm\\\/2022\\\/01\\\/10\\\/pfizer-promete-que-tendra-una-vacuna-contra-la-variante-omicron-en-marzo\\\/#breadcrumb\",\"itemListElement\":[{\"@type\":\"ListItem\",\"position\":1,\"name\":\"Inicio\",\"item\":\"https:\\\/\\\/www.bbmnoticias.com\\\/labravaradiofm\\\/\"},{\"@type\":\"ListItem\",\"position\":2,\"name\":\"Pfizer promete que tendr\u00e1 una vacuna contra la variante \u00d3micron en marzo\"}]},{\"@type\":\"WebSite\",\"@id\":\"https:\\\/\\\/www.bbmnoticias.com\\\/labravaradiofm\\\/#website\",\"url\":\"https:\\\/\\\/www.bbmnoticias.com\\\/labravaradiofm\\\/\",\"name\":\"LA BRAVA RADIO\",\"description\":\"Empresa productora de medios, Radiodifusi\u00f3n, Noticias, tendencias y todo lo que necesitas saber de la pol\u00edtica mexicana e internacional; entretenimiento, espect\u00e1culos, salud y mucho m\u00e1s.\",\"potentialAction\":[{\"@type\":\"SearchAction\",\"target\":{\"@type\":\"EntryPoint\",\"urlTemplate\":\"https:\\\/\\\/www.bbmnoticias.com\\\/labravaradiofm\\\/?s={search_term_string}\"},\"query-input\":{\"@type\":\"PropertyValueSpecification\",\"valueRequired\":true,\"valueName\":\"search_term_string\"}}],\"inLanguage\":\"es\"},{\"@type\":\"Person\",\"@id\":\"https:\\\/\\\/www.bbmnoticias.com\\\/labravaradiofm\\\/#\\\/schema\\\/person\\\/baf240d77a345f5fbc3dc146f9161af9\",\"name\":\"SDPnoticias\",\"image\":{\"@type\":\"ImageObject\",\"inLanguage\":\"es\",\"@id\":\"https:\\\/\\\/secure.gravatar.com\\\/avatar\\\/015ede9175a06d999d8b2b09e108b48c9e008e4ee44a647956086b51bbce326c?s=96&d=mm&r=g\",\"url\":\"https:\\\/\\\/secure.gravatar.com\\\/avatar\\\/015ede9175a06d999d8b2b09e108b48c9e008e4ee44a647956086b51bbce326c?s=96&d=mm&r=g\",\"contentUrl\":\"https:\\\/\\\/secure.gravatar.com\\\/avatar\\\/015ede9175a06d999d8b2b09e108b48c9e008e4ee44a647956086b51bbce326c?s=96&d=mm&r=g\",\"caption\":\"SDPnoticias\"},\"url\":\"https:\\\/\\\/www.bbmnoticias.com\\\/labravaradiofm\\\/author\\\/sdpnoticias\\\/\"}]}<\/script>\n<!-- \/ Yoast SEO plugin. -->","yoast_head_json":{"title":"Pfizer promete que tendr\u00e1 una vacuna contra la variante \u00d3micron en marzo - LA BRAVA RADIO","robots":{"index":"index","follow":"follow","max-snippet":"max-snippet:-1","max-image-preview":"max-image-preview:large","max-video-preview":"max-video-preview:-1"},"canonical":"https:\/\/www.bbmnoticias.com\/labravaradiofm\/2022\/01\/10\/pfizer-promete-que-tendra-una-vacuna-contra-la-variante-omicron-en-marzo\/","og_locale":"es_MX","og_type":"article","og_title":"Pfizer promete que tendr\u00e1 una vacuna contra la variante \u00d3micron en marzo - LA BRAVA RADIO","og_description":"La farmac\u00e9utica Pfizer asegur\u00f3 que su vacuna contra la variante de Covid-19 \u00d3micron estar\u00e1 lista para marzo de 2022. De acuerdo con el consejero delegado de la farmac\u00e9utica, Albert Bourla, la vacuna adaptada para esta variante ya est\u00e1 en fabricaci\u00f3n y estar\u00e1 lista para su distribuci\u00f3n en marzo. \u201cEsta vacuna estar\u00e1 lista en marzo. Ya [&hellip;]","og_url":"https:\/\/www.bbmnoticias.com\/labravaradiofm\/2022\/01\/10\/pfizer-promete-que-tendra-una-vacuna-contra-la-variante-omicron-en-marzo\/","og_site_name":"LA BRAVA RADIO","article_published_time":"2022-01-10T18:47:29+00:00","article_modified_time":"2022-01-10T18:47:30+00:00","og_image":[{"width":640,"height":360,"url":"https:\/\/www.bbmnoticias.com\/labravaradiofm\/wp-content\/uploads\/sites\/5\/2022\/01\/omicron-vacuna.jpg","type":"image\/jpeg"}],"author":"SDPnoticias","twitter_card":"summary_large_image","twitter_misc":{"Escrito por":"SDPnoticias","Tiempo de lectura":"2 minutos"},"schema":{"@context":"https:\/\/schema.org","@graph":[{"@type":"Article","@id":"https:\/\/www.bbmnoticias.com\/labravaradiofm\/2022\/01\/10\/pfizer-promete-que-tendra-una-vacuna-contra-la-variante-omicron-en-marzo\/#article","isPartOf":{"@id":"https:\/\/www.bbmnoticias.com\/labravaradiofm\/2022\/01\/10\/pfizer-promete-que-tendra-una-vacuna-contra-la-variante-omicron-en-marzo\/"},"author":{"name":"SDPnoticias","@id":"https:\/\/www.bbmnoticias.com\/labravaradiofm\/#\/schema\/person\/baf240d77a345f5fbc3dc146f9161af9"},"headline":"Pfizer promete que tendr\u00e1 una vacuna contra la variante \u00d3micron en marzo","datePublished":"2022-01-10T18:47:29+00:00","dateModified":"2022-01-10T18:47:30+00:00","mainEntityOfPage":{"@id":"https:\/\/www.bbmnoticias.com\/labravaradiofm\/2022\/01\/10\/pfizer-promete-que-tendra-una-vacuna-contra-la-variante-omicron-en-marzo\/"},"wordCount":457,"image":{"@id":"https:\/\/www.bbmnoticias.com\/labravaradiofm\/2022\/01\/10\/pfizer-promete-que-tendra-una-vacuna-contra-la-variante-omicron-en-marzo\/#primaryimage"},"thumbnailUrl":"https:\/\/www.bbmnoticias.com\/labravaradiofm\/wp-content\/uploads\/sites\/5\/2022\/01\/omicron-vacuna.jpg","inLanguage":"es"},{"@type":"WebPage","@id":"https:\/\/www.bbmnoticias.com\/labravaradiofm\/2022\/01\/10\/pfizer-promete-que-tendra-una-vacuna-contra-la-variante-omicron-en-marzo\/","url":"https:\/\/www.bbmnoticias.com\/labravaradiofm\/2022\/01\/10\/pfizer-promete-que-tendra-una-vacuna-contra-la-variante-omicron-en-marzo\/","name":"Pfizer promete que tendr\u00e1 una vacuna contra la variante \u00d3micron en marzo - LA BRAVA RADIO","isPartOf":{"@id":"https:\/\/www.bbmnoticias.com\/labravaradiofm\/#website"},"primaryImageOfPage":{"@id":"https:\/\/www.bbmnoticias.com\/labravaradiofm\/2022\/01\/10\/pfizer-promete-que-tendra-una-vacuna-contra-la-variante-omicron-en-marzo\/#primaryimage"},"image":{"@id":"https:\/\/www.bbmnoticias.com\/labravaradiofm\/2022\/01\/10\/pfizer-promete-que-tendra-una-vacuna-contra-la-variante-omicron-en-marzo\/#primaryimage"},"thumbnailUrl":"https:\/\/www.bbmnoticias.com\/labravaradiofm\/wp-content\/uploads\/sites\/5\/2022\/01\/omicron-vacuna.jpg","datePublished":"2022-01-10T18:47:29+00:00","dateModified":"2022-01-10T18:47:30+00:00","author":{"@id":"https:\/\/www.bbmnoticias.com\/labravaradiofm\/#\/schema\/person\/baf240d77a345f5fbc3dc146f9161af9"},"breadcrumb":{"@id":"https:\/\/www.bbmnoticias.com\/labravaradiofm\/2022\/01\/10\/pfizer-promete-que-tendra-una-vacuna-contra-la-variante-omicron-en-marzo\/#breadcrumb"},"inLanguage":"es","potentialAction":[{"@type":"ReadAction","target":["https:\/\/www.bbmnoticias.com\/labravaradiofm\/2022\/01\/10\/pfizer-promete-que-tendra-una-vacuna-contra-la-variante-omicron-en-marzo\/"]}]},{"@type":"ImageObject","inLanguage":"es","@id":"https:\/\/www.bbmnoticias.com\/labravaradiofm\/2022\/01\/10\/pfizer-promete-que-tendra-una-vacuna-contra-la-variante-omicron-en-marzo\/#primaryimage","url":"https:\/\/www.bbmnoticias.com\/labravaradiofm\/wp-content\/uploads\/sites\/5\/2022\/01\/omicron-vacuna.jpg","contentUrl":"https:\/\/www.bbmnoticias.com\/labravaradiofm\/wp-content\/uploads\/sites\/5\/2022\/01\/omicron-vacuna.jpg","width":640,"height":360},{"@type":"BreadcrumbList","@id":"https:\/\/www.bbmnoticias.com\/labravaradiofm\/2022\/01\/10\/pfizer-promete-que-tendra-una-vacuna-contra-la-variante-omicron-en-marzo\/#breadcrumb","itemListElement":[{"@type":"ListItem","position":1,"name":"Inicio","item":"https:\/\/www.bbmnoticias.com\/labravaradiofm\/"},{"@type":"ListItem","position":2,"name":"Pfizer promete que tendr\u00e1 una vacuna contra la variante \u00d3micron en marzo"}]},{"@type":"WebSite","@id":"https:\/\/www.bbmnoticias.com\/labravaradiofm\/#website","url":"https:\/\/www.bbmnoticias.com\/labravaradiofm\/","name":"LA BRAVA RADIO","description":"Empresa productora de medios, Radiodifusi\u00f3n, Noticias, tendencias y todo lo que necesitas saber de la pol\u00edtica mexicana e internacional; entretenimiento, espect\u00e1culos, salud y mucho m\u00e1s.","potentialAction":[{"@type":"SearchAction","target":{"@type":"EntryPoint","urlTemplate":"https:\/\/www.bbmnoticias.com\/labravaradiofm\/?s={search_term_string}"},"query-input":{"@type":"PropertyValueSpecification","valueRequired":true,"valueName":"search_term_string"}}],"inLanguage":"es"},{"@type":"Person","@id":"https:\/\/www.bbmnoticias.com\/labravaradiofm\/#\/schema\/person\/baf240d77a345f5fbc3dc146f9161af9","name":"SDPnoticias","image":{"@type":"ImageObject","inLanguage":"es","@id":"https:\/\/secure.gravatar.com\/avatar\/015ede9175a06d999d8b2b09e108b48c9e008e4ee44a647956086b51bbce326c?s=96&d=mm&r=g","url":"https:\/\/secure.gravatar.com\/avatar\/015ede9175a06d999d8b2b09e108b48c9e008e4ee44a647956086b51bbce326c?s=96&d=mm&r=g","contentUrl":"https:\/\/secure.gravatar.com\/avatar\/015ede9175a06d999d8b2b09e108b48c9e008e4ee44a647956086b51bbce326c?s=96&d=mm&r=g","caption":"SDPnoticias"},"url":"https:\/\/www.bbmnoticias.com\/labravaradiofm\/author\/sdpnoticias\/"}]}},"_links":{"self":[{"href":"https:\/\/www.bbmnoticias.com\/labravaradiofm\/wp-json\/wp\/v2\/posts\/8326","targetHints":{"allow":["GET"]}}],"collection":[{"href":"https:\/\/www.bbmnoticias.com\/labravaradiofm\/wp-json\/wp\/v2\/posts"}],"about":[{"href":"https:\/\/www.bbmnoticias.com\/labravaradiofm\/wp-json\/wp\/v2\/types\/post"}],"author":[{"embeddable":true,"href":"https:\/\/www.bbmnoticias.com\/labravaradiofm\/wp-json\/wp\/v2\/users\/12"}],"replies":[{"embeddable":true,"href":"https:\/\/www.bbmnoticias.com\/labravaradiofm\/wp-json\/wp\/v2\/comments?post=8326"}],"version-history":[{"count":0,"href":"https:\/\/www.bbmnoticias.com\/labravaradiofm\/wp-json\/wp\/v2\/posts\/8326\/revisions"}],"wp:featuredmedia":[{"embeddable":true,"href":"https:\/\/www.bbmnoticias.com\/labravaradiofm\/wp-json\/wp\/v2\/media\/8329"}],"wp:attachment":[{"href":"https:\/\/www.bbmnoticias.com\/labravaradiofm\/wp-json\/wp\/v2\/media?parent=8326"}],"wp:term":[{"taxonomy":"category","embeddable":true,"href":"https:\/\/www.bbmnoticias.com\/labravaradiofm\/wp-json\/wp\/v2\/categories?post=8326"},{"taxonomy":"post_tag","embeddable":true,"href":"https:\/\/www.bbmnoticias.com\/labravaradiofm\/wp-json\/wp\/v2\/tags?post=8326"}],"curies":[{"name":"wp","href":"https:\/\/api.w.org\/{rel}","templated":true}]}}