{"id":8325,"date":"2022-01-10T12:44:49","date_gmt":"2022-01-10T18:44:49","guid":{"rendered":"https:\/\/www.bbmnoticias.com\/labravaradiofm\/?p=8325"},"modified":"2022-01-10T12:44:54","modified_gmt":"2022-01-10T18:44:54","slug":"el-imss-pone-en-marcha-codigos-qr-para-detectar-covid-19","status":"publish","type":"post","link":"https:\/\/www.bbmnoticias.com\/labravaradiofm\/2022\/01\/10\/el-imss-pone-en-marcha-codigos-qr-para-detectar-covid-19\/","title":{"rendered":"El IMSS pone en marcha c\u00f3digos QR para detectar COVID-19"},"content":{"rendered":"<div style=\"margin-top: 0px; margin-bottom: 0px;\" class=\"sharethis-inline-share-buttons\" ><\/div>\n<p>El Instituto Mexicano del Seguro Social (IMSS) anunci\u00f3 este domingo que pondr\u00e1 en operaci\u00f3n un c\u00f3digo QR que permitir\u00e1 a las personas que acudan a los M\u00f3dulos de Atenci\u00f3n Respiratoria (MARSS), responder a un cuestionario que facilitar\u00e1 su diagn\u00f3stico m\u00e9dico. A trav\u00e9s de un comunicado, H\u00e9ctor Ra\u00fal Vargas S\u00e1nchez, titular de la Divisi\u00f3n de Medicina Familiar del IMSS, explic\u00f3 que la implementaci\u00f3n de este c\u00f3digo QR servir\u00e1 para que los pacientes reciban orientaci\u00f3n de una forma r\u00e1pida si tiene s\u00edntomas sugestivos de COVID-19.<\/p>\n\n\n\n<p>Vargas S\u00e1nchez inform\u00f3 que esta estrategia se aplicar\u00e1 en los 3,049 MARSS ubicados en Unidades de Medicina Familiar (UMF) y en caso de que las personas no cuenten con un dispositivo para utilizar el c\u00f3digo QR el m\u00e9dico del filtro identificar\u00e1 los s\u00edntomas. Seg\u00fan explic\u00f3, a la entrada de los M\u00f3dulos las personas encontrar\u00e1n una manta con el c\u00f3digo QR, el cual deber\u00e1n escanear con sus tel\u00e9fonos m\u00f3viles para responder un cuestionario b\u00e1sico sobre los s\u00edntomas e identificar inmediatamente si tienen datos de esta enfermedad. Subray\u00f3 que el QR en los MARSS fortalecer\u00e1 la atenci\u00f3n de las personas que acuden para descartar si tienen s\u00edntomas de la enfermedad que ocasiona el virus SARS-CoV-2; una vez contestado el cuestionario el m\u00e9dico orientar\u00e1 sobre la sintomatolog\u00eda, y en su caso, enviar\u00e1 a toma de prueba r\u00e1pida.<\/p>\n\n\n\n<p>En caso de presentar s\u00edntomas de coronavirus, se realizar\u00e1 una prueba r\u00e1pida: si resulta negativo, la persona podr\u00e1 retirarse a su domicilio; si el resultado es positivo, un m\u00e9dico dar\u00e1 su valoraci\u00f3n para determinar si debe cursar su enfermedad en casa (de manera ambulatoria) u hospitalaria. Para el caso de los pacientes ambulatorios, se har\u00e1 entrega de un kit con medicamentos \u00fanicamente a personas con factores de riesgo y enfermedades cr\u00f3nico-degenerativas para contrarrestar la fiebre y el malestar, cubrebocas, un tr\u00edptico sobre los cuidados que debe tener en casa, y un ox\u00edmetro para monitorear regularmente la oxigenaci\u00f3n. Adem\u00e1s, se les dar\u00e1 seguimiento telef\u00f3nico por parte de su m\u00e9dico familiar. Para el caso de pacientes con sintomatolog\u00eda grave, se les referir\u00e1 a un hospital del Seguro Social para que ser atendidos a la brevedad, expuso Vargas S\u00e1nchez. \u201cEs importante acudir a los M\u00f3dulos de Atenci\u00f3n Respiratoria para identificar los datos de COVID e identificar si la persona tiene precisamente esta enfermedad. Es muy importante identificar los s\u00edntomas, las personas deben de estar atentas si presentan de una forma s\u00fabita en los \u00faltimos siete d\u00edas fiebre, dolor de cabeza intenso, tos, dolor en el pecho, falta de aire, dolor en las articulaciones intenso, escalofr\u00edos intensos, dolor de cuerpo, de m\u00fasculos\u201d, indic\u00f3. La intervenci\u00f3n de los MARSS durante la pandemia ha sido clave para romper cadenas de contagio en las olas que se han presentado en el pa\u00eds, en donde se han realizado 11.5 millones de consultas de enfermedades respiratorias y de los cuales 1.2 millones han sido para dar seguimiento a casos. El doctor H\u00e9ctor Vargas subray\u00f3 que estos espacios ayudar\u00e1n a incrementar la atenci\u00f3n y se contempla dar apertura en breve en las Representaciones del IMSS en Ciudad de M\u00e9xico Norte y Sur, y en Estado de M\u00e9xico Oriente y Poniente. \u201cA pesar de que el Instituto est\u00e1 preparado, a pesar de que tenemos los M\u00f3dulos de Atenci\u00f3n Respiratoria, no podemos bajar la guardia, debemos seguir con el uso del cubrebocas, lavarnos las manos, tener sana distancia y vacunarnos porque eso es lo que nos va a ayudar a prevenir\u201d, subray\u00f3. \u201cLo m\u00e1s importante ahorita es prevenir estos contagios y si tienen s\u00edntomas acudan a sus Unidades de Medicina Familiar a los M\u00f3dulos de Atenci\u00f3n Respiratoria\u201d, reiter\u00f3. En caso de s\u00edntomas de COVID-19, sobre todo en personas mayores con enfermedades cr\u00f3nico-degenerativas, deben acudir lo antes posible a sus unidades m\u00e9dicas o los MARSS para ser valorados por un m\u00e9dico especialista y determinar si deben cursar su enfermedad de manera ambulatoria u hospitalaria. Para el caso de la poblaci\u00f3n que presente sintomatolog\u00eda leve como tos, fiebre, dolor de cabeza o garganta, se recomienda que se a\u00edslen en sus casas y redoblen la medidas de sanidad: uso correcto del cubrebocas, higiene de manos, tosido o estornudo de etiqueta, evitar tocar ojos, nariz y boca, sana distancia, monitoreen sus signos vitales y reduzcan la movilidad para romper cadenas de contagio. Para mayor informaci\u00f3n, la poblaci\u00f3n puede localizar su MARSS m\u00e1s cercano a trav\u00e9s de la p\u00e1gina <a href=\"http:\/\/www.imss.gob.mx\/marss\" target=\"_blank\" rel=\"noreferrer noopener\">www.imss.gob.mx\/marss<\/a> y orientaci\u00f3n m\u00e9dica telef\u00f3nica a trav\u00e9s del 01 800 2222 668.<\/p>\n\n\n\n<p><\/p>\n\n\n\n<p>expansion.mx<\/p>\n","protected":false},"excerpt":{"rendered":"<p>El Instituto Mexicano del Seguro Social (IMSS) anunci\u00f3 este domingo que pondr\u00e1 en operaci\u00f3n un c\u00f3digo QR que permitir\u00e1 a las personas que acudan a los M\u00f3dulos de Atenci\u00f3n Respiratoria (MARSS), responder a un cuestionario que facilitar\u00e1 su diagn\u00f3stico m\u00e9dico. A trav\u00e9s de un comunicado, H\u00e9ctor Ra\u00fal Vargas S\u00e1nchez, titular de la Divisi\u00f3n de Medicina [&hellip;]<\/p>\n","protected":false},"author":4,"featured_media":8327,"comment_status":"closed","ping_status":"closed","sticky":false,"template":"","format":"standard","meta":{"footnotes":""},"categories":[19],"tags":[],"class_list":{"0":"post-8325","1":"post","2":"type-post","3":"status-publish","4":"format-standard","5":"has-post-thumbnail","7":"category-nacional"},"yoast_head":"<!-- This site is optimized with the Yoast SEO plugin v27.4 - https:\/\/yoast.com\/product\/yoast-seo-wordpress\/ -->\n<title>El IMSS pone en marcha c\u00f3digos QR para detectar COVID-19 - LA BRAVA RADIO<\/title>\n<meta name=\"robots\" content=\"index, follow, max-snippet:-1, max-image-preview:large, max-video-preview:-1\" \/>\n<link rel=\"canonical\" href=\"https:\/\/www.bbmnoticias.com\/labravaradiofm\/2022\/01\/10\/el-imss-pone-en-marcha-codigos-qr-para-detectar-covid-19\/\" \/>\n<meta property=\"og:locale\" content=\"es_MX\" \/>\n<meta property=\"og:type\" content=\"article\" \/>\n<meta property=\"og:title\" content=\"El IMSS pone en marcha c\u00f3digos QR para detectar COVID-19 - LA BRAVA RADIO\" \/>\n<meta property=\"og:description\" content=\"El Instituto Mexicano del Seguro Social (IMSS) anunci\u00f3 este domingo que pondr\u00e1 en operaci\u00f3n un c\u00f3digo QR que permitir\u00e1 a las personas que acudan a los M\u00f3dulos de Atenci\u00f3n Respiratoria (MARSS), responder a un cuestionario que facilitar\u00e1 su diagn\u00f3stico m\u00e9dico. A trav\u00e9s de un comunicado, H\u00e9ctor Ra\u00fal Vargas S\u00e1nchez, titular de la Divisi\u00f3n de Medicina [&hellip;]\" \/>\n<meta property=\"og:url\" content=\"https:\/\/www.bbmnoticias.com\/labravaradiofm\/2022\/01\/10\/el-imss-pone-en-marcha-codigos-qr-para-detectar-covid-19\/\" \/>\n<meta property=\"og:site_name\" content=\"LA BRAVA RADIO\" \/>\n<meta property=\"article:published_time\" content=\"2022-01-10T18:44:49+00:00\" \/>\n<meta property=\"article:modified_time\" content=\"2022-01-10T18:44:54+00:00\" \/>\n<meta property=\"og:image\" content=\"https:\/\/www.bbmnoticias.com\/labravaradiofm\/wp-content\/uploads\/sites\/5\/2022\/01\/n10012022-1.jpg\" \/>\n\t<meta property=\"og:image:width\" content=\"799\" \/>\n\t<meta property=\"og:image:height\" content=\"500\" \/>\n\t<meta property=\"og:image:type\" content=\"image\/jpeg\" \/>\n<meta name=\"author\" content=\"Agencias\" \/>\n<meta name=\"twitter:card\" content=\"summary_large_image\" \/>\n<meta name=\"twitter:label1\" content=\"Escrito por\" \/>\n\t<meta name=\"twitter:data1\" content=\"Agencias\" \/>\n\t<meta name=\"twitter:label2\" content=\"Tiempo de lectura\" \/>\n\t<meta name=\"twitter:data2\" content=\"4 minutos\" \/>\n<script type=\"application\/ld+json\" class=\"yoast-schema-graph\">{\"@context\":\"https:\\\/\\\/schema.org\",\"@graph\":[{\"@type\":\"Article\",\"@id\":\"https:\\\/\\\/www.bbmnoticias.com\\\/labravaradiofm\\\/2022\\\/01\\\/10\\\/el-imss-pone-en-marcha-codigos-qr-para-detectar-covid-19\\\/#article\",\"isPartOf\":{\"@id\":\"https:\\\/\\\/www.bbmnoticias.com\\\/labravaradiofm\\\/2022\\\/01\\\/10\\\/el-imss-pone-en-marcha-codigos-qr-para-detectar-covid-19\\\/\"},\"author\":{\"name\":\"Agencias\",\"@id\":\"https:\\\/\\\/www.bbmnoticias.com\\\/labravaradiofm\\\/#\\\/schema\\\/person\\\/000bdaf0a8fb5bff0d537c4d0778e33f\"},\"headline\":\"El IMSS pone en marcha c\u00f3digos QR para detectar COVID-19\",\"datePublished\":\"2022-01-10T18:44:49+00:00\",\"dateModified\":\"2022-01-10T18:44:54+00:00\",\"mainEntityOfPage\":{\"@id\":\"https:\\\/\\\/www.bbmnoticias.com\\\/labravaradiofm\\\/2022\\\/01\\\/10\\\/el-imss-pone-en-marcha-codigos-qr-para-detectar-covid-19\\\/\"},\"wordCount\":824,\"image\":{\"@id\":\"https:\\\/\\\/www.bbmnoticias.com\\\/labravaradiofm\\\/2022\\\/01\\\/10\\\/el-imss-pone-en-marcha-codigos-qr-para-detectar-covid-19\\\/#primaryimage\"},\"thumbnailUrl\":\"https:\\\/\\\/www.bbmnoticias.com\\\/labravaradiofm\\\/wp-content\\\/uploads\\\/sites\\\/5\\\/2022\\\/01\\\/n10012022-1.jpg\",\"articleSection\":[\"NACIONAL\"],\"inLanguage\":\"es\"},{\"@type\":\"WebPage\",\"@id\":\"https:\\\/\\\/www.bbmnoticias.com\\\/labravaradiofm\\\/2022\\\/01\\\/10\\\/el-imss-pone-en-marcha-codigos-qr-para-detectar-covid-19\\\/\",\"url\":\"https:\\\/\\\/www.bbmnoticias.com\\\/labravaradiofm\\\/2022\\\/01\\\/10\\\/el-imss-pone-en-marcha-codigos-qr-para-detectar-covid-19\\\/\",\"name\":\"El IMSS pone en marcha c\u00f3digos QR para detectar COVID-19 - LA BRAVA RADIO\",\"isPartOf\":{\"@id\":\"https:\\\/\\\/www.bbmnoticias.com\\\/labravaradiofm\\\/#website\"},\"primaryImageOfPage\":{\"@id\":\"https:\\\/\\\/www.bbmnoticias.com\\\/labravaradiofm\\\/2022\\\/01\\\/10\\\/el-imss-pone-en-marcha-codigos-qr-para-detectar-covid-19\\\/#primaryimage\"},\"image\":{\"@id\":\"https:\\\/\\\/www.bbmnoticias.com\\\/labravaradiofm\\\/2022\\\/01\\\/10\\\/el-imss-pone-en-marcha-codigos-qr-para-detectar-covid-19\\\/#primaryimage\"},\"thumbnailUrl\":\"https:\\\/\\\/www.bbmnoticias.com\\\/labravaradiofm\\\/wp-content\\\/uploads\\\/sites\\\/5\\\/2022\\\/01\\\/n10012022-1.jpg\",\"datePublished\":\"2022-01-10T18:44:49+00:00\",\"dateModified\":\"2022-01-10T18:44:54+00:00\",\"author\":{\"@id\":\"https:\\\/\\\/www.bbmnoticias.com\\\/labravaradiofm\\\/#\\\/schema\\\/person\\\/000bdaf0a8fb5bff0d537c4d0778e33f\"},\"breadcrumb\":{\"@id\":\"https:\\\/\\\/www.bbmnoticias.com\\\/labravaradiofm\\\/2022\\\/01\\\/10\\\/el-imss-pone-en-marcha-codigos-qr-para-detectar-covid-19\\\/#breadcrumb\"},\"inLanguage\":\"es\",\"potentialAction\":[{\"@type\":\"ReadAction\",\"target\":[\"https:\\\/\\\/www.bbmnoticias.com\\\/labravaradiofm\\\/2022\\\/01\\\/10\\\/el-imss-pone-en-marcha-codigos-qr-para-detectar-covid-19\\\/\"]}]},{\"@type\":\"ImageObject\",\"inLanguage\":\"es\",\"@id\":\"https:\\\/\\\/www.bbmnoticias.com\\\/labravaradiofm\\\/2022\\\/01\\\/10\\\/el-imss-pone-en-marcha-codigos-qr-para-detectar-covid-19\\\/#primaryimage\",\"url\":\"https:\\\/\\\/www.bbmnoticias.com\\\/labravaradiofm\\\/wp-content\\\/uploads\\\/sites\\\/5\\\/2022\\\/01\\\/n10012022-1.jpg\",\"contentUrl\":\"https:\\\/\\\/www.bbmnoticias.com\\\/labravaradiofm\\\/wp-content\\\/uploads\\\/sites\\\/5\\\/2022\\\/01\\\/n10012022-1.jpg\",\"width\":799,\"height\":500},{\"@type\":\"BreadcrumbList\",\"@id\":\"https:\\\/\\\/www.bbmnoticias.com\\\/labravaradiofm\\\/2022\\\/01\\\/10\\\/el-imss-pone-en-marcha-codigos-qr-para-detectar-covid-19\\\/#breadcrumb\",\"itemListElement\":[{\"@type\":\"ListItem\",\"position\":1,\"name\":\"Inicio\",\"item\":\"https:\\\/\\\/www.bbmnoticias.com\\\/labravaradiofm\\\/\"},{\"@type\":\"ListItem\",\"position\":2,\"name\":\"El IMSS pone en marcha c\u00f3digos QR para detectar COVID-19\"}]},{\"@type\":\"WebSite\",\"@id\":\"https:\\\/\\\/www.bbmnoticias.com\\\/labravaradiofm\\\/#website\",\"url\":\"https:\\\/\\\/www.bbmnoticias.com\\\/labravaradiofm\\\/\",\"name\":\"LA BRAVA RADIO\",\"description\":\"Empresa productora de medios, Radiodifusi\u00f3n, Noticias, tendencias y todo lo que necesitas saber de la pol\u00edtica mexicana e internacional; entretenimiento, espect\u00e1culos, salud y mucho m\u00e1s.\",\"potentialAction\":[{\"@type\":\"SearchAction\",\"target\":{\"@type\":\"EntryPoint\",\"urlTemplate\":\"https:\\\/\\\/www.bbmnoticias.com\\\/labravaradiofm\\\/?s={search_term_string}\"},\"query-input\":{\"@type\":\"PropertyValueSpecification\",\"valueRequired\":true,\"valueName\":\"search_term_string\"}}],\"inLanguage\":\"es\"},{\"@type\":\"Person\",\"@id\":\"https:\\\/\\\/www.bbmnoticias.com\\\/labravaradiofm\\\/#\\\/schema\\\/person\\\/000bdaf0a8fb5bff0d537c4d0778e33f\",\"name\":\"Agencias\",\"image\":{\"@type\":\"ImageObject\",\"inLanguage\":\"es\",\"@id\":\"https:\\\/\\\/secure.gravatar.com\\\/avatar\\\/739e0b61adf9e398b425c36718c8752286da0e8cd90f20ce9a86678abc26aa0d?s=96&d=mm&r=g\",\"url\":\"https:\\\/\\\/secure.gravatar.com\\\/avatar\\\/739e0b61adf9e398b425c36718c8752286da0e8cd90f20ce9a86678abc26aa0d?s=96&d=mm&r=g\",\"contentUrl\":\"https:\\\/\\\/secure.gravatar.com\\\/avatar\\\/739e0b61adf9e398b425c36718c8752286da0e8cd90f20ce9a86678abc26aa0d?s=96&d=mm&r=g\",\"caption\":\"Agencias\"},\"url\":\"https:\\\/\\\/www.bbmnoticias.com\\\/labravaradiofm\\\/author\\\/agencias\\\/\"}]}<\/script>\n<!-- \/ Yoast SEO plugin. -->","yoast_head_json":{"title":"El IMSS pone en marcha c\u00f3digos QR para detectar COVID-19 - LA BRAVA RADIO","robots":{"index":"index","follow":"follow","max-snippet":"max-snippet:-1","max-image-preview":"max-image-preview:large","max-video-preview":"max-video-preview:-1"},"canonical":"https:\/\/www.bbmnoticias.com\/labravaradiofm\/2022\/01\/10\/el-imss-pone-en-marcha-codigos-qr-para-detectar-covid-19\/","og_locale":"es_MX","og_type":"article","og_title":"El IMSS pone en marcha c\u00f3digos QR para detectar COVID-19 - LA BRAVA RADIO","og_description":"El Instituto Mexicano del Seguro Social (IMSS) anunci\u00f3 este domingo que pondr\u00e1 en operaci\u00f3n un c\u00f3digo QR que permitir\u00e1 a las personas que acudan a los M\u00f3dulos de Atenci\u00f3n Respiratoria (MARSS), responder a un cuestionario que facilitar\u00e1 su diagn\u00f3stico m\u00e9dico. A trav\u00e9s de un comunicado, H\u00e9ctor Ra\u00fal Vargas S\u00e1nchez, titular de la Divisi\u00f3n de Medicina [&hellip;]","og_url":"https:\/\/www.bbmnoticias.com\/labravaradiofm\/2022\/01\/10\/el-imss-pone-en-marcha-codigos-qr-para-detectar-covid-19\/","og_site_name":"LA BRAVA RADIO","article_published_time":"2022-01-10T18:44:49+00:00","article_modified_time":"2022-01-10T18:44:54+00:00","og_image":[{"width":799,"height":500,"url":"https:\/\/www.bbmnoticias.com\/labravaradiofm\/wp-content\/uploads\/sites\/5\/2022\/01\/n10012022-1.jpg","type":"image\/jpeg"}],"author":"Agencias","twitter_card":"summary_large_image","twitter_misc":{"Escrito por":"Agencias","Tiempo de lectura":"4 minutos"},"schema":{"@context":"https:\/\/schema.org","@graph":[{"@type":"Article","@id":"https:\/\/www.bbmnoticias.com\/labravaradiofm\/2022\/01\/10\/el-imss-pone-en-marcha-codigos-qr-para-detectar-covid-19\/#article","isPartOf":{"@id":"https:\/\/www.bbmnoticias.com\/labravaradiofm\/2022\/01\/10\/el-imss-pone-en-marcha-codigos-qr-para-detectar-covid-19\/"},"author":{"name":"Agencias","@id":"https:\/\/www.bbmnoticias.com\/labravaradiofm\/#\/schema\/person\/000bdaf0a8fb5bff0d537c4d0778e33f"},"headline":"El IMSS pone en marcha c\u00f3digos QR para detectar COVID-19","datePublished":"2022-01-10T18:44:49+00:00","dateModified":"2022-01-10T18:44:54+00:00","mainEntityOfPage":{"@id":"https:\/\/www.bbmnoticias.com\/labravaradiofm\/2022\/01\/10\/el-imss-pone-en-marcha-codigos-qr-para-detectar-covid-19\/"},"wordCount":824,"image":{"@id":"https:\/\/www.bbmnoticias.com\/labravaradiofm\/2022\/01\/10\/el-imss-pone-en-marcha-codigos-qr-para-detectar-covid-19\/#primaryimage"},"thumbnailUrl":"https:\/\/www.bbmnoticias.com\/labravaradiofm\/wp-content\/uploads\/sites\/5\/2022\/01\/n10012022-1.jpg","articleSection":["NACIONAL"],"inLanguage":"es"},{"@type":"WebPage","@id":"https:\/\/www.bbmnoticias.com\/labravaradiofm\/2022\/01\/10\/el-imss-pone-en-marcha-codigos-qr-para-detectar-covid-19\/","url":"https:\/\/www.bbmnoticias.com\/labravaradiofm\/2022\/01\/10\/el-imss-pone-en-marcha-codigos-qr-para-detectar-covid-19\/","name":"El IMSS pone en marcha c\u00f3digos QR para detectar COVID-19 - LA BRAVA RADIO","isPartOf":{"@id":"https:\/\/www.bbmnoticias.com\/labravaradiofm\/#website"},"primaryImageOfPage":{"@id":"https:\/\/www.bbmnoticias.com\/labravaradiofm\/2022\/01\/10\/el-imss-pone-en-marcha-codigos-qr-para-detectar-covid-19\/#primaryimage"},"image":{"@id":"https:\/\/www.bbmnoticias.com\/labravaradiofm\/2022\/01\/10\/el-imss-pone-en-marcha-codigos-qr-para-detectar-covid-19\/#primaryimage"},"thumbnailUrl":"https:\/\/www.bbmnoticias.com\/labravaradiofm\/wp-content\/uploads\/sites\/5\/2022\/01\/n10012022-1.jpg","datePublished":"2022-01-10T18:44:49+00:00","dateModified":"2022-01-10T18:44:54+00:00","author":{"@id":"https:\/\/www.bbmnoticias.com\/labravaradiofm\/#\/schema\/person\/000bdaf0a8fb5bff0d537c4d0778e33f"},"breadcrumb":{"@id":"https:\/\/www.bbmnoticias.com\/labravaradiofm\/2022\/01\/10\/el-imss-pone-en-marcha-codigos-qr-para-detectar-covid-19\/#breadcrumb"},"inLanguage":"es","potentialAction":[{"@type":"ReadAction","target":["https:\/\/www.bbmnoticias.com\/labravaradiofm\/2022\/01\/10\/el-imss-pone-en-marcha-codigos-qr-para-detectar-covid-19\/"]}]},{"@type":"ImageObject","inLanguage":"es","@id":"https:\/\/www.bbmnoticias.com\/labravaradiofm\/2022\/01\/10\/el-imss-pone-en-marcha-codigos-qr-para-detectar-covid-19\/#primaryimage","url":"https:\/\/www.bbmnoticias.com\/labravaradiofm\/wp-content\/uploads\/sites\/5\/2022\/01\/n10012022-1.jpg","contentUrl":"https:\/\/www.bbmnoticias.com\/labravaradiofm\/wp-content\/uploads\/sites\/5\/2022\/01\/n10012022-1.jpg","width":799,"height":500},{"@type":"BreadcrumbList","@id":"https:\/\/www.bbmnoticias.com\/labravaradiofm\/2022\/01\/10\/el-imss-pone-en-marcha-codigos-qr-para-detectar-covid-19\/#breadcrumb","itemListElement":[{"@type":"ListItem","position":1,"name":"Inicio","item":"https:\/\/www.bbmnoticias.com\/labravaradiofm\/"},{"@type":"ListItem","position":2,"name":"El IMSS pone en marcha c\u00f3digos QR para detectar COVID-19"}]},{"@type":"WebSite","@id":"https:\/\/www.bbmnoticias.com\/labravaradiofm\/#website","url":"https:\/\/www.bbmnoticias.com\/labravaradiofm\/","name":"LA BRAVA RADIO","description":"Empresa productora de medios, Radiodifusi\u00f3n, Noticias, tendencias y todo lo que necesitas saber de la pol\u00edtica mexicana e internacional; entretenimiento, espect\u00e1culos, salud y mucho m\u00e1s.","potentialAction":[{"@type":"SearchAction","target":{"@type":"EntryPoint","urlTemplate":"https:\/\/www.bbmnoticias.com\/labravaradiofm\/?s={search_term_string}"},"query-input":{"@type":"PropertyValueSpecification","valueRequired":true,"valueName":"search_term_string"}}],"inLanguage":"es"},{"@type":"Person","@id":"https:\/\/www.bbmnoticias.com\/labravaradiofm\/#\/schema\/person\/000bdaf0a8fb5bff0d537c4d0778e33f","name":"Agencias","image":{"@type":"ImageObject","inLanguage":"es","@id":"https:\/\/secure.gravatar.com\/avatar\/739e0b61adf9e398b425c36718c8752286da0e8cd90f20ce9a86678abc26aa0d?s=96&d=mm&r=g","url":"https:\/\/secure.gravatar.com\/avatar\/739e0b61adf9e398b425c36718c8752286da0e8cd90f20ce9a86678abc26aa0d?s=96&d=mm&r=g","contentUrl":"https:\/\/secure.gravatar.com\/avatar\/739e0b61adf9e398b425c36718c8752286da0e8cd90f20ce9a86678abc26aa0d?s=96&d=mm&r=g","caption":"Agencias"},"url":"https:\/\/www.bbmnoticias.com\/labravaradiofm\/author\/agencias\/"}]}},"_links":{"self":[{"href":"https:\/\/www.bbmnoticias.com\/labravaradiofm\/wp-json\/wp\/v2\/posts\/8325","targetHints":{"allow":["GET"]}}],"collection":[{"href":"https:\/\/www.bbmnoticias.com\/labravaradiofm\/wp-json\/wp\/v2\/posts"}],"about":[{"href":"https:\/\/www.bbmnoticias.com\/labravaradiofm\/wp-json\/wp\/v2\/types\/post"}],"author":[{"embeddable":true,"href":"https:\/\/www.bbmnoticias.com\/labravaradiofm\/wp-json\/wp\/v2\/users\/4"}],"replies":[{"embeddable":true,"href":"https:\/\/www.bbmnoticias.com\/labravaradiofm\/wp-json\/wp\/v2\/comments?post=8325"}],"version-history":[{"count":0,"href":"https:\/\/www.bbmnoticias.com\/labravaradiofm\/wp-json\/wp\/v2\/posts\/8325\/revisions"}],"wp:featuredmedia":[{"embeddable":true,"href":"https:\/\/www.bbmnoticias.com\/labravaradiofm\/wp-json\/wp\/v2\/media\/8327"}],"wp:attachment":[{"href":"https:\/\/www.bbmnoticias.com\/labravaradiofm\/wp-json\/wp\/v2\/media?parent=8325"}],"wp:term":[{"taxonomy":"category","embeddable":true,"href":"https:\/\/www.bbmnoticias.com\/labravaradiofm\/wp-json\/wp\/v2\/categories?post=8325"},{"taxonomy":"post_tag","embeddable":true,"href":"https:\/\/www.bbmnoticias.com\/labravaradiofm\/wp-json\/wp\/v2\/tags?post=8325"}],"curies":[{"name":"wp","href":"https:\/\/api.w.org\/{rel}","templated":true}]}}