{"id":8318,"date":"2022-01-10T12:40:42","date_gmt":"2022-01-10T18:40:42","guid":{"rendered":"https:\/\/www.bbmnoticias.com\/labravaradiofm\/?p=8318"},"modified":"2022-01-10T12:41:14","modified_gmt":"2022-01-10T18:41:14","slug":"convoca-ioam-al-quinto-concurso-de-dibujo-y-pintura-infantil-mi-familia-migrante","status":"publish","type":"post","link":"https:\/\/www.bbmnoticias.com\/labravaradiofm\/2022\/01\/10\/convoca-ioam-al-quinto-concurso-de-dibujo-y-pintura-infantil-mi-familia-migrante\/","title":{"rendered":"Convoca IOAM al Quinto Concurso de Dibujo y Pintura Infantil: Mi Familia Migrante"},"content":{"rendered":"<div style=\"margin-top: 0px; margin-bottom: 0px;\" class=\"sharethis-inline-share-buttons\" ><\/div>\n<p>El Gobierno del Estado a trav\u00e9s del Instituto Oaxaque\u00f1o de Atenci\u00f3n al Migrante (IOAM), dio a conocer la convocatoria sobre el Quinto Concurso de Dibujo y Pintura Infantil: Mi Familia Migrante.&nbsp;<\/p>\n\n\n\n<p>La directora general del Instituto, Aida Ruiz Garc\u00eda, mencion\u00f3 que por indicaciones del gobernador Alejandro Murat Hinojosa, se lanza este concurso, el cual tiene como objetivo conocer c\u00f3mo es percibido el fen\u00f3meno de la migraci\u00f3n a trav\u00e9s de los ojos de la ni\u00f1ez oaxaque\u00f1a, debido a que, en los \u00faltimos a\u00f1os, son \u00e9stos quienes se han incorporado al flujo migratorio en busca de la reunificaci\u00f3n familiar.<\/p>\n\n\n\n<p>Asimismo, invit\u00f3 a la ni\u00f1ez oaxaque\u00f1a y en particular a quienes viven en los municipios de mayor expulsi\u00f3n de migrantes a participar con sus dibujos o pinturas bajo las siguientes bases:<\/p>\n\n\n\n<p>1.- Podr\u00e1n participar todos los ni\u00f1os y las ni\u00f1as habitantes de las comunidades migrantes del estado que tengan entre 6 y 12 a\u00f1os de edad, en dos categor\u00edas: Categor\u00eda \u201cA\u201d de 6 a 8 a\u00f1os cumplidos y Categor\u00eda \u201cB\u201d de 9 a 12 a\u00f1os cumplidos.<\/p>\n\n\n\n<p>2.- La t\u00e9cnica es libre.<\/p>\n\n\n\n<p>3.- El tema a desarrollar en cada trabajo es: \u201cMi Familia Migrante\u201d y los participantes estar\u00e1n en libertad de elegir subtemas relacionados al mismo.<\/p>\n\n\n\n<p>4.- En la parte de atr\u00e1s cada obra deber\u00e1 llevar el nombre del autor, t\u00edtulo del dibujo o pintura, t\u00e9cnica utilizada en su realizaci\u00f3n, el tama\u00f1o no debe de exceder de los 66 cent\u00edmetros (tama\u00f1o de una cartulina).<\/p>\n\n\n\n<p>5.- En sobre cerrado anexo a la obra los participantes deber\u00e1n especificar su nombre completo, edad, lugar y fecha de nacimiento, grado de estudios, direcci\u00f3n actual, tel\u00e9fono, as\u00ed como una breve explicaci\u00f3n de lo pintado o dibujado.&nbsp; (No concursar\u00e1n los dibujos que no traigan estos datos).<\/p>\n\n\n\n<p>6.- Los trabajos se recibir\u00e1n hasta el 30 de abril de 2022 en las oficinas del Instituto Oaxaque\u00f1o de Atenci\u00f3n al Migrante, ubicadas en Ciudad Administrativa \u201cBenem\u00e9rito de las Am\u00e9ricas\u201d Edificio 5 \u201cPorfirio D\u00edaz\u201d, Planta Baja, Tlalixtac de Cabrera, C.P. 68270.<\/p>\n\n\n\n<p>7.- Las obras podr\u00e1n enviarse por paqueter\u00eda o entregarse personalmente en las oficinas del IOAM. Si el dibujo o pintura es enviado por correo postal, se tomar\u00e1 como referencia la fecha marcada en el matasellos para su recepci\u00f3n.<\/p>\n\n\n\n<p>8.- El jurado calificador estar\u00e1 integrado por personas relacionadas con las artes pl\u00e1sticas y emitir\u00e1n su fallo el d\u00eda 20 de mayo del presente a\u00f1o.<\/p>\n\n\n\n<p>9.- A las y los que resulten ganadores se les har\u00e1 entrega de un obsequio y&nbsp;reconocimiento.<\/p>\n\n\n\n<p>10.- Los resultados ser\u00e1n dados a conocer a trav\u00e9s de los medios de comunicaci\u00f3n el d\u00eda 07 de junio de 2022 y los ganadores ser\u00e1n notificados inmediatamente de manera individual.<\/p>\n\n\n\n<p>11.- La ceremonia de premiaci\u00f3n se realizar\u00e1 cuando las condiciones sanitarias lo permitan.<\/p>\n\n\n\n<p>12.- Las obras ganadoras formar\u00e1n parte del acervo del Instituto Oaxaque\u00f1o de Atenci\u00f3n al Migrante y los autores deber\u00e1n ceder los derechos patrimoniales de su obra y la autorizaci\u00f3n en general para su divulgaci\u00f3n.<\/p>\n\n\n\n<p>13.- No podr\u00e1n participar en este concurso familiares de los trabajadores del Instituto Oaxaque\u00f1o de Atenci\u00f3n al Migrante, ni del jurado calificador.<\/p>\n\n\n\n<p>14.- Los aspectos no contemplados en la presente convocatoria ser\u00e1n resueltos por el jurado calificador y su fallo ser\u00e1 inapelable.<\/p>\n\n\n\n<p>Para mayores informes pueden consultar la p\u00e1gina <a href=\"https:\/\/www.oaxaca.gob.mx\/ioam\/\" target=\"_blank\" rel=\"noreferrer noopener\">https:\/\/www.oaxaca.gob.mx\/ioam\/<\/a><\/p>\n\n\n\n<figure id=\"LPContainer378543\" class=\"wp-block-table\"><table><tbody><tr><td><a target=\"_blank\" href=\"https:\/\/www.oaxaca.gob.mx\/ioam\/\" rel=\"noreferrer noopener\"><\/a><\/td><td><a target=\"_blank\" href=\"https:\/\/www.oaxaca.gob.mx\/ioam\/\" rel=\"noreferrer noopener\">Instituto Oaxaque\u00f1o de Atenci\u00f3n al Migrante<\/a>Anuncia IOAM, campa\u00f1a: Oaxaque\u00f1a y Oaxaque\u00f1o, \u00a1No te arriesgues! Firma IOAM e INJEO, convenio a favor de las y los j\u00f3venes migrantes oaxaque\u00f1os.www.oaxaca.gob.mx<\/td><\/tr><\/tbody><\/table><\/figure>\n\n\n\n<p>&nbsp;o las redes sociales del IOAM: Facebook: IOAM OAXACA Twitter: @IOAM_GobOax.<\/p>\n","protected":false},"excerpt":{"rendered":"<p>El Gobierno del Estado a trav\u00e9s del Instituto Oaxaque\u00f1o de Atenci\u00f3n al Migrante (IOAM), dio a conocer la convocatoria sobre el Quinto Concurso de Dibujo y Pintura Infantil: Mi Familia Migrante.&nbsp; La directora general del Instituto, Aida Ruiz Garc\u00eda, mencion\u00f3 que por indicaciones del gobernador Alejandro Murat Hinojosa, se lanza este concurso, el cual tiene [&hellip;]<\/p>\n","protected":false},"author":2,"featured_media":8322,"comment_status":"closed","ping_status":"closed","sticky":false,"template":"","format":"standard","meta":{"footnotes":""},"categories":[2],"tags":[],"class_list":{"0":"post-8318","1":"post","2":"type-post","3":"status-publish","4":"format-standard","5":"has-post-thumbnail","7":"category-oaxaca"},"yoast_head":"<!-- This site is optimized with the Yoast SEO plugin v27.4 - https:\/\/yoast.com\/product\/yoast-seo-wordpress\/ -->\n<title>Convoca IOAM al Quinto Concurso de Dibujo y Pintura Infantil: Mi Familia Migrante - LA BRAVA RADIO<\/title>\n<meta name=\"robots\" content=\"index, follow, max-snippet:-1, max-image-preview:large, max-video-preview:-1\" \/>\n<link rel=\"canonical\" href=\"https:\/\/www.bbmnoticias.com\/labravaradiofm\/2022\/01\/10\/convoca-ioam-al-quinto-concurso-de-dibujo-y-pintura-infantil-mi-familia-migrante\/\" \/>\n<meta property=\"og:locale\" content=\"es_MX\" \/>\n<meta property=\"og:type\" content=\"article\" \/>\n<meta property=\"og:title\" content=\"Convoca IOAM al Quinto Concurso de Dibujo y Pintura Infantil: Mi Familia Migrante - LA BRAVA RADIO\" \/>\n<meta property=\"og:description\" content=\"El Gobierno del Estado a trav\u00e9s del Instituto Oaxaque\u00f1o de Atenci\u00f3n al Migrante (IOAM), dio a conocer la convocatoria sobre el Quinto Concurso de Dibujo y Pintura Infantil: Mi Familia Migrante.&nbsp; La directora general del Instituto, Aida Ruiz Garc\u00eda, mencion\u00f3 que por indicaciones del gobernador Alejandro Murat Hinojosa, se lanza este concurso, el cual tiene [&hellip;]\" \/>\n<meta property=\"og:url\" content=\"https:\/\/www.bbmnoticias.com\/labravaradiofm\/2022\/01\/10\/convoca-ioam-al-quinto-concurso-de-dibujo-y-pintura-infantil-mi-familia-migrante\/\" \/>\n<meta property=\"og:site_name\" content=\"LA BRAVA RADIO\" \/>\n<meta property=\"article:published_time\" content=\"2022-01-10T18:40:42+00:00\" \/>\n<meta property=\"article:modified_time\" content=\"2022-01-10T18:41:14+00:00\" \/>\n<meta property=\"og:image\" content=\"https:\/\/www.bbmnoticias.com\/labravaradiofm\/wp-content\/uploads\/sites\/5\/2022\/01\/l10012022-1.jpg\" \/>\n\t<meta property=\"og:image:width\" content=\"828\" \/>\n\t<meta property=\"og:image:height\" content=\"1280\" \/>\n\t<meta property=\"og:image:type\" content=\"image\/jpeg\" \/>\n<meta name=\"author\" content=\"Staff\" \/>\n<meta name=\"twitter:card\" content=\"summary_large_image\" \/>\n<meta name=\"twitter:label1\" content=\"Escrito por\" \/>\n\t<meta name=\"twitter:data1\" content=\"Staff\" \/>\n\t<meta name=\"twitter:label2\" content=\"Tiempo de lectura\" \/>\n\t<meta name=\"twitter:data2\" content=\"3 minutos\" \/>\n<script type=\"application\/ld+json\" class=\"yoast-schema-graph\">{\"@context\":\"https:\\\/\\\/schema.org\",\"@graph\":[{\"@type\":\"Article\",\"@id\":\"https:\\\/\\\/www.bbmnoticias.com\\\/labravaradiofm\\\/2022\\\/01\\\/10\\\/convoca-ioam-al-quinto-concurso-de-dibujo-y-pintura-infantil-mi-familia-migrante\\\/#article\",\"isPartOf\":{\"@id\":\"https:\\\/\\\/www.bbmnoticias.com\\\/labravaradiofm\\\/2022\\\/01\\\/10\\\/convoca-ioam-al-quinto-concurso-de-dibujo-y-pintura-infantil-mi-familia-migrante\\\/\"},\"author\":{\"name\":\"Staff\",\"@id\":\"https:\\\/\\\/www.bbmnoticias.com\\\/labravaradiofm\\\/#\\\/schema\\\/person\\\/68a9e9036ef3c5b55aeb2b71dc8bab45\"},\"headline\":\"Convoca IOAM al Quinto Concurso de Dibujo y Pintura Infantil: Mi Familia Migrante\",\"datePublished\":\"2022-01-10T18:40:42+00:00\",\"dateModified\":\"2022-01-10T18:41:14+00:00\",\"mainEntityOfPage\":{\"@id\":\"https:\\\/\\\/www.bbmnoticias.com\\\/labravaradiofm\\\/2022\\\/01\\\/10\\\/convoca-ioam-al-quinto-concurso-de-dibujo-y-pintura-infantil-mi-familia-migrante\\\/\"},\"wordCount\":662,\"image\":{\"@id\":\"https:\\\/\\\/www.bbmnoticias.com\\\/labravaradiofm\\\/2022\\\/01\\\/10\\\/convoca-ioam-al-quinto-concurso-de-dibujo-y-pintura-infantil-mi-familia-migrante\\\/#primaryimage\"},\"thumbnailUrl\":\"https:\\\/\\\/www.bbmnoticias.com\\\/labravaradiofm\\\/wp-content\\\/uploads\\\/sites\\\/5\\\/2022\\\/01\\\/l10012022-1.jpg\",\"articleSection\":[\"LOCAL\"],\"inLanguage\":\"es\"},{\"@type\":\"WebPage\",\"@id\":\"https:\\\/\\\/www.bbmnoticias.com\\\/labravaradiofm\\\/2022\\\/01\\\/10\\\/convoca-ioam-al-quinto-concurso-de-dibujo-y-pintura-infantil-mi-familia-migrante\\\/\",\"url\":\"https:\\\/\\\/www.bbmnoticias.com\\\/labravaradiofm\\\/2022\\\/01\\\/10\\\/convoca-ioam-al-quinto-concurso-de-dibujo-y-pintura-infantil-mi-familia-migrante\\\/\",\"name\":\"Convoca IOAM al Quinto Concurso de Dibujo y Pintura Infantil: Mi Familia Migrante - LA BRAVA RADIO\",\"isPartOf\":{\"@id\":\"https:\\\/\\\/www.bbmnoticias.com\\\/labravaradiofm\\\/#website\"},\"primaryImageOfPage\":{\"@id\":\"https:\\\/\\\/www.bbmnoticias.com\\\/labravaradiofm\\\/2022\\\/01\\\/10\\\/convoca-ioam-al-quinto-concurso-de-dibujo-y-pintura-infantil-mi-familia-migrante\\\/#primaryimage\"},\"image\":{\"@id\":\"https:\\\/\\\/www.bbmnoticias.com\\\/labravaradiofm\\\/2022\\\/01\\\/10\\\/convoca-ioam-al-quinto-concurso-de-dibujo-y-pintura-infantil-mi-familia-migrante\\\/#primaryimage\"},\"thumbnailUrl\":\"https:\\\/\\\/www.bbmnoticias.com\\\/labravaradiofm\\\/wp-content\\\/uploads\\\/sites\\\/5\\\/2022\\\/01\\\/l10012022-1.jpg\",\"datePublished\":\"2022-01-10T18:40:42+00:00\",\"dateModified\":\"2022-01-10T18:41:14+00:00\",\"author\":{\"@id\":\"https:\\\/\\\/www.bbmnoticias.com\\\/labravaradiofm\\\/#\\\/schema\\\/person\\\/68a9e9036ef3c5b55aeb2b71dc8bab45\"},\"breadcrumb\":{\"@id\":\"https:\\\/\\\/www.bbmnoticias.com\\\/labravaradiofm\\\/2022\\\/01\\\/10\\\/convoca-ioam-al-quinto-concurso-de-dibujo-y-pintura-infantil-mi-familia-migrante\\\/#breadcrumb\"},\"inLanguage\":\"es\",\"potentialAction\":[{\"@type\":\"ReadAction\",\"target\":[\"https:\\\/\\\/www.bbmnoticias.com\\\/labravaradiofm\\\/2022\\\/01\\\/10\\\/convoca-ioam-al-quinto-concurso-de-dibujo-y-pintura-infantil-mi-familia-migrante\\\/\"]}]},{\"@type\":\"ImageObject\",\"inLanguage\":\"es\",\"@id\":\"https:\\\/\\\/www.bbmnoticias.com\\\/labravaradiofm\\\/2022\\\/01\\\/10\\\/convoca-ioam-al-quinto-concurso-de-dibujo-y-pintura-infantil-mi-familia-migrante\\\/#primaryimage\",\"url\":\"https:\\\/\\\/www.bbmnoticias.com\\\/labravaradiofm\\\/wp-content\\\/uploads\\\/sites\\\/5\\\/2022\\\/01\\\/l10012022-1.jpg\",\"contentUrl\":\"https:\\\/\\\/www.bbmnoticias.com\\\/labravaradiofm\\\/wp-content\\\/uploads\\\/sites\\\/5\\\/2022\\\/01\\\/l10012022-1.jpg\",\"width\":828,\"height\":1280},{\"@type\":\"BreadcrumbList\",\"@id\":\"https:\\\/\\\/www.bbmnoticias.com\\\/labravaradiofm\\\/2022\\\/01\\\/10\\\/convoca-ioam-al-quinto-concurso-de-dibujo-y-pintura-infantil-mi-familia-migrante\\\/#breadcrumb\",\"itemListElement\":[{\"@type\":\"ListItem\",\"position\":1,\"name\":\"Inicio\",\"item\":\"https:\\\/\\\/www.bbmnoticias.com\\\/labravaradiofm\\\/\"},{\"@type\":\"ListItem\",\"position\":2,\"name\":\"Convoca IOAM al Quinto Concurso de Dibujo y Pintura Infantil: Mi Familia Migrante\"}]},{\"@type\":\"WebSite\",\"@id\":\"https:\\\/\\\/www.bbmnoticias.com\\\/labravaradiofm\\\/#website\",\"url\":\"https:\\\/\\\/www.bbmnoticias.com\\\/labravaradiofm\\\/\",\"name\":\"LA BRAVA RADIO\",\"description\":\"Empresa productora de medios, Radiodifusi\u00f3n, Noticias, tendencias y todo lo que necesitas saber de la pol\u00edtica mexicana e internacional; entretenimiento, espect\u00e1culos, salud y mucho m\u00e1s.\",\"potentialAction\":[{\"@type\":\"SearchAction\",\"target\":{\"@type\":\"EntryPoint\",\"urlTemplate\":\"https:\\\/\\\/www.bbmnoticias.com\\\/labravaradiofm\\\/?s={search_term_string}\"},\"query-input\":{\"@type\":\"PropertyValueSpecification\",\"valueRequired\":true,\"valueName\":\"search_term_string\"}}],\"inLanguage\":\"es\"},{\"@type\":\"Person\",\"@id\":\"https:\\\/\\\/www.bbmnoticias.com\\\/labravaradiofm\\\/#\\\/schema\\\/person\\\/68a9e9036ef3c5b55aeb2b71dc8bab45\",\"name\":\"Staff\",\"image\":{\"@type\":\"ImageObject\",\"inLanguage\":\"es\",\"@id\":\"https:\\\/\\\/secure.gravatar.com\\\/avatar\\\/fdd21ad66fd8b98c407f9dee5b5e588cfe7f0d8579ec20fa6527cd59bab7f0f0?s=96&d=mm&r=g\",\"url\":\"https:\\\/\\\/secure.gravatar.com\\\/avatar\\\/fdd21ad66fd8b98c407f9dee5b5e588cfe7f0d8579ec20fa6527cd59bab7f0f0?s=96&d=mm&r=g\",\"contentUrl\":\"https:\\\/\\\/secure.gravatar.com\\\/avatar\\\/fdd21ad66fd8b98c407f9dee5b5e588cfe7f0d8579ec20fa6527cd59bab7f0f0?s=96&d=mm&r=g\",\"caption\":\"Staff\"},\"url\":\"https:\\\/\\\/www.bbmnoticias.com\\\/labravaradiofm\\\/author\\\/redaccion\\\/\"}]}<\/script>\n<!-- \/ Yoast SEO plugin. -->","yoast_head_json":{"title":"Convoca IOAM al Quinto Concurso de Dibujo y Pintura Infantil: Mi Familia Migrante - LA BRAVA RADIO","robots":{"index":"index","follow":"follow","max-snippet":"max-snippet:-1","max-image-preview":"max-image-preview:large","max-video-preview":"max-video-preview:-1"},"canonical":"https:\/\/www.bbmnoticias.com\/labravaradiofm\/2022\/01\/10\/convoca-ioam-al-quinto-concurso-de-dibujo-y-pintura-infantil-mi-familia-migrante\/","og_locale":"es_MX","og_type":"article","og_title":"Convoca IOAM al Quinto Concurso de Dibujo y Pintura Infantil: Mi Familia Migrante - LA BRAVA RADIO","og_description":"El Gobierno del Estado a trav\u00e9s del Instituto Oaxaque\u00f1o de Atenci\u00f3n al Migrante (IOAM), dio a conocer la convocatoria sobre el Quinto Concurso de Dibujo y Pintura Infantil: Mi Familia Migrante.&nbsp; La directora general del Instituto, Aida Ruiz Garc\u00eda, mencion\u00f3 que por indicaciones del gobernador Alejandro Murat Hinojosa, se lanza este concurso, el cual tiene [&hellip;]","og_url":"https:\/\/www.bbmnoticias.com\/labravaradiofm\/2022\/01\/10\/convoca-ioam-al-quinto-concurso-de-dibujo-y-pintura-infantil-mi-familia-migrante\/","og_site_name":"LA BRAVA RADIO","article_published_time":"2022-01-10T18:40:42+00:00","article_modified_time":"2022-01-10T18:41:14+00:00","og_image":[{"width":828,"height":1280,"url":"https:\/\/www.bbmnoticias.com\/labravaradiofm\/wp-content\/uploads\/sites\/5\/2022\/01\/l10012022-1.jpg","type":"image\/jpeg"}],"author":"Staff","twitter_card":"summary_large_image","twitter_misc":{"Escrito por":"Staff","Tiempo de lectura":"3 minutos"},"schema":{"@context":"https:\/\/schema.org","@graph":[{"@type":"Article","@id":"https:\/\/www.bbmnoticias.com\/labravaradiofm\/2022\/01\/10\/convoca-ioam-al-quinto-concurso-de-dibujo-y-pintura-infantil-mi-familia-migrante\/#article","isPartOf":{"@id":"https:\/\/www.bbmnoticias.com\/labravaradiofm\/2022\/01\/10\/convoca-ioam-al-quinto-concurso-de-dibujo-y-pintura-infantil-mi-familia-migrante\/"},"author":{"name":"Staff","@id":"https:\/\/www.bbmnoticias.com\/labravaradiofm\/#\/schema\/person\/68a9e9036ef3c5b55aeb2b71dc8bab45"},"headline":"Convoca IOAM al Quinto Concurso de Dibujo y Pintura Infantil: Mi Familia Migrante","datePublished":"2022-01-10T18:40:42+00:00","dateModified":"2022-01-10T18:41:14+00:00","mainEntityOfPage":{"@id":"https:\/\/www.bbmnoticias.com\/labravaradiofm\/2022\/01\/10\/convoca-ioam-al-quinto-concurso-de-dibujo-y-pintura-infantil-mi-familia-migrante\/"},"wordCount":662,"image":{"@id":"https:\/\/www.bbmnoticias.com\/labravaradiofm\/2022\/01\/10\/convoca-ioam-al-quinto-concurso-de-dibujo-y-pintura-infantil-mi-familia-migrante\/#primaryimage"},"thumbnailUrl":"https:\/\/www.bbmnoticias.com\/labravaradiofm\/wp-content\/uploads\/sites\/5\/2022\/01\/l10012022-1.jpg","articleSection":["LOCAL"],"inLanguage":"es"},{"@type":"WebPage","@id":"https:\/\/www.bbmnoticias.com\/labravaradiofm\/2022\/01\/10\/convoca-ioam-al-quinto-concurso-de-dibujo-y-pintura-infantil-mi-familia-migrante\/","url":"https:\/\/www.bbmnoticias.com\/labravaradiofm\/2022\/01\/10\/convoca-ioam-al-quinto-concurso-de-dibujo-y-pintura-infantil-mi-familia-migrante\/","name":"Convoca IOAM al Quinto Concurso de Dibujo y Pintura Infantil: Mi Familia Migrante - LA BRAVA RADIO","isPartOf":{"@id":"https:\/\/www.bbmnoticias.com\/labravaradiofm\/#website"},"primaryImageOfPage":{"@id":"https:\/\/www.bbmnoticias.com\/labravaradiofm\/2022\/01\/10\/convoca-ioam-al-quinto-concurso-de-dibujo-y-pintura-infantil-mi-familia-migrante\/#primaryimage"},"image":{"@id":"https:\/\/www.bbmnoticias.com\/labravaradiofm\/2022\/01\/10\/convoca-ioam-al-quinto-concurso-de-dibujo-y-pintura-infantil-mi-familia-migrante\/#primaryimage"},"thumbnailUrl":"https:\/\/www.bbmnoticias.com\/labravaradiofm\/wp-content\/uploads\/sites\/5\/2022\/01\/l10012022-1.jpg","datePublished":"2022-01-10T18:40:42+00:00","dateModified":"2022-01-10T18:41:14+00:00","author":{"@id":"https:\/\/www.bbmnoticias.com\/labravaradiofm\/#\/schema\/person\/68a9e9036ef3c5b55aeb2b71dc8bab45"},"breadcrumb":{"@id":"https:\/\/www.bbmnoticias.com\/labravaradiofm\/2022\/01\/10\/convoca-ioam-al-quinto-concurso-de-dibujo-y-pintura-infantil-mi-familia-migrante\/#breadcrumb"},"inLanguage":"es","potentialAction":[{"@type":"ReadAction","target":["https:\/\/www.bbmnoticias.com\/labravaradiofm\/2022\/01\/10\/convoca-ioam-al-quinto-concurso-de-dibujo-y-pintura-infantil-mi-familia-migrante\/"]}]},{"@type":"ImageObject","inLanguage":"es","@id":"https:\/\/www.bbmnoticias.com\/labravaradiofm\/2022\/01\/10\/convoca-ioam-al-quinto-concurso-de-dibujo-y-pintura-infantil-mi-familia-migrante\/#primaryimage","url":"https:\/\/www.bbmnoticias.com\/labravaradiofm\/wp-content\/uploads\/sites\/5\/2022\/01\/l10012022-1.jpg","contentUrl":"https:\/\/www.bbmnoticias.com\/labravaradiofm\/wp-content\/uploads\/sites\/5\/2022\/01\/l10012022-1.jpg","width":828,"height":1280},{"@type":"BreadcrumbList","@id":"https:\/\/www.bbmnoticias.com\/labravaradiofm\/2022\/01\/10\/convoca-ioam-al-quinto-concurso-de-dibujo-y-pintura-infantil-mi-familia-migrante\/#breadcrumb","itemListElement":[{"@type":"ListItem","position":1,"name":"Inicio","item":"https:\/\/www.bbmnoticias.com\/labravaradiofm\/"},{"@type":"ListItem","position":2,"name":"Convoca IOAM al Quinto Concurso de Dibujo y Pintura Infantil: Mi Familia Migrante"}]},{"@type":"WebSite","@id":"https:\/\/www.bbmnoticias.com\/labravaradiofm\/#website","url":"https:\/\/www.bbmnoticias.com\/labravaradiofm\/","name":"LA BRAVA RADIO","description":"Empresa productora de medios, Radiodifusi\u00f3n, Noticias, tendencias y todo lo que necesitas saber de la pol\u00edtica mexicana e internacional; entretenimiento, espect\u00e1culos, salud y mucho m\u00e1s.","potentialAction":[{"@type":"SearchAction","target":{"@type":"EntryPoint","urlTemplate":"https:\/\/www.bbmnoticias.com\/labravaradiofm\/?s={search_term_string}"},"query-input":{"@type":"PropertyValueSpecification","valueRequired":true,"valueName":"search_term_string"}}],"inLanguage":"es"},{"@type":"Person","@id":"https:\/\/www.bbmnoticias.com\/labravaradiofm\/#\/schema\/person\/68a9e9036ef3c5b55aeb2b71dc8bab45","name":"Staff","image":{"@type":"ImageObject","inLanguage":"es","@id":"https:\/\/secure.gravatar.com\/avatar\/fdd21ad66fd8b98c407f9dee5b5e588cfe7f0d8579ec20fa6527cd59bab7f0f0?s=96&d=mm&r=g","url":"https:\/\/secure.gravatar.com\/avatar\/fdd21ad66fd8b98c407f9dee5b5e588cfe7f0d8579ec20fa6527cd59bab7f0f0?s=96&d=mm&r=g","contentUrl":"https:\/\/secure.gravatar.com\/avatar\/fdd21ad66fd8b98c407f9dee5b5e588cfe7f0d8579ec20fa6527cd59bab7f0f0?s=96&d=mm&r=g","caption":"Staff"},"url":"https:\/\/www.bbmnoticias.com\/labravaradiofm\/author\/redaccion\/"}]}},"_links":{"self":[{"href":"https:\/\/www.bbmnoticias.com\/labravaradiofm\/wp-json\/wp\/v2\/posts\/8318","targetHints":{"allow":["GET"]}}],"collection":[{"href":"https:\/\/www.bbmnoticias.com\/labravaradiofm\/wp-json\/wp\/v2\/posts"}],"about":[{"href":"https:\/\/www.bbmnoticias.com\/labravaradiofm\/wp-json\/wp\/v2\/types\/post"}],"author":[{"embeddable":true,"href":"https:\/\/www.bbmnoticias.com\/labravaradiofm\/wp-json\/wp\/v2\/users\/2"}],"replies":[{"embeddable":true,"href":"https:\/\/www.bbmnoticias.com\/labravaradiofm\/wp-json\/wp\/v2\/comments?post=8318"}],"version-history":[{"count":0,"href":"https:\/\/www.bbmnoticias.com\/labravaradiofm\/wp-json\/wp\/v2\/posts\/8318\/revisions"}],"wp:featuredmedia":[{"embeddable":true,"href":"https:\/\/www.bbmnoticias.com\/labravaradiofm\/wp-json\/wp\/v2\/media\/8322"}],"wp:attachment":[{"href":"https:\/\/www.bbmnoticias.com\/labravaradiofm\/wp-json\/wp\/v2\/media?parent=8318"}],"wp:term":[{"taxonomy":"category","embeddable":true,"href":"https:\/\/www.bbmnoticias.com\/labravaradiofm\/wp-json\/wp\/v2\/categories?post=8318"},{"taxonomy":"post_tag","embeddable":true,"href":"https:\/\/www.bbmnoticias.com\/labravaradiofm\/wp-json\/wp\/v2\/tags?post=8318"}],"curies":[{"name":"wp","href":"https:\/\/api.w.org\/{rel}","templated":true}]}}