{"id":8305,"date":"2022-01-10T08:12:06","date_gmt":"2022-01-10T14:12:06","guid":{"rendered":"https:\/\/www.bbmnoticias.com\/labravaradiofm\/?p=8305"},"modified":"2022-01-10T08:12:08","modified_gmt":"2022-01-10T14:12:08","slug":"rinde-protesta-comite-directivo-de-la-barra-de-abogados-en-huautla","status":"publish","type":"post","link":"https:\/\/www.bbmnoticias.com\/labravaradiofm\/2022\/01\/10\/rinde-protesta-comite-directivo-de-la-barra-de-abogados-en-huautla\/","title":{"rendered":"Rinde protesta Comit\u00e9 Directivo de la Barra de Abogados en Huautla"},"content":{"rendered":"<div style=\"margin-top: 0px; margin-bottom: 0px;\" class=\"sharethis-inline-share-buttons\" ><\/div>\n<p><strong>Huautla de Jim\u00e9nez, Oax.-<\/strong> La Barra Oaxaque\u00f1a de Abogados y Pasantes de Derecho Independientes A. C., tom\u00f3 Protesta a la Delegaci\u00f3n Municipal de Huautla de Jim\u00e9nez, donde refrendaron el compromiso de trabajar a favor de la sociedad de los mazatecos y oaxaque\u00f1os.&nbsp;<\/p>\n\n\n\n<p>Durante la toma de Protesta, su Presidente Estatal, el Lic. Sa\u00fal Alberto \u00c1ngel Villarreal se\u00f1al\u00f3 que uno de los compromisos de la actual directiva es poner en alto el lema de esta organizaci\u00f3n: \u201cEl Abogado con la Sociedad hacia la Justicia\u201d, adem\u00e1s de seguir generando presencia en todo el estado con la encomienda de impulsar la unidad y solidaridad en el gremio.&nbsp;<\/p>\n\n\n\n<p>La maestra de ceremonia, la Pste. en Dcho. Karina Mat\u00edas Cruz, Subcoordinadora Estatal de Pasantes de Derecho, destac\u00f3 que el evento se llev\u00f3 a cabo de forma representativa con la finalidad de reforzar los actos de responsabilidad social derivados de la pandemia por Covid-19.&nbsp;<\/p>\n\n\n\n<p>En su mensaje de bienvenida el Prof. Vicente Cerqueda Estrada, en representaci\u00f3n del Presidente Municipal de Huautla de Jim\u00e9nez David Garc\u00eda Mart\u00ednez, pronunci\u00f3 el agradecimiento de la Barra de Abogados en la regi\u00f3n, reconociendo la gran labor a favor de la justicia y deseando mucho \u00e9xito a la nueva Directiva Municipal con sede en la Agencia Municipal de San Andr\u00e9s Hidalgo, siendo una de las agencias m\u00e1s importantes del municipio.&nbsp;<\/p>\n\n\n\n<p>Tambi\u00e9n se cont\u00f3 con la participaci\u00f3n de algunos miembros de la Delegaci\u00f3n Distrital y del Consejo Directivo Estatal, entre ellos: el Lic. Jos\u00e9 Luis Bernardo Aguirre, Tesorero Estatal; Lic. Samuel Reyes Merino, Subcoordinador Estatal de Conferencia y Orientaci\u00f3n Jur\u00eddica; Lic. Sa\u00fal Eduardo D\u00edaz Sanjuan, Secretario Estatal de Actas; de la Coordinaci\u00f3n Estatal de Comunicaci\u00f3n Social, Lic. Jorge Alberto Ram\u00edrez Mart\u00ednez, Subcoordinador Estatal; Pste. en Dcho. Isa\u00edas Anastacio Garc\u00eda L\u00f3pez, Social Media Manager.&nbsp;<\/p>\n\n\n\n<p>As\u00ed tambi\u00e9n acudieron por parte de la Coordinaci\u00f3n Estatal de Licenciadas en Derecho la Lic. Claudia Rosario D\u00edaz Cabrera, Coordinadora Estatal; Lic. M\u00f3nica L\u00f3pez Morales, Segunda Vocal; de la Coordinaci\u00f3n Estatal de Pasantes en Derecho Sector Femenil asisti\u00f3 la Pste. de Dcho. Leyanet Contreras Cruz, Coordinadora. De la Coordinaci\u00f3n Estatal de Pasantes en Derecho Sector Varonil, Pste. en Dcho. Manuel de Jes\u00fas Vicente Robles, Subcoordinador Estatal; Pste. en Dcho. Fabi\u00e1n S\u00e1nchez Moreno, Segundo Vocal.&nbsp;<\/p>\n\n\n\n<p>Adem\u00e1s, se cont\u00f3 con la presencia del integrante de la Comisi\u00f3n Estatal de Honor y Justicia el Lic. \u00d3scar Jim\u00e9nez Manjarrez, Primer Vocal. Por parte de la Coordinaci\u00f3n Estatal de Estudios Legislativos y Constitucionales el Pste. en Dcho. Luis Cardolfo Chagoya Su\u00e1rez, Segundo Vocal.&nbsp;<\/p>\n\n\n\n<p>De igual forma, de la Delegaci\u00f3n Distrital de Etla se cont\u00f3 con la representaci\u00f3n de la Lic. Grisel Garc\u00eda Jim\u00e9nez, Secretaria General; de la Delegaci\u00f3n Distrital de Zimatl\u00e1n de \u00c1lvarez, la Lic. Herlinda Gin\u00e9s Ram\u00edrez, Presidenta; as\u00ed como los asociados activos Lic. Jos\u00e9 Luis Bernardo Cort\u00e9s y la Lic. Elvia Rodr\u00edguez Garc\u00eda.&nbsp;<\/p>\n\n\n\n<p>Tambi\u00e9n se cont\u00f3 con la presencia de diversos invitados de honor de la Regi\u00f3n: Profa. Guillermina Idelfonso Hern\u00e1ndez, el Prof. Vicente Cerqueda Estrada en representaci\u00f3n del Presidente Municipal de Huautla, David Garc\u00eda Mart\u00ednez, as\u00ed como el Prof. Eduardo Carrera Garc\u00eda, Agente Municipal de San Andr\u00e9s Hidalgo, Huautla.&nbsp;<\/p>\n\n\n\n<p>Posteriormente se tom\u00f3 protesta a los integrantes del Comit\u00e9 Directivo de la Delegaci\u00f3n Municipal de Huautla de Jim\u00e9nez, donde adem\u00e1s se realiz\u00f3 la entrega de nombramientos, credenciales y sellos correspondientes.&nbsp;<\/p>\n\n\n\n<p>Una vez concluido el acto, como signo distintivo acad\u00e9mico se realiz\u00f3 una ponencia a cargo del Lic. Alfredo Jer\u00f3nimo Cruz Pulido, Coordinador Estatal de Estudios Legislativos y Constitucionales, quien comparti\u00f3 conocimientos de la abogac\u00eda y a su vez reafirm\u00f3 los principios de esta profesi\u00f3n: responsabilidad, \u00e9tica profesional, excelencia, honradez y eficiencia.&nbsp;&nbsp;<\/p>\n\n\n\n<p>Tomando como referencia el lema de la asociaci\u00f3n: \u201cEl Abogado con la Sociedad Hacia la Justicia\u201d, afirm\u00f3 que se debe sumar todo esfuerzo de mujeres y hombres especialistas en distintas ramas del derecho, mujeres y hombres comprometidos en llevar a cada rinc\u00f3n de nuestro estado los principios, el fiel cumplimiento a nuestros estatutos, que le dan vida a nuestra honorable Barra, sabedores de que solo con este compromiso lograr\u00e1n esta encomienda.&nbsp;<\/p>\n\n\n\n<p>\u201cMujeres y hombres debemos seguir sumando con el estudio y preparaci\u00f3n constante desde en el \u00e1mbito profesional, porque no basta ser dogm\u00e1ticos en el derecho, tambi\u00e9n es muy importante ser pragm\u00e1tico en cada caso que se nos presente, como bien se afirma en la m\u00e1xima que dice: \u201cel derecho se aprende estudiando, pero se ejerce pensando\u201d, enunci\u00f3.&nbsp;<\/p>\n\n\n\n<p>Posteriormente, el Lic. Raymundo Mart\u00ednez Soriano Presidente de la nueva Directiva Municipal, agradeci\u00f3 la presencia del Presidente Estatal, el Lic. Sa\u00fal Alberto \u00c1ngel Villarreal y los miembros de la Delegaci\u00f3n Distrital y del Consejo Directivo Estatal, refrendando su compromiso con la Directiva Estatal y con cada uno de los ciudadanos de Huautla de Jim\u00e9nez para velar por sus intereses, exigiendo justicia a favor de la sociedad.&nbsp;<\/p>\n\n\n\n<p>Por su parte el Agente Municipal de San Andr\u00e9s Hidalgo, Huautla, Prof. Eduardo Carrera Garc\u00eda, agradeci\u00f3 la oportunidad de estar presente en la Toma de Protesta de la nueva Directiva y ratific\u00f3 su compromiso para trabajar conjuntamente a favor de la sociedad, brindando el apoyo necesario para trabajar a favor de los mazatecos.&nbsp;<\/p>\n\n\n\n<p>Cabe mencionar que el Consejo Directivo se encuentra representado por el Lic. Sa\u00fal Alberto \u00c1ngel Villarreal con el cargo de Presidente Estatal, quien destac\u00f3 que esta asociaci\u00f3n seguir\u00e1 refrendando el compromiso con cada una de sus delegaciones, al mismo tiempo que velar\u00e1n por los intereses de todos los profesionales del Derecho en la entidad, como lo ha hecho desde el a\u00f1o de su fundaci\u00f3n, en 1988.&nbsp;<\/p>\n\n\n\n<p>Reafirm\u00f3 que para lograr este objetivo se contemplan diversas estrategias, entre ellas el lograr mejores condiciones de trabajo, dignificar la profesi\u00f3n y facilitar el crecimiento profesional entre los agremiados por medio de talleres, capacitaciones, conferencias, pl\u00e1ticas, entre otras acciones.&nbsp;<\/p>\n\n\n\n<p>Entre dichas estrategias destaca la firma de convenios de colaboraci\u00f3n con la Academia Mexicana de Gen\u00e9tica Forense y con la Universidad Aut\u00f3noma Benito Ju\u00e1rez de Oaxaca (UABJO), teniendo como principal objetivo fortalecer la cultura jur\u00eddica, la profesionalizaci\u00f3n y actualizaci\u00f3n de los agremiados.&nbsp;<\/p>\n\n\n\n<p><strong>El Comit\u00e9 Directivo de la Delegaci\u00f3n Municipal de Huautla de Jim\u00e9nez qued\u00f3 integrado por las siguientes personalidades:<\/strong>&nbsp;<\/p>\n\n\n\n<p>1.- Lic. Raymundo Mart\u00ednez Soriano &#8211; Presidente.&nbsp;<\/p>\n\n\n\n<p>2.- Lic. Yosimar Esa\u00fa Cruz Garc\u00eda &#8211; Vicepresidente.&nbsp;<\/p>\n\n\n\n<p>3.- Lic. Elena Ju\u00e1rez Morales &#8211; Secretaria General.&nbsp;<\/p>\n\n\n\n<p>4.- Lic. Jos\u00e9 Manuel Garc\u00eda Alfaro &#8211; Tesorero.&nbsp;<\/p>\n\n\n\n<p>5.- Pste. en Dcho. Lucina Zaragoza Pineda &#8211; Secretaria de Actas.&nbsp;<\/p>\n\n\n\n<p>6.- Pste. en Dcho. Efra\u00edn Aranda Mart\u00ednez &#8211; Primer Vocal.&nbsp;<\/p>\n","protected":false},"excerpt":{"rendered":"<p>Huautla de Jim\u00e9nez, Oax.- La Barra Oaxaque\u00f1a de Abogados y Pasantes de Derecho Independientes A. C., tom\u00f3 Protesta a la Delegaci\u00f3n Municipal de Huautla de Jim\u00e9nez, donde refrendaron el compromiso de trabajar a favor de la sociedad de los mazatecos y oaxaque\u00f1os.&nbsp; Durante la toma de Protesta, su Presidente Estatal, el Lic. Sa\u00fal Alberto \u00c1ngel [&hellip;]<\/p>\n","protected":false},"author":2,"featured_media":8306,"comment_status":"closed","ping_status":"closed","sticky":false,"template":"","format":"standard","meta":{"footnotes":""},"categories":[2],"tags":[],"class_list":{"0":"post-8305","1":"post","2":"type-post","3":"status-publish","4":"format-standard","5":"has-post-thumbnail","7":"category-oaxaca"},"yoast_head":"<!-- This site is optimized with the Yoast SEO plugin v27.4 - https:\/\/yoast.com\/product\/yoast-seo-wordpress\/ -->\n<title>Rinde protesta Comit\u00e9 Directivo de la Barra de Abogados en Huautla - LA BRAVA RADIO<\/title>\n<meta name=\"robots\" content=\"index, follow, max-snippet:-1, max-image-preview:large, max-video-preview:-1\" \/>\n<link rel=\"canonical\" href=\"https:\/\/www.bbmnoticias.com\/labravaradiofm\/2022\/01\/10\/rinde-protesta-comite-directivo-de-la-barra-de-abogados-en-huautla\/\" \/>\n<meta property=\"og:locale\" content=\"es_MX\" \/>\n<meta property=\"og:type\" content=\"article\" \/>\n<meta property=\"og:title\" content=\"Rinde protesta Comit\u00e9 Directivo de la Barra de Abogados en Huautla - LA BRAVA RADIO\" \/>\n<meta property=\"og:description\" content=\"Huautla de Jim\u00e9nez, Oax.- La Barra Oaxaque\u00f1a de Abogados y Pasantes de Derecho Independientes A. C., tom\u00f3 Protesta a la Delegaci\u00f3n Municipal de Huautla de Jim\u00e9nez, donde refrendaron el compromiso de trabajar a favor de la sociedad de los mazatecos y oaxaque\u00f1os.&nbsp; Durante la toma de Protesta, su Presidente Estatal, el Lic. Sa\u00fal Alberto \u00c1ngel [&hellip;]\" \/>\n<meta property=\"og:url\" content=\"https:\/\/www.bbmnoticias.com\/labravaradiofm\/2022\/01\/10\/rinde-protesta-comite-directivo-de-la-barra-de-abogados-en-huautla\/\" \/>\n<meta property=\"og:site_name\" content=\"LA BRAVA RADIO\" \/>\n<meta property=\"article:published_time\" content=\"2022-01-10T14:12:06+00:00\" \/>\n<meta property=\"article:modified_time\" content=\"2022-01-10T14:12:08+00:00\" \/>\n<meta property=\"og:image\" content=\"https:\/\/www.bbmnoticias.com\/labravaradiofm\/wp-content\/uploads\/sites\/5\/2022\/01\/barra-huautla-abogados.jpg\" \/>\n\t<meta property=\"og:image:width\" content=\"1280\" \/>\n\t<meta property=\"og:image:height\" content=\"540\" \/>\n\t<meta property=\"og:image:type\" content=\"image\/jpeg\" \/>\n<meta name=\"author\" content=\"Staff\" \/>\n<meta name=\"twitter:card\" content=\"summary_large_image\" \/>\n<meta name=\"twitter:label1\" content=\"Escrito por\" \/>\n\t<meta name=\"twitter:data1\" content=\"Staff\" \/>\n\t<meta name=\"twitter:label2\" content=\"Tiempo de lectura\" \/>\n\t<meta name=\"twitter:data2\" content=\"5 minutos\" \/>\n<script type=\"application\/ld+json\" class=\"yoast-schema-graph\">{\"@context\":\"https:\\\/\\\/schema.org\",\"@graph\":[{\"@type\":\"Article\",\"@id\":\"https:\\\/\\\/www.bbmnoticias.com\\\/labravaradiofm\\\/2022\\\/01\\\/10\\\/rinde-protesta-comite-directivo-de-la-barra-de-abogados-en-huautla\\\/#article\",\"isPartOf\":{\"@id\":\"https:\\\/\\\/www.bbmnoticias.com\\\/labravaradiofm\\\/2022\\\/01\\\/10\\\/rinde-protesta-comite-directivo-de-la-barra-de-abogados-en-huautla\\\/\"},\"author\":{\"name\":\"Staff\",\"@id\":\"https:\\\/\\\/www.bbmnoticias.com\\\/labravaradiofm\\\/#\\\/schema\\\/person\\\/68a9e9036ef3c5b55aeb2b71dc8bab45\"},\"headline\":\"Rinde protesta Comit\u00e9 Directivo de la Barra de Abogados en Huautla\",\"datePublished\":\"2022-01-10T14:12:06+00:00\",\"dateModified\":\"2022-01-10T14:12:08+00:00\",\"mainEntityOfPage\":{\"@id\":\"https:\\\/\\\/www.bbmnoticias.com\\\/labravaradiofm\\\/2022\\\/01\\\/10\\\/rinde-protesta-comite-directivo-de-la-barra-de-abogados-en-huautla\\\/\"},\"wordCount\":1196,\"image\":{\"@id\":\"https:\\\/\\\/www.bbmnoticias.com\\\/labravaradiofm\\\/2022\\\/01\\\/10\\\/rinde-protesta-comite-directivo-de-la-barra-de-abogados-en-huautla\\\/#primaryimage\"},\"thumbnailUrl\":\"https:\\\/\\\/www.bbmnoticias.com\\\/labravaradiofm\\\/wp-content\\\/uploads\\\/sites\\\/5\\\/2022\\\/01\\\/barra-huautla-abogados.jpg\",\"articleSection\":[\"LOCAL\"],\"inLanguage\":\"es\"},{\"@type\":\"WebPage\",\"@id\":\"https:\\\/\\\/www.bbmnoticias.com\\\/labravaradiofm\\\/2022\\\/01\\\/10\\\/rinde-protesta-comite-directivo-de-la-barra-de-abogados-en-huautla\\\/\",\"url\":\"https:\\\/\\\/www.bbmnoticias.com\\\/labravaradiofm\\\/2022\\\/01\\\/10\\\/rinde-protesta-comite-directivo-de-la-barra-de-abogados-en-huautla\\\/\",\"name\":\"Rinde protesta Comit\u00e9 Directivo de la Barra de Abogados en Huautla - LA BRAVA RADIO\",\"isPartOf\":{\"@id\":\"https:\\\/\\\/www.bbmnoticias.com\\\/labravaradiofm\\\/#website\"},\"primaryImageOfPage\":{\"@id\":\"https:\\\/\\\/www.bbmnoticias.com\\\/labravaradiofm\\\/2022\\\/01\\\/10\\\/rinde-protesta-comite-directivo-de-la-barra-de-abogados-en-huautla\\\/#primaryimage\"},\"image\":{\"@id\":\"https:\\\/\\\/www.bbmnoticias.com\\\/labravaradiofm\\\/2022\\\/01\\\/10\\\/rinde-protesta-comite-directivo-de-la-barra-de-abogados-en-huautla\\\/#primaryimage\"},\"thumbnailUrl\":\"https:\\\/\\\/www.bbmnoticias.com\\\/labravaradiofm\\\/wp-content\\\/uploads\\\/sites\\\/5\\\/2022\\\/01\\\/barra-huautla-abogados.jpg\",\"datePublished\":\"2022-01-10T14:12:06+00:00\",\"dateModified\":\"2022-01-10T14:12:08+00:00\",\"author\":{\"@id\":\"https:\\\/\\\/www.bbmnoticias.com\\\/labravaradiofm\\\/#\\\/schema\\\/person\\\/68a9e9036ef3c5b55aeb2b71dc8bab45\"},\"breadcrumb\":{\"@id\":\"https:\\\/\\\/www.bbmnoticias.com\\\/labravaradiofm\\\/2022\\\/01\\\/10\\\/rinde-protesta-comite-directivo-de-la-barra-de-abogados-en-huautla\\\/#breadcrumb\"},\"inLanguage\":\"es\",\"potentialAction\":[{\"@type\":\"ReadAction\",\"target\":[\"https:\\\/\\\/www.bbmnoticias.com\\\/labravaradiofm\\\/2022\\\/01\\\/10\\\/rinde-protesta-comite-directivo-de-la-barra-de-abogados-en-huautla\\\/\"]}]},{\"@type\":\"ImageObject\",\"inLanguage\":\"es\",\"@id\":\"https:\\\/\\\/www.bbmnoticias.com\\\/labravaradiofm\\\/2022\\\/01\\\/10\\\/rinde-protesta-comite-directivo-de-la-barra-de-abogados-en-huautla\\\/#primaryimage\",\"url\":\"https:\\\/\\\/www.bbmnoticias.com\\\/labravaradiofm\\\/wp-content\\\/uploads\\\/sites\\\/5\\\/2022\\\/01\\\/barra-huautla-abogados.jpg\",\"contentUrl\":\"https:\\\/\\\/www.bbmnoticias.com\\\/labravaradiofm\\\/wp-content\\\/uploads\\\/sites\\\/5\\\/2022\\\/01\\\/barra-huautla-abogados.jpg\",\"width\":1280,\"height\":540},{\"@type\":\"BreadcrumbList\",\"@id\":\"https:\\\/\\\/www.bbmnoticias.com\\\/labravaradiofm\\\/2022\\\/01\\\/10\\\/rinde-protesta-comite-directivo-de-la-barra-de-abogados-en-huautla\\\/#breadcrumb\",\"itemListElement\":[{\"@type\":\"ListItem\",\"position\":1,\"name\":\"Inicio\",\"item\":\"https:\\\/\\\/www.bbmnoticias.com\\\/labravaradiofm\\\/\"},{\"@type\":\"ListItem\",\"position\":2,\"name\":\"Rinde protesta Comit\u00e9 Directivo de la Barra de Abogados en Huautla\"}]},{\"@type\":\"WebSite\",\"@id\":\"https:\\\/\\\/www.bbmnoticias.com\\\/labravaradiofm\\\/#website\",\"url\":\"https:\\\/\\\/www.bbmnoticias.com\\\/labravaradiofm\\\/\",\"name\":\"LA BRAVA RADIO\",\"description\":\"Empresa productora de medios, Radiodifusi\u00f3n, Noticias, tendencias y todo lo que necesitas saber de la pol\u00edtica mexicana e internacional; entretenimiento, espect\u00e1culos, salud y mucho m\u00e1s.\",\"potentialAction\":[{\"@type\":\"SearchAction\",\"target\":{\"@type\":\"EntryPoint\",\"urlTemplate\":\"https:\\\/\\\/www.bbmnoticias.com\\\/labravaradiofm\\\/?s={search_term_string}\"},\"query-input\":{\"@type\":\"PropertyValueSpecification\",\"valueRequired\":true,\"valueName\":\"search_term_string\"}}],\"inLanguage\":\"es\"},{\"@type\":\"Person\",\"@id\":\"https:\\\/\\\/www.bbmnoticias.com\\\/labravaradiofm\\\/#\\\/schema\\\/person\\\/68a9e9036ef3c5b55aeb2b71dc8bab45\",\"name\":\"Staff\",\"image\":{\"@type\":\"ImageObject\",\"inLanguage\":\"es\",\"@id\":\"https:\\\/\\\/secure.gravatar.com\\\/avatar\\\/fdd21ad66fd8b98c407f9dee5b5e588cfe7f0d8579ec20fa6527cd59bab7f0f0?s=96&d=mm&r=g\",\"url\":\"https:\\\/\\\/secure.gravatar.com\\\/avatar\\\/fdd21ad66fd8b98c407f9dee5b5e588cfe7f0d8579ec20fa6527cd59bab7f0f0?s=96&d=mm&r=g\",\"contentUrl\":\"https:\\\/\\\/secure.gravatar.com\\\/avatar\\\/fdd21ad66fd8b98c407f9dee5b5e588cfe7f0d8579ec20fa6527cd59bab7f0f0?s=96&d=mm&r=g\",\"caption\":\"Staff\"},\"url\":\"https:\\\/\\\/www.bbmnoticias.com\\\/labravaradiofm\\\/author\\\/redaccion\\\/\"}]}<\/script>\n<!-- \/ Yoast SEO plugin. -->","yoast_head_json":{"title":"Rinde protesta Comit\u00e9 Directivo de la Barra de Abogados en Huautla - LA BRAVA RADIO","robots":{"index":"index","follow":"follow","max-snippet":"max-snippet:-1","max-image-preview":"max-image-preview:large","max-video-preview":"max-video-preview:-1"},"canonical":"https:\/\/www.bbmnoticias.com\/labravaradiofm\/2022\/01\/10\/rinde-protesta-comite-directivo-de-la-barra-de-abogados-en-huautla\/","og_locale":"es_MX","og_type":"article","og_title":"Rinde protesta Comit\u00e9 Directivo de la Barra de Abogados en Huautla - LA BRAVA RADIO","og_description":"Huautla de Jim\u00e9nez, Oax.- La Barra Oaxaque\u00f1a de Abogados y Pasantes de Derecho Independientes A. C., tom\u00f3 Protesta a la Delegaci\u00f3n Municipal de Huautla de Jim\u00e9nez, donde refrendaron el compromiso de trabajar a favor de la sociedad de los mazatecos y oaxaque\u00f1os.&nbsp; Durante la toma de Protesta, su Presidente Estatal, el Lic. Sa\u00fal Alberto \u00c1ngel [&hellip;]","og_url":"https:\/\/www.bbmnoticias.com\/labravaradiofm\/2022\/01\/10\/rinde-protesta-comite-directivo-de-la-barra-de-abogados-en-huautla\/","og_site_name":"LA BRAVA RADIO","article_published_time":"2022-01-10T14:12:06+00:00","article_modified_time":"2022-01-10T14:12:08+00:00","og_image":[{"width":1280,"height":540,"url":"https:\/\/www.bbmnoticias.com\/labravaradiofm\/wp-content\/uploads\/sites\/5\/2022\/01\/barra-huautla-abogados.jpg","type":"image\/jpeg"}],"author":"Staff","twitter_card":"summary_large_image","twitter_misc":{"Escrito por":"Staff","Tiempo de lectura":"5 minutos"},"schema":{"@context":"https:\/\/schema.org","@graph":[{"@type":"Article","@id":"https:\/\/www.bbmnoticias.com\/labravaradiofm\/2022\/01\/10\/rinde-protesta-comite-directivo-de-la-barra-de-abogados-en-huautla\/#article","isPartOf":{"@id":"https:\/\/www.bbmnoticias.com\/labravaradiofm\/2022\/01\/10\/rinde-protesta-comite-directivo-de-la-barra-de-abogados-en-huautla\/"},"author":{"name":"Staff","@id":"https:\/\/www.bbmnoticias.com\/labravaradiofm\/#\/schema\/person\/68a9e9036ef3c5b55aeb2b71dc8bab45"},"headline":"Rinde protesta Comit\u00e9 Directivo de la Barra de Abogados en Huautla","datePublished":"2022-01-10T14:12:06+00:00","dateModified":"2022-01-10T14:12:08+00:00","mainEntityOfPage":{"@id":"https:\/\/www.bbmnoticias.com\/labravaradiofm\/2022\/01\/10\/rinde-protesta-comite-directivo-de-la-barra-de-abogados-en-huautla\/"},"wordCount":1196,"image":{"@id":"https:\/\/www.bbmnoticias.com\/labravaradiofm\/2022\/01\/10\/rinde-protesta-comite-directivo-de-la-barra-de-abogados-en-huautla\/#primaryimage"},"thumbnailUrl":"https:\/\/www.bbmnoticias.com\/labravaradiofm\/wp-content\/uploads\/sites\/5\/2022\/01\/barra-huautla-abogados.jpg","articleSection":["LOCAL"],"inLanguage":"es"},{"@type":"WebPage","@id":"https:\/\/www.bbmnoticias.com\/labravaradiofm\/2022\/01\/10\/rinde-protesta-comite-directivo-de-la-barra-de-abogados-en-huautla\/","url":"https:\/\/www.bbmnoticias.com\/labravaradiofm\/2022\/01\/10\/rinde-protesta-comite-directivo-de-la-barra-de-abogados-en-huautla\/","name":"Rinde protesta Comit\u00e9 Directivo de la Barra de Abogados en Huautla - LA BRAVA RADIO","isPartOf":{"@id":"https:\/\/www.bbmnoticias.com\/labravaradiofm\/#website"},"primaryImageOfPage":{"@id":"https:\/\/www.bbmnoticias.com\/labravaradiofm\/2022\/01\/10\/rinde-protesta-comite-directivo-de-la-barra-de-abogados-en-huautla\/#primaryimage"},"image":{"@id":"https:\/\/www.bbmnoticias.com\/labravaradiofm\/2022\/01\/10\/rinde-protesta-comite-directivo-de-la-barra-de-abogados-en-huautla\/#primaryimage"},"thumbnailUrl":"https:\/\/www.bbmnoticias.com\/labravaradiofm\/wp-content\/uploads\/sites\/5\/2022\/01\/barra-huautla-abogados.jpg","datePublished":"2022-01-10T14:12:06+00:00","dateModified":"2022-01-10T14:12:08+00:00","author":{"@id":"https:\/\/www.bbmnoticias.com\/labravaradiofm\/#\/schema\/person\/68a9e9036ef3c5b55aeb2b71dc8bab45"},"breadcrumb":{"@id":"https:\/\/www.bbmnoticias.com\/labravaradiofm\/2022\/01\/10\/rinde-protesta-comite-directivo-de-la-barra-de-abogados-en-huautla\/#breadcrumb"},"inLanguage":"es","potentialAction":[{"@type":"ReadAction","target":["https:\/\/www.bbmnoticias.com\/labravaradiofm\/2022\/01\/10\/rinde-protesta-comite-directivo-de-la-barra-de-abogados-en-huautla\/"]}]},{"@type":"ImageObject","inLanguage":"es","@id":"https:\/\/www.bbmnoticias.com\/labravaradiofm\/2022\/01\/10\/rinde-protesta-comite-directivo-de-la-barra-de-abogados-en-huautla\/#primaryimage","url":"https:\/\/www.bbmnoticias.com\/labravaradiofm\/wp-content\/uploads\/sites\/5\/2022\/01\/barra-huautla-abogados.jpg","contentUrl":"https:\/\/www.bbmnoticias.com\/labravaradiofm\/wp-content\/uploads\/sites\/5\/2022\/01\/barra-huautla-abogados.jpg","width":1280,"height":540},{"@type":"BreadcrumbList","@id":"https:\/\/www.bbmnoticias.com\/labravaradiofm\/2022\/01\/10\/rinde-protesta-comite-directivo-de-la-barra-de-abogados-en-huautla\/#breadcrumb","itemListElement":[{"@type":"ListItem","position":1,"name":"Inicio","item":"https:\/\/www.bbmnoticias.com\/labravaradiofm\/"},{"@type":"ListItem","position":2,"name":"Rinde protesta Comit\u00e9 Directivo de la Barra de Abogados en Huautla"}]},{"@type":"WebSite","@id":"https:\/\/www.bbmnoticias.com\/labravaradiofm\/#website","url":"https:\/\/www.bbmnoticias.com\/labravaradiofm\/","name":"LA BRAVA RADIO","description":"Empresa productora de medios, Radiodifusi\u00f3n, Noticias, tendencias y todo lo que necesitas saber de la pol\u00edtica mexicana e internacional; entretenimiento, espect\u00e1culos, salud y mucho m\u00e1s.","potentialAction":[{"@type":"SearchAction","target":{"@type":"EntryPoint","urlTemplate":"https:\/\/www.bbmnoticias.com\/labravaradiofm\/?s={search_term_string}"},"query-input":{"@type":"PropertyValueSpecification","valueRequired":true,"valueName":"search_term_string"}}],"inLanguage":"es"},{"@type":"Person","@id":"https:\/\/www.bbmnoticias.com\/labravaradiofm\/#\/schema\/person\/68a9e9036ef3c5b55aeb2b71dc8bab45","name":"Staff","image":{"@type":"ImageObject","inLanguage":"es","@id":"https:\/\/secure.gravatar.com\/avatar\/fdd21ad66fd8b98c407f9dee5b5e588cfe7f0d8579ec20fa6527cd59bab7f0f0?s=96&d=mm&r=g","url":"https:\/\/secure.gravatar.com\/avatar\/fdd21ad66fd8b98c407f9dee5b5e588cfe7f0d8579ec20fa6527cd59bab7f0f0?s=96&d=mm&r=g","contentUrl":"https:\/\/secure.gravatar.com\/avatar\/fdd21ad66fd8b98c407f9dee5b5e588cfe7f0d8579ec20fa6527cd59bab7f0f0?s=96&d=mm&r=g","caption":"Staff"},"url":"https:\/\/www.bbmnoticias.com\/labravaradiofm\/author\/redaccion\/"}]}},"_links":{"self":[{"href":"https:\/\/www.bbmnoticias.com\/labravaradiofm\/wp-json\/wp\/v2\/posts\/8305","targetHints":{"allow":["GET"]}}],"collection":[{"href":"https:\/\/www.bbmnoticias.com\/labravaradiofm\/wp-json\/wp\/v2\/posts"}],"about":[{"href":"https:\/\/www.bbmnoticias.com\/labravaradiofm\/wp-json\/wp\/v2\/types\/post"}],"author":[{"embeddable":true,"href":"https:\/\/www.bbmnoticias.com\/labravaradiofm\/wp-json\/wp\/v2\/users\/2"}],"replies":[{"embeddable":true,"href":"https:\/\/www.bbmnoticias.com\/labravaradiofm\/wp-json\/wp\/v2\/comments?post=8305"}],"version-history":[{"count":0,"href":"https:\/\/www.bbmnoticias.com\/labravaradiofm\/wp-json\/wp\/v2\/posts\/8305\/revisions"}],"wp:featuredmedia":[{"embeddable":true,"href":"https:\/\/www.bbmnoticias.com\/labravaradiofm\/wp-json\/wp\/v2\/media\/8306"}],"wp:attachment":[{"href":"https:\/\/www.bbmnoticias.com\/labravaradiofm\/wp-json\/wp\/v2\/media?parent=8305"}],"wp:term":[{"taxonomy":"category","embeddable":true,"href":"https:\/\/www.bbmnoticias.com\/labravaradiofm\/wp-json\/wp\/v2\/categories?post=8305"},{"taxonomy":"post_tag","embeddable":true,"href":"https:\/\/www.bbmnoticias.com\/labravaradiofm\/wp-json\/wp\/v2\/tags?post=8305"}],"curies":[{"name":"wp","href":"https:\/\/api.w.org\/{rel}","templated":true}]}}